{"id":62180,"date":"2022-10-07T12:31:22","date_gmt":"2022-10-07T10:31:22","guid":{"rendered":"https:\/\/vosgesinfo.fr\/gerardmerinfo\/2022\/10\/atelier-reliure-ecriture-a-mediatheque-cest-demain-reste-quelques-places\/"},"modified":"2022-10-07T12:31:22","modified_gmt":"2022-10-07T10:31:22","slug":"atelier-reliure-ecriture-a-mediatheque-cest-demain-reste-quelques-places","status":"publish","type":"post","link":"https:\/\/vosgesinfo.fr\/gerardmerinfo\/2022\/10\/atelier-reliure-ecriture-a-mediatheque-cest-demain-reste-quelques-places\/","title":{"rendered":"Atelier reliure et \u00e9criture \u00e0 la M\u00e9diath\u00e8que : c&rsquo;est demain et il reste encore quelques places !"},"content":{"rendered":"<div><span style=\"font-size: 14pt;\"><a href=\"\/2022\/10\/Atelier-reliure-\u00e9criture.jpg\"><img decoding=\"async\" class=\"aligncenter size-medium wp-image-195935\" src=\"\/2022\/10\/Atelier-reliure-\u00e9criture-180x255.jpg\" alt=\"Atelier reliure \u00e9criture\" width=\"180\" height=\"255\" \/><\/a><\/span><\/div>\n<div><\/div>\n<div><span style=\"font-size: 14pt;\">Samedi\u00a008\u00a0Octobre\u00a0:\u00a0Atelier\u00a0reliure\u00a0et\u00a0\u00e9criture de 10h \u00e0 17h<br \/>\n<\/span><\/div>\n<div><\/div>\n<div><span style=\"font-size: 14pt;\">Passez\u00a0une\u00a0journ\u00e9e\u00a0cr\u00e9ative\u00a0\u00e0\u00a0la\u00a0m\u00e9diath\u00e8que\u00a0:\u00a0\u00e9crivez\u00a0et\u00a0fabriquez\u00a0votre\u00a0<\/span><\/div>\n<div><span style=\"font-size: 14pt;\">propre\u00a0livre\u00a0avec\u00a0Laurence\u00a0Vanhaeren,\u00a0animatrice\u00a0en\u00a0atelier\u00a0d&rsquo;\u00e9criture,\u00a0et\u00a0<\/span><\/div>\n<div><span style=\"font-size: 14pt;\">Cl\u00e9mentine\u00a0Eschenbrenner\u00a0qui\u00a0vous\u00a0apprendra\u00a0diff\u00e9rentes techniques\u00a0de\u00a0<\/span><\/div>\n<div><span style=\"font-size: 14pt;\">reliure\u00a0cr\u00e9ative.<br \/>\nR\u00e9servations et informations au\u00a003\u00a029\u00a063 00\u00a070\u00a0ou\u00a0aupr\u00e8s\u00a0du\u00a0personnel\u00a0<\/span><\/div>\n<div><span style=\"font-size: 14pt;\">de la\u00a0m\u00e9diath\u00e8que.<\/p>\n<p>10h-12h30\u00a0:\u00a0atelier\u00a0d&rsquo;\u00e9criture<br \/>\n&#8211;\u00a0repas &#8211;<br \/>\n14h-17h\u00a0:\u00a0atelier\u00a0reliure<\/span><\/div>\n","protected":false},"excerpt":{"rendered":"<p>Samedi\u00a008\u00a0Octobre\u00a0:\u00a0Atelier\u00a0reliure\u00a0et\u00a0\u00e9criture de 10h \u00e0 17h Passez\u00a0une\u00a0journ\u00e9e\u00a0cr\u00e9ative\u00a0\u00e0\u00a0la\u00a0m\u00e9diath\u00e8que\u00a0:\u00a0\u00e9crivez\u00a0et\u00a0fabriquez\u00a0votre\u00a0 propre\u00a0livre\u00a0avec\u00a0Laurence\u00a0Vanhaeren,\u00a0animatrice\u00a0en\u00a0atelier\u00a0d&rsquo;\u00e9criture,\u00a0et\u00a0 Cl\u00e9mentine\u00a0Eschenbrenner\u00a0qui\u00a0vous\u00a0apprendra\u00a0diff\u00e9rentes techniques\u00a0de\u00a0 reliure\u00a0cr\u00e9ative. R\u00e9servations et informations au\u00a003\u00a029\u00a063 00\u00a070\u00a0ou\u00a0aupr\u00e8s\u00a0du\u00a0personnel\u00a0 de la\u00a0m\u00e9diath\u00e8que. 10h-12h30\u00a0:\u00a0atelier\u00a0d&rsquo;\u00e9criture &#8211;\u00a0repas &#8211; [&hellip;]<\/p>\n","protected":false},"author":1,"featured_media":62181,"comment_status":"open","ping_status":"open","sticky":false,"template":"","format":"standard","meta":{"footnotes":""},"categories":[20,4,25,64],"tags":[],"class_list":["post-62180","post","type-post","status-publish","format-standard","has-post-thumbnail","hentry","category-a-la-une","category-culture","category-gerardmer","category-litterature"],"acf":[],"yoast_head":"<!-- This site is optimized with the Yoast SEO plugin v22.5 - https:\/\/yoast.com\/wordpress\/plugins\/seo\/ -->\n<title>Atelier reliure et \u00e9criture \u00e0 la M\u00e9diath\u00e8que : c&#039;est demain et il reste encore quelques places ! - Gerardmer Info<\/title>\n<meta name=\"robots\" content=\"index, follow, max-snippet:-1, max-image-preview:large, max-video-preview:-1\" \/>\n<link rel=\"canonical\" href=\"https:\/\/vosgesinfo.fr\/gerardmerinfo\/2022\/10\/atelier-reliure-ecriture-a-mediatheque-cest-demain-reste-quelques-places\/\" \/>\n<meta name=\"twitter:card\" content=\"summary_large_image\" \/>\n<meta name=\"twitter:title\" content=\"Atelier reliure et \u00e9criture \u00e0 la M\u00e9diath\u00e8que : c&#039;est demain et il reste encore quelques places ! - Gerardmer Info\" \/>\n<meta name=\"twitter:description\" content=\"Samedi\u00a008\u00a0Octobre\u00a0:\u00a0Atelier\u00a0reliure\u00a0et\u00a0\u00e9criture de 10h \u00e0 17h Passez\u00a0une\u00a0journ\u00e9e\u00a0cr\u00e9ative\u00a0\u00e0\u00a0la\u00a0m\u00e9diath\u00e8que\u00a0:\u00a0\u00e9crivez\u00a0et\u00a0fabriquez\u00a0votre\u00a0 propre\u00a0livre\u00a0avec\u00a0Laurence\u00a0Vanhaeren,\u00a0animatrice\u00a0en\u00a0atelier\u00a0d&rsquo;\u00e9criture,\u00a0et\u00a0 Cl\u00e9mentine\u00a0Eschenbrenner\u00a0qui\u00a0vous\u00a0apprendra\u00a0diff\u00e9rentes techniques\u00a0de\u00a0 reliure\u00a0cr\u00e9ative. R\u00e9servations et informations au\u00a003\u00a029\u00a063 00\u00a070\u00a0ou\u00a0aupr\u00e8s\u00a0du\u00a0personnel\u00a0 de la\u00a0m\u00e9diath\u00e8que. 10h-12h30\u00a0:\u00a0atelier\u00a0d&rsquo;\u00e9criture &#8211;\u00a0repas &#8211; [&hellip;]\" \/>\n<meta name=\"twitter:image\" content=\"https:\/\/vosgesinfo.fr\/app\/uploads\/sites\/6\/2024\/07\/202210atelier-reliure-ecriture.jpg\" \/>\n<meta name=\"twitter:creator\" content=\"@VosgesInfo88\" \/>\n<meta name=\"twitter:site\" content=\"@VosgesInfo88\" \/>\n<meta name=\"twitter:label1\" content=\"\u00c9crit par\" \/>\n\t<meta name=\"twitter:data1\" content=\"qs_admin\" \/>\n<script type=\"application\/ld+json\" class=\"yoast-schema-graph\">{\"@context\":\"https:\/\/schema.org\",\"@graph\":[{\"@type\":\"Article\",\"@id\":\"https:\/\/vosgesinfo.fr\/gerardmerinfo\/2022\/10\/atelier-reliure-ecriture-a-mediatheque-cest-demain-reste-quelques-places\/#article\",\"isPartOf\":{\"@id\":\"https:\/\/vosgesinfo.fr\/gerardmerinfo\/2022\/10\/atelier-reliure-ecriture-a-mediatheque-cest-demain-reste-quelques-places\/\"},\"author\":{\"name\":\"qs_admin\",\"@id\":\"https:\/\/vosgesinfo.fr\/gerardmerinfo\/#\/schema\/person\/bc5d02d71e6932e81b6dadb7386667b1\"},\"headline\":\"Atelier reliure et \u00e9criture \u00e0 la M\u00e9diath\u00e8que : c&rsquo;est demain et il reste encore quelques places !\",\"datePublished\":\"2022-10-07T10:31:22+00:00\",\"dateModified\":\"2022-10-07T10:31:22+00:00\",\"mainEntityOfPage\":{\"@id\":\"https:\/\/vosgesinfo.fr\/gerardmerinfo\/2022\/10\/atelier-reliure-ecriture-a-mediatheque-cest-demain-reste-quelques-places\/\"},\"wordCount\":91,\"commentCount\":0,\"publisher\":{\"@id\":\"https:\/\/vosgesinfo.fr\/gerardmerinfo\/#organization\"},\"image\":{\"@id\":\"https:\/\/vosgesinfo.fr\/gerardmerinfo\/2022\/10\/atelier-reliure-ecriture-a-mediatheque-cest-demain-reste-quelques-places\/#primaryimage\"},\"thumbnailUrl\":\"https:\/\/vosgesinfo.fr\/app\/uploads\/sites\/6\/2024\/07\/202210atelier-reliure-ecriture.jpg\",\"articleSection\":[\"A la une\",\"Culture\",\"G\u00e9rardmer\",\"Litt\u00e9rature\"],\"inLanguage\":\"fr-FR\",\"potentialAction\":[{\"@type\":\"CommentAction\",\"name\":\"Comment\",\"target\":[\"https:\/\/vosgesinfo.fr\/gerardmerinfo\/2022\/10\/atelier-reliure-ecriture-a-mediatheque-cest-demain-reste-quelques-places\/#respond\"]}]},{\"@type\":\"WebPage\",\"@id\":\"https:\/\/vosgesinfo.fr\/gerardmerinfo\/2022\/10\/atelier-reliure-ecriture-a-mediatheque-cest-demain-reste-quelques-places\/\",\"url\":\"https:\/\/vosgesinfo.fr\/gerardmerinfo\/2022\/10\/atelier-reliure-ecriture-a-mediatheque-cest-demain-reste-quelques-places\/\",\"name\":\"Atelier reliure et \u00e9criture \u00e0 la M\u00e9diath\u00e8que : c'est demain et il reste encore quelques places ! - Gerardmer Info\",\"isPartOf\":{\"@id\":\"https:\/\/vosgesinfo.fr\/gerardmerinfo\/#website\"},\"primaryImageOfPage\":{\"@id\":\"https:\/\/vosgesinfo.fr\/gerardmerinfo\/2022\/10\/atelier-reliure-ecriture-a-mediatheque-cest-demain-reste-quelques-places\/#primaryimage\"},\"image\":{\"@id\":\"https:\/\/vosgesinfo.fr\/gerardmerinfo\/2022\/10\/atelier-reliure-ecriture-a-mediatheque-cest-demain-reste-quelques-places\/#primaryimage\"},\"thumbnailUrl\":\"https:\/\/vosgesinfo.fr\/app\/uploads\/sites\/6\/2024\/07\/202210atelier-reliure-ecriture.jpg\",\"datePublished\":\"2022-10-07T10:31:22+00:00\",\"dateModified\":\"2022-10-07T10:31:22+00:00\",\"breadcrumb\":{\"@id\":\"https:\/\/vosgesinfo.fr\/gerardmerinfo\/2022\/10\/atelier-reliure-ecriture-a-mediatheque-cest-demain-reste-quelques-places\/#breadcrumb\"},\"inLanguage\":\"fr-FR\",\"potentialAction\":[{\"@type\":\"ReadAction\",\"target\":[\"https:\/\/vosgesinfo.fr\/gerardmerinfo\/2022\/10\/atelier-reliure-ecriture-a-mediatheque-cest-demain-reste-quelques-places\/\"]}]},{\"@type\":\"ImageObject\",\"inLanguage\":\"fr-FR\",\"@id\":\"https:\/\/vosgesinfo.fr\/gerardmerinfo\/2022\/10\/atelier-reliure-ecriture-a-mediatheque-cest-demain-reste-quelques-places\/#primaryimage\",\"url\":\"https:\/\/vosgesinfo.fr\/app\/uploads\/sites\/6\/2024\/07\/202210atelier-reliure-ecriture.jpg\",\"contentUrl\":\"https:\/\/vosgesinfo.fr\/app\/uploads\/sites\/6\/2024\/07\/202210atelier-reliure-ecriture.jpg\",\"width\":600,\"height\":849},{\"@type\":\"BreadcrumbList\",\"@id\":\"https:\/\/vosgesinfo.fr\/gerardmerinfo\/2022\/10\/atelier-reliure-ecriture-a-mediatheque-cest-demain-reste-quelques-places\/#breadcrumb\",\"itemListElement\":[{\"@type\":\"ListItem\",\"position\":1,\"name\":\"Home\",\"item\":\"https:\/\/vosgesinfo.fr\/gerardmerinfo\/\"},{\"@type\":\"ListItem\",\"position\":2,\"name\":\"Atelier reliure et \u00e9criture \u00e0 la M\u00e9diath\u00e8que : c&rsquo;est demain et il reste encore quelques places !\"}]},{\"@type\":\"WebSite\",\"@id\":\"https:\/\/vosgesinfo.fr\/gerardmerinfo\/#website\",\"url\":\"https:\/\/vosgesinfo.fr\/gerardmerinfo\/\",\"name\":\"Gerardmer Info\",\"description\":\"Toute l&#039;actualit\u00e9 de G\u00e9rardmer\",\"publisher\":{\"@id\":\"https:\/\/vosgesinfo.fr\/gerardmerinfo\/#organization\"},\"alternateName\":\"Toute l'actualit\u00e9 de G\u00e9rardmer\",\"potentialAction\":[{\"@type\":\"SearchAction\",\"target\":{\"@type\":\"EntryPoint\",\"urlTemplate\":\"https:\/\/vosgesinfo.fr\/gerardmerinfo\/?s={search_term_string}\"},\"query-input\":\"required name=search_term_string\"}],\"inLanguage\":\"fr-FR\"},{\"@type\":\"Organization\",\"@id\":\"https:\/\/vosgesinfo.fr\/gerardmerinfo\/#organization\",\"name\":\"Gerardmer Info\",\"url\":\"https:\/\/vosgesinfo.fr\/gerardmerinfo\/\",\"logo\":{\"@type\":\"ImageObject\",\"inLanguage\":\"fr-FR\",\"@id\":\"https:\/\/vosgesinfo.fr\/gerardmerinfo\/#\/schema\/logo\/image\/\",\"url\":\"https:\/\/vosgesinfo.fr\/app\/uploads\/sites\/6\/2023\/08\/favicon-gerardmerinfo.png\",\"contentUrl\":\"https:\/\/vosgesinfo.fr\/app\/uploads\/sites\/6\/2023\/08\/favicon-gerardmerinfo.png\",\"width\":512,\"height\":512,\"caption\":\"Gerardmer Info\"},\"image\":{\"@id\":\"https:\/\/vosgesinfo.fr\/gerardmerinfo\/#\/schema\/logo\/image\/\"},\"sameAs\":[\"https:\/\/www.facebook.com\/profile.php?id=100049475262660\",\"https:\/\/x.com\/VosgesInfo88\",\"https:\/\/www.youtube.com\/@vosgesinfo\"]},{\"@type\":\"Person\",\"@id\":\"https:\/\/vosgesinfo.fr\/gerardmerinfo\/#\/schema\/person\/bc5d02d71e6932e81b6dadb7386667b1\",\"name\":\"qs_admin\",\"image\":{\"@type\":\"ImageObject\",\"inLanguage\":\"fr-FR\",\"@id\":\"https:\/\/vosgesinfo.fr\/gerardmerinfo\/#\/schema\/person\/image\/\",\"url\":\"https:\/\/secure.gravatar.com\/avatar\/94b18ee0ed79e4a42ea2f2931277b6841a8999fc6fde214600c78057cf1fe1de?s=96&d=mm&r=g\",\"contentUrl\":\"https:\/\/secure.gravatar.com\/avatar\/94b18ee0ed79e4a42ea2f2931277b6841a8999fc6fde214600c78057cf1fe1de?s=96&d=mm&r=g\",\"caption\":\"qs_admin\"},\"sameAs\":[\"https:\/\/vosgesinfo.fr\/wp\"],\"url\":\"https:\/\/vosgesinfo.fr\/gerardmerinfo\/author\/qs_admin\/\"}]}<\/script>\n<!-- \/ Yoast SEO plugin. -->","yoast_head_json":{"title":"Atelier reliure et \u00e9criture \u00e0 la M\u00e9diath\u00e8que : c'est demain et il reste encore quelques places ! - Gerardmer Info","robots":{"index":"index","follow":"follow","max-snippet":"max-snippet:-1","max-image-preview":"max-image-preview:large","max-video-preview":"max-video-preview:-1"},"canonical":"https:\/\/vosgesinfo.fr\/gerardmerinfo\/2022\/10\/atelier-reliure-ecriture-a-mediatheque-cest-demain-reste-quelques-places\/","twitter_card":"summary_large_image","twitter_title":"Atelier reliure et \u00e9criture \u00e0 la M\u00e9diath\u00e8que : c'est demain et il reste encore quelques places ! - Gerardmer Info","twitter_description":"Samedi\u00a008\u00a0Octobre\u00a0:\u00a0Atelier\u00a0reliure\u00a0et\u00a0\u00e9criture de 10h \u00e0 17h Passez\u00a0une\u00a0journ\u00e9e\u00a0cr\u00e9ative\u00a0\u00e0\u00a0la\u00a0m\u00e9diath\u00e8que\u00a0:\u00a0\u00e9crivez\u00a0et\u00a0fabriquez\u00a0votre\u00a0 propre\u00a0livre\u00a0avec\u00a0Laurence\u00a0Vanhaeren,\u00a0animatrice\u00a0en\u00a0atelier\u00a0d&rsquo;\u00e9criture,\u00a0et\u00a0 Cl\u00e9mentine\u00a0Eschenbrenner\u00a0qui\u00a0vous\u00a0apprendra\u00a0diff\u00e9rentes techniques\u00a0de\u00a0 reliure\u00a0cr\u00e9ative. R\u00e9servations et informations au\u00a003\u00a029\u00a063 00\u00a070\u00a0ou\u00a0aupr\u00e8s\u00a0du\u00a0personnel\u00a0 de la\u00a0m\u00e9diath\u00e8que. 10h-12h30\u00a0:\u00a0atelier\u00a0d&rsquo;\u00e9criture &#8211;\u00a0repas &#8211; [&hellip;]","twitter_image":"https:\/\/vosgesinfo.fr\/app\/uploads\/sites\/6\/2024\/07\/202210atelier-reliure-ecriture.jpg","twitter_creator":"@VosgesInfo88","twitter_site":"@VosgesInfo88","twitter_misc":{"\u00c9crit par":"qs_admin"},"schema":{"@context":"https:\/\/schema.org","@graph":[{"@type":"Article","@id":"https:\/\/vosgesinfo.fr\/gerardmerinfo\/2022\/10\/atelier-reliure-ecriture-a-mediatheque-cest-demain-reste-quelques-places\/#article","isPartOf":{"@id":"https:\/\/vosgesinfo.fr\/gerardmerinfo\/2022\/10\/atelier-reliure-ecriture-a-mediatheque-cest-demain-reste-quelques-places\/"},"author":{"name":"qs_admin","@id":"https:\/\/vosgesinfo.fr\/gerardmerinfo\/#\/schema\/person\/bc5d02d71e6932e81b6dadb7386667b1"},"headline":"Atelier reliure et \u00e9criture \u00e0 la M\u00e9diath\u00e8que : c&rsquo;est demain et il reste encore quelques places !","datePublished":"2022-10-07T10:31:22+00:00","dateModified":"2022-10-07T10:31:22+00:00","mainEntityOfPage":{"@id":"https:\/\/vosgesinfo.fr\/gerardmerinfo\/2022\/10\/atelier-reliure-ecriture-a-mediatheque-cest-demain-reste-quelques-places\/"},"wordCount":91,"commentCount":0,"publisher":{"@id":"https:\/\/vosgesinfo.fr\/gerardmerinfo\/#organization"},"image":{"@id":"https:\/\/vosgesinfo.fr\/gerardmerinfo\/2022\/10\/atelier-reliure-ecriture-a-mediatheque-cest-demain-reste-quelques-places\/#primaryimage"},"thumbnailUrl":"https:\/\/vosgesinfo.fr\/app\/uploads\/sites\/6\/2024\/07\/202210atelier-reliure-ecriture.jpg","articleSection":["A la une","Culture","G\u00e9rardmer","Litt\u00e9rature"],"inLanguage":"fr-FR","potentialAction":[{"@type":"CommentAction","name":"Comment","target":["https:\/\/vosgesinfo.fr\/gerardmerinfo\/2022\/10\/atelier-reliure-ecriture-a-mediatheque-cest-demain-reste-quelques-places\/#respond"]}]},{"@type":"WebPage","@id":"https:\/\/vosgesinfo.fr\/gerardmerinfo\/2022\/10\/atelier-reliure-ecriture-a-mediatheque-cest-demain-reste-quelques-places\/","url":"https:\/\/vosgesinfo.fr\/gerardmerinfo\/2022\/10\/atelier-reliure-ecriture-a-mediatheque-cest-demain-reste-quelques-places\/","name":"Atelier reliure et \u00e9criture \u00e0 la M\u00e9diath\u00e8que : c'est demain et il reste encore quelques places ! - Gerardmer Info","isPartOf":{"@id":"https:\/\/vosgesinfo.fr\/gerardmerinfo\/#website"},"primaryImageOfPage":{"@id":"https:\/\/vosgesinfo.fr\/gerardmerinfo\/2022\/10\/atelier-reliure-ecriture-a-mediatheque-cest-demain-reste-quelques-places\/#primaryimage"},"image":{"@id":"https:\/\/vosgesinfo.fr\/gerardmerinfo\/2022\/10\/atelier-reliure-ecriture-a-mediatheque-cest-demain-reste-quelques-places\/#primaryimage"},"thumbnailUrl":"https:\/\/vosgesinfo.fr\/app\/uploads\/sites\/6\/2024\/07\/202210atelier-reliure-ecriture.jpg","datePublished":"2022-10-07T10:31:22+00:00","dateModified":"2022-10-07T10:31:22+00:00","breadcrumb":{"@id":"https:\/\/vosgesinfo.fr\/gerardmerinfo\/2022\/10\/atelier-reliure-ecriture-a-mediatheque-cest-demain-reste-quelques-places\/#breadcrumb"},"inLanguage":"fr-FR","potentialAction":[{"@type":"ReadAction","target":["https:\/\/vosgesinfo.fr\/gerardmerinfo\/2022\/10\/atelier-reliure-ecriture-a-mediatheque-cest-demain-reste-quelques-places\/"]}]},{"@type":"ImageObject","inLanguage":"fr-FR","@id":"https:\/\/vosgesinfo.fr\/gerardmerinfo\/2022\/10\/atelier-reliure-ecriture-a-mediatheque-cest-demain-reste-quelques-places\/#primaryimage","url":"https:\/\/vosgesinfo.fr\/app\/uploads\/sites\/6\/2024\/07\/202210atelier-reliure-ecriture.jpg","contentUrl":"https:\/\/vosgesinfo.fr\/app\/uploads\/sites\/6\/2024\/07\/202210atelier-reliure-ecriture.jpg","width":600,"height":849},{"@type":"BreadcrumbList","@id":"https:\/\/vosgesinfo.fr\/gerardmerinfo\/2022\/10\/atelier-reliure-ecriture-a-mediatheque-cest-demain-reste-quelques-places\/#breadcrumb","itemListElement":[{"@type":"ListItem","position":1,"name":"Home","item":"https:\/\/vosgesinfo.fr\/gerardmerinfo\/"},{"@type":"ListItem","position":2,"name":"Atelier reliure et \u00e9criture \u00e0 la M\u00e9diath\u00e8que : c&rsquo;est demain et il reste encore quelques places !"}]},{"@type":"WebSite","@id":"https:\/\/vosgesinfo.fr\/gerardmerinfo\/#website","url":"https:\/\/vosgesinfo.fr\/gerardmerinfo\/","name":"Gerardmer Info","description":"Toute l&#039;actualit\u00e9 de G\u00e9rardmer","publisher":{"@id":"https:\/\/vosgesinfo.fr\/gerardmerinfo\/#organization"},"alternateName":"Toute l'actualit\u00e9 de G\u00e9rardmer","potentialAction":[{"@type":"SearchAction","target":{"@type":"EntryPoint","urlTemplate":"https:\/\/vosgesinfo.fr\/gerardmerinfo\/?s={search_term_string}"},"query-input":"required name=search_term_string"}],"inLanguage":"fr-FR"},{"@type":"Organization","@id":"https:\/\/vosgesinfo.fr\/gerardmerinfo\/#organization","name":"Gerardmer Info","url":"https:\/\/vosgesinfo.fr\/gerardmerinfo\/","logo":{"@type":"ImageObject","inLanguage":"fr-FR","@id":"https:\/\/vosgesinfo.fr\/gerardmerinfo\/#\/schema\/logo\/image\/","url":"https:\/\/vosgesinfo.fr\/app\/uploads\/sites\/6\/2023\/08\/favicon-gerardmerinfo.png","contentUrl":"https:\/\/vosgesinfo.fr\/app\/uploads\/sites\/6\/2023\/08\/favicon-gerardmerinfo.png","width":512,"height":512,"caption":"Gerardmer Info"},"image":{"@id":"https:\/\/vosgesinfo.fr\/gerardmerinfo\/#\/schema\/logo\/image\/"},"sameAs":["https:\/\/www.facebook.com\/profile.php?id=100049475262660","https:\/\/x.com\/VosgesInfo88","https:\/\/www.youtube.com\/@vosgesinfo"]},{"@type":"Person","@id":"https:\/\/vosgesinfo.fr\/gerardmerinfo\/#\/schema\/person\/bc5d02d71e6932e81b6dadb7386667b1","name":"qs_admin","image":{"@type":"ImageObject","inLanguage":"fr-FR","@id":"https:\/\/vosgesinfo.fr\/gerardmerinfo\/#\/schema\/person\/image\/","url":"https:\/\/secure.gravatar.com\/avatar\/94b18ee0ed79e4a42ea2f2931277b6841a8999fc6fde214600c78057cf1fe1de?s=96&d=mm&r=g","contentUrl":"https:\/\/secure.gravatar.com\/avatar\/94b18ee0ed79e4a42ea2f2931277b6841a8999fc6fde214600c78057cf1fe1de?s=96&d=mm&r=g","caption":"qs_admin"},"sameAs":["https:\/\/vosgesinfo.fr\/wp"],"url":"https:\/\/vosgesinfo.fr\/gerardmerinfo\/author\/qs_admin\/"}]}},"_links":{"self":[{"href":"https:\/\/vosgesinfo.fr\/gerardmerinfo\/wp-json\/wp\/v2\/posts\/62180","targetHints":{"allow":["GET"]}}],"collection":[{"href":"https:\/\/vosgesinfo.fr\/gerardmerinfo\/wp-json\/wp\/v2\/posts"}],"about":[{"href":"https:\/\/vosgesinfo.fr\/gerardmerinfo\/wp-json\/wp\/v2\/types\/post"}],"author":[{"embeddable":true,"href":"https:\/\/vosgesinfo.fr\/gerardmerinfo\/wp-json\/wp\/v2\/users\/1"}],"replies":[{"embeddable":true,"href":"https:\/\/vosgesinfo.fr\/gerardmerinfo\/wp-json\/wp\/v2\/comments?post=62180"}],"version-history":[{"count":0,"href":"https:\/\/vosgesinfo.fr\/gerardmerinfo\/wp-json\/wp\/v2\/posts\/62180\/revisions"}],"wp:featuredmedia":[{"embeddable":true,"href":"https:\/\/vosgesinfo.fr\/gerardmerinfo\/wp-json\/wp\/v2\/media\/62181"}],"wp:attachment":[{"href":"https:\/\/vosgesinfo.fr\/gerardmerinfo\/wp-json\/wp\/v2\/media?parent=62180"}],"wp:term":[{"taxonomy":"category","embeddable":true,"href":"https:\/\/vosgesinfo.fr\/gerardmerinfo\/wp-json\/wp\/v2\/categories?post=62180"},{"taxonomy":"post_tag","embeddable":true,"href":"https:\/\/vosgesinfo.fr\/gerardmerinfo\/wp-json\/wp\/v2\/tags?post=62180"}],"curies":[{"name":"wp","href":"https:\/\/api.w.org\/{rel}","templated":true}]}}