{"id":62189,"date":"2022-10-08T08:37:27","date_gmt":"2022-10-08T06:37:27","guid":{"rendered":"https:\/\/vosgesinfo.fr\/gerardmerinfo\/2022\/10\/nouvelle-borne-vehicules-electriques-a-gerardmer\/"},"modified":"2022-10-08T08:37:27","modified_gmt":"2022-10-08T06:37:27","slug":"nouvelle-borne-vehicules-electriques-a-gerardmer","status":"publish","type":"post","link":"https:\/\/vosgesinfo.fr\/gerardmerinfo\/2022\/10\/nouvelle-borne-vehicules-electriques-a-gerardmer\/","title":{"rendered":"Une nouvelle borne pour v\u00e9hicules \u00e9lectriques \u00e0 G\u00e9rardmer"},"content":{"rendered":"<div id=\"attachment_195957\" style=\"width: 970px\" class=\"wp-caption aligncenter\"><a href=\"\/2022\/10\/2.jpg\"><img decoding=\"async\" aria-describedby=\"caption-attachment-195957\" class=\"size-large wp-image-195957\" src=\"\/2022\/10\/2-1024x683.jpg\" alt=\"Les trois types de prises sont pris en charge.\" width=\"960\" height=\"640\" \/><\/a><p id=\"caption-attachment-195957\" class=\"wp-caption-text\">Les trois types de prises sont propos\u00e9s.<\/p><\/div>\n<p style=\"text-align: justify;\">C&rsquo;est la troisi\u00e8me sur le territoire de la commune de G\u00e9rardmer, et certainement pas la derni\u00e8re : une nouvelle borne de recharge pour v\u00e9hicules \u00e9lectriques a vu le jour. Elle se situe sur le parking du casino et vient s&rsquo;ajouter \u00e0 celles d\u00e9j\u00e0 pr\u00e9sentes sur la Place des Fusill\u00e9s et la Place du tilleul. Inaugur\u00e9e hier vendredi 7 octobre par le Maire Stessy SPEISSMANN et le Pr\u00e9sident du Syndicat d&rsquo;Electricit\u00e9 des Vosges (SDEV), Serge RENAUX, op\u00e9rateur du r\u00e9seau, elle participe d&rsquo;une offre de recharge \u00e0 co\u00fbt mod\u00e9r\u00e9 \u00e0 G\u00e9rardmer et dans toutes les Vosges.<\/p>\n<div id=\"attachment_195958\" style=\"width: 392px\" class=\"wp-caption alignright\"><a href=\"\/2022\/10\/3.jpg\"><img decoding=\"async\" aria-describedby=\"caption-attachment-195958\" class=\"size-medium wp-image-195958\" src=\"\/2022\/10\/3-382x255.jpg\" alt=\"La Ville de G\u00e9rardmer et le SDEV main dans la main pour implanter des bornes de recharges.\" width=\"382\" height=\"255\" \/><\/a><p id=\"caption-attachment-195958\" class=\"wp-caption-text\">La Ville de G\u00e9rardmer et le SDEV main dans la main pour implanter des bornes de recharges.<\/p><\/div>\n<p style=\"text-align: left;\"><strong>Un sch\u00e9ma directeur d\u00e9partemental<\/strong>.<\/p>\n<p style=\"text-align: justify;\">L&rsquo;implantation de bornes\u00a0 dans les Vosges a \u00e9t\u00e9 confi\u00e9e au SDEV qui a d\u00e9cid\u00e9\u00a0d&rsquo;un programme comprenant l&rsquo;implantation de 130 points\u00a0de recharge dans le d\u00e9partement. 35 d&rsquo;entre eux l&rsquo;auront \u00e9t\u00e9 en 2022, ce qui laisse esp\u00e9rer que l&rsquo;objectif soit atteint d&rsquo;ici trois ans. C&rsquo;est avec une volont\u00e9 de maillage du territoire et d&rsquo;un v\u00e9ritable service public de l&rsquo;\u00e9lectricit\u00e9 que cette d\u00e9marche a \u00e9t\u00e9 engag\u00e9e. Les Vosges\u00a0sont d&rsquo;ailleurs le premier d\u00e9partement fran\u00e7ais \u00e0 produire un tel sch\u00e9ma directeur. Le financement est assur\u00e9 en quasi totalit\u00e9 par le SDEV avec le soutien de l&rsquo;Etat, la R\u00e9gion Grand-Est, l&rsquo;ADEME et Climaxion. La Ville intervient quant \u00e0 elle sur le financement de la maintenance\u00a0des\u00a0bornes.<\/p>\n<p style=\"text-align: left;\"><strong>Une technologie basse puissance adapt\u00e9e aux besoins du territoire.<\/strong><\/p>\n<p style=\"text-align: justify;\"><a href=\"\/2022\/10\/1.jpg\"><img decoding=\"async\" class=\"alignleft size-medium wp-image-195956\" src=\"\/2022\/10\/1-382x255.jpg\" alt=\"borne \u00e9lec casino - type prise\" width=\"382\" height=\"255\" \/><\/a>Le SDEV, en discussion avec la Ville, a choisi d&rsquo;implanter \u00e0 G\u00e9rardmer des bornes basse puissance, \u00e0 l&rsquo;inverse de ce qui se fait par exemple sur les autoroutes o\u00f9 le besoin est plut\u00f4t la recharge rapide. Au bord du lac comme au centre-ville, il a \u00e9t\u00e9 consid\u00e9r\u00e9 que les usages de la voiture permettaient aux clients de ces bornes de laisser leur v\u00e9hicule suffisamment longtemps pour\u00a0ne n\u00e9cessiter que des puissances de charge moindres. Ce qui a aussi un impact sur le co\u00fbt et donc la tarification : \u00e0 partir de 2\u20ac de l&rsquo;heure, soit, pour une recharge totale d&rsquo;environ 1h30, 3 \u00e0 4.50\u20ac selon le type de prise utilis\u00e9. Un outil adapt\u00e9 et \u00e0 moindre co\u00fbt qui permettra aux G\u00e9r\u00f4mois comme aux visiteurs de recharger leur v\u00e9hicule le temps d&rsquo;un tour du lac ou d&#8217;emplettes en ville.<\/p>\n<p style=\"text-align: left;\"><strong>Des bornes pl\u00e9biscit\u00e9es \u00e0 G\u00e9rardmer.<\/strong><\/p>\n<p style=\"text-align: justify;\">Avec d\u00e9j\u00e0 plus de 350 charges en deux mois, les bornes g\u00e9r\u00f4moises confirment leur n\u00e9cessit\u00e9. Des chiffres qui devraient augmenter tr\u00e8s rapidement et qui laissent envisager l&rsquo;implantation prochaines de plusieurs de leurs semblables selon \u00e9galement l&rsquo;\u00e9volution de l&rsquo;offre priv\u00e9e locale, en pleine effervescence par exemple dans certains \u00e9tablissements h\u00f4teliers.<\/p>\n","protected":false},"excerpt":{"rendered":"<p>C&rsquo;est la troisi\u00e8me sur le territoire de la commune de G\u00e9rardmer, et certainement pas la derni\u00e8re : une nouvelle borne [&hellip;]<\/p>\n","protected":false},"author":1,"featured_media":62190,"comment_status":"open","ping_status":"open","sticky":false,"template":"","format":"standard","meta":{"footnotes":""},"categories":[20,7,25,13],"tags":[3886,3225],"class_list":["post-62189","post","type-post","status-publish","format-standard","has-post-thumbnail","hentry","category-a-la-une","category-environnement","category-gerardmer","category-societe","tag-borne-de-recharge-pour-vehicules-electriques","tag-casino"],"acf":[],"yoast_head":"<!-- This site is optimized with the Yoast SEO plugin v22.5 - https:\/\/yoast.com\/wordpress\/plugins\/seo\/ -->\n<title>Une nouvelle borne pour v\u00e9hicules \u00e9lectriques \u00e0 G\u00e9rardmer - Gerardmer Info<\/title>\n<meta name=\"robots\" content=\"index, follow, max-snippet:-1, max-image-preview:large, max-video-preview:-1\" \/>\n<link rel=\"canonical\" href=\"https:\/\/vosgesinfo.fr\/gerardmerinfo\/2022\/10\/nouvelle-borne-vehicules-electriques-a-gerardmer\/\" \/>\n<meta name=\"twitter:card\" content=\"summary_large_image\" \/>\n<meta name=\"twitter:title\" content=\"Une nouvelle borne pour v\u00e9hicules \u00e9lectriques \u00e0 G\u00e9rardmer - Gerardmer Info\" \/>\n<meta name=\"twitter:description\" content=\"C&rsquo;est la troisi\u00e8me sur le territoire de la commune de G\u00e9rardmer, et certainement pas la derni\u00e8re : une nouvelle borne [&hellip;]\" \/>\n<meta name=\"twitter:image\" content=\"https:\/\/vosgesinfo.fr\/app\/uploads\/sites\/6\/2024\/07\/2022102-scaled.jpg\" \/>\n<meta name=\"twitter:creator\" content=\"@VosgesInfo88\" \/>\n<meta name=\"twitter:site\" content=\"@VosgesInfo88\" \/>\n<meta name=\"twitter:label1\" content=\"\u00c9crit par\" \/>\n\t<meta name=\"twitter:data1\" content=\"qs_admin\" \/>\n\t<meta name=\"twitter:label2\" content=\"Dur\u00e9e de lecture estim\u00e9e\" \/>\n\t<meta name=\"twitter:data2\" content=\"2 minutes\" \/>\n<script type=\"application\/ld+json\" class=\"yoast-schema-graph\">{\"@context\":\"https:\/\/schema.org\",\"@graph\":[{\"@type\":\"Article\",\"@id\":\"https:\/\/vosgesinfo.fr\/gerardmerinfo\/2022\/10\/nouvelle-borne-vehicules-electriques-a-gerardmer\/#article\",\"isPartOf\":{\"@id\":\"https:\/\/vosgesinfo.fr\/gerardmerinfo\/2022\/10\/nouvelle-borne-vehicules-electriques-a-gerardmer\/\"},\"author\":{\"name\":\"qs_admin\",\"@id\":\"https:\/\/vosgesinfo.fr\/gerardmerinfo\/#\/schema\/person\/bc5d02d71e6932e81b6dadb7386667b1\"},\"headline\":\"Une nouvelle borne pour v\u00e9hicules \u00e9lectriques \u00e0 G\u00e9rardmer\",\"datePublished\":\"2022-10-08T06:37:27+00:00\",\"dateModified\":\"2022-10-08T06:37:27+00:00\",\"mainEntityOfPage\":{\"@id\":\"https:\/\/vosgesinfo.fr\/gerardmerinfo\/2022\/10\/nouvelle-borne-vehicules-electriques-a-gerardmer\/\"},\"wordCount\":515,\"commentCount\":0,\"publisher\":{\"@id\":\"https:\/\/vosgesinfo.fr\/gerardmerinfo\/#organization\"},\"image\":{\"@id\":\"https:\/\/vosgesinfo.fr\/gerardmerinfo\/2022\/10\/nouvelle-borne-vehicules-electriques-a-gerardmer\/#primaryimage\"},\"thumbnailUrl\":\"https:\/\/vosgesinfo.fr\/app\/uploads\/sites\/6\/2024\/07\/2022102-scaled.jpg\",\"keywords\":[\"Borne de recharge pour v\u00e9hicules \u00e9lectriques\",\"casino\"],\"articleSection\":[\"A la une\",\"Environnement\",\"G\u00e9rardmer\",\"Soci\u00e9t\u00e9\"],\"inLanguage\":\"fr-FR\",\"potentialAction\":[{\"@type\":\"CommentAction\",\"name\":\"Comment\",\"target\":[\"https:\/\/vosgesinfo.fr\/gerardmerinfo\/2022\/10\/nouvelle-borne-vehicules-electriques-a-gerardmer\/#respond\"]}]},{\"@type\":\"WebPage\",\"@id\":\"https:\/\/vosgesinfo.fr\/gerardmerinfo\/2022\/10\/nouvelle-borne-vehicules-electriques-a-gerardmer\/\",\"url\":\"https:\/\/vosgesinfo.fr\/gerardmerinfo\/2022\/10\/nouvelle-borne-vehicules-electriques-a-gerardmer\/\",\"name\":\"Une nouvelle borne pour v\u00e9hicules \u00e9lectriques \u00e0 G\u00e9rardmer - Gerardmer Info\",\"isPartOf\":{\"@id\":\"https:\/\/vosgesinfo.fr\/gerardmerinfo\/#website\"},\"primaryImageOfPage\":{\"@id\":\"https:\/\/vosgesinfo.fr\/gerardmerinfo\/2022\/10\/nouvelle-borne-vehicules-electriques-a-gerardmer\/#primaryimage\"},\"image\":{\"@id\":\"https:\/\/vosgesinfo.fr\/gerardmerinfo\/2022\/10\/nouvelle-borne-vehicules-electriques-a-gerardmer\/#primaryimage\"},\"thumbnailUrl\":\"https:\/\/vosgesinfo.fr\/app\/uploads\/sites\/6\/2024\/07\/2022102-scaled.jpg\",\"datePublished\":\"2022-10-08T06:37:27+00:00\",\"dateModified\":\"2022-10-08T06:37:27+00:00\",\"breadcrumb\":{\"@id\":\"https:\/\/vosgesinfo.fr\/gerardmerinfo\/2022\/10\/nouvelle-borne-vehicules-electriques-a-gerardmer\/#breadcrumb\"},\"inLanguage\":\"fr-FR\",\"potentialAction\":[{\"@type\":\"ReadAction\",\"target\":[\"https:\/\/vosgesinfo.fr\/gerardmerinfo\/2022\/10\/nouvelle-borne-vehicules-electriques-a-gerardmer\/\"]}]},{\"@type\":\"ImageObject\",\"inLanguage\":\"fr-FR\",\"@id\":\"https:\/\/vosgesinfo.fr\/gerardmerinfo\/2022\/10\/nouvelle-borne-vehicules-electriques-a-gerardmer\/#primaryimage\",\"url\":\"https:\/\/vosgesinfo.fr\/app\/uploads\/sites\/6\/2024\/07\/2022102-scaled.jpg\",\"contentUrl\":\"https:\/\/vosgesinfo.fr\/app\/uploads\/sites\/6\/2024\/07\/2022102-scaled.jpg\",\"width\":2560,\"height\":1707},{\"@type\":\"BreadcrumbList\",\"@id\":\"https:\/\/vosgesinfo.fr\/gerardmerinfo\/2022\/10\/nouvelle-borne-vehicules-electriques-a-gerardmer\/#breadcrumb\",\"itemListElement\":[{\"@type\":\"ListItem\",\"position\":1,\"name\":\"Home\",\"item\":\"https:\/\/vosgesinfo.fr\/gerardmerinfo\/\"},{\"@type\":\"ListItem\",\"position\":2,\"name\":\"Une nouvelle borne pour v\u00e9hicules \u00e9lectriques \u00e0 G\u00e9rardmer\"}]},{\"@type\":\"WebSite\",\"@id\":\"https:\/\/vosgesinfo.fr\/gerardmerinfo\/#website\",\"url\":\"https:\/\/vosgesinfo.fr\/gerardmerinfo\/\",\"name\":\"Gerardmer Info\",\"description\":\"Toute l&#039;actualit\u00e9 de G\u00e9rardmer\",\"publisher\":{\"@id\":\"https:\/\/vosgesinfo.fr\/gerardmerinfo\/#organization\"},\"alternateName\":\"Toute l'actualit\u00e9 de G\u00e9rardmer\",\"potentialAction\":[{\"@type\":\"SearchAction\",\"target\":{\"@type\":\"EntryPoint\",\"urlTemplate\":\"https:\/\/vosgesinfo.fr\/gerardmerinfo\/?s={search_term_string}\"},\"query-input\":\"required name=search_term_string\"}],\"inLanguage\":\"fr-FR\"},{\"@type\":\"Organization\",\"@id\":\"https:\/\/vosgesinfo.fr\/gerardmerinfo\/#organization\",\"name\":\"Gerardmer Info\",\"url\":\"https:\/\/vosgesinfo.fr\/gerardmerinfo\/\",\"logo\":{\"@type\":\"ImageObject\",\"inLanguage\":\"fr-FR\",\"@id\":\"https:\/\/vosgesinfo.fr\/gerardmerinfo\/#\/schema\/logo\/image\/\",\"url\":\"https:\/\/vosgesinfo.fr\/app\/uploads\/sites\/6\/2023\/08\/favicon-gerardmerinfo.png\",\"contentUrl\":\"https:\/\/vosgesinfo.fr\/app\/uploads\/sites\/6\/2023\/08\/favicon-gerardmerinfo.png\",\"width\":512,\"height\":512,\"caption\":\"Gerardmer Info\"},\"image\":{\"@id\":\"https:\/\/vosgesinfo.fr\/gerardmerinfo\/#\/schema\/logo\/image\/\"},\"sameAs\":[\"https:\/\/www.facebook.com\/profile.php?id=100049475262660\",\"https:\/\/x.com\/VosgesInfo88\",\"https:\/\/www.youtube.com\/@vosgesinfo\"]},{\"@type\":\"Person\",\"@id\":\"https:\/\/vosgesinfo.fr\/gerardmerinfo\/#\/schema\/person\/bc5d02d71e6932e81b6dadb7386667b1\",\"name\":\"qs_admin\",\"image\":{\"@type\":\"ImageObject\",\"inLanguage\":\"fr-FR\",\"@id\":\"https:\/\/vosgesinfo.fr\/gerardmerinfo\/#\/schema\/person\/image\/\",\"url\":\"https:\/\/secure.gravatar.com\/avatar\/94b18ee0ed79e4a42ea2f2931277b6841a8999fc6fde214600c78057cf1fe1de?s=96&d=mm&r=g\",\"contentUrl\":\"https:\/\/secure.gravatar.com\/avatar\/94b18ee0ed79e4a42ea2f2931277b6841a8999fc6fde214600c78057cf1fe1de?s=96&d=mm&r=g\",\"caption\":\"qs_admin\"},\"sameAs\":[\"https:\/\/vosgesinfo.fr\/wp\"],\"url\":\"https:\/\/vosgesinfo.fr\/gerardmerinfo\/author\/qs_admin\/\"}]}<\/script>\n<!-- \/ Yoast SEO plugin. -->","yoast_head_json":{"title":"Une nouvelle borne pour v\u00e9hicules \u00e9lectriques \u00e0 G\u00e9rardmer - Gerardmer Info","robots":{"index":"index","follow":"follow","max-snippet":"max-snippet:-1","max-image-preview":"max-image-preview:large","max-video-preview":"max-video-preview:-1"},"canonical":"https:\/\/vosgesinfo.fr\/gerardmerinfo\/2022\/10\/nouvelle-borne-vehicules-electriques-a-gerardmer\/","twitter_card":"summary_large_image","twitter_title":"Une nouvelle borne pour v\u00e9hicules \u00e9lectriques \u00e0 G\u00e9rardmer - Gerardmer Info","twitter_description":"C&rsquo;est la troisi\u00e8me sur le territoire de la commune de G\u00e9rardmer, et certainement pas la derni\u00e8re : une nouvelle borne [&hellip;]","twitter_image":"https:\/\/vosgesinfo.fr\/app\/uploads\/sites\/6\/2024\/07\/2022102-scaled.jpg","twitter_creator":"@VosgesInfo88","twitter_site":"@VosgesInfo88","twitter_misc":{"\u00c9crit par":"qs_admin","Dur\u00e9e de lecture estim\u00e9e":"2 minutes"},"schema":{"@context":"https:\/\/schema.org","@graph":[{"@type":"Article","@id":"https:\/\/vosgesinfo.fr\/gerardmerinfo\/2022\/10\/nouvelle-borne-vehicules-electriques-a-gerardmer\/#article","isPartOf":{"@id":"https:\/\/vosgesinfo.fr\/gerardmerinfo\/2022\/10\/nouvelle-borne-vehicules-electriques-a-gerardmer\/"},"author":{"name":"qs_admin","@id":"https:\/\/vosgesinfo.fr\/gerardmerinfo\/#\/schema\/person\/bc5d02d71e6932e81b6dadb7386667b1"},"headline":"Une nouvelle borne pour v\u00e9hicules \u00e9lectriques \u00e0 G\u00e9rardmer","datePublished":"2022-10-08T06:37:27+00:00","dateModified":"2022-10-08T06:37:27+00:00","mainEntityOfPage":{"@id":"https:\/\/vosgesinfo.fr\/gerardmerinfo\/2022\/10\/nouvelle-borne-vehicules-electriques-a-gerardmer\/"},"wordCount":515,"commentCount":0,"publisher":{"@id":"https:\/\/vosgesinfo.fr\/gerardmerinfo\/#organization"},"image":{"@id":"https:\/\/vosgesinfo.fr\/gerardmerinfo\/2022\/10\/nouvelle-borne-vehicules-electriques-a-gerardmer\/#primaryimage"},"thumbnailUrl":"https:\/\/vosgesinfo.fr\/app\/uploads\/sites\/6\/2024\/07\/2022102-scaled.jpg","keywords":["Borne de recharge pour v\u00e9hicules \u00e9lectriques","casino"],"articleSection":["A la une","Environnement","G\u00e9rardmer","Soci\u00e9t\u00e9"],"inLanguage":"fr-FR","potentialAction":[{"@type":"CommentAction","name":"Comment","target":["https:\/\/vosgesinfo.fr\/gerardmerinfo\/2022\/10\/nouvelle-borne-vehicules-electriques-a-gerardmer\/#respond"]}]},{"@type":"WebPage","@id":"https:\/\/vosgesinfo.fr\/gerardmerinfo\/2022\/10\/nouvelle-borne-vehicules-electriques-a-gerardmer\/","url":"https:\/\/vosgesinfo.fr\/gerardmerinfo\/2022\/10\/nouvelle-borne-vehicules-electriques-a-gerardmer\/","name":"Une nouvelle borne pour v\u00e9hicules \u00e9lectriques \u00e0 G\u00e9rardmer - Gerardmer Info","isPartOf":{"@id":"https:\/\/vosgesinfo.fr\/gerardmerinfo\/#website"},"primaryImageOfPage":{"@id":"https:\/\/vosgesinfo.fr\/gerardmerinfo\/2022\/10\/nouvelle-borne-vehicules-electriques-a-gerardmer\/#primaryimage"},"image":{"@id":"https:\/\/vosgesinfo.fr\/gerardmerinfo\/2022\/10\/nouvelle-borne-vehicules-electriques-a-gerardmer\/#primaryimage"},"thumbnailUrl":"https:\/\/vosgesinfo.fr\/app\/uploads\/sites\/6\/2024\/07\/2022102-scaled.jpg","datePublished":"2022-10-08T06:37:27+00:00","dateModified":"2022-10-08T06:37:27+00:00","breadcrumb":{"@id":"https:\/\/vosgesinfo.fr\/gerardmerinfo\/2022\/10\/nouvelle-borne-vehicules-electriques-a-gerardmer\/#breadcrumb"},"inLanguage":"fr-FR","potentialAction":[{"@type":"ReadAction","target":["https:\/\/vosgesinfo.fr\/gerardmerinfo\/2022\/10\/nouvelle-borne-vehicules-electriques-a-gerardmer\/"]}]},{"@type":"ImageObject","inLanguage":"fr-FR","@id":"https:\/\/vosgesinfo.fr\/gerardmerinfo\/2022\/10\/nouvelle-borne-vehicules-electriques-a-gerardmer\/#primaryimage","url":"https:\/\/vosgesinfo.fr\/app\/uploads\/sites\/6\/2024\/07\/2022102-scaled.jpg","contentUrl":"https:\/\/vosgesinfo.fr\/app\/uploads\/sites\/6\/2024\/07\/2022102-scaled.jpg","width":2560,"height":1707},{"@type":"BreadcrumbList","@id":"https:\/\/vosgesinfo.fr\/gerardmerinfo\/2022\/10\/nouvelle-borne-vehicules-electriques-a-gerardmer\/#breadcrumb","itemListElement":[{"@type":"ListItem","position":1,"name":"Home","item":"https:\/\/vosgesinfo.fr\/gerardmerinfo\/"},{"@type":"ListItem","position":2,"name":"Une nouvelle borne pour v\u00e9hicules \u00e9lectriques \u00e0 G\u00e9rardmer"}]},{"@type":"WebSite","@id":"https:\/\/vosgesinfo.fr\/gerardmerinfo\/#website","url":"https:\/\/vosgesinfo.fr\/gerardmerinfo\/","name":"Gerardmer Info","description":"Toute l&#039;actualit\u00e9 de G\u00e9rardmer","publisher":{"@id":"https:\/\/vosgesinfo.fr\/gerardmerinfo\/#organization"},"alternateName":"Toute l'actualit\u00e9 de G\u00e9rardmer","potentialAction":[{"@type":"SearchAction","target":{"@type":"EntryPoint","urlTemplate":"https:\/\/vosgesinfo.fr\/gerardmerinfo\/?s={search_term_string}"},"query-input":"required name=search_term_string"}],"inLanguage":"fr-FR"},{"@type":"Organization","@id":"https:\/\/vosgesinfo.fr\/gerardmerinfo\/#organization","name":"Gerardmer Info","url":"https:\/\/vosgesinfo.fr\/gerardmerinfo\/","logo":{"@type":"ImageObject","inLanguage":"fr-FR","@id":"https:\/\/vosgesinfo.fr\/gerardmerinfo\/#\/schema\/logo\/image\/","url":"https:\/\/vosgesinfo.fr\/app\/uploads\/sites\/6\/2023\/08\/favicon-gerardmerinfo.png","contentUrl":"https:\/\/vosgesinfo.fr\/app\/uploads\/sites\/6\/2023\/08\/favicon-gerardmerinfo.png","width":512,"height":512,"caption":"Gerardmer Info"},"image":{"@id":"https:\/\/vosgesinfo.fr\/gerardmerinfo\/#\/schema\/logo\/image\/"},"sameAs":["https:\/\/www.facebook.com\/profile.php?id=100049475262660","https:\/\/x.com\/VosgesInfo88","https:\/\/www.youtube.com\/@vosgesinfo"]},{"@type":"Person","@id":"https:\/\/vosgesinfo.fr\/gerardmerinfo\/#\/schema\/person\/bc5d02d71e6932e81b6dadb7386667b1","name":"qs_admin","image":{"@type":"ImageObject","inLanguage":"fr-FR","@id":"https:\/\/vosgesinfo.fr\/gerardmerinfo\/#\/schema\/person\/image\/","url":"https:\/\/secure.gravatar.com\/avatar\/94b18ee0ed79e4a42ea2f2931277b6841a8999fc6fde214600c78057cf1fe1de?s=96&d=mm&r=g","contentUrl":"https:\/\/secure.gravatar.com\/avatar\/94b18ee0ed79e4a42ea2f2931277b6841a8999fc6fde214600c78057cf1fe1de?s=96&d=mm&r=g","caption":"qs_admin"},"sameAs":["https:\/\/vosgesinfo.fr\/wp"],"url":"https:\/\/vosgesinfo.fr\/gerardmerinfo\/author\/qs_admin\/"}]}},"_links":{"self":[{"href":"https:\/\/vosgesinfo.fr\/gerardmerinfo\/wp-json\/wp\/v2\/posts\/62189","targetHints":{"allow":["GET"]}}],"collection":[{"href":"https:\/\/vosgesinfo.fr\/gerardmerinfo\/wp-json\/wp\/v2\/posts"}],"about":[{"href":"https:\/\/vosgesinfo.fr\/gerardmerinfo\/wp-json\/wp\/v2\/types\/post"}],"author":[{"embeddable":true,"href":"https:\/\/vosgesinfo.fr\/gerardmerinfo\/wp-json\/wp\/v2\/users\/1"}],"replies":[{"embeddable":true,"href":"https:\/\/vosgesinfo.fr\/gerardmerinfo\/wp-json\/wp\/v2\/comments?post=62189"}],"version-history":[{"count":0,"href":"https:\/\/vosgesinfo.fr\/gerardmerinfo\/wp-json\/wp\/v2\/posts\/62189\/revisions"}],"wp:featuredmedia":[{"embeddable":true,"href":"https:\/\/vosgesinfo.fr\/gerardmerinfo\/wp-json\/wp\/v2\/media\/62190"}],"wp:attachment":[{"href":"https:\/\/vosgesinfo.fr\/gerardmerinfo\/wp-json\/wp\/v2\/media?parent=62189"}],"wp:term":[{"taxonomy":"category","embeddable":true,"href":"https:\/\/vosgesinfo.fr\/gerardmerinfo\/wp-json\/wp\/v2\/categories?post=62189"},{"taxonomy":"post_tag","embeddable":true,"href":"https:\/\/vosgesinfo.fr\/gerardmerinfo\/wp-json\/wp\/v2\/tags?post=62189"}],"curies":[{"name":"wp","href":"https:\/\/api.w.org\/{rel}","templated":true}]}}