{"id":62192,"date":"2022-10-07T18:57:00","date_gmt":"2022-10-07T16:57:00","guid":{"rendered":"https:\/\/vosgesinfo.fr\/gerardmerinfo\/2022\/10\/conseil-municipal-projet-de-reconstruction-centre-hospitalier-se-profile-a-lhorizon\/"},"modified":"2022-10-07T18:57:00","modified_gmt":"2022-10-07T16:57:00","slug":"conseil-municipal-projet-de-reconstruction-centre-hospitalier-se-profile-a-lhorizon","status":"publish","type":"post","link":"https:\/\/vosgesinfo.fr\/gerardmerinfo\/2022\/10\/conseil-municipal-projet-de-reconstruction-centre-hospitalier-se-profile-a-lhorizon\/","title":{"rendered":"Conseil Municipal : un projet de reconstruction du centre hospitalier se profile \u00e0 l&rsquo;horizon"},"content":{"rendered":"<p><a href=\"\/2021\/09\/centre-hospitalier-hopital-g\u00e9rardmer.jpg\"><img decoding=\"async\" class=\"aligncenter size-medium wp-image-180045\" src=\"\/2021\/09\/centre-hospitalier-hopital-g\u00e9rardmer-340x255.jpg\" alt=\"centre hospitalier hopital g\u00e9rardmer\" width=\"340\" height=\"255\" \/><\/a><\/p>\n<p>&nbsp;<\/p>\n<p>La fin du conseil municipal en date du 7 octobre a \u00e9t\u00e9 marqu\u00e9e par de nombreuses questions diverses sur lesquelles nous reviendrons en plusieurs \u00e9pisodes. Honneur \u00e0 Eric Defranould du groupe G\u00e9rardmer Solidaire qui a interpel\u00e9 le maire concernant \u00ab\u00a0<em>un gros projet sur l&rsquo;h\u00f4pital<\/em>\u00a0\u00bb local qui semble \u00eatre en cours. Confirmation a \u00e9t\u00e9 faite par le premier magistrat : \u00ab\u00a0<em>En effet, cela n&rsquo;a pas encore \u00e9t\u00e9 valid\u00e9 financi\u00e8rement par l&rsquo;ARS mais un projet de reconstruction de l&rsquo;h\u00f4pital a \u00e9t\u00e9 lanc\u00e9. Une grosse enveloppe a \u00e9t\u00e9 d\u00e9bloqu\u00e9e dans le cadre du S\u00e9gur de la sant\u00e9 dont pourraient b\u00e9n\u00e9ficier plusieurs \u00e9tablissements dans le d\u00e9partement. Une premi\u00e8re commission a valid\u00e9 ce projet, nous attendons d\u00e9sormais la validation finale<\/em>\u00a0\u00bb a d\u00e9clar\u00e9 Stessy Speissmann.<\/p>\n<p>Eric Defranould\u00a0 a n\u00e9anmoins tenu \u00e0 mettre en \u00e9vidence que l&rsquo;un des gros probl\u00e8mes de l&rsquo;h\u00f4pital de G\u00e9rardmer \u00e9tait selon lui de trouver du personnel, de recruter et de faire face aux futurs d\u00e9parts en retraite. Une probl\u00e9matique qui pour l&rsquo;\u00e9lu devrait \u00eatre prioritaire. Et le maire de rappeler que les derniers rapports d\u00e9voilaient des probl\u00e8mes de s\u00e9curit\u00e9, d&rsquo;accessibilit\u00e9, de transfert des patients et de circuit : \u00ab\u00a0<em>Il y a une n\u00e9cessit\u00e9 au niveau \u00a0\u00bbb\u00e2timentaire\u00a0\u00bb (<\/em>selon\u00a0 les mots de l&rsquo;\u00e9lu &#8211; NDLR<em>) et cette reconstruction serait justement une attractivit\u00e9 suppl\u00e9mentaire pour attirer du personnel, une partie du projet incluant pr\u00e9cis\u00e9ment l&rsquo;accueil des internes et du personnel qui aurait des difficult\u00e9s \u00e0 se loger. (&#8230;) Je soutiens donc ce projet<\/em>\u00a0\u00bb conclut le premier magistrat. Affaire \u00e0 suivre&#8230;<\/p>\n","protected":false},"excerpt":{"rendered":"<p>&nbsp; La fin du conseil municipal en date du 7 octobre a \u00e9t\u00e9 marqu\u00e9e par de nombreuses questions diverses sur [&hellip;]<\/p>\n","protected":false},"author":42,"featured_media":62193,"comment_status":"open","ping_status":"open","sticky":false,"template":"","format":"standard","meta":{"footnotes":""},"categories":[20,25,10,12],"tags":[],"class_list":["post-62192","post","type-post","status-publish","format-standard","has-post-thumbnail","hentry","category-a-la-une","category-gerardmer","category-politique","category-sante"],"acf":[],"yoast_head":"<!-- This site is optimized with the Yoast SEO plugin v22.5 - https:\/\/yoast.com\/wordpress\/plugins\/seo\/ -->\n<title>Conseil Municipal : un projet de reconstruction du centre hospitalier se profile \u00e0 l&#039;horizon - Gerardmer Info<\/title>\n<meta name=\"robots\" content=\"index, follow, max-snippet:-1, max-image-preview:large, max-video-preview:-1\" \/>\n<link rel=\"canonical\" href=\"https:\/\/vosgesinfo.fr\/gerardmerinfo\/2022\/10\/conseil-municipal-projet-de-reconstruction-centre-hospitalier-se-profile-a-lhorizon\/\" \/>\n<meta name=\"twitter:card\" content=\"summary_large_image\" \/>\n<meta name=\"twitter:title\" content=\"Conseil Municipal : un projet de reconstruction du centre hospitalier se profile \u00e0 l&#039;horizon - Gerardmer Info\" \/>\n<meta name=\"twitter:description\" content=\"&nbsp; La fin du conseil municipal en date du 7 octobre a \u00e9t\u00e9 marqu\u00e9e par de nombreuses questions diverses sur [&hellip;]\" \/>\n<meta name=\"twitter:image\" content=\"https:\/\/vosgesinfo.fr\/app\/uploads\/sites\/6\/2024\/07\/202109centre-hospitalier-hopital-gerardmer-1.jpg\" \/>\n<meta name=\"twitter:creator\" content=\"@VosgesInfo88\" \/>\n<meta name=\"twitter:site\" content=\"@VosgesInfo88\" \/>\n<meta name=\"twitter:label1\" content=\"\u00c9crit par\" \/>\n\t<meta name=\"twitter:data1\" content=\"QG\" \/>\n\t<meta name=\"twitter:label2\" content=\"Dur\u00e9e de lecture estim\u00e9e\" \/>\n\t<meta name=\"twitter:data2\" content=\"1 minute\" \/>\n<script type=\"application\/ld+json\" class=\"yoast-schema-graph\">{\"@context\":\"https:\/\/schema.org\",\"@graph\":[{\"@type\":\"Article\",\"@id\":\"https:\/\/vosgesinfo.fr\/gerardmerinfo\/2022\/10\/conseil-municipal-projet-de-reconstruction-centre-hospitalier-se-profile-a-lhorizon\/#article\",\"isPartOf\":{\"@id\":\"https:\/\/vosgesinfo.fr\/gerardmerinfo\/2022\/10\/conseil-municipal-projet-de-reconstruction-centre-hospitalier-se-profile-a-lhorizon\/\"},\"author\":{\"name\":\"QG\",\"@id\":\"https:\/\/vosgesinfo.fr\/gerardmerinfo\/#\/schema\/person\/db5605779a843dad16b5368f3e7613a5\"},\"headline\":\"Conseil Municipal : un projet de reconstruction du centre hospitalier se profile \u00e0 l&rsquo;horizon\",\"datePublished\":\"2022-10-07T16:57:00+00:00\",\"dateModified\":\"2022-10-07T16:57:00+00:00\",\"mainEntityOfPage\":{\"@id\":\"https:\/\/vosgesinfo.fr\/gerardmerinfo\/2022\/10\/conseil-municipal-projet-de-reconstruction-centre-hospitalier-se-profile-a-lhorizon\/\"},\"wordCount\":290,\"commentCount\":0,\"publisher\":{\"@id\":\"https:\/\/vosgesinfo.fr\/gerardmerinfo\/#organization\"},\"image\":{\"@id\":\"https:\/\/vosgesinfo.fr\/gerardmerinfo\/2022\/10\/conseil-municipal-projet-de-reconstruction-centre-hospitalier-se-profile-a-lhorizon\/#primaryimage\"},\"thumbnailUrl\":\"https:\/\/vosgesinfo.fr\/app\/uploads\/sites\/6\/2024\/07\/202109centre-hospitalier-hopital-gerardmer-1.jpg\",\"articleSection\":[\"A la une\",\"G\u00e9rardmer\",\"Politique\",\"Sant\u00e9\"],\"inLanguage\":\"fr-FR\",\"potentialAction\":[{\"@type\":\"CommentAction\",\"name\":\"Comment\",\"target\":[\"https:\/\/vosgesinfo.fr\/gerardmerinfo\/2022\/10\/conseil-municipal-projet-de-reconstruction-centre-hospitalier-se-profile-a-lhorizon\/#respond\"]}]},{\"@type\":\"WebPage\",\"@id\":\"https:\/\/vosgesinfo.fr\/gerardmerinfo\/2022\/10\/conseil-municipal-projet-de-reconstruction-centre-hospitalier-se-profile-a-lhorizon\/\",\"url\":\"https:\/\/vosgesinfo.fr\/gerardmerinfo\/2022\/10\/conseil-municipal-projet-de-reconstruction-centre-hospitalier-se-profile-a-lhorizon\/\",\"name\":\"Conseil Municipal : un projet de reconstruction du centre hospitalier se profile \u00e0 l'horizon - Gerardmer Info\",\"isPartOf\":{\"@id\":\"https:\/\/vosgesinfo.fr\/gerardmerinfo\/#website\"},\"primaryImageOfPage\":{\"@id\":\"https:\/\/vosgesinfo.fr\/gerardmerinfo\/2022\/10\/conseil-municipal-projet-de-reconstruction-centre-hospitalier-se-profile-a-lhorizon\/#primaryimage\"},\"image\":{\"@id\":\"https:\/\/vosgesinfo.fr\/gerardmerinfo\/2022\/10\/conseil-municipal-projet-de-reconstruction-centre-hospitalier-se-profile-a-lhorizon\/#primaryimage\"},\"thumbnailUrl\":\"https:\/\/vosgesinfo.fr\/app\/uploads\/sites\/6\/2024\/07\/202109centre-hospitalier-hopital-gerardmer-1.jpg\",\"datePublished\":\"2022-10-07T16:57:00+00:00\",\"dateModified\":\"2022-10-07T16:57:00+00:00\",\"breadcrumb\":{\"@id\":\"https:\/\/vosgesinfo.fr\/gerardmerinfo\/2022\/10\/conseil-municipal-projet-de-reconstruction-centre-hospitalier-se-profile-a-lhorizon\/#breadcrumb\"},\"inLanguage\":\"fr-FR\",\"potentialAction\":[{\"@type\":\"ReadAction\",\"target\":[\"https:\/\/vosgesinfo.fr\/gerardmerinfo\/2022\/10\/conseil-municipal-projet-de-reconstruction-centre-hospitalier-se-profile-a-lhorizon\/\"]}]},{\"@type\":\"ImageObject\",\"inLanguage\":\"fr-FR\",\"@id\":\"https:\/\/vosgesinfo.fr\/gerardmerinfo\/2022\/10\/conseil-municipal-projet-de-reconstruction-centre-hospitalier-se-profile-a-lhorizon\/#primaryimage\",\"url\":\"https:\/\/vosgesinfo.fr\/app\/uploads\/sites\/6\/2024\/07\/202109centre-hospitalier-hopital-gerardmer-1.jpg\",\"contentUrl\":\"https:\/\/vosgesinfo.fr\/app\/uploads\/sites\/6\/2024\/07\/202109centre-hospitalier-hopital-gerardmer-1.jpg\",\"width\":800,\"height\":600},{\"@type\":\"BreadcrumbList\",\"@id\":\"https:\/\/vosgesinfo.fr\/gerardmerinfo\/2022\/10\/conseil-municipal-projet-de-reconstruction-centre-hospitalier-se-profile-a-lhorizon\/#breadcrumb\",\"itemListElement\":[{\"@type\":\"ListItem\",\"position\":1,\"name\":\"Home\",\"item\":\"https:\/\/vosgesinfo.fr\/gerardmerinfo\/\"},{\"@type\":\"ListItem\",\"position\":2,\"name\":\"Conseil Municipal : un projet de reconstruction du centre hospitalier se profile \u00e0 l&rsquo;horizon\"}]},{\"@type\":\"WebSite\",\"@id\":\"https:\/\/vosgesinfo.fr\/gerardmerinfo\/#website\",\"url\":\"https:\/\/vosgesinfo.fr\/gerardmerinfo\/\",\"name\":\"Gerardmer Info\",\"description\":\"Toute l&#039;actualit\u00e9 de G\u00e9rardmer\",\"publisher\":{\"@id\":\"https:\/\/vosgesinfo.fr\/gerardmerinfo\/#organization\"},\"alternateName\":\"Toute l'actualit\u00e9 de G\u00e9rardmer\",\"potentialAction\":[{\"@type\":\"SearchAction\",\"target\":{\"@type\":\"EntryPoint\",\"urlTemplate\":\"https:\/\/vosgesinfo.fr\/gerardmerinfo\/?s={search_term_string}\"},\"query-input\":\"required name=search_term_string\"}],\"inLanguage\":\"fr-FR\"},{\"@type\":\"Organization\",\"@id\":\"https:\/\/vosgesinfo.fr\/gerardmerinfo\/#organization\",\"name\":\"Gerardmer Info\",\"url\":\"https:\/\/vosgesinfo.fr\/gerardmerinfo\/\",\"logo\":{\"@type\":\"ImageObject\",\"inLanguage\":\"fr-FR\",\"@id\":\"https:\/\/vosgesinfo.fr\/gerardmerinfo\/#\/schema\/logo\/image\/\",\"url\":\"https:\/\/vosgesinfo.fr\/app\/uploads\/sites\/6\/2023\/08\/favicon-gerardmerinfo.png\",\"contentUrl\":\"https:\/\/vosgesinfo.fr\/app\/uploads\/sites\/6\/2023\/08\/favicon-gerardmerinfo.png\",\"width\":512,\"height\":512,\"caption\":\"Gerardmer Info\"},\"image\":{\"@id\":\"https:\/\/vosgesinfo.fr\/gerardmerinfo\/#\/schema\/logo\/image\/\"},\"sameAs\":[\"https:\/\/www.facebook.com\/profile.php?id=100049475262660\",\"https:\/\/x.com\/VosgesInfo88\",\"https:\/\/www.youtube.com\/@vosgesinfo\"]},{\"@type\":\"Person\",\"@id\":\"https:\/\/vosgesinfo.fr\/gerardmerinfo\/#\/schema\/person\/db5605779a843dad16b5368f3e7613a5\",\"name\":\"QG\",\"image\":{\"@type\":\"ImageObject\",\"inLanguage\":\"fr-FR\",\"@id\":\"https:\/\/vosgesinfo.fr\/gerardmerinfo\/#\/schema\/person\/image\/\",\"url\":\"https:\/\/secure.gravatar.com\/avatar\/ea80c42c204b534408512832fde52504ecabb9706bcb6151cf6175e5b64e6793?s=96&d=mm&r=g\",\"contentUrl\":\"https:\/\/secure.gravatar.com\/avatar\/ea80c42c204b534408512832fde52504ecabb9706bcb6151cf6175e5b64e6793?s=96&d=mm&r=g\",\"caption\":\"QG\"},\"url\":\"https:\/\/vosgesinfo.fr\/gerardmerinfo\/author\/quentin88\/\"}]}<\/script>\n<!-- \/ Yoast SEO plugin. -->","yoast_head_json":{"title":"Conseil Municipal : un projet de reconstruction du centre hospitalier se profile \u00e0 l'horizon - Gerardmer Info","robots":{"index":"index","follow":"follow","max-snippet":"max-snippet:-1","max-image-preview":"max-image-preview:large","max-video-preview":"max-video-preview:-1"},"canonical":"https:\/\/vosgesinfo.fr\/gerardmerinfo\/2022\/10\/conseil-municipal-projet-de-reconstruction-centre-hospitalier-se-profile-a-lhorizon\/","twitter_card":"summary_large_image","twitter_title":"Conseil Municipal : un projet de reconstruction du centre hospitalier se profile \u00e0 l'horizon - Gerardmer Info","twitter_description":"&nbsp; La fin du conseil municipal en date du 7 octobre a \u00e9t\u00e9 marqu\u00e9e par de nombreuses questions diverses sur [&hellip;]","twitter_image":"https:\/\/vosgesinfo.fr\/app\/uploads\/sites\/6\/2024\/07\/202109centre-hospitalier-hopital-gerardmer-1.jpg","twitter_creator":"@VosgesInfo88","twitter_site":"@VosgesInfo88","twitter_misc":{"\u00c9crit par":"QG","Dur\u00e9e de lecture estim\u00e9e":"1 minute"},"schema":{"@context":"https:\/\/schema.org","@graph":[{"@type":"Article","@id":"https:\/\/vosgesinfo.fr\/gerardmerinfo\/2022\/10\/conseil-municipal-projet-de-reconstruction-centre-hospitalier-se-profile-a-lhorizon\/#article","isPartOf":{"@id":"https:\/\/vosgesinfo.fr\/gerardmerinfo\/2022\/10\/conseil-municipal-projet-de-reconstruction-centre-hospitalier-se-profile-a-lhorizon\/"},"author":{"name":"QG","@id":"https:\/\/vosgesinfo.fr\/gerardmerinfo\/#\/schema\/person\/db5605779a843dad16b5368f3e7613a5"},"headline":"Conseil Municipal : un projet de reconstruction du centre hospitalier se profile \u00e0 l&rsquo;horizon","datePublished":"2022-10-07T16:57:00+00:00","dateModified":"2022-10-07T16:57:00+00:00","mainEntityOfPage":{"@id":"https:\/\/vosgesinfo.fr\/gerardmerinfo\/2022\/10\/conseil-municipal-projet-de-reconstruction-centre-hospitalier-se-profile-a-lhorizon\/"},"wordCount":290,"commentCount":0,"publisher":{"@id":"https:\/\/vosgesinfo.fr\/gerardmerinfo\/#organization"},"image":{"@id":"https:\/\/vosgesinfo.fr\/gerardmerinfo\/2022\/10\/conseil-municipal-projet-de-reconstruction-centre-hospitalier-se-profile-a-lhorizon\/#primaryimage"},"thumbnailUrl":"https:\/\/vosgesinfo.fr\/app\/uploads\/sites\/6\/2024\/07\/202109centre-hospitalier-hopital-gerardmer-1.jpg","articleSection":["A la une","G\u00e9rardmer","Politique","Sant\u00e9"],"inLanguage":"fr-FR","potentialAction":[{"@type":"CommentAction","name":"Comment","target":["https:\/\/vosgesinfo.fr\/gerardmerinfo\/2022\/10\/conseil-municipal-projet-de-reconstruction-centre-hospitalier-se-profile-a-lhorizon\/#respond"]}]},{"@type":"WebPage","@id":"https:\/\/vosgesinfo.fr\/gerardmerinfo\/2022\/10\/conseil-municipal-projet-de-reconstruction-centre-hospitalier-se-profile-a-lhorizon\/","url":"https:\/\/vosgesinfo.fr\/gerardmerinfo\/2022\/10\/conseil-municipal-projet-de-reconstruction-centre-hospitalier-se-profile-a-lhorizon\/","name":"Conseil Municipal : un projet de reconstruction du centre hospitalier se profile \u00e0 l'horizon - Gerardmer Info","isPartOf":{"@id":"https:\/\/vosgesinfo.fr\/gerardmerinfo\/#website"},"primaryImageOfPage":{"@id":"https:\/\/vosgesinfo.fr\/gerardmerinfo\/2022\/10\/conseil-municipal-projet-de-reconstruction-centre-hospitalier-se-profile-a-lhorizon\/#primaryimage"},"image":{"@id":"https:\/\/vosgesinfo.fr\/gerardmerinfo\/2022\/10\/conseil-municipal-projet-de-reconstruction-centre-hospitalier-se-profile-a-lhorizon\/#primaryimage"},"thumbnailUrl":"https:\/\/vosgesinfo.fr\/app\/uploads\/sites\/6\/2024\/07\/202109centre-hospitalier-hopital-gerardmer-1.jpg","datePublished":"2022-10-07T16:57:00+00:00","dateModified":"2022-10-07T16:57:00+00:00","breadcrumb":{"@id":"https:\/\/vosgesinfo.fr\/gerardmerinfo\/2022\/10\/conseil-municipal-projet-de-reconstruction-centre-hospitalier-se-profile-a-lhorizon\/#breadcrumb"},"inLanguage":"fr-FR","potentialAction":[{"@type":"ReadAction","target":["https:\/\/vosgesinfo.fr\/gerardmerinfo\/2022\/10\/conseil-municipal-projet-de-reconstruction-centre-hospitalier-se-profile-a-lhorizon\/"]}]},{"@type":"ImageObject","inLanguage":"fr-FR","@id":"https:\/\/vosgesinfo.fr\/gerardmerinfo\/2022\/10\/conseil-municipal-projet-de-reconstruction-centre-hospitalier-se-profile-a-lhorizon\/#primaryimage","url":"https:\/\/vosgesinfo.fr\/app\/uploads\/sites\/6\/2024\/07\/202109centre-hospitalier-hopital-gerardmer-1.jpg","contentUrl":"https:\/\/vosgesinfo.fr\/app\/uploads\/sites\/6\/2024\/07\/202109centre-hospitalier-hopital-gerardmer-1.jpg","width":800,"height":600},{"@type":"BreadcrumbList","@id":"https:\/\/vosgesinfo.fr\/gerardmerinfo\/2022\/10\/conseil-municipal-projet-de-reconstruction-centre-hospitalier-se-profile-a-lhorizon\/#breadcrumb","itemListElement":[{"@type":"ListItem","position":1,"name":"Home","item":"https:\/\/vosgesinfo.fr\/gerardmerinfo\/"},{"@type":"ListItem","position":2,"name":"Conseil Municipal : un projet de reconstruction du centre hospitalier se profile \u00e0 l&rsquo;horizon"}]},{"@type":"WebSite","@id":"https:\/\/vosgesinfo.fr\/gerardmerinfo\/#website","url":"https:\/\/vosgesinfo.fr\/gerardmerinfo\/","name":"Gerardmer Info","description":"Toute l&#039;actualit\u00e9 de G\u00e9rardmer","publisher":{"@id":"https:\/\/vosgesinfo.fr\/gerardmerinfo\/#organization"},"alternateName":"Toute l'actualit\u00e9 de G\u00e9rardmer","potentialAction":[{"@type":"SearchAction","target":{"@type":"EntryPoint","urlTemplate":"https:\/\/vosgesinfo.fr\/gerardmerinfo\/?s={search_term_string}"},"query-input":"required name=search_term_string"}],"inLanguage":"fr-FR"},{"@type":"Organization","@id":"https:\/\/vosgesinfo.fr\/gerardmerinfo\/#organization","name":"Gerardmer Info","url":"https:\/\/vosgesinfo.fr\/gerardmerinfo\/","logo":{"@type":"ImageObject","inLanguage":"fr-FR","@id":"https:\/\/vosgesinfo.fr\/gerardmerinfo\/#\/schema\/logo\/image\/","url":"https:\/\/vosgesinfo.fr\/app\/uploads\/sites\/6\/2023\/08\/favicon-gerardmerinfo.png","contentUrl":"https:\/\/vosgesinfo.fr\/app\/uploads\/sites\/6\/2023\/08\/favicon-gerardmerinfo.png","width":512,"height":512,"caption":"Gerardmer Info"},"image":{"@id":"https:\/\/vosgesinfo.fr\/gerardmerinfo\/#\/schema\/logo\/image\/"},"sameAs":["https:\/\/www.facebook.com\/profile.php?id=100049475262660","https:\/\/x.com\/VosgesInfo88","https:\/\/www.youtube.com\/@vosgesinfo"]},{"@type":"Person","@id":"https:\/\/vosgesinfo.fr\/gerardmerinfo\/#\/schema\/person\/db5605779a843dad16b5368f3e7613a5","name":"QG","image":{"@type":"ImageObject","inLanguage":"fr-FR","@id":"https:\/\/vosgesinfo.fr\/gerardmerinfo\/#\/schema\/person\/image\/","url":"https:\/\/secure.gravatar.com\/avatar\/ea80c42c204b534408512832fde52504ecabb9706bcb6151cf6175e5b64e6793?s=96&d=mm&r=g","contentUrl":"https:\/\/secure.gravatar.com\/avatar\/ea80c42c204b534408512832fde52504ecabb9706bcb6151cf6175e5b64e6793?s=96&d=mm&r=g","caption":"QG"},"url":"https:\/\/vosgesinfo.fr\/gerardmerinfo\/author\/quentin88\/"}]}},"_links":{"self":[{"href":"https:\/\/vosgesinfo.fr\/gerardmerinfo\/wp-json\/wp\/v2\/posts\/62192","targetHints":{"allow":["GET"]}}],"collection":[{"href":"https:\/\/vosgesinfo.fr\/gerardmerinfo\/wp-json\/wp\/v2\/posts"}],"about":[{"href":"https:\/\/vosgesinfo.fr\/gerardmerinfo\/wp-json\/wp\/v2\/types\/post"}],"author":[{"embeddable":true,"href":"https:\/\/vosgesinfo.fr\/gerardmerinfo\/wp-json\/wp\/v2\/users\/42"}],"replies":[{"embeddable":true,"href":"https:\/\/vosgesinfo.fr\/gerardmerinfo\/wp-json\/wp\/v2\/comments?post=62192"}],"version-history":[{"count":0,"href":"https:\/\/vosgesinfo.fr\/gerardmerinfo\/wp-json\/wp\/v2\/posts\/62192\/revisions"}],"wp:featuredmedia":[{"embeddable":true,"href":"https:\/\/vosgesinfo.fr\/gerardmerinfo\/wp-json\/wp\/v2\/media\/62193"}],"wp:attachment":[{"href":"https:\/\/vosgesinfo.fr\/gerardmerinfo\/wp-json\/wp\/v2\/media?parent=62192"}],"wp:term":[{"taxonomy":"category","embeddable":true,"href":"https:\/\/vosgesinfo.fr\/gerardmerinfo\/wp-json\/wp\/v2\/categories?post=62192"},{"taxonomy":"post_tag","embeddable":true,"href":"https:\/\/vosgesinfo.fr\/gerardmerinfo\/wp-json\/wp\/v2\/tags?post=62192"}],"curies":[{"name":"wp","href":"https:\/\/api.w.org\/{rel}","templated":true}]}}