{"id":62194,"date":"2022-10-07T19:38:21","date_gmt":"2022-10-07T17:38:21","guid":{"rendered":"https:\/\/vosgesinfo.fr\/gerardmerinfo\/2022\/10\/conseil-municipal-cottage-st-remi-suite-fin\/"},"modified":"2022-10-07T19:38:21","modified_gmt":"2022-10-07T17:38:21","slug":"conseil-municipal-cottage-st-remi-suite-fin","status":"publish","type":"post","link":"https:\/\/vosgesinfo.fr\/gerardmerinfo\/2022\/10\/conseil-municipal-cottage-st-remi-suite-fin\/","title":{"rendered":"Conseil municipal &#8211; cottage St R\u00e9mi : suite &#038; fin"},"content":{"rendered":"<div dir=\"auto\"><a href=\"\/2022\/09\/cottage-saint-r\u00e9mi.jpg\"><img decoding=\"async\" class=\"aligncenter size-medium wp-image-195082\" src=\"\/2022\/09\/cottage-saint-r\u00e9mi-340x255.jpg\" alt=\"cottage saint r\u00e9mi\" width=\"340\" height=\"255\" \/><\/a><\/div>\n<div dir=\"auto\"><\/div>\n<h2 dir=\"auto\"><span style=\"font-size: 12pt;\">Le point num\u00e9ro 8 du dernier conseil municipal de G\u00e9rardmer appelait au vote de la vente du cottage saint R\u00e9mi au couple porteur du projet retenu et au prix de 100 000 \u20ac, conforme \u00e0 l&rsquo;estimation des domaines. Un projet pr\u00e9sent\u00e9 par Nina Mangeney et Jean-Paul Darani qui regroupe agro-tourisme, maraichage et h\u00e9bergement pour les randonneurs, le site se trouvant sur un GR.<\/span><\/h2>\n<div dir=\"auto\"><\/div>\n<div dir=\"auto\">Un point qui, comme le pressentait le premier magistrat, a suscit\u00e9 des r\u00e9actions de l&rsquo;opposition, \u00e0 commencer par l&rsquo;\u00e9lu du groupe G\u00e9rardmer Solidaire, sceptique sur l&rsquo;id\u00e9e d&rsquo;implanter un verger \u00e0 800m d&rsquo;altitude, d\u00e9\u00e7u par le choix qui a \u00e9t\u00e9 fait et le d\u00e9roulement des op\u00e9rations : \u00ab\u00a0<em>Je pensais qu&rsquo;on partait sur un projet essentiellement agricole et bio, l\u00e0 ce n&rsquo;est pas le cas, on est sur un projet qui inclut de l&rsquo;agrotourisme, un verger et de l&rsquo;h\u00e9bergement. (&#8230;) Je pense qu&rsquo;il aurait \u00e9t\u00e9 int\u00e9ressant de se r\u00e9unir autour d&rsquo;une table, avec le GAB (Groupement des Agriculteurs Biologiques) \u00e9galement qui proposait ses services pour \u00e9tudier les dossiers. Et il y avait un agriculteur qui mettait ses vaches sur ce terrain et qui s&rsquo;en trouve donc priv\u00e9. \u00a0A t-on envisag\u00e9 quelque chose ?<\/em>\u00a0\u00bb a questionn\u00e9 l&rsquo;\u00e9lu. Des propos prolong\u00e9s par Andr\u00e9 Jacquelin du groupe G\u00e9rardmer Notre Perle qui a interrog\u00e9 le premier magistrat sur la pertinence de se passer de l&rsquo;expertise du GAB, mais aussi sur le prix de vente jug\u00e9 minime : \u00ab\u00a0<em>Le prix de vente me choque, ne brade t-on pas\u00a0 le patrimoine de la commune ?<\/em>\u00ab\u00a0<\/div>\n<div dir=\"auto\">En mati\u00e8re d&rsquo;expertise, le premier magistrat a assur\u00e9 qu&rsquo;il a avait eu contact avec le pr\u00e9sident de la chambre d&rsquo;agriculture, tout en rappelant que le projet retenu incluait aussi de la culture biologique et que\u00a0 \u00ab\u00a0<em>au niveau du GAB il y a eu un quiproquo, j&rsquo;ai d&rsquo;ailleurs eu le pr\u00e9sident r\u00e9gional depuis \u00e0 ce sujet. Concernant le prix de vente, c&rsquo;est ce qui ressort de la consultation des Domaines. Il y a un fort investissement pour remettre en \u00e9tat les lieux qui n&rsquo;ont pas \u00e9t\u00e9 habit\u00e9s depuis tr\u00e8s longtemps<\/em>\u00a0\u00bb a pr\u00e9cis\u00e9 Stessy Speissmann qui, pour r\u00e9pondre \u00e9galement aux inqui\u00e9tudes quant \u00e0 une revente potentielle du b\u00e2timent pour en faire de l&rsquo;h\u00e9bergement pur, a rappel\u00e9 qu&rsquo;il \u00e9tait ill\u00e9gal d&rsquo;inclure de telles clauses qui n&rsquo;ont qu&rsquo;une \u00e9ventuelle valeur morale, mais aucunement juridique. Sur le point de l&rsquo;agriculteur, aucune solution de repli n&rsquo;a pour le moment \u00e9t\u00e9 envisag\u00e9e pour le moment&#8230; Mais une chose est s\u00fbre, le cottage St R\u00e9mi ne sera bient\u00f4t plus sans famille&#8230;<\/div>\n<div dir=\"auto\">Concernant les votes, les groupes d&rsquo;opposition ont choisi de s\u2019abstenir, soit 7 abstentions.<\/div>\n","protected":false},"excerpt":{"rendered":"<p>Le point num\u00e9ro 8 du dernier conseil municipal de G\u00e9rardmer appelait au vote de la vente du cottage saint R\u00e9mi [&hellip;]<\/p>\n","protected":false},"author":42,"featured_media":62195,"comment_status":"open","ping_status":"open","sticky":false,"template":"","format":"standard","meta":{"footnotes":""},"categories":[20,25,10,16],"tags":[],"class_list":["post-62194","post","type-post","status-publish","format-standard","has-post-thumbnail","hentry","category-a-la-une","category-gerardmer","category-politique","category-urbanisme"],"acf":[],"yoast_head":"<!-- This site is optimized with the Yoast SEO plugin v22.5 - https:\/\/yoast.com\/wordpress\/plugins\/seo\/ -->\n<title>Conseil municipal - cottage St R\u00e9mi : suite &amp; fin - Gerardmer Info<\/title>\n<meta name=\"robots\" content=\"index, follow, max-snippet:-1, max-image-preview:large, max-video-preview:-1\" \/>\n<link rel=\"canonical\" href=\"https:\/\/vosgesinfo.fr\/gerardmerinfo\/2022\/10\/conseil-municipal-cottage-st-remi-suite-fin\/\" \/>\n<meta name=\"twitter:card\" content=\"summary_large_image\" \/>\n<meta name=\"twitter:title\" content=\"Conseil municipal - cottage St R\u00e9mi : suite &amp; fin - Gerardmer Info\" \/>\n<meta name=\"twitter:description\" content=\"Le point num\u00e9ro 8 du dernier conseil municipal de G\u00e9rardmer appelait au vote de la vente du cottage saint R\u00e9mi [&hellip;]\" \/>\n<meta name=\"twitter:image\" content=\"https:\/\/vosgesinfo.fr\/app\/uploads\/sites\/6\/2024\/07\/202209cottage-saint-remi-1.jpg\" \/>\n<meta name=\"twitter:creator\" content=\"@VosgesInfo88\" \/>\n<meta name=\"twitter:site\" content=\"@VosgesInfo88\" \/>\n<meta name=\"twitter:label1\" content=\"\u00c9crit par\" \/>\n\t<meta name=\"twitter:data1\" content=\"QG\" \/>\n\t<meta name=\"twitter:label2\" content=\"Dur\u00e9e de lecture estim\u00e9e\" \/>\n\t<meta name=\"twitter:data2\" content=\"2 minutes\" \/>\n<script type=\"application\/ld+json\" class=\"yoast-schema-graph\">{\"@context\":\"https:\/\/schema.org\",\"@graph\":[{\"@type\":\"Article\",\"@id\":\"https:\/\/vosgesinfo.fr\/gerardmerinfo\/2022\/10\/conseil-municipal-cottage-st-remi-suite-fin\/#article\",\"isPartOf\":{\"@id\":\"https:\/\/vosgesinfo.fr\/gerardmerinfo\/2022\/10\/conseil-municipal-cottage-st-remi-suite-fin\/\"},\"author\":{\"name\":\"QG\",\"@id\":\"https:\/\/vosgesinfo.fr\/gerardmerinfo\/#\/schema\/person\/db5605779a843dad16b5368f3e7613a5\"},\"headline\":\"Conseil municipal &#8211; cottage St R\u00e9mi : suite &#038; fin\",\"datePublished\":\"2022-10-07T17:38:21+00:00\",\"dateModified\":\"2022-10-07T17:38:21+00:00\",\"mainEntityOfPage\":{\"@id\":\"https:\/\/vosgesinfo.fr\/gerardmerinfo\/2022\/10\/conseil-municipal-cottage-st-remi-suite-fin\/\"},\"wordCount\":483,\"commentCount\":0,\"publisher\":{\"@id\":\"https:\/\/vosgesinfo.fr\/gerardmerinfo\/#organization\"},\"image\":{\"@id\":\"https:\/\/vosgesinfo.fr\/gerardmerinfo\/2022\/10\/conseil-municipal-cottage-st-remi-suite-fin\/#primaryimage\"},\"thumbnailUrl\":\"https:\/\/vosgesinfo.fr\/app\/uploads\/sites\/6\/2024\/07\/202209cottage-saint-remi-1.jpg\",\"articleSection\":[\"A la une\",\"G\u00e9rardmer\",\"Politique\",\"Urbanisme\"],\"inLanguage\":\"fr-FR\",\"potentialAction\":[{\"@type\":\"CommentAction\",\"name\":\"Comment\",\"target\":[\"https:\/\/vosgesinfo.fr\/gerardmerinfo\/2022\/10\/conseil-municipal-cottage-st-remi-suite-fin\/#respond\"]}]},{\"@type\":\"WebPage\",\"@id\":\"https:\/\/vosgesinfo.fr\/gerardmerinfo\/2022\/10\/conseil-municipal-cottage-st-remi-suite-fin\/\",\"url\":\"https:\/\/vosgesinfo.fr\/gerardmerinfo\/2022\/10\/conseil-municipal-cottage-st-remi-suite-fin\/\",\"name\":\"Conseil municipal - cottage St R\u00e9mi : suite & fin - Gerardmer Info\",\"isPartOf\":{\"@id\":\"https:\/\/vosgesinfo.fr\/gerardmerinfo\/#website\"},\"primaryImageOfPage\":{\"@id\":\"https:\/\/vosgesinfo.fr\/gerardmerinfo\/2022\/10\/conseil-municipal-cottage-st-remi-suite-fin\/#primaryimage\"},\"image\":{\"@id\":\"https:\/\/vosgesinfo.fr\/gerardmerinfo\/2022\/10\/conseil-municipal-cottage-st-remi-suite-fin\/#primaryimage\"},\"thumbnailUrl\":\"https:\/\/vosgesinfo.fr\/app\/uploads\/sites\/6\/2024\/07\/202209cottage-saint-remi-1.jpg\",\"datePublished\":\"2022-10-07T17:38:21+00:00\",\"dateModified\":\"2022-10-07T17:38:21+00:00\",\"breadcrumb\":{\"@id\":\"https:\/\/vosgesinfo.fr\/gerardmerinfo\/2022\/10\/conseil-municipal-cottage-st-remi-suite-fin\/#breadcrumb\"},\"inLanguage\":\"fr-FR\",\"potentialAction\":[{\"@type\":\"ReadAction\",\"target\":[\"https:\/\/vosgesinfo.fr\/gerardmerinfo\/2022\/10\/conseil-municipal-cottage-st-remi-suite-fin\/\"]}]},{\"@type\":\"ImageObject\",\"inLanguage\":\"fr-FR\",\"@id\":\"https:\/\/vosgesinfo.fr\/gerardmerinfo\/2022\/10\/conseil-municipal-cottage-st-remi-suite-fin\/#primaryimage\",\"url\":\"https:\/\/vosgesinfo.fr\/app\/uploads\/sites\/6\/2024\/07\/202209cottage-saint-remi-1.jpg\",\"contentUrl\":\"https:\/\/vosgesinfo.fr\/app\/uploads\/sites\/6\/2024\/07\/202209cottage-saint-remi-1.jpg\",\"width\":1600,\"height\":1200},{\"@type\":\"BreadcrumbList\",\"@id\":\"https:\/\/vosgesinfo.fr\/gerardmerinfo\/2022\/10\/conseil-municipal-cottage-st-remi-suite-fin\/#breadcrumb\",\"itemListElement\":[{\"@type\":\"ListItem\",\"position\":1,\"name\":\"Home\",\"item\":\"https:\/\/vosgesinfo.fr\/gerardmerinfo\/\"},{\"@type\":\"ListItem\",\"position\":2,\"name\":\"Conseil municipal &#8211; cottage St R\u00e9mi : suite &#038; fin\"}]},{\"@type\":\"WebSite\",\"@id\":\"https:\/\/vosgesinfo.fr\/gerardmerinfo\/#website\",\"url\":\"https:\/\/vosgesinfo.fr\/gerardmerinfo\/\",\"name\":\"Gerardmer Info\",\"description\":\"Toute l&#039;actualit\u00e9 de G\u00e9rardmer\",\"publisher\":{\"@id\":\"https:\/\/vosgesinfo.fr\/gerardmerinfo\/#organization\"},\"alternateName\":\"Toute l'actualit\u00e9 de G\u00e9rardmer\",\"potentialAction\":[{\"@type\":\"SearchAction\",\"target\":{\"@type\":\"EntryPoint\",\"urlTemplate\":\"https:\/\/vosgesinfo.fr\/gerardmerinfo\/?s={search_term_string}\"},\"query-input\":\"required name=search_term_string\"}],\"inLanguage\":\"fr-FR\"},{\"@type\":\"Organization\",\"@id\":\"https:\/\/vosgesinfo.fr\/gerardmerinfo\/#organization\",\"name\":\"Gerardmer Info\",\"url\":\"https:\/\/vosgesinfo.fr\/gerardmerinfo\/\",\"logo\":{\"@type\":\"ImageObject\",\"inLanguage\":\"fr-FR\",\"@id\":\"https:\/\/vosgesinfo.fr\/gerardmerinfo\/#\/schema\/logo\/image\/\",\"url\":\"https:\/\/vosgesinfo.fr\/app\/uploads\/sites\/6\/2023\/08\/favicon-gerardmerinfo.png\",\"contentUrl\":\"https:\/\/vosgesinfo.fr\/app\/uploads\/sites\/6\/2023\/08\/favicon-gerardmerinfo.png\",\"width\":512,\"height\":512,\"caption\":\"Gerardmer Info\"},\"image\":{\"@id\":\"https:\/\/vosgesinfo.fr\/gerardmerinfo\/#\/schema\/logo\/image\/\"},\"sameAs\":[\"https:\/\/www.facebook.com\/profile.php?id=100049475262660\",\"https:\/\/x.com\/VosgesInfo88\",\"https:\/\/www.youtube.com\/@vosgesinfo\"]},{\"@type\":\"Person\",\"@id\":\"https:\/\/vosgesinfo.fr\/gerardmerinfo\/#\/schema\/person\/db5605779a843dad16b5368f3e7613a5\",\"name\":\"QG\",\"image\":{\"@type\":\"ImageObject\",\"inLanguage\":\"fr-FR\",\"@id\":\"https:\/\/vosgesinfo.fr\/gerardmerinfo\/#\/schema\/person\/image\/\",\"url\":\"https:\/\/secure.gravatar.com\/avatar\/ea80c42c204b534408512832fde52504ecabb9706bcb6151cf6175e5b64e6793?s=96&d=mm&r=g\",\"contentUrl\":\"https:\/\/secure.gravatar.com\/avatar\/ea80c42c204b534408512832fde52504ecabb9706bcb6151cf6175e5b64e6793?s=96&d=mm&r=g\",\"caption\":\"QG\"},\"url\":\"https:\/\/vosgesinfo.fr\/gerardmerinfo\/author\/quentin88\/\"}]}<\/script>\n<!-- \/ Yoast SEO plugin. -->","yoast_head_json":{"title":"Conseil municipal - cottage St R\u00e9mi : suite & fin - Gerardmer Info","robots":{"index":"index","follow":"follow","max-snippet":"max-snippet:-1","max-image-preview":"max-image-preview:large","max-video-preview":"max-video-preview:-1"},"canonical":"https:\/\/vosgesinfo.fr\/gerardmerinfo\/2022\/10\/conseil-municipal-cottage-st-remi-suite-fin\/","twitter_card":"summary_large_image","twitter_title":"Conseil municipal - cottage St R\u00e9mi : suite & fin - Gerardmer Info","twitter_description":"Le point num\u00e9ro 8 du dernier conseil municipal de G\u00e9rardmer appelait au vote de la vente du cottage saint R\u00e9mi [&hellip;]","twitter_image":"https:\/\/vosgesinfo.fr\/app\/uploads\/sites\/6\/2024\/07\/202209cottage-saint-remi-1.jpg","twitter_creator":"@VosgesInfo88","twitter_site":"@VosgesInfo88","twitter_misc":{"\u00c9crit par":"QG","Dur\u00e9e de lecture estim\u00e9e":"2 minutes"},"schema":{"@context":"https:\/\/schema.org","@graph":[{"@type":"Article","@id":"https:\/\/vosgesinfo.fr\/gerardmerinfo\/2022\/10\/conseil-municipal-cottage-st-remi-suite-fin\/#article","isPartOf":{"@id":"https:\/\/vosgesinfo.fr\/gerardmerinfo\/2022\/10\/conseil-municipal-cottage-st-remi-suite-fin\/"},"author":{"name":"QG","@id":"https:\/\/vosgesinfo.fr\/gerardmerinfo\/#\/schema\/person\/db5605779a843dad16b5368f3e7613a5"},"headline":"Conseil municipal &#8211; cottage St R\u00e9mi : suite &#038; fin","datePublished":"2022-10-07T17:38:21+00:00","dateModified":"2022-10-07T17:38:21+00:00","mainEntityOfPage":{"@id":"https:\/\/vosgesinfo.fr\/gerardmerinfo\/2022\/10\/conseil-municipal-cottage-st-remi-suite-fin\/"},"wordCount":483,"commentCount":0,"publisher":{"@id":"https:\/\/vosgesinfo.fr\/gerardmerinfo\/#organization"},"image":{"@id":"https:\/\/vosgesinfo.fr\/gerardmerinfo\/2022\/10\/conseil-municipal-cottage-st-remi-suite-fin\/#primaryimage"},"thumbnailUrl":"https:\/\/vosgesinfo.fr\/app\/uploads\/sites\/6\/2024\/07\/202209cottage-saint-remi-1.jpg","articleSection":["A la une","G\u00e9rardmer","Politique","Urbanisme"],"inLanguage":"fr-FR","potentialAction":[{"@type":"CommentAction","name":"Comment","target":["https:\/\/vosgesinfo.fr\/gerardmerinfo\/2022\/10\/conseil-municipal-cottage-st-remi-suite-fin\/#respond"]}]},{"@type":"WebPage","@id":"https:\/\/vosgesinfo.fr\/gerardmerinfo\/2022\/10\/conseil-municipal-cottage-st-remi-suite-fin\/","url":"https:\/\/vosgesinfo.fr\/gerardmerinfo\/2022\/10\/conseil-municipal-cottage-st-remi-suite-fin\/","name":"Conseil municipal - cottage St R\u00e9mi : suite & fin - Gerardmer Info","isPartOf":{"@id":"https:\/\/vosgesinfo.fr\/gerardmerinfo\/#website"},"primaryImageOfPage":{"@id":"https:\/\/vosgesinfo.fr\/gerardmerinfo\/2022\/10\/conseil-municipal-cottage-st-remi-suite-fin\/#primaryimage"},"image":{"@id":"https:\/\/vosgesinfo.fr\/gerardmerinfo\/2022\/10\/conseil-municipal-cottage-st-remi-suite-fin\/#primaryimage"},"thumbnailUrl":"https:\/\/vosgesinfo.fr\/app\/uploads\/sites\/6\/2024\/07\/202209cottage-saint-remi-1.jpg","datePublished":"2022-10-07T17:38:21+00:00","dateModified":"2022-10-07T17:38:21+00:00","breadcrumb":{"@id":"https:\/\/vosgesinfo.fr\/gerardmerinfo\/2022\/10\/conseil-municipal-cottage-st-remi-suite-fin\/#breadcrumb"},"inLanguage":"fr-FR","potentialAction":[{"@type":"ReadAction","target":["https:\/\/vosgesinfo.fr\/gerardmerinfo\/2022\/10\/conseil-municipal-cottage-st-remi-suite-fin\/"]}]},{"@type":"ImageObject","inLanguage":"fr-FR","@id":"https:\/\/vosgesinfo.fr\/gerardmerinfo\/2022\/10\/conseil-municipal-cottage-st-remi-suite-fin\/#primaryimage","url":"https:\/\/vosgesinfo.fr\/app\/uploads\/sites\/6\/2024\/07\/202209cottage-saint-remi-1.jpg","contentUrl":"https:\/\/vosgesinfo.fr\/app\/uploads\/sites\/6\/2024\/07\/202209cottage-saint-remi-1.jpg","width":1600,"height":1200},{"@type":"BreadcrumbList","@id":"https:\/\/vosgesinfo.fr\/gerardmerinfo\/2022\/10\/conseil-municipal-cottage-st-remi-suite-fin\/#breadcrumb","itemListElement":[{"@type":"ListItem","position":1,"name":"Home","item":"https:\/\/vosgesinfo.fr\/gerardmerinfo\/"},{"@type":"ListItem","position":2,"name":"Conseil municipal &#8211; cottage St R\u00e9mi : suite &#038; fin"}]},{"@type":"WebSite","@id":"https:\/\/vosgesinfo.fr\/gerardmerinfo\/#website","url":"https:\/\/vosgesinfo.fr\/gerardmerinfo\/","name":"Gerardmer Info","description":"Toute l&#039;actualit\u00e9 de G\u00e9rardmer","publisher":{"@id":"https:\/\/vosgesinfo.fr\/gerardmerinfo\/#organization"},"alternateName":"Toute l'actualit\u00e9 de G\u00e9rardmer","potentialAction":[{"@type":"SearchAction","target":{"@type":"EntryPoint","urlTemplate":"https:\/\/vosgesinfo.fr\/gerardmerinfo\/?s={search_term_string}"},"query-input":"required name=search_term_string"}],"inLanguage":"fr-FR"},{"@type":"Organization","@id":"https:\/\/vosgesinfo.fr\/gerardmerinfo\/#organization","name":"Gerardmer Info","url":"https:\/\/vosgesinfo.fr\/gerardmerinfo\/","logo":{"@type":"ImageObject","inLanguage":"fr-FR","@id":"https:\/\/vosgesinfo.fr\/gerardmerinfo\/#\/schema\/logo\/image\/","url":"https:\/\/vosgesinfo.fr\/app\/uploads\/sites\/6\/2023\/08\/favicon-gerardmerinfo.png","contentUrl":"https:\/\/vosgesinfo.fr\/app\/uploads\/sites\/6\/2023\/08\/favicon-gerardmerinfo.png","width":512,"height":512,"caption":"Gerardmer Info"},"image":{"@id":"https:\/\/vosgesinfo.fr\/gerardmerinfo\/#\/schema\/logo\/image\/"},"sameAs":["https:\/\/www.facebook.com\/profile.php?id=100049475262660","https:\/\/x.com\/VosgesInfo88","https:\/\/www.youtube.com\/@vosgesinfo"]},{"@type":"Person","@id":"https:\/\/vosgesinfo.fr\/gerardmerinfo\/#\/schema\/person\/db5605779a843dad16b5368f3e7613a5","name":"QG","image":{"@type":"ImageObject","inLanguage":"fr-FR","@id":"https:\/\/vosgesinfo.fr\/gerardmerinfo\/#\/schema\/person\/image\/","url":"https:\/\/secure.gravatar.com\/avatar\/ea80c42c204b534408512832fde52504ecabb9706bcb6151cf6175e5b64e6793?s=96&d=mm&r=g","contentUrl":"https:\/\/secure.gravatar.com\/avatar\/ea80c42c204b534408512832fde52504ecabb9706bcb6151cf6175e5b64e6793?s=96&d=mm&r=g","caption":"QG"},"url":"https:\/\/vosgesinfo.fr\/gerardmerinfo\/author\/quentin88\/"}]}},"_links":{"self":[{"href":"https:\/\/vosgesinfo.fr\/gerardmerinfo\/wp-json\/wp\/v2\/posts\/62194","targetHints":{"allow":["GET"]}}],"collection":[{"href":"https:\/\/vosgesinfo.fr\/gerardmerinfo\/wp-json\/wp\/v2\/posts"}],"about":[{"href":"https:\/\/vosgesinfo.fr\/gerardmerinfo\/wp-json\/wp\/v2\/types\/post"}],"author":[{"embeddable":true,"href":"https:\/\/vosgesinfo.fr\/gerardmerinfo\/wp-json\/wp\/v2\/users\/42"}],"replies":[{"embeddable":true,"href":"https:\/\/vosgesinfo.fr\/gerardmerinfo\/wp-json\/wp\/v2\/comments?post=62194"}],"version-history":[{"count":0,"href":"https:\/\/vosgesinfo.fr\/gerardmerinfo\/wp-json\/wp\/v2\/posts\/62194\/revisions"}],"wp:featuredmedia":[{"embeddable":true,"href":"https:\/\/vosgesinfo.fr\/gerardmerinfo\/wp-json\/wp\/v2\/media\/62195"}],"wp:attachment":[{"href":"https:\/\/vosgesinfo.fr\/gerardmerinfo\/wp-json\/wp\/v2\/media?parent=62194"}],"wp:term":[{"taxonomy":"category","embeddable":true,"href":"https:\/\/vosgesinfo.fr\/gerardmerinfo\/wp-json\/wp\/v2\/categories?post=62194"},{"taxonomy":"post_tag","embeddable":true,"href":"https:\/\/vosgesinfo.fr\/gerardmerinfo\/wp-json\/wp\/v2\/tags?post=62194"}],"curies":[{"name":"wp","href":"https:\/\/api.w.org\/{rel}","templated":true}]}}