{"id":62197,"date":"2022-10-08T08:42:19","date_gmt":"2022-10-08T06:42:19","guid":{"rendered":"https:\/\/vosgesinfo.fr\/gerardmerinfo\/2022\/10\/conseil-municipal-revision-plu-geromois-bientot-consultes\/"},"modified":"2022-10-08T08:42:19","modified_gmt":"2022-10-08T06:42:19","slug":"conseil-municipal-revision-plu-geromois-bientot-consultes","status":"publish","type":"post","link":"https:\/\/vosgesinfo.fr\/gerardmerinfo\/2022\/10\/conseil-municipal-revision-plu-geromois-bientot-consultes\/","title":{"rendered":"Conseil municipal : r\u00e9vision du PLU : les G\u00e9r\u00f4mois bient\u00f4t consult\u00e9s"},"content":{"rendered":"<p>Parmi les questions diverses, le groupe G\u00e9rardmer Notre Perle par l&rsquo;interm\u00e9diaire d&rsquo;Andr\u00e9 Jacquelin souhaitait \u00e9galement \u00e9voquer la proc\u00e9dure de r\u00e9vision du PLU : \u00ab\u00a0<em>Il est pr\u00e9vu prochainement une restitution du diagnostic dans le cadre de la proc\u00e9dure de r\u00e9vision. Trouvez-vous normal que ce diagnostic ait \u00e9t\u00e9 confi\u00e9 exclusivement \u00e0 un cabinet ext\u00e9rieur sans que n\u2019ait \u00e9t\u00e9 r\u00e9unie une seule fois la commission urbanisme, sans qu\u2019il n\u2019y ait eu aucun \u00e9change avec les habitants qui pourtant connaissent mieux que quiconque leur territoire<\/em> ?\u00a0\u00bb<\/p>\n<p>\u00ab\u00a0<em>Sur ce point, nous ne savons pas faire sans le priv\u00e9, nous n&rsquo;en avons pas le savoir-voir-faire. (&#8230;) Nous avons fait un appel d&rsquo;offre pour ce diagnostic, et ce ne sont pas des G\u00e9r\u00f4mois qui ont \u00e9t\u00e9 retenus, ce qui est sans doute mieux afin d&rsquo;avoir un regard ext\u00e9rieur. Mais c&rsquo;est une soci\u00e9t\u00e9 qui a l&rsquo;avantage d&rsquo;avoir une exp\u00e9rience sur les communes de montagne. Il y a un planning qui fait que ce diagnostic sera prochainement pr\u00e9sent\u00e9 aux \u00e9lus, ainsi qu&rsquo;aux personnes publiques associ\u00e9es, et fin octobre, \u00a0les ateliers participatifs seront lanc\u00e9s, c&rsquo;est pr\u00e9vu<\/em>\u00a0\u00bb pr\u00e9cise le maire de G\u00e9rardmer sur le sujet. Et Andr\u00e9 Jacquelin de regretter que la commission urbanisme n&rsquo;ait \u00e9t\u00e9 r\u00e9unie sur ce sujet : \u00ab\u00a0<em>On ne nous r\u00e9unit pas, la commission urbanisme voit le train passer\u00a0\u00bb<\/em>. \u00ab\u00a0<em>Le diagnostique nous d\u00e9grossit le travail, nous l&rsquo;attendons pour ensuite travailler sur ce qui peut l&rsquo;\u00eatre dans un cadre l\u00e9gal<\/em>\u00a0\u00bb r\u00e9torque l&rsquo;adjoint \u00e0 l&rsquo;urbanisme Pierre Imbert. \u00ab\u00a0<em>Allons nous r\u00e9unir la commission urbanisme ?<\/em>\u00a0\u00bb demande Andr\u00e9 Jacquelin. La r\u00e9ponse du maire est claire : \u00ab\u00a0<em>Si c&rsquo;est une demande : oui<\/em>\u00ab\u00a0.<\/p>\n","protected":false},"excerpt":{"rendered":"<p>Parmi les questions diverses, le groupe G\u00e9rardmer Notre Perle par l&rsquo;interm\u00e9diaire d&rsquo;Andr\u00e9 Jacquelin souhaitait \u00e9galement \u00e9voquer la proc\u00e9dure de r\u00e9vision [&hellip;]<\/p>\n","protected":false},"author":42,"featured_media":5852,"comment_status":"open","ping_status":"open","sticky":false,"template":"","format":"standard","meta":{"footnotes":""},"categories":[20,25,16],"tags":[],"class_list":["post-62197","post","type-post","status-publish","format-standard","has-post-thumbnail","hentry","category-a-la-une","category-gerardmer","category-urbanisme"],"acf":[],"yoast_head":"<!-- This site is optimized with the Yoast SEO plugin v22.5 - https:\/\/yoast.com\/wordpress\/plugins\/seo\/ -->\n<title>Conseil municipal : r\u00e9vision du PLU : les G\u00e9r\u00f4mois bient\u00f4t consult\u00e9s - Gerardmer Info<\/title>\n<meta name=\"robots\" content=\"index, follow, max-snippet:-1, max-image-preview:large, max-video-preview:-1\" \/>\n<link rel=\"canonical\" href=\"https:\/\/vosgesinfo.fr\/gerardmerinfo\/2022\/10\/conseil-municipal-revision-plu-geromois-bientot-consultes\/\" \/>\n<meta name=\"twitter:card\" content=\"summary_large_image\" \/>\n<meta name=\"twitter:title\" content=\"Conseil municipal : r\u00e9vision du PLU : les G\u00e9r\u00f4mois bient\u00f4t consult\u00e9s - Gerardmer Info\" \/>\n<meta name=\"twitter:description\" content=\"Parmi les questions diverses, le groupe G\u00e9rardmer Notre Perle par l&rsquo;interm\u00e9diaire d&rsquo;Andr\u00e9 Jacquelin souhaitait \u00e9galement \u00e9voquer la proc\u00e9dure de r\u00e9vision [&hellip;]\" \/>\n<meta name=\"twitter:image\" content=\"https:\/\/vosgesinfo.fr\/app\/uploads\/sites\/6\/2020\/02\/plu.jpg\" \/>\n<meta name=\"twitter:creator\" content=\"@VosgesInfo88\" \/>\n<meta name=\"twitter:site\" content=\"@VosgesInfo88\" \/>\n<meta name=\"twitter:label1\" content=\"\u00c9crit par\" \/>\n\t<meta name=\"twitter:data1\" content=\"QG\" \/>\n\t<meta name=\"twitter:label2\" content=\"Dur\u00e9e de lecture estim\u00e9e\" \/>\n\t<meta name=\"twitter:data2\" content=\"1 minute\" \/>\n<script type=\"application\/ld+json\" class=\"yoast-schema-graph\">{\"@context\":\"https:\/\/schema.org\",\"@graph\":[{\"@type\":\"Article\",\"@id\":\"https:\/\/vosgesinfo.fr\/gerardmerinfo\/2022\/10\/conseil-municipal-revision-plu-geromois-bientot-consultes\/#article\",\"isPartOf\":{\"@id\":\"https:\/\/vosgesinfo.fr\/gerardmerinfo\/2022\/10\/conseil-municipal-revision-plu-geromois-bientot-consultes\/\"},\"author\":{\"name\":\"QG\",\"@id\":\"https:\/\/vosgesinfo.fr\/gerardmerinfo\/#\/schema\/person\/db5605779a843dad16b5368f3e7613a5\"},\"headline\":\"Conseil municipal : r\u00e9vision du PLU : les G\u00e9r\u00f4mois bient\u00f4t consult\u00e9s\",\"datePublished\":\"2022-10-08T06:42:19+00:00\",\"dateModified\":\"2022-10-08T06:42:19+00:00\",\"mainEntityOfPage\":{\"@id\":\"https:\/\/vosgesinfo.fr\/gerardmerinfo\/2022\/10\/conseil-municipal-revision-plu-geromois-bientot-consultes\/\"},\"wordCount\":312,\"commentCount\":0,\"publisher\":{\"@id\":\"https:\/\/vosgesinfo.fr\/gerardmerinfo\/#organization\"},\"image\":{\"@id\":\"https:\/\/vosgesinfo.fr\/gerardmerinfo\/2022\/10\/conseil-municipal-revision-plu-geromois-bientot-consultes\/#primaryimage\"},\"thumbnailUrl\":\"https:\/\/vosgesinfo.fr\/app\/uploads\/sites\/6\/2020\/02\/plu.jpg\",\"articleSection\":[\"A la une\",\"G\u00e9rardmer\",\"Urbanisme\"],\"inLanguage\":\"fr-FR\",\"potentialAction\":[{\"@type\":\"CommentAction\",\"name\":\"Comment\",\"target\":[\"https:\/\/vosgesinfo.fr\/gerardmerinfo\/2022\/10\/conseil-municipal-revision-plu-geromois-bientot-consultes\/#respond\"]}]},{\"@type\":\"WebPage\",\"@id\":\"https:\/\/vosgesinfo.fr\/gerardmerinfo\/2022\/10\/conseil-municipal-revision-plu-geromois-bientot-consultes\/\",\"url\":\"https:\/\/vosgesinfo.fr\/gerardmerinfo\/2022\/10\/conseil-municipal-revision-plu-geromois-bientot-consultes\/\",\"name\":\"Conseil municipal : r\u00e9vision du PLU : les G\u00e9r\u00f4mois bient\u00f4t consult\u00e9s - Gerardmer Info\",\"isPartOf\":{\"@id\":\"https:\/\/vosgesinfo.fr\/gerardmerinfo\/#website\"},\"primaryImageOfPage\":{\"@id\":\"https:\/\/vosgesinfo.fr\/gerardmerinfo\/2022\/10\/conseil-municipal-revision-plu-geromois-bientot-consultes\/#primaryimage\"},\"image\":{\"@id\":\"https:\/\/vosgesinfo.fr\/gerardmerinfo\/2022\/10\/conseil-municipal-revision-plu-geromois-bientot-consultes\/#primaryimage\"},\"thumbnailUrl\":\"https:\/\/vosgesinfo.fr\/app\/uploads\/sites\/6\/2020\/02\/plu.jpg\",\"datePublished\":\"2022-10-08T06:42:19+00:00\",\"dateModified\":\"2022-10-08T06:42:19+00:00\",\"breadcrumb\":{\"@id\":\"https:\/\/vosgesinfo.fr\/gerardmerinfo\/2022\/10\/conseil-municipal-revision-plu-geromois-bientot-consultes\/#breadcrumb\"},\"inLanguage\":\"fr-FR\",\"potentialAction\":[{\"@type\":\"ReadAction\",\"target\":[\"https:\/\/vosgesinfo.fr\/gerardmerinfo\/2022\/10\/conseil-municipal-revision-plu-geromois-bientot-consultes\/\"]}]},{\"@type\":\"ImageObject\",\"inLanguage\":\"fr-FR\",\"@id\":\"https:\/\/vosgesinfo.fr\/gerardmerinfo\/2022\/10\/conseil-municipal-revision-plu-geromois-bientot-consultes\/#primaryimage\",\"url\":\"https:\/\/vosgesinfo.fr\/app\/uploads\/sites\/6\/2020\/02\/plu.jpg\",\"contentUrl\":\"https:\/\/vosgesinfo.fr\/app\/uploads\/sites\/6\/2020\/02\/plu.jpg\"},{\"@type\":\"BreadcrumbList\",\"@id\":\"https:\/\/vosgesinfo.fr\/gerardmerinfo\/2022\/10\/conseil-municipal-revision-plu-geromois-bientot-consultes\/#breadcrumb\",\"itemListElement\":[{\"@type\":\"ListItem\",\"position\":1,\"name\":\"Home\",\"item\":\"https:\/\/vosgesinfo.fr\/gerardmerinfo\/\"},{\"@type\":\"ListItem\",\"position\":2,\"name\":\"Conseil municipal : r\u00e9vision du PLU : les G\u00e9r\u00f4mois bient\u00f4t consult\u00e9s\"}]},{\"@type\":\"WebSite\",\"@id\":\"https:\/\/vosgesinfo.fr\/gerardmerinfo\/#website\",\"url\":\"https:\/\/vosgesinfo.fr\/gerardmerinfo\/\",\"name\":\"Gerardmer Info\",\"description\":\"Toute l&#039;actualit\u00e9 de G\u00e9rardmer\",\"publisher\":{\"@id\":\"https:\/\/vosgesinfo.fr\/gerardmerinfo\/#organization\"},\"alternateName\":\"Toute l'actualit\u00e9 de G\u00e9rardmer\",\"potentialAction\":[{\"@type\":\"SearchAction\",\"target\":{\"@type\":\"EntryPoint\",\"urlTemplate\":\"https:\/\/vosgesinfo.fr\/gerardmerinfo\/?s={search_term_string}\"},\"query-input\":\"required name=search_term_string\"}],\"inLanguage\":\"fr-FR\"},{\"@type\":\"Organization\",\"@id\":\"https:\/\/vosgesinfo.fr\/gerardmerinfo\/#organization\",\"name\":\"Gerardmer Info\",\"url\":\"https:\/\/vosgesinfo.fr\/gerardmerinfo\/\",\"logo\":{\"@type\":\"ImageObject\",\"inLanguage\":\"fr-FR\",\"@id\":\"https:\/\/vosgesinfo.fr\/gerardmerinfo\/#\/schema\/logo\/image\/\",\"url\":\"https:\/\/vosgesinfo.fr\/app\/uploads\/sites\/6\/2023\/08\/favicon-gerardmerinfo.png\",\"contentUrl\":\"https:\/\/vosgesinfo.fr\/app\/uploads\/sites\/6\/2023\/08\/favicon-gerardmerinfo.png\",\"width\":512,\"height\":512,\"caption\":\"Gerardmer Info\"},\"image\":{\"@id\":\"https:\/\/vosgesinfo.fr\/gerardmerinfo\/#\/schema\/logo\/image\/\"},\"sameAs\":[\"https:\/\/www.facebook.com\/profile.php?id=100049475262660\",\"https:\/\/x.com\/VosgesInfo88\",\"https:\/\/www.youtube.com\/@vosgesinfo\"]},{\"@type\":\"Person\",\"@id\":\"https:\/\/vosgesinfo.fr\/gerardmerinfo\/#\/schema\/person\/db5605779a843dad16b5368f3e7613a5\",\"name\":\"QG\",\"image\":{\"@type\":\"ImageObject\",\"inLanguage\":\"fr-FR\",\"@id\":\"https:\/\/vosgesinfo.fr\/gerardmerinfo\/#\/schema\/person\/image\/\",\"url\":\"https:\/\/secure.gravatar.com\/avatar\/ea80c42c204b534408512832fde52504ecabb9706bcb6151cf6175e5b64e6793?s=96&d=mm&r=g\",\"contentUrl\":\"https:\/\/secure.gravatar.com\/avatar\/ea80c42c204b534408512832fde52504ecabb9706bcb6151cf6175e5b64e6793?s=96&d=mm&r=g\",\"caption\":\"QG\"},\"url\":\"https:\/\/vosgesinfo.fr\/gerardmerinfo\/author\/quentin88\/\"}]}<\/script>\n<!-- \/ Yoast SEO plugin. -->","yoast_head_json":{"title":"Conseil municipal : r\u00e9vision du PLU : les G\u00e9r\u00f4mois bient\u00f4t consult\u00e9s - Gerardmer Info","robots":{"index":"index","follow":"follow","max-snippet":"max-snippet:-1","max-image-preview":"max-image-preview:large","max-video-preview":"max-video-preview:-1"},"canonical":"https:\/\/vosgesinfo.fr\/gerardmerinfo\/2022\/10\/conseil-municipal-revision-plu-geromois-bientot-consultes\/","twitter_card":"summary_large_image","twitter_title":"Conseil municipal : r\u00e9vision du PLU : les G\u00e9r\u00f4mois bient\u00f4t consult\u00e9s - Gerardmer Info","twitter_description":"Parmi les questions diverses, le groupe G\u00e9rardmer Notre Perle par l&rsquo;interm\u00e9diaire d&rsquo;Andr\u00e9 Jacquelin souhaitait \u00e9galement \u00e9voquer la proc\u00e9dure de r\u00e9vision [&hellip;]","twitter_image":"https:\/\/vosgesinfo.fr\/app\/uploads\/sites\/6\/2020\/02\/plu.jpg","twitter_creator":"@VosgesInfo88","twitter_site":"@VosgesInfo88","twitter_misc":{"\u00c9crit par":"QG","Dur\u00e9e de lecture estim\u00e9e":"1 minute"},"schema":{"@context":"https:\/\/schema.org","@graph":[{"@type":"Article","@id":"https:\/\/vosgesinfo.fr\/gerardmerinfo\/2022\/10\/conseil-municipal-revision-plu-geromois-bientot-consultes\/#article","isPartOf":{"@id":"https:\/\/vosgesinfo.fr\/gerardmerinfo\/2022\/10\/conseil-municipal-revision-plu-geromois-bientot-consultes\/"},"author":{"name":"QG","@id":"https:\/\/vosgesinfo.fr\/gerardmerinfo\/#\/schema\/person\/db5605779a843dad16b5368f3e7613a5"},"headline":"Conseil municipal : r\u00e9vision du PLU : les G\u00e9r\u00f4mois bient\u00f4t consult\u00e9s","datePublished":"2022-10-08T06:42:19+00:00","dateModified":"2022-10-08T06:42:19+00:00","mainEntityOfPage":{"@id":"https:\/\/vosgesinfo.fr\/gerardmerinfo\/2022\/10\/conseil-municipal-revision-plu-geromois-bientot-consultes\/"},"wordCount":312,"commentCount":0,"publisher":{"@id":"https:\/\/vosgesinfo.fr\/gerardmerinfo\/#organization"},"image":{"@id":"https:\/\/vosgesinfo.fr\/gerardmerinfo\/2022\/10\/conseil-municipal-revision-plu-geromois-bientot-consultes\/#primaryimage"},"thumbnailUrl":"https:\/\/vosgesinfo.fr\/app\/uploads\/sites\/6\/2020\/02\/plu.jpg","articleSection":["A la une","G\u00e9rardmer","Urbanisme"],"inLanguage":"fr-FR","potentialAction":[{"@type":"CommentAction","name":"Comment","target":["https:\/\/vosgesinfo.fr\/gerardmerinfo\/2022\/10\/conseil-municipal-revision-plu-geromois-bientot-consultes\/#respond"]}]},{"@type":"WebPage","@id":"https:\/\/vosgesinfo.fr\/gerardmerinfo\/2022\/10\/conseil-municipal-revision-plu-geromois-bientot-consultes\/","url":"https:\/\/vosgesinfo.fr\/gerardmerinfo\/2022\/10\/conseil-municipal-revision-plu-geromois-bientot-consultes\/","name":"Conseil municipal : r\u00e9vision du PLU : les G\u00e9r\u00f4mois bient\u00f4t consult\u00e9s - Gerardmer Info","isPartOf":{"@id":"https:\/\/vosgesinfo.fr\/gerardmerinfo\/#website"},"primaryImageOfPage":{"@id":"https:\/\/vosgesinfo.fr\/gerardmerinfo\/2022\/10\/conseil-municipal-revision-plu-geromois-bientot-consultes\/#primaryimage"},"image":{"@id":"https:\/\/vosgesinfo.fr\/gerardmerinfo\/2022\/10\/conseil-municipal-revision-plu-geromois-bientot-consultes\/#primaryimage"},"thumbnailUrl":"https:\/\/vosgesinfo.fr\/app\/uploads\/sites\/6\/2020\/02\/plu.jpg","datePublished":"2022-10-08T06:42:19+00:00","dateModified":"2022-10-08T06:42:19+00:00","breadcrumb":{"@id":"https:\/\/vosgesinfo.fr\/gerardmerinfo\/2022\/10\/conseil-municipal-revision-plu-geromois-bientot-consultes\/#breadcrumb"},"inLanguage":"fr-FR","potentialAction":[{"@type":"ReadAction","target":["https:\/\/vosgesinfo.fr\/gerardmerinfo\/2022\/10\/conseil-municipal-revision-plu-geromois-bientot-consultes\/"]}]},{"@type":"ImageObject","inLanguage":"fr-FR","@id":"https:\/\/vosgesinfo.fr\/gerardmerinfo\/2022\/10\/conseil-municipal-revision-plu-geromois-bientot-consultes\/#primaryimage","url":"https:\/\/vosgesinfo.fr\/app\/uploads\/sites\/6\/2020\/02\/plu.jpg","contentUrl":"https:\/\/vosgesinfo.fr\/app\/uploads\/sites\/6\/2020\/02\/plu.jpg"},{"@type":"BreadcrumbList","@id":"https:\/\/vosgesinfo.fr\/gerardmerinfo\/2022\/10\/conseil-municipal-revision-plu-geromois-bientot-consultes\/#breadcrumb","itemListElement":[{"@type":"ListItem","position":1,"name":"Home","item":"https:\/\/vosgesinfo.fr\/gerardmerinfo\/"},{"@type":"ListItem","position":2,"name":"Conseil municipal : r\u00e9vision du PLU : les G\u00e9r\u00f4mois bient\u00f4t consult\u00e9s"}]},{"@type":"WebSite","@id":"https:\/\/vosgesinfo.fr\/gerardmerinfo\/#website","url":"https:\/\/vosgesinfo.fr\/gerardmerinfo\/","name":"Gerardmer Info","description":"Toute l&#039;actualit\u00e9 de G\u00e9rardmer","publisher":{"@id":"https:\/\/vosgesinfo.fr\/gerardmerinfo\/#organization"},"alternateName":"Toute l'actualit\u00e9 de G\u00e9rardmer","potentialAction":[{"@type":"SearchAction","target":{"@type":"EntryPoint","urlTemplate":"https:\/\/vosgesinfo.fr\/gerardmerinfo\/?s={search_term_string}"},"query-input":"required name=search_term_string"}],"inLanguage":"fr-FR"},{"@type":"Organization","@id":"https:\/\/vosgesinfo.fr\/gerardmerinfo\/#organization","name":"Gerardmer Info","url":"https:\/\/vosgesinfo.fr\/gerardmerinfo\/","logo":{"@type":"ImageObject","inLanguage":"fr-FR","@id":"https:\/\/vosgesinfo.fr\/gerardmerinfo\/#\/schema\/logo\/image\/","url":"https:\/\/vosgesinfo.fr\/app\/uploads\/sites\/6\/2023\/08\/favicon-gerardmerinfo.png","contentUrl":"https:\/\/vosgesinfo.fr\/app\/uploads\/sites\/6\/2023\/08\/favicon-gerardmerinfo.png","width":512,"height":512,"caption":"Gerardmer Info"},"image":{"@id":"https:\/\/vosgesinfo.fr\/gerardmerinfo\/#\/schema\/logo\/image\/"},"sameAs":["https:\/\/www.facebook.com\/profile.php?id=100049475262660","https:\/\/x.com\/VosgesInfo88","https:\/\/www.youtube.com\/@vosgesinfo"]},{"@type":"Person","@id":"https:\/\/vosgesinfo.fr\/gerardmerinfo\/#\/schema\/person\/db5605779a843dad16b5368f3e7613a5","name":"QG","image":{"@type":"ImageObject","inLanguage":"fr-FR","@id":"https:\/\/vosgesinfo.fr\/gerardmerinfo\/#\/schema\/person\/image\/","url":"https:\/\/secure.gravatar.com\/avatar\/ea80c42c204b534408512832fde52504ecabb9706bcb6151cf6175e5b64e6793?s=96&d=mm&r=g","contentUrl":"https:\/\/secure.gravatar.com\/avatar\/ea80c42c204b534408512832fde52504ecabb9706bcb6151cf6175e5b64e6793?s=96&d=mm&r=g","caption":"QG"},"url":"https:\/\/vosgesinfo.fr\/gerardmerinfo\/author\/quentin88\/"}]}},"_links":{"self":[{"href":"https:\/\/vosgesinfo.fr\/gerardmerinfo\/wp-json\/wp\/v2\/posts\/62197","targetHints":{"allow":["GET"]}}],"collection":[{"href":"https:\/\/vosgesinfo.fr\/gerardmerinfo\/wp-json\/wp\/v2\/posts"}],"about":[{"href":"https:\/\/vosgesinfo.fr\/gerardmerinfo\/wp-json\/wp\/v2\/types\/post"}],"author":[{"embeddable":true,"href":"https:\/\/vosgesinfo.fr\/gerardmerinfo\/wp-json\/wp\/v2\/users\/42"}],"replies":[{"embeddable":true,"href":"https:\/\/vosgesinfo.fr\/gerardmerinfo\/wp-json\/wp\/v2\/comments?post=62197"}],"version-history":[{"count":0,"href":"https:\/\/vosgesinfo.fr\/gerardmerinfo\/wp-json\/wp\/v2\/posts\/62197\/revisions"}],"wp:featuredmedia":[{"embeddable":true,"href":"https:\/\/vosgesinfo.fr\/gerardmerinfo\/wp-json\/wp\/v2\/media\/5852"}],"wp:attachment":[{"href":"https:\/\/vosgesinfo.fr\/gerardmerinfo\/wp-json\/wp\/v2\/media?parent=62197"}],"wp:term":[{"taxonomy":"category","embeddable":true,"href":"https:\/\/vosgesinfo.fr\/gerardmerinfo\/wp-json\/wp\/v2\/categories?post=62197"},{"taxonomy":"post_tag","embeddable":true,"href":"https:\/\/vosgesinfo.fr\/gerardmerinfo\/wp-json\/wp\/v2\/tags?post=62197"}],"curies":[{"name":"wp","href":"https:\/\/api.w.org\/{rel}","templated":true}]}}