{"id":6222,"date":"2023-12-21T05:01:07","date_gmt":"2023-12-21T04:01:07","guid":{"rendered":"https:\/\/vosgesinfo.fr\/gerardmerinfo\/2023\/12\/audition-premier-court-metrage-bruit\/"},"modified":"2023-12-21T05:01:07","modified_gmt":"2023-12-21T04:01:07","slug":"audition-premier-court-metrage-bruit","status":"publish","type":"post","link":"https:\/\/vosgesinfo.fr\/gerardmerinfo\/2023\/12\/audition-premier-court-metrage-bruit\/","title":{"rendered":"\u00ab\u00a0Audition\u00a0\u00bb : un premier court-m\u00e9trage qui fait du bruit&#8230;"},"content":{"rendered":"<h3><iframe loading=\"lazy\" src=\"\/\/www.youtube.com\/embed\/OnT8nl3I5jA\" width=\"425\" height=\"350\" allowfullscreen=\"allowfullscreen\"><\/iframe><\/h3>\n<h3><span style=\"font-size: 14pt;\">Le dernier dernier court-m\u00e9trage de Ludovic Chopard est d\u00e9sormais disponible sur Youtube pour les amateurs de cin\u00e9ma&#8230; et de musique !\u00a0 Il s&rsquo;intitule \u00ab\u00a0Audition\u00a0\u00bb et, pour reprendre les mots de son r\u00e9alisateur, il s&rsquo;agit d&rsquo;un savant m\u00e9lange entre la s\u00e9rie <em>Black Mirror<\/em> et le film <em>Whiplash<\/em>&#8230;<\/span><\/h3>\n<p><a href=\"https:\/\/gerardmerinfo.fr\/wp-content\/uploads\/2022\/09\/Ludovic-Chopard.jpg\"><img decoding=\"async\" class=\"alignright size-medium wp-image-195513\" src=\"https:\/\/vosgesinfo.fr\/app\/uploads\/sites\/6\/2022\/09\/ludovic-chopard-199x255-1.jpg\" alt=\"Ludovic Chopard\" width=\"199\" height=\"255\" \/><\/a>En tant que passionn\u00e9 de cin\u00e9ma, Ludovic Chopard a donc le plaisir de partager cette \u0153uvre o\u00f9 la musique et la science-fiction se rencontrent de fa\u00e7on singuli\u00e8re. Il s&rsquo;agit l\u00e0 de son deuxi\u00e8me film en tant que r\u00e9alisateur, lui qui est originaire de Xonrupt-Longemer et qui a toujours \u00e9t\u00e9 attir\u00e9 par le 7\u00e8me art. On se souvient d&rsquo;ailleurs que son papa dirigeait en son tempsun atelier cin\u00e9 au lyc\u00e9e h\u00f4telier de G\u00e9rardmer&#8230; Ce court-m\u00e9trage autoproduit d&rsquo;une dur\u00e9e de 7 minutes 24 a \u00e9t\u00e9 r\u00e9alis\u00e9 en 2020 et tourn\u00e9 \u00e0 l\u2019Autre Canal \u00e0 Nancy (54) en octobre 2019. Le synopsis est assez classique au premier abord, comme pour de nombreux court-m\u00e9trages de science-fiction : \u00ab\u00a0<em>Dans un futur proche, M\u00e9lodie, une guitariste, est la derni\u00e8re \u00e0 passer une audition pour un groupe pas comme les autres&#8230;<\/em>\u00a0\u00bb On ne vous en dira pas plus pour ne pas vous g\u00e2cher la surprise, si ce n&rsquo;est qu&rsquo;Audition pose notamment la question de l&rsquo;\u00e9volution\/l&rsquo;avenir de la musique, plus sp\u00e9cifiquement la musique amplifi\u00e9e qui est l&rsquo;univers musical de pr\u00e9dilection de Ludovic.<\/p>\n<p><a href=\"https:\/\/gerardmerinfo.fr\/wp-content\/uploads\/2023\/12\/Affiche-2023.jpg\"><img decoding=\"async\" class=\"alignright size-medium wp-image-213816\" src=\"https:\/\/vosgesinfo.fr\/app\/uploads\/sites\/6\/2023\/12\/affiche-2023-184x255-1.jpg\" alt=\"audition court m\u00e9trage Affiche 2023\" width=\"184\" height=\"255\" \/><\/a>Ce qui est s\u00fbr, c&rsquo;est que ce nouvel opus de Ludovic a d\u00e9j\u00e0 fait un petit bout de chemin dans le milieu du cin\u00e9ma en recevant quelques reconnaissances dans diff\u00e9rents festivals :<\/p>\n<ul>\n<li>Laur\u00e9at Cat\u00e9gorie \u00ab\u00a0amateur\u00a0\u00bb &#8211; Festival Bo\u00eetes \u00e0 Images 2023<\/li>\n<li>Festival KLAP KLAP 2021 &#8211; S\u00e9lection officielle<\/li>\n<li>Festival Universitaire du Film Underground 2021<\/li>\n<li>F\u00eate du Court-M\u00e9trage Metz 2021<\/li>\n<\/ul>\n<p>\u00ab\u00a0Audition\u00a0\u00bb a \u00e9galement \u00e9t\u00e9 diffus\u00e9 sur Vosges TV, enrichissant ainsi sa diffusion et son accessibilit\u00e9 \u00e0 un plus large public. Enfin, Ludovic Chopard repartira prochainement vers de nouvelles aventures cin\u00e9matographiques avec un court m\u00e9trage \u00e9crit (un western) qu&rsquo;il souhaiterait faire produire ainsi qu&rsquo;un long m\u00e9trage d\u00e9j\u00e0 \u00e9crit \u00e9galement dans univers li\u00e9s aux gangsters. Il cherche actuellement un nouveau projet de court-m\u00e9trage \u00e0 r\u00e9aliser plus rapidement au cours de cette ann\u00e9e 2024.<\/p>\n","protected":false},"excerpt":{"rendered":"<p>Le dernier dernier court-m\u00e9trage de Ludovic Chopard est d\u00e9sormais disponible sur Youtube pour les amateurs de cin\u00e9ma&#8230; et de musique [&hellip;]<\/p>\n","protected":false},"author":1,"featured_media":6223,"comment_status":"open","ping_status":"open","sticky":false,"template":"","format":"standard","meta":{"footnotes":""},"categories":[20,4,25,18],"tags":[464],"class_list":["post-6222","post","type-post","status-publish","format-standard","has-post-thumbnail","hentry","category-a-la-une","category-culture","category-gerardmer","category-vosges","tag-ludovic-chopard"],"acf":[],"yoast_head":"<!-- This site is optimized with the Yoast SEO plugin v22.5 - https:\/\/yoast.com\/wordpress\/plugins\/seo\/ -->\n<title>&quot;Audition&quot; : un premier court-m\u00e9trage qui fait du bruit... - Gerardmer Info<\/title>\n<meta name=\"robots\" content=\"index, follow, max-snippet:-1, max-image-preview:large, max-video-preview:-1\" \/>\n<link rel=\"canonical\" href=\"https:\/\/vosgesinfo.fr\/gerardmerinfo\/2023\/12\/audition-premier-court-metrage-bruit\/\" \/>\n<meta name=\"twitter:card\" content=\"summary_large_image\" \/>\n<meta name=\"twitter:title\" content=\"&quot;Audition&quot; : un premier court-m\u00e9trage qui fait du bruit... - Gerardmer Info\" \/>\n<meta name=\"twitter:description\" content=\"Le dernier dernier court-m\u00e9trage de Ludovic Chopard est d\u00e9sormais disponible sur Youtube pour les amateurs de cin\u00e9ma&#8230; et de musique [&hellip;]\" \/>\n<meta name=\"twitter:image\" content=\"https:\/\/vosgesinfo.fr\/app\/uploads\/sites\/6\/2023\/12\/affiche-2023.jpg\" \/>\n<meta name=\"twitter:creator\" content=\"@VosgesInfo88\" \/>\n<meta name=\"twitter:site\" content=\"@VosgesInfo88\" \/>\n<meta name=\"twitter:label1\" content=\"\u00c9crit par\" \/>\n\t<meta name=\"twitter:data1\" content=\"qs_admin\" \/>\n\t<meta name=\"twitter:label2\" content=\"Dur\u00e9e de lecture estim\u00e9e\" \/>\n\t<meta name=\"twitter:data2\" content=\"2 minutes\" \/>\n<script type=\"application\/ld+json\" class=\"yoast-schema-graph\">{\"@context\":\"https:\/\/schema.org\",\"@graph\":[{\"@type\":\"Article\",\"@id\":\"https:\/\/vosgesinfo.fr\/gerardmerinfo\/2023\/12\/audition-premier-court-metrage-bruit\/#article\",\"isPartOf\":{\"@id\":\"https:\/\/vosgesinfo.fr\/gerardmerinfo\/2023\/12\/audition-premier-court-metrage-bruit\/\"},\"author\":{\"name\":\"qs_admin\",\"@id\":\"https:\/\/vosgesinfo.fr\/gerardmerinfo\/#\/schema\/person\/bc5d02d71e6932e81b6dadb7386667b1\"},\"headline\":\"\u00ab\u00a0Audition\u00a0\u00bb : un premier court-m\u00e9trage qui fait du bruit&#8230;\",\"datePublished\":\"2023-12-21T04:01:07+00:00\",\"dateModified\":\"2023-12-21T04:01:07+00:00\",\"mainEntityOfPage\":{\"@id\":\"https:\/\/vosgesinfo.fr\/gerardmerinfo\/2023\/12\/audition-premier-court-metrage-bruit\/\"},\"wordCount\":398,\"commentCount\":0,\"publisher\":{\"@id\":\"https:\/\/vosgesinfo.fr\/gerardmerinfo\/#organization\"},\"image\":{\"@id\":\"https:\/\/vosgesinfo.fr\/gerardmerinfo\/2023\/12\/audition-premier-court-metrage-bruit\/#primaryimage\"},\"thumbnailUrl\":\"https:\/\/vosgesinfo.fr\/app\/uploads\/sites\/6\/2023\/12\/affiche-2023.jpg\",\"keywords\":[\"ludovic chopard\"],\"articleSection\":[\"A la une\",\"Culture\",\"G\u00e9rardmer\",\"Vosges\"],\"inLanguage\":\"fr-FR\",\"potentialAction\":[{\"@type\":\"CommentAction\",\"name\":\"Comment\",\"target\":[\"https:\/\/vosgesinfo.fr\/gerardmerinfo\/2023\/12\/audition-premier-court-metrage-bruit\/#respond\"]}]},{\"@type\":\"WebPage\",\"@id\":\"https:\/\/vosgesinfo.fr\/gerardmerinfo\/2023\/12\/audition-premier-court-metrage-bruit\/\",\"url\":\"https:\/\/vosgesinfo.fr\/gerardmerinfo\/2023\/12\/audition-premier-court-metrage-bruit\/\",\"name\":\"\\\"Audition\\\" : un premier court-m\u00e9trage qui fait du bruit... - Gerardmer Info\",\"isPartOf\":{\"@id\":\"https:\/\/vosgesinfo.fr\/gerardmerinfo\/#website\"},\"primaryImageOfPage\":{\"@id\":\"https:\/\/vosgesinfo.fr\/gerardmerinfo\/2023\/12\/audition-premier-court-metrage-bruit\/#primaryimage\"},\"image\":{\"@id\":\"https:\/\/vosgesinfo.fr\/gerardmerinfo\/2023\/12\/audition-premier-court-metrage-bruit\/#primaryimage\"},\"thumbnailUrl\":\"https:\/\/vosgesinfo.fr\/app\/uploads\/sites\/6\/2023\/12\/affiche-2023.jpg\",\"datePublished\":\"2023-12-21T04:01:07+00:00\",\"dateModified\":\"2023-12-21T04:01:07+00:00\",\"breadcrumb\":{\"@id\":\"https:\/\/vosgesinfo.fr\/gerardmerinfo\/2023\/12\/audition-premier-court-metrage-bruit\/#breadcrumb\"},\"inLanguage\":\"fr-FR\",\"potentialAction\":[{\"@type\":\"ReadAction\",\"target\":[\"https:\/\/vosgesinfo.fr\/gerardmerinfo\/2023\/12\/audition-premier-court-metrage-bruit\/\"]}]},{\"@type\":\"ImageObject\",\"inLanguage\":\"fr-FR\",\"@id\":\"https:\/\/vosgesinfo.fr\/gerardmerinfo\/2023\/12\/audition-premier-court-metrage-bruit\/#primaryimage\",\"url\":\"https:\/\/vosgesinfo.fr\/app\/uploads\/sites\/6\/2023\/12\/affiche-2023.jpg\",\"contentUrl\":\"https:\/\/vosgesinfo.fr\/app\/uploads\/sites\/6\/2023\/12\/affiche-2023.jpg\"},{\"@type\":\"BreadcrumbList\",\"@id\":\"https:\/\/vosgesinfo.fr\/gerardmerinfo\/2023\/12\/audition-premier-court-metrage-bruit\/#breadcrumb\",\"itemListElement\":[{\"@type\":\"ListItem\",\"position\":1,\"name\":\"Home\",\"item\":\"https:\/\/vosgesinfo.fr\/gerardmerinfo\/\"},{\"@type\":\"ListItem\",\"position\":2,\"name\":\"\u00ab\u00a0Audition\u00a0\u00bb : un premier court-m\u00e9trage qui fait du bruit&#8230;\"}]},{\"@type\":\"WebSite\",\"@id\":\"https:\/\/vosgesinfo.fr\/gerardmerinfo\/#website\",\"url\":\"https:\/\/vosgesinfo.fr\/gerardmerinfo\/\",\"name\":\"Gerardmer Info\",\"description\":\"Toute l&#039;actualit\u00e9 de G\u00e9rardmer\",\"publisher\":{\"@id\":\"https:\/\/vosgesinfo.fr\/gerardmerinfo\/#organization\"},\"alternateName\":\"Toute l'actualit\u00e9 de G\u00e9rardmer\",\"potentialAction\":[{\"@type\":\"SearchAction\",\"target\":{\"@type\":\"EntryPoint\",\"urlTemplate\":\"https:\/\/vosgesinfo.fr\/gerardmerinfo\/?s={search_term_string}\"},\"query-input\":\"required name=search_term_string\"}],\"inLanguage\":\"fr-FR\"},{\"@type\":\"Organization\",\"@id\":\"https:\/\/vosgesinfo.fr\/gerardmerinfo\/#organization\",\"name\":\"Gerardmer Info\",\"url\":\"https:\/\/vosgesinfo.fr\/gerardmerinfo\/\",\"logo\":{\"@type\":\"ImageObject\",\"inLanguage\":\"fr-FR\",\"@id\":\"https:\/\/vosgesinfo.fr\/gerardmerinfo\/#\/schema\/logo\/image\/\",\"url\":\"https:\/\/vosgesinfo.fr\/app\/uploads\/sites\/6\/2023\/08\/favicon-gerardmerinfo.png\",\"contentUrl\":\"https:\/\/vosgesinfo.fr\/app\/uploads\/sites\/6\/2023\/08\/favicon-gerardmerinfo.png\",\"width\":512,\"height\":512,\"caption\":\"Gerardmer Info\"},\"image\":{\"@id\":\"https:\/\/vosgesinfo.fr\/gerardmerinfo\/#\/schema\/logo\/image\/\"},\"sameAs\":[\"https:\/\/www.facebook.com\/profile.php?id=100049475262660\",\"https:\/\/x.com\/VosgesInfo88\",\"https:\/\/www.youtube.com\/@vosgesinfo\"]},{\"@type\":\"Person\",\"@id\":\"https:\/\/vosgesinfo.fr\/gerardmerinfo\/#\/schema\/person\/bc5d02d71e6932e81b6dadb7386667b1\",\"name\":\"qs_admin\",\"image\":{\"@type\":\"ImageObject\",\"inLanguage\":\"fr-FR\",\"@id\":\"https:\/\/vosgesinfo.fr\/gerardmerinfo\/#\/schema\/person\/image\/\",\"url\":\"https:\/\/secure.gravatar.com\/avatar\/94b18ee0ed79e4a42ea2f2931277b6841a8999fc6fde214600c78057cf1fe1de?s=96&d=mm&r=g\",\"contentUrl\":\"https:\/\/secure.gravatar.com\/avatar\/94b18ee0ed79e4a42ea2f2931277b6841a8999fc6fde214600c78057cf1fe1de?s=96&d=mm&r=g\",\"caption\":\"qs_admin\"},\"sameAs\":[\"https:\/\/vosgesinfo.fr\/wp\"],\"url\":\"https:\/\/vosgesinfo.fr\/gerardmerinfo\/author\/qs_admin\/\"}]}<\/script>\n<!-- \/ Yoast SEO plugin. -->","yoast_head_json":{"title":"\"Audition\" : un premier court-m\u00e9trage qui fait du bruit... - Gerardmer Info","robots":{"index":"index","follow":"follow","max-snippet":"max-snippet:-1","max-image-preview":"max-image-preview:large","max-video-preview":"max-video-preview:-1"},"canonical":"https:\/\/vosgesinfo.fr\/gerardmerinfo\/2023\/12\/audition-premier-court-metrage-bruit\/","twitter_card":"summary_large_image","twitter_title":"\"Audition\" : un premier court-m\u00e9trage qui fait du bruit... - Gerardmer Info","twitter_description":"Le dernier dernier court-m\u00e9trage de Ludovic Chopard est d\u00e9sormais disponible sur Youtube pour les amateurs de cin\u00e9ma&#8230; et de musique [&hellip;]","twitter_image":"https:\/\/vosgesinfo.fr\/app\/uploads\/sites\/6\/2023\/12\/affiche-2023.jpg","twitter_creator":"@VosgesInfo88","twitter_site":"@VosgesInfo88","twitter_misc":{"\u00c9crit par":"qs_admin","Dur\u00e9e de lecture estim\u00e9e":"2 minutes"},"schema":{"@context":"https:\/\/schema.org","@graph":[{"@type":"Article","@id":"https:\/\/vosgesinfo.fr\/gerardmerinfo\/2023\/12\/audition-premier-court-metrage-bruit\/#article","isPartOf":{"@id":"https:\/\/vosgesinfo.fr\/gerardmerinfo\/2023\/12\/audition-premier-court-metrage-bruit\/"},"author":{"name":"qs_admin","@id":"https:\/\/vosgesinfo.fr\/gerardmerinfo\/#\/schema\/person\/bc5d02d71e6932e81b6dadb7386667b1"},"headline":"\u00ab\u00a0Audition\u00a0\u00bb : un premier court-m\u00e9trage qui fait du bruit&#8230;","datePublished":"2023-12-21T04:01:07+00:00","dateModified":"2023-12-21T04:01:07+00:00","mainEntityOfPage":{"@id":"https:\/\/vosgesinfo.fr\/gerardmerinfo\/2023\/12\/audition-premier-court-metrage-bruit\/"},"wordCount":398,"commentCount":0,"publisher":{"@id":"https:\/\/vosgesinfo.fr\/gerardmerinfo\/#organization"},"image":{"@id":"https:\/\/vosgesinfo.fr\/gerardmerinfo\/2023\/12\/audition-premier-court-metrage-bruit\/#primaryimage"},"thumbnailUrl":"https:\/\/vosgesinfo.fr\/app\/uploads\/sites\/6\/2023\/12\/affiche-2023.jpg","keywords":["ludovic chopard"],"articleSection":["A la une","Culture","G\u00e9rardmer","Vosges"],"inLanguage":"fr-FR","potentialAction":[{"@type":"CommentAction","name":"Comment","target":["https:\/\/vosgesinfo.fr\/gerardmerinfo\/2023\/12\/audition-premier-court-metrage-bruit\/#respond"]}]},{"@type":"WebPage","@id":"https:\/\/vosgesinfo.fr\/gerardmerinfo\/2023\/12\/audition-premier-court-metrage-bruit\/","url":"https:\/\/vosgesinfo.fr\/gerardmerinfo\/2023\/12\/audition-premier-court-metrage-bruit\/","name":"\"Audition\" : un premier court-m\u00e9trage qui fait du bruit... - Gerardmer Info","isPartOf":{"@id":"https:\/\/vosgesinfo.fr\/gerardmerinfo\/#website"},"primaryImageOfPage":{"@id":"https:\/\/vosgesinfo.fr\/gerardmerinfo\/2023\/12\/audition-premier-court-metrage-bruit\/#primaryimage"},"image":{"@id":"https:\/\/vosgesinfo.fr\/gerardmerinfo\/2023\/12\/audition-premier-court-metrage-bruit\/#primaryimage"},"thumbnailUrl":"https:\/\/vosgesinfo.fr\/app\/uploads\/sites\/6\/2023\/12\/affiche-2023.jpg","datePublished":"2023-12-21T04:01:07+00:00","dateModified":"2023-12-21T04:01:07+00:00","breadcrumb":{"@id":"https:\/\/vosgesinfo.fr\/gerardmerinfo\/2023\/12\/audition-premier-court-metrage-bruit\/#breadcrumb"},"inLanguage":"fr-FR","potentialAction":[{"@type":"ReadAction","target":["https:\/\/vosgesinfo.fr\/gerardmerinfo\/2023\/12\/audition-premier-court-metrage-bruit\/"]}]},{"@type":"ImageObject","inLanguage":"fr-FR","@id":"https:\/\/vosgesinfo.fr\/gerardmerinfo\/2023\/12\/audition-premier-court-metrage-bruit\/#primaryimage","url":"https:\/\/vosgesinfo.fr\/app\/uploads\/sites\/6\/2023\/12\/affiche-2023.jpg","contentUrl":"https:\/\/vosgesinfo.fr\/app\/uploads\/sites\/6\/2023\/12\/affiche-2023.jpg"},{"@type":"BreadcrumbList","@id":"https:\/\/vosgesinfo.fr\/gerardmerinfo\/2023\/12\/audition-premier-court-metrage-bruit\/#breadcrumb","itemListElement":[{"@type":"ListItem","position":1,"name":"Home","item":"https:\/\/vosgesinfo.fr\/gerardmerinfo\/"},{"@type":"ListItem","position":2,"name":"\u00ab\u00a0Audition\u00a0\u00bb : un premier court-m\u00e9trage qui fait du bruit&#8230;"}]},{"@type":"WebSite","@id":"https:\/\/vosgesinfo.fr\/gerardmerinfo\/#website","url":"https:\/\/vosgesinfo.fr\/gerardmerinfo\/","name":"Gerardmer Info","description":"Toute l&#039;actualit\u00e9 de G\u00e9rardmer","publisher":{"@id":"https:\/\/vosgesinfo.fr\/gerardmerinfo\/#organization"},"alternateName":"Toute l'actualit\u00e9 de G\u00e9rardmer","potentialAction":[{"@type":"SearchAction","target":{"@type":"EntryPoint","urlTemplate":"https:\/\/vosgesinfo.fr\/gerardmerinfo\/?s={search_term_string}"},"query-input":"required name=search_term_string"}],"inLanguage":"fr-FR"},{"@type":"Organization","@id":"https:\/\/vosgesinfo.fr\/gerardmerinfo\/#organization","name":"Gerardmer Info","url":"https:\/\/vosgesinfo.fr\/gerardmerinfo\/","logo":{"@type":"ImageObject","inLanguage":"fr-FR","@id":"https:\/\/vosgesinfo.fr\/gerardmerinfo\/#\/schema\/logo\/image\/","url":"https:\/\/vosgesinfo.fr\/app\/uploads\/sites\/6\/2023\/08\/favicon-gerardmerinfo.png","contentUrl":"https:\/\/vosgesinfo.fr\/app\/uploads\/sites\/6\/2023\/08\/favicon-gerardmerinfo.png","width":512,"height":512,"caption":"Gerardmer Info"},"image":{"@id":"https:\/\/vosgesinfo.fr\/gerardmerinfo\/#\/schema\/logo\/image\/"},"sameAs":["https:\/\/www.facebook.com\/profile.php?id=100049475262660","https:\/\/x.com\/VosgesInfo88","https:\/\/www.youtube.com\/@vosgesinfo"]},{"@type":"Person","@id":"https:\/\/vosgesinfo.fr\/gerardmerinfo\/#\/schema\/person\/bc5d02d71e6932e81b6dadb7386667b1","name":"qs_admin","image":{"@type":"ImageObject","inLanguage":"fr-FR","@id":"https:\/\/vosgesinfo.fr\/gerardmerinfo\/#\/schema\/person\/image\/","url":"https:\/\/secure.gravatar.com\/avatar\/94b18ee0ed79e4a42ea2f2931277b6841a8999fc6fde214600c78057cf1fe1de?s=96&d=mm&r=g","contentUrl":"https:\/\/secure.gravatar.com\/avatar\/94b18ee0ed79e4a42ea2f2931277b6841a8999fc6fde214600c78057cf1fe1de?s=96&d=mm&r=g","caption":"qs_admin"},"sameAs":["https:\/\/vosgesinfo.fr\/wp"],"url":"https:\/\/vosgesinfo.fr\/gerardmerinfo\/author\/qs_admin\/"}]}},"_links":{"self":[{"href":"https:\/\/vosgesinfo.fr\/gerardmerinfo\/wp-json\/wp\/v2\/posts\/6222","targetHints":{"allow":["GET"]}}],"collection":[{"href":"https:\/\/vosgesinfo.fr\/gerardmerinfo\/wp-json\/wp\/v2\/posts"}],"about":[{"href":"https:\/\/vosgesinfo.fr\/gerardmerinfo\/wp-json\/wp\/v2\/types\/post"}],"author":[{"embeddable":true,"href":"https:\/\/vosgesinfo.fr\/gerardmerinfo\/wp-json\/wp\/v2\/users\/1"}],"replies":[{"embeddable":true,"href":"https:\/\/vosgesinfo.fr\/gerardmerinfo\/wp-json\/wp\/v2\/comments?post=6222"}],"version-history":[{"count":0,"href":"https:\/\/vosgesinfo.fr\/gerardmerinfo\/wp-json\/wp\/v2\/posts\/6222\/revisions"}],"wp:featuredmedia":[{"embeddable":true,"href":"https:\/\/vosgesinfo.fr\/gerardmerinfo\/wp-json\/wp\/v2\/media\/6223"}],"wp:attachment":[{"href":"https:\/\/vosgesinfo.fr\/gerardmerinfo\/wp-json\/wp\/v2\/media?parent=6222"}],"wp:term":[{"taxonomy":"category","embeddable":true,"href":"https:\/\/vosgesinfo.fr\/gerardmerinfo\/wp-json\/wp\/v2\/categories?post=6222"},{"taxonomy":"post_tag","embeddable":true,"href":"https:\/\/vosgesinfo.fr\/gerardmerinfo\/wp-json\/wp\/v2\/tags?post=6222"}],"curies":[{"name":"wp","href":"https:\/\/api.w.org\/{rel}","templated":true}]}}