{"id":62224,"date":"2022-10-10T10:25:47","date_gmt":"2022-10-10T08:25:47","guid":{"rendered":"https:\/\/vosgesinfo.fr\/gerardmerinfo\/2022\/10\/regate-jour-de-froid-soleil\/"},"modified":"2022-10-10T10:25:47","modified_gmt":"2022-10-10T08:25:47","slug":"regate-jour-de-froid-soleil","status":"publish","type":"post","link":"https:\/\/vosgesinfo.fr\/gerardmerinfo\/2022\/10\/regate-jour-de-froid-soleil\/","title":{"rendered":"R\u00e9gate  &#8211; \u00ab\u00a0Jour de froid\u00a0\u00bb sous le soleil."},"content":{"rendered":"<div id=\"attachment_196080\" style=\"width: 490px\" class=\"wp-caption aligncenter\"><a href=\"\/2022\/10\/IMG_07241.jpg\"><img decoding=\"async\" aria-describedby=\"caption-attachment-196080\" class=\"size-full wp-image-196080\" src=\"\/2022\/10\/IMG_07241.jpg\" alt=\"Vent le matin et soleil toute la journ\u00e9e pour cette r\u00e9gate &quot;Jour de froid&quot;.\" width=\"480\" height=\"360\" \/><\/a><p id=\"caption-attachment-196080\" class=\"wp-caption-text\">Vent le matin et soleil toute la journ\u00e9e pour cette r\u00e9gate \u00ab\u00a0Jour de froid\u00a0\u00bb.<\/p><\/div>\n<p style=\"text-align: justify;\">La derni\u00e8re des dix r\u00e9gates annuelles organis\u00e9es par l&rsquo;ASG Voile sur le lac a eu lieu ce dimanche 10 octobre 2022. Et si elle s&rsquo;appelle traditionnellement \u00ab\u00a0Jour de froid\u00a0\u00bb, c&rsquo;\u00e9tait sans compter sur les tr\u00e8s belles conditions m\u00e9t\u00e9orologiques du moment. C&rsquo;est sous un grand soleil que les 40 participants se sont ainsi affront\u00e9s au cours de trois manches relev\u00e9es.<\/p>\n<div id=\"attachment_196081\" style=\"width: 350px\" class=\"wp-caption alignleft\"><a href=\"\/2022\/10\/IMG_07321.jpg\"><img decoding=\"async\" aria-describedby=\"caption-attachment-196081\" class=\"size-medium wp-image-196081\" src=\"\/2022\/10\/IMG_07321-340x255.jpg\" alt=\"Convivialit\u00e9 \u00e0 la base nautique.\" width=\"340\" height=\"255\" \/><\/a><p id=\"caption-attachment-196081\" class=\"wp-caption-text\">Convivialit\u00e9 \u00e0 la base nautique.<\/p><\/div>\n<h3>Conditions favorables et belle ambiance de fin de saison.<\/h3>\n<p style=\"text-align: justify;\">Tout \u00e9tait donc r\u00e9uni pour que la journ\u00e9e soit belle. Avec en plus la visite de quelques Alsaciens de Mulhouse afin de parfaire le plateau. Et si la saison n&rsquo;est pas encore totalement termin\u00e9e, cette r\u00e9gate \u00e9tait bel et bien la derni\u00e8re organis\u00e9e \u00e0 domicile par l&rsquo;ASG Voile, ce qui m\u00e9ritait bien d&rsquo;en profiter pour partager un moment convivial avec l&rsquo;ensemble des licenci\u00e9s. Pour la plus grande satisfaction du Pr\u00e9sident par int\u00e9rim Jacques C\u00d4ME pour qui c&rsquo;\u00e9tait le bapt\u00eame du feu dans ses nouvelles fonctions.<\/p>\n<div id=\"attachment_196084\" style=\"width: 350px\" class=\"wp-caption alignleft\"><a href=\"\/2022\/10\/IMG_20221009_170956.jpg\"><img decoding=\"async\" aria-describedby=\"caption-attachment-196084\" class=\"size-medium wp-image-196084\" src=\"\/2022\/10\/IMG_20221009_170956-340x255.jpg\" alt=\"Les plus jeunes aussi ont eu droit \u00e0 leurs m\u00e9dailles.\" width=\"340\" height=\"255\" \/><\/a><p id=\"caption-attachment-196084\" class=\"wp-caption-text\">Les plus jeunes aussi ont eu droit \u00e0 leurs m\u00e9dailles.<\/p><\/div>\n<h3 style=\"text-align: justify;\">Des jeunes qui poussent, des anciens qui r\u00e9sistent.<\/h3>\n<p style=\"text-align: justify;\">C\u00f4t\u00e9 r\u00e9sultats, on retiendra la victoire de Pierre GAILLARD en BIC, d&rsquo;Adrien RAVIGNON en d\u00e9riveur et de Titouan HALLUITTE en planche \u00e0 voile. A noter le tr\u00e8s bon classement des inoxydables Christelle et Thierry GERMAIN. Les r\u00e9compenses ont \u00e9t\u00e9 remises par Jamel GOMERHANI, Conseiller municipal de G\u00e9rardmer.<\/p>\n<p style=\"text-align: justify;\">En attendant les r\u00e9sultats du Championnat du Monde qui se d\u00e9roule actuellement et pour lequel le club peut s&rsquo;enorgueillir de deux repr\u00e9sentants.<\/p>\n<p>&nbsp;<\/p>\n<p>&nbsp;<\/p>\n","protected":false},"excerpt":{"rendered":"<p>La derni\u00e8re des dix r\u00e9gates annuelles organis\u00e9es par l&rsquo;ASG Voile sur le lac a eu lieu ce dimanche 10 octobre [&hellip;]<\/p>\n","protected":false},"author":1,"featured_media":62225,"comment_status":"open","ping_status":"open","sticky":false,"template":"","format":"standard","meta":{"footnotes":""},"categories":[20,24,14],"tags":[65,458],"class_list":["post-62224","post","type-post","status-publish","format-standard","has-post-thumbnail","hentry","category-a-la-une","category-evenements","category-sport","tag-asg-voile","tag-regate-voile"],"acf":[],"yoast_head":"<!-- This site is optimized with the Yoast SEO plugin v22.5 - https:\/\/yoast.com\/wordpress\/plugins\/seo\/ -->\n<title>R\u00e9gate - &quot;Jour de froid&quot; sous le soleil. - Gerardmer Info<\/title>\n<meta name=\"robots\" content=\"index, follow, max-snippet:-1, max-image-preview:large, max-video-preview:-1\" \/>\n<link rel=\"canonical\" href=\"https:\/\/vosgesinfo.fr\/gerardmerinfo\/2022\/10\/regate-jour-de-froid-soleil\/\" \/>\n<meta name=\"twitter:card\" content=\"summary_large_image\" \/>\n<meta name=\"twitter:title\" content=\"R\u00e9gate - &quot;Jour de froid&quot; sous le soleil. - Gerardmer Info\" \/>\n<meta name=\"twitter:description\" content=\"La derni\u00e8re des dix r\u00e9gates annuelles organis\u00e9es par l&rsquo;ASG Voile sur le lac a eu lieu ce dimanche 10 octobre [&hellip;]\" \/>\n<meta name=\"twitter:image\" content=\"https:\/\/vosgesinfo.fr\/app\/uploads\/sites\/6\/2024\/07\/202210img-07241.jpg\" \/>\n<meta name=\"twitter:creator\" content=\"@VosgesInfo88\" \/>\n<meta name=\"twitter:site\" content=\"@VosgesInfo88\" \/>\n<meta name=\"twitter:label1\" content=\"\u00c9crit par\" \/>\n\t<meta name=\"twitter:data1\" content=\"qs_admin\" \/>\n\t<meta name=\"twitter:label2\" content=\"Dur\u00e9e de lecture estim\u00e9e\" \/>\n\t<meta name=\"twitter:data2\" content=\"2 minutes\" \/>\n<script type=\"application\/ld+json\" class=\"yoast-schema-graph\">{\"@context\":\"https:\/\/schema.org\",\"@graph\":[{\"@type\":\"Article\",\"@id\":\"https:\/\/vosgesinfo.fr\/gerardmerinfo\/2022\/10\/regate-jour-de-froid-soleil\/#article\",\"isPartOf\":{\"@id\":\"https:\/\/vosgesinfo.fr\/gerardmerinfo\/2022\/10\/regate-jour-de-froid-soleil\/\"},\"author\":{\"name\":\"qs_admin\",\"@id\":\"https:\/\/vosgesinfo.fr\/gerardmerinfo\/#\/schema\/person\/bc5d02d71e6932e81b6dadb7386667b1\"},\"headline\":\"R\u00e9gate &#8211; \u00ab\u00a0Jour de froid\u00a0\u00bb sous le soleil.\",\"datePublished\":\"2022-10-10T08:25:47+00:00\",\"dateModified\":\"2022-10-10T08:25:47+00:00\",\"mainEntityOfPage\":{\"@id\":\"https:\/\/vosgesinfo.fr\/gerardmerinfo\/2022\/10\/regate-jour-de-froid-soleil\/\"},\"wordCount\":328,\"commentCount\":0,\"publisher\":{\"@id\":\"https:\/\/vosgesinfo.fr\/gerardmerinfo\/#organization\"},\"image\":{\"@id\":\"https:\/\/vosgesinfo.fr\/gerardmerinfo\/2022\/10\/regate-jour-de-froid-soleil\/#primaryimage\"},\"thumbnailUrl\":\"https:\/\/vosgesinfo.fr\/app\/uploads\/sites\/6\/2024\/07\/202210img-07241.jpg\",\"keywords\":[\"asg voile\",\"r\u00e9gate voile\"],\"articleSection\":[\"A la une\",\"Ev\u00e8nements\",\"Sport\"],\"inLanguage\":\"fr-FR\",\"potentialAction\":[{\"@type\":\"CommentAction\",\"name\":\"Comment\",\"target\":[\"https:\/\/vosgesinfo.fr\/gerardmerinfo\/2022\/10\/regate-jour-de-froid-soleil\/#respond\"]}]},{\"@type\":\"WebPage\",\"@id\":\"https:\/\/vosgesinfo.fr\/gerardmerinfo\/2022\/10\/regate-jour-de-froid-soleil\/\",\"url\":\"https:\/\/vosgesinfo.fr\/gerardmerinfo\/2022\/10\/regate-jour-de-froid-soleil\/\",\"name\":\"R\u00e9gate - \\\"Jour de froid\\\" sous le soleil. - Gerardmer Info\",\"isPartOf\":{\"@id\":\"https:\/\/vosgesinfo.fr\/gerardmerinfo\/#website\"},\"primaryImageOfPage\":{\"@id\":\"https:\/\/vosgesinfo.fr\/gerardmerinfo\/2022\/10\/regate-jour-de-froid-soleil\/#primaryimage\"},\"image\":{\"@id\":\"https:\/\/vosgesinfo.fr\/gerardmerinfo\/2022\/10\/regate-jour-de-froid-soleil\/#primaryimage\"},\"thumbnailUrl\":\"https:\/\/vosgesinfo.fr\/app\/uploads\/sites\/6\/2024\/07\/202210img-07241.jpg\",\"datePublished\":\"2022-10-10T08:25:47+00:00\",\"dateModified\":\"2022-10-10T08:25:47+00:00\",\"breadcrumb\":{\"@id\":\"https:\/\/vosgesinfo.fr\/gerardmerinfo\/2022\/10\/regate-jour-de-froid-soleil\/#breadcrumb\"},\"inLanguage\":\"fr-FR\",\"potentialAction\":[{\"@type\":\"ReadAction\",\"target\":[\"https:\/\/vosgesinfo.fr\/gerardmerinfo\/2022\/10\/regate-jour-de-froid-soleil\/\"]}]},{\"@type\":\"ImageObject\",\"inLanguage\":\"fr-FR\",\"@id\":\"https:\/\/vosgesinfo.fr\/gerardmerinfo\/2022\/10\/regate-jour-de-froid-soleil\/#primaryimage\",\"url\":\"https:\/\/vosgesinfo.fr\/app\/uploads\/sites\/6\/2024\/07\/202210img-07241.jpg\",\"contentUrl\":\"https:\/\/vosgesinfo.fr\/app\/uploads\/sites\/6\/2024\/07\/202210img-07241.jpg\",\"width\":480,\"height\":360},{\"@type\":\"BreadcrumbList\",\"@id\":\"https:\/\/vosgesinfo.fr\/gerardmerinfo\/2022\/10\/regate-jour-de-froid-soleil\/#breadcrumb\",\"itemListElement\":[{\"@type\":\"ListItem\",\"position\":1,\"name\":\"Home\",\"item\":\"https:\/\/vosgesinfo.fr\/gerardmerinfo\/\"},{\"@type\":\"ListItem\",\"position\":2,\"name\":\"R\u00e9gate &#8211; \u00ab\u00a0Jour de froid\u00a0\u00bb sous le soleil.\"}]},{\"@type\":\"WebSite\",\"@id\":\"https:\/\/vosgesinfo.fr\/gerardmerinfo\/#website\",\"url\":\"https:\/\/vosgesinfo.fr\/gerardmerinfo\/\",\"name\":\"Gerardmer Info\",\"description\":\"Toute l&#039;actualit\u00e9 de G\u00e9rardmer\",\"publisher\":{\"@id\":\"https:\/\/vosgesinfo.fr\/gerardmerinfo\/#organization\"},\"alternateName\":\"Toute l'actualit\u00e9 de G\u00e9rardmer\",\"potentialAction\":[{\"@type\":\"SearchAction\",\"target\":{\"@type\":\"EntryPoint\",\"urlTemplate\":\"https:\/\/vosgesinfo.fr\/gerardmerinfo\/?s={search_term_string}\"},\"query-input\":\"required name=search_term_string\"}],\"inLanguage\":\"fr-FR\"},{\"@type\":\"Organization\",\"@id\":\"https:\/\/vosgesinfo.fr\/gerardmerinfo\/#organization\",\"name\":\"Gerardmer Info\",\"url\":\"https:\/\/vosgesinfo.fr\/gerardmerinfo\/\",\"logo\":{\"@type\":\"ImageObject\",\"inLanguage\":\"fr-FR\",\"@id\":\"https:\/\/vosgesinfo.fr\/gerardmerinfo\/#\/schema\/logo\/image\/\",\"url\":\"https:\/\/vosgesinfo.fr\/app\/uploads\/sites\/6\/2023\/08\/favicon-gerardmerinfo.png\",\"contentUrl\":\"https:\/\/vosgesinfo.fr\/app\/uploads\/sites\/6\/2023\/08\/favicon-gerardmerinfo.png\",\"width\":512,\"height\":512,\"caption\":\"Gerardmer Info\"},\"image\":{\"@id\":\"https:\/\/vosgesinfo.fr\/gerardmerinfo\/#\/schema\/logo\/image\/\"},\"sameAs\":[\"https:\/\/www.facebook.com\/profile.php?id=100049475262660\",\"https:\/\/x.com\/VosgesInfo88\",\"https:\/\/www.youtube.com\/@vosgesinfo\"]},{\"@type\":\"Person\",\"@id\":\"https:\/\/vosgesinfo.fr\/gerardmerinfo\/#\/schema\/person\/bc5d02d71e6932e81b6dadb7386667b1\",\"name\":\"qs_admin\",\"image\":{\"@type\":\"ImageObject\",\"inLanguage\":\"fr-FR\",\"@id\":\"https:\/\/vosgesinfo.fr\/gerardmerinfo\/#\/schema\/person\/image\/\",\"url\":\"https:\/\/secure.gravatar.com\/avatar\/94b18ee0ed79e4a42ea2f2931277b6841a8999fc6fde214600c78057cf1fe1de?s=96&d=mm&r=g\",\"contentUrl\":\"https:\/\/secure.gravatar.com\/avatar\/94b18ee0ed79e4a42ea2f2931277b6841a8999fc6fde214600c78057cf1fe1de?s=96&d=mm&r=g\",\"caption\":\"qs_admin\"},\"sameAs\":[\"https:\/\/vosgesinfo.fr\/wp\"],\"url\":\"https:\/\/vosgesinfo.fr\/gerardmerinfo\/author\/qs_admin\/\"}]}<\/script>\n<!-- \/ Yoast SEO plugin. -->","yoast_head_json":{"title":"R\u00e9gate - \"Jour de froid\" sous le soleil. - Gerardmer Info","robots":{"index":"index","follow":"follow","max-snippet":"max-snippet:-1","max-image-preview":"max-image-preview:large","max-video-preview":"max-video-preview:-1"},"canonical":"https:\/\/vosgesinfo.fr\/gerardmerinfo\/2022\/10\/regate-jour-de-froid-soleil\/","twitter_card":"summary_large_image","twitter_title":"R\u00e9gate - \"Jour de froid\" sous le soleil. - Gerardmer Info","twitter_description":"La derni\u00e8re des dix r\u00e9gates annuelles organis\u00e9es par l&rsquo;ASG Voile sur le lac a eu lieu ce dimanche 10 octobre [&hellip;]","twitter_image":"https:\/\/vosgesinfo.fr\/app\/uploads\/sites\/6\/2024\/07\/202210img-07241.jpg","twitter_creator":"@VosgesInfo88","twitter_site":"@VosgesInfo88","twitter_misc":{"\u00c9crit par":"qs_admin","Dur\u00e9e de lecture estim\u00e9e":"2 minutes"},"schema":{"@context":"https:\/\/schema.org","@graph":[{"@type":"Article","@id":"https:\/\/vosgesinfo.fr\/gerardmerinfo\/2022\/10\/regate-jour-de-froid-soleil\/#article","isPartOf":{"@id":"https:\/\/vosgesinfo.fr\/gerardmerinfo\/2022\/10\/regate-jour-de-froid-soleil\/"},"author":{"name":"qs_admin","@id":"https:\/\/vosgesinfo.fr\/gerardmerinfo\/#\/schema\/person\/bc5d02d71e6932e81b6dadb7386667b1"},"headline":"R\u00e9gate &#8211; \u00ab\u00a0Jour de froid\u00a0\u00bb sous le soleil.","datePublished":"2022-10-10T08:25:47+00:00","dateModified":"2022-10-10T08:25:47+00:00","mainEntityOfPage":{"@id":"https:\/\/vosgesinfo.fr\/gerardmerinfo\/2022\/10\/regate-jour-de-froid-soleil\/"},"wordCount":328,"commentCount":0,"publisher":{"@id":"https:\/\/vosgesinfo.fr\/gerardmerinfo\/#organization"},"image":{"@id":"https:\/\/vosgesinfo.fr\/gerardmerinfo\/2022\/10\/regate-jour-de-froid-soleil\/#primaryimage"},"thumbnailUrl":"https:\/\/vosgesinfo.fr\/app\/uploads\/sites\/6\/2024\/07\/202210img-07241.jpg","keywords":["asg voile","r\u00e9gate voile"],"articleSection":["A la une","Ev\u00e8nements","Sport"],"inLanguage":"fr-FR","potentialAction":[{"@type":"CommentAction","name":"Comment","target":["https:\/\/vosgesinfo.fr\/gerardmerinfo\/2022\/10\/regate-jour-de-froid-soleil\/#respond"]}]},{"@type":"WebPage","@id":"https:\/\/vosgesinfo.fr\/gerardmerinfo\/2022\/10\/regate-jour-de-froid-soleil\/","url":"https:\/\/vosgesinfo.fr\/gerardmerinfo\/2022\/10\/regate-jour-de-froid-soleil\/","name":"R\u00e9gate - \"Jour de froid\" sous le soleil. - Gerardmer Info","isPartOf":{"@id":"https:\/\/vosgesinfo.fr\/gerardmerinfo\/#website"},"primaryImageOfPage":{"@id":"https:\/\/vosgesinfo.fr\/gerardmerinfo\/2022\/10\/regate-jour-de-froid-soleil\/#primaryimage"},"image":{"@id":"https:\/\/vosgesinfo.fr\/gerardmerinfo\/2022\/10\/regate-jour-de-froid-soleil\/#primaryimage"},"thumbnailUrl":"https:\/\/vosgesinfo.fr\/app\/uploads\/sites\/6\/2024\/07\/202210img-07241.jpg","datePublished":"2022-10-10T08:25:47+00:00","dateModified":"2022-10-10T08:25:47+00:00","breadcrumb":{"@id":"https:\/\/vosgesinfo.fr\/gerardmerinfo\/2022\/10\/regate-jour-de-froid-soleil\/#breadcrumb"},"inLanguage":"fr-FR","potentialAction":[{"@type":"ReadAction","target":["https:\/\/vosgesinfo.fr\/gerardmerinfo\/2022\/10\/regate-jour-de-froid-soleil\/"]}]},{"@type":"ImageObject","inLanguage":"fr-FR","@id":"https:\/\/vosgesinfo.fr\/gerardmerinfo\/2022\/10\/regate-jour-de-froid-soleil\/#primaryimage","url":"https:\/\/vosgesinfo.fr\/app\/uploads\/sites\/6\/2024\/07\/202210img-07241.jpg","contentUrl":"https:\/\/vosgesinfo.fr\/app\/uploads\/sites\/6\/2024\/07\/202210img-07241.jpg","width":480,"height":360},{"@type":"BreadcrumbList","@id":"https:\/\/vosgesinfo.fr\/gerardmerinfo\/2022\/10\/regate-jour-de-froid-soleil\/#breadcrumb","itemListElement":[{"@type":"ListItem","position":1,"name":"Home","item":"https:\/\/vosgesinfo.fr\/gerardmerinfo\/"},{"@type":"ListItem","position":2,"name":"R\u00e9gate &#8211; \u00ab\u00a0Jour de froid\u00a0\u00bb sous le soleil."}]},{"@type":"WebSite","@id":"https:\/\/vosgesinfo.fr\/gerardmerinfo\/#website","url":"https:\/\/vosgesinfo.fr\/gerardmerinfo\/","name":"Gerardmer Info","description":"Toute l&#039;actualit\u00e9 de G\u00e9rardmer","publisher":{"@id":"https:\/\/vosgesinfo.fr\/gerardmerinfo\/#organization"},"alternateName":"Toute l'actualit\u00e9 de G\u00e9rardmer","potentialAction":[{"@type":"SearchAction","target":{"@type":"EntryPoint","urlTemplate":"https:\/\/vosgesinfo.fr\/gerardmerinfo\/?s={search_term_string}"},"query-input":"required name=search_term_string"}],"inLanguage":"fr-FR"},{"@type":"Organization","@id":"https:\/\/vosgesinfo.fr\/gerardmerinfo\/#organization","name":"Gerardmer Info","url":"https:\/\/vosgesinfo.fr\/gerardmerinfo\/","logo":{"@type":"ImageObject","inLanguage":"fr-FR","@id":"https:\/\/vosgesinfo.fr\/gerardmerinfo\/#\/schema\/logo\/image\/","url":"https:\/\/vosgesinfo.fr\/app\/uploads\/sites\/6\/2023\/08\/favicon-gerardmerinfo.png","contentUrl":"https:\/\/vosgesinfo.fr\/app\/uploads\/sites\/6\/2023\/08\/favicon-gerardmerinfo.png","width":512,"height":512,"caption":"Gerardmer Info"},"image":{"@id":"https:\/\/vosgesinfo.fr\/gerardmerinfo\/#\/schema\/logo\/image\/"},"sameAs":["https:\/\/www.facebook.com\/profile.php?id=100049475262660","https:\/\/x.com\/VosgesInfo88","https:\/\/www.youtube.com\/@vosgesinfo"]},{"@type":"Person","@id":"https:\/\/vosgesinfo.fr\/gerardmerinfo\/#\/schema\/person\/bc5d02d71e6932e81b6dadb7386667b1","name":"qs_admin","image":{"@type":"ImageObject","inLanguage":"fr-FR","@id":"https:\/\/vosgesinfo.fr\/gerardmerinfo\/#\/schema\/person\/image\/","url":"https:\/\/secure.gravatar.com\/avatar\/94b18ee0ed79e4a42ea2f2931277b6841a8999fc6fde214600c78057cf1fe1de?s=96&d=mm&r=g","contentUrl":"https:\/\/secure.gravatar.com\/avatar\/94b18ee0ed79e4a42ea2f2931277b6841a8999fc6fde214600c78057cf1fe1de?s=96&d=mm&r=g","caption":"qs_admin"},"sameAs":["https:\/\/vosgesinfo.fr\/wp"],"url":"https:\/\/vosgesinfo.fr\/gerardmerinfo\/author\/qs_admin\/"}]}},"_links":{"self":[{"href":"https:\/\/vosgesinfo.fr\/gerardmerinfo\/wp-json\/wp\/v2\/posts\/62224","targetHints":{"allow":["GET"]}}],"collection":[{"href":"https:\/\/vosgesinfo.fr\/gerardmerinfo\/wp-json\/wp\/v2\/posts"}],"about":[{"href":"https:\/\/vosgesinfo.fr\/gerardmerinfo\/wp-json\/wp\/v2\/types\/post"}],"author":[{"embeddable":true,"href":"https:\/\/vosgesinfo.fr\/gerardmerinfo\/wp-json\/wp\/v2\/users\/1"}],"replies":[{"embeddable":true,"href":"https:\/\/vosgesinfo.fr\/gerardmerinfo\/wp-json\/wp\/v2\/comments?post=62224"}],"version-history":[{"count":0,"href":"https:\/\/vosgesinfo.fr\/gerardmerinfo\/wp-json\/wp\/v2\/posts\/62224\/revisions"}],"wp:featuredmedia":[{"embeddable":true,"href":"https:\/\/vosgesinfo.fr\/gerardmerinfo\/wp-json\/wp\/v2\/media\/62225"}],"wp:attachment":[{"href":"https:\/\/vosgesinfo.fr\/gerardmerinfo\/wp-json\/wp\/v2\/media?parent=62224"}],"wp:term":[{"taxonomy":"category","embeddable":true,"href":"https:\/\/vosgesinfo.fr\/gerardmerinfo\/wp-json\/wp\/v2\/categories?post=62224"},{"taxonomy":"post_tag","embeddable":true,"href":"https:\/\/vosgesinfo.fr\/gerardmerinfo\/wp-json\/wp\/v2\/tags?post=62224"}],"curies":[{"name":"wp","href":"https:\/\/api.w.org\/{rel}","templated":true}]}}