{"id":62237,"date":"2022-10-11T05:14:08","date_gmt":"2022-10-11T03:14:08","guid":{"rendered":"https:\/\/vosgesinfo.fr\/gerardmerinfo\/2022\/10\/xonrupt-tir-a-larc-portes-ouvertes\/"},"modified":"2022-10-11T05:14:08","modified_gmt":"2022-10-11T03:14:08","slug":"xonrupt-tir-a-larc-portes-ouvertes","status":"publish","type":"post","link":"https:\/\/vosgesinfo.fr\/gerardmerinfo\/2022\/10\/xonrupt-tir-a-larc-portes-ouvertes\/","title":{"rendered":"Xonrupt &#8211; Le tir \u00e0 l&rsquo;arc en portes ouvertes"},"content":{"rendered":"<p><a href=\"\/2022\/10\/famille_1500x1500.jpeg\"><img decoding=\"async\" class=\"alignnone size-medium wp-image-196121\" src=\"\/2022\/10\/famille_1500x1500-255x255.jpeg\" alt=\"famille_1500x1500\" width=\"255\" height=\"255\" \/><\/a><\/p>\n<p>Les archers du club de la Vall\u00e9e des lacs organisent une porte ouverte le samedi 15 octobre 2022, \u00e0 la salle polyvalente de Xonrupt, de 14 \u00e0 17H30.<\/p>\n<p>Petits et grands pourront d\u00e9couvrir le tir \u00e0 l\u2019arc et b\u00e9n\u00e9ficier d\u2019une s\u00e9ance de d\u00e9couverte, encadr\u00e9s par les archers confirm\u00e9s du club de Xonrupt. Quelle que soit la morphologie, l\u2019effort physique est modulable, la taille et la puissance de l\u2019arc s\u2019adaptant \u00e0 l\u2019archer, \u00e0 son niveau et sa corpulence.<\/p>\n<p>Tout le mat\u00e9riel sera mis \u00e0 disposition des novices gratuitement.<\/p>\n<p>Plus de renseignements au\u00a0: 06.72.99.25.15<\/p>\n<p>&nbsp;<\/p>\n<p><iframe loading=\"lazy\" title=\"Je suis une fl\u00e8che - Cyrielle &amp; le tir \u00e0 l&#039;arc\" width=\"500\" height=\"281\" src=\"https:\/\/www.youtube.com\/embed\/ytbWn6vShVs?feature=oembed\" frameborder=\"0\" allow=\"accelerometer; autoplay; clipboard-write; encrypted-media; gyroscope; picture-in-picture; web-share\" referrerpolicy=\"strict-origin-when-cross-origin\" allowfullscreen><\/iframe><\/p>\n","protected":false},"excerpt":{"rendered":"<p>Les archers du club de la Vall\u00e9e des lacs organisent une porte ouverte le samedi 15 octobre 2022, \u00e0 la [&hellip;]<\/p>\n","protected":false},"author":212,"featured_media":62238,"comment_status":"open","ping_status":"open","sticky":false,"template":"","format":"standard","meta":{"footnotes":""},"categories":[20,25,14,42,40],"tags":[],"class_list":["post-62237","post","type-post","status-publish","format-standard","has-post-thumbnail","hentry","category-a-la-une","category-gerardmer","category-sport","category-xonrupt-longemer","category-xonrupt-liezey"],"acf":[],"yoast_head":"<!-- This site is optimized with the Yoast SEO plugin v22.5 - https:\/\/yoast.com\/wordpress\/plugins\/seo\/ -->\n<title>Xonrupt - Le tir \u00e0 l&#039;arc en portes ouvertes - Gerardmer Info<\/title>\n<meta name=\"robots\" content=\"index, follow, max-snippet:-1, max-image-preview:large, max-video-preview:-1\" \/>\n<link rel=\"canonical\" href=\"https:\/\/vosgesinfo.fr\/gerardmerinfo\/2022\/10\/xonrupt-tir-a-larc-portes-ouvertes\/\" \/>\n<meta name=\"twitter:card\" content=\"summary_large_image\" \/>\n<meta name=\"twitter:title\" content=\"Xonrupt - Le tir \u00e0 l&#039;arc en portes ouvertes - Gerardmer Info\" \/>\n<meta name=\"twitter:description\" content=\"Les archers du club de la Vall\u00e9e des lacs organisent une porte ouverte le samedi 15 octobre 2022, \u00e0 la [&hellip;]\" \/>\n<meta name=\"twitter:image\" content=\"https:\/\/vosgesinfo.fr\/app\/uploads\/sites\/6\/2024\/07\/202210famille-1500x1500-1.jpeg\" \/>\n<meta name=\"twitter:creator\" content=\"@VosgesInfo88\" \/>\n<meta name=\"twitter:site\" content=\"@VosgesInfo88\" \/>\n<meta name=\"twitter:label1\" content=\"\u00c9crit par\" \/>\n\t<meta name=\"twitter:data1\" content=\"Club de la Vall\u00e9e des Lacs Tir \u00e0 l'arc\" \/>\n\t<meta name=\"twitter:label2\" content=\"Dur\u00e9e de lecture estim\u00e9e\" \/>\n\t<meta name=\"twitter:data2\" content=\"1 minute\" \/>\n<script type=\"application\/ld+json\" class=\"yoast-schema-graph\">{\"@context\":\"https:\/\/schema.org\",\"@graph\":[{\"@type\":\"Article\",\"@id\":\"https:\/\/vosgesinfo.fr\/gerardmerinfo\/2022\/10\/xonrupt-tir-a-larc-portes-ouvertes\/#article\",\"isPartOf\":{\"@id\":\"https:\/\/vosgesinfo.fr\/gerardmerinfo\/2022\/10\/xonrupt-tir-a-larc-portes-ouvertes\/\"},\"author\":{\"name\":\"Club de la Vall\u00e9e des Lacs Tir \u00e0 l'arc\",\"@id\":\"https:\/\/vosgesinfo.fr\/gerardmerinfo\/#\/schema\/person\/d39c2a6c360e9555f79e3d0cf4624422\"},\"headline\":\"Xonrupt &#8211; Le tir \u00e0 l&rsquo;arc en portes ouvertes\",\"datePublished\":\"2022-10-11T03:14:08+00:00\",\"dateModified\":\"2022-10-11T03:14:08+00:00\",\"mainEntityOfPage\":{\"@id\":\"https:\/\/vosgesinfo.fr\/gerardmerinfo\/2022\/10\/xonrupt-tir-a-larc-portes-ouvertes\/\"},\"wordCount\":114,\"commentCount\":0,\"publisher\":{\"@id\":\"https:\/\/vosgesinfo.fr\/gerardmerinfo\/#organization\"},\"image\":{\"@id\":\"https:\/\/vosgesinfo.fr\/gerardmerinfo\/2022\/10\/xonrupt-tir-a-larc-portes-ouvertes\/#primaryimage\"},\"thumbnailUrl\":\"https:\/\/vosgesinfo.fr\/app\/uploads\/sites\/6\/2024\/07\/202210famille-1500x1500-1.jpeg\",\"articleSection\":[\"A la une\",\"G\u00e9rardmer\",\"Sport\",\"Xonrupt-Longemer\",\"Xonrupt\/Liezey\"],\"inLanguage\":\"fr-FR\",\"potentialAction\":[{\"@type\":\"CommentAction\",\"name\":\"Comment\",\"target\":[\"https:\/\/vosgesinfo.fr\/gerardmerinfo\/2022\/10\/xonrupt-tir-a-larc-portes-ouvertes\/#respond\"]}]},{\"@type\":\"WebPage\",\"@id\":\"https:\/\/vosgesinfo.fr\/gerardmerinfo\/2022\/10\/xonrupt-tir-a-larc-portes-ouvertes\/\",\"url\":\"https:\/\/vosgesinfo.fr\/gerardmerinfo\/2022\/10\/xonrupt-tir-a-larc-portes-ouvertes\/\",\"name\":\"Xonrupt - Le tir \u00e0 l'arc en portes ouvertes - Gerardmer Info\",\"isPartOf\":{\"@id\":\"https:\/\/vosgesinfo.fr\/gerardmerinfo\/#website\"},\"primaryImageOfPage\":{\"@id\":\"https:\/\/vosgesinfo.fr\/gerardmerinfo\/2022\/10\/xonrupt-tir-a-larc-portes-ouvertes\/#primaryimage\"},\"image\":{\"@id\":\"https:\/\/vosgesinfo.fr\/gerardmerinfo\/2022\/10\/xonrupt-tir-a-larc-portes-ouvertes\/#primaryimage\"},\"thumbnailUrl\":\"https:\/\/vosgesinfo.fr\/app\/uploads\/sites\/6\/2024\/07\/202210famille-1500x1500-1.jpeg\",\"datePublished\":\"2022-10-11T03:14:08+00:00\",\"dateModified\":\"2022-10-11T03:14:08+00:00\",\"breadcrumb\":{\"@id\":\"https:\/\/vosgesinfo.fr\/gerardmerinfo\/2022\/10\/xonrupt-tir-a-larc-portes-ouvertes\/#breadcrumb\"},\"inLanguage\":\"fr-FR\",\"potentialAction\":[{\"@type\":\"ReadAction\",\"target\":[\"https:\/\/vosgesinfo.fr\/gerardmerinfo\/2022\/10\/xonrupt-tir-a-larc-portes-ouvertes\/\"]}]},{\"@type\":\"ImageObject\",\"inLanguage\":\"fr-FR\",\"@id\":\"https:\/\/vosgesinfo.fr\/gerardmerinfo\/2022\/10\/xonrupt-tir-a-larc-portes-ouvertes\/#primaryimage\",\"url\":\"https:\/\/vosgesinfo.fr\/app\/uploads\/sites\/6\/2024\/07\/202210famille-1500x1500-1.jpeg\",\"contentUrl\":\"https:\/\/vosgesinfo.fr\/app\/uploads\/sites\/6\/2024\/07\/202210famille-1500x1500-1.jpeg\",\"width\":1500,\"height\":1500},{\"@type\":\"BreadcrumbList\",\"@id\":\"https:\/\/vosgesinfo.fr\/gerardmerinfo\/2022\/10\/xonrupt-tir-a-larc-portes-ouvertes\/#breadcrumb\",\"itemListElement\":[{\"@type\":\"ListItem\",\"position\":1,\"name\":\"Home\",\"item\":\"https:\/\/vosgesinfo.fr\/gerardmerinfo\/\"},{\"@type\":\"ListItem\",\"position\":2,\"name\":\"Xonrupt &#8211; Le tir \u00e0 l&rsquo;arc en portes ouvertes\"}]},{\"@type\":\"WebSite\",\"@id\":\"https:\/\/vosgesinfo.fr\/gerardmerinfo\/#website\",\"url\":\"https:\/\/vosgesinfo.fr\/gerardmerinfo\/\",\"name\":\"Gerardmer Info\",\"description\":\"Toute l&#039;actualit\u00e9 de G\u00e9rardmer\",\"publisher\":{\"@id\":\"https:\/\/vosgesinfo.fr\/gerardmerinfo\/#organization\"},\"alternateName\":\"Toute l'actualit\u00e9 de G\u00e9rardmer\",\"potentialAction\":[{\"@type\":\"SearchAction\",\"target\":{\"@type\":\"EntryPoint\",\"urlTemplate\":\"https:\/\/vosgesinfo.fr\/gerardmerinfo\/?s={search_term_string}\"},\"query-input\":\"required name=search_term_string\"}],\"inLanguage\":\"fr-FR\"},{\"@type\":\"Organization\",\"@id\":\"https:\/\/vosgesinfo.fr\/gerardmerinfo\/#organization\",\"name\":\"Gerardmer Info\",\"url\":\"https:\/\/vosgesinfo.fr\/gerardmerinfo\/\",\"logo\":{\"@type\":\"ImageObject\",\"inLanguage\":\"fr-FR\",\"@id\":\"https:\/\/vosgesinfo.fr\/gerardmerinfo\/#\/schema\/logo\/image\/\",\"url\":\"https:\/\/vosgesinfo.fr\/app\/uploads\/sites\/6\/2023\/08\/favicon-gerardmerinfo.png\",\"contentUrl\":\"https:\/\/vosgesinfo.fr\/app\/uploads\/sites\/6\/2023\/08\/favicon-gerardmerinfo.png\",\"width\":512,\"height\":512,\"caption\":\"Gerardmer Info\"},\"image\":{\"@id\":\"https:\/\/vosgesinfo.fr\/gerardmerinfo\/#\/schema\/logo\/image\/\"},\"sameAs\":[\"https:\/\/www.facebook.com\/profile.php?id=100049475262660\",\"https:\/\/x.com\/VosgesInfo88\",\"https:\/\/www.youtube.com\/@vosgesinfo\"]},{\"@type\":\"Person\",\"@id\":\"https:\/\/vosgesinfo.fr\/gerardmerinfo\/#\/schema\/person\/d39c2a6c360e9555f79e3d0cf4624422\",\"name\":\"Club de la Vall\u00e9e des Lacs Tir \u00e0 l'arc\",\"image\":{\"@type\":\"ImageObject\",\"inLanguage\":\"fr-FR\",\"@id\":\"https:\/\/vosgesinfo.fr\/gerardmerinfo\/#\/schema\/person\/image\/\",\"url\":\"https:\/\/secure.gravatar.com\/avatar\/145fea7d5819bfb5836ecc0ce7f2796f843dcd119eed0b7facd6946ee52407f3?s=96&d=mm&r=g\",\"contentUrl\":\"https:\/\/secure.gravatar.com\/avatar\/145fea7d5819bfb5836ecc0ce7f2796f843dcd119eed0b7facd6946ee52407f3?s=96&d=mm&r=g\",\"caption\":\"Club de la Vall\u00e9e des Lacs Tir \u00e0 l'arc\"},\"url\":\"https:\/\/vosgesinfo.fr\/gerardmerinfo\/author\/adeline-blaison\/\"}]}<\/script>\n<!-- \/ Yoast SEO plugin. -->","yoast_head_json":{"title":"Xonrupt - Le tir \u00e0 l'arc en portes ouvertes - Gerardmer Info","robots":{"index":"index","follow":"follow","max-snippet":"max-snippet:-1","max-image-preview":"max-image-preview:large","max-video-preview":"max-video-preview:-1"},"canonical":"https:\/\/vosgesinfo.fr\/gerardmerinfo\/2022\/10\/xonrupt-tir-a-larc-portes-ouvertes\/","twitter_card":"summary_large_image","twitter_title":"Xonrupt - Le tir \u00e0 l'arc en portes ouvertes - Gerardmer Info","twitter_description":"Les archers du club de la Vall\u00e9e des lacs organisent une porte ouverte le samedi 15 octobre 2022, \u00e0 la [&hellip;]","twitter_image":"https:\/\/vosgesinfo.fr\/app\/uploads\/sites\/6\/2024\/07\/202210famille-1500x1500-1.jpeg","twitter_creator":"@VosgesInfo88","twitter_site":"@VosgesInfo88","twitter_misc":{"\u00c9crit par":"Club de la Vall\u00e9e des Lacs Tir \u00e0 l'arc","Dur\u00e9e de lecture estim\u00e9e":"1 minute"},"schema":{"@context":"https:\/\/schema.org","@graph":[{"@type":"Article","@id":"https:\/\/vosgesinfo.fr\/gerardmerinfo\/2022\/10\/xonrupt-tir-a-larc-portes-ouvertes\/#article","isPartOf":{"@id":"https:\/\/vosgesinfo.fr\/gerardmerinfo\/2022\/10\/xonrupt-tir-a-larc-portes-ouvertes\/"},"author":{"name":"Club de la Vall\u00e9e des Lacs Tir \u00e0 l'arc","@id":"https:\/\/vosgesinfo.fr\/gerardmerinfo\/#\/schema\/person\/d39c2a6c360e9555f79e3d0cf4624422"},"headline":"Xonrupt &#8211; Le tir \u00e0 l&rsquo;arc en portes ouvertes","datePublished":"2022-10-11T03:14:08+00:00","dateModified":"2022-10-11T03:14:08+00:00","mainEntityOfPage":{"@id":"https:\/\/vosgesinfo.fr\/gerardmerinfo\/2022\/10\/xonrupt-tir-a-larc-portes-ouvertes\/"},"wordCount":114,"commentCount":0,"publisher":{"@id":"https:\/\/vosgesinfo.fr\/gerardmerinfo\/#organization"},"image":{"@id":"https:\/\/vosgesinfo.fr\/gerardmerinfo\/2022\/10\/xonrupt-tir-a-larc-portes-ouvertes\/#primaryimage"},"thumbnailUrl":"https:\/\/vosgesinfo.fr\/app\/uploads\/sites\/6\/2024\/07\/202210famille-1500x1500-1.jpeg","articleSection":["A la une","G\u00e9rardmer","Sport","Xonrupt-Longemer","Xonrupt\/Liezey"],"inLanguage":"fr-FR","potentialAction":[{"@type":"CommentAction","name":"Comment","target":["https:\/\/vosgesinfo.fr\/gerardmerinfo\/2022\/10\/xonrupt-tir-a-larc-portes-ouvertes\/#respond"]}]},{"@type":"WebPage","@id":"https:\/\/vosgesinfo.fr\/gerardmerinfo\/2022\/10\/xonrupt-tir-a-larc-portes-ouvertes\/","url":"https:\/\/vosgesinfo.fr\/gerardmerinfo\/2022\/10\/xonrupt-tir-a-larc-portes-ouvertes\/","name":"Xonrupt - Le tir \u00e0 l'arc en portes ouvertes - Gerardmer Info","isPartOf":{"@id":"https:\/\/vosgesinfo.fr\/gerardmerinfo\/#website"},"primaryImageOfPage":{"@id":"https:\/\/vosgesinfo.fr\/gerardmerinfo\/2022\/10\/xonrupt-tir-a-larc-portes-ouvertes\/#primaryimage"},"image":{"@id":"https:\/\/vosgesinfo.fr\/gerardmerinfo\/2022\/10\/xonrupt-tir-a-larc-portes-ouvertes\/#primaryimage"},"thumbnailUrl":"https:\/\/vosgesinfo.fr\/app\/uploads\/sites\/6\/2024\/07\/202210famille-1500x1500-1.jpeg","datePublished":"2022-10-11T03:14:08+00:00","dateModified":"2022-10-11T03:14:08+00:00","breadcrumb":{"@id":"https:\/\/vosgesinfo.fr\/gerardmerinfo\/2022\/10\/xonrupt-tir-a-larc-portes-ouvertes\/#breadcrumb"},"inLanguage":"fr-FR","potentialAction":[{"@type":"ReadAction","target":["https:\/\/vosgesinfo.fr\/gerardmerinfo\/2022\/10\/xonrupt-tir-a-larc-portes-ouvertes\/"]}]},{"@type":"ImageObject","inLanguage":"fr-FR","@id":"https:\/\/vosgesinfo.fr\/gerardmerinfo\/2022\/10\/xonrupt-tir-a-larc-portes-ouvertes\/#primaryimage","url":"https:\/\/vosgesinfo.fr\/app\/uploads\/sites\/6\/2024\/07\/202210famille-1500x1500-1.jpeg","contentUrl":"https:\/\/vosgesinfo.fr\/app\/uploads\/sites\/6\/2024\/07\/202210famille-1500x1500-1.jpeg","width":1500,"height":1500},{"@type":"BreadcrumbList","@id":"https:\/\/vosgesinfo.fr\/gerardmerinfo\/2022\/10\/xonrupt-tir-a-larc-portes-ouvertes\/#breadcrumb","itemListElement":[{"@type":"ListItem","position":1,"name":"Home","item":"https:\/\/vosgesinfo.fr\/gerardmerinfo\/"},{"@type":"ListItem","position":2,"name":"Xonrupt &#8211; Le tir \u00e0 l&rsquo;arc en portes ouvertes"}]},{"@type":"WebSite","@id":"https:\/\/vosgesinfo.fr\/gerardmerinfo\/#website","url":"https:\/\/vosgesinfo.fr\/gerardmerinfo\/","name":"Gerardmer Info","description":"Toute l&#039;actualit\u00e9 de G\u00e9rardmer","publisher":{"@id":"https:\/\/vosgesinfo.fr\/gerardmerinfo\/#organization"},"alternateName":"Toute l'actualit\u00e9 de G\u00e9rardmer","potentialAction":[{"@type":"SearchAction","target":{"@type":"EntryPoint","urlTemplate":"https:\/\/vosgesinfo.fr\/gerardmerinfo\/?s={search_term_string}"},"query-input":"required name=search_term_string"}],"inLanguage":"fr-FR"},{"@type":"Organization","@id":"https:\/\/vosgesinfo.fr\/gerardmerinfo\/#organization","name":"Gerardmer Info","url":"https:\/\/vosgesinfo.fr\/gerardmerinfo\/","logo":{"@type":"ImageObject","inLanguage":"fr-FR","@id":"https:\/\/vosgesinfo.fr\/gerardmerinfo\/#\/schema\/logo\/image\/","url":"https:\/\/vosgesinfo.fr\/app\/uploads\/sites\/6\/2023\/08\/favicon-gerardmerinfo.png","contentUrl":"https:\/\/vosgesinfo.fr\/app\/uploads\/sites\/6\/2023\/08\/favicon-gerardmerinfo.png","width":512,"height":512,"caption":"Gerardmer Info"},"image":{"@id":"https:\/\/vosgesinfo.fr\/gerardmerinfo\/#\/schema\/logo\/image\/"},"sameAs":["https:\/\/www.facebook.com\/profile.php?id=100049475262660","https:\/\/x.com\/VosgesInfo88","https:\/\/www.youtube.com\/@vosgesinfo"]},{"@type":"Person","@id":"https:\/\/vosgesinfo.fr\/gerardmerinfo\/#\/schema\/person\/d39c2a6c360e9555f79e3d0cf4624422","name":"Club de la Vall\u00e9e des Lacs Tir \u00e0 l'arc","image":{"@type":"ImageObject","inLanguage":"fr-FR","@id":"https:\/\/vosgesinfo.fr\/gerardmerinfo\/#\/schema\/person\/image\/","url":"https:\/\/secure.gravatar.com\/avatar\/145fea7d5819bfb5836ecc0ce7f2796f843dcd119eed0b7facd6946ee52407f3?s=96&d=mm&r=g","contentUrl":"https:\/\/secure.gravatar.com\/avatar\/145fea7d5819bfb5836ecc0ce7f2796f843dcd119eed0b7facd6946ee52407f3?s=96&d=mm&r=g","caption":"Club de la Vall\u00e9e des Lacs Tir \u00e0 l'arc"},"url":"https:\/\/vosgesinfo.fr\/gerardmerinfo\/author\/adeline-blaison\/"}]}},"_links":{"self":[{"href":"https:\/\/vosgesinfo.fr\/gerardmerinfo\/wp-json\/wp\/v2\/posts\/62237","targetHints":{"allow":["GET"]}}],"collection":[{"href":"https:\/\/vosgesinfo.fr\/gerardmerinfo\/wp-json\/wp\/v2\/posts"}],"about":[{"href":"https:\/\/vosgesinfo.fr\/gerardmerinfo\/wp-json\/wp\/v2\/types\/post"}],"author":[{"embeddable":true,"href":"https:\/\/vosgesinfo.fr\/gerardmerinfo\/wp-json\/wp\/v2\/users\/212"}],"replies":[{"embeddable":true,"href":"https:\/\/vosgesinfo.fr\/gerardmerinfo\/wp-json\/wp\/v2\/comments?post=62237"}],"version-history":[{"count":0,"href":"https:\/\/vosgesinfo.fr\/gerardmerinfo\/wp-json\/wp\/v2\/posts\/62237\/revisions"}],"wp:featuredmedia":[{"embeddable":true,"href":"https:\/\/vosgesinfo.fr\/gerardmerinfo\/wp-json\/wp\/v2\/media\/62238"}],"wp:attachment":[{"href":"https:\/\/vosgesinfo.fr\/gerardmerinfo\/wp-json\/wp\/v2\/media?parent=62237"}],"wp:term":[{"taxonomy":"category","embeddable":true,"href":"https:\/\/vosgesinfo.fr\/gerardmerinfo\/wp-json\/wp\/v2\/categories?post=62237"},{"taxonomy":"post_tag","embeddable":true,"href":"https:\/\/vosgesinfo.fr\/gerardmerinfo\/wp-json\/wp\/v2\/tags?post=62237"}],"curies":[{"name":"wp","href":"https:\/\/api.w.org\/{rel}","templated":true}]}}