{"id":62239,"date":"2022-10-11T05:48:18","date_gmt":"2022-10-11T03:48:18","guid":{"rendered":"https:\/\/vosgesinfo.fr\/gerardmerinfo\/2022\/10\/repas-dansant-anciens\/"},"modified":"2022-10-11T05:48:18","modified_gmt":"2022-10-11T03:48:18","slug":"repas-dansant-anciens","status":"publish","type":"post","link":"https:\/\/vosgesinfo.fr\/gerardmerinfo\/2022\/10\/repas-dansant-anciens\/","title":{"rendered":"Repas dansant des anciens de Rochesson"},"content":{"rendered":"<p><a href=\"\/2022\/10\/th-1.jpg\"><img decoding=\"async\" class=\"alignnone size-medium wp-image-196131\" src=\"\/2022\/10\/th-1-340x255.jpg\" alt=\"th (1)\" width=\"340\" height=\"255\" \/><\/a><\/p>\n<p>Apr\u00e8s plus de 2 ans d\u2019absence, l\u2019amicale des Sapeurs Pompiers de ROCHESSON est heureuse de vous annoncer que son traditionnel repas dansant se d\u00e9roulera cette ann\u00e9e le jeudi 20 octobre. Nous vous donnons rendez vous \u00e0 la salle des f\u00eates de ROCHESSON, vers 12h. Animation faite par Martial Vuillemin<\/p>\n<p>Pour 30\u20ac par personne vous pourrez d\u00e9guster :<\/p>\n<p>Ap\u00e9ritif.<\/p>\n<p>Velout\u00e9 de C\u00e8pes.<\/p>\n<p>Tourte Lorraine.<\/p>\n<p>Civet de joues de porc, petits l\u00e9gumes et sapetzles.<\/p>\n<p>Fromage salade.<\/p>\n<p>Verrine crumble poire chocolat<\/p>\n<p style=\"text-align: justify;\">Caf\u00e9.<\/p>\n<p>R\u00e9servation \u00e7\u00e0 faire aupr\u00e8s de\u00a0Mr Alain DIDIERLAURENT, 15 rue d&rsquo;Orimont 88120 ROCHESSON Tel : 03.29.61.77.53 avant le 13 octobre 2022.<\/p>\n<p>Nous comptons vivement sur la pr\u00e9sence du plus grand nombre pour que cette journ\u00e9e soit r\u00e9ussie.<\/p>\n","protected":false},"excerpt":{"rendered":"<p>Apr\u00e8s plus de 2 ans d\u2019absence, l\u2019amicale des Sapeurs Pompiers de ROCHESSON est heureuse de vous annoncer que son traditionnel [&hellip;]<\/p>\n","protected":false},"author":171,"featured_media":62240,"comment_status":"open","ping_status":"open","sticky":false,"template":"","format":"standard","meta":{"footnotes":""},"categories":[20,24],"tags":[],"class_list":["post-62239","post","type-post","status-publish","format-standard","has-post-thumbnail","hentry","category-a-la-une","category-evenements"],"acf":[],"yoast_head":"<!-- This site is optimized with the Yoast SEO plugin v22.5 - https:\/\/yoast.com\/wordpress\/plugins\/seo\/ -->\n<title>Repas dansant des anciens de Rochesson - Gerardmer Info<\/title>\n<meta name=\"robots\" content=\"index, follow, max-snippet:-1, max-image-preview:large, max-video-preview:-1\" \/>\n<link rel=\"canonical\" href=\"https:\/\/vosgesinfo.fr\/gerardmerinfo\/2022\/10\/repas-dansant-anciens\/\" \/>\n<meta name=\"twitter:card\" content=\"summary_large_image\" \/>\n<meta name=\"twitter:title\" content=\"Repas dansant des anciens de Rochesson - Gerardmer Info\" \/>\n<meta name=\"twitter:description\" content=\"Apr\u00e8s plus de 2 ans d\u2019absence, l\u2019amicale des Sapeurs Pompiers de ROCHESSON est heureuse de vous annoncer que son traditionnel [&hellip;]\" \/>\n<meta name=\"twitter:image\" content=\"https:\/\/vosgesinfo.fr\/app\/uploads\/sites\/6\/2024\/07\/202210th-1.jpg\" \/>\n<meta name=\"twitter:creator\" content=\"@VosgesInfo88\" \/>\n<meta name=\"twitter:site\" content=\"@VosgesInfo88\" \/>\n<meta name=\"twitter:label1\" content=\"\u00c9crit par\" \/>\n\t<meta name=\"twitter:data1\" content=\"meta\" \/>\n\t<meta name=\"twitter:label2\" content=\"Dur\u00e9e de lecture estim\u00e9e\" \/>\n\t<meta name=\"twitter:data2\" content=\"1 minute\" \/>\n<script type=\"application\/ld+json\" class=\"yoast-schema-graph\">{\"@context\":\"https:\/\/schema.org\",\"@graph\":[{\"@type\":\"Article\",\"@id\":\"https:\/\/vosgesinfo.fr\/gerardmerinfo\/2022\/10\/repas-dansant-anciens\/#article\",\"isPartOf\":{\"@id\":\"https:\/\/vosgesinfo.fr\/gerardmerinfo\/2022\/10\/repas-dansant-anciens\/\"},\"author\":{\"name\":\"meta\",\"@id\":\"https:\/\/vosgesinfo.fr\/gerardmerinfo\/#\/schema\/person\/cb573e5c359ad6caf6c0e8bbb6c7227d\"},\"headline\":\"Repas dansant des anciens de Rochesson\",\"datePublished\":\"2022-10-11T03:48:18+00:00\",\"dateModified\":\"2022-10-11T03:48:18+00:00\",\"mainEntityOfPage\":{\"@id\":\"https:\/\/vosgesinfo.fr\/gerardmerinfo\/2022\/10\/repas-dansant-anciens\/\"},\"wordCount\":126,\"commentCount\":0,\"publisher\":{\"@id\":\"https:\/\/vosgesinfo.fr\/gerardmerinfo\/#organization\"},\"image\":{\"@id\":\"https:\/\/vosgesinfo.fr\/gerardmerinfo\/2022\/10\/repas-dansant-anciens\/#primaryimage\"},\"thumbnailUrl\":\"https:\/\/vosgesinfo.fr\/app\/uploads\/sites\/6\/2024\/07\/202210th-1.jpg\",\"articleSection\":[\"A la une\",\"Ev\u00e8nements\"],\"inLanguage\":\"fr-FR\",\"potentialAction\":[{\"@type\":\"CommentAction\",\"name\":\"Comment\",\"target\":[\"https:\/\/vosgesinfo.fr\/gerardmerinfo\/2022\/10\/repas-dansant-anciens\/#respond\"]}]},{\"@type\":\"WebPage\",\"@id\":\"https:\/\/vosgesinfo.fr\/gerardmerinfo\/2022\/10\/repas-dansant-anciens\/\",\"url\":\"https:\/\/vosgesinfo.fr\/gerardmerinfo\/2022\/10\/repas-dansant-anciens\/\",\"name\":\"Repas dansant des anciens de Rochesson - Gerardmer Info\",\"isPartOf\":{\"@id\":\"https:\/\/vosgesinfo.fr\/gerardmerinfo\/#website\"},\"primaryImageOfPage\":{\"@id\":\"https:\/\/vosgesinfo.fr\/gerardmerinfo\/2022\/10\/repas-dansant-anciens\/#primaryimage\"},\"image\":{\"@id\":\"https:\/\/vosgesinfo.fr\/gerardmerinfo\/2022\/10\/repas-dansant-anciens\/#primaryimage\"},\"thumbnailUrl\":\"https:\/\/vosgesinfo.fr\/app\/uploads\/sites\/6\/2024\/07\/202210th-1.jpg\",\"datePublished\":\"2022-10-11T03:48:18+00:00\",\"dateModified\":\"2022-10-11T03:48:18+00:00\",\"breadcrumb\":{\"@id\":\"https:\/\/vosgesinfo.fr\/gerardmerinfo\/2022\/10\/repas-dansant-anciens\/#breadcrumb\"},\"inLanguage\":\"fr-FR\",\"potentialAction\":[{\"@type\":\"ReadAction\",\"target\":[\"https:\/\/vosgesinfo.fr\/gerardmerinfo\/2022\/10\/repas-dansant-anciens\/\"]}]},{\"@type\":\"ImageObject\",\"inLanguage\":\"fr-FR\",\"@id\":\"https:\/\/vosgesinfo.fr\/gerardmerinfo\/2022\/10\/repas-dansant-anciens\/#primaryimage\",\"url\":\"https:\/\/vosgesinfo.fr\/app\/uploads\/sites\/6\/2024\/07\/202210th-1.jpg\",\"contentUrl\":\"https:\/\/vosgesinfo.fr\/app\/uploads\/sites\/6\/2024\/07\/202210th-1.jpg\",\"width\":474,\"height\":355},{\"@type\":\"BreadcrumbList\",\"@id\":\"https:\/\/vosgesinfo.fr\/gerardmerinfo\/2022\/10\/repas-dansant-anciens\/#breadcrumb\",\"itemListElement\":[{\"@type\":\"ListItem\",\"position\":1,\"name\":\"Home\",\"item\":\"https:\/\/vosgesinfo.fr\/gerardmerinfo\/\"},{\"@type\":\"ListItem\",\"position\":2,\"name\":\"Repas dansant des anciens de Rochesson\"}]},{\"@type\":\"WebSite\",\"@id\":\"https:\/\/vosgesinfo.fr\/gerardmerinfo\/#website\",\"url\":\"https:\/\/vosgesinfo.fr\/gerardmerinfo\/\",\"name\":\"Gerardmer Info\",\"description\":\"Toute l&#039;actualit\u00e9 de G\u00e9rardmer\",\"publisher\":{\"@id\":\"https:\/\/vosgesinfo.fr\/gerardmerinfo\/#organization\"},\"alternateName\":\"Toute l'actualit\u00e9 de G\u00e9rardmer\",\"potentialAction\":[{\"@type\":\"SearchAction\",\"target\":{\"@type\":\"EntryPoint\",\"urlTemplate\":\"https:\/\/vosgesinfo.fr\/gerardmerinfo\/?s={search_term_string}\"},\"query-input\":\"required name=search_term_string\"}],\"inLanguage\":\"fr-FR\"},{\"@type\":\"Organization\",\"@id\":\"https:\/\/vosgesinfo.fr\/gerardmerinfo\/#organization\",\"name\":\"Gerardmer Info\",\"url\":\"https:\/\/vosgesinfo.fr\/gerardmerinfo\/\",\"logo\":{\"@type\":\"ImageObject\",\"inLanguage\":\"fr-FR\",\"@id\":\"https:\/\/vosgesinfo.fr\/gerardmerinfo\/#\/schema\/logo\/image\/\",\"url\":\"https:\/\/vosgesinfo.fr\/app\/uploads\/sites\/6\/2023\/08\/favicon-gerardmerinfo.png\",\"contentUrl\":\"https:\/\/vosgesinfo.fr\/app\/uploads\/sites\/6\/2023\/08\/favicon-gerardmerinfo.png\",\"width\":512,\"height\":512,\"caption\":\"Gerardmer Info\"},\"image\":{\"@id\":\"https:\/\/vosgesinfo.fr\/gerardmerinfo\/#\/schema\/logo\/image\/\"},\"sameAs\":[\"https:\/\/www.facebook.com\/profile.php?id=100049475262660\",\"https:\/\/x.com\/VosgesInfo88\",\"https:\/\/www.youtube.com\/@vosgesinfo\"]},{\"@type\":\"Person\",\"@id\":\"https:\/\/vosgesinfo.fr\/gerardmerinfo\/#\/schema\/person\/cb573e5c359ad6caf6c0e8bbb6c7227d\",\"name\":\"meta\",\"image\":{\"@type\":\"ImageObject\",\"inLanguage\":\"fr-FR\",\"@id\":\"https:\/\/vosgesinfo.fr\/gerardmerinfo\/#\/schema\/person\/image\/\",\"url\":\"https:\/\/secure.gravatar.com\/avatar\/12fa36baa007d896d984ec1e5c06496f3b2058bc162bebb68f6920a40e1a0b21?s=96&d=mm&r=g\",\"contentUrl\":\"https:\/\/secure.gravatar.com\/avatar\/12fa36baa007d896d984ec1e5c06496f3b2058bc162bebb68f6920a40e1a0b21?s=96&d=mm&r=g\",\"caption\":\"meta\"},\"url\":\"https:\/\/vosgesinfo.fr\/gerardmerinfo\/author\/meta\/\"}]}<\/script>\n<!-- \/ Yoast SEO plugin. -->","yoast_head_json":{"title":"Repas dansant des anciens de Rochesson - Gerardmer Info","robots":{"index":"index","follow":"follow","max-snippet":"max-snippet:-1","max-image-preview":"max-image-preview:large","max-video-preview":"max-video-preview:-1"},"canonical":"https:\/\/vosgesinfo.fr\/gerardmerinfo\/2022\/10\/repas-dansant-anciens\/","twitter_card":"summary_large_image","twitter_title":"Repas dansant des anciens de Rochesson - Gerardmer Info","twitter_description":"Apr\u00e8s plus de 2 ans d\u2019absence, l\u2019amicale des Sapeurs Pompiers de ROCHESSON est heureuse de vous annoncer que son traditionnel [&hellip;]","twitter_image":"https:\/\/vosgesinfo.fr\/app\/uploads\/sites\/6\/2024\/07\/202210th-1.jpg","twitter_creator":"@VosgesInfo88","twitter_site":"@VosgesInfo88","twitter_misc":{"\u00c9crit par":"meta","Dur\u00e9e de lecture estim\u00e9e":"1 minute"},"schema":{"@context":"https:\/\/schema.org","@graph":[{"@type":"Article","@id":"https:\/\/vosgesinfo.fr\/gerardmerinfo\/2022\/10\/repas-dansant-anciens\/#article","isPartOf":{"@id":"https:\/\/vosgesinfo.fr\/gerardmerinfo\/2022\/10\/repas-dansant-anciens\/"},"author":{"name":"meta","@id":"https:\/\/vosgesinfo.fr\/gerardmerinfo\/#\/schema\/person\/cb573e5c359ad6caf6c0e8bbb6c7227d"},"headline":"Repas dansant des anciens de Rochesson","datePublished":"2022-10-11T03:48:18+00:00","dateModified":"2022-10-11T03:48:18+00:00","mainEntityOfPage":{"@id":"https:\/\/vosgesinfo.fr\/gerardmerinfo\/2022\/10\/repas-dansant-anciens\/"},"wordCount":126,"commentCount":0,"publisher":{"@id":"https:\/\/vosgesinfo.fr\/gerardmerinfo\/#organization"},"image":{"@id":"https:\/\/vosgesinfo.fr\/gerardmerinfo\/2022\/10\/repas-dansant-anciens\/#primaryimage"},"thumbnailUrl":"https:\/\/vosgesinfo.fr\/app\/uploads\/sites\/6\/2024\/07\/202210th-1.jpg","articleSection":["A la une","Ev\u00e8nements"],"inLanguage":"fr-FR","potentialAction":[{"@type":"CommentAction","name":"Comment","target":["https:\/\/vosgesinfo.fr\/gerardmerinfo\/2022\/10\/repas-dansant-anciens\/#respond"]}]},{"@type":"WebPage","@id":"https:\/\/vosgesinfo.fr\/gerardmerinfo\/2022\/10\/repas-dansant-anciens\/","url":"https:\/\/vosgesinfo.fr\/gerardmerinfo\/2022\/10\/repas-dansant-anciens\/","name":"Repas dansant des anciens de Rochesson - Gerardmer Info","isPartOf":{"@id":"https:\/\/vosgesinfo.fr\/gerardmerinfo\/#website"},"primaryImageOfPage":{"@id":"https:\/\/vosgesinfo.fr\/gerardmerinfo\/2022\/10\/repas-dansant-anciens\/#primaryimage"},"image":{"@id":"https:\/\/vosgesinfo.fr\/gerardmerinfo\/2022\/10\/repas-dansant-anciens\/#primaryimage"},"thumbnailUrl":"https:\/\/vosgesinfo.fr\/app\/uploads\/sites\/6\/2024\/07\/202210th-1.jpg","datePublished":"2022-10-11T03:48:18+00:00","dateModified":"2022-10-11T03:48:18+00:00","breadcrumb":{"@id":"https:\/\/vosgesinfo.fr\/gerardmerinfo\/2022\/10\/repas-dansant-anciens\/#breadcrumb"},"inLanguage":"fr-FR","potentialAction":[{"@type":"ReadAction","target":["https:\/\/vosgesinfo.fr\/gerardmerinfo\/2022\/10\/repas-dansant-anciens\/"]}]},{"@type":"ImageObject","inLanguage":"fr-FR","@id":"https:\/\/vosgesinfo.fr\/gerardmerinfo\/2022\/10\/repas-dansant-anciens\/#primaryimage","url":"https:\/\/vosgesinfo.fr\/app\/uploads\/sites\/6\/2024\/07\/202210th-1.jpg","contentUrl":"https:\/\/vosgesinfo.fr\/app\/uploads\/sites\/6\/2024\/07\/202210th-1.jpg","width":474,"height":355},{"@type":"BreadcrumbList","@id":"https:\/\/vosgesinfo.fr\/gerardmerinfo\/2022\/10\/repas-dansant-anciens\/#breadcrumb","itemListElement":[{"@type":"ListItem","position":1,"name":"Home","item":"https:\/\/vosgesinfo.fr\/gerardmerinfo\/"},{"@type":"ListItem","position":2,"name":"Repas dansant des anciens de Rochesson"}]},{"@type":"WebSite","@id":"https:\/\/vosgesinfo.fr\/gerardmerinfo\/#website","url":"https:\/\/vosgesinfo.fr\/gerardmerinfo\/","name":"Gerardmer Info","description":"Toute l&#039;actualit\u00e9 de G\u00e9rardmer","publisher":{"@id":"https:\/\/vosgesinfo.fr\/gerardmerinfo\/#organization"},"alternateName":"Toute l'actualit\u00e9 de G\u00e9rardmer","potentialAction":[{"@type":"SearchAction","target":{"@type":"EntryPoint","urlTemplate":"https:\/\/vosgesinfo.fr\/gerardmerinfo\/?s={search_term_string}"},"query-input":"required name=search_term_string"}],"inLanguage":"fr-FR"},{"@type":"Organization","@id":"https:\/\/vosgesinfo.fr\/gerardmerinfo\/#organization","name":"Gerardmer Info","url":"https:\/\/vosgesinfo.fr\/gerardmerinfo\/","logo":{"@type":"ImageObject","inLanguage":"fr-FR","@id":"https:\/\/vosgesinfo.fr\/gerardmerinfo\/#\/schema\/logo\/image\/","url":"https:\/\/vosgesinfo.fr\/app\/uploads\/sites\/6\/2023\/08\/favicon-gerardmerinfo.png","contentUrl":"https:\/\/vosgesinfo.fr\/app\/uploads\/sites\/6\/2023\/08\/favicon-gerardmerinfo.png","width":512,"height":512,"caption":"Gerardmer Info"},"image":{"@id":"https:\/\/vosgesinfo.fr\/gerardmerinfo\/#\/schema\/logo\/image\/"},"sameAs":["https:\/\/www.facebook.com\/profile.php?id=100049475262660","https:\/\/x.com\/VosgesInfo88","https:\/\/www.youtube.com\/@vosgesinfo"]},{"@type":"Person","@id":"https:\/\/vosgesinfo.fr\/gerardmerinfo\/#\/schema\/person\/cb573e5c359ad6caf6c0e8bbb6c7227d","name":"meta","image":{"@type":"ImageObject","inLanguage":"fr-FR","@id":"https:\/\/vosgesinfo.fr\/gerardmerinfo\/#\/schema\/person\/image\/","url":"https:\/\/secure.gravatar.com\/avatar\/12fa36baa007d896d984ec1e5c06496f3b2058bc162bebb68f6920a40e1a0b21?s=96&d=mm&r=g","contentUrl":"https:\/\/secure.gravatar.com\/avatar\/12fa36baa007d896d984ec1e5c06496f3b2058bc162bebb68f6920a40e1a0b21?s=96&d=mm&r=g","caption":"meta"},"url":"https:\/\/vosgesinfo.fr\/gerardmerinfo\/author\/meta\/"}]}},"_links":{"self":[{"href":"https:\/\/vosgesinfo.fr\/gerardmerinfo\/wp-json\/wp\/v2\/posts\/62239","targetHints":{"allow":["GET"]}}],"collection":[{"href":"https:\/\/vosgesinfo.fr\/gerardmerinfo\/wp-json\/wp\/v2\/posts"}],"about":[{"href":"https:\/\/vosgesinfo.fr\/gerardmerinfo\/wp-json\/wp\/v2\/types\/post"}],"author":[{"embeddable":true,"href":"https:\/\/vosgesinfo.fr\/gerardmerinfo\/wp-json\/wp\/v2\/users\/171"}],"replies":[{"embeddable":true,"href":"https:\/\/vosgesinfo.fr\/gerardmerinfo\/wp-json\/wp\/v2\/comments?post=62239"}],"version-history":[{"count":0,"href":"https:\/\/vosgesinfo.fr\/gerardmerinfo\/wp-json\/wp\/v2\/posts\/62239\/revisions"}],"wp:featuredmedia":[{"embeddable":true,"href":"https:\/\/vosgesinfo.fr\/gerardmerinfo\/wp-json\/wp\/v2\/media\/62240"}],"wp:attachment":[{"href":"https:\/\/vosgesinfo.fr\/gerardmerinfo\/wp-json\/wp\/v2\/media?parent=62239"}],"wp:term":[{"taxonomy":"category","embeddable":true,"href":"https:\/\/vosgesinfo.fr\/gerardmerinfo\/wp-json\/wp\/v2\/categories?post=62239"},{"taxonomy":"post_tag","embeddable":true,"href":"https:\/\/vosgesinfo.fr\/gerardmerinfo\/wp-json\/wp\/v2\/tags?post=62239"}],"curies":[{"name":"wp","href":"https:\/\/api.w.org\/{rel}","templated":true}]}}