{"id":62243,"date":"2022-10-11T06:24:49","date_gmt":"2022-10-11T04:24:49","guid":{"rendered":"https:\/\/vosgesinfo.fr\/gerardmerinfo\/2022\/10\/salon-loisirs-creatifs-de-saint-die-vosges-de-retour-5e-edition\/"},"modified":"2022-10-11T06:24:49","modified_gmt":"2022-10-11T04:24:49","slug":"salon-loisirs-creatifs-de-saint-die-vosges-de-retour-5e-edition","status":"publish","type":"post","link":"https:\/\/vosgesinfo.fr\/gerardmerinfo\/2022\/10\/salon-loisirs-creatifs-de-saint-die-vosges-de-retour-5e-edition\/","title":{"rendered":"Le Salon des Loisirs Cr\u00e9atifs de Saint-Di\u00e9-des-Vosges est de retour avec une 5e \u00e9dition"},"content":{"rendered":"<p><a href=\"https:\/\/gerardmerinfo.fr\/2022\/10\/salon-loisirs-creatifs-de-saint-die-vosges-de-retour-5e-edition\/presentation_5e_salon_loisirs_creatifs-1024x771\/\" rel=\"attachment wp-att-196149\"><img decoding=\"async\" class=\"aligncenter size-full wp-image-196149\" src=\"\/2022\/10\/Pr\u00e9sentation_5e_Salon_Loisirs_Cr\u00e9atifs-1024x771.jpg\" alt=\"Pr\u00e9sentation_5e_Salon_Loisirs_Cr\u00e9atifs-1024x771\" width=\"1024\" height=\"771\" \/><\/a><\/p>\n<h2><span style=\"font-size: 14pt;\"><strong>Le Salon des Loisirs Cr\u00e9atifs de Saint-Di\u00e9-des-Vosges a su rapidement s\u2019imposer comme l\u2019un des temps forts de l\u2019automne d\u00e9odatien, avec entre 4000 et 5000 visiteurs chaque ann\u00e9e. L\u2019id\u00e9e derri\u00e8re ce salon \u00e9tant de rassembler des professionnels proposant tout ce qu\u2019il faut pour cr\u00e9er \u00e0 la maison, \u00e0 quelques semaines des f\u00eates de fin d\u2019ann\u00e9e. Sa 5e \u00e9dition se d\u00e9roulera les vendredi 18, samedi 19 et dimanche 20 novembre prochains \u00e0 l\u2019Espace Fran\u00e7ois-Mitterrand. De 10h \u00e0 18 vendredi et samedi, puis de 9h30 \u00e0 17h30 dimanche.<\/strong><\/span><\/h2>\n<p>Toujours organis\u00e9 par le Club Aux Bons Points, avec le soutien de la Ville, le salon r\u00e9unira cette ann\u00e9e 34 exposants, originaires de Saint-Di\u00e9-des-Vosges, des Vosges, du Grand Est et bien au-del\u00e0. \u00ab\u00a0Environ un tiers des exposants sont nouveaux, dans un souci de renouveler le salon chaque ann\u00e9e\u00a0\u00bb pr\u00e9cisent Catherine Viry et Patricia David, les 2 chevilles ouvri\u00e8res de la manifestation.<\/p>\n<p>Ces nouveaux exposants apporteront avec eux, de mani\u00e8re non exhaustive, des objets en macram\u00e9, de la broderie hardanger, des cr\u00e9ations en li\u00e8ge, simili cuir et velours, des kits et bo\u00eetes d\u2019activit\u00e9s pour les jeunes enfants, des produits pour relooker son mobilier, etc. L\u2019une des autres nouveaut\u00e9s est la tombola organis\u00e9e au profit de l\u2019association \u00ab\u00a0Pas \u00e0 pas avec Layllia\u00a0\u00bb, avec des lots offerts par les exposants pr\u00e9sents.<\/p>\n<p>Comme les pr\u00e9c\u00e9dentes \u00e9ditions, le salon pr\u00e9sentera encore cette ann\u00e9e un large panorama des loisirs cr\u00e9atifs\u00a0: scrapbooking, mandalas, broderie et cartes brod\u00e9es, mercerie, poup\u00e9es et animaux en feutre, feutrine et laine, boutons fantaisies en p\u00e2te polym\u00e8re ou en c\u00e9ramique, mosa\u00efques, points de croix, rubans et dentelles, laine et tissus\u2026 le tout sans oublier les diff\u00e9rents ateliers anim\u00e9s par des exposants (inscriptions sur place), avec au programme de la couture, de la broderie hardanger, du kumihimo, du vinyle perfor\u00e9, du macram\u00e9, des plumes, des mosa\u00efques et des personnages en feutre.<\/p>\n<p>A noter \u00e9galement \u00e0 propos du 5e Salon des Loisirs Cr\u00e9atifs de Saint-Di\u00e9-des-Vosges que l\u2019entr\u00e9e est gratuite, qu\u2019un foodtruck gar\u00e9 devant l\u2019Espace Fran\u00e7ois-Mitterrand permettra de se restaurer avec de la cuisine italienne, qu\u2019un salon de th\u00e9 sera tenu par les b\u00e9n\u00e9voles de l\u2019association, et qu\u2019une exposition des cr\u00e9ations du Club Aux Bons Points sera \u00e0 d\u00e9couvrir du c\u00f4t\u00e9 de la salle Couarail.<\/p>\n<p>Plus de renseignements sur <a href=\"https:\/\/salonloisirscreatifs.fr\/\" target=\"_blank\" rel=\"noopener\">https:\/\/salonloisirscreatifs.fr\/<\/a>, <a href=\"https:\/\/www.facebook.com\/clubauxbonspoints\/\" target=\"_blank\" rel=\"noopener\">https:\/\/www.facebook.com\/clubauxbonspoints\/<\/a> et via l\u2019adresse \u00e9lectronique <a href=\"mailto:clubauxbonspoints@gmail.com\" target=\"_blank\" rel=\"noopener\">clubauxbonspoints@gmail.com<\/a>.<\/p>\n<p>J.J.<\/p>\n<p><a href=\"https:\/\/saintdieinfo.fr\/wp-content\/uploads\/2022\/10\/5e_Salon_Loisirs_Cr\u00e9atifs_Affiche.jpg\" target=\"_blank\" data-featherlight=\"image\" rel=\"noopener\"><img decoding=\"async\" class=\"aligncenter wp-image-190943 size-large\" src=\"https:\/\/saintdieinfo.fr\/wp-content\/uploads\/2022\/10\/5e_Salon_Loisirs_Cr\u00e9atifs_Affiche-728x1024.jpg\" alt=\"5e_Salon_Loisirs_Cr\u00e9atifs_Affiche\" width=\"728\" height=\"1024\" \/><\/a><a href=\"https:\/\/saintdieinfo.fr\/wp-content\/uploads\/2022\/10\/5e_Salon_Loisirs_Cr\u00e9atifs_Exposants.jpg\" target=\"_blank\" data-featherlight=\"image\" rel=\"noopener\"><img decoding=\"async\" class=\"aligncenter wp-image-190944 size-large\" src=\"https:\/\/saintdieinfo.fr\/wp-content\/uploads\/2022\/10\/5e_Salon_Loisirs_Cr\u00e9atifs_Exposants-1024x758.jpg\" alt=\"5e_Salon_Loisirs_Cr\u00e9atifs_Exposants\" width=\"960\" height=\"711\" \/><\/a><\/p>\n<div class=\"really_simple_share really_simple_share_button robots-nocontent snap_nopreview\">\n<div class=\"really_simple_share_facebook_like\"><\/div>\n<\/div>\n","protected":false},"excerpt":{"rendered":"<p>Le Salon des Loisirs Cr\u00e9atifs de Saint-Di\u00e9-des-Vosges a su rapidement s\u2019imposer comme l\u2019un des temps forts de l\u2019automne d\u00e9odatien, avec [&hellip;]<\/p>\n","protected":false},"author":1,"featured_media":62244,"comment_status":"open","ping_status":"open","sticky":false,"template":"","format":"standard","meta":{"footnotes":""},"categories":[20,18],"tags":[],"class_list":["post-62243","post","type-post","status-publish","format-standard","has-post-thumbnail","hentry","category-a-la-une","category-vosges"],"acf":[],"yoast_head":"<!-- This site is optimized with the Yoast SEO plugin v22.5 - https:\/\/yoast.com\/wordpress\/plugins\/seo\/ -->\n<title>Le Salon des Loisirs Cr\u00e9atifs de Saint-Di\u00e9-des-Vosges est de retour avec une 5e \u00e9dition - Gerardmer Info<\/title>\n<meta name=\"robots\" content=\"index, follow, max-snippet:-1, max-image-preview:large, max-video-preview:-1\" \/>\n<link rel=\"canonical\" href=\"https:\/\/vosgesinfo.fr\/gerardmerinfo\/2022\/10\/salon-loisirs-creatifs-de-saint-die-vosges-de-retour-5e-edition\/\" \/>\n<meta name=\"twitter:card\" content=\"summary_large_image\" \/>\n<meta name=\"twitter:title\" content=\"Le Salon des Loisirs Cr\u00e9atifs de Saint-Di\u00e9-des-Vosges est de retour avec une 5e \u00e9dition - Gerardmer Info\" \/>\n<meta name=\"twitter:description\" content=\"Le Salon des Loisirs Cr\u00e9atifs de Saint-Di\u00e9-des-Vosges a su rapidement s\u2019imposer comme l\u2019un des temps forts de l\u2019automne d\u00e9odatien, avec [&hellip;]\" \/>\n<meta name=\"twitter:image\" content=\"https:\/\/vosgesinfo.fr\/app\/uploads\/sites\/6\/2024\/07\/202210presentation-5e-salon-loisirs-creatifs-1024x771-1.jpg\" \/>\n<meta name=\"twitter:creator\" content=\"@VosgesInfo88\" \/>\n<meta name=\"twitter:site\" content=\"@VosgesInfo88\" \/>\n<meta name=\"twitter:label1\" content=\"\u00c9crit par\" \/>\n\t<meta name=\"twitter:data1\" content=\"qs_admin\" \/>\n\t<meta name=\"twitter:label2\" content=\"Dur\u00e9e de lecture estim\u00e9e\" \/>\n\t<meta name=\"twitter:data2\" content=\"2 minutes\" \/>\n<script type=\"application\/ld+json\" class=\"yoast-schema-graph\">{\"@context\":\"https:\/\/schema.org\",\"@graph\":[{\"@type\":\"Article\",\"@id\":\"https:\/\/vosgesinfo.fr\/gerardmerinfo\/2022\/10\/salon-loisirs-creatifs-de-saint-die-vosges-de-retour-5e-edition\/#article\",\"isPartOf\":{\"@id\":\"https:\/\/vosgesinfo.fr\/gerardmerinfo\/2022\/10\/salon-loisirs-creatifs-de-saint-die-vosges-de-retour-5e-edition\/\"},\"author\":{\"name\":\"qs_admin\",\"@id\":\"https:\/\/vosgesinfo.fr\/gerardmerinfo\/#\/schema\/person\/bc5d02d71e6932e81b6dadb7386667b1\"},\"headline\":\"Le Salon des Loisirs Cr\u00e9atifs de Saint-Di\u00e9-des-Vosges est de retour avec une 5e \u00e9dition\",\"datePublished\":\"2022-10-11T04:24:49+00:00\",\"dateModified\":\"2022-10-11T04:24:49+00:00\",\"mainEntityOfPage\":{\"@id\":\"https:\/\/vosgesinfo.fr\/gerardmerinfo\/2022\/10\/salon-loisirs-creatifs-de-saint-die-vosges-de-retour-5e-edition\/\"},\"wordCount\":450,\"commentCount\":0,\"publisher\":{\"@id\":\"https:\/\/vosgesinfo.fr\/gerardmerinfo\/#organization\"},\"image\":{\"@id\":\"https:\/\/vosgesinfo.fr\/gerardmerinfo\/2022\/10\/salon-loisirs-creatifs-de-saint-die-vosges-de-retour-5e-edition\/#primaryimage\"},\"thumbnailUrl\":\"https:\/\/vosgesinfo.fr\/app\/uploads\/sites\/6\/2024\/07\/202210presentation-5e-salon-loisirs-creatifs-1024x771-1.jpg\",\"articleSection\":[\"A la une\",\"Vosges\"],\"inLanguage\":\"fr-FR\",\"potentialAction\":[{\"@type\":\"CommentAction\",\"name\":\"Comment\",\"target\":[\"https:\/\/vosgesinfo.fr\/gerardmerinfo\/2022\/10\/salon-loisirs-creatifs-de-saint-die-vosges-de-retour-5e-edition\/#respond\"]}]},{\"@type\":\"WebPage\",\"@id\":\"https:\/\/vosgesinfo.fr\/gerardmerinfo\/2022\/10\/salon-loisirs-creatifs-de-saint-die-vosges-de-retour-5e-edition\/\",\"url\":\"https:\/\/vosgesinfo.fr\/gerardmerinfo\/2022\/10\/salon-loisirs-creatifs-de-saint-die-vosges-de-retour-5e-edition\/\",\"name\":\"Le Salon des Loisirs Cr\u00e9atifs de Saint-Di\u00e9-des-Vosges est de retour avec une 5e \u00e9dition - Gerardmer Info\",\"isPartOf\":{\"@id\":\"https:\/\/vosgesinfo.fr\/gerardmerinfo\/#website\"},\"primaryImageOfPage\":{\"@id\":\"https:\/\/vosgesinfo.fr\/gerardmerinfo\/2022\/10\/salon-loisirs-creatifs-de-saint-die-vosges-de-retour-5e-edition\/#primaryimage\"},\"image\":{\"@id\":\"https:\/\/vosgesinfo.fr\/gerardmerinfo\/2022\/10\/salon-loisirs-creatifs-de-saint-die-vosges-de-retour-5e-edition\/#primaryimage\"},\"thumbnailUrl\":\"https:\/\/vosgesinfo.fr\/app\/uploads\/sites\/6\/2024\/07\/202210presentation-5e-salon-loisirs-creatifs-1024x771-1.jpg\",\"datePublished\":\"2022-10-11T04:24:49+00:00\",\"dateModified\":\"2022-10-11T04:24:49+00:00\",\"breadcrumb\":{\"@id\":\"https:\/\/vosgesinfo.fr\/gerardmerinfo\/2022\/10\/salon-loisirs-creatifs-de-saint-die-vosges-de-retour-5e-edition\/#breadcrumb\"},\"inLanguage\":\"fr-FR\",\"potentialAction\":[{\"@type\":\"ReadAction\",\"target\":[\"https:\/\/vosgesinfo.fr\/gerardmerinfo\/2022\/10\/salon-loisirs-creatifs-de-saint-die-vosges-de-retour-5e-edition\/\"]}]},{\"@type\":\"ImageObject\",\"inLanguage\":\"fr-FR\",\"@id\":\"https:\/\/vosgesinfo.fr\/gerardmerinfo\/2022\/10\/salon-loisirs-creatifs-de-saint-die-vosges-de-retour-5e-edition\/#primaryimage\",\"url\":\"https:\/\/vosgesinfo.fr\/app\/uploads\/sites\/6\/2024\/07\/202210presentation-5e-salon-loisirs-creatifs-1024x771-1.jpg\",\"contentUrl\":\"https:\/\/vosgesinfo.fr\/app\/uploads\/sites\/6\/2024\/07\/202210presentation-5e-salon-loisirs-creatifs-1024x771-1.jpg\",\"width\":1024,\"height\":771},{\"@type\":\"BreadcrumbList\",\"@id\":\"https:\/\/vosgesinfo.fr\/gerardmerinfo\/2022\/10\/salon-loisirs-creatifs-de-saint-die-vosges-de-retour-5e-edition\/#breadcrumb\",\"itemListElement\":[{\"@type\":\"ListItem\",\"position\":1,\"name\":\"Home\",\"item\":\"https:\/\/vosgesinfo.fr\/gerardmerinfo\/\"},{\"@type\":\"ListItem\",\"position\":2,\"name\":\"Le Salon des Loisirs Cr\u00e9atifs de Saint-Di\u00e9-des-Vosges est de retour avec une 5e \u00e9dition\"}]},{\"@type\":\"WebSite\",\"@id\":\"https:\/\/vosgesinfo.fr\/gerardmerinfo\/#website\",\"url\":\"https:\/\/vosgesinfo.fr\/gerardmerinfo\/\",\"name\":\"Gerardmer Info\",\"description\":\"Toute l&#039;actualit\u00e9 de G\u00e9rardmer\",\"publisher\":{\"@id\":\"https:\/\/vosgesinfo.fr\/gerardmerinfo\/#organization\"},\"alternateName\":\"Toute l'actualit\u00e9 de G\u00e9rardmer\",\"potentialAction\":[{\"@type\":\"SearchAction\",\"target\":{\"@type\":\"EntryPoint\",\"urlTemplate\":\"https:\/\/vosgesinfo.fr\/gerardmerinfo\/?s={search_term_string}\"},\"query-input\":\"required name=search_term_string\"}],\"inLanguage\":\"fr-FR\"},{\"@type\":\"Organization\",\"@id\":\"https:\/\/vosgesinfo.fr\/gerardmerinfo\/#organization\",\"name\":\"Gerardmer Info\",\"url\":\"https:\/\/vosgesinfo.fr\/gerardmerinfo\/\",\"logo\":{\"@type\":\"ImageObject\",\"inLanguage\":\"fr-FR\",\"@id\":\"https:\/\/vosgesinfo.fr\/gerardmerinfo\/#\/schema\/logo\/image\/\",\"url\":\"https:\/\/vosgesinfo.fr\/app\/uploads\/sites\/6\/2023\/08\/favicon-gerardmerinfo.png\",\"contentUrl\":\"https:\/\/vosgesinfo.fr\/app\/uploads\/sites\/6\/2023\/08\/favicon-gerardmerinfo.png\",\"width\":512,\"height\":512,\"caption\":\"Gerardmer Info\"},\"image\":{\"@id\":\"https:\/\/vosgesinfo.fr\/gerardmerinfo\/#\/schema\/logo\/image\/\"},\"sameAs\":[\"https:\/\/www.facebook.com\/profile.php?id=100049475262660\",\"https:\/\/x.com\/VosgesInfo88\",\"https:\/\/www.youtube.com\/@vosgesinfo\"]},{\"@type\":\"Person\",\"@id\":\"https:\/\/vosgesinfo.fr\/gerardmerinfo\/#\/schema\/person\/bc5d02d71e6932e81b6dadb7386667b1\",\"name\":\"qs_admin\",\"image\":{\"@type\":\"ImageObject\",\"inLanguage\":\"fr-FR\",\"@id\":\"https:\/\/vosgesinfo.fr\/gerardmerinfo\/#\/schema\/person\/image\/\",\"url\":\"https:\/\/secure.gravatar.com\/avatar\/94b18ee0ed79e4a42ea2f2931277b6841a8999fc6fde214600c78057cf1fe1de?s=96&d=mm&r=g\",\"contentUrl\":\"https:\/\/secure.gravatar.com\/avatar\/94b18ee0ed79e4a42ea2f2931277b6841a8999fc6fde214600c78057cf1fe1de?s=96&d=mm&r=g\",\"caption\":\"qs_admin\"},\"sameAs\":[\"https:\/\/vosgesinfo.fr\/wp\"],\"url\":\"https:\/\/vosgesinfo.fr\/gerardmerinfo\/author\/qs_admin\/\"}]}<\/script>\n<!-- \/ Yoast SEO plugin. -->","yoast_head_json":{"title":"Le Salon des Loisirs Cr\u00e9atifs de Saint-Di\u00e9-des-Vosges est de retour avec une 5e \u00e9dition - Gerardmer Info","robots":{"index":"index","follow":"follow","max-snippet":"max-snippet:-1","max-image-preview":"max-image-preview:large","max-video-preview":"max-video-preview:-1"},"canonical":"https:\/\/vosgesinfo.fr\/gerardmerinfo\/2022\/10\/salon-loisirs-creatifs-de-saint-die-vosges-de-retour-5e-edition\/","twitter_card":"summary_large_image","twitter_title":"Le Salon des Loisirs Cr\u00e9atifs de Saint-Di\u00e9-des-Vosges est de retour avec une 5e \u00e9dition - Gerardmer Info","twitter_description":"Le Salon des Loisirs Cr\u00e9atifs de Saint-Di\u00e9-des-Vosges a su rapidement s\u2019imposer comme l\u2019un des temps forts de l\u2019automne d\u00e9odatien, avec [&hellip;]","twitter_image":"https:\/\/vosgesinfo.fr\/app\/uploads\/sites\/6\/2024\/07\/202210presentation-5e-salon-loisirs-creatifs-1024x771-1.jpg","twitter_creator":"@VosgesInfo88","twitter_site":"@VosgesInfo88","twitter_misc":{"\u00c9crit par":"qs_admin","Dur\u00e9e de lecture estim\u00e9e":"2 minutes"},"schema":{"@context":"https:\/\/schema.org","@graph":[{"@type":"Article","@id":"https:\/\/vosgesinfo.fr\/gerardmerinfo\/2022\/10\/salon-loisirs-creatifs-de-saint-die-vosges-de-retour-5e-edition\/#article","isPartOf":{"@id":"https:\/\/vosgesinfo.fr\/gerardmerinfo\/2022\/10\/salon-loisirs-creatifs-de-saint-die-vosges-de-retour-5e-edition\/"},"author":{"name":"qs_admin","@id":"https:\/\/vosgesinfo.fr\/gerardmerinfo\/#\/schema\/person\/bc5d02d71e6932e81b6dadb7386667b1"},"headline":"Le Salon des Loisirs Cr\u00e9atifs de Saint-Di\u00e9-des-Vosges est de retour avec une 5e \u00e9dition","datePublished":"2022-10-11T04:24:49+00:00","dateModified":"2022-10-11T04:24:49+00:00","mainEntityOfPage":{"@id":"https:\/\/vosgesinfo.fr\/gerardmerinfo\/2022\/10\/salon-loisirs-creatifs-de-saint-die-vosges-de-retour-5e-edition\/"},"wordCount":450,"commentCount":0,"publisher":{"@id":"https:\/\/vosgesinfo.fr\/gerardmerinfo\/#organization"},"image":{"@id":"https:\/\/vosgesinfo.fr\/gerardmerinfo\/2022\/10\/salon-loisirs-creatifs-de-saint-die-vosges-de-retour-5e-edition\/#primaryimage"},"thumbnailUrl":"https:\/\/vosgesinfo.fr\/app\/uploads\/sites\/6\/2024\/07\/202210presentation-5e-salon-loisirs-creatifs-1024x771-1.jpg","articleSection":["A la une","Vosges"],"inLanguage":"fr-FR","potentialAction":[{"@type":"CommentAction","name":"Comment","target":["https:\/\/vosgesinfo.fr\/gerardmerinfo\/2022\/10\/salon-loisirs-creatifs-de-saint-die-vosges-de-retour-5e-edition\/#respond"]}]},{"@type":"WebPage","@id":"https:\/\/vosgesinfo.fr\/gerardmerinfo\/2022\/10\/salon-loisirs-creatifs-de-saint-die-vosges-de-retour-5e-edition\/","url":"https:\/\/vosgesinfo.fr\/gerardmerinfo\/2022\/10\/salon-loisirs-creatifs-de-saint-die-vosges-de-retour-5e-edition\/","name":"Le Salon des Loisirs Cr\u00e9atifs de Saint-Di\u00e9-des-Vosges est de retour avec une 5e \u00e9dition - Gerardmer Info","isPartOf":{"@id":"https:\/\/vosgesinfo.fr\/gerardmerinfo\/#website"},"primaryImageOfPage":{"@id":"https:\/\/vosgesinfo.fr\/gerardmerinfo\/2022\/10\/salon-loisirs-creatifs-de-saint-die-vosges-de-retour-5e-edition\/#primaryimage"},"image":{"@id":"https:\/\/vosgesinfo.fr\/gerardmerinfo\/2022\/10\/salon-loisirs-creatifs-de-saint-die-vosges-de-retour-5e-edition\/#primaryimage"},"thumbnailUrl":"https:\/\/vosgesinfo.fr\/app\/uploads\/sites\/6\/2024\/07\/202210presentation-5e-salon-loisirs-creatifs-1024x771-1.jpg","datePublished":"2022-10-11T04:24:49+00:00","dateModified":"2022-10-11T04:24:49+00:00","breadcrumb":{"@id":"https:\/\/vosgesinfo.fr\/gerardmerinfo\/2022\/10\/salon-loisirs-creatifs-de-saint-die-vosges-de-retour-5e-edition\/#breadcrumb"},"inLanguage":"fr-FR","potentialAction":[{"@type":"ReadAction","target":["https:\/\/vosgesinfo.fr\/gerardmerinfo\/2022\/10\/salon-loisirs-creatifs-de-saint-die-vosges-de-retour-5e-edition\/"]}]},{"@type":"ImageObject","inLanguage":"fr-FR","@id":"https:\/\/vosgesinfo.fr\/gerardmerinfo\/2022\/10\/salon-loisirs-creatifs-de-saint-die-vosges-de-retour-5e-edition\/#primaryimage","url":"https:\/\/vosgesinfo.fr\/app\/uploads\/sites\/6\/2024\/07\/202210presentation-5e-salon-loisirs-creatifs-1024x771-1.jpg","contentUrl":"https:\/\/vosgesinfo.fr\/app\/uploads\/sites\/6\/2024\/07\/202210presentation-5e-salon-loisirs-creatifs-1024x771-1.jpg","width":1024,"height":771},{"@type":"BreadcrumbList","@id":"https:\/\/vosgesinfo.fr\/gerardmerinfo\/2022\/10\/salon-loisirs-creatifs-de-saint-die-vosges-de-retour-5e-edition\/#breadcrumb","itemListElement":[{"@type":"ListItem","position":1,"name":"Home","item":"https:\/\/vosgesinfo.fr\/gerardmerinfo\/"},{"@type":"ListItem","position":2,"name":"Le Salon des Loisirs Cr\u00e9atifs de Saint-Di\u00e9-des-Vosges est de retour avec une 5e \u00e9dition"}]},{"@type":"WebSite","@id":"https:\/\/vosgesinfo.fr\/gerardmerinfo\/#website","url":"https:\/\/vosgesinfo.fr\/gerardmerinfo\/","name":"Gerardmer Info","description":"Toute l&#039;actualit\u00e9 de G\u00e9rardmer","publisher":{"@id":"https:\/\/vosgesinfo.fr\/gerardmerinfo\/#organization"},"alternateName":"Toute l'actualit\u00e9 de G\u00e9rardmer","potentialAction":[{"@type":"SearchAction","target":{"@type":"EntryPoint","urlTemplate":"https:\/\/vosgesinfo.fr\/gerardmerinfo\/?s={search_term_string}"},"query-input":"required name=search_term_string"}],"inLanguage":"fr-FR"},{"@type":"Organization","@id":"https:\/\/vosgesinfo.fr\/gerardmerinfo\/#organization","name":"Gerardmer Info","url":"https:\/\/vosgesinfo.fr\/gerardmerinfo\/","logo":{"@type":"ImageObject","inLanguage":"fr-FR","@id":"https:\/\/vosgesinfo.fr\/gerardmerinfo\/#\/schema\/logo\/image\/","url":"https:\/\/vosgesinfo.fr\/app\/uploads\/sites\/6\/2023\/08\/favicon-gerardmerinfo.png","contentUrl":"https:\/\/vosgesinfo.fr\/app\/uploads\/sites\/6\/2023\/08\/favicon-gerardmerinfo.png","width":512,"height":512,"caption":"Gerardmer Info"},"image":{"@id":"https:\/\/vosgesinfo.fr\/gerardmerinfo\/#\/schema\/logo\/image\/"},"sameAs":["https:\/\/www.facebook.com\/profile.php?id=100049475262660","https:\/\/x.com\/VosgesInfo88","https:\/\/www.youtube.com\/@vosgesinfo"]},{"@type":"Person","@id":"https:\/\/vosgesinfo.fr\/gerardmerinfo\/#\/schema\/person\/bc5d02d71e6932e81b6dadb7386667b1","name":"qs_admin","image":{"@type":"ImageObject","inLanguage":"fr-FR","@id":"https:\/\/vosgesinfo.fr\/gerardmerinfo\/#\/schema\/person\/image\/","url":"https:\/\/secure.gravatar.com\/avatar\/94b18ee0ed79e4a42ea2f2931277b6841a8999fc6fde214600c78057cf1fe1de?s=96&d=mm&r=g","contentUrl":"https:\/\/secure.gravatar.com\/avatar\/94b18ee0ed79e4a42ea2f2931277b6841a8999fc6fde214600c78057cf1fe1de?s=96&d=mm&r=g","caption":"qs_admin"},"sameAs":["https:\/\/vosgesinfo.fr\/wp"],"url":"https:\/\/vosgesinfo.fr\/gerardmerinfo\/author\/qs_admin\/"}]}},"_links":{"self":[{"href":"https:\/\/vosgesinfo.fr\/gerardmerinfo\/wp-json\/wp\/v2\/posts\/62243","targetHints":{"allow":["GET"]}}],"collection":[{"href":"https:\/\/vosgesinfo.fr\/gerardmerinfo\/wp-json\/wp\/v2\/posts"}],"about":[{"href":"https:\/\/vosgesinfo.fr\/gerardmerinfo\/wp-json\/wp\/v2\/types\/post"}],"author":[{"embeddable":true,"href":"https:\/\/vosgesinfo.fr\/gerardmerinfo\/wp-json\/wp\/v2\/users\/1"}],"replies":[{"embeddable":true,"href":"https:\/\/vosgesinfo.fr\/gerardmerinfo\/wp-json\/wp\/v2\/comments?post=62243"}],"version-history":[{"count":0,"href":"https:\/\/vosgesinfo.fr\/gerardmerinfo\/wp-json\/wp\/v2\/posts\/62243\/revisions"}],"wp:featuredmedia":[{"embeddable":true,"href":"https:\/\/vosgesinfo.fr\/gerardmerinfo\/wp-json\/wp\/v2\/media\/62244"}],"wp:attachment":[{"href":"https:\/\/vosgesinfo.fr\/gerardmerinfo\/wp-json\/wp\/v2\/media?parent=62243"}],"wp:term":[{"taxonomy":"category","embeddable":true,"href":"https:\/\/vosgesinfo.fr\/gerardmerinfo\/wp-json\/wp\/v2\/categories?post=62243"},{"taxonomy":"post_tag","embeddable":true,"href":"https:\/\/vosgesinfo.fr\/gerardmerinfo\/wp-json\/wp\/v2\/tags?post=62243"}],"curies":[{"name":"wp","href":"https:\/\/api.w.org\/{rel}","templated":true}]}}