{"id":6237,"date":"2023-12-21T04:59:53","date_gmt":"2023-12-21T03:59:53","guid":{"rendered":"https:\/\/vosgesinfo.fr\/gerardmerinfo\/2023\/12\/restos-coeur-kiwanis-perle-dhugo-renoue-tradition\/"},"modified":"2023-12-21T04:59:53","modified_gmt":"2023-12-21T03:59:53","slug":"restos-coeur-kiwanis-perle-dhugo-renoue-tradition","status":"publish","type":"post","link":"https:\/\/vosgesinfo.fr\/gerardmerinfo\/2023\/12\/restos-coeur-kiwanis-perle-dhugo-renoue-tradition\/","title":{"rendered":"Restos du C\u0153ur : le Kiwanis Perle d&rsquo;Hugo renoue avec la tradition"},"content":{"rendered":"<div id=\"attachment_213841\" style=\"width: 1610px\" class=\"wp-caption aligncenter\"><a href=\"https:\/\/vosgesinfo.fr\/app\/uploads\/sites\/6\/2023\/12\/restos-du-coeur-kiwanis-perle-dhugo.jpg\"><img decoding=\"async\" aria-describedby=\"caption-attachment-213841\" class=\"wp-image-213841 size-full\" src=\"https:\/\/vosgesinfo.fr\/app\/uploads\/sites\/6\/2023\/12\/restos-du-coeur-kiwanis-perle-dhugo.jpg\" alt=\"restos du coeur kiwanis perle d'hugo\" width=\"1600\" height=\"1067\" \/><\/a><p id=\"caption-attachment-213841\" class=\"wp-caption-text\">Les repr\u00e9sentantes du Kiwanis en compagnie de Pierre et Roger, b\u00e9n\u00e9voles \u00e0 l&rsquo;antenne locale des Restos du C\u0153ur.<\/p><\/div>\n<p>&nbsp;<\/p>\n<p>Le Kiwanis f\u00e9minin G\u00e9rardmer Perle d&rsquo;Hugo a r\u00e9cemment eu le plaisir de remettre un ch\u00e8que d&rsquo;in montant de 500 euros aux Restos du Coeur, renouant ainsi avec une tradition de longue date. En effet, depuis plus de 15 ans et avant la sombre p\u00e9riode marqu\u00e9e par la crise sanitaire, le club service avait pour bonne habitude de faire des dons aux Restos, habituellement de produits alimentaires et\/ou de premi\u00e8re n\u00e9cessit\u00e9. Ce mardi, les repr\u00e9sentantes du Kiwanis Chantal, Cathy, et Dominique sont venus \u00e0 la rencontre des b\u00e9n\u00e9voles sur le site du Beillard et ont r\u00e9activ\u00e9 ce lien entre les deux associations.<\/p>\n","protected":false},"excerpt":{"rendered":"<p>&nbsp; Le Kiwanis f\u00e9minin G\u00e9rardmer Perle d&rsquo;Hugo a r\u00e9cemment eu le plaisir de remettre un ch\u00e8que d&rsquo;in montant de 500 [&hellip;]<\/p>\n","protected":false},"author":42,"featured_media":6236,"comment_status":"open","ping_status":"open","sticky":false,"template":"","format":"standard","meta":{"footnotes":""},"categories":[20,25,17],"tags":[],"class_list":["post-6237","post","type-post","status-publish","format-standard","has-post-thumbnail","hentry","category-a-la-une","category-gerardmer","category-vie-associative"],"acf":[],"yoast_head":"<!-- This site is optimized with the Yoast SEO plugin v22.5 - https:\/\/yoast.com\/wordpress\/plugins\/seo\/ -->\n<title>Restos du C\u0153ur : le Kiwanis Perle d&#039;Hugo renoue avec la tradition - Gerardmer Info<\/title>\n<meta name=\"robots\" content=\"index, follow, max-snippet:-1, max-image-preview:large, max-video-preview:-1\" \/>\n<link rel=\"canonical\" href=\"https:\/\/vosgesinfo.fr\/gerardmerinfo\/2023\/12\/restos-coeur-kiwanis-perle-dhugo-renoue-tradition\/\" \/>\n<meta name=\"twitter:card\" content=\"summary_large_image\" \/>\n<meta name=\"twitter:title\" content=\"Restos du C\u0153ur : le Kiwanis Perle d&#039;Hugo renoue avec la tradition - Gerardmer Info\" \/>\n<meta name=\"twitter:description\" content=\"&nbsp; Le Kiwanis f\u00e9minin G\u00e9rardmer Perle d&rsquo;Hugo a r\u00e9cemment eu le plaisir de remettre un ch\u00e8que d&rsquo;in montant de 500 [&hellip;]\" \/>\n<meta name=\"twitter:image\" content=\"https:\/\/vosgesinfo.fr\/app\/uploads\/sites\/6\/2023\/12\/restos-du-coeur-kiwanis-perle-dhugo.jpg\" \/>\n<meta name=\"twitter:creator\" content=\"@VosgesInfo88\" \/>\n<meta name=\"twitter:site\" content=\"@VosgesInfo88\" \/>\n<meta name=\"twitter:label1\" content=\"\u00c9crit par\" \/>\n\t<meta name=\"twitter:data1\" content=\"QG\" \/>\n\t<meta name=\"twitter:label2\" content=\"Dur\u00e9e de lecture estim\u00e9e\" \/>\n\t<meta name=\"twitter:data2\" content=\"1 minute\" \/>\n<script type=\"application\/ld+json\" class=\"yoast-schema-graph\">{\"@context\":\"https:\/\/schema.org\",\"@graph\":[{\"@type\":\"Article\",\"@id\":\"https:\/\/vosgesinfo.fr\/gerardmerinfo\/2023\/12\/restos-coeur-kiwanis-perle-dhugo-renoue-tradition\/#article\",\"isPartOf\":{\"@id\":\"https:\/\/vosgesinfo.fr\/gerardmerinfo\/2023\/12\/restos-coeur-kiwanis-perle-dhugo-renoue-tradition\/\"},\"author\":{\"name\":\"QG\",\"@id\":\"https:\/\/vosgesinfo.fr\/gerardmerinfo\/#\/schema\/person\/db5605779a843dad16b5368f3e7613a5\"},\"headline\":\"Restos du C\u0153ur : le Kiwanis Perle d&rsquo;Hugo renoue avec la tradition\",\"datePublished\":\"2023-12-21T03:59:53+00:00\",\"dateModified\":\"2023-12-21T03:59:53+00:00\",\"mainEntityOfPage\":{\"@id\":\"https:\/\/vosgesinfo.fr\/gerardmerinfo\/2023\/12\/restos-coeur-kiwanis-perle-dhugo-renoue-tradition\/\"},\"wordCount\":156,\"commentCount\":0,\"publisher\":{\"@id\":\"https:\/\/vosgesinfo.fr\/gerardmerinfo\/#organization\"},\"image\":{\"@id\":\"https:\/\/vosgesinfo.fr\/gerardmerinfo\/2023\/12\/restos-coeur-kiwanis-perle-dhugo-renoue-tradition\/#primaryimage\"},\"thumbnailUrl\":\"https:\/\/vosgesinfo.fr\/app\/uploads\/sites\/6\/2023\/12\/restos-du-coeur-kiwanis-perle-dhugo.jpg\",\"articleSection\":[\"A la une\",\"G\u00e9rardmer\",\"Vie Associative\"],\"inLanguage\":\"fr-FR\",\"potentialAction\":[{\"@type\":\"CommentAction\",\"name\":\"Comment\",\"target\":[\"https:\/\/vosgesinfo.fr\/gerardmerinfo\/2023\/12\/restos-coeur-kiwanis-perle-dhugo-renoue-tradition\/#respond\"]}]},{\"@type\":\"WebPage\",\"@id\":\"https:\/\/vosgesinfo.fr\/gerardmerinfo\/2023\/12\/restos-coeur-kiwanis-perle-dhugo-renoue-tradition\/\",\"url\":\"https:\/\/vosgesinfo.fr\/gerardmerinfo\/2023\/12\/restos-coeur-kiwanis-perle-dhugo-renoue-tradition\/\",\"name\":\"Restos du C\u0153ur : le Kiwanis Perle d'Hugo renoue avec la tradition - Gerardmer Info\",\"isPartOf\":{\"@id\":\"https:\/\/vosgesinfo.fr\/gerardmerinfo\/#website\"},\"primaryImageOfPage\":{\"@id\":\"https:\/\/vosgesinfo.fr\/gerardmerinfo\/2023\/12\/restos-coeur-kiwanis-perle-dhugo-renoue-tradition\/#primaryimage\"},\"image\":{\"@id\":\"https:\/\/vosgesinfo.fr\/gerardmerinfo\/2023\/12\/restos-coeur-kiwanis-perle-dhugo-renoue-tradition\/#primaryimage\"},\"thumbnailUrl\":\"https:\/\/vosgesinfo.fr\/app\/uploads\/sites\/6\/2023\/12\/restos-du-coeur-kiwanis-perle-dhugo.jpg\",\"datePublished\":\"2023-12-21T03:59:53+00:00\",\"dateModified\":\"2023-12-21T03:59:53+00:00\",\"breadcrumb\":{\"@id\":\"https:\/\/vosgesinfo.fr\/gerardmerinfo\/2023\/12\/restos-coeur-kiwanis-perle-dhugo-renoue-tradition\/#breadcrumb\"},\"inLanguage\":\"fr-FR\",\"potentialAction\":[{\"@type\":\"ReadAction\",\"target\":[\"https:\/\/vosgesinfo.fr\/gerardmerinfo\/2023\/12\/restos-coeur-kiwanis-perle-dhugo-renoue-tradition\/\"]}]},{\"@type\":\"ImageObject\",\"inLanguage\":\"fr-FR\",\"@id\":\"https:\/\/vosgesinfo.fr\/gerardmerinfo\/2023\/12\/restos-coeur-kiwanis-perle-dhugo-renoue-tradition\/#primaryimage\",\"url\":\"https:\/\/vosgesinfo.fr\/app\/uploads\/sites\/6\/2023\/12\/restos-du-coeur-kiwanis-perle-dhugo.jpg\",\"contentUrl\":\"https:\/\/vosgesinfo.fr\/app\/uploads\/sites\/6\/2023\/12\/restos-du-coeur-kiwanis-perle-dhugo.jpg\"},{\"@type\":\"BreadcrumbList\",\"@id\":\"https:\/\/vosgesinfo.fr\/gerardmerinfo\/2023\/12\/restos-coeur-kiwanis-perle-dhugo-renoue-tradition\/#breadcrumb\",\"itemListElement\":[{\"@type\":\"ListItem\",\"position\":1,\"name\":\"Home\",\"item\":\"https:\/\/vosgesinfo.fr\/gerardmerinfo\/\"},{\"@type\":\"ListItem\",\"position\":2,\"name\":\"Restos du C\u0153ur : le Kiwanis Perle d&rsquo;Hugo renoue avec la tradition\"}]},{\"@type\":\"WebSite\",\"@id\":\"https:\/\/vosgesinfo.fr\/gerardmerinfo\/#website\",\"url\":\"https:\/\/vosgesinfo.fr\/gerardmerinfo\/\",\"name\":\"Gerardmer Info\",\"description\":\"Toute l&#039;actualit\u00e9 de G\u00e9rardmer\",\"publisher\":{\"@id\":\"https:\/\/vosgesinfo.fr\/gerardmerinfo\/#organization\"},\"alternateName\":\"Toute l'actualit\u00e9 de G\u00e9rardmer\",\"potentialAction\":[{\"@type\":\"SearchAction\",\"target\":{\"@type\":\"EntryPoint\",\"urlTemplate\":\"https:\/\/vosgesinfo.fr\/gerardmerinfo\/?s={search_term_string}\"},\"query-input\":\"required name=search_term_string\"}],\"inLanguage\":\"fr-FR\"},{\"@type\":\"Organization\",\"@id\":\"https:\/\/vosgesinfo.fr\/gerardmerinfo\/#organization\",\"name\":\"Gerardmer Info\",\"url\":\"https:\/\/vosgesinfo.fr\/gerardmerinfo\/\",\"logo\":{\"@type\":\"ImageObject\",\"inLanguage\":\"fr-FR\",\"@id\":\"https:\/\/vosgesinfo.fr\/gerardmerinfo\/#\/schema\/logo\/image\/\",\"url\":\"https:\/\/vosgesinfo.fr\/app\/uploads\/sites\/6\/2023\/08\/favicon-gerardmerinfo.png\",\"contentUrl\":\"https:\/\/vosgesinfo.fr\/app\/uploads\/sites\/6\/2023\/08\/favicon-gerardmerinfo.png\",\"width\":512,\"height\":512,\"caption\":\"Gerardmer Info\"},\"image\":{\"@id\":\"https:\/\/vosgesinfo.fr\/gerardmerinfo\/#\/schema\/logo\/image\/\"},\"sameAs\":[\"https:\/\/www.facebook.com\/profile.php?id=100049475262660\",\"https:\/\/x.com\/VosgesInfo88\",\"https:\/\/www.youtube.com\/@vosgesinfo\"]},{\"@type\":\"Person\",\"@id\":\"https:\/\/vosgesinfo.fr\/gerardmerinfo\/#\/schema\/person\/db5605779a843dad16b5368f3e7613a5\",\"name\":\"QG\",\"image\":{\"@type\":\"ImageObject\",\"inLanguage\":\"fr-FR\",\"@id\":\"https:\/\/vosgesinfo.fr\/gerardmerinfo\/#\/schema\/person\/image\/\",\"url\":\"https:\/\/secure.gravatar.com\/avatar\/ea80c42c204b534408512832fde52504ecabb9706bcb6151cf6175e5b64e6793?s=96&d=mm&r=g\",\"contentUrl\":\"https:\/\/secure.gravatar.com\/avatar\/ea80c42c204b534408512832fde52504ecabb9706bcb6151cf6175e5b64e6793?s=96&d=mm&r=g\",\"caption\":\"QG\"},\"url\":\"https:\/\/vosgesinfo.fr\/gerardmerinfo\/author\/quentin88\/\"}]}<\/script>\n<!-- \/ Yoast SEO plugin. -->","yoast_head_json":{"title":"Restos du C\u0153ur : le Kiwanis Perle d'Hugo renoue avec la tradition - Gerardmer Info","robots":{"index":"index","follow":"follow","max-snippet":"max-snippet:-1","max-image-preview":"max-image-preview:large","max-video-preview":"max-video-preview:-1"},"canonical":"https:\/\/vosgesinfo.fr\/gerardmerinfo\/2023\/12\/restos-coeur-kiwanis-perle-dhugo-renoue-tradition\/","twitter_card":"summary_large_image","twitter_title":"Restos du C\u0153ur : le Kiwanis Perle d'Hugo renoue avec la tradition - Gerardmer Info","twitter_description":"&nbsp; Le Kiwanis f\u00e9minin G\u00e9rardmer Perle d&rsquo;Hugo a r\u00e9cemment eu le plaisir de remettre un ch\u00e8que d&rsquo;in montant de 500 [&hellip;]","twitter_image":"https:\/\/vosgesinfo.fr\/app\/uploads\/sites\/6\/2023\/12\/restos-du-coeur-kiwanis-perle-dhugo.jpg","twitter_creator":"@VosgesInfo88","twitter_site":"@VosgesInfo88","twitter_misc":{"\u00c9crit par":"QG","Dur\u00e9e de lecture estim\u00e9e":"1 minute"},"schema":{"@context":"https:\/\/schema.org","@graph":[{"@type":"Article","@id":"https:\/\/vosgesinfo.fr\/gerardmerinfo\/2023\/12\/restos-coeur-kiwanis-perle-dhugo-renoue-tradition\/#article","isPartOf":{"@id":"https:\/\/vosgesinfo.fr\/gerardmerinfo\/2023\/12\/restos-coeur-kiwanis-perle-dhugo-renoue-tradition\/"},"author":{"name":"QG","@id":"https:\/\/vosgesinfo.fr\/gerardmerinfo\/#\/schema\/person\/db5605779a843dad16b5368f3e7613a5"},"headline":"Restos du C\u0153ur : le Kiwanis Perle d&rsquo;Hugo renoue avec la tradition","datePublished":"2023-12-21T03:59:53+00:00","dateModified":"2023-12-21T03:59:53+00:00","mainEntityOfPage":{"@id":"https:\/\/vosgesinfo.fr\/gerardmerinfo\/2023\/12\/restos-coeur-kiwanis-perle-dhugo-renoue-tradition\/"},"wordCount":156,"commentCount":0,"publisher":{"@id":"https:\/\/vosgesinfo.fr\/gerardmerinfo\/#organization"},"image":{"@id":"https:\/\/vosgesinfo.fr\/gerardmerinfo\/2023\/12\/restos-coeur-kiwanis-perle-dhugo-renoue-tradition\/#primaryimage"},"thumbnailUrl":"https:\/\/vosgesinfo.fr\/app\/uploads\/sites\/6\/2023\/12\/restos-du-coeur-kiwanis-perle-dhugo.jpg","articleSection":["A la une","G\u00e9rardmer","Vie Associative"],"inLanguage":"fr-FR","potentialAction":[{"@type":"CommentAction","name":"Comment","target":["https:\/\/vosgesinfo.fr\/gerardmerinfo\/2023\/12\/restos-coeur-kiwanis-perle-dhugo-renoue-tradition\/#respond"]}]},{"@type":"WebPage","@id":"https:\/\/vosgesinfo.fr\/gerardmerinfo\/2023\/12\/restos-coeur-kiwanis-perle-dhugo-renoue-tradition\/","url":"https:\/\/vosgesinfo.fr\/gerardmerinfo\/2023\/12\/restos-coeur-kiwanis-perle-dhugo-renoue-tradition\/","name":"Restos du C\u0153ur : le Kiwanis Perle d'Hugo renoue avec la tradition - Gerardmer Info","isPartOf":{"@id":"https:\/\/vosgesinfo.fr\/gerardmerinfo\/#website"},"primaryImageOfPage":{"@id":"https:\/\/vosgesinfo.fr\/gerardmerinfo\/2023\/12\/restos-coeur-kiwanis-perle-dhugo-renoue-tradition\/#primaryimage"},"image":{"@id":"https:\/\/vosgesinfo.fr\/gerardmerinfo\/2023\/12\/restos-coeur-kiwanis-perle-dhugo-renoue-tradition\/#primaryimage"},"thumbnailUrl":"https:\/\/vosgesinfo.fr\/app\/uploads\/sites\/6\/2023\/12\/restos-du-coeur-kiwanis-perle-dhugo.jpg","datePublished":"2023-12-21T03:59:53+00:00","dateModified":"2023-12-21T03:59:53+00:00","breadcrumb":{"@id":"https:\/\/vosgesinfo.fr\/gerardmerinfo\/2023\/12\/restos-coeur-kiwanis-perle-dhugo-renoue-tradition\/#breadcrumb"},"inLanguage":"fr-FR","potentialAction":[{"@type":"ReadAction","target":["https:\/\/vosgesinfo.fr\/gerardmerinfo\/2023\/12\/restos-coeur-kiwanis-perle-dhugo-renoue-tradition\/"]}]},{"@type":"ImageObject","inLanguage":"fr-FR","@id":"https:\/\/vosgesinfo.fr\/gerardmerinfo\/2023\/12\/restos-coeur-kiwanis-perle-dhugo-renoue-tradition\/#primaryimage","url":"https:\/\/vosgesinfo.fr\/app\/uploads\/sites\/6\/2023\/12\/restos-du-coeur-kiwanis-perle-dhugo.jpg","contentUrl":"https:\/\/vosgesinfo.fr\/app\/uploads\/sites\/6\/2023\/12\/restos-du-coeur-kiwanis-perle-dhugo.jpg"},{"@type":"BreadcrumbList","@id":"https:\/\/vosgesinfo.fr\/gerardmerinfo\/2023\/12\/restos-coeur-kiwanis-perle-dhugo-renoue-tradition\/#breadcrumb","itemListElement":[{"@type":"ListItem","position":1,"name":"Home","item":"https:\/\/vosgesinfo.fr\/gerardmerinfo\/"},{"@type":"ListItem","position":2,"name":"Restos du C\u0153ur : le Kiwanis Perle d&rsquo;Hugo renoue avec la tradition"}]},{"@type":"WebSite","@id":"https:\/\/vosgesinfo.fr\/gerardmerinfo\/#website","url":"https:\/\/vosgesinfo.fr\/gerardmerinfo\/","name":"Gerardmer Info","description":"Toute l&#039;actualit\u00e9 de G\u00e9rardmer","publisher":{"@id":"https:\/\/vosgesinfo.fr\/gerardmerinfo\/#organization"},"alternateName":"Toute l'actualit\u00e9 de G\u00e9rardmer","potentialAction":[{"@type":"SearchAction","target":{"@type":"EntryPoint","urlTemplate":"https:\/\/vosgesinfo.fr\/gerardmerinfo\/?s={search_term_string}"},"query-input":"required name=search_term_string"}],"inLanguage":"fr-FR"},{"@type":"Organization","@id":"https:\/\/vosgesinfo.fr\/gerardmerinfo\/#organization","name":"Gerardmer Info","url":"https:\/\/vosgesinfo.fr\/gerardmerinfo\/","logo":{"@type":"ImageObject","inLanguage":"fr-FR","@id":"https:\/\/vosgesinfo.fr\/gerardmerinfo\/#\/schema\/logo\/image\/","url":"https:\/\/vosgesinfo.fr\/app\/uploads\/sites\/6\/2023\/08\/favicon-gerardmerinfo.png","contentUrl":"https:\/\/vosgesinfo.fr\/app\/uploads\/sites\/6\/2023\/08\/favicon-gerardmerinfo.png","width":512,"height":512,"caption":"Gerardmer Info"},"image":{"@id":"https:\/\/vosgesinfo.fr\/gerardmerinfo\/#\/schema\/logo\/image\/"},"sameAs":["https:\/\/www.facebook.com\/profile.php?id=100049475262660","https:\/\/x.com\/VosgesInfo88","https:\/\/www.youtube.com\/@vosgesinfo"]},{"@type":"Person","@id":"https:\/\/vosgesinfo.fr\/gerardmerinfo\/#\/schema\/person\/db5605779a843dad16b5368f3e7613a5","name":"QG","image":{"@type":"ImageObject","inLanguage":"fr-FR","@id":"https:\/\/vosgesinfo.fr\/gerardmerinfo\/#\/schema\/person\/image\/","url":"https:\/\/secure.gravatar.com\/avatar\/ea80c42c204b534408512832fde52504ecabb9706bcb6151cf6175e5b64e6793?s=96&d=mm&r=g","contentUrl":"https:\/\/secure.gravatar.com\/avatar\/ea80c42c204b534408512832fde52504ecabb9706bcb6151cf6175e5b64e6793?s=96&d=mm&r=g","caption":"QG"},"url":"https:\/\/vosgesinfo.fr\/gerardmerinfo\/author\/quentin88\/"}]}},"_links":{"self":[{"href":"https:\/\/vosgesinfo.fr\/gerardmerinfo\/wp-json\/wp\/v2\/posts\/6237","targetHints":{"allow":["GET"]}}],"collection":[{"href":"https:\/\/vosgesinfo.fr\/gerardmerinfo\/wp-json\/wp\/v2\/posts"}],"about":[{"href":"https:\/\/vosgesinfo.fr\/gerardmerinfo\/wp-json\/wp\/v2\/types\/post"}],"author":[{"embeddable":true,"href":"https:\/\/vosgesinfo.fr\/gerardmerinfo\/wp-json\/wp\/v2\/users\/42"}],"replies":[{"embeddable":true,"href":"https:\/\/vosgesinfo.fr\/gerardmerinfo\/wp-json\/wp\/v2\/comments?post=6237"}],"version-history":[{"count":0,"href":"https:\/\/vosgesinfo.fr\/gerardmerinfo\/wp-json\/wp\/v2\/posts\/6237\/revisions"}],"wp:featuredmedia":[{"embeddable":true,"href":"https:\/\/vosgesinfo.fr\/gerardmerinfo\/wp-json\/wp\/v2\/media\/6236"}],"wp:attachment":[{"href":"https:\/\/vosgesinfo.fr\/gerardmerinfo\/wp-json\/wp\/v2\/media?parent=6237"}],"wp:term":[{"taxonomy":"category","embeddable":true,"href":"https:\/\/vosgesinfo.fr\/gerardmerinfo\/wp-json\/wp\/v2\/categories?post=6237"},{"taxonomy":"post_tag","embeddable":true,"href":"https:\/\/vosgesinfo.fr\/gerardmerinfo\/wp-json\/wp\/v2\/tags?post=6237"}],"curies":[{"name":"wp","href":"https:\/\/api.w.org\/{rel}","templated":true}]}}