{"id":6240,"date":"2023-12-21T04:58:38","date_gmt":"2023-12-21T03:58:38","guid":{"rendered":"https:\/\/vosgesinfo.fr\/gerardmerinfo\/2023\/12\/cathedrale-de-st-die-decors-de-creche\/"},"modified":"2023-12-21T04:58:38","modified_gmt":"2023-12-21T03:58:38","slug":"cathedrale-de-st-die-decors-de-creche","status":"publish","type":"post","link":"https:\/\/vosgesinfo.fr\/gerardmerinfo\/2023\/12\/cathedrale-de-st-die-decors-de-creche\/","title":{"rendered":"La cath\u00e9drale de St Di\u00e9 comme d\u00e9cors de la cr\u00e8che"},"content":{"rendered":"<div id=\"attachment_213844\" style=\"width: 1610px\" class=\"wp-caption aligncenter\"><a href=\"https:\/\/vosgesinfo.fr\/app\/uploads\/sites\/6\/2023\/12\/creche-paroisse-st-gerard-eglise-st-barthelemy-1.jpg\"><img decoding=\"async\" aria-describedby=\"caption-attachment-213844\" class=\"wp-image-213844 size-full\" src=\"https:\/\/vosgesinfo.fr\/app\/uploads\/sites\/6\/2023\/12\/creche-paroisse-st-gerard-eglise-st-barthelemy-1.jpg\" alt=\"Fran\u00e7ois Laubacher et Fran\u00e7ois Larroutis ont pr\u00e9sent\u00e9 cette nouvelle cr\u00e8che qu'ils ont eu le plaisir de concevoir.\" width=\"1600\" height=\"1067\" \/><\/a><p id=\"caption-attachment-213844\" class=\"wp-caption-text\">Fran\u00e7ois Laubacher et Fran\u00e7ois Larroutis ont pr\u00e9sent\u00e9 cette nouvelle cr\u00e8che qu&rsquo;ils ont eu le plaisir de concevoir et qui aura n\u00e9cessit\u00e9 environ trois semaines de travail.<\/p><\/div>\n<p>&nbsp;<\/p>\n<p>&nbsp;<\/p>\n<p>Apr\u00e8s plusieurs jours de travail, la traditionnelle cr\u00e8che de No\u00ebl a vu le jour sous l\u2019impulsion d\u2019un petit groupe de paroissiens emmen\u00e9s par Fran\u00e7ois Laubacher et Fran\u00e7ois Larroutis. Cette ann\u00e9e, c\u2019est la cath\u00e9drale de St Di\u00e9 qui a \u00e9t\u00e9 choisie comme d\u00e9cors de la cr\u00e8che\u00a0: cette derni\u00e8re est en effet la cath\u00e9drale de l\u2019\u00c9v\u00each\u00e9 et d\u00e9sormais y repose, dans le caveau des \u00c9v\u00eaques de Saint Di\u00e9, feu Monseigneur Didier Berthet, bien-aim\u00e9 \u00e9v\u00eaque de la paroisse d\u00e9c\u00e9d\u00e9 en septembre 2023 et qui avait promis de partager avec les paroissiens locaux la Joie de la Nativit\u00e9 2023. Cette cr\u00e8che lui rend donc hommage \u00e9galement, \u00e0 travers ce d\u00e9cors choisi avec la plus grande attention.<\/p>\n<p>pr\u00e9cisons enfin que cette \u0153uvre est le fruit d\u2019un beau travail d\u2019\u00e9quipe auquel ont particip\u00e9 les deux Fran\u00e7ois bien entendu, mais aussi Dominique Mathieu de la scierie xonrup\u00e9enne, C\u00e9dric Thiriet, Jean-Fran\u00e7ois Birac (Blanc des Vosges), No\u00eblle Gessely. Une \u00e9quipe que la paroisse tenait \u00e0 remercier chaleureusement\u00a0!<\/p>\n<p><a href=\"https:\/\/vosgesinfo.fr\/app\/uploads\/sites\/6\/2023\/12\/creche-paroisse-st-gerard-eglise-st-barthelemy-2.jpg\"><img decoding=\"async\" class=\"aligncenter size-full wp-image-213845\" src=\"https:\/\/vosgesinfo.fr\/app\/uploads\/sites\/6\/2023\/12\/creche-paroisse-st-gerard-eglise-st-barthelemy-2.jpg\" alt=\"cr\u00e8che paroisse st G\u00e9rard eglise St Barth\u00e9l\u00e9my (2)\" width=\"1600\" height=\"1067\" \/><\/a><\/p>\n\n","protected":false},"excerpt":{"rendered":"<p>&nbsp; &nbsp; Apr\u00e8s plusieurs jours de travail, la traditionnelle cr\u00e8che de No\u00ebl a vu le jour sous l\u2019impulsion d\u2019un petit [&hellip;]<\/p>\n","protected":false},"author":42,"featured_media":6238,"comment_status":"open","ping_status":"open","sticky":false,"template":"","format":"standard","meta":{"footnotes":""},"categories":[20,25,17],"tags":[456,270],"class_list":["post-6240","post","type-post","status-publish","format-standard","has-post-thumbnail","hentry","category-a-la-une","category-gerardmer","category-vie-associative","tag-eglise-saint-barthelemy","tag-paroisse-saint-gerard-de-la-vallee-des-lacs"],"acf":[],"yoast_head":"<!-- This site is optimized with the Yoast SEO plugin v22.5 - https:\/\/yoast.com\/wordpress\/plugins\/seo\/ -->\n<title>La cath\u00e9drale de St Di\u00e9 comme d\u00e9cors de la cr\u00e8che - Gerardmer Info<\/title>\n<meta name=\"robots\" content=\"index, follow, max-snippet:-1, max-image-preview:large, max-video-preview:-1\" \/>\n<link rel=\"canonical\" href=\"https:\/\/vosgesinfo.fr\/gerardmerinfo\/2023\/12\/cathedrale-de-st-die-decors-de-creche\/\" \/>\n<meta name=\"twitter:card\" content=\"summary_large_image\" \/>\n<meta name=\"twitter:title\" content=\"La cath\u00e9drale de St Di\u00e9 comme d\u00e9cors de la cr\u00e8che - Gerardmer Info\" \/>\n<meta name=\"twitter:description\" content=\"&nbsp; &nbsp; Apr\u00e8s plusieurs jours de travail, la traditionnelle cr\u00e8che de No\u00ebl a vu le jour sous l\u2019impulsion d\u2019un petit [&hellip;]\" \/>\n<meta name=\"twitter:image\" content=\"https:\/\/vosgesinfo.fr\/app\/uploads\/sites\/6\/2023\/12\/creche-paroisse-st-gerard-eglise-st-barthelemy-1.jpg\" \/>\n<meta name=\"twitter:creator\" content=\"@VosgesInfo88\" \/>\n<meta name=\"twitter:site\" content=\"@VosgesInfo88\" \/>\n<meta name=\"twitter:label1\" content=\"\u00c9crit par\" \/>\n\t<meta name=\"twitter:data1\" content=\"QG\" \/>\n\t<meta name=\"twitter:label2\" content=\"Dur\u00e9e de lecture estim\u00e9e\" \/>\n\t<meta name=\"twitter:data2\" content=\"1 minute\" \/>\n<script type=\"application\/ld+json\" class=\"yoast-schema-graph\">{\"@context\":\"https:\/\/schema.org\",\"@graph\":[{\"@type\":\"Article\",\"@id\":\"https:\/\/vosgesinfo.fr\/gerardmerinfo\/2023\/12\/cathedrale-de-st-die-decors-de-creche\/#article\",\"isPartOf\":{\"@id\":\"https:\/\/vosgesinfo.fr\/gerardmerinfo\/2023\/12\/cathedrale-de-st-die-decors-de-creche\/\"},\"author\":{\"name\":\"QG\",\"@id\":\"https:\/\/vosgesinfo.fr\/gerardmerinfo\/#\/schema\/person\/db5605779a843dad16b5368f3e7613a5\"},\"headline\":\"La cath\u00e9drale de St Di\u00e9 comme d\u00e9cors de la cr\u00e8che\",\"datePublished\":\"2023-12-21T03:58:38+00:00\",\"dateModified\":\"2023-12-21T03:58:38+00:00\",\"mainEntityOfPage\":{\"@id\":\"https:\/\/vosgesinfo.fr\/gerardmerinfo\/2023\/12\/cathedrale-de-st-die-decors-de-creche\/\"},\"wordCount\":249,\"commentCount\":0,\"publisher\":{\"@id\":\"https:\/\/vosgesinfo.fr\/gerardmerinfo\/#organization\"},\"image\":{\"@id\":\"https:\/\/vosgesinfo.fr\/gerardmerinfo\/2023\/12\/cathedrale-de-st-die-decors-de-creche\/#primaryimage\"},\"thumbnailUrl\":\"https:\/\/vosgesinfo.fr\/app\/uploads\/sites\/6\/2023\/12\/creche-paroisse-st-gerard-eglise-st-barthelemy-1.jpg\",\"keywords\":[\"eglise saint barth\u00e9l\u00e9my\",\"paroisse saint G\u00e9rard de la Vall\u00e9e des lacs\"],\"articleSection\":[\"A la une\",\"G\u00e9rardmer\",\"Vie Associative\"],\"inLanguage\":\"fr-FR\",\"potentialAction\":[{\"@type\":\"CommentAction\",\"name\":\"Comment\",\"target\":[\"https:\/\/vosgesinfo.fr\/gerardmerinfo\/2023\/12\/cathedrale-de-st-die-decors-de-creche\/#respond\"]}]},{\"@type\":\"WebPage\",\"@id\":\"https:\/\/vosgesinfo.fr\/gerardmerinfo\/2023\/12\/cathedrale-de-st-die-decors-de-creche\/\",\"url\":\"https:\/\/vosgesinfo.fr\/gerardmerinfo\/2023\/12\/cathedrale-de-st-die-decors-de-creche\/\",\"name\":\"La cath\u00e9drale de St Di\u00e9 comme d\u00e9cors de la cr\u00e8che - Gerardmer Info\",\"isPartOf\":{\"@id\":\"https:\/\/vosgesinfo.fr\/gerardmerinfo\/#website\"},\"primaryImageOfPage\":{\"@id\":\"https:\/\/vosgesinfo.fr\/gerardmerinfo\/2023\/12\/cathedrale-de-st-die-decors-de-creche\/#primaryimage\"},\"image\":{\"@id\":\"https:\/\/vosgesinfo.fr\/gerardmerinfo\/2023\/12\/cathedrale-de-st-die-decors-de-creche\/#primaryimage\"},\"thumbnailUrl\":\"https:\/\/vosgesinfo.fr\/app\/uploads\/sites\/6\/2023\/12\/creche-paroisse-st-gerard-eglise-st-barthelemy-1.jpg\",\"datePublished\":\"2023-12-21T03:58:38+00:00\",\"dateModified\":\"2023-12-21T03:58:38+00:00\",\"breadcrumb\":{\"@id\":\"https:\/\/vosgesinfo.fr\/gerardmerinfo\/2023\/12\/cathedrale-de-st-die-decors-de-creche\/#breadcrumb\"},\"inLanguage\":\"fr-FR\",\"potentialAction\":[{\"@type\":\"ReadAction\",\"target\":[\"https:\/\/vosgesinfo.fr\/gerardmerinfo\/2023\/12\/cathedrale-de-st-die-decors-de-creche\/\"]}]},{\"@type\":\"ImageObject\",\"inLanguage\":\"fr-FR\",\"@id\":\"https:\/\/vosgesinfo.fr\/gerardmerinfo\/2023\/12\/cathedrale-de-st-die-decors-de-creche\/#primaryimage\",\"url\":\"https:\/\/vosgesinfo.fr\/app\/uploads\/sites\/6\/2023\/12\/creche-paroisse-st-gerard-eglise-st-barthelemy-1.jpg\",\"contentUrl\":\"https:\/\/vosgesinfo.fr\/app\/uploads\/sites\/6\/2023\/12\/creche-paroisse-st-gerard-eglise-st-barthelemy-1.jpg\"},{\"@type\":\"BreadcrumbList\",\"@id\":\"https:\/\/vosgesinfo.fr\/gerardmerinfo\/2023\/12\/cathedrale-de-st-die-decors-de-creche\/#breadcrumb\",\"itemListElement\":[{\"@type\":\"ListItem\",\"position\":1,\"name\":\"Home\",\"item\":\"https:\/\/vosgesinfo.fr\/gerardmerinfo\/\"},{\"@type\":\"ListItem\",\"position\":2,\"name\":\"La cath\u00e9drale de St Di\u00e9 comme d\u00e9cors de la cr\u00e8che\"}]},{\"@type\":\"WebSite\",\"@id\":\"https:\/\/vosgesinfo.fr\/gerardmerinfo\/#website\",\"url\":\"https:\/\/vosgesinfo.fr\/gerardmerinfo\/\",\"name\":\"Gerardmer Info\",\"description\":\"Toute l&#039;actualit\u00e9 de G\u00e9rardmer\",\"publisher\":{\"@id\":\"https:\/\/vosgesinfo.fr\/gerardmerinfo\/#organization\"},\"alternateName\":\"Toute l'actualit\u00e9 de G\u00e9rardmer\",\"potentialAction\":[{\"@type\":\"SearchAction\",\"target\":{\"@type\":\"EntryPoint\",\"urlTemplate\":\"https:\/\/vosgesinfo.fr\/gerardmerinfo\/?s={search_term_string}\"},\"query-input\":\"required name=search_term_string\"}],\"inLanguage\":\"fr-FR\"},{\"@type\":\"Organization\",\"@id\":\"https:\/\/vosgesinfo.fr\/gerardmerinfo\/#organization\",\"name\":\"Gerardmer Info\",\"url\":\"https:\/\/vosgesinfo.fr\/gerardmerinfo\/\",\"logo\":{\"@type\":\"ImageObject\",\"inLanguage\":\"fr-FR\",\"@id\":\"https:\/\/vosgesinfo.fr\/gerardmerinfo\/#\/schema\/logo\/image\/\",\"url\":\"https:\/\/vosgesinfo.fr\/app\/uploads\/sites\/6\/2023\/08\/favicon-gerardmerinfo.png\",\"contentUrl\":\"https:\/\/vosgesinfo.fr\/app\/uploads\/sites\/6\/2023\/08\/favicon-gerardmerinfo.png\",\"width\":512,\"height\":512,\"caption\":\"Gerardmer Info\"},\"image\":{\"@id\":\"https:\/\/vosgesinfo.fr\/gerardmerinfo\/#\/schema\/logo\/image\/\"},\"sameAs\":[\"https:\/\/www.facebook.com\/profile.php?id=100049475262660\",\"https:\/\/x.com\/VosgesInfo88\",\"https:\/\/www.youtube.com\/@vosgesinfo\"]},{\"@type\":\"Person\",\"@id\":\"https:\/\/vosgesinfo.fr\/gerardmerinfo\/#\/schema\/person\/db5605779a843dad16b5368f3e7613a5\",\"name\":\"QG\",\"image\":{\"@type\":\"ImageObject\",\"inLanguage\":\"fr-FR\",\"@id\":\"https:\/\/vosgesinfo.fr\/gerardmerinfo\/#\/schema\/person\/image\/\",\"url\":\"https:\/\/secure.gravatar.com\/avatar\/ea80c42c204b534408512832fde52504ecabb9706bcb6151cf6175e5b64e6793?s=96&d=mm&r=g\",\"contentUrl\":\"https:\/\/secure.gravatar.com\/avatar\/ea80c42c204b534408512832fde52504ecabb9706bcb6151cf6175e5b64e6793?s=96&d=mm&r=g\",\"caption\":\"QG\"},\"url\":\"https:\/\/vosgesinfo.fr\/gerardmerinfo\/author\/quentin88\/\"}]}<\/script>\n<!-- \/ Yoast SEO plugin. -->","yoast_head_json":{"title":"La cath\u00e9drale de St Di\u00e9 comme d\u00e9cors de la cr\u00e8che - Gerardmer Info","robots":{"index":"index","follow":"follow","max-snippet":"max-snippet:-1","max-image-preview":"max-image-preview:large","max-video-preview":"max-video-preview:-1"},"canonical":"https:\/\/vosgesinfo.fr\/gerardmerinfo\/2023\/12\/cathedrale-de-st-die-decors-de-creche\/","twitter_card":"summary_large_image","twitter_title":"La cath\u00e9drale de St Di\u00e9 comme d\u00e9cors de la cr\u00e8che - Gerardmer Info","twitter_description":"&nbsp; &nbsp; Apr\u00e8s plusieurs jours de travail, la traditionnelle cr\u00e8che de No\u00ebl a vu le jour sous l\u2019impulsion d\u2019un petit [&hellip;]","twitter_image":"https:\/\/vosgesinfo.fr\/app\/uploads\/sites\/6\/2023\/12\/creche-paroisse-st-gerard-eglise-st-barthelemy-1.jpg","twitter_creator":"@VosgesInfo88","twitter_site":"@VosgesInfo88","twitter_misc":{"\u00c9crit par":"QG","Dur\u00e9e de lecture estim\u00e9e":"1 minute"},"schema":{"@context":"https:\/\/schema.org","@graph":[{"@type":"Article","@id":"https:\/\/vosgesinfo.fr\/gerardmerinfo\/2023\/12\/cathedrale-de-st-die-decors-de-creche\/#article","isPartOf":{"@id":"https:\/\/vosgesinfo.fr\/gerardmerinfo\/2023\/12\/cathedrale-de-st-die-decors-de-creche\/"},"author":{"name":"QG","@id":"https:\/\/vosgesinfo.fr\/gerardmerinfo\/#\/schema\/person\/db5605779a843dad16b5368f3e7613a5"},"headline":"La cath\u00e9drale de St Di\u00e9 comme d\u00e9cors de la cr\u00e8che","datePublished":"2023-12-21T03:58:38+00:00","dateModified":"2023-12-21T03:58:38+00:00","mainEntityOfPage":{"@id":"https:\/\/vosgesinfo.fr\/gerardmerinfo\/2023\/12\/cathedrale-de-st-die-decors-de-creche\/"},"wordCount":249,"commentCount":0,"publisher":{"@id":"https:\/\/vosgesinfo.fr\/gerardmerinfo\/#organization"},"image":{"@id":"https:\/\/vosgesinfo.fr\/gerardmerinfo\/2023\/12\/cathedrale-de-st-die-decors-de-creche\/#primaryimage"},"thumbnailUrl":"https:\/\/vosgesinfo.fr\/app\/uploads\/sites\/6\/2023\/12\/creche-paroisse-st-gerard-eglise-st-barthelemy-1.jpg","keywords":["eglise saint barth\u00e9l\u00e9my","paroisse saint G\u00e9rard de la Vall\u00e9e des lacs"],"articleSection":["A la une","G\u00e9rardmer","Vie Associative"],"inLanguage":"fr-FR","potentialAction":[{"@type":"CommentAction","name":"Comment","target":["https:\/\/vosgesinfo.fr\/gerardmerinfo\/2023\/12\/cathedrale-de-st-die-decors-de-creche\/#respond"]}]},{"@type":"WebPage","@id":"https:\/\/vosgesinfo.fr\/gerardmerinfo\/2023\/12\/cathedrale-de-st-die-decors-de-creche\/","url":"https:\/\/vosgesinfo.fr\/gerardmerinfo\/2023\/12\/cathedrale-de-st-die-decors-de-creche\/","name":"La cath\u00e9drale de St Di\u00e9 comme d\u00e9cors de la cr\u00e8che - Gerardmer Info","isPartOf":{"@id":"https:\/\/vosgesinfo.fr\/gerardmerinfo\/#website"},"primaryImageOfPage":{"@id":"https:\/\/vosgesinfo.fr\/gerardmerinfo\/2023\/12\/cathedrale-de-st-die-decors-de-creche\/#primaryimage"},"image":{"@id":"https:\/\/vosgesinfo.fr\/gerardmerinfo\/2023\/12\/cathedrale-de-st-die-decors-de-creche\/#primaryimage"},"thumbnailUrl":"https:\/\/vosgesinfo.fr\/app\/uploads\/sites\/6\/2023\/12\/creche-paroisse-st-gerard-eglise-st-barthelemy-1.jpg","datePublished":"2023-12-21T03:58:38+00:00","dateModified":"2023-12-21T03:58:38+00:00","breadcrumb":{"@id":"https:\/\/vosgesinfo.fr\/gerardmerinfo\/2023\/12\/cathedrale-de-st-die-decors-de-creche\/#breadcrumb"},"inLanguage":"fr-FR","potentialAction":[{"@type":"ReadAction","target":["https:\/\/vosgesinfo.fr\/gerardmerinfo\/2023\/12\/cathedrale-de-st-die-decors-de-creche\/"]}]},{"@type":"ImageObject","inLanguage":"fr-FR","@id":"https:\/\/vosgesinfo.fr\/gerardmerinfo\/2023\/12\/cathedrale-de-st-die-decors-de-creche\/#primaryimage","url":"https:\/\/vosgesinfo.fr\/app\/uploads\/sites\/6\/2023\/12\/creche-paroisse-st-gerard-eglise-st-barthelemy-1.jpg","contentUrl":"https:\/\/vosgesinfo.fr\/app\/uploads\/sites\/6\/2023\/12\/creche-paroisse-st-gerard-eglise-st-barthelemy-1.jpg"},{"@type":"BreadcrumbList","@id":"https:\/\/vosgesinfo.fr\/gerardmerinfo\/2023\/12\/cathedrale-de-st-die-decors-de-creche\/#breadcrumb","itemListElement":[{"@type":"ListItem","position":1,"name":"Home","item":"https:\/\/vosgesinfo.fr\/gerardmerinfo\/"},{"@type":"ListItem","position":2,"name":"La cath\u00e9drale de St Di\u00e9 comme d\u00e9cors de la cr\u00e8che"}]},{"@type":"WebSite","@id":"https:\/\/vosgesinfo.fr\/gerardmerinfo\/#website","url":"https:\/\/vosgesinfo.fr\/gerardmerinfo\/","name":"Gerardmer Info","description":"Toute l&#039;actualit\u00e9 de G\u00e9rardmer","publisher":{"@id":"https:\/\/vosgesinfo.fr\/gerardmerinfo\/#organization"},"alternateName":"Toute l'actualit\u00e9 de G\u00e9rardmer","potentialAction":[{"@type":"SearchAction","target":{"@type":"EntryPoint","urlTemplate":"https:\/\/vosgesinfo.fr\/gerardmerinfo\/?s={search_term_string}"},"query-input":"required name=search_term_string"}],"inLanguage":"fr-FR"},{"@type":"Organization","@id":"https:\/\/vosgesinfo.fr\/gerardmerinfo\/#organization","name":"Gerardmer Info","url":"https:\/\/vosgesinfo.fr\/gerardmerinfo\/","logo":{"@type":"ImageObject","inLanguage":"fr-FR","@id":"https:\/\/vosgesinfo.fr\/gerardmerinfo\/#\/schema\/logo\/image\/","url":"https:\/\/vosgesinfo.fr\/app\/uploads\/sites\/6\/2023\/08\/favicon-gerardmerinfo.png","contentUrl":"https:\/\/vosgesinfo.fr\/app\/uploads\/sites\/6\/2023\/08\/favicon-gerardmerinfo.png","width":512,"height":512,"caption":"Gerardmer Info"},"image":{"@id":"https:\/\/vosgesinfo.fr\/gerardmerinfo\/#\/schema\/logo\/image\/"},"sameAs":["https:\/\/www.facebook.com\/profile.php?id=100049475262660","https:\/\/x.com\/VosgesInfo88","https:\/\/www.youtube.com\/@vosgesinfo"]},{"@type":"Person","@id":"https:\/\/vosgesinfo.fr\/gerardmerinfo\/#\/schema\/person\/db5605779a843dad16b5368f3e7613a5","name":"QG","image":{"@type":"ImageObject","inLanguage":"fr-FR","@id":"https:\/\/vosgesinfo.fr\/gerardmerinfo\/#\/schema\/person\/image\/","url":"https:\/\/secure.gravatar.com\/avatar\/ea80c42c204b534408512832fde52504ecabb9706bcb6151cf6175e5b64e6793?s=96&d=mm&r=g","contentUrl":"https:\/\/secure.gravatar.com\/avatar\/ea80c42c204b534408512832fde52504ecabb9706bcb6151cf6175e5b64e6793?s=96&d=mm&r=g","caption":"QG"},"url":"https:\/\/vosgesinfo.fr\/gerardmerinfo\/author\/quentin88\/"}]}},"_links":{"self":[{"href":"https:\/\/vosgesinfo.fr\/gerardmerinfo\/wp-json\/wp\/v2\/posts\/6240","targetHints":{"allow":["GET"]}}],"collection":[{"href":"https:\/\/vosgesinfo.fr\/gerardmerinfo\/wp-json\/wp\/v2\/posts"}],"about":[{"href":"https:\/\/vosgesinfo.fr\/gerardmerinfo\/wp-json\/wp\/v2\/types\/post"}],"author":[{"embeddable":true,"href":"https:\/\/vosgesinfo.fr\/gerardmerinfo\/wp-json\/wp\/v2\/users\/42"}],"replies":[{"embeddable":true,"href":"https:\/\/vosgesinfo.fr\/gerardmerinfo\/wp-json\/wp\/v2\/comments?post=6240"}],"version-history":[{"count":0,"href":"https:\/\/vosgesinfo.fr\/gerardmerinfo\/wp-json\/wp\/v2\/posts\/6240\/revisions"}],"wp:featuredmedia":[{"embeddable":true,"href":"https:\/\/vosgesinfo.fr\/gerardmerinfo\/wp-json\/wp\/v2\/media\/6238"}],"wp:attachment":[{"href":"https:\/\/vosgesinfo.fr\/gerardmerinfo\/wp-json\/wp\/v2\/media?parent=6240"}],"wp:term":[{"taxonomy":"category","embeddable":true,"href":"https:\/\/vosgesinfo.fr\/gerardmerinfo\/wp-json\/wp\/v2\/categories?post=6240"},{"taxonomy":"post_tag","embeddable":true,"href":"https:\/\/vosgesinfo.fr\/gerardmerinfo\/wp-json\/wp\/v2\/tags?post=6240"}],"curies":[{"name":"wp","href":"https:\/\/api.w.org\/{rel}","templated":true}]}}