{"id":63192,"date":"2022-12-04T04:59:46","date_gmt":"2022-12-04T03:59:46","guid":{"rendered":"https:\/\/vosgesinfo.fr\/gerardmerinfo\/2022\/12\/150-ans-lumg-met-petits-plats-grands\/"},"modified":"2022-12-04T04:59:46","modified_gmt":"2022-12-04T03:59:46","slug":"150-ans-lumg-met-petits-plats-grands","status":"publish","type":"post","link":"https:\/\/vosgesinfo.fr\/gerardmerinfo\/2022\/12\/150-ans-lumg-met-petits-plats-grands\/","title":{"rendered":"Pour ses 150 ans, l&rsquo;UMG met les petits plats dans les grands"},"content":{"rendered":"<div id=\"attachment_198173\" style=\"width: 970px\" class=\"wp-caption aligncenter\"><a href=\"\/2022\/12\/150-ans-Union-musicale-UMG.jpg\"><img decoding=\"async\" aria-describedby=\"caption-attachment-198173\" class=\"wp-image-198173 size-large\" src=\"\/2022\/12\/150-ans-Union-musicale-UMG-1024x768.jpg\" alt=\"Eric Tisserant, Pauline Duval, \" width=\"960\" height=\"720\" \/><\/a><p id=\"caption-attachment-198173\" class=\"wp-caption-text\">Eric Tisserant, Pauline Duval, Nathalie Demangeon et Marie-Luce Duval<\/p><\/div>\n<p>&nbsp;<\/p>\n<h3 class=\"gmail-ContentPasted0\"><span style=\"font-size: 12pt;\">L&rsquo;Union Musicale de G\u00e9rardmer (UMG) aura l&rsquo;immense plaisir de c\u00e9l\u00e9brer son 150\u00e8me anniversaire tout au long de l&rsquo;ann\u00e9e 2023 avec plusieurs rendez-vous musicaux et festifs dont trois temps forts et un concert de Saint C\u00e9cile qui viendra cl\u00f4turer les r\u00e9jouissances en lorgnant du c\u00f4t\u00e9 de Broadway. La cerise sur le g\u00e2teau, c&rsquo;est que pour cette ultime repr\u00e9sentation, plusieurs anciens de l&rsquo;UMG devraient se joindre \u00e0 la f\u00eate&#8230;<\/span><\/h3>\n<p class=\"gmail-ContentPasted0\">Samedi Matin, le pr\u00e9sident de l&rsquo;UMG \u00c9ric Tisserant d\u00e9voilait les grandes lignes de ce programme d&rsquo;anniversaire et la plaquette qui l&rsquo;accompagne, le tout en compagnie du chef d&rsquo;orchestre Pauline Duval et des membres du comit\u00e9 d&rsquo;administration Nathalie Demangeon et Marie-Luce Duval. Les sourires \u00e9taient de mise au moment de pr\u00e9senter les principales festivit\u00e9s qui auront pour fil conducteur la rencontre et l&rsquo;\u00e9change. 3 temps forts sont d&rsquo;ores-et-d\u00e9j\u00e0 en pr\u00e9paration avec un premier rendez-vous le week-end des 15 &amp; 16 avril 2023 avec une rencontre musicale qui permettra de finaliser l&rsquo;\u00e9change avec l&rsquo;harmonie-batterie fanfare de Wormhout (dans le Nord) \u00e0 l&rsquo;occasion de la F\u00eate des Jonquilles. Un premier concert commun aura lieu le samedi 15 \u00e0 17 h 00, place du Vieux G\u00e9rardm\u00e9, et les Nordistes participeront au corso fleurie le dimanche en compagnie de quelques membres de l&rsquo;UMG.<\/p>\n<p class=\"gmail-ContentPasted0\">Le week-end des 13 &amp; 14 avril, place \u00e0 un grand concert de printemps Ch\u0153ur &amp; Orchestre avec une premi\u00e8re repr\u00e9sentation \u00e0 l&rsquo;\u00e9glise Saint Barth\u00e9l\u00e9my de G\u00e9rardmer le samedi puis \u00e0 Saint Prix de Saulxures-sur-Moselotte le dimanche. Pauline Duval a pr\u00e9par\u00e9 pour l&rsquo;occasion un programme avec le ch\u0153ur adultes et ados de l&rsquo;\u00e9cole intercommunale de musique ainsi que plusieurs chorales associatives du secteur : Saulxure, Corcieux-Fraize, Saint-Di\u00e9-des-Vosges et le petit ch\u0153ur de musicologie de l&rsquo;universit\u00e9 Nancy\/Lorraine. Au total, pr\u00e8s de 80 choristes monteront sur sc\u00e8ne, sans oublier la cinquantaine de musiciens de l&rsquo;UMG !<\/p>\n<p class=\"gmail-ContentPasted0\">Enfin, le grand concert annuel de la Sainte C\u00e9cile aura lieu le dimanche 17 d\u00e9cembre 2023 \u00e0 l&rsquo;espace LAC de G\u00e9rardmer. Un \u00ab\u00a0show\u00a0\u00bb dans le style de Broadway avec des accents tr\u00e8s jazz et auquel participeront des anciens de l&rsquo;harmonie avec qui l&rsquo;actuel pr\u00e9sident reprend actuellement contact. \u00c9ric Tisserant a centralis\u00e9 pr\u00e8s de 150 contacts d&rsquo;anciens de l&rsquo;UMG et souhaitent qu&rsquo;un maximum puisse se joindre \u00e0 la f\u00eate, l&rsquo;espace d&rsquo;un morceau ou plus si affinit\u00e9 ! On notera qu&rsquo;un grand repas d&rsquo;anniversaire et de retrouvailles aura \u00e9galement lieu la veille. Un programme copieux mais qui devrait se manger sans faim, avec encore quelques friandises musicales qui devraient compl\u00e9ter le menu. L&rsquo;UMG envisage par exemple de donner des concerts de quartier dans diff\u00e9rents secteurs de la ville afin d&rsquo;aller \u00e0 la rencontre des G\u00e9r\u00f4mois (si des personnes sont int\u00e9ress\u00e9es pour recevoir un concert, elles peuvent contacter l&rsquo;UMG), probablement un concert sur le domaine skiable alpin de G\u00e9rardmer ou encore une conf\u00e9rence sur l&rsquo;histoire de l&rsquo;harmonie. Rien que \u00e7a !<\/p>\n<div id=\"attachment_198174\" style=\"width: 970px\" class=\"wp-caption aligncenter\"><a href=\"\/2022\/12\/ph_gegout-jules_188a_88-Union-musicale-ann\u00e9es-1880.jpg.png\"><img decoding=\"async\" aria-describedby=\"caption-attachment-198174\" class=\"size-large wp-image-198174\" src=\"\/2022\/12\/ph_gegout-jules_188a_88-Union-musicale-ann\u00e9es-1880.jpg-1024x583.png\" alt=\"\u00a0L\u2019Union musicale de G\u00e9rardmer, vers 1887-1890. Photographie fournie par Philippe Gegout, descendant de Jules Gegout (1872-1932).\" width=\"960\" height=\"547\" \/><\/a><p id=\"caption-attachment-198174\" class=\"wp-caption-text\"><span style=\"font-size: 14pt;\">L\u2019Union musicale de G\u00e9rardmer, vers 1887-1890. Photographie fournie par Philippe Gegout, descendant de Jules Gegout (1872-1932).<\/span><\/p><\/div>\n","protected":false},"excerpt":{"rendered":"<p>&nbsp; L&rsquo;Union Musicale de G\u00e9rardmer (UMG) aura l&rsquo;immense plaisir de c\u00e9l\u00e9brer son 150\u00e8me anniversaire tout au long de l&rsquo;ann\u00e9e 2023 [&hellip;]<\/p>\n","protected":false},"author":42,"featured_media":63193,"comment_status":"open","ping_status":"open","sticky":false,"template":"","format":"standard","meta":{"footnotes":""},"categories":[20,34,4,25,17],"tags":[1866],"class_list":["post-63192","post","type-post","status-publish","format-standard","has-post-thumbnail","hentry","category-a-la-une","category-concert","category-culture","category-gerardmer","category-vie-associative","tag-union-musicale"],"acf":[],"yoast_head":"<!-- This site is optimized with the Yoast SEO plugin v22.5 - https:\/\/yoast.com\/wordpress\/plugins\/seo\/ -->\n<title>Pour ses 150 ans, l&#039;UMG met les petits plats dans les grands - Gerardmer Info<\/title>\n<meta name=\"robots\" content=\"index, follow, max-snippet:-1, max-image-preview:large, max-video-preview:-1\" \/>\n<link rel=\"canonical\" href=\"https:\/\/vosgesinfo.fr\/gerardmerinfo\/2022\/12\/150-ans-lumg-met-petits-plats-grands\/\" \/>\n<meta name=\"twitter:card\" content=\"summary_large_image\" \/>\n<meta name=\"twitter:title\" content=\"Pour ses 150 ans, l&#039;UMG met les petits plats dans les grands - Gerardmer Info\" \/>\n<meta name=\"twitter:description\" content=\"&nbsp; L&rsquo;Union Musicale de G\u00e9rardmer (UMG) aura l&rsquo;immense plaisir de c\u00e9l\u00e9brer son 150\u00e8me anniversaire tout au long de l&rsquo;ann\u00e9e 2023 [&hellip;]\" \/>\n<meta name=\"twitter:image\" content=\"https:\/\/vosgesinfo.fr\/app\/uploads\/sites\/6\/2024\/07\/202212150-ans-union-musicale-umg.jpg\" \/>\n<meta name=\"twitter:creator\" content=\"@VosgesInfo88\" \/>\n<meta name=\"twitter:site\" content=\"@VosgesInfo88\" \/>\n<meta name=\"twitter:label1\" content=\"\u00c9crit par\" \/>\n\t<meta name=\"twitter:data1\" content=\"QG\" \/>\n\t<meta name=\"twitter:label2\" content=\"Dur\u00e9e de lecture estim\u00e9e\" \/>\n\t<meta name=\"twitter:data2\" content=\"3 minutes\" \/>\n<script type=\"application\/ld+json\" class=\"yoast-schema-graph\">{\"@context\":\"https:\/\/schema.org\",\"@graph\":[{\"@type\":\"Article\",\"@id\":\"https:\/\/vosgesinfo.fr\/gerardmerinfo\/2022\/12\/150-ans-lumg-met-petits-plats-grands\/#article\",\"isPartOf\":{\"@id\":\"https:\/\/vosgesinfo.fr\/gerardmerinfo\/2022\/12\/150-ans-lumg-met-petits-plats-grands\/\"},\"author\":{\"name\":\"QG\",\"@id\":\"https:\/\/vosgesinfo.fr\/gerardmerinfo\/#\/schema\/person\/db5605779a843dad16b5368f3e7613a5\"},\"headline\":\"Pour ses 150 ans, l&rsquo;UMG met les petits plats dans les grands\",\"datePublished\":\"2022-12-04T03:59:46+00:00\",\"dateModified\":\"2022-12-04T03:59:46+00:00\",\"mainEntityOfPage\":{\"@id\":\"https:\/\/vosgesinfo.fr\/gerardmerinfo\/2022\/12\/150-ans-lumg-met-petits-plats-grands\/\"},\"wordCount\":577,\"commentCount\":0,\"publisher\":{\"@id\":\"https:\/\/vosgesinfo.fr\/gerardmerinfo\/#organization\"},\"image\":{\"@id\":\"https:\/\/vosgesinfo.fr\/gerardmerinfo\/2022\/12\/150-ans-lumg-met-petits-plats-grands\/#primaryimage\"},\"thumbnailUrl\":\"https:\/\/vosgesinfo.fr\/app\/uploads\/sites\/6\/2024\/07\/202212150-ans-union-musicale-umg.jpg\",\"keywords\":[\"Union Musicale\"],\"articleSection\":[\"A la une\",\"Concert\",\"Culture\",\"G\u00e9rardmer\",\"Vie Associative\"],\"inLanguage\":\"fr-FR\",\"potentialAction\":[{\"@type\":\"CommentAction\",\"name\":\"Comment\",\"target\":[\"https:\/\/vosgesinfo.fr\/gerardmerinfo\/2022\/12\/150-ans-lumg-met-petits-plats-grands\/#respond\"]}]},{\"@type\":\"WebPage\",\"@id\":\"https:\/\/vosgesinfo.fr\/gerardmerinfo\/2022\/12\/150-ans-lumg-met-petits-plats-grands\/\",\"url\":\"https:\/\/vosgesinfo.fr\/gerardmerinfo\/2022\/12\/150-ans-lumg-met-petits-plats-grands\/\",\"name\":\"Pour ses 150 ans, l'UMG met les petits plats dans les grands - Gerardmer Info\",\"isPartOf\":{\"@id\":\"https:\/\/vosgesinfo.fr\/gerardmerinfo\/#website\"},\"primaryImageOfPage\":{\"@id\":\"https:\/\/vosgesinfo.fr\/gerardmerinfo\/2022\/12\/150-ans-lumg-met-petits-plats-grands\/#primaryimage\"},\"image\":{\"@id\":\"https:\/\/vosgesinfo.fr\/gerardmerinfo\/2022\/12\/150-ans-lumg-met-petits-plats-grands\/#primaryimage\"},\"thumbnailUrl\":\"https:\/\/vosgesinfo.fr\/app\/uploads\/sites\/6\/2024\/07\/202212150-ans-union-musicale-umg.jpg\",\"datePublished\":\"2022-12-04T03:59:46+00:00\",\"dateModified\":\"2022-12-04T03:59:46+00:00\",\"breadcrumb\":{\"@id\":\"https:\/\/vosgesinfo.fr\/gerardmerinfo\/2022\/12\/150-ans-lumg-met-petits-plats-grands\/#breadcrumb\"},\"inLanguage\":\"fr-FR\",\"potentialAction\":[{\"@type\":\"ReadAction\",\"target\":[\"https:\/\/vosgesinfo.fr\/gerardmerinfo\/2022\/12\/150-ans-lumg-met-petits-plats-grands\/\"]}]},{\"@type\":\"ImageObject\",\"inLanguage\":\"fr-FR\",\"@id\":\"https:\/\/vosgesinfo.fr\/gerardmerinfo\/2022\/12\/150-ans-lumg-met-petits-plats-grands\/#primaryimage\",\"url\":\"https:\/\/vosgesinfo.fr\/app\/uploads\/sites\/6\/2024\/07\/202212150-ans-union-musicale-umg.jpg\",\"contentUrl\":\"https:\/\/vosgesinfo.fr\/app\/uploads\/sites\/6\/2024\/07\/202212150-ans-union-musicale-umg.jpg\",\"width\":1600,\"height\":1200},{\"@type\":\"BreadcrumbList\",\"@id\":\"https:\/\/vosgesinfo.fr\/gerardmerinfo\/2022\/12\/150-ans-lumg-met-petits-plats-grands\/#breadcrumb\",\"itemListElement\":[{\"@type\":\"ListItem\",\"position\":1,\"name\":\"Home\",\"item\":\"https:\/\/vosgesinfo.fr\/gerardmerinfo\/\"},{\"@type\":\"ListItem\",\"position\":2,\"name\":\"Pour ses 150 ans, l&rsquo;UMG met les petits plats dans les grands\"}]},{\"@type\":\"WebSite\",\"@id\":\"https:\/\/vosgesinfo.fr\/gerardmerinfo\/#website\",\"url\":\"https:\/\/vosgesinfo.fr\/gerardmerinfo\/\",\"name\":\"Gerardmer Info\",\"description\":\"Toute l&#039;actualit\u00e9 de G\u00e9rardmer\",\"publisher\":{\"@id\":\"https:\/\/vosgesinfo.fr\/gerardmerinfo\/#organization\"},\"alternateName\":\"Toute l'actualit\u00e9 de G\u00e9rardmer\",\"potentialAction\":[{\"@type\":\"SearchAction\",\"target\":{\"@type\":\"EntryPoint\",\"urlTemplate\":\"https:\/\/vosgesinfo.fr\/gerardmerinfo\/?s={search_term_string}\"},\"query-input\":\"required name=search_term_string\"}],\"inLanguage\":\"fr-FR\"},{\"@type\":\"Organization\",\"@id\":\"https:\/\/vosgesinfo.fr\/gerardmerinfo\/#organization\",\"name\":\"Gerardmer Info\",\"url\":\"https:\/\/vosgesinfo.fr\/gerardmerinfo\/\",\"logo\":{\"@type\":\"ImageObject\",\"inLanguage\":\"fr-FR\",\"@id\":\"https:\/\/vosgesinfo.fr\/gerardmerinfo\/#\/schema\/logo\/image\/\",\"url\":\"https:\/\/vosgesinfo.fr\/app\/uploads\/sites\/6\/2023\/08\/favicon-gerardmerinfo.png\",\"contentUrl\":\"https:\/\/vosgesinfo.fr\/app\/uploads\/sites\/6\/2023\/08\/favicon-gerardmerinfo.png\",\"width\":512,\"height\":512,\"caption\":\"Gerardmer Info\"},\"image\":{\"@id\":\"https:\/\/vosgesinfo.fr\/gerardmerinfo\/#\/schema\/logo\/image\/\"},\"sameAs\":[\"https:\/\/www.facebook.com\/profile.php?id=100049475262660\",\"https:\/\/x.com\/VosgesInfo88\",\"https:\/\/www.youtube.com\/@vosgesinfo\"]},{\"@type\":\"Person\",\"@id\":\"https:\/\/vosgesinfo.fr\/gerardmerinfo\/#\/schema\/person\/db5605779a843dad16b5368f3e7613a5\",\"name\":\"QG\",\"image\":{\"@type\":\"ImageObject\",\"inLanguage\":\"fr-FR\",\"@id\":\"https:\/\/vosgesinfo.fr\/gerardmerinfo\/#\/schema\/person\/image\/\",\"url\":\"https:\/\/secure.gravatar.com\/avatar\/ea80c42c204b534408512832fde52504ecabb9706bcb6151cf6175e5b64e6793?s=96&d=mm&r=g\",\"contentUrl\":\"https:\/\/secure.gravatar.com\/avatar\/ea80c42c204b534408512832fde52504ecabb9706bcb6151cf6175e5b64e6793?s=96&d=mm&r=g\",\"caption\":\"QG\"},\"url\":\"https:\/\/vosgesinfo.fr\/gerardmerinfo\/author\/quentin88\/\"}]}<\/script>\n<!-- \/ Yoast SEO plugin. -->","yoast_head_json":{"title":"Pour ses 150 ans, l'UMG met les petits plats dans les grands - Gerardmer Info","robots":{"index":"index","follow":"follow","max-snippet":"max-snippet:-1","max-image-preview":"max-image-preview:large","max-video-preview":"max-video-preview:-1"},"canonical":"https:\/\/vosgesinfo.fr\/gerardmerinfo\/2022\/12\/150-ans-lumg-met-petits-plats-grands\/","twitter_card":"summary_large_image","twitter_title":"Pour ses 150 ans, l'UMG met les petits plats dans les grands - Gerardmer Info","twitter_description":"&nbsp; L&rsquo;Union Musicale de G\u00e9rardmer (UMG) aura l&rsquo;immense plaisir de c\u00e9l\u00e9brer son 150\u00e8me anniversaire tout au long de l&rsquo;ann\u00e9e 2023 [&hellip;]","twitter_image":"https:\/\/vosgesinfo.fr\/app\/uploads\/sites\/6\/2024\/07\/202212150-ans-union-musicale-umg.jpg","twitter_creator":"@VosgesInfo88","twitter_site":"@VosgesInfo88","twitter_misc":{"\u00c9crit par":"QG","Dur\u00e9e de lecture estim\u00e9e":"3 minutes"},"schema":{"@context":"https:\/\/schema.org","@graph":[{"@type":"Article","@id":"https:\/\/vosgesinfo.fr\/gerardmerinfo\/2022\/12\/150-ans-lumg-met-petits-plats-grands\/#article","isPartOf":{"@id":"https:\/\/vosgesinfo.fr\/gerardmerinfo\/2022\/12\/150-ans-lumg-met-petits-plats-grands\/"},"author":{"name":"QG","@id":"https:\/\/vosgesinfo.fr\/gerardmerinfo\/#\/schema\/person\/db5605779a843dad16b5368f3e7613a5"},"headline":"Pour ses 150 ans, l&rsquo;UMG met les petits plats dans les grands","datePublished":"2022-12-04T03:59:46+00:00","dateModified":"2022-12-04T03:59:46+00:00","mainEntityOfPage":{"@id":"https:\/\/vosgesinfo.fr\/gerardmerinfo\/2022\/12\/150-ans-lumg-met-petits-plats-grands\/"},"wordCount":577,"commentCount":0,"publisher":{"@id":"https:\/\/vosgesinfo.fr\/gerardmerinfo\/#organization"},"image":{"@id":"https:\/\/vosgesinfo.fr\/gerardmerinfo\/2022\/12\/150-ans-lumg-met-petits-plats-grands\/#primaryimage"},"thumbnailUrl":"https:\/\/vosgesinfo.fr\/app\/uploads\/sites\/6\/2024\/07\/202212150-ans-union-musicale-umg.jpg","keywords":["Union Musicale"],"articleSection":["A la une","Concert","Culture","G\u00e9rardmer","Vie Associative"],"inLanguage":"fr-FR","potentialAction":[{"@type":"CommentAction","name":"Comment","target":["https:\/\/vosgesinfo.fr\/gerardmerinfo\/2022\/12\/150-ans-lumg-met-petits-plats-grands\/#respond"]}]},{"@type":"WebPage","@id":"https:\/\/vosgesinfo.fr\/gerardmerinfo\/2022\/12\/150-ans-lumg-met-petits-plats-grands\/","url":"https:\/\/vosgesinfo.fr\/gerardmerinfo\/2022\/12\/150-ans-lumg-met-petits-plats-grands\/","name":"Pour ses 150 ans, l'UMG met les petits plats dans les grands - Gerardmer Info","isPartOf":{"@id":"https:\/\/vosgesinfo.fr\/gerardmerinfo\/#website"},"primaryImageOfPage":{"@id":"https:\/\/vosgesinfo.fr\/gerardmerinfo\/2022\/12\/150-ans-lumg-met-petits-plats-grands\/#primaryimage"},"image":{"@id":"https:\/\/vosgesinfo.fr\/gerardmerinfo\/2022\/12\/150-ans-lumg-met-petits-plats-grands\/#primaryimage"},"thumbnailUrl":"https:\/\/vosgesinfo.fr\/app\/uploads\/sites\/6\/2024\/07\/202212150-ans-union-musicale-umg.jpg","datePublished":"2022-12-04T03:59:46+00:00","dateModified":"2022-12-04T03:59:46+00:00","breadcrumb":{"@id":"https:\/\/vosgesinfo.fr\/gerardmerinfo\/2022\/12\/150-ans-lumg-met-petits-plats-grands\/#breadcrumb"},"inLanguage":"fr-FR","potentialAction":[{"@type":"ReadAction","target":["https:\/\/vosgesinfo.fr\/gerardmerinfo\/2022\/12\/150-ans-lumg-met-petits-plats-grands\/"]}]},{"@type":"ImageObject","inLanguage":"fr-FR","@id":"https:\/\/vosgesinfo.fr\/gerardmerinfo\/2022\/12\/150-ans-lumg-met-petits-plats-grands\/#primaryimage","url":"https:\/\/vosgesinfo.fr\/app\/uploads\/sites\/6\/2024\/07\/202212150-ans-union-musicale-umg.jpg","contentUrl":"https:\/\/vosgesinfo.fr\/app\/uploads\/sites\/6\/2024\/07\/202212150-ans-union-musicale-umg.jpg","width":1600,"height":1200},{"@type":"BreadcrumbList","@id":"https:\/\/vosgesinfo.fr\/gerardmerinfo\/2022\/12\/150-ans-lumg-met-petits-plats-grands\/#breadcrumb","itemListElement":[{"@type":"ListItem","position":1,"name":"Home","item":"https:\/\/vosgesinfo.fr\/gerardmerinfo\/"},{"@type":"ListItem","position":2,"name":"Pour ses 150 ans, l&rsquo;UMG met les petits plats dans les grands"}]},{"@type":"WebSite","@id":"https:\/\/vosgesinfo.fr\/gerardmerinfo\/#website","url":"https:\/\/vosgesinfo.fr\/gerardmerinfo\/","name":"Gerardmer Info","description":"Toute l&#039;actualit\u00e9 de G\u00e9rardmer","publisher":{"@id":"https:\/\/vosgesinfo.fr\/gerardmerinfo\/#organization"},"alternateName":"Toute l'actualit\u00e9 de G\u00e9rardmer","potentialAction":[{"@type":"SearchAction","target":{"@type":"EntryPoint","urlTemplate":"https:\/\/vosgesinfo.fr\/gerardmerinfo\/?s={search_term_string}"},"query-input":"required name=search_term_string"}],"inLanguage":"fr-FR"},{"@type":"Organization","@id":"https:\/\/vosgesinfo.fr\/gerardmerinfo\/#organization","name":"Gerardmer Info","url":"https:\/\/vosgesinfo.fr\/gerardmerinfo\/","logo":{"@type":"ImageObject","inLanguage":"fr-FR","@id":"https:\/\/vosgesinfo.fr\/gerardmerinfo\/#\/schema\/logo\/image\/","url":"https:\/\/vosgesinfo.fr\/app\/uploads\/sites\/6\/2023\/08\/favicon-gerardmerinfo.png","contentUrl":"https:\/\/vosgesinfo.fr\/app\/uploads\/sites\/6\/2023\/08\/favicon-gerardmerinfo.png","width":512,"height":512,"caption":"Gerardmer Info"},"image":{"@id":"https:\/\/vosgesinfo.fr\/gerardmerinfo\/#\/schema\/logo\/image\/"},"sameAs":["https:\/\/www.facebook.com\/profile.php?id=100049475262660","https:\/\/x.com\/VosgesInfo88","https:\/\/www.youtube.com\/@vosgesinfo"]},{"@type":"Person","@id":"https:\/\/vosgesinfo.fr\/gerardmerinfo\/#\/schema\/person\/db5605779a843dad16b5368f3e7613a5","name":"QG","image":{"@type":"ImageObject","inLanguage":"fr-FR","@id":"https:\/\/vosgesinfo.fr\/gerardmerinfo\/#\/schema\/person\/image\/","url":"https:\/\/secure.gravatar.com\/avatar\/ea80c42c204b534408512832fde52504ecabb9706bcb6151cf6175e5b64e6793?s=96&d=mm&r=g","contentUrl":"https:\/\/secure.gravatar.com\/avatar\/ea80c42c204b534408512832fde52504ecabb9706bcb6151cf6175e5b64e6793?s=96&d=mm&r=g","caption":"QG"},"url":"https:\/\/vosgesinfo.fr\/gerardmerinfo\/author\/quentin88\/"}]}},"_links":{"self":[{"href":"https:\/\/vosgesinfo.fr\/gerardmerinfo\/wp-json\/wp\/v2\/posts\/63192","targetHints":{"allow":["GET"]}}],"collection":[{"href":"https:\/\/vosgesinfo.fr\/gerardmerinfo\/wp-json\/wp\/v2\/posts"}],"about":[{"href":"https:\/\/vosgesinfo.fr\/gerardmerinfo\/wp-json\/wp\/v2\/types\/post"}],"author":[{"embeddable":true,"href":"https:\/\/vosgesinfo.fr\/gerardmerinfo\/wp-json\/wp\/v2\/users\/42"}],"replies":[{"embeddable":true,"href":"https:\/\/vosgesinfo.fr\/gerardmerinfo\/wp-json\/wp\/v2\/comments?post=63192"}],"version-history":[{"count":0,"href":"https:\/\/vosgesinfo.fr\/gerardmerinfo\/wp-json\/wp\/v2\/posts\/63192\/revisions"}],"wp:featuredmedia":[{"embeddable":true,"href":"https:\/\/vosgesinfo.fr\/gerardmerinfo\/wp-json\/wp\/v2\/media\/63193"}],"wp:attachment":[{"href":"https:\/\/vosgesinfo.fr\/gerardmerinfo\/wp-json\/wp\/v2\/media?parent=63192"}],"wp:term":[{"taxonomy":"category","embeddable":true,"href":"https:\/\/vosgesinfo.fr\/gerardmerinfo\/wp-json\/wp\/v2\/categories?post=63192"},{"taxonomy":"post_tag","embeddable":true,"href":"https:\/\/vosgesinfo.fr\/gerardmerinfo\/wp-json\/wp\/v2\/tags?post=63192"}],"curies":[{"name":"wp","href":"https:\/\/api.w.org\/{rel}","templated":true}]}}