{"id":63202,"date":"2022-12-03T17:37:37","date_gmt":"2022-12-03T16:37:37","guid":{"rendered":"https:\/\/vosgesinfo.fr\/gerardmerinfo\/2022\/12\/patron-ecoliers-finit-tournee-beaute\/"},"modified":"2022-12-03T17:37:37","modified_gmt":"2022-12-03T16:37:37","slug":"patron-ecoliers-finit-tournee-beaute","status":"publish","type":"post","link":"https:\/\/vosgesinfo.fr\/gerardmerinfo\/2022\/12\/patron-ecoliers-finit-tournee-beaute\/","title":{"rendered":"Le patron des \u00e9coliers finit sa tourn\u00e9e en beaut\u00e9"},"content":{"rendered":"\n<div id=\"attachment_198191\" style=\"width: 970px\" class=\"wp-caption aligncenter\"><a href=\"\/2022\/12\/saint-nicolas-g\u00e9rardmer-2.jpg\"><img decoding=\"async\" aria-describedby=\"caption-attachment-198191\" class=\"size-large wp-image-198191\" src=\"\/2022\/12\/saint-nicolas-g\u00e9rardmer-2-1024x768.jpg\" alt=\"Plus de passage par le balcon de l'h\u00f4tel de Ville pour Saint Nicolas et ses amis, mais toujours autant d'ambiance et de bonbons pour ce rendez-vous familial de la fin de l'ann\u00e9e.\" width=\"960\" height=\"720\" \/><\/a><p id=\"caption-attachment-198191\" class=\"wp-caption-text\">Plus de passage par le balcon de l&rsquo;h\u00f4tel de Ville pour Saint Nicolas et ses amis, mais toujours autant d&rsquo;ambiance et de bonbons pour ce rendez-vous familial de la fin de l&rsquo;ann\u00e9e.<\/p><\/div>\n<p>&nbsp;<\/p>\n<p>Apr\u00e8s avoir rendu visite aux \u00e9coliers de G\u00e9rardmer pendant deux jours, Saint Nicolas a fini sa tourn\u00e9e en beaut\u00e9, comme le veut la tradition, \u00e0 l&rsquo;occasion d&rsquo;un grand d\u00e9fil\u00e9 organis\u00e9 dans les rues de la ville par la Soci\u00e9t\u00e9 des F\u00eates locale. Il \u00e9tait accompagn\u00e9 par le P\u00e8re Fouettard et le Boucher (28 ans de m\u00e9tier !), et escort\u00e9 par les Jeunes Sapeurs Pompiers, reconnaissables \u00e0 leur fameux casque orange. En t\u00eate de cort\u00e8ge, l&rsquo;Union Musicale assurait l&rsquo;animation musicale, bravant le froid, alors que le bonhomme de neige et ses kilos de bonbons fermait la marche. Un temps fort de la vie g\u00e9r\u00f4moise, toujours aussi pl\u00e9biscit\u00e9 par le public venu suivre le Saint Homme dans son p\u00e9riple, une petite note de l\u00e9g\u00e8ret\u00e9 dans une p\u00e9riode un peu morose.<\/p>\n","protected":false},"excerpt":{"rendered":"<p>&nbsp; Apr\u00e8s avoir rendu visite aux \u00e9coliers de G\u00e9rardmer pendant deux jours, Saint Nicolas a fini sa tourn\u00e9e en beaut\u00e9, [&hellip;]<\/p>\n","protected":false},"author":42,"featured_media":63203,"comment_status":"open","ping_status":"open","sticky":false,"template":"","format":"standard","meta":{"footnotes":""},"categories":[20,24,25],"tags":[],"class_list":["post-63202","post","type-post","status-publish","format-standard","has-post-thumbnail","hentry","category-a-la-une","category-evenements","category-gerardmer"],"acf":[],"yoast_head":"<!-- This site is optimized with the Yoast SEO plugin v22.5 - https:\/\/yoast.com\/wordpress\/plugins\/seo\/ -->\n<title>Le patron des \u00e9coliers finit sa tourn\u00e9e en beaut\u00e9 - Gerardmer Info<\/title>\n<meta name=\"robots\" content=\"index, follow, max-snippet:-1, max-image-preview:large, max-video-preview:-1\" \/>\n<link rel=\"canonical\" href=\"https:\/\/vosgesinfo.fr\/gerardmerinfo\/2022\/12\/patron-ecoliers-finit-tournee-beaute\/\" \/>\n<meta name=\"twitter:card\" content=\"summary_large_image\" \/>\n<meta name=\"twitter:title\" content=\"Le patron des \u00e9coliers finit sa tourn\u00e9e en beaut\u00e9 - Gerardmer Info\" \/>\n<meta name=\"twitter:description\" content=\"&nbsp; Apr\u00e8s avoir rendu visite aux \u00e9coliers de G\u00e9rardmer pendant deux jours, Saint Nicolas a fini sa tourn\u00e9e en beaut\u00e9, [&hellip;]\" \/>\n<meta name=\"twitter:image\" content=\"https:\/\/vosgesinfo.fr\/app\/uploads\/sites\/6\/2024\/07\/202212saint-nicolas-gerardmer-2.jpg\" \/>\n<meta name=\"twitter:creator\" content=\"@VosgesInfo88\" \/>\n<meta name=\"twitter:site\" content=\"@VosgesInfo88\" \/>\n<meta name=\"twitter:label1\" content=\"\u00c9crit par\" \/>\n\t<meta name=\"twitter:data1\" content=\"QG\" \/>\n\t<meta name=\"twitter:label2\" content=\"Dur\u00e9e de lecture estim\u00e9e\" \/>\n\t<meta name=\"twitter:data2\" content=\"1 minute\" \/>\n<script type=\"application\/ld+json\" class=\"yoast-schema-graph\">{\"@context\":\"https:\/\/schema.org\",\"@graph\":[{\"@type\":\"Article\",\"@id\":\"https:\/\/vosgesinfo.fr\/gerardmerinfo\/2022\/12\/patron-ecoliers-finit-tournee-beaute\/#article\",\"isPartOf\":{\"@id\":\"https:\/\/vosgesinfo.fr\/gerardmerinfo\/2022\/12\/patron-ecoliers-finit-tournee-beaute\/\"},\"author\":{\"name\":\"QG\",\"@id\":\"https:\/\/vosgesinfo.fr\/gerardmerinfo\/#\/schema\/person\/db5605779a843dad16b5368f3e7613a5\"},\"headline\":\"Le patron des \u00e9coliers finit sa tourn\u00e9e en beaut\u00e9\",\"datePublished\":\"2022-12-03T16:37:37+00:00\",\"dateModified\":\"2022-12-03T16:37:37+00:00\",\"mainEntityOfPage\":{\"@id\":\"https:\/\/vosgesinfo.fr\/gerardmerinfo\/2022\/12\/patron-ecoliers-finit-tournee-beaute\/\"},\"wordCount\":209,\"commentCount\":0,\"publisher\":{\"@id\":\"https:\/\/vosgesinfo.fr\/gerardmerinfo\/#organization\"},\"image\":{\"@id\":\"https:\/\/vosgesinfo.fr\/gerardmerinfo\/2022\/12\/patron-ecoliers-finit-tournee-beaute\/#primaryimage\"},\"thumbnailUrl\":\"https:\/\/vosgesinfo.fr\/app\/uploads\/sites\/6\/2024\/07\/202212saint-nicolas-gerardmer-2.jpg\",\"articleSection\":[\"A la une\",\"Ev\u00e8nements\",\"G\u00e9rardmer\"],\"inLanguage\":\"fr-FR\",\"potentialAction\":[{\"@type\":\"CommentAction\",\"name\":\"Comment\",\"target\":[\"https:\/\/vosgesinfo.fr\/gerardmerinfo\/2022\/12\/patron-ecoliers-finit-tournee-beaute\/#respond\"]}]},{\"@type\":\"WebPage\",\"@id\":\"https:\/\/vosgesinfo.fr\/gerardmerinfo\/2022\/12\/patron-ecoliers-finit-tournee-beaute\/\",\"url\":\"https:\/\/vosgesinfo.fr\/gerardmerinfo\/2022\/12\/patron-ecoliers-finit-tournee-beaute\/\",\"name\":\"Le patron des \u00e9coliers finit sa tourn\u00e9e en beaut\u00e9 - Gerardmer Info\",\"isPartOf\":{\"@id\":\"https:\/\/vosgesinfo.fr\/gerardmerinfo\/#website\"},\"primaryImageOfPage\":{\"@id\":\"https:\/\/vosgesinfo.fr\/gerardmerinfo\/2022\/12\/patron-ecoliers-finit-tournee-beaute\/#primaryimage\"},\"image\":{\"@id\":\"https:\/\/vosgesinfo.fr\/gerardmerinfo\/2022\/12\/patron-ecoliers-finit-tournee-beaute\/#primaryimage\"},\"thumbnailUrl\":\"https:\/\/vosgesinfo.fr\/app\/uploads\/sites\/6\/2024\/07\/202212saint-nicolas-gerardmer-2.jpg\",\"datePublished\":\"2022-12-03T16:37:37+00:00\",\"dateModified\":\"2022-12-03T16:37:37+00:00\",\"breadcrumb\":{\"@id\":\"https:\/\/vosgesinfo.fr\/gerardmerinfo\/2022\/12\/patron-ecoliers-finit-tournee-beaute\/#breadcrumb\"},\"inLanguage\":\"fr-FR\",\"potentialAction\":[{\"@type\":\"ReadAction\",\"target\":[\"https:\/\/vosgesinfo.fr\/gerardmerinfo\/2022\/12\/patron-ecoliers-finit-tournee-beaute\/\"]}]},{\"@type\":\"ImageObject\",\"inLanguage\":\"fr-FR\",\"@id\":\"https:\/\/vosgesinfo.fr\/gerardmerinfo\/2022\/12\/patron-ecoliers-finit-tournee-beaute\/#primaryimage\",\"url\":\"https:\/\/vosgesinfo.fr\/app\/uploads\/sites\/6\/2024\/07\/202212saint-nicolas-gerardmer-2.jpg\",\"contentUrl\":\"https:\/\/vosgesinfo.fr\/app\/uploads\/sites\/6\/2024\/07\/202212saint-nicolas-gerardmer-2.jpg\",\"width\":1600,\"height\":1200},{\"@type\":\"BreadcrumbList\",\"@id\":\"https:\/\/vosgesinfo.fr\/gerardmerinfo\/2022\/12\/patron-ecoliers-finit-tournee-beaute\/#breadcrumb\",\"itemListElement\":[{\"@type\":\"ListItem\",\"position\":1,\"name\":\"Home\",\"item\":\"https:\/\/vosgesinfo.fr\/gerardmerinfo\/\"},{\"@type\":\"ListItem\",\"position\":2,\"name\":\"Le patron des \u00e9coliers finit sa tourn\u00e9e en beaut\u00e9\"}]},{\"@type\":\"WebSite\",\"@id\":\"https:\/\/vosgesinfo.fr\/gerardmerinfo\/#website\",\"url\":\"https:\/\/vosgesinfo.fr\/gerardmerinfo\/\",\"name\":\"Gerardmer Info\",\"description\":\"Toute l&#039;actualit\u00e9 de G\u00e9rardmer\",\"publisher\":{\"@id\":\"https:\/\/vosgesinfo.fr\/gerardmerinfo\/#organization\"},\"alternateName\":\"Toute l'actualit\u00e9 de G\u00e9rardmer\",\"potentialAction\":[{\"@type\":\"SearchAction\",\"target\":{\"@type\":\"EntryPoint\",\"urlTemplate\":\"https:\/\/vosgesinfo.fr\/gerardmerinfo\/?s={search_term_string}\"},\"query-input\":\"required name=search_term_string\"}],\"inLanguage\":\"fr-FR\"},{\"@type\":\"Organization\",\"@id\":\"https:\/\/vosgesinfo.fr\/gerardmerinfo\/#organization\",\"name\":\"Gerardmer Info\",\"url\":\"https:\/\/vosgesinfo.fr\/gerardmerinfo\/\",\"logo\":{\"@type\":\"ImageObject\",\"inLanguage\":\"fr-FR\",\"@id\":\"https:\/\/vosgesinfo.fr\/gerardmerinfo\/#\/schema\/logo\/image\/\",\"url\":\"https:\/\/vosgesinfo.fr\/app\/uploads\/sites\/6\/2023\/08\/favicon-gerardmerinfo.png\",\"contentUrl\":\"https:\/\/vosgesinfo.fr\/app\/uploads\/sites\/6\/2023\/08\/favicon-gerardmerinfo.png\",\"width\":512,\"height\":512,\"caption\":\"Gerardmer Info\"},\"image\":{\"@id\":\"https:\/\/vosgesinfo.fr\/gerardmerinfo\/#\/schema\/logo\/image\/\"},\"sameAs\":[\"https:\/\/www.facebook.com\/profile.php?id=100049475262660\",\"https:\/\/x.com\/VosgesInfo88\",\"https:\/\/www.youtube.com\/@vosgesinfo\"]},{\"@type\":\"Person\",\"@id\":\"https:\/\/vosgesinfo.fr\/gerardmerinfo\/#\/schema\/person\/db5605779a843dad16b5368f3e7613a5\",\"name\":\"QG\",\"image\":{\"@type\":\"ImageObject\",\"inLanguage\":\"fr-FR\",\"@id\":\"https:\/\/vosgesinfo.fr\/gerardmerinfo\/#\/schema\/person\/image\/\",\"url\":\"https:\/\/secure.gravatar.com\/avatar\/ea80c42c204b534408512832fde52504ecabb9706bcb6151cf6175e5b64e6793?s=96&d=mm&r=g\",\"contentUrl\":\"https:\/\/secure.gravatar.com\/avatar\/ea80c42c204b534408512832fde52504ecabb9706bcb6151cf6175e5b64e6793?s=96&d=mm&r=g\",\"caption\":\"QG\"},\"url\":\"https:\/\/vosgesinfo.fr\/gerardmerinfo\/author\/quentin88\/\"}]}<\/script>\n<!-- \/ Yoast SEO plugin. -->","yoast_head_json":{"title":"Le patron des \u00e9coliers finit sa tourn\u00e9e en beaut\u00e9 - Gerardmer Info","robots":{"index":"index","follow":"follow","max-snippet":"max-snippet:-1","max-image-preview":"max-image-preview:large","max-video-preview":"max-video-preview:-1"},"canonical":"https:\/\/vosgesinfo.fr\/gerardmerinfo\/2022\/12\/patron-ecoliers-finit-tournee-beaute\/","twitter_card":"summary_large_image","twitter_title":"Le patron des \u00e9coliers finit sa tourn\u00e9e en beaut\u00e9 - Gerardmer Info","twitter_description":"&nbsp; Apr\u00e8s avoir rendu visite aux \u00e9coliers de G\u00e9rardmer pendant deux jours, Saint Nicolas a fini sa tourn\u00e9e en beaut\u00e9, [&hellip;]","twitter_image":"https:\/\/vosgesinfo.fr\/app\/uploads\/sites\/6\/2024\/07\/202212saint-nicolas-gerardmer-2.jpg","twitter_creator":"@VosgesInfo88","twitter_site":"@VosgesInfo88","twitter_misc":{"\u00c9crit par":"QG","Dur\u00e9e de lecture estim\u00e9e":"1 minute"},"schema":{"@context":"https:\/\/schema.org","@graph":[{"@type":"Article","@id":"https:\/\/vosgesinfo.fr\/gerardmerinfo\/2022\/12\/patron-ecoliers-finit-tournee-beaute\/#article","isPartOf":{"@id":"https:\/\/vosgesinfo.fr\/gerardmerinfo\/2022\/12\/patron-ecoliers-finit-tournee-beaute\/"},"author":{"name":"QG","@id":"https:\/\/vosgesinfo.fr\/gerardmerinfo\/#\/schema\/person\/db5605779a843dad16b5368f3e7613a5"},"headline":"Le patron des \u00e9coliers finit sa tourn\u00e9e en beaut\u00e9","datePublished":"2022-12-03T16:37:37+00:00","dateModified":"2022-12-03T16:37:37+00:00","mainEntityOfPage":{"@id":"https:\/\/vosgesinfo.fr\/gerardmerinfo\/2022\/12\/patron-ecoliers-finit-tournee-beaute\/"},"wordCount":209,"commentCount":0,"publisher":{"@id":"https:\/\/vosgesinfo.fr\/gerardmerinfo\/#organization"},"image":{"@id":"https:\/\/vosgesinfo.fr\/gerardmerinfo\/2022\/12\/patron-ecoliers-finit-tournee-beaute\/#primaryimage"},"thumbnailUrl":"https:\/\/vosgesinfo.fr\/app\/uploads\/sites\/6\/2024\/07\/202212saint-nicolas-gerardmer-2.jpg","articleSection":["A la une","Ev\u00e8nements","G\u00e9rardmer"],"inLanguage":"fr-FR","potentialAction":[{"@type":"CommentAction","name":"Comment","target":["https:\/\/vosgesinfo.fr\/gerardmerinfo\/2022\/12\/patron-ecoliers-finit-tournee-beaute\/#respond"]}]},{"@type":"WebPage","@id":"https:\/\/vosgesinfo.fr\/gerardmerinfo\/2022\/12\/patron-ecoliers-finit-tournee-beaute\/","url":"https:\/\/vosgesinfo.fr\/gerardmerinfo\/2022\/12\/patron-ecoliers-finit-tournee-beaute\/","name":"Le patron des \u00e9coliers finit sa tourn\u00e9e en beaut\u00e9 - Gerardmer Info","isPartOf":{"@id":"https:\/\/vosgesinfo.fr\/gerardmerinfo\/#website"},"primaryImageOfPage":{"@id":"https:\/\/vosgesinfo.fr\/gerardmerinfo\/2022\/12\/patron-ecoliers-finit-tournee-beaute\/#primaryimage"},"image":{"@id":"https:\/\/vosgesinfo.fr\/gerardmerinfo\/2022\/12\/patron-ecoliers-finit-tournee-beaute\/#primaryimage"},"thumbnailUrl":"https:\/\/vosgesinfo.fr\/app\/uploads\/sites\/6\/2024\/07\/202212saint-nicolas-gerardmer-2.jpg","datePublished":"2022-12-03T16:37:37+00:00","dateModified":"2022-12-03T16:37:37+00:00","breadcrumb":{"@id":"https:\/\/vosgesinfo.fr\/gerardmerinfo\/2022\/12\/patron-ecoliers-finit-tournee-beaute\/#breadcrumb"},"inLanguage":"fr-FR","potentialAction":[{"@type":"ReadAction","target":["https:\/\/vosgesinfo.fr\/gerardmerinfo\/2022\/12\/patron-ecoliers-finit-tournee-beaute\/"]}]},{"@type":"ImageObject","inLanguage":"fr-FR","@id":"https:\/\/vosgesinfo.fr\/gerardmerinfo\/2022\/12\/patron-ecoliers-finit-tournee-beaute\/#primaryimage","url":"https:\/\/vosgesinfo.fr\/app\/uploads\/sites\/6\/2024\/07\/202212saint-nicolas-gerardmer-2.jpg","contentUrl":"https:\/\/vosgesinfo.fr\/app\/uploads\/sites\/6\/2024\/07\/202212saint-nicolas-gerardmer-2.jpg","width":1600,"height":1200},{"@type":"BreadcrumbList","@id":"https:\/\/vosgesinfo.fr\/gerardmerinfo\/2022\/12\/patron-ecoliers-finit-tournee-beaute\/#breadcrumb","itemListElement":[{"@type":"ListItem","position":1,"name":"Home","item":"https:\/\/vosgesinfo.fr\/gerardmerinfo\/"},{"@type":"ListItem","position":2,"name":"Le patron des \u00e9coliers finit sa tourn\u00e9e en beaut\u00e9"}]},{"@type":"WebSite","@id":"https:\/\/vosgesinfo.fr\/gerardmerinfo\/#website","url":"https:\/\/vosgesinfo.fr\/gerardmerinfo\/","name":"Gerardmer Info","description":"Toute l&#039;actualit\u00e9 de G\u00e9rardmer","publisher":{"@id":"https:\/\/vosgesinfo.fr\/gerardmerinfo\/#organization"},"alternateName":"Toute l'actualit\u00e9 de G\u00e9rardmer","potentialAction":[{"@type":"SearchAction","target":{"@type":"EntryPoint","urlTemplate":"https:\/\/vosgesinfo.fr\/gerardmerinfo\/?s={search_term_string}"},"query-input":"required name=search_term_string"}],"inLanguage":"fr-FR"},{"@type":"Organization","@id":"https:\/\/vosgesinfo.fr\/gerardmerinfo\/#organization","name":"Gerardmer Info","url":"https:\/\/vosgesinfo.fr\/gerardmerinfo\/","logo":{"@type":"ImageObject","inLanguage":"fr-FR","@id":"https:\/\/vosgesinfo.fr\/gerardmerinfo\/#\/schema\/logo\/image\/","url":"https:\/\/vosgesinfo.fr\/app\/uploads\/sites\/6\/2023\/08\/favicon-gerardmerinfo.png","contentUrl":"https:\/\/vosgesinfo.fr\/app\/uploads\/sites\/6\/2023\/08\/favicon-gerardmerinfo.png","width":512,"height":512,"caption":"Gerardmer Info"},"image":{"@id":"https:\/\/vosgesinfo.fr\/gerardmerinfo\/#\/schema\/logo\/image\/"},"sameAs":["https:\/\/www.facebook.com\/profile.php?id=100049475262660","https:\/\/x.com\/VosgesInfo88","https:\/\/www.youtube.com\/@vosgesinfo"]},{"@type":"Person","@id":"https:\/\/vosgesinfo.fr\/gerardmerinfo\/#\/schema\/person\/db5605779a843dad16b5368f3e7613a5","name":"QG","image":{"@type":"ImageObject","inLanguage":"fr-FR","@id":"https:\/\/vosgesinfo.fr\/gerardmerinfo\/#\/schema\/person\/image\/","url":"https:\/\/secure.gravatar.com\/avatar\/ea80c42c204b534408512832fde52504ecabb9706bcb6151cf6175e5b64e6793?s=96&d=mm&r=g","contentUrl":"https:\/\/secure.gravatar.com\/avatar\/ea80c42c204b534408512832fde52504ecabb9706bcb6151cf6175e5b64e6793?s=96&d=mm&r=g","caption":"QG"},"url":"https:\/\/vosgesinfo.fr\/gerardmerinfo\/author\/quentin88\/"}]}},"_links":{"self":[{"href":"https:\/\/vosgesinfo.fr\/gerardmerinfo\/wp-json\/wp\/v2\/posts\/63202","targetHints":{"allow":["GET"]}}],"collection":[{"href":"https:\/\/vosgesinfo.fr\/gerardmerinfo\/wp-json\/wp\/v2\/posts"}],"about":[{"href":"https:\/\/vosgesinfo.fr\/gerardmerinfo\/wp-json\/wp\/v2\/types\/post"}],"author":[{"embeddable":true,"href":"https:\/\/vosgesinfo.fr\/gerardmerinfo\/wp-json\/wp\/v2\/users\/42"}],"replies":[{"embeddable":true,"href":"https:\/\/vosgesinfo.fr\/gerardmerinfo\/wp-json\/wp\/v2\/comments?post=63202"}],"version-history":[{"count":0,"href":"https:\/\/vosgesinfo.fr\/gerardmerinfo\/wp-json\/wp\/v2\/posts\/63202\/revisions"}],"wp:featuredmedia":[{"embeddable":true,"href":"https:\/\/vosgesinfo.fr\/gerardmerinfo\/wp-json\/wp\/v2\/media\/63203"}],"wp:attachment":[{"href":"https:\/\/vosgesinfo.fr\/gerardmerinfo\/wp-json\/wp\/v2\/media?parent=63202"}],"wp:term":[{"taxonomy":"category","embeddable":true,"href":"https:\/\/vosgesinfo.fr\/gerardmerinfo\/wp-json\/wp\/v2\/categories?post=63202"},{"taxonomy":"post_tag","embeddable":true,"href":"https:\/\/vosgesinfo.fr\/gerardmerinfo\/wp-json\/wp\/v2\/tags?post=63202"}],"curies":[{"name":"wp","href":"https:\/\/api.w.org\/{rel}","templated":true}]}}