{"id":63251,"date":"2022-12-05T15:41:28","date_gmt":"2022-12-05T14:41:28","guid":{"rendered":"https:\/\/vosgesinfo.fr\/gerardmerinfo\/2022\/12\/votez-sportifs-vosgiens-de-lannee\/"},"modified":"2022-12-05T15:41:28","modified_gmt":"2022-12-05T14:41:28","slug":"votez-sportifs-vosgiens-de-lannee","status":"publish","type":"post","link":"https:\/\/vosgesinfo.fr\/gerardmerinfo\/2022\/12\/votez-sportifs-vosgiens-de-lannee\/","title":{"rendered":"Votez pour les sportifs vosgiens de l&rsquo;ann\u00e9e"},"content":{"rendered":"<h3 style=\"text-align: center;\"><a href=\"\/2017\/01\/vie-en-vosges-logos.png\"><img decoding=\"async\" class=\"aligncenter size-medium wp-image-101326\" src=\"\/2017\/01\/vie-en-vosges-logos-400x162.png\" alt=\"vie en vosges logo\" width=\"400\" height=\"162\" \/><\/a><\/h3>\n<h3 style=\"text-align: center;\"><\/h3>\n<h3 style=\"text-align: center;\"><span style=\"color: #000000; font-size: 14pt;\"><span style=\"font-family: Calibri, serif;\"><b>Le grand public est appel\u00e9 \u00e0 \u00e9lire <\/b><b>le sportif de l&rsquo;ann\u00e9e, l\u2019\u00e9quipe de l\u2019ann\u00e9e et l&rsquo;espoir de l&rsquo;ann\u00e9e<\/b><\/span><\/span><\/h3>\n<p align=\"justify\"><span style=\"font-family: Calibri Light, serif;\"><span style=\"font-size: medium;\">Les votes sont d\u00e9sormais ouverts sur le site\u00a0<\/span><\/span><span style=\"color: #0000ff;\"><u><a href=\"http:\/\/meritesportif.vosges.fr\/\" target=\"_blank\" rel=\"noopener\">http:\/\/meritesportif.vosges.fr<\/a><\/u><\/span><span style=\"font-family: Calibri Light, serif;\"><span style=\"font-size: medium;\">.\u00a0Le vote s&rsquo;ach\u00e8vera le\u00a018 d\u00e9cembre \u00e0 minuit. Il est possible de voter\u00a0une fois par 24 h.\u00a0Les r\u00e9sultats seront \u00e0 d\u00e9couvrir en direct sur Vosges T\u00e9l\u00e9vision le lundi 19 d\u00e9cembre lors de la c\u00e9r\u00e9monie du\u00a0M\u00e9rite\u00a0Sportif 2022, anim\u00e9e par Ga\u00eblle Millon, journaliste grand reporter.<\/span><\/span><\/p>\n<p align=\"justify\"><span style=\"font-family: Calibri Light, serif;\"><span style=\"font-size: medium;\">Organis\u00e9e par le Conseil d\u00e9partemental des Vosges, la 30<\/span><\/span><sup><span style=\"font-family: Calibri Light, serif;\"><span style=\"font-size: medium;\">e<\/span><\/span><\/sup><span style=\"font-family: Calibri Light, serif;\"><span style=\"font-size: medium;\"> c\u00e9r\u00e9monie du M\u00e9rite Sportif rassemble chaque ann\u00e9e les repr\u00e9sentants les plus m\u00e9ritants du sport vosgien autour d\u2019une ambition partag\u00e9e :\u00a0<\/span><\/span><span style=\"font-family: Calibri Light, serif;\"><span style=\"font-size: medium;\"><b>\u00ab favoriser la visibilit\u00e9 de l\u2019excellence sportive vosgienne \u00bb<\/b><\/span><\/span><span style=\"font-family: Calibri Light, serif;\"><span style=\"font-size: medium;\">.<\/span><\/span><\/p>\n<p align=\"justify\">\n<p align=\"justify\"><span style=\"color: #000000;\"><span style=\"font-family: Calibri Light, serif;\"><span style=\"font-size: medium;\"><b>Pour le sportif de l&rsquo;ann\u00e9e, le choix pourra se porter sur :\u00a0<\/b><\/span><\/span><\/span><\/p>\n<h3 class=\"western\">Adrien BACKSCHEIDER, Ski, AS G\u00e9rardmer Ski Nordique\u00a0:<\/h3>\n<h3 class=\"western\">Cl\u00e9mence BERETTA, Athl\u00e9tisme, AVEC Pays de Remiremont\u00a0:<\/h3>\n<h3 class=\"western\">Julia CLAIR, Ski, Ski Club Xonrupt Longemer\u00a0:<\/h3>\n<h3 class=\"western\">Fabien CLAUDE, Ski, Basse-sur-le-Rupt Ski Nordique<\/h3>\n<h3 class=\"western\">Florent CLAUDE, Ski, Basse-sur-le-Rupt Ski Nordique<\/h3>\n<h3 class=\"western\">Delphine CLAUDEL, Ski, Soci\u00e9t\u00e9 Omnisports La Bressaude Ski<\/h3>\n<h3 class=\"western\">Antoine G\u00c9RARD, Ski, Union Sportive Ventron<\/h3>\n<h3 class=\"western\">Cl\u00e9ment NOEL, Ski, Basse-sur-le-Rupt Ski Nordique<\/h3>\n<h3 class=\"western\">Titouan PERRIN-GANIER, Cyclisme, Remiremont VTT<\/h3>\n<h3 class=\"western\">Benjamin POLIN, Athl\u00e9tisme, AVEC Pays d\u2019Epinal<\/h3>\n<p align=\"justify\"><span style=\"font-family: Calibri Light, serif;\"><span style=\"font-size: medium;\"><b>Pour<\/b><\/span><\/span><b> <\/b><span style=\"font-family: Calibri Light, serif;\"><span style=\"font-size: medium;\"><b>l&rsquo;espoir de l\u2019ann\u00e9e, le choix se fera entre :\u00a0<\/b><\/span><\/span><\/p>\n<h3 class=\"western\">Paula BOTET, Soci\u00e9t\u00e9 Omnisports La Bressaude Ski<\/h3>\n<h3 class=\"western\">Hicham ERRBIBIH, Club Olympique de la Haute<\/h3>\n<h3 class=\"western\">El\u00e9a JOUVE, Soci\u00e9t\u00e9 d&rsquo;Escrime Spinalienne<\/h3>\n<h3 class=\"western\">Matteo MAIGRAT, Siam Boxing Thaon<\/h3>\n<h3 class=\"western\">Hugo MONASSE, Golbey Epinal Saint-Nabord Cano\u00eb Kayak<\/h3>\n<h3 class=\"western\"><a name=\"_GoBack\"><\/a>Chlo\u00e9 NICOT, AS G\u00e9rardmer Cano\u00eb Kayak<\/h3>\n<h3 class=\"western\">Tom ROCHAT, Ski Club Xonrupt Longemer<\/h3>\n<h3 class=\"western\">Aubin SPARFEL, Cycle Golb\u00e9en<\/h3>\n<p align=\"justify\">\n<p align=\"justify\"><span style=\"font-family: Calibri Light, serif;\"><span style=\"font-size: medium;\"><b>Et pour<\/b><\/span><\/span><b> <\/b><span style=\"font-family: Calibri Light, serif;\"><span style=\"font-size: medium;\"><b>l&rsquo;\u00e9quipe de l\u2019ann\u00e9e, le vote portera au choix sur :\u00a0<\/b><\/span><\/span><\/p>\n<h3 class=\"western\">L\u2019\u00e9quipe de Tennis de table de l\u2019Association Stivalienne Raonnaise<\/h3>\n<h3 class=\"western\">L\u2019\u00e9quipe de Hockey sur glace du Epinal Hockey Club<\/h3>\n<h3 class=\"western\">L\u2019\u00e9quipe de Football de l\u2019Entente Sportive Thaonnaise<\/h3>\n<h3 class=\"western\">L\u2019\u00e9quipe de relais f\u00e9minin Ski de la Soci\u00e9t\u00e9 Omnisports La Bressaude<\/h3>\n<h3 class=\"western\">Les Louves du SRD Volley Ball<\/h3>\n<p align=\"justify\">\n<p align=\"justify\"><span style=\"font-size: medium;\">Une seule adresse pour voter\u00a0:<\/span> <span style=\"color: #0000ff;\"><u><a href=\"http:\/\/meritesportif.vosges.fr\/\" target=\"_blank\" rel=\"noopener\"><span style=\"font-size: medium;\">http:\/\/meritesportif.vosges.fr<\/span><\/a><\/u><\/span><span style=\"font-size: medium;\">\u00a0<\/span><\/p>\n","protected":false},"excerpt":{"rendered":"<p>Le grand public est appel\u00e9 \u00e0 \u00e9lire le sportif de l&rsquo;ann\u00e9e, l\u2019\u00e9quipe de l\u2019ann\u00e9e et l&rsquo;espoir de l&rsquo;ann\u00e9e Les votes [&hellip;]<\/p>\n","protected":false},"author":1,"featured_media":63252,"comment_status":"open","ping_status":"open","sticky":false,"template":"","format":"standard","meta":{"footnotes":""},"categories":[20,14,18],"tags":[],"class_list":["post-63251","post","type-post","status-publish","format-standard","has-post-thumbnail","hentry","category-a-la-une","category-sport","category-vosges"],"acf":[],"yoast_head":"<!-- This site is optimized with the Yoast SEO plugin v22.5 - https:\/\/yoast.com\/wordpress\/plugins\/seo\/ -->\n<title>Votez pour les sportifs vosgiens de l&#039;ann\u00e9e - Gerardmer Info<\/title>\n<meta name=\"robots\" content=\"index, follow, max-snippet:-1, max-image-preview:large, max-video-preview:-1\" \/>\n<link rel=\"canonical\" href=\"https:\/\/vosgesinfo.fr\/gerardmerinfo\/2022\/12\/votez-sportifs-vosgiens-de-lannee\/\" \/>\n<meta name=\"twitter:card\" content=\"summary_large_image\" \/>\n<meta name=\"twitter:title\" content=\"Votez pour les sportifs vosgiens de l&#039;ann\u00e9e - Gerardmer Info\" \/>\n<meta name=\"twitter:description\" content=\"Le grand public est appel\u00e9 \u00e0 \u00e9lire le sportif de l&rsquo;ann\u00e9e, l\u2019\u00e9quipe de l\u2019ann\u00e9e et l&rsquo;espoir de l&rsquo;ann\u00e9e Les votes [&hellip;]\" \/>\n<meta name=\"twitter:image\" content=\"https:\/\/vosgesinfo.fr\/app\/uploads\/sites\/6\/2024\/07\/201701vie-en-vosges-logos-2.png\" \/>\n<meta name=\"twitter:creator\" content=\"@VosgesInfo88\" \/>\n<meta name=\"twitter:site\" content=\"@VosgesInfo88\" \/>\n<meta name=\"twitter:label1\" content=\"\u00c9crit par\" \/>\n\t<meta name=\"twitter:data1\" content=\"qs_admin\" \/>\n\t<meta name=\"twitter:label2\" content=\"Dur\u00e9e de lecture estim\u00e9e\" \/>\n\t<meta name=\"twitter:data2\" content=\"2 minutes\" \/>\n<script type=\"application\/ld+json\" class=\"yoast-schema-graph\">{\"@context\":\"https:\/\/schema.org\",\"@graph\":[{\"@type\":\"Article\",\"@id\":\"https:\/\/vosgesinfo.fr\/gerardmerinfo\/2022\/12\/votez-sportifs-vosgiens-de-lannee\/#article\",\"isPartOf\":{\"@id\":\"https:\/\/vosgesinfo.fr\/gerardmerinfo\/2022\/12\/votez-sportifs-vosgiens-de-lannee\/\"},\"author\":{\"name\":\"qs_admin\",\"@id\":\"https:\/\/vosgesinfo.fr\/gerardmerinfo\/#\/schema\/person\/bc5d02d71e6932e81b6dadb7386667b1\"},\"headline\":\"Votez pour les sportifs vosgiens de l&rsquo;ann\u00e9e\",\"datePublished\":\"2022-12-05T14:41:28+00:00\",\"dateModified\":\"2022-12-05T14:41:28+00:00\",\"mainEntityOfPage\":{\"@id\":\"https:\/\/vosgesinfo.fr\/gerardmerinfo\/2022\/12\/votez-sportifs-vosgiens-de-lannee\/\"},\"wordCount\":370,\"commentCount\":0,\"publisher\":{\"@id\":\"https:\/\/vosgesinfo.fr\/gerardmerinfo\/#organization\"},\"image\":{\"@id\":\"https:\/\/vosgesinfo.fr\/gerardmerinfo\/2022\/12\/votez-sportifs-vosgiens-de-lannee\/#primaryimage\"},\"thumbnailUrl\":\"https:\/\/vosgesinfo.fr\/app\/uploads\/sites\/6\/2024\/07\/201701vie-en-vosges-logos-2.png\",\"articleSection\":[\"A la une\",\"Sport\",\"Vosges\"],\"inLanguage\":\"fr-FR\",\"potentialAction\":[{\"@type\":\"CommentAction\",\"name\":\"Comment\",\"target\":[\"https:\/\/vosgesinfo.fr\/gerardmerinfo\/2022\/12\/votez-sportifs-vosgiens-de-lannee\/#respond\"]}]},{\"@type\":\"WebPage\",\"@id\":\"https:\/\/vosgesinfo.fr\/gerardmerinfo\/2022\/12\/votez-sportifs-vosgiens-de-lannee\/\",\"url\":\"https:\/\/vosgesinfo.fr\/gerardmerinfo\/2022\/12\/votez-sportifs-vosgiens-de-lannee\/\",\"name\":\"Votez pour les sportifs vosgiens de l'ann\u00e9e - Gerardmer Info\",\"isPartOf\":{\"@id\":\"https:\/\/vosgesinfo.fr\/gerardmerinfo\/#website\"},\"primaryImageOfPage\":{\"@id\":\"https:\/\/vosgesinfo.fr\/gerardmerinfo\/2022\/12\/votez-sportifs-vosgiens-de-lannee\/#primaryimage\"},\"image\":{\"@id\":\"https:\/\/vosgesinfo.fr\/gerardmerinfo\/2022\/12\/votez-sportifs-vosgiens-de-lannee\/#primaryimage\"},\"thumbnailUrl\":\"https:\/\/vosgesinfo.fr\/app\/uploads\/sites\/6\/2024\/07\/201701vie-en-vosges-logos-2.png\",\"datePublished\":\"2022-12-05T14:41:28+00:00\",\"dateModified\":\"2022-12-05T14:41:28+00:00\",\"breadcrumb\":{\"@id\":\"https:\/\/vosgesinfo.fr\/gerardmerinfo\/2022\/12\/votez-sportifs-vosgiens-de-lannee\/#breadcrumb\"},\"inLanguage\":\"fr-FR\",\"potentialAction\":[{\"@type\":\"ReadAction\",\"target\":[\"https:\/\/vosgesinfo.fr\/gerardmerinfo\/2022\/12\/votez-sportifs-vosgiens-de-lannee\/\"]}]},{\"@type\":\"ImageObject\",\"inLanguage\":\"fr-FR\",\"@id\":\"https:\/\/vosgesinfo.fr\/gerardmerinfo\/2022\/12\/votez-sportifs-vosgiens-de-lannee\/#primaryimage\",\"url\":\"https:\/\/vosgesinfo.fr\/app\/uploads\/sites\/6\/2024\/07\/201701vie-en-vosges-logos-2.png\",\"contentUrl\":\"https:\/\/vosgesinfo.fr\/app\/uploads\/sites\/6\/2024\/07\/201701vie-en-vosges-logos-2.png\",\"width\":978,\"height\":395},{\"@type\":\"BreadcrumbList\",\"@id\":\"https:\/\/vosgesinfo.fr\/gerardmerinfo\/2022\/12\/votez-sportifs-vosgiens-de-lannee\/#breadcrumb\",\"itemListElement\":[{\"@type\":\"ListItem\",\"position\":1,\"name\":\"Home\",\"item\":\"https:\/\/vosgesinfo.fr\/gerardmerinfo\/\"},{\"@type\":\"ListItem\",\"position\":2,\"name\":\"Votez pour les sportifs vosgiens de l&rsquo;ann\u00e9e\"}]},{\"@type\":\"WebSite\",\"@id\":\"https:\/\/vosgesinfo.fr\/gerardmerinfo\/#website\",\"url\":\"https:\/\/vosgesinfo.fr\/gerardmerinfo\/\",\"name\":\"Gerardmer Info\",\"description\":\"Toute l&#039;actualit\u00e9 de G\u00e9rardmer\",\"publisher\":{\"@id\":\"https:\/\/vosgesinfo.fr\/gerardmerinfo\/#organization\"},\"alternateName\":\"Toute l'actualit\u00e9 de G\u00e9rardmer\",\"potentialAction\":[{\"@type\":\"SearchAction\",\"target\":{\"@type\":\"EntryPoint\",\"urlTemplate\":\"https:\/\/vosgesinfo.fr\/gerardmerinfo\/?s={search_term_string}\"},\"query-input\":\"required name=search_term_string\"}],\"inLanguage\":\"fr-FR\"},{\"@type\":\"Organization\",\"@id\":\"https:\/\/vosgesinfo.fr\/gerardmerinfo\/#organization\",\"name\":\"Gerardmer Info\",\"url\":\"https:\/\/vosgesinfo.fr\/gerardmerinfo\/\",\"logo\":{\"@type\":\"ImageObject\",\"inLanguage\":\"fr-FR\",\"@id\":\"https:\/\/vosgesinfo.fr\/gerardmerinfo\/#\/schema\/logo\/image\/\",\"url\":\"https:\/\/vosgesinfo.fr\/app\/uploads\/sites\/6\/2023\/08\/favicon-gerardmerinfo.png\",\"contentUrl\":\"https:\/\/vosgesinfo.fr\/app\/uploads\/sites\/6\/2023\/08\/favicon-gerardmerinfo.png\",\"width\":512,\"height\":512,\"caption\":\"Gerardmer Info\"},\"image\":{\"@id\":\"https:\/\/vosgesinfo.fr\/gerardmerinfo\/#\/schema\/logo\/image\/\"},\"sameAs\":[\"https:\/\/www.facebook.com\/profile.php?id=100049475262660\",\"https:\/\/x.com\/VosgesInfo88\",\"https:\/\/www.youtube.com\/@vosgesinfo\"]},{\"@type\":\"Person\",\"@id\":\"https:\/\/vosgesinfo.fr\/gerardmerinfo\/#\/schema\/person\/bc5d02d71e6932e81b6dadb7386667b1\",\"name\":\"qs_admin\",\"image\":{\"@type\":\"ImageObject\",\"inLanguage\":\"fr-FR\",\"@id\":\"https:\/\/vosgesinfo.fr\/gerardmerinfo\/#\/schema\/person\/image\/\",\"url\":\"https:\/\/secure.gravatar.com\/avatar\/94b18ee0ed79e4a42ea2f2931277b6841a8999fc6fde214600c78057cf1fe1de?s=96&d=mm&r=g\",\"contentUrl\":\"https:\/\/secure.gravatar.com\/avatar\/94b18ee0ed79e4a42ea2f2931277b6841a8999fc6fde214600c78057cf1fe1de?s=96&d=mm&r=g\",\"caption\":\"qs_admin\"},\"sameAs\":[\"https:\/\/vosgesinfo.fr\/wp\"],\"url\":\"https:\/\/vosgesinfo.fr\/gerardmerinfo\/author\/qs_admin\/\"}]}<\/script>\n<!-- \/ Yoast SEO plugin. -->","yoast_head_json":{"title":"Votez pour les sportifs vosgiens de l'ann\u00e9e - Gerardmer Info","robots":{"index":"index","follow":"follow","max-snippet":"max-snippet:-1","max-image-preview":"max-image-preview:large","max-video-preview":"max-video-preview:-1"},"canonical":"https:\/\/vosgesinfo.fr\/gerardmerinfo\/2022\/12\/votez-sportifs-vosgiens-de-lannee\/","twitter_card":"summary_large_image","twitter_title":"Votez pour les sportifs vosgiens de l'ann\u00e9e - Gerardmer Info","twitter_description":"Le grand public est appel\u00e9 \u00e0 \u00e9lire le sportif de l&rsquo;ann\u00e9e, l\u2019\u00e9quipe de l\u2019ann\u00e9e et l&rsquo;espoir de l&rsquo;ann\u00e9e Les votes [&hellip;]","twitter_image":"https:\/\/vosgesinfo.fr\/app\/uploads\/sites\/6\/2024\/07\/201701vie-en-vosges-logos-2.png","twitter_creator":"@VosgesInfo88","twitter_site":"@VosgesInfo88","twitter_misc":{"\u00c9crit par":"qs_admin","Dur\u00e9e de lecture estim\u00e9e":"2 minutes"},"schema":{"@context":"https:\/\/schema.org","@graph":[{"@type":"Article","@id":"https:\/\/vosgesinfo.fr\/gerardmerinfo\/2022\/12\/votez-sportifs-vosgiens-de-lannee\/#article","isPartOf":{"@id":"https:\/\/vosgesinfo.fr\/gerardmerinfo\/2022\/12\/votez-sportifs-vosgiens-de-lannee\/"},"author":{"name":"qs_admin","@id":"https:\/\/vosgesinfo.fr\/gerardmerinfo\/#\/schema\/person\/bc5d02d71e6932e81b6dadb7386667b1"},"headline":"Votez pour les sportifs vosgiens de l&rsquo;ann\u00e9e","datePublished":"2022-12-05T14:41:28+00:00","dateModified":"2022-12-05T14:41:28+00:00","mainEntityOfPage":{"@id":"https:\/\/vosgesinfo.fr\/gerardmerinfo\/2022\/12\/votez-sportifs-vosgiens-de-lannee\/"},"wordCount":370,"commentCount":0,"publisher":{"@id":"https:\/\/vosgesinfo.fr\/gerardmerinfo\/#organization"},"image":{"@id":"https:\/\/vosgesinfo.fr\/gerardmerinfo\/2022\/12\/votez-sportifs-vosgiens-de-lannee\/#primaryimage"},"thumbnailUrl":"https:\/\/vosgesinfo.fr\/app\/uploads\/sites\/6\/2024\/07\/201701vie-en-vosges-logos-2.png","articleSection":["A la une","Sport","Vosges"],"inLanguage":"fr-FR","potentialAction":[{"@type":"CommentAction","name":"Comment","target":["https:\/\/vosgesinfo.fr\/gerardmerinfo\/2022\/12\/votez-sportifs-vosgiens-de-lannee\/#respond"]}]},{"@type":"WebPage","@id":"https:\/\/vosgesinfo.fr\/gerardmerinfo\/2022\/12\/votez-sportifs-vosgiens-de-lannee\/","url":"https:\/\/vosgesinfo.fr\/gerardmerinfo\/2022\/12\/votez-sportifs-vosgiens-de-lannee\/","name":"Votez pour les sportifs vosgiens de l'ann\u00e9e - Gerardmer Info","isPartOf":{"@id":"https:\/\/vosgesinfo.fr\/gerardmerinfo\/#website"},"primaryImageOfPage":{"@id":"https:\/\/vosgesinfo.fr\/gerardmerinfo\/2022\/12\/votez-sportifs-vosgiens-de-lannee\/#primaryimage"},"image":{"@id":"https:\/\/vosgesinfo.fr\/gerardmerinfo\/2022\/12\/votez-sportifs-vosgiens-de-lannee\/#primaryimage"},"thumbnailUrl":"https:\/\/vosgesinfo.fr\/app\/uploads\/sites\/6\/2024\/07\/201701vie-en-vosges-logos-2.png","datePublished":"2022-12-05T14:41:28+00:00","dateModified":"2022-12-05T14:41:28+00:00","breadcrumb":{"@id":"https:\/\/vosgesinfo.fr\/gerardmerinfo\/2022\/12\/votez-sportifs-vosgiens-de-lannee\/#breadcrumb"},"inLanguage":"fr-FR","potentialAction":[{"@type":"ReadAction","target":["https:\/\/vosgesinfo.fr\/gerardmerinfo\/2022\/12\/votez-sportifs-vosgiens-de-lannee\/"]}]},{"@type":"ImageObject","inLanguage":"fr-FR","@id":"https:\/\/vosgesinfo.fr\/gerardmerinfo\/2022\/12\/votez-sportifs-vosgiens-de-lannee\/#primaryimage","url":"https:\/\/vosgesinfo.fr\/app\/uploads\/sites\/6\/2024\/07\/201701vie-en-vosges-logos-2.png","contentUrl":"https:\/\/vosgesinfo.fr\/app\/uploads\/sites\/6\/2024\/07\/201701vie-en-vosges-logos-2.png","width":978,"height":395},{"@type":"BreadcrumbList","@id":"https:\/\/vosgesinfo.fr\/gerardmerinfo\/2022\/12\/votez-sportifs-vosgiens-de-lannee\/#breadcrumb","itemListElement":[{"@type":"ListItem","position":1,"name":"Home","item":"https:\/\/vosgesinfo.fr\/gerardmerinfo\/"},{"@type":"ListItem","position":2,"name":"Votez pour les sportifs vosgiens de l&rsquo;ann\u00e9e"}]},{"@type":"WebSite","@id":"https:\/\/vosgesinfo.fr\/gerardmerinfo\/#website","url":"https:\/\/vosgesinfo.fr\/gerardmerinfo\/","name":"Gerardmer Info","description":"Toute l&#039;actualit\u00e9 de G\u00e9rardmer","publisher":{"@id":"https:\/\/vosgesinfo.fr\/gerardmerinfo\/#organization"},"alternateName":"Toute l'actualit\u00e9 de G\u00e9rardmer","potentialAction":[{"@type":"SearchAction","target":{"@type":"EntryPoint","urlTemplate":"https:\/\/vosgesinfo.fr\/gerardmerinfo\/?s={search_term_string}"},"query-input":"required name=search_term_string"}],"inLanguage":"fr-FR"},{"@type":"Organization","@id":"https:\/\/vosgesinfo.fr\/gerardmerinfo\/#organization","name":"Gerardmer Info","url":"https:\/\/vosgesinfo.fr\/gerardmerinfo\/","logo":{"@type":"ImageObject","inLanguage":"fr-FR","@id":"https:\/\/vosgesinfo.fr\/gerardmerinfo\/#\/schema\/logo\/image\/","url":"https:\/\/vosgesinfo.fr\/app\/uploads\/sites\/6\/2023\/08\/favicon-gerardmerinfo.png","contentUrl":"https:\/\/vosgesinfo.fr\/app\/uploads\/sites\/6\/2023\/08\/favicon-gerardmerinfo.png","width":512,"height":512,"caption":"Gerardmer Info"},"image":{"@id":"https:\/\/vosgesinfo.fr\/gerardmerinfo\/#\/schema\/logo\/image\/"},"sameAs":["https:\/\/www.facebook.com\/profile.php?id=100049475262660","https:\/\/x.com\/VosgesInfo88","https:\/\/www.youtube.com\/@vosgesinfo"]},{"@type":"Person","@id":"https:\/\/vosgesinfo.fr\/gerardmerinfo\/#\/schema\/person\/bc5d02d71e6932e81b6dadb7386667b1","name":"qs_admin","image":{"@type":"ImageObject","inLanguage":"fr-FR","@id":"https:\/\/vosgesinfo.fr\/gerardmerinfo\/#\/schema\/person\/image\/","url":"https:\/\/secure.gravatar.com\/avatar\/94b18ee0ed79e4a42ea2f2931277b6841a8999fc6fde214600c78057cf1fe1de?s=96&d=mm&r=g","contentUrl":"https:\/\/secure.gravatar.com\/avatar\/94b18ee0ed79e4a42ea2f2931277b6841a8999fc6fde214600c78057cf1fe1de?s=96&d=mm&r=g","caption":"qs_admin"},"sameAs":["https:\/\/vosgesinfo.fr\/wp"],"url":"https:\/\/vosgesinfo.fr\/gerardmerinfo\/author\/qs_admin\/"}]}},"_links":{"self":[{"href":"https:\/\/vosgesinfo.fr\/gerardmerinfo\/wp-json\/wp\/v2\/posts\/63251","targetHints":{"allow":["GET"]}}],"collection":[{"href":"https:\/\/vosgesinfo.fr\/gerardmerinfo\/wp-json\/wp\/v2\/posts"}],"about":[{"href":"https:\/\/vosgesinfo.fr\/gerardmerinfo\/wp-json\/wp\/v2\/types\/post"}],"author":[{"embeddable":true,"href":"https:\/\/vosgesinfo.fr\/gerardmerinfo\/wp-json\/wp\/v2\/users\/1"}],"replies":[{"embeddable":true,"href":"https:\/\/vosgesinfo.fr\/gerardmerinfo\/wp-json\/wp\/v2\/comments?post=63251"}],"version-history":[{"count":0,"href":"https:\/\/vosgesinfo.fr\/gerardmerinfo\/wp-json\/wp\/v2\/posts\/63251\/revisions"}],"wp:featuredmedia":[{"embeddable":true,"href":"https:\/\/vosgesinfo.fr\/gerardmerinfo\/wp-json\/wp\/v2\/media\/63252"}],"wp:attachment":[{"href":"https:\/\/vosgesinfo.fr\/gerardmerinfo\/wp-json\/wp\/v2\/media?parent=63251"}],"wp:term":[{"taxonomy":"category","embeddable":true,"href":"https:\/\/vosgesinfo.fr\/gerardmerinfo\/wp-json\/wp\/v2\/categories?post=63251"},{"taxonomy":"post_tag","embeddable":true,"href":"https:\/\/vosgesinfo.fr\/gerardmerinfo\/wp-json\/wp\/v2\/tags?post=63251"}],"curies":[{"name":"wp","href":"https:\/\/api.w.org\/{rel}","templated":true}]}}