{"id":63293,"date":"2022-12-11T05:00:37","date_gmt":"2022-12-11T04:00:37","guid":{"rendered":"https:\/\/vosgesinfo.fr\/gerardmerinfo\/2022\/12\/valabaru-bilan-perspectives-apres-quatre-annees-dactions-marquantes\/"},"modified":"2022-12-11T05:00:37","modified_gmt":"2022-12-11T04:00:37","slug":"valabaru-bilan-perspectives-apres-quatre-annees-dactions-marquantes","status":"publish","type":"post","link":"https:\/\/vosgesinfo.fr\/gerardmerinfo\/2022\/12\/valabaru-bilan-perspectives-apres-quatre-annees-dactions-marquantes\/","title":{"rendered":"\u00ab\u00a0Valabaru\u00a0\u00bb : bilan et perspectives apr\u00e8s quatre ann\u00e9es d&rsquo;actions marquantes."},"content":{"rendered":"<div id=\"attachment_198502\" style=\"width: 1610px\" class=\"wp-caption aligncenter\"><a href=\"\/2022\/12\/Valabaru-assembl\u00e9e-2021-2022.jpg\"><img decoding=\"async\" aria-describedby=\"caption-attachment-198502\" class=\"size-full wp-image-198502\" src=\"\/2022\/12\/Valabaru-assembl\u00e9e-2021-2022.jpg\" alt=\"Les forces vives de Valabaru ont dress\u00e9 le bilan de l'association et avanc\u00e9 des projets.\" width=\"1600\" height=\"1067\" \/><\/a><p id=\"caption-attachment-198502\" class=\"wp-caption-text\">Emeric BOURLIER-MATHIEU et les forces vives de Valabaru ont dress\u00e9 le bilan de l&rsquo;association et avanc\u00e9 des projets.<\/p><\/div>\n<p style=\"text-align: justify;\">C&rsquo;est dans la cadre bucolique du Joli Bois, au milieu du domaine nordique, que se sont retrouv\u00e9 les membres actifs de \u00ab\u00a0Valabaru\u00a0\u00bb pour leur assembl\u00e9e g\u00e9n\u00e9rale. Habitants du secteur, professionnels du tourisme et du loisir, actifs ou retrait\u00e9s amoureux des Bas-Rupts : toutes et tous \u00e9taient heureux de se retrouver pour dresser le bilan des deux ann\u00e9es \u00e9coul\u00e9es et ont aussi jet\u00e9 un regard sur le chemin parcouru durant les quatre ann\u00e9es d&rsquo;existence de leur association.<\/p>\n<div id=\"attachment_150733\" style=\"width: 190px\" class=\"wp-caption alignright\"><a href=\"\/2019\/07\/FestiNordicEstival2019_VF.jpg\"><img decoding=\"async\" aria-describedby=\"caption-attachment-150733\" class=\"size-medium wp-image-150733\" src=\"\/2019\/07\/FestiNordicEstival2019_VF-180x255.jpg\" alt=\"Le Nordic Festival est vou\u00e9 \u00e0 \u00eatre reconduit en 2023.\" width=\"180\" height=\"255\" \/><\/a><p id=\"caption-attachment-150733\" class=\"wp-caption-text\">Le Nordic Festival est vou\u00e9 \u00e0 \u00eatre reconduit en 2023.<\/p><\/div>\n<h3 style=\"text-align: justify;\">Une ann\u00e9e faste apr\u00e8s 2021 en sourdine.<\/h3>\n<p style=\"text-align: justify;\">La crise sanitaire n&rsquo;a pas \u00e9pargn\u00e9 les animations pr\u00e9vues par \u00ab\u00a0Valabaru\u00a0\u00bb qui se sont donc, comme de nombreux autres \u00e9v\u00e9nements, retrouv\u00e9es au point mort. un passage \u00e0 vide \u00e9galement financier pour l&rsquo;association qui s&rsquo;autofinance exclusivement par ses adh\u00e9sions et les recettes de buvette sur ses actions. Qu&rsquo;\u00e0 cela ne tienne, il en faut plus pour d\u00e9moraliser l&rsquo;\u00e9quipe d&rsquo;Emeric BOURLIER-MATHIEU, et 2022 est repartie sur les chapeaux de roues avec des manifestations en hiver comme en \u00e9t\u00e9. Le Festi&rsquo;Nordic tout d&rsquo;abord, les mardis soirs des vacances d&rsquo;hiver, qui est d\u00e9sormais install\u00e9 parmi les animations marquantes du calendrier hivernal et qui sera reconduit en 2023. Sur l&rsquo;\u00e9t\u00e9, on notera que le Nordic Festival, malgr\u00e9 une organisation et une communication sur le tard, a attir\u00e9 plus de 400 participants. Une belle r\u00e9ussite qui s&rsquo;inscrit dans la dynamique Quatre Saisons, mais qui p\u00e2tit d&rsquo;un manque de soutien qui interroge et fait dire au Pr\u00e9sident : \u00ab\u00a0Quelle est la strat\u00e9gie de la Ville de G\u00e9rardmer quant au d\u00e9veloppement du Quatre Saisons ? Ville que l&rsquo;on tient par ailleurs \u00e0 remercier pour l&rsquo; aide technique\u00a0 et logistique\u00a0\u00bb. Malgr\u00e9 tout, nul doute que les b\u00e9n\u00e9voles de Valabaru auront \u00e0 c\u0153ur de se remobiliser l&rsquo;\u00e9t\u00e9 prochain sur ce projet.<\/p>\n<div id=\"attachment_198510\" style=\"width: 410px\" class=\"wp-caption alignright\"><a href=\"\/2022\/12\/sentier.jpg\"><img decoding=\"async\" aria-describedby=\"caption-attachment-198510\" class=\"size-medium wp-image-198510\" src=\"\/2022\/12\/sentier-400x223.jpg\" alt=\"Le sentier Valabaru est accessible aux beaux jours et bient\u00f4t toute l'ann\u00e9e.\" width=\"400\" height=\"223\" \/><\/a><p id=\"caption-attachment-198510\" class=\"wp-caption-text\">Le sentier \u00ab\u00a0Valabaru\u00a0\u00bb est accessible aux beaux jours et bient\u00f4t toute l&rsquo;ann\u00e9e.<\/p><\/div>\n<h3 style=\"text-align: justify;\">En 2022 : un site Internet et un sentier p\u00e9dagogique et ludique.<\/h3>\n<p style=\"text-align: justify;\">Projet structurant de l&rsquo;association depuis plusieurs ann\u00e9es, le sentier p\u00e9dagogique et ludique a vu son aboutissement cette ann\u00e9e avec l&rsquo;installation de l&rsquo;ensemble des totems, la signalisation du sentier et la d\u00e9mat\u00e9rialisation des quiz (QR code renvoyant sur des formulaires en ligne). Le tout adoss\u00e9 \u00e0 un nouveau <a href=\"http:\/\/www.valabaru.com\" target=\"_blank\" rel=\"noopener\">site Internet<\/a> sur lequel il est possible de retrouver toute l&rsquo;actualit\u00e9 de l&rsquo;association ainsi que les informations sur le secteur des Bas-Rupts. Ce gros chantier a \u00e9t\u00e9 r\u00e9alis\u00e9 en partenariat avec le Conservatoire des Espaces Naturels, et \u00e9galement avec l&rsquo;IUT de Saint-Di\u00e9 pour ce qui est de la r\u00e9alisation du site et les \u00e9l\u00e8ves des \u00e9coles Jean Mac\u00e9, Marie Curie, Notre-Dame et des Bas-Rupts pour ce qui est de la cr\u00e9ation des quiz. Alors \u00e0 vos baskets et smartphones pour d\u00e9couvrir les Bas-Rupts autrement.<\/p>\n<div id=\"attachment_156308\" style=\"width: 350px\" class=\"wp-caption alignright\"><a href=\"\/2019\/11\/VALABARU-CEN-Lorraine-bas-rupts-2.jpg\"><img decoding=\"async\" aria-describedby=\"caption-attachment-156308\" class=\"size-medium wp-image-156308\" src=\"\/2019\/11\/VALABARU-CEN-Lorraine-bas-rupts-2-340x255.jpg\" alt=\"Les membres de &quot;Valabaru&quot; ont \u00e0 c\u0153ur de travailler avec l'ensemble des acteurs, comme ici avec le Conservatoire des Espaces Naturels. \" width=\"340\" height=\"255\" \/><\/a><p id=\"caption-attachment-156308\" class=\"wp-caption-text\">Les membres de \u00ab\u00a0Valabaru\u00a0\u00bb ont \u00e0 c\u0153ur de travailler avec l&rsquo;ensemble des acteurs, comme ici avec le Conservatoire des Espaces Naturels.<\/p><\/div>\n<h3 style=\"text-align: justify;\">Une volont\u00e9 de f\u00e9d\u00e9rer et de travailler avec l&rsquo;ensemble des acteurs.<\/h3>\n<p style=\"text-align: justify;\">Si \u00ab\u00a0Valabaru\u00a0\u00bb peut \u00eatre fi\u00e8re de ses animations et de ses projets, l&rsquo;association n&rsquo;en reste pas moins sur sa faim pour ce qui est du d\u00e9veloppement d&rsquo;actions partenariales avec l&rsquo;ensemble des acteurs. La concertation est parfois difficile et elle regrette par exemple la disparition du petit sentier raquettes de la for\u00eat domanial qui aurait certainement pu \u00eatre \u00e9vit\u00e9e par une discussion en amont avec la Ville et les propri\u00e9taire priv\u00e9e. Elle en appelle \u00e0 toutes les bonnes volont\u00e9s, particuliers, associations, qui veulent apporter leur pi\u00e8ce \u00e0 l&rsquo;\u00e9difice d&rsquo;une valorisation intelligente des Bas-Rupts, dans un souci de d\u00e9veloppement durable et de respect des usagers et habitants.<\/p>\n<p class=\"font_8\" style=\"text-align: justify;\">Association VALABARU, 20 Chemin des Hauts-Rupts 88400 G\u00e9rardmer<\/p>\n<p class=\"font_8\" style=\"text-align: justify;\">T\u00e9l : 07 78 84 11 06 &#8211; Email :\u00a0<a href=\"mailto:info@mysite.com\" target=\"_self\" rel=\"noopener\">valabaru88@gmail.com<\/a><\/p>\n","protected":false},"excerpt":{"rendered":"<p>C&rsquo;est dans la cadre bucolique du Joli Bois, au milieu du domaine nordique, que se sont retrouv\u00e9 les membres actifs [&hellip;]<\/p>\n","protected":false},"author":1,"featured_media":63294,"comment_status":"open","ping_status":"open","sticky":false,"template":"","format":"standard","meta":{"footnotes":""},"categories":[20,7,25,44,14,15,17],"tags":[825,5282,5283,4271],"class_list":["post-63293","post","type-post","status-publish","format-standard","has-post-thumbnail","hentry","category-a-la-une","category-environnement","category-gerardmer","category-loisirs","category-sport","category-tourisme","category-vie-associative","tag-bas-rupts","tag-domaine-nordique","tag-joli-bois","tag-valabaru"],"acf":[],"yoast_head":"<!-- This site is optimized with the Yoast SEO plugin v22.5 - https:\/\/yoast.com\/wordpress\/plugins\/seo\/ -->\n<title>&quot;Valabaru&quot; : bilan et perspectives apr\u00e8s quatre ann\u00e9es d&#039;actions marquantes. - Gerardmer Info<\/title>\n<meta name=\"robots\" content=\"index, follow, max-snippet:-1, max-image-preview:large, max-video-preview:-1\" \/>\n<link rel=\"canonical\" href=\"https:\/\/vosgesinfo.fr\/gerardmerinfo\/2022\/12\/valabaru-bilan-perspectives-apres-quatre-annees-dactions-marquantes\/\" \/>\n<meta name=\"twitter:card\" content=\"summary_large_image\" \/>\n<meta name=\"twitter:title\" content=\"&quot;Valabaru&quot; : bilan et perspectives apr\u00e8s quatre ann\u00e9es d&#039;actions marquantes. - Gerardmer Info\" \/>\n<meta name=\"twitter:description\" content=\"C&rsquo;est dans la cadre bucolique du Joli Bois, au milieu du domaine nordique, que se sont retrouv\u00e9 les membres actifs [&hellip;]\" \/>\n<meta name=\"twitter:image\" content=\"https:\/\/vosgesinfo.fr\/app\/uploads\/sites\/6\/2024\/07\/202212sentier.jpg\" \/>\n<meta name=\"twitter:creator\" content=\"@VosgesInfo88\" \/>\n<meta name=\"twitter:site\" content=\"@VosgesInfo88\" \/>\n<meta name=\"twitter:label1\" content=\"\u00c9crit par\" \/>\n\t<meta name=\"twitter:data1\" content=\"qs_admin\" \/>\n\t<meta name=\"twitter:label2\" content=\"Dur\u00e9e de lecture estim\u00e9e\" \/>\n\t<meta name=\"twitter:data2\" content=\"3 minutes\" \/>\n<script type=\"application\/ld+json\" class=\"yoast-schema-graph\">{\"@context\":\"https:\/\/schema.org\",\"@graph\":[{\"@type\":\"Article\",\"@id\":\"https:\/\/vosgesinfo.fr\/gerardmerinfo\/2022\/12\/valabaru-bilan-perspectives-apres-quatre-annees-dactions-marquantes\/#article\",\"isPartOf\":{\"@id\":\"https:\/\/vosgesinfo.fr\/gerardmerinfo\/2022\/12\/valabaru-bilan-perspectives-apres-quatre-annees-dactions-marquantes\/\"},\"author\":{\"name\":\"qs_admin\",\"@id\":\"https:\/\/vosgesinfo.fr\/gerardmerinfo\/#\/schema\/person\/bc5d02d71e6932e81b6dadb7386667b1\"},\"headline\":\"\u00ab\u00a0Valabaru\u00a0\u00bb : bilan et perspectives apr\u00e8s quatre ann\u00e9es d&rsquo;actions marquantes.\",\"datePublished\":\"2022-12-11T04:00:37+00:00\",\"dateModified\":\"2022-12-11T04:00:37+00:00\",\"mainEntityOfPage\":{\"@id\":\"https:\/\/vosgesinfo.fr\/gerardmerinfo\/2022\/12\/valabaru-bilan-perspectives-apres-quatre-annees-dactions-marquantes\/\"},\"wordCount\":719,\"commentCount\":0,\"publisher\":{\"@id\":\"https:\/\/vosgesinfo.fr\/gerardmerinfo\/#organization\"},\"image\":{\"@id\":\"https:\/\/vosgesinfo.fr\/gerardmerinfo\/2022\/12\/valabaru-bilan-perspectives-apres-quatre-annees-dactions-marquantes\/#primaryimage\"},\"thumbnailUrl\":\"https:\/\/vosgesinfo.fr\/app\/uploads\/sites\/6\/2024\/07\/202212sentier.jpg\",\"keywords\":[\"Bas Rupts\",\"domaine nordique\",\"joli bois\",\"VALABARU\"],\"articleSection\":[\"A la une\",\"Environnement\",\"G\u00e9rardmer\",\"Loisirs\",\"Sport\",\"Tourisme\",\"Vie Associative\"],\"inLanguage\":\"fr-FR\",\"potentialAction\":[{\"@type\":\"CommentAction\",\"name\":\"Comment\",\"target\":[\"https:\/\/vosgesinfo.fr\/gerardmerinfo\/2022\/12\/valabaru-bilan-perspectives-apres-quatre-annees-dactions-marquantes\/#respond\"]}]},{\"@type\":\"WebPage\",\"@id\":\"https:\/\/vosgesinfo.fr\/gerardmerinfo\/2022\/12\/valabaru-bilan-perspectives-apres-quatre-annees-dactions-marquantes\/\",\"url\":\"https:\/\/vosgesinfo.fr\/gerardmerinfo\/2022\/12\/valabaru-bilan-perspectives-apres-quatre-annees-dactions-marquantes\/\",\"name\":\"\\\"Valabaru\\\" : bilan et perspectives apr\u00e8s quatre ann\u00e9es d'actions marquantes. - Gerardmer Info\",\"isPartOf\":{\"@id\":\"https:\/\/vosgesinfo.fr\/gerardmerinfo\/#website\"},\"primaryImageOfPage\":{\"@id\":\"https:\/\/vosgesinfo.fr\/gerardmerinfo\/2022\/12\/valabaru-bilan-perspectives-apres-quatre-annees-dactions-marquantes\/#primaryimage\"},\"image\":{\"@id\":\"https:\/\/vosgesinfo.fr\/gerardmerinfo\/2022\/12\/valabaru-bilan-perspectives-apres-quatre-annees-dactions-marquantes\/#primaryimage\"},\"thumbnailUrl\":\"https:\/\/vosgesinfo.fr\/app\/uploads\/sites\/6\/2024\/07\/202212sentier.jpg\",\"datePublished\":\"2022-12-11T04:00:37+00:00\",\"dateModified\":\"2022-12-11T04:00:37+00:00\",\"breadcrumb\":{\"@id\":\"https:\/\/vosgesinfo.fr\/gerardmerinfo\/2022\/12\/valabaru-bilan-perspectives-apres-quatre-annees-dactions-marquantes\/#breadcrumb\"},\"inLanguage\":\"fr-FR\",\"potentialAction\":[{\"@type\":\"ReadAction\",\"target\":[\"https:\/\/vosgesinfo.fr\/gerardmerinfo\/2022\/12\/valabaru-bilan-perspectives-apres-quatre-annees-dactions-marquantes\/\"]}]},{\"@type\":\"ImageObject\",\"inLanguage\":\"fr-FR\",\"@id\":\"https:\/\/vosgesinfo.fr\/gerardmerinfo\/2022\/12\/valabaru-bilan-perspectives-apres-quatre-annees-dactions-marquantes\/#primaryimage\",\"url\":\"https:\/\/vosgesinfo.fr\/app\/uploads\/sites\/6\/2024\/07\/202212sentier.jpg\",\"contentUrl\":\"https:\/\/vosgesinfo.fr\/app\/uploads\/sites\/6\/2024\/07\/202212sentier.jpg\",\"width\":647,\"height\":361},{\"@type\":\"BreadcrumbList\",\"@id\":\"https:\/\/vosgesinfo.fr\/gerardmerinfo\/2022\/12\/valabaru-bilan-perspectives-apres-quatre-annees-dactions-marquantes\/#breadcrumb\",\"itemListElement\":[{\"@type\":\"ListItem\",\"position\":1,\"name\":\"Home\",\"item\":\"https:\/\/vosgesinfo.fr\/gerardmerinfo\/\"},{\"@type\":\"ListItem\",\"position\":2,\"name\":\"\u00ab\u00a0Valabaru\u00a0\u00bb : bilan et perspectives apr\u00e8s quatre ann\u00e9es d&rsquo;actions marquantes.\"}]},{\"@type\":\"WebSite\",\"@id\":\"https:\/\/vosgesinfo.fr\/gerardmerinfo\/#website\",\"url\":\"https:\/\/vosgesinfo.fr\/gerardmerinfo\/\",\"name\":\"Gerardmer Info\",\"description\":\"Toute l&#039;actualit\u00e9 de G\u00e9rardmer\",\"publisher\":{\"@id\":\"https:\/\/vosgesinfo.fr\/gerardmerinfo\/#organization\"},\"alternateName\":\"Toute l'actualit\u00e9 de G\u00e9rardmer\",\"potentialAction\":[{\"@type\":\"SearchAction\",\"target\":{\"@type\":\"EntryPoint\",\"urlTemplate\":\"https:\/\/vosgesinfo.fr\/gerardmerinfo\/?s={search_term_string}\"},\"query-input\":\"required name=search_term_string\"}],\"inLanguage\":\"fr-FR\"},{\"@type\":\"Organization\",\"@id\":\"https:\/\/vosgesinfo.fr\/gerardmerinfo\/#organization\",\"name\":\"Gerardmer Info\",\"url\":\"https:\/\/vosgesinfo.fr\/gerardmerinfo\/\",\"logo\":{\"@type\":\"ImageObject\",\"inLanguage\":\"fr-FR\",\"@id\":\"https:\/\/vosgesinfo.fr\/gerardmerinfo\/#\/schema\/logo\/image\/\",\"url\":\"https:\/\/vosgesinfo.fr\/app\/uploads\/sites\/6\/2023\/08\/favicon-gerardmerinfo.png\",\"contentUrl\":\"https:\/\/vosgesinfo.fr\/app\/uploads\/sites\/6\/2023\/08\/favicon-gerardmerinfo.png\",\"width\":512,\"height\":512,\"caption\":\"Gerardmer Info\"},\"image\":{\"@id\":\"https:\/\/vosgesinfo.fr\/gerardmerinfo\/#\/schema\/logo\/image\/\"},\"sameAs\":[\"https:\/\/www.facebook.com\/profile.php?id=100049475262660\",\"https:\/\/x.com\/VosgesInfo88\",\"https:\/\/www.youtube.com\/@vosgesinfo\"]},{\"@type\":\"Person\",\"@id\":\"https:\/\/vosgesinfo.fr\/gerardmerinfo\/#\/schema\/person\/bc5d02d71e6932e81b6dadb7386667b1\",\"name\":\"qs_admin\",\"image\":{\"@type\":\"ImageObject\",\"inLanguage\":\"fr-FR\",\"@id\":\"https:\/\/vosgesinfo.fr\/gerardmerinfo\/#\/schema\/person\/image\/\",\"url\":\"https:\/\/secure.gravatar.com\/avatar\/94b18ee0ed79e4a42ea2f2931277b6841a8999fc6fde214600c78057cf1fe1de?s=96&d=mm&r=g\",\"contentUrl\":\"https:\/\/secure.gravatar.com\/avatar\/94b18ee0ed79e4a42ea2f2931277b6841a8999fc6fde214600c78057cf1fe1de?s=96&d=mm&r=g\",\"caption\":\"qs_admin\"},\"sameAs\":[\"https:\/\/vosgesinfo.fr\/wp\"],\"url\":\"https:\/\/vosgesinfo.fr\/gerardmerinfo\/author\/qs_admin\/\"}]}<\/script>\n<!-- \/ Yoast SEO plugin. -->","yoast_head_json":{"title":"\"Valabaru\" : bilan et perspectives apr\u00e8s quatre ann\u00e9es d'actions marquantes. - Gerardmer Info","robots":{"index":"index","follow":"follow","max-snippet":"max-snippet:-1","max-image-preview":"max-image-preview:large","max-video-preview":"max-video-preview:-1"},"canonical":"https:\/\/vosgesinfo.fr\/gerardmerinfo\/2022\/12\/valabaru-bilan-perspectives-apres-quatre-annees-dactions-marquantes\/","twitter_card":"summary_large_image","twitter_title":"\"Valabaru\" : bilan et perspectives apr\u00e8s quatre ann\u00e9es d'actions marquantes. - Gerardmer Info","twitter_description":"C&rsquo;est dans la cadre bucolique du Joli Bois, au milieu du domaine nordique, que se sont retrouv\u00e9 les membres actifs [&hellip;]","twitter_image":"https:\/\/vosgesinfo.fr\/app\/uploads\/sites\/6\/2024\/07\/202212sentier.jpg","twitter_creator":"@VosgesInfo88","twitter_site":"@VosgesInfo88","twitter_misc":{"\u00c9crit par":"qs_admin","Dur\u00e9e de lecture estim\u00e9e":"3 minutes"},"schema":{"@context":"https:\/\/schema.org","@graph":[{"@type":"Article","@id":"https:\/\/vosgesinfo.fr\/gerardmerinfo\/2022\/12\/valabaru-bilan-perspectives-apres-quatre-annees-dactions-marquantes\/#article","isPartOf":{"@id":"https:\/\/vosgesinfo.fr\/gerardmerinfo\/2022\/12\/valabaru-bilan-perspectives-apres-quatre-annees-dactions-marquantes\/"},"author":{"name":"qs_admin","@id":"https:\/\/vosgesinfo.fr\/gerardmerinfo\/#\/schema\/person\/bc5d02d71e6932e81b6dadb7386667b1"},"headline":"\u00ab\u00a0Valabaru\u00a0\u00bb : bilan et perspectives apr\u00e8s quatre ann\u00e9es d&rsquo;actions marquantes.","datePublished":"2022-12-11T04:00:37+00:00","dateModified":"2022-12-11T04:00:37+00:00","mainEntityOfPage":{"@id":"https:\/\/vosgesinfo.fr\/gerardmerinfo\/2022\/12\/valabaru-bilan-perspectives-apres-quatre-annees-dactions-marquantes\/"},"wordCount":719,"commentCount":0,"publisher":{"@id":"https:\/\/vosgesinfo.fr\/gerardmerinfo\/#organization"},"image":{"@id":"https:\/\/vosgesinfo.fr\/gerardmerinfo\/2022\/12\/valabaru-bilan-perspectives-apres-quatre-annees-dactions-marquantes\/#primaryimage"},"thumbnailUrl":"https:\/\/vosgesinfo.fr\/app\/uploads\/sites\/6\/2024\/07\/202212sentier.jpg","keywords":["Bas Rupts","domaine nordique","joli bois","VALABARU"],"articleSection":["A la une","Environnement","G\u00e9rardmer","Loisirs","Sport","Tourisme","Vie Associative"],"inLanguage":"fr-FR","potentialAction":[{"@type":"CommentAction","name":"Comment","target":["https:\/\/vosgesinfo.fr\/gerardmerinfo\/2022\/12\/valabaru-bilan-perspectives-apres-quatre-annees-dactions-marquantes\/#respond"]}]},{"@type":"WebPage","@id":"https:\/\/vosgesinfo.fr\/gerardmerinfo\/2022\/12\/valabaru-bilan-perspectives-apres-quatre-annees-dactions-marquantes\/","url":"https:\/\/vosgesinfo.fr\/gerardmerinfo\/2022\/12\/valabaru-bilan-perspectives-apres-quatre-annees-dactions-marquantes\/","name":"\"Valabaru\" : bilan et perspectives apr\u00e8s quatre ann\u00e9es d'actions marquantes. - Gerardmer Info","isPartOf":{"@id":"https:\/\/vosgesinfo.fr\/gerardmerinfo\/#website"},"primaryImageOfPage":{"@id":"https:\/\/vosgesinfo.fr\/gerardmerinfo\/2022\/12\/valabaru-bilan-perspectives-apres-quatre-annees-dactions-marquantes\/#primaryimage"},"image":{"@id":"https:\/\/vosgesinfo.fr\/gerardmerinfo\/2022\/12\/valabaru-bilan-perspectives-apres-quatre-annees-dactions-marquantes\/#primaryimage"},"thumbnailUrl":"https:\/\/vosgesinfo.fr\/app\/uploads\/sites\/6\/2024\/07\/202212sentier.jpg","datePublished":"2022-12-11T04:00:37+00:00","dateModified":"2022-12-11T04:00:37+00:00","breadcrumb":{"@id":"https:\/\/vosgesinfo.fr\/gerardmerinfo\/2022\/12\/valabaru-bilan-perspectives-apres-quatre-annees-dactions-marquantes\/#breadcrumb"},"inLanguage":"fr-FR","potentialAction":[{"@type":"ReadAction","target":["https:\/\/vosgesinfo.fr\/gerardmerinfo\/2022\/12\/valabaru-bilan-perspectives-apres-quatre-annees-dactions-marquantes\/"]}]},{"@type":"ImageObject","inLanguage":"fr-FR","@id":"https:\/\/vosgesinfo.fr\/gerardmerinfo\/2022\/12\/valabaru-bilan-perspectives-apres-quatre-annees-dactions-marquantes\/#primaryimage","url":"https:\/\/vosgesinfo.fr\/app\/uploads\/sites\/6\/2024\/07\/202212sentier.jpg","contentUrl":"https:\/\/vosgesinfo.fr\/app\/uploads\/sites\/6\/2024\/07\/202212sentier.jpg","width":647,"height":361},{"@type":"BreadcrumbList","@id":"https:\/\/vosgesinfo.fr\/gerardmerinfo\/2022\/12\/valabaru-bilan-perspectives-apres-quatre-annees-dactions-marquantes\/#breadcrumb","itemListElement":[{"@type":"ListItem","position":1,"name":"Home","item":"https:\/\/vosgesinfo.fr\/gerardmerinfo\/"},{"@type":"ListItem","position":2,"name":"\u00ab\u00a0Valabaru\u00a0\u00bb : bilan et perspectives apr\u00e8s quatre ann\u00e9es d&rsquo;actions marquantes."}]},{"@type":"WebSite","@id":"https:\/\/vosgesinfo.fr\/gerardmerinfo\/#website","url":"https:\/\/vosgesinfo.fr\/gerardmerinfo\/","name":"Gerardmer Info","description":"Toute l&#039;actualit\u00e9 de G\u00e9rardmer","publisher":{"@id":"https:\/\/vosgesinfo.fr\/gerardmerinfo\/#organization"},"alternateName":"Toute l'actualit\u00e9 de G\u00e9rardmer","potentialAction":[{"@type":"SearchAction","target":{"@type":"EntryPoint","urlTemplate":"https:\/\/vosgesinfo.fr\/gerardmerinfo\/?s={search_term_string}"},"query-input":"required name=search_term_string"}],"inLanguage":"fr-FR"},{"@type":"Organization","@id":"https:\/\/vosgesinfo.fr\/gerardmerinfo\/#organization","name":"Gerardmer Info","url":"https:\/\/vosgesinfo.fr\/gerardmerinfo\/","logo":{"@type":"ImageObject","inLanguage":"fr-FR","@id":"https:\/\/vosgesinfo.fr\/gerardmerinfo\/#\/schema\/logo\/image\/","url":"https:\/\/vosgesinfo.fr\/app\/uploads\/sites\/6\/2023\/08\/favicon-gerardmerinfo.png","contentUrl":"https:\/\/vosgesinfo.fr\/app\/uploads\/sites\/6\/2023\/08\/favicon-gerardmerinfo.png","width":512,"height":512,"caption":"Gerardmer Info"},"image":{"@id":"https:\/\/vosgesinfo.fr\/gerardmerinfo\/#\/schema\/logo\/image\/"},"sameAs":["https:\/\/www.facebook.com\/profile.php?id=100049475262660","https:\/\/x.com\/VosgesInfo88","https:\/\/www.youtube.com\/@vosgesinfo"]},{"@type":"Person","@id":"https:\/\/vosgesinfo.fr\/gerardmerinfo\/#\/schema\/person\/bc5d02d71e6932e81b6dadb7386667b1","name":"qs_admin","image":{"@type":"ImageObject","inLanguage":"fr-FR","@id":"https:\/\/vosgesinfo.fr\/gerardmerinfo\/#\/schema\/person\/image\/","url":"https:\/\/secure.gravatar.com\/avatar\/94b18ee0ed79e4a42ea2f2931277b6841a8999fc6fde214600c78057cf1fe1de?s=96&d=mm&r=g","contentUrl":"https:\/\/secure.gravatar.com\/avatar\/94b18ee0ed79e4a42ea2f2931277b6841a8999fc6fde214600c78057cf1fe1de?s=96&d=mm&r=g","caption":"qs_admin"},"sameAs":["https:\/\/vosgesinfo.fr\/wp"],"url":"https:\/\/vosgesinfo.fr\/gerardmerinfo\/author\/qs_admin\/"}]}},"_links":{"self":[{"href":"https:\/\/vosgesinfo.fr\/gerardmerinfo\/wp-json\/wp\/v2\/posts\/63293","targetHints":{"allow":["GET"]}}],"collection":[{"href":"https:\/\/vosgesinfo.fr\/gerardmerinfo\/wp-json\/wp\/v2\/posts"}],"about":[{"href":"https:\/\/vosgesinfo.fr\/gerardmerinfo\/wp-json\/wp\/v2\/types\/post"}],"author":[{"embeddable":true,"href":"https:\/\/vosgesinfo.fr\/gerardmerinfo\/wp-json\/wp\/v2\/users\/1"}],"replies":[{"embeddable":true,"href":"https:\/\/vosgesinfo.fr\/gerardmerinfo\/wp-json\/wp\/v2\/comments?post=63293"}],"version-history":[{"count":0,"href":"https:\/\/vosgesinfo.fr\/gerardmerinfo\/wp-json\/wp\/v2\/posts\/63293\/revisions"}],"wp:featuredmedia":[{"embeddable":true,"href":"https:\/\/vosgesinfo.fr\/gerardmerinfo\/wp-json\/wp\/v2\/media\/63294"}],"wp:attachment":[{"href":"https:\/\/vosgesinfo.fr\/gerardmerinfo\/wp-json\/wp\/v2\/media?parent=63293"}],"wp:term":[{"taxonomy":"category","embeddable":true,"href":"https:\/\/vosgesinfo.fr\/gerardmerinfo\/wp-json\/wp\/v2\/categories?post=63293"},{"taxonomy":"post_tag","embeddable":true,"href":"https:\/\/vosgesinfo.fr\/gerardmerinfo\/wp-json\/wp\/v2\/tags?post=63293"}],"curies":[{"name":"wp","href":"https:\/\/api.w.org\/{rel}","templated":true}]}}