{"id":63332,"date":"2022-12-12T06:14:59","date_gmt":"2022-12-12T05:14:59","guid":{"rendered":"https:\/\/vosgesinfo.fr\/gerardmerinfo\/2022\/12\/annee-voiture-projet-4-saisons-de-nicolas-picart\/"},"modified":"2022-12-12T06:14:59","modified_gmt":"2022-12-12T05:14:59","slug":"annee-voiture-projet-4-saisons-de-nicolas-picart","status":"publish","type":"post","link":"https:\/\/vosgesinfo.fr\/gerardmerinfo\/2022\/12\/annee-voiture-projet-4-saisons-de-nicolas-picart\/","title":{"rendered":"Une ann\u00e9e sans voiture : le projet 4 saisons de Nicolas Picart"},"content":{"rendered":"\n<h3>Depuis la fin du mois de septembre, Nicolas Picart s&rsquo;est lanc\u00e9 le d\u00e9fi de passer une ann\u00e9e sans conduire de voiture et en se d\u00e9pla\u00e7ant en grande majorit\u00e9 \u00e0 v\u00e9lo. Un projet personnel qui lui tenait \u00e0 c\u0153ur depuis plusieurs mois et qu&rsquo;il a construit avec l&rsquo;aide de plusieurs partenaires.<\/h3>\n<p><a href=\"\/2022\/12\/1-an-sans-voiture-Nicolas-Picart-7.jpg\"><img decoding=\"async\" class=\"aligncenter wp-image-198461 size-large\" src=\"\/2022\/12\/1-an-sans-voiture-Nicolas-Picart-7-576x1024.jpg\" alt=\"1 an sans voiture Nicolas Picart (7)\" width=\"576\" height=\"1024\" \/><\/a>\u00ab\u00a0On entend de plus en plus souvent des campagnes nous incitant \u00e0 laisser notre voiture pendant une semaine, \u00e0 faire plus en v\u00e9lo, y compris \u00ab\u00a0<em>Je Vois La Vie en Vosges\u00a0\u00bb qui pr\u00e9sente le d\u00e9partement comme une terre d\u2019accueil de v\u00e9lo, alors j&rsquo;ai voulu pousser le truc jusqu&rsquo;au bout comme on dit. J&rsquo;\u00e9tais sur ce projet depuis le printemps et j&rsquo;ai d\u00e9marr\u00e9 fin septembre pour finir en novembre 2023. L&rsquo;id\u00e9e c&rsquo;est de faire les 4 saisons et de voir quels sont un peu les avantages et inconv\u00e9nients de circuler en v\u00e9lo, voire si c&rsquo;est vraiment r\u00e9alisable en tout temps et partout. Je ne veux rien m&rsquo;interdire : je vais continuer le ski l&rsquo;hiver, je vais bien entendu continuer le v\u00e9lo en loisir, je viens en v\u00e9lo au travail, le lundi je vais \u00e0 la d\u00e9chetterie en v\u00e9lo pour y d\u00e9poser mes pneus usag\u00e9s, je vais assurer la livraison et le d\u00e9pannage des clients en v\u00e9lo etc<\/em>.\u00a0\u00bb explique Nicolas Picart<\/p>\n<p><strong>\u00c9quip\u00e9 de la t\u00eate aux roues<\/strong><\/p>\n<p><a href=\"\/2022\/12\/1-an-sans-voiture-Nicolas-Picart-9.jpg\"><img decoding=\"async\" class=\"aligncenter wp-image-198467 size-large\" src=\"\/2022\/12\/1-an-sans-voiture-Nicolas-Picart-9-1024x1024.jpg\" alt=\"1 an sans voiture Nicolas Picart (9)\" width=\"960\" height=\"960\" \/><\/a>Ce dernier s&rsquo;est donc \u00e9quip\u00e9 en cons\u00e9quence, notamment gr\u00e2ce \u00e0 la participation de plusieurs partenaires \u00e0 ce projet qui ont fourni des r\u00e9ponses \u00e0 certaines probl\u00e9matiques \u00e0 travers de l&rsquo;\u00e9quipement et du mat\u00e9riel adapt\u00e9s, parfois encore en phase de test. \u00ab\u00a0<em>Le projet s&rsquo;articule autour de trois th\u00e9matiques dont la premi\u00e8re est le v\u00e9lo utilitaire et l&rsquo;\u00e9quipement n\u00e9cessaire : les tenues \u00e0 adopter selon les conditions climatiques ; l&rsquo;\u00e9quipement n\u00e9cessaire pour transporter aussi bien les courses, que les autres v\u00e9los ou les skis ; \u00eatre visible de jour comme de nuit ou encore prot\u00e9ger son v\u00e9lo contre le vol<\/em>\u00ab\u00a0. Sacoches, paniers \u00e0 l&rsquo;avant du v\u00e9lo, remorque, phares, porte-bagage, cadenas, mais aussi casque, lunette, poncho sp\u00e9cial avec visibilit\u00e9 sur les c\u00f4t\u00e9s de la capuche, Nicolas ne n\u00e9glige rien et teste tout, liant l&rsquo;utile \u00e0 l&rsquo;agr\u00e9able dans sa d\u00e9marche.<\/p>\n<p><strong>Et ailleurs ?<\/strong><\/p>\n<p><a href=\"\/2022\/12\/1-an-sans-voiture-Nicolas-Picart-4.jpg\"><img decoding=\"async\" class=\"aligncenter wp-image-198458 size-large\" src=\"\/2022\/12\/1-an-sans-voiture-Nicolas-Picart-4-576x1024.jpg\" alt=\"1 an sans voiture Nicolas Picart (4)\" width=\"576\" height=\"1024\" \/><\/a>\u00ab\u00a0<em>La seconde th\u00e9matique tourne autour du v\u00e9lo et des infrastructures, notamment dans les villes et villages. L&rsquo;id\u00e9e est de mettre en avant les infrastructures n\u00e9cessaires \u00e0 une utilisation quotidienne du v\u00e9lo, que ce soit pour rouler en s\u00e9curit\u00e9, pour mettre son v\u00e9lo \u00e0 l&rsquo;abri, le stationner ou utiliser les transports en commun lors des longs d\u00e9placements<\/em>\u00a0\u00bb poursuit Nicolas Picart qui tient, sur ce point, \u00e0 bien pr\u00e9ciser que sa d\u00e9marche n&rsquo;est nullement critique ni politique : elle consiste bien \u00e0 rassembler un maximum d&rsquo;informations sur le sujet, voir ce qui se fait ailleurs et les diff\u00e9rentes probl\u00e9matiques qui se pr\u00e9sentent \u00e0 l&rsquo;occasion de ses d\u00e9placements dans le massif et en dehors des fronti\u00e8res vosgiennes.<\/p>\n<p><strong>Des tests au CREPS Nancy<\/strong><\/p>\n<p><a href=\"\/2022\/12\/1-an-sans-voiture-Nicolas-Picart-8.jpg\"><img decoding=\"async\" class=\"aligncenter wp-image-198465 size-full\" src=\"\/2022\/12\/1-an-sans-voiture-Nicolas-Picart-8.jpg\" alt=\"1 an sans voiture Nicolas Picart (8)\" width=\"960\" height=\"960\" \/><\/a>Enfin, la derni\u00e8re th\u00e9matique portera sur la sant\u00e9 en observant l&rsquo;impact d&rsquo;une telle d\u00e9marche. Gr\u00e2ce \u00e0 des amis travaillant au CREPS de Nancy, Nicolas Picart a r\u00e9alis\u00e9 diff\u00e9rents tests sanguins et d&rsquo;effort et fera le comparatif avec des tests effectu\u00e9s en fin d&rsquo;ann\u00e9e, avec sans doute quelques points \u00e9tapes. Un mois sans alcool en janvier est pr\u00e9vu par exemple, avec tests sanguins avant et apr\u00e8s&#8230; Et bien entendu, une restitution de l&rsquo;aventure sera programm\u00e9e, sans doute au Grattoir, avec entre autre un petit bilan financier en ce qui concerne l&rsquo;\u00e9quipement afin que les personnes int\u00e9ress\u00e9es pour utiliser encore un peu plus le v\u00e9lo, \u00a0puissent se rendre compte du co\u00fbt et des \u00e9conomies, mais aussi se fassent une id\u00e9e d&rsquo;un \u00e9quipement adapt\u00e9 \u00e0 leur besoin\/pratique. Apr\u00e8s <em>7 ans au Tibet, Twelve Years a Slave, 127 heures <\/em>ou<em> Les Ann\u00e9es Sauvages<\/em>, 1 an sans voiture vient de prendre le d\u00e9part. Rendez-vous en novembre 2023 pour les premi\u00e8res impressions&#8230;.<\/p>\n<p>&nbsp;<\/p>\n","protected":false},"excerpt":{"rendered":"<p>Depuis la fin du mois de septembre, Nicolas Picart s&rsquo;est lanc\u00e9 le d\u00e9fi de passer une ann\u00e9e sans conduire de [&hellip;]<\/p>\n","protected":false},"author":42,"featured_media":63333,"comment_status":"open","ping_status":"open","sticky":false,"template":"","format":"standard","meta":{"footnotes":""},"categories":[20,7,25,18],"tags":[5287],"class_list":["post-63332","post","type-post","status-publish","format-standard","has-post-thumbnail","hentry","category-a-la-une","category-environnement","category-gerardmer","category-vosges","tag-nicolas-picart"],"acf":[],"yoast_head":"<!-- This site is optimized with the Yoast SEO plugin v22.5 - https:\/\/yoast.com\/wordpress\/plugins\/seo\/ -->\n<title>Une ann\u00e9e sans voiture : le projet 4 saisons de Nicolas Picart - Gerardmer Info<\/title>\n<meta name=\"robots\" content=\"index, follow, max-snippet:-1, max-image-preview:large, max-video-preview:-1\" \/>\n<link rel=\"canonical\" href=\"https:\/\/vosgesinfo.fr\/gerardmerinfo\/2022\/12\/annee-voiture-projet-4-saisons-de-nicolas-picart\/\" \/>\n<meta name=\"twitter:card\" content=\"summary_large_image\" \/>\n<meta name=\"twitter:title\" content=\"Une ann\u00e9e sans voiture : le projet 4 saisons de Nicolas Picart - Gerardmer Info\" \/>\n<meta name=\"twitter:description\" content=\"Depuis la fin du mois de septembre, Nicolas Picart s&rsquo;est lanc\u00e9 le d\u00e9fi de passer une ann\u00e9e sans conduire de [&hellip;]\" \/>\n<meta name=\"twitter:image\" content=\"https:\/\/vosgesinfo.fr\/app\/uploads\/sites\/6\/2024\/07\/2022121-an-sans-voiture-nicolas-picart-11.jpg\" \/>\n<meta name=\"twitter:creator\" content=\"@VosgesInfo88\" \/>\n<meta name=\"twitter:site\" content=\"@VosgesInfo88\" \/>\n<meta name=\"twitter:label1\" content=\"\u00c9crit par\" \/>\n\t<meta name=\"twitter:data1\" content=\"QG\" \/>\n\t<meta name=\"twitter:label2\" content=\"Dur\u00e9e de lecture estim\u00e9e\" \/>\n\t<meta name=\"twitter:data2\" content=\"3 minutes\" \/>\n<script type=\"application\/ld+json\" class=\"yoast-schema-graph\">{\"@context\":\"https:\/\/schema.org\",\"@graph\":[{\"@type\":\"Article\",\"@id\":\"https:\/\/vosgesinfo.fr\/gerardmerinfo\/2022\/12\/annee-voiture-projet-4-saisons-de-nicolas-picart\/#article\",\"isPartOf\":{\"@id\":\"https:\/\/vosgesinfo.fr\/gerardmerinfo\/2022\/12\/annee-voiture-projet-4-saisons-de-nicolas-picart\/\"},\"author\":{\"name\":\"QG\",\"@id\":\"https:\/\/vosgesinfo.fr\/gerardmerinfo\/#\/schema\/person\/db5605779a843dad16b5368f3e7613a5\"},\"headline\":\"Une ann\u00e9e sans voiture : le projet 4 saisons de Nicolas Picart\",\"datePublished\":\"2022-12-12T05:14:59+00:00\",\"dateModified\":\"2022-12-12T05:14:59+00:00\",\"mainEntityOfPage\":{\"@id\":\"https:\/\/vosgesinfo.fr\/gerardmerinfo\/2022\/12\/annee-voiture-projet-4-saisons-de-nicolas-picart\/\"},\"wordCount\":732,\"commentCount\":0,\"publisher\":{\"@id\":\"https:\/\/vosgesinfo.fr\/gerardmerinfo\/#organization\"},\"image\":{\"@id\":\"https:\/\/vosgesinfo.fr\/gerardmerinfo\/2022\/12\/annee-voiture-projet-4-saisons-de-nicolas-picart\/#primaryimage\"},\"thumbnailUrl\":\"https:\/\/vosgesinfo.fr\/app\/uploads\/sites\/6\/2024\/07\/2022121-an-sans-voiture-nicolas-picart-11.jpg\",\"keywords\":[\"Nicolas Picart\"],\"articleSection\":[\"A la une\",\"Environnement\",\"G\u00e9rardmer\",\"Vosges\"],\"inLanguage\":\"fr-FR\",\"potentialAction\":[{\"@type\":\"CommentAction\",\"name\":\"Comment\",\"target\":[\"https:\/\/vosgesinfo.fr\/gerardmerinfo\/2022\/12\/annee-voiture-projet-4-saisons-de-nicolas-picart\/#respond\"]}]},{\"@type\":\"WebPage\",\"@id\":\"https:\/\/vosgesinfo.fr\/gerardmerinfo\/2022\/12\/annee-voiture-projet-4-saisons-de-nicolas-picart\/\",\"url\":\"https:\/\/vosgesinfo.fr\/gerardmerinfo\/2022\/12\/annee-voiture-projet-4-saisons-de-nicolas-picart\/\",\"name\":\"Une ann\u00e9e sans voiture : le projet 4 saisons de Nicolas Picart - Gerardmer Info\",\"isPartOf\":{\"@id\":\"https:\/\/vosgesinfo.fr\/gerardmerinfo\/#website\"},\"primaryImageOfPage\":{\"@id\":\"https:\/\/vosgesinfo.fr\/gerardmerinfo\/2022\/12\/annee-voiture-projet-4-saisons-de-nicolas-picart\/#primaryimage\"},\"image\":{\"@id\":\"https:\/\/vosgesinfo.fr\/gerardmerinfo\/2022\/12\/annee-voiture-projet-4-saisons-de-nicolas-picart\/#primaryimage\"},\"thumbnailUrl\":\"https:\/\/vosgesinfo.fr\/app\/uploads\/sites\/6\/2024\/07\/2022121-an-sans-voiture-nicolas-picart-11.jpg\",\"datePublished\":\"2022-12-12T05:14:59+00:00\",\"dateModified\":\"2022-12-12T05:14:59+00:00\",\"breadcrumb\":{\"@id\":\"https:\/\/vosgesinfo.fr\/gerardmerinfo\/2022\/12\/annee-voiture-projet-4-saisons-de-nicolas-picart\/#breadcrumb\"},\"inLanguage\":\"fr-FR\",\"potentialAction\":[{\"@type\":\"ReadAction\",\"target\":[\"https:\/\/vosgesinfo.fr\/gerardmerinfo\/2022\/12\/annee-voiture-projet-4-saisons-de-nicolas-picart\/\"]}]},{\"@type\":\"ImageObject\",\"inLanguage\":\"fr-FR\",\"@id\":\"https:\/\/vosgesinfo.fr\/gerardmerinfo\/2022\/12\/annee-voiture-projet-4-saisons-de-nicolas-picart\/#primaryimage\",\"url\":\"https:\/\/vosgesinfo.fr\/app\/uploads\/sites\/6\/2024\/07\/2022121-an-sans-voiture-nicolas-picart-11.jpg\",\"contentUrl\":\"https:\/\/vosgesinfo.fr\/app\/uploads\/sites\/6\/2024\/07\/2022121-an-sans-voiture-nicolas-picart-11.jpg\",\"width\":1080,\"height\":1080},{\"@type\":\"BreadcrumbList\",\"@id\":\"https:\/\/vosgesinfo.fr\/gerardmerinfo\/2022\/12\/annee-voiture-projet-4-saisons-de-nicolas-picart\/#breadcrumb\",\"itemListElement\":[{\"@type\":\"ListItem\",\"position\":1,\"name\":\"Home\",\"item\":\"https:\/\/vosgesinfo.fr\/gerardmerinfo\/\"},{\"@type\":\"ListItem\",\"position\":2,\"name\":\"Une ann\u00e9e sans voiture : le projet 4 saisons de Nicolas Picart\"}]},{\"@type\":\"WebSite\",\"@id\":\"https:\/\/vosgesinfo.fr\/gerardmerinfo\/#website\",\"url\":\"https:\/\/vosgesinfo.fr\/gerardmerinfo\/\",\"name\":\"Gerardmer Info\",\"description\":\"Toute l&#039;actualit\u00e9 de G\u00e9rardmer\",\"publisher\":{\"@id\":\"https:\/\/vosgesinfo.fr\/gerardmerinfo\/#organization\"},\"alternateName\":\"Toute l'actualit\u00e9 de G\u00e9rardmer\",\"potentialAction\":[{\"@type\":\"SearchAction\",\"target\":{\"@type\":\"EntryPoint\",\"urlTemplate\":\"https:\/\/vosgesinfo.fr\/gerardmerinfo\/?s={search_term_string}\"},\"query-input\":\"required name=search_term_string\"}],\"inLanguage\":\"fr-FR\"},{\"@type\":\"Organization\",\"@id\":\"https:\/\/vosgesinfo.fr\/gerardmerinfo\/#organization\",\"name\":\"Gerardmer Info\",\"url\":\"https:\/\/vosgesinfo.fr\/gerardmerinfo\/\",\"logo\":{\"@type\":\"ImageObject\",\"inLanguage\":\"fr-FR\",\"@id\":\"https:\/\/vosgesinfo.fr\/gerardmerinfo\/#\/schema\/logo\/image\/\",\"url\":\"https:\/\/vosgesinfo.fr\/app\/uploads\/sites\/6\/2023\/08\/favicon-gerardmerinfo.png\",\"contentUrl\":\"https:\/\/vosgesinfo.fr\/app\/uploads\/sites\/6\/2023\/08\/favicon-gerardmerinfo.png\",\"width\":512,\"height\":512,\"caption\":\"Gerardmer Info\"},\"image\":{\"@id\":\"https:\/\/vosgesinfo.fr\/gerardmerinfo\/#\/schema\/logo\/image\/\"},\"sameAs\":[\"https:\/\/www.facebook.com\/profile.php?id=100049475262660\",\"https:\/\/x.com\/VosgesInfo88\",\"https:\/\/www.youtube.com\/@vosgesinfo\"]},{\"@type\":\"Person\",\"@id\":\"https:\/\/vosgesinfo.fr\/gerardmerinfo\/#\/schema\/person\/db5605779a843dad16b5368f3e7613a5\",\"name\":\"QG\",\"image\":{\"@type\":\"ImageObject\",\"inLanguage\":\"fr-FR\",\"@id\":\"https:\/\/vosgesinfo.fr\/gerardmerinfo\/#\/schema\/person\/image\/\",\"url\":\"https:\/\/secure.gravatar.com\/avatar\/ea80c42c204b534408512832fde52504ecabb9706bcb6151cf6175e5b64e6793?s=96&d=mm&r=g\",\"contentUrl\":\"https:\/\/secure.gravatar.com\/avatar\/ea80c42c204b534408512832fde52504ecabb9706bcb6151cf6175e5b64e6793?s=96&d=mm&r=g\",\"caption\":\"QG\"},\"url\":\"https:\/\/vosgesinfo.fr\/gerardmerinfo\/author\/quentin88\/\"}]}<\/script>\n<!-- \/ Yoast SEO plugin. -->","yoast_head_json":{"title":"Une ann\u00e9e sans voiture : le projet 4 saisons de Nicolas Picart - Gerardmer Info","robots":{"index":"index","follow":"follow","max-snippet":"max-snippet:-1","max-image-preview":"max-image-preview:large","max-video-preview":"max-video-preview:-1"},"canonical":"https:\/\/vosgesinfo.fr\/gerardmerinfo\/2022\/12\/annee-voiture-projet-4-saisons-de-nicolas-picart\/","twitter_card":"summary_large_image","twitter_title":"Une ann\u00e9e sans voiture : le projet 4 saisons de Nicolas Picart - Gerardmer Info","twitter_description":"Depuis la fin du mois de septembre, Nicolas Picart s&rsquo;est lanc\u00e9 le d\u00e9fi de passer une ann\u00e9e sans conduire de [&hellip;]","twitter_image":"https:\/\/vosgesinfo.fr\/app\/uploads\/sites\/6\/2024\/07\/2022121-an-sans-voiture-nicolas-picart-11.jpg","twitter_creator":"@VosgesInfo88","twitter_site":"@VosgesInfo88","twitter_misc":{"\u00c9crit par":"QG","Dur\u00e9e de lecture estim\u00e9e":"3 minutes"},"schema":{"@context":"https:\/\/schema.org","@graph":[{"@type":"Article","@id":"https:\/\/vosgesinfo.fr\/gerardmerinfo\/2022\/12\/annee-voiture-projet-4-saisons-de-nicolas-picart\/#article","isPartOf":{"@id":"https:\/\/vosgesinfo.fr\/gerardmerinfo\/2022\/12\/annee-voiture-projet-4-saisons-de-nicolas-picart\/"},"author":{"name":"QG","@id":"https:\/\/vosgesinfo.fr\/gerardmerinfo\/#\/schema\/person\/db5605779a843dad16b5368f3e7613a5"},"headline":"Une ann\u00e9e sans voiture : le projet 4 saisons de Nicolas Picart","datePublished":"2022-12-12T05:14:59+00:00","dateModified":"2022-12-12T05:14:59+00:00","mainEntityOfPage":{"@id":"https:\/\/vosgesinfo.fr\/gerardmerinfo\/2022\/12\/annee-voiture-projet-4-saisons-de-nicolas-picart\/"},"wordCount":732,"commentCount":0,"publisher":{"@id":"https:\/\/vosgesinfo.fr\/gerardmerinfo\/#organization"},"image":{"@id":"https:\/\/vosgesinfo.fr\/gerardmerinfo\/2022\/12\/annee-voiture-projet-4-saisons-de-nicolas-picart\/#primaryimage"},"thumbnailUrl":"https:\/\/vosgesinfo.fr\/app\/uploads\/sites\/6\/2024\/07\/2022121-an-sans-voiture-nicolas-picart-11.jpg","keywords":["Nicolas Picart"],"articleSection":["A la une","Environnement","G\u00e9rardmer","Vosges"],"inLanguage":"fr-FR","potentialAction":[{"@type":"CommentAction","name":"Comment","target":["https:\/\/vosgesinfo.fr\/gerardmerinfo\/2022\/12\/annee-voiture-projet-4-saisons-de-nicolas-picart\/#respond"]}]},{"@type":"WebPage","@id":"https:\/\/vosgesinfo.fr\/gerardmerinfo\/2022\/12\/annee-voiture-projet-4-saisons-de-nicolas-picart\/","url":"https:\/\/vosgesinfo.fr\/gerardmerinfo\/2022\/12\/annee-voiture-projet-4-saisons-de-nicolas-picart\/","name":"Une ann\u00e9e sans voiture : le projet 4 saisons de Nicolas Picart - Gerardmer Info","isPartOf":{"@id":"https:\/\/vosgesinfo.fr\/gerardmerinfo\/#website"},"primaryImageOfPage":{"@id":"https:\/\/vosgesinfo.fr\/gerardmerinfo\/2022\/12\/annee-voiture-projet-4-saisons-de-nicolas-picart\/#primaryimage"},"image":{"@id":"https:\/\/vosgesinfo.fr\/gerardmerinfo\/2022\/12\/annee-voiture-projet-4-saisons-de-nicolas-picart\/#primaryimage"},"thumbnailUrl":"https:\/\/vosgesinfo.fr\/app\/uploads\/sites\/6\/2024\/07\/2022121-an-sans-voiture-nicolas-picart-11.jpg","datePublished":"2022-12-12T05:14:59+00:00","dateModified":"2022-12-12T05:14:59+00:00","breadcrumb":{"@id":"https:\/\/vosgesinfo.fr\/gerardmerinfo\/2022\/12\/annee-voiture-projet-4-saisons-de-nicolas-picart\/#breadcrumb"},"inLanguage":"fr-FR","potentialAction":[{"@type":"ReadAction","target":["https:\/\/vosgesinfo.fr\/gerardmerinfo\/2022\/12\/annee-voiture-projet-4-saisons-de-nicolas-picart\/"]}]},{"@type":"ImageObject","inLanguage":"fr-FR","@id":"https:\/\/vosgesinfo.fr\/gerardmerinfo\/2022\/12\/annee-voiture-projet-4-saisons-de-nicolas-picart\/#primaryimage","url":"https:\/\/vosgesinfo.fr\/app\/uploads\/sites\/6\/2024\/07\/2022121-an-sans-voiture-nicolas-picart-11.jpg","contentUrl":"https:\/\/vosgesinfo.fr\/app\/uploads\/sites\/6\/2024\/07\/2022121-an-sans-voiture-nicolas-picart-11.jpg","width":1080,"height":1080},{"@type":"BreadcrumbList","@id":"https:\/\/vosgesinfo.fr\/gerardmerinfo\/2022\/12\/annee-voiture-projet-4-saisons-de-nicolas-picart\/#breadcrumb","itemListElement":[{"@type":"ListItem","position":1,"name":"Home","item":"https:\/\/vosgesinfo.fr\/gerardmerinfo\/"},{"@type":"ListItem","position":2,"name":"Une ann\u00e9e sans voiture : le projet 4 saisons de Nicolas Picart"}]},{"@type":"WebSite","@id":"https:\/\/vosgesinfo.fr\/gerardmerinfo\/#website","url":"https:\/\/vosgesinfo.fr\/gerardmerinfo\/","name":"Gerardmer Info","description":"Toute l&#039;actualit\u00e9 de G\u00e9rardmer","publisher":{"@id":"https:\/\/vosgesinfo.fr\/gerardmerinfo\/#organization"},"alternateName":"Toute l'actualit\u00e9 de G\u00e9rardmer","potentialAction":[{"@type":"SearchAction","target":{"@type":"EntryPoint","urlTemplate":"https:\/\/vosgesinfo.fr\/gerardmerinfo\/?s={search_term_string}"},"query-input":"required name=search_term_string"}],"inLanguage":"fr-FR"},{"@type":"Organization","@id":"https:\/\/vosgesinfo.fr\/gerardmerinfo\/#organization","name":"Gerardmer Info","url":"https:\/\/vosgesinfo.fr\/gerardmerinfo\/","logo":{"@type":"ImageObject","inLanguage":"fr-FR","@id":"https:\/\/vosgesinfo.fr\/gerardmerinfo\/#\/schema\/logo\/image\/","url":"https:\/\/vosgesinfo.fr\/app\/uploads\/sites\/6\/2023\/08\/favicon-gerardmerinfo.png","contentUrl":"https:\/\/vosgesinfo.fr\/app\/uploads\/sites\/6\/2023\/08\/favicon-gerardmerinfo.png","width":512,"height":512,"caption":"Gerardmer Info"},"image":{"@id":"https:\/\/vosgesinfo.fr\/gerardmerinfo\/#\/schema\/logo\/image\/"},"sameAs":["https:\/\/www.facebook.com\/profile.php?id=100049475262660","https:\/\/x.com\/VosgesInfo88","https:\/\/www.youtube.com\/@vosgesinfo"]},{"@type":"Person","@id":"https:\/\/vosgesinfo.fr\/gerardmerinfo\/#\/schema\/person\/db5605779a843dad16b5368f3e7613a5","name":"QG","image":{"@type":"ImageObject","inLanguage":"fr-FR","@id":"https:\/\/vosgesinfo.fr\/gerardmerinfo\/#\/schema\/person\/image\/","url":"https:\/\/secure.gravatar.com\/avatar\/ea80c42c204b534408512832fde52504ecabb9706bcb6151cf6175e5b64e6793?s=96&d=mm&r=g","contentUrl":"https:\/\/secure.gravatar.com\/avatar\/ea80c42c204b534408512832fde52504ecabb9706bcb6151cf6175e5b64e6793?s=96&d=mm&r=g","caption":"QG"},"url":"https:\/\/vosgesinfo.fr\/gerardmerinfo\/author\/quentin88\/"}]}},"_links":{"self":[{"href":"https:\/\/vosgesinfo.fr\/gerardmerinfo\/wp-json\/wp\/v2\/posts\/63332","targetHints":{"allow":["GET"]}}],"collection":[{"href":"https:\/\/vosgesinfo.fr\/gerardmerinfo\/wp-json\/wp\/v2\/posts"}],"about":[{"href":"https:\/\/vosgesinfo.fr\/gerardmerinfo\/wp-json\/wp\/v2\/types\/post"}],"author":[{"embeddable":true,"href":"https:\/\/vosgesinfo.fr\/gerardmerinfo\/wp-json\/wp\/v2\/users\/42"}],"replies":[{"embeddable":true,"href":"https:\/\/vosgesinfo.fr\/gerardmerinfo\/wp-json\/wp\/v2\/comments?post=63332"}],"version-history":[{"count":0,"href":"https:\/\/vosgesinfo.fr\/gerardmerinfo\/wp-json\/wp\/v2\/posts\/63332\/revisions"}],"wp:featuredmedia":[{"embeddable":true,"href":"https:\/\/vosgesinfo.fr\/gerardmerinfo\/wp-json\/wp\/v2\/media\/63333"}],"wp:attachment":[{"href":"https:\/\/vosgesinfo.fr\/gerardmerinfo\/wp-json\/wp\/v2\/media?parent=63332"}],"wp:term":[{"taxonomy":"category","embeddable":true,"href":"https:\/\/vosgesinfo.fr\/gerardmerinfo\/wp-json\/wp\/v2\/categories?post=63332"},{"taxonomy":"post_tag","embeddable":true,"href":"https:\/\/vosgesinfo.fr\/gerardmerinfo\/wp-json\/wp\/v2\/tags?post=63332"}],"curies":[{"name":"wp","href":"https:\/\/api.w.org\/{rel}","templated":true}]}}