{"id":63358,"date":"2022-12-11T04:59:10","date_gmt":"2022-12-11T03:59:10","guid":{"rendered":"https:\/\/vosgesinfo.fr\/gerardmerinfo\/2022\/12\/conseil-municipal-suites-ruissellements-a-trinite\/"},"modified":"2022-12-11T04:59:10","modified_gmt":"2022-12-11T03:59:10","slug":"conseil-municipal-suites-ruissellements-a-trinite","status":"publish","type":"post","link":"https:\/\/vosgesinfo.fr\/gerardmerinfo\/2022\/12\/conseil-municipal-suites-ruissellements-a-trinite\/","title":{"rendered":"Conseil Municipal &#8211; quelles suites pour les ruissellements \u00e0 la Trinit\u00e9 ?"},"content":{"rendered":"<p>Le conseil municipal en date du 9 d\u00e9cembre s&rsquo;est une nouvelle fois achev\u00e9 par les questions diverses des groupes d&rsquo;opposition. Si certains sujets avaient d\u00e9j\u00e0 \u00e9t\u00e9 \u00e9voqu\u00e9s dans nos colonnes (notamment concernant le cas de l&rsquo;auberge de Grouvelin), le groupe G\u00e9rardmer Notre Perle tenait \u00e0 interpeller le premier magistrat sur une probl\u00e9matique localis\u00e9e sur le secteur de la Trinit\u00e9 :<\/p>\n<p>\u00ab\u00a0<em>Aux riverains du nouveau Lotissement de 9 chalets construits au 42 Chemin de la Trinit\u00e9 et dont les terrains sont r\u00e9guli\u00e8rement inond\u00e9s par le ruissellement des eaux pluviales provenant de la voie communale, vos services opposent l\u2019article L 640 du code civil qui stipule que les fonds inf\u00e9rieurs sont destin\u00e9s \u00e0 recevoir les eaux qui d\u00e9coulent des fonds plus \u00e9lev\u00e9s.<\/em><br \/>\n<em>Lors d\u2019une visite in situ, \u00a0nous avons constat\u00e9 que la voie communale est en mauvais \u00e9tat et ne dispose pas des am\u00e9nagements permettant un bon \u00e9coulement des eaux contrairement \u00e0 ce que pr\u00e9cise l\u2019article 141 al. 2 du code de la voirie routi\u00e8re selon les termes duquel la responsabilit\u00e9 de la commune peut \u00eatre engag\u00e9e en cas de d\u00e9faut de conception de la voirie entrainant un ruissellement des eaux pluviales.<\/em><br \/>\n<em>Dans ces conditions, quelle suite entendez-vous donner \u00e0 la lettre que vous a fait parvenir d\u00e9but novembre l\u2019un des propri\u00e9taires pour vous demander, sur la foi de ce dernier article, que des travaux de voirie soient entrepris afin d\u2019am\u00e9liorer l\u2019\u00e9coulement des eaux sur le chemin de la Trinit\u00e9 ?<\/em><br \/>\n<em>Pour \u00e9largir la question est-ce que l\u2019argument de l\u2019insuffisance des r\u00e9seaux publics d\u2019eaux et d\u2019assainissement ne peut pas \u00eatre davantage utilis\u00e9 pour limiter les autorisations d\u2019urbanisme dont le nombre croissant inqui\u00e8te beaucoup de g\u00e9r\u00f4mois<\/em> ?\u00a0\u00bb\u00a0 questionnait Andr\u00e9 Jacquelin. Malheureusement, comme l&rsquo;a pr\u00e9cis\u00e9 Stessy Speissmann, les permis de construire se succ\u00e8dent et retardent ainsi les interventions de la Ville pendant que les travaux ont lieu. L&rsquo;argument de l&rsquo;insuffisance d&rsquo;eau et d&rsquo;assainissement ne peut pas \u00eatre utilis\u00e9 non plus, \u00e0 moins d&rsquo;une obligation d&rsquo;extension. Une r\u00e9flexion sur le sujet est d&rsquo;ailleurs envisag\u00e9e sur le nouveau PLU. L&rsquo;argument de l&rsquo;insuffisance des r\u00e9seaux qui est par ailleurs d\u00e9j\u00e0 utilis\u00e9 au niveau \u00e9lectrique lorsque les extensions d\u00e9passent 100 m\u00e8tres a tenu \u00e0 ajouter le maire de G\u00e9rardmer.<\/p>\n","protected":false},"excerpt":{"rendered":"<p>Le conseil municipal en date du 9 d\u00e9cembre s&rsquo;est une nouvelle fois achev\u00e9 par les questions diverses des groupes d&rsquo;opposition. [&hellip;]<\/p>\n","protected":false},"author":42,"featured_media":3798,"comment_status":"open","ping_status":"open","sticky":false,"template":"","format":"standard","meta":{"footnotes":""},"categories":[20,25,10],"tags":[],"class_list":["post-63358","post","type-post","status-publish","format-standard","has-post-thumbnail","hentry","category-a-la-une","category-gerardmer","category-politique"],"acf":[],"yoast_head":"<!-- This site is optimized with the Yoast SEO plugin v22.5 - https:\/\/yoast.com\/wordpress\/plugins\/seo\/ -->\n<title>Conseil Municipal - quelles suites pour les ruissellements \u00e0 la Trinit\u00e9 ? - Gerardmer Info<\/title>\n<meta name=\"robots\" content=\"index, follow, max-snippet:-1, max-image-preview:large, max-video-preview:-1\" \/>\n<link rel=\"canonical\" href=\"https:\/\/vosgesinfo.fr\/gerardmerinfo\/2022\/12\/conseil-municipal-suites-ruissellements-a-trinite\/\" \/>\n<meta name=\"twitter:card\" content=\"summary_large_image\" \/>\n<meta name=\"twitter:title\" content=\"Conseil Municipal - quelles suites pour les ruissellements \u00e0 la Trinit\u00e9 ? - Gerardmer Info\" \/>\n<meta name=\"twitter:description\" content=\"Le conseil municipal en date du 9 d\u00e9cembre s&rsquo;est une nouvelle fois achev\u00e9 par les questions diverses des groupes d&rsquo;opposition. [&hellip;]\" \/>\n<meta name=\"twitter:image\" content=\"https:\/\/vosgesinfo.fr\/app\/uploads\/sites\/6\/2018\/10\/conseil-municipa.jpg\" \/>\n<meta name=\"twitter:creator\" content=\"@VosgesInfo88\" \/>\n<meta name=\"twitter:site\" content=\"@VosgesInfo88\" \/>\n<meta name=\"twitter:label1\" content=\"\u00c9crit par\" \/>\n\t<meta name=\"twitter:data1\" content=\"QG\" \/>\n\t<meta name=\"twitter:label2\" content=\"Dur\u00e9e de lecture estim\u00e9e\" \/>\n\t<meta name=\"twitter:data2\" content=\"2 minutes\" \/>\n<script type=\"application\/ld+json\" class=\"yoast-schema-graph\">{\"@context\":\"https:\/\/schema.org\",\"@graph\":[{\"@type\":\"Article\",\"@id\":\"https:\/\/vosgesinfo.fr\/gerardmerinfo\/2022\/12\/conseil-municipal-suites-ruissellements-a-trinite\/#article\",\"isPartOf\":{\"@id\":\"https:\/\/vosgesinfo.fr\/gerardmerinfo\/2022\/12\/conseil-municipal-suites-ruissellements-a-trinite\/\"},\"author\":{\"name\":\"QG\",\"@id\":\"https:\/\/vosgesinfo.fr\/gerardmerinfo\/#\/schema\/person\/db5605779a843dad16b5368f3e7613a5\"},\"headline\":\"Conseil Municipal &#8211; quelles suites pour les ruissellements \u00e0 la Trinit\u00e9 ?\",\"datePublished\":\"2022-12-11T03:59:10+00:00\",\"dateModified\":\"2022-12-11T03:59:10+00:00\",\"mainEntityOfPage\":{\"@id\":\"https:\/\/vosgesinfo.fr\/gerardmerinfo\/2022\/12\/conseil-municipal-suites-ruissellements-a-trinite\/\"},\"wordCount\":413,\"commentCount\":0,\"publisher\":{\"@id\":\"https:\/\/vosgesinfo.fr\/gerardmerinfo\/#organization\"},\"image\":{\"@id\":\"https:\/\/vosgesinfo.fr\/gerardmerinfo\/2022\/12\/conseil-municipal-suites-ruissellements-a-trinite\/#primaryimage\"},\"thumbnailUrl\":\"https:\/\/vosgesinfo.fr\/app\/uploads\/sites\/6\/2018\/10\/conseil-municipa.jpg\",\"articleSection\":[\"A la une\",\"G\u00e9rardmer\",\"Politique\"],\"inLanguage\":\"fr-FR\",\"potentialAction\":[{\"@type\":\"CommentAction\",\"name\":\"Comment\",\"target\":[\"https:\/\/vosgesinfo.fr\/gerardmerinfo\/2022\/12\/conseil-municipal-suites-ruissellements-a-trinite\/#respond\"]}]},{\"@type\":\"WebPage\",\"@id\":\"https:\/\/vosgesinfo.fr\/gerardmerinfo\/2022\/12\/conseil-municipal-suites-ruissellements-a-trinite\/\",\"url\":\"https:\/\/vosgesinfo.fr\/gerardmerinfo\/2022\/12\/conseil-municipal-suites-ruissellements-a-trinite\/\",\"name\":\"Conseil Municipal - quelles suites pour les ruissellements \u00e0 la Trinit\u00e9 ? - Gerardmer Info\",\"isPartOf\":{\"@id\":\"https:\/\/vosgesinfo.fr\/gerardmerinfo\/#website\"},\"primaryImageOfPage\":{\"@id\":\"https:\/\/vosgesinfo.fr\/gerardmerinfo\/2022\/12\/conseil-municipal-suites-ruissellements-a-trinite\/#primaryimage\"},\"image\":{\"@id\":\"https:\/\/vosgesinfo.fr\/gerardmerinfo\/2022\/12\/conseil-municipal-suites-ruissellements-a-trinite\/#primaryimage\"},\"thumbnailUrl\":\"https:\/\/vosgesinfo.fr\/app\/uploads\/sites\/6\/2018\/10\/conseil-municipa.jpg\",\"datePublished\":\"2022-12-11T03:59:10+00:00\",\"dateModified\":\"2022-12-11T03:59:10+00:00\",\"breadcrumb\":{\"@id\":\"https:\/\/vosgesinfo.fr\/gerardmerinfo\/2022\/12\/conseil-municipal-suites-ruissellements-a-trinite\/#breadcrumb\"},\"inLanguage\":\"fr-FR\",\"potentialAction\":[{\"@type\":\"ReadAction\",\"target\":[\"https:\/\/vosgesinfo.fr\/gerardmerinfo\/2022\/12\/conseil-municipal-suites-ruissellements-a-trinite\/\"]}]},{\"@type\":\"ImageObject\",\"inLanguage\":\"fr-FR\",\"@id\":\"https:\/\/vosgesinfo.fr\/gerardmerinfo\/2022\/12\/conseil-municipal-suites-ruissellements-a-trinite\/#primaryimage\",\"url\":\"https:\/\/vosgesinfo.fr\/app\/uploads\/sites\/6\/2018\/10\/conseil-municipa.jpg\",\"contentUrl\":\"https:\/\/vosgesinfo.fr\/app\/uploads\/sites\/6\/2018\/10\/conseil-municipa.jpg\"},{\"@type\":\"BreadcrumbList\",\"@id\":\"https:\/\/vosgesinfo.fr\/gerardmerinfo\/2022\/12\/conseil-municipal-suites-ruissellements-a-trinite\/#breadcrumb\",\"itemListElement\":[{\"@type\":\"ListItem\",\"position\":1,\"name\":\"Home\",\"item\":\"https:\/\/vosgesinfo.fr\/gerardmerinfo\/\"},{\"@type\":\"ListItem\",\"position\":2,\"name\":\"Conseil Municipal &#8211; quelles suites pour les ruissellements \u00e0 la Trinit\u00e9 ?\"}]},{\"@type\":\"WebSite\",\"@id\":\"https:\/\/vosgesinfo.fr\/gerardmerinfo\/#website\",\"url\":\"https:\/\/vosgesinfo.fr\/gerardmerinfo\/\",\"name\":\"Gerardmer Info\",\"description\":\"Toute l&#039;actualit\u00e9 de G\u00e9rardmer\",\"publisher\":{\"@id\":\"https:\/\/vosgesinfo.fr\/gerardmerinfo\/#organization\"},\"alternateName\":\"Toute l'actualit\u00e9 de G\u00e9rardmer\",\"potentialAction\":[{\"@type\":\"SearchAction\",\"target\":{\"@type\":\"EntryPoint\",\"urlTemplate\":\"https:\/\/vosgesinfo.fr\/gerardmerinfo\/?s={search_term_string}\"},\"query-input\":\"required name=search_term_string\"}],\"inLanguage\":\"fr-FR\"},{\"@type\":\"Organization\",\"@id\":\"https:\/\/vosgesinfo.fr\/gerardmerinfo\/#organization\",\"name\":\"Gerardmer Info\",\"url\":\"https:\/\/vosgesinfo.fr\/gerardmerinfo\/\",\"logo\":{\"@type\":\"ImageObject\",\"inLanguage\":\"fr-FR\",\"@id\":\"https:\/\/vosgesinfo.fr\/gerardmerinfo\/#\/schema\/logo\/image\/\",\"url\":\"https:\/\/vosgesinfo.fr\/app\/uploads\/sites\/6\/2023\/08\/favicon-gerardmerinfo.png\",\"contentUrl\":\"https:\/\/vosgesinfo.fr\/app\/uploads\/sites\/6\/2023\/08\/favicon-gerardmerinfo.png\",\"width\":512,\"height\":512,\"caption\":\"Gerardmer Info\"},\"image\":{\"@id\":\"https:\/\/vosgesinfo.fr\/gerardmerinfo\/#\/schema\/logo\/image\/\"},\"sameAs\":[\"https:\/\/www.facebook.com\/profile.php?id=100049475262660\",\"https:\/\/x.com\/VosgesInfo88\",\"https:\/\/www.youtube.com\/@vosgesinfo\"]},{\"@type\":\"Person\",\"@id\":\"https:\/\/vosgesinfo.fr\/gerardmerinfo\/#\/schema\/person\/db5605779a843dad16b5368f3e7613a5\",\"name\":\"QG\",\"image\":{\"@type\":\"ImageObject\",\"inLanguage\":\"fr-FR\",\"@id\":\"https:\/\/vosgesinfo.fr\/gerardmerinfo\/#\/schema\/person\/image\/\",\"url\":\"https:\/\/secure.gravatar.com\/avatar\/ea80c42c204b534408512832fde52504ecabb9706bcb6151cf6175e5b64e6793?s=96&d=mm&r=g\",\"contentUrl\":\"https:\/\/secure.gravatar.com\/avatar\/ea80c42c204b534408512832fde52504ecabb9706bcb6151cf6175e5b64e6793?s=96&d=mm&r=g\",\"caption\":\"QG\"},\"url\":\"https:\/\/vosgesinfo.fr\/gerardmerinfo\/author\/quentin88\/\"}]}<\/script>\n<!-- \/ Yoast SEO plugin. -->","yoast_head_json":{"title":"Conseil Municipal - quelles suites pour les ruissellements \u00e0 la Trinit\u00e9 ? - Gerardmer Info","robots":{"index":"index","follow":"follow","max-snippet":"max-snippet:-1","max-image-preview":"max-image-preview:large","max-video-preview":"max-video-preview:-1"},"canonical":"https:\/\/vosgesinfo.fr\/gerardmerinfo\/2022\/12\/conseil-municipal-suites-ruissellements-a-trinite\/","twitter_card":"summary_large_image","twitter_title":"Conseil Municipal - quelles suites pour les ruissellements \u00e0 la Trinit\u00e9 ? - Gerardmer Info","twitter_description":"Le conseil municipal en date du 9 d\u00e9cembre s&rsquo;est une nouvelle fois achev\u00e9 par les questions diverses des groupes d&rsquo;opposition. [&hellip;]","twitter_image":"https:\/\/vosgesinfo.fr\/app\/uploads\/sites\/6\/2018\/10\/conseil-municipa.jpg","twitter_creator":"@VosgesInfo88","twitter_site":"@VosgesInfo88","twitter_misc":{"\u00c9crit par":"QG","Dur\u00e9e de lecture estim\u00e9e":"2 minutes"},"schema":{"@context":"https:\/\/schema.org","@graph":[{"@type":"Article","@id":"https:\/\/vosgesinfo.fr\/gerardmerinfo\/2022\/12\/conseil-municipal-suites-ruissellements-a-trinite\/#article","isPartOf":{"@id":"https:\/\/vosgesinfo.fr\/gerardmerinfo\/2022\/12\/conseil-municipal-suites-ruissellements-a-trinite\/"},"author":{"name":"QG","@id":"https:\/\/vosgesinfo.fr\/gerardmerinfo\/#\/schema\/person\/db5605779a843dad16b5368f3e7613a5"},"headline":"Conseil Municipal &#8211; quelles suites pour les ruissellements \u00e0 la Trinit\u00e9 ?","datePublished":"2022-12-11T03:59:10+00:00","dateModified":"2022-12-11T03:59:10+00:00","mainEntityOfPage":{"@id":"https:\/\/vosgesinfo.fr\/gerardmerinfo\/2022\/12\/conseil-municipal-suites-ruissellements-a-trinite\/"},"wordCount":413,"commentCount":0,"publisher":{"@id":"https:\/\/vosgesinfo.fr\/gerardmerinfo\/#organization"},"image":{"@id":"https:\/\/vosgesinfo.fr\/gerardmerinfo\/2022\/12\/conseil-municipal-suites-ruissellements-a-trinite\/#primaryimage"},"thumbnailUrl":"https:\/\/vosgesinfo.fr\/app\/uploads\/sites\/6\/2018\/10\/conseil-municipa.jpg","articleSection":["A la une","G\u00e9rardmer","Politique"],"inLanguage":"fr-FR","potentialAction":[{"@type":"CommentAction","name":"Comment","target":["https:\/\/vosgesinfo.fr\/gerardmerinfo\/2022\/12\/conseil-municipal-suites-ruissellements-a-trinite\/#respond"]}]},{"@type":"WebPage","@id":"https:\/\/vosgesinfo.fr\/gerardmerinfo\/2022\/12\/conseil-municipal-suites-ruissellements-a-trinite\/","url":"https:\/\/vosgesinfo.fr\/gerardmerinfo\/2022\/12\/conseil-municipal-suites-ruissellements-a-trinite\/","name":"Conseil Municipal - quelles suites pour les ruissellements \u00e0 la Trinit\u00e9 ? - Gerardmer Info","isPartOf":{"@id":"https:\/\/vosgesinfo.fr\/gerardmerinfo\/#website"},"primaryImageOfPage":{"@id":"https:\/\/vosgesinfo.fr\/gerardmerinfo\/2022\/12\/conseil-municipal-suites-ruissellements-a-trinite\/#primaryimage"},"image":{"@id":"https:\/\/vosgesinfo.fr\/gerardmerinfo\/2022\/12\/conseil-municipal-suites-ruissellements-a-trinite\/#primaryimage"},"thumbnailUrl":"https:\/\/vosgesinfo.fr\/app\/uploads\/sites\/6\/2018\/10\/conseil-municipa.jpg","datePublished":"2022-12-11T03:59:10+00:00","dateModified":"2022-12-11T03:59:10+00:00","breadcrumb":{"@id":"https:\/\/vosgesinfo.fr\/gerardmerinfo\/2022\/12\/conseil-municipal-suites-ruissellements-a-trinite\/#breadcrumb"},"inLanguage":"fr-FR","potentialAction":[{"@type":"ReadAction","target":["https:\/\/vosgesinfo.fr\/gerardmerinfo\/2022\/12\/conseil-municipal-suites-ruissellements-a-trinite\/"]}]},{"@type":"ImageObject","inLanguage":"fr-FR","@id":"https:\/\/vosgesinfo.fr\/gerardmerinfo\/2022\/12\/conseil-municipal-suites-ruissellements-a-trinite\/#primaryimage","url":"https:\/\/vosgesinfo.fr\/app\/uploads\/sites\/6\/2018\/10\/conseil-municipa.jpg","contentUrl":"https:\/\/vosgesinfo.fr\/app\/uploads\/sites\/6\/2018\/10\/conseil-municipa.jpg"},{"@type":"BreadcrumbList","@id":"https:\/\/vosgesinfo.fr\/gerardmerinfo\/2022\/12\/conseil-municipal-suites-ruissellements-a-trinite\/#breadcrumb","itemListElement":[{"@type":"ListItem","position":1,"name":"Home","item":"https:\/\/vosgesinfo.fr\/gerardmerinfo\/"},{"@type":"ListItem","position":2,"name":"Conseil Municipal &#8211; quelles suites pour les ruissellements \u00e0 la Trinit\u00e9 ?"}]},{"@type":"WebSite","@id":"https:\/\/vosgesinfo.fr\/gerardmerinfo\/#website","url":"https:\/\/vosgesinfo.fr\/gerardmerinfo\/","name":"Gerardmer Info","description":"Toute l&#039;actualit\u00e9 de G\u00e9rardmer","publisher":{"@id":"https:\/\/vosgesinfo.fr\/gerardmerinfo\/#organization"},"alternateName":"Toute l'actualit\u00e9 de G\u00e9rardmer","potentialAction":[{"@type":"SearchAction","target":{"@type":"EntryPoint","urlTemplate":"https:\/\/vosgesinfo.fr\/gerardmerinfo\/?s={search_term_string}"},"query-input":"required name=search_term_string"}],"inLanguage":"fr-FR"},{"@type":"Organization","@id":"https:\/\/vosgesinfo.fr\/gerardmerinfo\/#organization","name":"Gerardmer Info","url":"https:\/\/vosgesinfo.fr\/gerardmerinfo\/","logo":{"@type":"ImageObject","inLanguage":"fr-FR","@id":"https:\/\/vosgesinfo.fr\/gerardmerinfo\/#\/schema\/logo\/image\/","url":"https:\/\/vosgesinfo.fr\/app\/uploads\/sites\/6\/2023\/08\/favicon-gerardmerinfo.png","contentUrl":"https:\/\/vosgesinfo.fr\/app\/uploads\/sites\/6\/2023\/08\/favicon-gerardmerinfo.png","width":512,"height":512,"caption":"Gerardmer Info"},"image":{"@id":"https:\/\/vosgesinfo.fr\/gerardmerinfo\/#\/schema\/logo\/image\/"},"sameAs":["https:\/\/www.facebook.com\/profile.php?id=100049475262660","https:\/\/x.com\/VosgesInfo88","https:\/\/www.youtube.com\/@vosgesinfo"]},{"@type":"Person","@id":"https:\/\/vosgesinfo.fr\/gerardmerinfo\/#\/schema\/person\/db5605779a843dad16b5368f3e7613a5","name":"QG","image":{"@type":"ImageObject","inLanguage":"fr-FR","@id":"https:\/\/vosgesinfo.fr\/gerardmerinfo\/#\/schema\/person\/image\/","url":"https:\/\/secure.gravatar.com\/avatar\/ea80c42c204b534408512832fde52504ecabb9706bcb6151cf6175e5b64e6793?s=96&d=mm&r=g","contentUrl":"https:\/\/secure.gravatar.com\/avatar\/ea80c42c204b534408512832fde52504ecabb9706bcb6151cf6175e5b64e6793?s=96&d=mm&r=g","caption":"QG"},"url":"https:\/\/vosgesinfo.fr\/gerardmerinfo\/author\/quentin88\/"}]}},"_links":{"self":[{"href":"https:\/\/vosgesinfo.fr\/gerardmerinfo\/wp-json\/wp\/v2\/posts\/63358","targetHints":{"allow":["GET"]}}],"collection":[{"href":"https:\/\/vosgesinfo.fr\/gerardmerinfo\/wp-json\/wp\/v2\/posts"}],"about":[{"href":"https:\/\/vosgesinfo.fr\/gerardmerinfo\/wp-json\/wp\/v2\/types\/post"}],"author":[{"embeddable":true,"href":"https:\/\/vosgesinfo.fr\/gerardmerinfo\/wp-json\/wp\/v2\/users\/42"}],"replies":[{"embeddable":true,"href":"https:\/\/vosgesinfo.fr\/gerardmerinfo\/wp-json\/wp\/v2\/comments?post=63358"}],"version-history":[{"count":0,"href":"https:\/\/vosgesinfo.fr\/gerardmerinfo\/wp-json\/wp\/v2\/posts\/63358\/revisions"}],"wp:featuredmedia":[{"embeddable":true,"href":"https:\/\/vosgesinfo.fr\/gerardmerinfo\/wp-json\/wp\/v2\/media\/3798"}],"wp:attachment":[{"href":"https:\/\/vosgesinfo.fr\/gerardmerinfo\/wp-json\/wp\/v2\/media?parent=63358"}],"wp:term":[{"taxonomy":"category","embeddable":true,"href":"https:\/\/vosgesinfo.fr\/gerardmerinfo\/wp-json\/wp\/v2\/categories?post=63358"},{"taxonomy":"post_tag","embeddable":true,"href":"https:\/\/vosgesinfo.fr\/gerardmerinfo\/wp-json\/wp\/v2\/tags?post=63358"}],"curies":[{"name":"wp","href":"https:\/\/api.w.org\/{rel}","templated":true}]}}