{"id":63365,"date":"2022-12-10T17:04:53","date_gmt":"2022-12-10T16:04:53","guid":{"rendered":"https:\/\/vosgesinfo.fr\/gerardmerinfo\/2022\/12\/convivialite-solidarite-maitres-mots-de-lamicale-quartier-kleber\/"},"modified":"2022-12-10T17:04:53","modified_gmt":"2022-12-10T16:04:53","slug":"convivialite-solidarite-maitres-mots-de-lamicale-quartier-kleber","status":"publish","type":"post","link":"https:\/\/vosgesinfo.fr\/gerardmerinfo\/2022\/12\/convivialite-solidarite-maitres-mots-de-lamicale-quartier-kleber\/","title":{"rendered":"Convivialit\u00e9 &#038; solidarit\u00e9 : les ma\u00eetres mots de l&rsquo;amicale du quartier Kl\u00e9ber"},"content":{"rendered":"<p><a href=\"\/2022\/12\/gouter-amicale-Kl\u00e9ber-2.jpg\"><img decoding=\"async\" class=\"aligncenter size-large wp-image-198516\" src=\"\/2022\/12\/gouter-amicale-Kl\u00e9ber-2-1024x768.jpg\" alt=\"gouter amicale Kl\u00e9ber (2)\" width=\"960\" height=\"720\" \/><\/a><\/p>\n\n<h2><span style=\"font-size: 14pt;\">Samedi apr\u00e8s-midi avait lieu le traditionnelle go\u00fbter de l&rsquo;amicale du quartier Kl\u00e9ber qui a r\u00e9uni une bonne soixantaine de convives du c\u00f4t\u00e9 du Mille Club o\u00f9 les ma\u00eetres mots \u00e9taient convivialit\u00e9 et solidarit\u00e9.<\/span><\/h2>\n<p>En effet, comme le pr\u00e9cisaient le pr\u00e9sident de l&rsquo;amicale Christian Martin ainsi que son coll\u00e8gue Mimi Serfague, l&rsquo;amicale avait une fois de plus le plaisir d&rsquo;offrir ce go\u00fbter ainsi que pr\u00e8s de 80 colis gourmands aux seniors (\u00e0 partir de 62 ans) du quartier. Et cette ann\u00e9e, les amicalistes ont \u00e9t\u00e9 encore plus loin dans la solidarit\u00e9 et ont d\u00e9cid\u00e9 de prendre un peu d&rsquo;avance sur No\u00ebl en offrant \u00e9galement un ch\u00e8que de 500 Euros \u00e0 l&rsquo;association <em>AOA2 pour notre \u00c9toile<\/em> (retrouvez l&rsquo;association <a href=\"https:\/\/aoa2pournotreetoile.fr\/\" target=\"_blank\" rel=\"noopener\">ICI !<\/a>) ainsi qu&rsquo;\u00e0 Sarah Lindecker, jeune fille touch\u00e9e par une leuc\u00e9mie. Deux dons qui ont \u00e9t\u00e9 rendus possible gr\u00e2ce aux recettes r\u00e9alis\u00e9es par la buvette que tient de l&rsquo;amicale \u00e0 l&rsquo;occasion du feu de la Saint Jean.<\/p>\n<p>A ce titre, l&rsquo;amicale souhaitait remercier les partenaires que sont les blanchiments Doridant et la scierie Mathieu pour les palettes et les copeaux de bois qui ont servi \u00e0 l&rsquo;allumage. De chaleureux remerciements ont \u00e9galement \u00e9t\u00e9 adress\u00e9s \u00e0 la Ville de G\u00e9rardmer, plus pr\u00e9cis\u00e9ment au service animation et aux services techniques pour leur soutien. La Ville qui \u00e9tait repr\u00e9sent\u00e9e par le r\u00e9gional de l&rsquo;\u00e9tape Jamel Ghomerani, ainsi que les adjointes Fabienne Cr\u00e9teur-Cl\u00e9ment, Anne Chwaliszewski et V\u00e9ronique Vincent-Viry. Enfin, l&rsquo;amicale n&rsquo;a pas manqu\u00e9 d&rsquo;honorer la m\u00e9moire de ceux qui se sont \u00e9teints cette ann\u00e9e, avec un tonnerre d&rsquo;applaudissements pour Fethi Larbaoui, Kader Serfague, ainsi qu&rsquo;Haouas Ghomerani et son fils Belarbi.<\/p>\n","protected":false},"excerpt":{"rendered":"<p>Samedi apr\u00e8s-midi avait lieu le traditionnelle go\u00fbter de l&rsquo;amicale du quartier Kl\u00e9ber qui a r\u00e9uni une bonne soixantaine de convives [&hellip;]<\/p>\n","protected":false},"author":42,"featured_media":63366,"comment_status":"open","ping_status":"open","sticky":false,"template":"","format":"standard","meta":{"footnotes":""},"categories":[20,25,17],"tags":[647],"class_list":["post-63365","post","type-post","status-publish","format-standard","has-post-thumbnail","hentry","category-a-la-une","category-gerardmer","category-vie-associative","tag-amicale-quartier-kleber"],"acf":[],"yoast_head":"<!-- This site is optimized with the Yoast SEO plugin v22.5 - https:\/\/yoast.com\/wordpress\/plugins\/seo\/ -->\n<title>Convivialit\u00e9 &amp; solidarit\u00e9 : les ma\u00eetres mots de l&#039;amicale du quartier Kl\u00e9ber - Gerardmer Info<\/title>\n<meta name=\"robots\" content=\"index, follow, max-snippet:-1, max-image-preview:large, max-video-preview:-1\" \/>\n<link rel=\"canonical\" href=\"https:\/\/vosgesinfo.fr\/gerardmerinfo\/2022\/12\/convivialite-solidarite-maitres-mots-de-lamicale-quartier-kleber\/\" \/>\n<meta name=\"twitter:card\" content=\"summary_large_image\" \/>\n<meta name=\"twitter:title\" content=\"Convivialit\u00e9 &amp; solidarit\u00e9 : les ma\u00eetres mots de l&#039;amicale du quartier Kl\u00e9ber - Gerardmer Info\" \/>\n<meta name=\"twitter:description\" content=\"Samedi apr\u00e8s-midi avait lieu le traditionnelle go\u00fbter de l&rsquo;amicale du quartier Kl\u00e9ber qui a r\u00e9uni une bonne soixantaine de convives [&hellip;]\" \/>\n<meta name=\"twitter:image\" content=\"https:\/\/vosgesinfo.fr\/app\/uploads\/sites\/6\/2024\/07\/202212gouter-amicale-kleber-2.jpg\" \/>\n<meta name=\"twitter:creator\" content=\"@VosgesInfo88\" \/>\n<meta name=\"twitter:site\" content=\"@VosgesInfo88\" \/>\n<meta name=\"twitter:label1\" content=\"\u00c9crit par\" \/>\n\t<meta name=\"twitter:data1\" content=\"QG\" \/>\n\t<meta name=\"twitter:label2\" content=\"Dur\u00e9e de lecture estim\u00e9e\" \/>\n\t<meta name=\"twitter:data2\" content=\"1 minute\" \/>\n<script type=\"application\/ld+json\" class=\"yoast-schema-graph\">{\"@context\":\"https:\/\/schema.org\",\"@graph\":[{\"@type\":\"Article\",\"@id\":\"https:\/\/vosgesinfo.fr\/gerardmerinfo\/2022\/12\/convivialite-solidarite-maitres-mots-de-lamicale-quartier-kleber\/#article\",\"isPartOf\":{\"@id\":\"https:\/\/vosgesinfo.fr\/gerardmerinfo\/2022\/12\/convivialite-solidarite-maitres-mots-de-lamicale-quartier-kleber\/\"},\"author\":{\"name\":\"QG\",\"@id\":\"https:\/\/vosgesinfo.fr\/gerardmerinfo\/#\/schema\/person\/db5605779a843dad16b5368f3e7613a5\"},\"headline\":\"Convivialit\u00e9 &#038; solidarit\u00e9 : les ma\u00eetres mots de l&rsquo;amicale du quartier Kl\u00e9ber\",\"datePublished\":\"2022-12-10T16:04:53+00:00\",\"dateModified\":\"2022-12-10T16:04:53+00:00\",\"mainEntityOfPage\":{\"@id\":\"https:\/\/vosgesinfo.fr\/gerardmerinfo\/2022\/12\/convivialite-solidarite-maitres-mots-de-lamicale-quartier-kleber\/\"},\"wordCount\":325,\"commentCount\":0,\"publisher\":{\"@id\":\"https:\/\/vosgesinfo.fr\/gerardmerinfo\/#organization\"},\"image\":{\"@id\":\"https:\/\/vosgesinfo.fr\/gerardmerinfo\/2022\/12\/convivialite-solidarite-maitres-mots-de-lamicale-quartier-kleber\/#primaryimage\"},\"thumbnailUrl\":\"https:\/\/vosgesinfo.fr\/app\/uploads\/sites\/6\/2024\/07\/202212gouter-amicale-kleber-2.jpg\",\"keywords\":[\"amicale quartier kl\u00e9ber\"],\"articleSection\":[\"A la une\",\"G\u00e9rardmer\",\"Vie Associative\"],\"inLanguage\":\"fr-FR\",\"potentialAction\":[{\"@type\":\"CommentAction\",\"name\":\"Comment\",\"target\":[\"https:\/\/vosgesinfo.fr\/gerardmerinfo\/2022\/12\/convivialite-solidarite-maitres-mots-de-lamicale-quartier-kleber\/#respond\"]}]},{\"@type\":\"WebPage\",\"@id\":\"https:\/\/vosgesinfo.fr\/gerardmerinfo\/2022\/12\/convivialite-solidarite-maitres-mots-de-lamicale-quartier-kleber\/\",\"url\":\"https:\/\/vosgesinfo.fr\/gerardmerinfo\/2022\/12\/convivialite-solidarite-maitres-mots-de-lamicale-quartier-kleber\/\",\"name\":\"Convivialit\u00e9 & solidarit\u00e9 : les ma\u00eetres mots de l'amicale du quartier Kl\u00e9ber - Gerardmer Info\",\"isPartOf\":{\"@id\":\"https:\/\/vosgesinfo.fr\/gerardmerinfo\/#website\"},\"primaryImageOfPage\":{\"@id\":\"https:\/\/vosgesinfo.fr\/gerardmerinfo\/2022\/12\/convivialite-solidarite-maitres-mots-de-lamicale-quartier-kleber\/#primaryimage\"},\"image\":{\"@id\":\"https:\/\/vosgesinfo.fr\/gerardmerinfo\/2022\/12\/convivialite-solidarite-maitres-mots-de-lamicale-quartier-kleber\/#primaryimage\"},\"thumbnailUrl\":\"https:\/\/vosgesinfo.fr\/app\/uploads\/sites\/6\/2024\/07\/202212gouter-amicale-kleber-2.jpg\",\"datePublished\":\"2022-12-10T16:04:53+00:00\",\"dateModified\":\"2022-12-10T16:04:53+00:00\",\"breadcrumb\":{\"@id\":\"https:\/\/vosgesinfo.fr\/gerardmerinfo\/2022\/12\/convivialite-solidarite-maitres-mots-de-lamicale-quartier-kleber\/#breadcrumb\"},\"inLanguage\":\"fr-FR\",\"potentialAction\":[{\"@type\":\"ReadAction\",\"target\":[\"https:\/\/vosgesinfo.fr\/gerardmerinfo\/2022\/12\/convivialite-solidarite-maitres-mots-de-lamicale-quartier-kleber\/\"]}]},{\"@type\":\"ImageObject\",\"inLanguage\":\"fr-FR\",\"@id\":\"https:\/\/vosgesinfo.fr\/gerardmerinfo\/2022\/12\/convivialite-solidarite-maitres-mots-de-lamicale-quartier-kleber\/#primaryimage\",\"url\":\"https:\/\/vosgesinfo.fr\/app\/uploads\/sites\/6\/2024\/07\/202212gouter-amicale-kleber-2.jpg\",\"contentUrl\":\"https:\/\/vosgesinfo.fr\/app\/uploads\/sites\/6\/2024\/07\/202212gouter-amicale-kleber-2.jpg\",\"width\":1600,\"height\":1200},{\"@type\":\"BreadcrumbList\",\"@id\":\"https:\/\/vosgesinfo.fr\/gerardmerinfo\/2022\/12\/convivialite-solidarite-maitres-mots-de-lamicale-quartier-kleber\/#breadcrumb\",\"itemListElement\":[{\"@type\":\"ListItem\",\"position\":1,\"name\":\"Home\",\"item\":\"https:\/\/vosgesinfo.fr\/gerardmerinfo\/\"},{\"@type\":\"ListItem\",\"position\":2,\"name\":\"Convivialit\u00e9 &#038; solidarit\u00e9 : les ma\u00eetres mots de l&rsquo;amicale du quartier Kl\u00e9ber\"}]},{\"@type\":\"WebSite\",\"@id\":\"https:\/\/vosgesinfo.fr\/gerardmerinfo\/#website\",\"url\":\"https:\/\/vosgesinfo.fr\/gerardmerinfo\/\",\"name\":\"Gerardmer Info\",\"description\":\"Toute l&#039;actualit\u00e9 de G\u00e9rardmer\",\"publisher\":{\"@id\":\"https:\/\/vosgesinfo.fr\/gerardmerinfo\/#organization\"},\"alternateName\":\"Toute l'actualit\u00e9 de G\u00e9rardmer\",\"potentialAction\":[{\"@type\":\"SearchAction\",\"target\":{\"@type\":\"EntryPoint\",\"urlTemplate\":\"https:\/\/vosgesinfo.fr\/gerardmerinfo\/?s={search_term_string}\"},\"query-input\":\"required name=search_term_string\"}],\"inLanguage\":\"fr-FR\"},{\"@type\":\"Organization\",\"@id\":\"https:\/\/vosgesinfo.fr\/gerardmerinfo\/#organization\",\"name\":\"Gerardmer Info\",\"url\":\"https:\/\/vosgesinfo.fr\/gerardmerinfo\/\",\"logo\":{\"@type\":\"ImageObject\",\"inLanguage\":\"fr-FR\",\"@id\":\"https:\/\/vosgesinfo.fr\/gerardmerinfo\/#\/schema\/logo\/image\/\",\"url\":\"https:\/\/vosgesinfo.fr\/app\/uploads\/sites\/6\/2023\/08\/favicon-gerardmerinfo.png\",\"contentUrl\":\"https:\/\/vosgesinfo.fr\/app\/uploads\/sites\/6\/2023\/08\/favicon-gerardmerinfo.png\",\"width\":512,\"height\":512,\"caption\":\"Gerardmer Info\"},\"image\":{\"@id\":\"https:\/\/vosgesinfo.fr\/gerardmerinfo\/#\/schema\/logo\/image\/\"},\"sameAs\":[\"https:\/\/www.facebook.com\/profile.php?id=100049475262660\",\"https:\/\/x.com\/VosgesInfo88\",\"https:\/\/www.youtube.com\/@vosgesinfo\"]},{\"@type\":\"Person\",\"@id\":\"https:\/\/vosgesinfo.fr\/gerardmerinfo\/#\/schema\/person\/db5605779a843dad16b5368f3e7613a5\",\"name\":\"QG\",\"image\":{\"@type\":\"ImageObject\",\"inLanguage\":\"fr-FR\",\"@id\":\"https:\/\/vosgesinfo.fr\/gerardmerinfo\/#\/schema\/person\/image\/\",\"url\":\"https:\/\/secure.gravatar.com\/avatar\/ea80c42c204b534408512832fde52504ecabb9706bcb6151cf6175e5b64e6793?s=96&d=mm&r=g\",\"contentUrl\":\"https:\/\/secure.gravatar.com\/avatar\/ea80c42c204b534408512832fde52504ecabb9706bcb6151cf6175e5b64e6793?s=96&d=mm&r=g\",\"caption\":\"QG\"},\"url\":\"https:\/\/vosgesinfo.fr\/gerardmerinfo\/author\/quentin88\/\"}]}<\/script>\n<!-- \/ Yoast SEO plugin. -->","yoast_head_json":{"title":"Convivialit\u00e9 & solidarit\u00e9 : les ma\u00eetres mots de l'amicale du quartier Kl\u00e9ber - Gerardmer Info","robots":{"index":"index","follow":"follow","max-snippet":"max-snippet:-1","max-image-preview":"max-image-preview:large","max-video-preview":"max-video-preview:-1"},"canonical":"https:\/\/vosgesinfo.fr\/gerardmerinfo\/2022\/12\/convivialite-solidarite-maitres-mots-de-lamicale-quartier-kleber\/","twitter_card":"summary_large_image","twitter_title":"Convivialit\u00e9 & solidarit\u00e9 : les ma\u00eetres mots de l'amicale du quartier Kl\u00e9ber - Gerardmer Info","twitter_description":"Samedi apr\u00e8s-midi avait lieu le traditionnelle go\u00fbter de l&rsquo;amicale du quartier Kl\u00e9ber qui a r\u00e9uni une bonne soixantaine de convives [&hellip;]","twitter_image":"https:\/\/vosgesinfo.fr\/app\/uploads\/sites\/6\/2024\/07\/202212gouter-amicale-kleber-2.jpg","twitter_creator":"@VosgesInfo88","twitter_site":"@VosgesInfo88","twitter_misc":{"\u00c9crit par":"QG","Dur\u00e9e de lecture estim\u00e9e":"1 minute"},"schema":{"@context":"https:\/\/schema.org","@graph":[{"@type":"Article","@id":"https:\/\/vosgesinfo.fr\/gerardmerinfo\/2022\/12\/convivialite-solidarite-maitres-mots-de-lamicale-quartier-kleber\/#article","isPartOf":{"@id":"https:\/\/vosgesinfo.fr\/gerardmerinfo\/2022\/12\/convivialite-solidarite-maitres-mots-de-lamicale-quartier-kleber\/"},"author":{"name":"QG","@id":"https:\/\/vosgesinfo.fr\/gerardmerinfo\/#\/schema\/person\/db5605779a843dad16b5368f3e7613a5"},"headline":"Convivialit\u00e9 &#038; solidarit\u00e9 : les ma\u00eetres mots de l&rsquo;amicale du quartier Kl\u00e9ber","datePublished":"2022-12-10T16:04:53+00:00","dateModified":"2022-12-10T16:04:53+00:00","mainEntityOfPage":{"@id":"https:\/\/vosgesinfo.fr\/gerardmerinfo\/2022\/12\/convivialite-solidarite-maitres-mots-de-lamicale-quartier-kleber\/"},"wordCount":325,"commentCount":0,"publisher":{"@id":"https:\/\/vosgesinfo.fr\/gerardmerinfo\/#organization"},"image":{"@id":"https:\/\/vosgesinfo.fr\/gerardmerinfo\/2022\/12\/convivialite-solidarite-maitres-mots-de-lamicale-quartier-kleber\/#primaryimage"},"thumbnailUrl":"https:\/\/vosgesinfo.fr\/app\/uploads\/sites\/6\/2024\/07\/202212gouter-amicale-kleber-2.jpg","keywords":["amicale quartier kl\u00e9ber"],"articleSection":["A la une","G\u00e9rardmer","Vie Associative"],"inLanguage":"fr-FR","potentialAction":[{"@type":"CommentAction","name":"Comment","target":["https:\/\/vosgesinfo.fr\/gerardmerinfo\/2022\/12\/convivialite-solidarite-maitres-mots-de-lamicale-quartier-kleber\/#respond"]}]},{"@type":"WebPage","@id":"https:\/\/vosgesinfo.fr\/gerardmerinfo\/2022\/12\/convivialite-solidarite-maitres-mots-de-lamicale-quartier-kleber\/","url":"https:\/\/vosgesinfo.fr\/gerardmerinfo\/2022\/12\/convivialite-solidarite-maitres-mots-de-lamicale-quartier-kleber\/","name":"Convivialit\u00e9 & solidarit\u00e9 : les ma\u00eetres mots de l'amicale du quartier Kl\u00e9ber - Gerardmer Info","isPartOf":{"@id":"https:\/\/vosgesinfo.fr\/gerardmerinfo\/#website"},"primaryImageOfPage":{"@id":"https:\/\/vosgesinfo.fr\/gerardmerinfo\/2022\/12\/convivialite-solidarite-maitres-mots-de-lamicale-quartier-kleber\/#primaryimage"},"image":{"@id":"https:\/\/vosgesinfo.fr\/gerardmerinfo\/2022\/12\/convivialite-solidarite-maitres-mots-de-lamicale-quartier-kleber\/#primaryimage"},"thumbnailUrl":"https:\/\/vosgesinfo.fr\/app\/uploads\/sites\/6\/2024\/07\/202212gouter-amicale-kleber-2.jpg","datePublished":"2022-12-10T16:04:53+00:00","dateModified":"2022-12-10T16:04:53+00:00","breadcrumb":{"@id":"https:\/\/vosgesinfo.fr\/gerardmerinfo\/2022\/12\/convivialite-solidarite-maitres-mots-de-lamicale-quartier-kleber\/#breadcrumb"},"inLanguage":"fr-FR","potentialAction":[{"@type":"ReadAction","target":["https:\/\/vosgesinfo.fr\/gerardmerinfo\/2022\/12\/convivialite-solidarite-maitres-mots-de-lamicale-quartier-kleber\/"]}]},{"@type":"ImageObject","inLanguage":"fr-FR","@id":"https:\/\/vosgesinfo.fr\/gerardmerinfo\/2022\/12\/convivialite-solidarite-maitres-mots-de-lamicale-quartier-kleber\/#primaryimage","url":"https:\/\/vosgesinfo.fr\/app\/uploads\/sites\/6\/2024\/07\/202212gouter-amicale-kleber-2.jpg","contentUrl":"https:\/\/vosgesinfo.fr\/app\/uploads\/sites\/6\/2024\/07\/202212gouter-amicale-kleber-2.jpg","width":1600,"height":1200},{"@type":"BreadcrumbList","@id":"https:\/\/vosgesinfo.fr\/gerardmerinfo\/2022\/12\/convivialite-solidarite-maitres-mots-de-lamicale-quartier-kleber\/#breadcrumb","itemListElement":[{"@type":"ListItem","position":1,"name":"Home","item":"https:\/\/vosgesinfo.fr\/gerardmerinfo\/"},{"@type":"ListItem","position":2,"name":"Convivialit\u00e9 &#038; solidarit\u00e9 : les ma\u00eetres mots de l&rsquo;amicale du quartier Kl\u00e9ber"}]},{"@type":"WebSite","@id":"https:\/\/vosgesinfo.fr\/gerardmerinfo\/#website","url":"https:\/\/vosgesinfo.fr\/gerardmerinfo\/","name":"Gerardmer Info","description":"Toute l&#039;actualit\u00e9 de G\u00e9rardmer","publisher":{"@id":"https:\/\/vosgesinfo.fr\/gerardmerinfo\/#organization"},"alternateName":"Toute l'actualit\u00e9 de G\u00e9rardmer","potentialAction":[{"@type":"SearchAction","target":{"@type":"EntryPoint","urlTemplate":"https:\/\/vosgesinfo.fr\/gerardmerinfo\/?s={search_term_string}"},"query-input":"required name=search_term_string"}],"inLanguage":"fr-FR"},{"@type":"Organization","@id":"https:\/\/vosgesinfo.fr\/gerardmerinfo\/#organization","name":"Gerardmer Info","url":"https:\/\/vosgesinfo.fr\/gerardmerinfo\/","logo":{"@type":"ImageObject","inLanguage":"fr-FR","@id":"https:\/\/vosgesinfo.fr\/gerardmerinfo\/#\/schema\/logo\/image\/","url":"https:\/\/vosgesinfo.fr\/app\/uploads\/sites\/6\/2023\/08\/favicon-gerardmerinfo.png","contentUrl":"https:\/\/vosgesinfo.fr\/app\/uploads\/sites\/6\/2023\/08\/favicon-gerardmerinfo.png","width":512,"height":512,"caption":"Gerardmer Info"},"image":{"@id":"https:\/\/vosgesinfo.fr\/gerardmerinfo\/#\/schema\/logo\/image\/"},"sameAs":["https:\/\/www.facebook.com\/profile.php?id=100049475262660","https:\/\/x.com\/VosgesInfo88","https:\/\/www.youtube.com\/@vosgesinfo"]},{"@type":"Person","@id":"https:\/\/vosgesinfo.fr\/gerardmerinfo\/#\/schema\/person\/db5605779a843dad16b5368f3e7613a5","name":"QG","image":{"@type":"ImageObject","inLanguage":"fr-FR","@id":"https:\/\/vosgesinfo.fr\/gerardmerinfo\/#\/schema\/person\/image\/","url":"https:\/\/secure.gravatar.com\/avatar\/ea80c42c204b534408512832fde52504ecabb9706bcb6151cf6175e5b64e6793?s=96&d=mm&r=g","contentUrl":"https:\/\/secure.gravatar.com\/avatar\/ea80c42c204b534408512832fde52504ecabb9706bcb6151cf6175e5b64e6793?s=96&d=mm&r=g","caption":"QG"},"url":"https:\/\/vosgesinfo.fr\/gerardmerinfo\/author\/quentin88\/"}]}},"_links":{"self":[{"href":"https:\/\/vosgesinfo.fr\/gerardmerinfo\/wp-json\/wp\/v2\/posts\/63365","targetHints":{"allow":["GET"]}}],"collection":[{"href":"https:\/\/vosgesinfo.fr\/gerardmerinfo\/wp-json\/wp\/v2\/posts"}],"about":[{"href":"https:\/\/vosgesinfo.fr\/gerardmerinfo\/wp-json\/wp\/v2\/types\/post"}],"author":[{"embeddable":true,"href":"https:\/\/vosgesinfo.fr\/gerardmerinfo\/wp-json\/wp\/v2\/users\/42"}],"replies":[{"embeddable":true,"href":"https:\/\/vosgesinfo.fr\/gerardmerinfo\/wp-json\/wp\/v2\/comments?post=63365"}],"version-history":[{"count":0,"href":"https:\/\/vosgesinfo.fr\/gerardmerinfo\/wp-json\/wp\/v2\/posts\/63365\/revisions"}],"wp:featuredmedia":[{"embeddable":true,"href":"https:\/\/vosgesinfo.fr\/gerardmerinfo\/wp-json\/wp\/v2\/media\/63366"}],"wp:attachment":[{"href":"https:\/\/vosgesinfo.fr\/gerardmerinfo\/wp-json\/wp\/v2\/media?parent=63365"}],"wp:term":[{"taxonomy":"category","embeddable":true,"href":"https:\/\/vosgesinfo.fr\/gerardmerinfo\/wp-json\/wp\/v2\/categories?post=63365"},{"taxonomy":"post_tag","embeddable":true,"href":"https:\/\/vosgesinfo.fr\/gerardmerinfo\/wp-json\/wp\/v2\/tags?post=63365"}],"curies":[{"name":"wp","href":"https:\/\/api.w.org\/{rel}","templated":true}]}}