{"id":63374,"date":"2022-12-12T04:59:42","date_gmt":"2022-12-12T03:59:42","guid":{"rendered":"https:\/\/vosgesinfo.fr\/gerardmerinfo\/2022\/12\/gerardmer-triathlon-se-refait-sante\/"},"modified":"2022-12-12T04:59:42","modified_gmt":"2022-12-12T03:59:42","slug":"gerardmer-triathlon-se-refait-sante","status":"publish","type":"post","link":"https:\/\/vosgesinfo.fr\/gerardmerinfo\/2022\/12\/gerardmer-triathlon-se-refait-sante\/","title":{"rendered":"G\u00e9rardmer Triathlon se refait une sant\u00e9"},"content":{"rendered":"<p class=\"western\"><a href=\"\/2022\/12\/AG-triathlon-2.jpg\"><img decoding=\"async\" class=\"aligncenter wp-image-198535\" src=\"\/2022\/12\/AG-triathlon-2-1024x768.jpg\" alt=\"AG triathlon (2)\" width=\"525\" height=\"394\" \/><\/a><\/p>\n<p class=\"western\"><strong>Les assises annuelles de G\u00e9rardmer Triathlon se sont d\u00e9roul\u00e9es samedi 10 d\u00e9cembre \u00e0 la salle de l&rsquo;h\u00f4tel de Ville o\u00f9 le pr\u00e9sident Jo\u00ebl Michel a pu \u00e9voquer le retour \u00e0 un rythme de croisi\u00e8re du club apr\u00e8s la p\u00e9riode difficile marqu\u00e9e par la fermeture de la piscine pour travaux et par la crise sanitaire.<\/strong><\/p>\n<p class=\"western\">En effet, Jo\u00ebl Michel et les membres du bureau du club peuvent avoir le sourire, la page semble d\u00e9finitivement tourn\u00e9e et, comme G\u00e9rardmer Triathlon l&rsquo;esp\u00e9rait, le nombre des licenci\u00e9s a commenc\u00e9 \u00e0 remonter apr\u00e8s l&rsquo;ouverture de la piscine au mois de f\u00e9vrier : \u00ab\u00a0<em>Nous avons 44 licenci\u00e9s pour la saison 2022, (23 en 2021 ) et (44 en 2020). Avec ces 23 nouveaux licenci\u00e9s, nous avons 11 Jeunes pour l\u2019\u00e9cole de triathlon\u00a0: 6 filles et 5 Gar\u00e7ons ; et 33 Adultes pour le club\u00a0: 7 F\u00e9minines et 25 Hommes. Pour 2023 nous avons d\u00e9j\u00e0 37 nouveaux licenci\u00e9s ou mutations : 16 jeunes et 21 adultes suppl\u00e9mentaires. Nous serons en passe de multiplier par deux l&rsquo;effectif du club<\/em>\u00a0\u00bb pr\u00e9cise le pr\u00e9sident. Avec un total qui avoisinera vraisemblablement les 70 triathl\u00e8tes et plus si affinit\u00e9s, c&rsquo;est donc un retour \u00e0 \u00ab\u00a0<em>un roulement habituel<\/em>\u00a0\u00bb pour reprendre les mots de Jo\u00ebl Michel qui rappelle que la piscine est vraiment le lieu de rassemblement pour les triathl\u00e8tes. Ils sont entre 20 et 30 \u00e0 participer aux entra\u00eenements sp\u00e9cifiques en piscine et les entra\u00eenements d\u00e9di\u00e9s \u00e0 la course et au v\u00e9lo ont eux aussi leur succ\u00e8s, sans oublier les entra\u00eenements au lac lorsque la m\u00e9t\u00e9o le permet. On peut d&rsquo;ailleurs annoncer une bonne nouvelle puisqu&rsquo;apr\u00e8s plus de 10 ans de demande de local aupr\u00e8s de la mairie, le club peut d\u00e9sormais b\u00e9n\u00e9ficier d&rsquo;un local qui est \u00e0 partager avec le nouveau club de natation avec palmes.<\/p>\n<p>Du point de vue des performances sportives, les couleurs du club furent bien repr\u00e9sent\u00e9es en dehors de la r\u00e9gion. Les adultes se sont d\u00e9plac\u00e9s \u00e0 plusieurs reprises dans l\u2019Est de la France, ou m\u00eame \u00e0 l&rsquo;\u00e9tranger. De belles performances ont \u00e9t\u00e9 r\u00e9alis\u00e9es par les G\u00e9r\u00f4mois sur les diff\u00e9rents triathlon et X-Terra. Bien entendu, on retiendra surtout cette ann\u00e9e le titre de champion du monde X TERRA en cat\u00e9gorie d&rsquo;\u00e2ge 40-44 ans de Yohann MATHIS qui a \u00e9t\u00e9 r\u00e9compens\u00e9 par la Ville de G\u00e9rardmer \u00e0 l&rsquo;occasion de la soir\u00e9e du sport g\u00e9r\u00f4mois pour son 2\u00e8me titre dans cette cat\u00e9gorie. Un bel exemple pour la jeunesse du club qui ne demande qu&rsquo;\u00e0 s&rsquo;\u00e9panouir dans ce sport qui a toujours la cote \u00e0 G\u00e9rardmer et dans les Vosges. G\u00e9rardmer Triathlon est donc sur de bons rails pour 2023, ann\u00e9e o\u00f9 il participera, comme beaucoup, \u00e0 la f\u00eate des Jonquilles en plus des nombreuses comp\u00e9titions qui sont d\u00e9j\u00e0 au programme&#8230;<\/p>\n<p>&nbsp;<\/p>\n","protected":false},"excerpt":{"rendered":"<p>Les assises annuelles de G\u00e9rardmer Triathlon se sont d\u00e9roul\u00e9es samedi 10 d\u00e9cembre \u00e0 la salle de l&rsquo;h\u00f4tel de Ville o\u00f9 [&hellip;]<\/p>\n","protected":false},"author":42,"featured_media":5759,"comment_status":"open","ping_status":"open","sticky":false,"template":"","format":"standard","meta":{"footnotes":""},"categories":[20,25,14],"tags":[113,5293],"class_list":["post-63374","post","type-post","status-publish","format-standard","has-post-thumbnail","hentry","category-a-la-une","category-gerardmer","category-sport","tag-gerardmer-triathlon","tag-joel-michel"],"acf":[],"yoast_head":"<!-- This site is optimized with the Yoast SEO plugin v22.5 - https:\/\/yoast.com\/wordpress\/plugins\/seo\/ -->\n<title>G\u00e9rardmer Triathlon se refait une sant\u00e9 - Gerardmer Info<\/title>\n<meta name=\"robots\" content=\"index, follow, max-snippet:-1, max-image-preview:large, max-video-preview:-1\" \/>\n<link rel=\"canonical\" href=\"https:\/\/vosgesinfo.fr\/gerardmerinfo\/2022\/12\/gerardmer-triathlon-se-refait-sante\/\" \/>\n<meta name=\"twitter:card\" content=\"summary_large_image\" \/>\n<meta name=\"twitter:title\" content=\"G\u00e9rardmer Triathlon se refait une sant\u00e9 - Gerardmer Info\" \/>\n<meta name=\"twitter:description\" content=\"Les assises annuelles de G\u00e9rardmer Triathlon se sont d\u00e9roul\u00e9es samedi 10 d\u00e9cembre \u00e0 la salle de l&rsquo;h\u00f4tel de Ville o\u00f9 [&hellip;]\" \/>\n<meta name=\"twitter:image\" content=\"https:\/\/vosgesinfo.fr\/app\/uploads\/sites\/6\/2023\/12\/ag-triathlon-2.jpg\" \/>\n<meta name=\"twitter:creator\" content=\"@VosgesInfo88\" \/>\n<meta name=\"twitter:site\" content=\"@VosgesInfo88\" \/>\n<meta name=\"twitter:label1\" content=\"\u00c9crit par\" \/>\n\t<meta name=\"twitter:data1\" content=\"QG\" \/>\n\t<meta name=\"twitter:label2\" content=\"Dur\u00e9e de lecture estim\u00e9e\" \/>\n\t<meta name=\"twitter:data2\" content=\"2 minutes\" \/>\n<script type=\"application\/ld+json\" class=\"yoast-schema-graph\">{\"@context\":\"https:\/\/schema.org\",\"@graph\":[{\"@type\":\"Article\",\"@id\":\"https:\/\/vosgesinfo.fr\/gerardmerinfo\/2022\/12\/gerardmer-triathlon-se-refait-sante\/#article\",\"isPartOf\":{\"@id\":\"https:\/\/vosgesinfo.fr\/gerardmerinfo\/2022\/12\/gerardmer-triathlon-se-refait-sante\/\"},\"author\":{\"name\":\"QG\",\"@id\":\"https:\/\/vosgesinfo.fr\/gerardmerinfo\/#\/schema\/person\/db5605779a843dad16b5368f3e7613a5\"},\"headline\":\"G\u00e9rardmer Triathlon se refait une sant\u00e9\",\"datePublished\":\"2022-12-12T03:59:42+00:00\",\"dateModified\":\"2022-12-12T03:59:42+00:00\",\"mainEntityOfPage\":{\"@id\":\"https:\/\/vosgesinfo.fr\/gerardmerinfo\/2022\/12\/gerardmer-triathlon-se-refait-sante\/\"},\"wordCount\":505,\"commentCount\":0,\"publisher\":{\"@id\":\"https:\/\/vosgesinfo.fr\/gerardmerinfo\/#organization\"},\"image\":{\"@id\":\"https:\/\/vosgesinfo.fr\/gerardmerinfo\/2022\/12\/gerardmer-triathlon-se-refait-sante\/#primaryimage\"},\"thumbnailUrl\":\"https:\/\/vosgesinfo.fr\/app\/uploads\/sites\/6\/2023\/12\/ag-triathlon-2.jpg\",\"keywords\":[\"G\u00e9rardmer triathlon\",\"Joel Michel\"],\"articleSection\":[\"A la une\",\"G\u00e9rardmer\",\"Sport\"],\"inLanguage\":\"fr-FR\",\"potentialAction\":[{\"@type\":\"CommentAction\",\"name\":\"Comment\",\"target\":[\"https:\/\/vosgesinfo.fr\/gerardmerinfo\/2022\/12\/gerardmer-triathlon-se-refait-sante\/#respond\"]}]},{\"@type\":\"WebPage\",\"@id\":\"https:\/\/vosgesinfo.fr\/gerardmerinfo\/2022\/12\/gerardmer-triathlon-se-refait-sante\/\",\"url\":\"https:\/\/vosgesinfo.fr\/gerardmerinfo\/2022\/12\/gerardmer-triathlon-se-refait-sante\/\",\"name\":\"G\u00e9rardmer Triathlon se refait une sant\u00e9 - Gerardmer Info\",\"isPartOf\":{\"@id\":\"https:\/\/vosgesinfo.fr\/gerardmerinfo\/#website\"},\"primaryImageOfPage\":{\"@id\":\"https:\/\/vosgesinfo.fr\/gerardmerinfo\/2022\/12\/gerardmer-triathlon-se-refait-sante\/#primaryimage\"},\"image\":{\"@id\":\"https:\/\/vosgesinfo.fr\/gerardmerinfo\/2022\/12\/gerardmer-triathlon-se-refait-sante\/#primaryimage\"},\"thumbnailUrl\":\"https:\/\/vosgesinfo.fr\/app\/uploads\/sites\/6\/2023\/12\/ag-triathlon-2.jpg\",\"datePublished\":\"2022-12-12T03:59:42+00:00\",\"dateModified\":\"2022-12-12T03:59:42+00:00\",\"breadcrumb\":{\"@id\":\"https:\/\/vosgesinfo.fr\/gerardmerinfo\/2022\/12\/gerardmer-triathlon-se-refait-sante\/#breadcrumb\"},\"inLanguage\":\"fr-FR\",\"potentialAction\":[{\"@type\":\"ReadAction\",\"target\":[\"https:\/\/vosgesinfo.fr\/gerardmerinfo\/2022\/12\/gerardmer-triathlon-se-refait-sante\/\"]}]},{\"@type\":\"ImageObject\",\"inLanguage\":\"fr-FR\",\"@id\":\"https:\/\/vosgesinfo.fr\/gerardmerinfo\/2022\/12\/gerardmer-triathlon-se-refait-sante\/#primaryimage\",\"url\":\"https:\/\/vosgesinfo.fr\/app\/uploads\/sites\/6\/2023\/12\/ag-triathlon-2.jpg\",\"contentUrl\":\"https:\/\/vosgesinfo.fr\/app\/uploads\/sites\/6\/2023\/12\/ag-triathlon-2.jpg\"},{\"@type\":\"BreadcrumbList\",\"@id\":\"https:\/\/vosgesinfo.fr\/gerardmerinfo\/2022\/12\/gerardmer-triathlon-se-refait-sante\/#breadcrumb\",\"itemListElement\":[{\"@type\":\"ListItem\",\"position\":1,\"name\":\"Home\",\"item\":\"https:\/\/vosgesinfo.fr\/gerardmerinfo\/\"},{\"@type\":\"ListItem\",\"position\":2,\"name\":\"G\u00e9rardmer Triathlon se refait une sant\u00e9\"}]},{\"@type\":\"WebSite\",\"@id\":\"https:\/\/vosgesinfo.fr\/gerardmerinfo\/#website\",\"url\":\"https:\/\/vosgesinfo.fr\/gerardmerinfo\/\",\"name\":\"Gerardmer Info\",\"description\":\"Toute l&#039;actualit\u00e9 de G\u00e9rardmer\",\"publisher\":{\"@id\":\"https:\/\/vosgesinfo.fr\/gerardmerinfo\/#organization\"},\"alternateName\":\"Toute l'actualit\u00e9 de G\u00e9rardmer\",\"potentialAction\":[{\"@type\":\"SearchAction\",\"target\":{\"@type\":\"EntryPoint\",\"urlTemplate\":\"https:\/\/vosgesinfo.fr\/gerardmerinfo\/?s={search_term_string}\"},\"query-input\":\"required name=search_term_string\"}],\"inLanguage\":\"fr-FR\"},{\"@type\":\"Organization\",\"@id\":\"https:\/\/vosgesinfo.fr\/gerardmerinfo\/#organization\",\"name\":\"Gerardmer Info\",\"url\":\"https:\/\/vosgesinfo.fr\/gerardmerinfo\/\",\"logo\":{\"@type\":\"ImageObject\",\"inLanguage\":\"fr-FR\",\"@id\":\"https:\/\/vosgesinfo.fr\/gerardmerinfo\/#\/schema\/logo\/image\/\",\"url\":\"https:\/\/vosgesinfo.fr\/app\/uploads\/sites\/6\/2023\/08\/favicon-gerardmerinfo.png\",\"contentUrl\":\"https:\/\/vosgesinfo.fr\/app\/uploads\/sites\/6\/2023\/08\/favicon-gerardmerinfo.png\",\"width\":512,\"height\":512,\"caption\":\"Gerardmer Info\"},\"image\":{\"@id\":\"https:\/\/vosgesinfo.fr\/gerardmerinfo\/#\/schema\/logo\/image\/\"},\"sameAs\":[\"https:\/\/www.facebook.com\/profile.php?id=100049475262660\",\"https:\/\/x.com\/VosgesInfo88\",\"https:\/\/www.youtube.com\/@vosgesinfo\"]},{\"@type\":\"Person\",\"@id\":\"https:\/\/vosgesinfo.fr\/gerardmerinfo\/#\/schema\/person\/db5605779a843dad16b5368f3e7613a5\",\"name\":\"QG\",\"image\":{\"@type\":\"ImageObject\",\"inLanguage\":\"fr-FR\",\"@id\":\"https:\/\/vosgesinfo.fr\/gerardmerinfo\/#\/schema\/person\/image\/\",\"url\":\"https:\/\/secure.gravatar.com\/avatar\/ea80c42c204b534408512832fde52504ecabb9706bcb6151cf6175e5b64e6793?s=96&d=mm&r=g\",\"contentUrl\":\"https:\/\/secure.gravatar.com\/avatar\/ea80c42c204b534408512832fde52504ecabb9706bcb6151cf6175e5b64e6793?s=96&d=mm&r=g\",\"caption\":\"QG\"},\"url\":\"https:\/\/vosgesinfo.fr\/gerardmerinfo\/author\/quentin88\/\"}]}<\/script>\n<!-- \/ Yoast SEO plugin. -->","yoast_head_json":{"title":"G\u00e9rardmer Triathlon se refait une sant\u00e9 - Gerardmer Info","robots":{"index":"index","follow":"follow","max-snippet":"max-snippet:-1","max-image-preview":"max-image-preview:large","max-video-preview":"max-video-preview:-1"},"canonical":"https:\/\/vosgesinfo.fr\/gerardmerinfo\/2022\/12\/gerardmer-triathlon-se-refait-sante\/","twitter_card":"summary_large_image","twitter_title":"G\u00e9rardmer Triathlon se refait une sant\u00e9 - Gerardmer Info","twitter_description":"Les assises annuelles de G\u00e9rardmer Triathlon se sont d\u00e9roul\u00e9es samedi 10 d\u00e9cembre \u00e0 la salle de l&rsquo;h\u00f4tel de Ville o\u00f9 [&hellip;]","twitter_image":"https:\/\/vosgesinfo.fr\/app\/uploads\/sites\/6\/2023\/12\/ag-triathlon-2.jpg","twitter_creator":"@VosgesInfo88","twitter_site":"@VosgesInfo88","twitter_misc":{"\u00c9crit par":"QG","Dur\u00e9e de lecture estim\u00e9e":"2 minutes"},"schema":{"@context":"https:\/\/schema.org","@graph":[{"@type":"Article","@id":"https:\/\/vosgesinfo.fr\/gerardmerinfo\/2022\/12\/gerardmer-triathlon-se-refait-sante\/#article","isPartOf":{"@id":"https:\/\/vosgesinfo.fr\/gerardmerinfo\/2022\/12\/gerardmer-triathlon-se-refait-sante\/"},"author":{"name":"QG","@id":"https:\/\/vosgesinfo.fr\/gerardmerinfo\/#\/schema\/person\/db5605779a843dad16b5368f3e7613a5"},"headline":"G\u00e9rardmer Triathlon se refait une sant\u00e9","datePublished":"2022-12-12T03:59:42+00:00","dateModified":"2022-12-12T03:59:42+00:00","mainEntityOfPage":{"@id":"https:\/\/vosgesinfo.fr\/gerardmerinfo\/2022\/12\/gerardmer-triathlon-se-refait-sante\/"},"wordCount":505,"commentCount":0,"publisher":{"@id":"https:\/\/vosgesinfo.fr\/gerardmerinfo\/#organization"},"image":{"@id":"https:\/\/vosgesinfo.fr\/gerardmerinfo\/2022\/12\/gerardmer-triathlon-se-refait-sante\/#primaryimage"},"thumbnailUrl":"https:\/\/vosgesinfo.fr\/app\/uploads\/sites\/6\/2023\/12\/ag-triathlon-2.jpg","keywords":["G\u00e9rardmer triathlon","Joel Michel"],"articleSection":["A la une","G\u00e9rardmer","Sport"],"inLanguage":"fr-FR","potentialAction":[{"@type":"CommentAction","name":"Comment","target":["https:\/\/vosgesinfo.fr\/gerardmerinfo\/2022\/12\/gerardmer-triathlon-se-refait-sante\/#respond"]}]},{"@type":"WebPage","@id":"https:\/\/vosgesinfo.fr\/gerardmerinfo\/2022\/12\/gerardmer-triathlon-se-refait-sante\/","url":"https:\/\/vosgesinfo.fr\/gerardmerinfo\/2022\/12\/gerardmer-triathlon-se-refait-sante\/","name":"G\u00e9rardmer Triathlon se refait une sant\u00e9 - Gerardmer Info","isPartOf":{"@id":"https:\/\/vosgesinfo.fr\/gerardmerinfo\/#website"},"primaryImageOfPage":{"@id":"https:\/\/vosgesinfo.fr\/gerardmerinfo\/2022\/12\/gerardmer-triathlon-se-refait-sante\/#primaryimage"},"image":{"@id":"https:\/\/vosgesinfo.fr\/gerardmerinfo\/2022\/12\/gerardmer-triathlon-se-refait-sante\/#primaryimage"},"thumbnailUrl":"https:\/\/vosgesinfo.fr\/app\/uploads\/sites\/6\/2023\/12\/ag-triathlon-2.jpg","datePublished":"2022-12-12T03:59:42+00:00","dateModified":"2022-12-12T03:59:42+00:00","breadcrumb":{"@id":"https:\/\/vosgesinfo.fr\/gerardmerinfo\/2022\/12\/gerardmer-triathlon-se-refait-sante\/#breadcrumb"},"inLanguage":"fr-FR","potentialAction":[{"@type":"ReadAction","target":["https:\/\/vosgesinfo.fr\/gerardmerinfo\/2022\/12\/gerardmer-triathlon-se-refait-sante\/"]}]},{"@type":"ImageObject","inLanguage":"fr-FR","@id":"https:\/\/vosgesinfo.fr\/gerardmerinfo\/2022\/12\/gerardmer-triathlon-se-refait-sante\/#primaryimage","url":"https:\/\/vosgesinfo.fr\/app\/uploads\/sites\/6\/2023\/12\/ag-triathlon-2.jpg","contentUrl":"https:\/\/vosgesinfo.fr\/app\/uploads\/sites\/6\/2023\/12\/ag-triathlon-2.jpg"},{"@type":"BreadcrumbList","@id":"https:\/\/vosgesinfo.fr\/gerardmerinfo\/2022\/12\/gerardmer-triathlon-se-refait-sante\/#breadcrumb","itemListElement":[{"@type":"ListItem","position":1,"name":"Home","item":"https:\/\/vosgesinfo.fr\/gerardmerinfo\/"},{"@type":"ListItem","position":2,"name":"G\u00e9rardmer Triathlon se refait une sant\u00e9"}]},{"@type":"WebSite","@id":"https:\/\/vosgesinfo.fr\/gerardmerinfo\/#website","url":"https:\/\/vosgesinfo.fr\/gerardmerinfo\/","name":"Gerardmer Info","description":"Toute l&#039;actualit\u00e9 de G\u00e9rardmer","publisher":{"@id":"https:\/\/vosgesinfo.fr\/gerardmerinfo\/#organization"},"alternateName":"Toute l'actualit\u00e9 de G\u00e9rardmer","potentialAction":[{"@type":"SearchAction","target":{"@type":"EntryPoint","urlTemplate":"https:\/\/vosgesinfo.fr\/gerardmerinfo\/?s={search_term_string}"},"query-input":"required name=search_term_string"}],"inLanguage":"fr-FR"},{"@type":"Organization","@id":"https:\/\/vosgesinfo.fr\/gerardmerinfo\/#organization","name":"Gerardmer Info","url":"https:\/\/vosgesinfo.fr\/gerardmerinfo\/","logo":{"@type":"ImageObject","inLanguage":"fr-FR","@id":"https:\/\/vosgesinfo.fr\/gerardmerinfo\/#\/schema\/logo\/image\/","url":"https:\/\/vosgesinfo.fr\/app\/uploads\/sites\/6\/2023\/08\/favicon-gerardmerinfo.png","contentUrl":"https:\/\/vosgesinfo.fr\/app\/uploads\/sites\/6\/2023\/08\/favicon-gerardmerinfo.png","width":512,"height":512,"caption":"Gerardmer Info"},"image":{"@id":"https:\/\/vosgesinfo.fr\/gerardmerinfo\/#\/schema\/logo\/image\/"},"sameAs":["https:\/\/www.facebook.com\/profile.php?id=100049475262660","https:\/\/x.com\/VosgesInfo88","https:\/\/www.youtube.com\/@vosgesinfo"]},{"@type":"Person","@id":"https:\/\/vosgesinfo.fr\/gerardmerinfo\/#\/schema\/person\/db5605779a843dad16b5368f3e7613a5","name":"QG","image":{"@type":"ImageObject","inLanguage":"fr-FR","@id":"https:\/\/vosgesinfo.fr\/gerardmerinfo\/#\/schema\/person\/image\/","url":"https:\/\/secure.gravatar.com\/avatar\/ea80c42c204b534408512832fde52504ecabb9706bcb6151cf6175e5b64e6793?s=96&d=mm&r=g","contentUrl":"https:\/\/secure.gravatar.com\/avatar\/ea80c42c204b534408512832fde52504ecabb9706bcb6151cf6175e5b64e6793?s=96&d=mm&r=g","caption":"QG"},"url":"https:\/\/vosgesinfo.fr\/gerardmerinfo\/author\/quentin88\/"}]}},"_links":{"self":[{"href":"https:\/\/vosgesinfo.fr\/gerardmerinfo\/wp-json\/wp\/v2\/posts\/63374","targetHints":{"allow":["GET"]}}],"collection":[{"href":"https:\/\/vosgesinfo.fr\/gerardmerinfo\/wp-json\/wp\/v2\/posts"}],"about":[{"href":"https:\/\/vosgesinfo.fr\/gerardmerinfo\/wp-json\/wp\/v2\/types\/post"}],"author":[{"embeddable":true,"href":"https:\/\/vosgesinfo.fr\/gerardmerinfo\/wp-json\/wp\/v2\/users\/42"}],"replies":[{"embeddable":true,"href":"https:\/\/vosgesinfo.fr\/gerardmerinfo\/wp-json\/wp\/v2\/comments?post=63374"}],"version-history":[{"count":0,"href":"https:\/\/vosgesinfo.fr\/gerardmerinfo\/wp-json\/wp\/v2\/posts\/63374\/revisions"}],"wp:featuredmedia":[{"embeddable":true,"href":"https:\/\/vosgesinfo.fr\/gerardmerinfo\/wp-json\/wp\/v2\/media\/5759"}],"wp:attachment":[{"href":"https:\/\/vosgesinfo.fr\/gerardmerinfo\/wp-json\/wp\/v2\/media?parent=63374"}],"wp:term":[{"taxonomy":"category","embeddable":true,"href":"https:\/\/vosgesinfo.fr\/gerardmerinfo\/wp-json\/wp\/v2\/categories?post=63374"},{"taxonomy":"post_tag","embeddable":true,"href":"https:\/\/vosgesinfo.fr\/gerardmerinfo\/wp-json\/wp\/v2\/tags?post=63374"}],"curies":[{"name":"wp","href":"https:\/\/api.w.org\/{rel}","templated":true}]}}