{"id":63378,"date":"2022-12-11T19:00:26","date_gmt":"2022-12-11T18:00:26","guid":{"rendered":"https:\/\/vosgesinfo.fr\/gerardmerinfo\/2022\/12\/coupe-de-france-las-gerardmer-sincline-logiquement-face-sas\/"},"modified":"2022-12-11T19:00:26","modified_gmt":"2022-12-11T18:00:26","slug":"coupe-de-france-las-gerardmer-sincline-logiquement-face-sas","status":"publish","type":"post","link":"https:\/\/vosgesinfo.fr\/gerardmerinfo\/2022\/12\/coupe-de-france-las-gerardmer-sincline-logiquement-face-sas\/","title":{"rendered":"Coupe de France : l&rsquo;AS G\u00e9rardmer s&rsquo;incline logiquement face au SAS"},"content":{"rendered":"<h3><a href=\"\/2021\/10\/logo-volley-asg.png\"><img decoding=\"async\" class=\"aligncenter size-medium wp-image-180705\" src=\"\/2021\/10\/logo-volley-asg-255x255.png\" alt=\"logo volley asg\" width=\"255\" height=\"255\" \/><\/a><\/h3>\n<h3><span style=\"font-size: 12pt;\">L&rsquo;ASG Volley recevait le SAS Epinal samedi \u00e0 la Halle des Sports dans le cadre des huiti\u00e8mes de finale de la coupe de France f\u00e9d\u00e9rale masculine. Les Spinaliens qui \u00e9voluent en Elite se sont logiquement qualifi\u00e9s pour les quart de finale en venant \u00e0 bout d&rsquo;une formation g\u00e9r\u00f4moise qui a montr\u00e9 du s\u00e9rieux et de l&rsquo;envie malgr\u00e9 une d\u00e9faite en 3 sets secs.<\/span><\/h3>\n<p>Le score : 25\/18\u00a0 25\/11 25\/20<\/p>\n<p>La premi\u00e8re manche d\u00e9marrait plut\u00f4t bien avec des locaux qui tenaient bien le choc en restant au contact jusqu\u2019\u00e0 17 partout. Les deux \u00e9quipes se rendaient coup pour coup, avec comme souvent de la prise de risque au service pour l&rsquo;ASG en r\u00e9ussite, et le SAS qui faisait plut\u00f4t parler la puissance en bout de fil.Un temps mort pris par le coach adverse Fran\u00e7ois M\u00e9rel remettait un peu d&rsquo;ordre dans la maison spinalienne qui g\u00e9rait mieux la fin de set en serrant le jeu au bon moment pour virer en t\u00eate. Les locaux accusaient le coup alors que leurs adversaires prenaient un peu plus d&rsquo;assurance et continuaient sur leur lanc\u00e9e : Totel\u00e9 \u00e9tait dans un fauteuil pour distribuer, Conver signait une s\u00e9rie de services interminables et G\u00e9rardmer sans solution voyait le set filer en moins de temps qu&rsquo;il faut pour le dire. Le score est sans appel et laisse songeur : 25-11. Le SAS rappelait la diff\u00e9rence de statut entre les deux formations et ne laissait pas G\u00e9rardmer croire \u00e0 un retour possible. Malgr\u00e9 un soup\u00e7on de d\u00e9contraction et un peu plus de mordant chez les hommes de Bergagnini soucieux de bien figurer devant leur public, le troisi\u00e8me set sera le dernier, bien qu&rsquo;un peu plus \u00e9quilibr\u00e9. A 10 partout, les visiteurs acc\u00e9l\u00e9raient \u00e0 nouveau et prenaient suffisamment d&rsquo;avance pour se permettre de d\u00e9rouler tranquillement en d\u00e9pit de quelques assauts et sursauts des G\u00e9r\u00f4mois pour qui la marche \u00e9tait trop haute ce week-end. Pour le coach Fran\u00e7ois M\u00e9rel et son groupe, le prochain rendez-vous dans cette comp\u00e9tition est pris le 4\u00a0f\u00e9vrier\u00a02023. A G\u00e9rardmer, Paul Bergagnini semblait satisfait de la rencontre, du comportement de ses jeunes, notamment des entr\u00e9es de Vidal et de Nourry pour sa premi\u00e8re avec le groupe. Valider tout cela par une deuxi\u00e8me victoire cons\u00e9cutive en championnat serait un bon cadeau \u00e0 s&rsquo;offrir avant la tr\u00eave. L&rsquo;ASG recevra en effet Patriote de ST Denis dimanche 18 d\u00e9cembre \u00e0 15 h 00 \u00e0 la Halle des Sports<\/p>\n<h4>Qualification des U18<\/h4>\n<p>Enfin, les juniors de l&rsquo;ASG\u00a0 \u00e9taient en lice pour le troisi\u00e8me tour de la coupe de France jeunes et se sont \u00e0 nouveau qualifi\u00e9s pour la suite de la comp\u00e9tition, pour le plus\u00a0grand bonheur de leur coach Pascal Durand qui r\u00e9alise un superbe travail depuis toujours avec cette g\u00e9n\u00e9ration. Au programme du dimanche comme \u00e0 chaque fois dans ce format, deux matchs en deux sets gagnants pour terminer aux deux premi\u00e8res places d&rsquo;une triangulaire et rester en course. En remportant le premier match deux sets \u00e0 0 contre Mulhouse ( 25\/15\u00a0 25\/15), les G\u00e9r\u00f4mois avaient pratiquement valid\u00e9 leur ticket, tant Strasbourg, troisi\u00e8me \u00e9quipe en lice faisait office de favori du tournoi. Logique respect\u00e9e, les strasbourgeois faisaient plier G\u00e9rardmer 25\/16\u00a0 25\/20. Mais en remportant sans probl\u00e8me leur match contre Mulhouse deux sets z\u00e9ro \u00e0 la suite, les Strasbourgeois s&rsquo;offraient la qualification et validaient celle de l&rsquo;ASG. Prochain tour le 8 janvier pour les jeunes loups de l&rsquo;ASG !<\/p>\n<p>&nbsp;<\/p>\n","protected":false},"excerpt":{"rendered":"<p>L&rsquo;ASG Volley recevait le SAS Epinal samedi \u00e0 la Halle des Sports dans le cadre des huiti\u00e8mes de finale de [&hellip;]<\/p>\n","protected":false},"author":42,"featured_media":4255,"comment_status":"open","ping_status":"open","sticky":false,"template":"","format":"standard","meta":{"footnotes":""},"categories":[20,25,14],"tags":[],"class_list":["post-63378","post","type-post","status-publish","format-standard","has-post-thumbnail","hentry","category-a-la-une","category-gerardmer","category-sport"],"acf":[],"yoast_head":"<!-- This site is optimized with the Yoast SEO plugin v22.5 - https:\/\/yoast.com\/wordpress\/plugins\/seo\/ -->\n<title>Coupe de France : l&#039;AS G\u00e9rardmer s&#039;incline logiquement face au SAS - Gerardmer Info<\/title>\n<meta name=\"robots\" content=\"index, follow, max-snippet:-1, max-image-preview:large, max-video-preview:-1\" \/>\n<link rel=\"canonical\" href=\"https:\/\/vosgesinfo.fr\/gerardmerinfo\/2022\/12\/coupe-de-france-las-gerardmer-sincline-logiquement-face-sas\/\" \/>\n<meta name=\"twitter:card\" content=\"summary_large_image\" \/>\n<meta name=\"twitter:title\" content=\"Coupe de France : l&#039;AS G\u00e9rardmer s&#039;incline logiquement face au SAS - Gerardmer Info\" \/>\n<meta name=\"twitter:description\" content=\"L&rsquo;ASG Volley recevait le SAS Epinal samedi \u00e0 la Halle des Sports dans le cadre des huiti\u00e8mes de finale de [&hellip;]\" \/>\n<meta name=\"twitter:image\" content=\"https:\/\/vosgesinfo.fr\/app\/uploads\/sites\/6\/2021\/10\/logo-volley-asg.png\" \/>\n<meta name=\"twitter:creator\" content=\"@VosgesInfo88\" \/>\n<meta name=\"twitter:site\" content=\"@VosgesInfo88\" \/>\n<meta name=\"twitter:label1\" content=\"\u00c9crit par\" \/>\n\t<meta name=\"twitter:data1\" content=\"QG\" \/>\n\t<meta name=\"twitter:label2\" content=\"Dur\u00e9e de lecture estim\u00e9e\" \/>\n\t<meta name=\"twitter:data2\" content=\"3 minutes\" \/>\n<script type=\"application\/ld+json\" class=\"yoast-schema-graph\">{\"@context\":\"https:\/\/schema.org\",\"@graph\":[{\"@type\":\"Article\",\"@id\":\"https:\/\/vosgesinfo.fr\/gerardmerinfo\/2022\/12\/coupe-de-france-las-gerardmer-sincline-logiquement-face-sas\/#article\",\"isPartOf\":{\"@id\":\"https:\/\/vosgesinfo.fr\/gerardmerinfo\/2022\/12\/coupe-de-france-las-gerardmer-sincline-logiquement-face-sas\/\"},\"author\":{\"name\":\"QG\",\"@id\":\"https:\/\/vosgesinfo.fr\/gerardmerinfo\/#\/schema\/person\/db5605779a843dad16b5368f3e7613a5\"},\"headline\":\"Coupe de France : l&rsquo;AS G\u00e9rardmer s&rsquo;incline logiquement face au SAS\",\"datePublished\":\"2022-12-11T18:00:26+00:00\",\"dateModified\":\"2022-12-11T18:00:26+00:00\",\"mainEntityOfPage\":{\"@id\":\"https:\/\/vosgesinfo.fr\/gerardmerinfo\/2022\/12\/coupe-de-france-las-gerardmer-sincline-logiquement-face-sas\/\"},\"wordCount\":614,\"commentCount\":0,\"publisher\":{\"@id\":\"https:\/\/vosgesinfo.fr\/gerardmerinfo\/#organization\"},\"image\":{\"@id\":\"https:\/\/vosgesinfo.fr\/gerardmerinfo\/2022\/12\/coupe-de-france-las-gerardmer-sincline-logiquement-face-sas\/#primaryimage\"},\"thumbnailUrl\":\"https:\/\/vosgesinfo.fr\/app\/uploads\/sites\/6\/2021\/10\/logo-volley-asg.png\",\"articleSection\":[\"A la une\",\"G\u00e9rardmer\",\"Sport\"],\"inLanguage\":\"fr-FR\",\"potentialAction\":[{\"@type\":\"CommentAction\",\"name\":\"Comment\",\"target\":[\"https:\/\/vosgesinfo.fr\/gerardmerinfo\/2022\/12\/coupe-de-france-las-gerardmer-sincline-logiquement-face-sas\/#respond\"]}]},{\"@type\":\"WebPage\",\"@id\":\"https:\/\/vosgesinfo.fr\/gerardmerinfo\/2022\/12\/coupe-de-france-las-gerardmer-sincline-logiquement-face-sas\/\",\"url\":\"https:\/\/vosgesinfo.fr\/gerardmerinfo\/2022\/12\/coupe-de-france-las-gerardmer-sincline-logiquement-face-sas\/\",\"name\":\"Coupe de France : l'AS G\u00e9rardmer s'incline logiquement face au SAS - Gerardmer Info\",\"isPartOf\":{\"@id\":\"https:\/\/vosgesinfo.fr\/gerardmerinfo\/#website\"},\"primaryImageOfPage\":{\"@id\":\"https:\/\/vosgesinfo.fr\/gerardmerinfo\/2022\/12\/coupe-de-france-las-gerardmer-sincline-logiquement-face-sas\/#primaryimage\"},\"image\":{\"@id\":\"https:\/\/vosgesinfo.fr\/gerardmerinfo\/2022\/12\/coupe-de-france-las-gerardmer-sincline-logiquement-face-sas\/#primaryimage\"},\"thumbnailUrl\":\"https:\/\/vosgesinfo.fr\/app\/uploads\/sites\/6\/2021\/10\/logo-volley-asg.png\",\"datePublished\":\"2022-12-11T18:00:26+00:00\",\"dateModified\":\"2022-12-11T18:00:26+00:00\",\"breadcrumb\":{\"@id\":\"https:\/\/vosgesinfo.fr\/gerardmerinfo\/2022\/12\/coupe-de-france-las-gerardmer-sincline-logiquement-face-sas\/#breadcrumb\"},\"inLanguage\":\"fr-FR\",\"potentialAction\":[{\"@type\":\"ReadAction\",\"target\":[\"https:\/\/vosgesinfo.fr\/gerardmerinfo\/2022\/12\/coupe-de-france-las-gerardmer-sincline-logiquement-face-sas\/\"]}]},{\"@type\":\"ImageObject\",\"inLanguage\":\"fr-FR\",\"@id\":\"https:\/\/vosgesinfo.fr\/gerardmerinfo\/2022\/12\/coupe-de-france-las-gerardmer-sincline-logiquement-face-sas\/#primaryimage\",\"url\":\"https:\/\/vosgesinfo.fr\/app\/uploads\/sites\/6\/2021\/10\/logo-volley-asg.png\",\"contentUrl\":\"https:\/\/vosgesinfo.fr\/app\/uploads\/sites\/6\/2021\/10\/logo-volley-asg.png\"},{\"@type\":\"BreadcrumbList\",\"@id\":\"https:\/\/vosgesinfo.fr\/gerardmerinfo\/2022\/12\/coupe-de-france-las-gerardmer-sincline-logiquement-face-sas\/#breadcrumb\",\"itemListElement\":[{\"@type\":\"ListItem\",\"position\":1,\"name\":\"Home\",\"item\":\"https:\/\/vosgesinfo.fr\/gerardmerinfo\/\"},{\"@type\":\"ListItem\",\"position\":2,\"name\":\"Coupe de France : l&rsquo;AS G\u00e9rardmer s&rsquo;incline logiquement face au SAS\"}]},{\"@type\":\"WebSite\",\"@id\":\"https:\/\/vosgesinfo.fr\/gerardmerinfo\/#website\",\"url\":\"https:\/\/vosgesinfo.fr\/gerardmerinfo\/\",\"name\":\"Gerardmer Info\",\"description\":\"Toute l&#039;actualit\u00e9 de G\u00e9rardmer\",\"publisher\":{\"@id\":\"https:\/\/vosgesinfo.fr\/gerardmerinfo\/#organization\"},\"alternateName\":\"Toute l'actualit\u00e9 de G\u00e9rardmer\",\"potentialAction\":[{\"@type\":\"SearchAction\",\"target\":{\"@type\":\"EntryPoint\",\"urlTemplate\":\"https:\/\/vosgesinfo.fr\/gerardmerinfo\/?s={search_term_string}\"},\"query-input\":\"required name=search_term_string\"}],\"inLanguage\":\"fr-FR\"},{\"@type\":\"Organization\",\"@id\":\"https:\/\/vosgesinfo.fr\/gerardmerinfo\/#organization\",\"name\":\"Gerardmer Info\",\"url\":\"https:\/\/vosgesinfo.fr\/gerardmerinfo\/\",\"logo\":{\"@type\":\"ImageObject\",\"inLanguage\":\"fr-FR\",\"@id\":\"https:\/\/vosgesinfo.fr\/gerardmerinfo\/#\/schema\/logo\/image\/\",\"url\":\"https:\/\/vosgesinfo.fr\/app\/uploads\/sites\/6\/2023\/08\/favicon-gerardmerinfo.png\",\"contentUrl\":\"https:\/\/vosgesinfo.fr\/app\/uploads\/sites\/6\/2023\/08\/favicon-gerardmerinfo.png\",\"width\":512,\"height\":512,\"caption\":\"Gerardmer Info\"},\"image\":{\"@id\":\"https:\/\/vosgesinfo.fr\/gerardmerinfo\/#\/schema\/logo\/image\/\"},\"sameAs\":[\"https:\/\/www.facebook.com\/profile.php?id=100049475262660\",\"https:\/\/x.com\/VosgesInfo88\",\"https:\/\/www.youtube.com\/@vosgesinfo\"]},{\"@type\":\"Person\",\"@id\":\"https:\/\/vosgesinfo.fr\/gerardmerinfo\/#\/schema\/person\/db5605779a843dad16b5368f3e7613a5\",\"name\":\"QG\",\"image\":{\"@type\":\"ImageObject\",\"inLanguage\":\"fr-FR\",\"@id\":\"https:\/\/vosgesinfo.fr\/gerardmerinfo\/#\/schema\/person\/image\/\",\"url\":\"https:\/\/secure.gravatar.com\/avatar\/ea80c42c204b534408512832fde52504ecabb9706bcb6151cf6175e5b64e6793?s=96&d=mm&r=g\",\"contentUrl\":\"https:\/\/secure.gravatar.com\/avatar\/ea80c42c204b534408512832fde52504ecabb9706bcb6151cf6175e5b64e6793?s=96&d=mm&r=g\",\"caption\":\"QG\"},\"url\":\"https:\/\/vosgesinfo.fr\/gerardmerinfo\/author\/quentin88\/\"}]}<\/script>\n<!-- \/ Yoast SEO plugin. -->","yoast_head_json":{"title":"Coupe de France : l'AS G\u00e9rardmer s'incline logiquement face au SAS - Gerardmer Info","robots":{"index":"index","follow":"follow","max-snippet":"max-snippet:-1","max-image-preview":"max-image-preview:large","max-video-preview":"max-video-preview:-1"},"canonical":"https:\/\/vosgesinfo.fr\/gerardmerinfo\/2022\/12\/coupe-de-france-las-gerardmer-sincline-logiquement-face-sas\/","twitter_card":"summary_large_image","twitter_title":"Coupe de France : l'AS G\u00e9rardmer s'incline logiquement face au SAS - Gerardmer Info","twitter_description":"L&rsquo;ASG Volley recevait le SAS Epinal samedi \u00e0 la Halle des Sports dans le cadre des huiti\u00e8mes de finale de [&hellip;]","twitter_image":"https:\/\/vosgesinfo.fr\/app\/uploads\/sites\/6\/2021\/10\/logo-volley-asg.png","twitter_creator":"@VosgesInfo88","twitter_site":"@VosgesInfo88","twitter_misc":{"\u00c9crit par":"QG","Dur\u00e9e de lecture estim\u00e9e":"3 minutes"},"schema":{"@context":"https:\/\/schema.org","@graph":[{"@type":"Article","@id":"https:\/\/vosgesinfo.fr\/gerardmerinfo\/2022\/12\/coupe-de-france-las-gerardmer-sincline-logiquement-face-sas\/#article","isPartOf":{"@id":"https:\/\/vosgesinfo.fr\/gerardmerinfo\/2022\/12\/coupe-de-france-las-gerardmer-sincline-logiquement-face-sas\/"},"author":{"name":"QG","@id":"https:\/\/vosgesinfo.fr\/gerardmerinfo\/#\/schema\/person\/db5605779a843dad16b5368f3e7613a5"},"headline":"Coupe de France : l&rsquo;AS G\u00e9rardmer s&rsquo;incline logiquement face au SAS","datePublished":"2022-12-11T18:00:26+00:00","dateModified":"2022-12-11T18:00:26+00:00","mainEntityOfPage":{"@id":"https:\/\/vosgesinfo.fr\/gerardmerinfo\/2022\/12\/coupe-de-france-las-gerardmer-sincline-logiquement-face-sas\/"},"wordCount":614,"commentCount":0,"publisher":{"@id":"https:\/\/vosgesinfo.fr\/gerardmerinfo\/#organization"},"image":{"@id":"https:\/\/vosgesinfo.fr\/gerardmerinfo\/2022\/12\/coupe-de-france-las-gerardmer-sincline-logiquement-face-sas\/#primaryimage"},"thumbnailUrl":"https:\/\/vosgesinfo.fr\/app\/uploads\/sites\/6\/2021\/10\/logo-volley-asg.png","articleSection":["A la une","G\u00e9rardmer","Sport"],"inLanguage":"fr-FR","potentialAction":[{"@type":"CommentAction","name":"Comment","target":["https:\/\/vosgesinfo.fr\/gerardmerinfo\/2022\/12\/coupe-de-france-las-gerardmer-sincline-logiquement-face-sas\/#respond"]}]},{"@type":"WebPage","@id":"https:\/\/vosgesinfo.fr\/gerardmerinfo\/2022\/12\/coupe-de-france-las-gerardmer-sincline-logiquement-face-sas\/","url":"https:\/\/vosgesinfo.fr\/gerardmerinfo\/2022\/12\/coupe-de-france-las-gerardmer-sincline-logiquement-face-sas\/","name":"Coupe de France : l'AS G\u00e9rardmer s'incline logiquement face au SAS - Gerardmer Info","isPartOf":{"@id":"https:\/\/vosgesinfo.fr\/gerardmerinfo\/#website"},"primaryImageOfPage":{"@id":"https:\/\/vosgesinfo.fr\/gerardmerinfo\/2022\/12\/coupe-de-france-las-gerardmer-sincline-logiquement-face-sas\/#primaryimage"},"image":{"@id":"https:\/\/vosgesinfo.fr\/gerardmerinfo\/2022\/12\/coupe-de-france-las-gerardmer-sincline-logiquement-face-sas\/#primaryimage"},"thumbnailUrl":"https:\/\/vosgesinfo.fr\/app\/uploads\/sites\/6\/2021\/10\/logo-volley-asg.png","datePublished":"2022-12-11T18:00:26+00:00","dateModified":"2022-12-11T18:00:26+00:00","breadcrumb":{"@id":"https:\/\/vosgesinfo.fr\/gerardmerinfo\/2022\/12\/coupe-de-france-las-gerardmer-sincline-logiquement-face-sas\/#breadcrumb"},"inLanguage":"fr-FR","potentialAction":[{"@type":"ReadAction","target":["https:\/\/vosgesinfo.fr\/gerardmerinfo\/2022\/12\/coupe-de-france-las-gerardmer-sincline-logiquement-face-sas\/"]}]},{"@type":"ImageObject","inLanguage":"fr-FR","@id":"https:\/\/vosgesinfo.fr\/gerardmerinfo\/2022\/12\/coupe-de-france-las-gerardmer-sincline-logiquement-face-sas\/#primaryimage","url":"https:\/\/vosgesinfo.fr\/app\/uploads\/sites\/6\/2021\/10\/logo-volley-asg.png","contentUrl":"https:\/\/vosgesinfo.fr\/app\/uploads\/sites\/6\/2021\/10\/logo-volley-asg.png"},{"@type":"BreadcrumbList","@id":"https:\/\/vosgesinfo.fr\/gerardmerinfo\/2022\/12\/coupe-de-france-las-gerardmer-sincline-logiquement-face-sas\/#breadcrumb","itemListElement":[{"@type":"ListItem","position":1,"name":"Home","item":"https:\/\/vosgesinfo.fr\/gerardmerinfo\/"},{"@type":"ListItem","position":2,"name":"Coupe de France : l&rsquo;AS G\u00e9rardmer s&rsquo;incline logiquement face au SAS"}]},{"@type":"WebSite","@id":"https:\/\/vosgesinfo.fr\/gerardmerinfo\/#website","url":"https:\/\/vosgesinfo.fr\/gerardmerinfo\/","name":"Gerardmer Info","description":"Toute l&#039;actualit\u00e9 de G\u00e9rardmer","publisher":{"@id":"https:\/\/vosgesinfo.fr\/gerardmerinfo\/#organization"},"alternateName":"Toute l'actualit\u00e9 de G\u00e9rardmer","potentialAction":[{"@type":"SearchAction","target":{"@type":"EntryPoint","urlTemplate":"https:\/\/vosgesinfo.fr\/gerardmerinfo\/?s={search_term_string}"},"query-input":"required name=search_term_string"}],"inLanguage":"fr-FR"},{"@type":"Organization","@id":"https:\/\/vosgesinfo.fr\/gerardmerinfo\/#organization","name":"Gerardmer Info","url":"https:\/\/vosgesinfo.fr\/gerardmerinfo\/","logo":{"@type":"ImageObject","inLanguage":"fr-FR","@id":"https:\/\/vosgesinfo.fr\/gerardmerinfo\/#\/schema\/logo\/image\/","url":"https:\/\/vosgesinfo.fr\/app\/uploads\/sites\/6\/2023\/08\/favicon-gerardmerinfo.png","contentUrl":"https:\/\/vosgesinfo.fr\/app\/uploads\/sites\/6\/2023\/08\/favicon-gerardmerinfo.png","width":512,"height":512,"caption":"Gerardmer Info"},"image":{"@id":"https:\/\/vosgesinfo.fr\/gerardmerinfo\/#\/schema\/logo\/image\/"},"sameAs":["https:\/\/www.facebook.com\/profile.php?id=100049475262660","https:\/\/x.com\/VosgesInfo88","https:\/\/www.youtube.com\/@vosgesinfo"]},{"@type":"Person","@id":"https:\/\/vosgesinfo.fr\/gerardmerinfo\/#\/schema\/person\/db5605779a843dad16b5368f3e7613a5","name":"QG","image":{"@type":"ImageObject","inLanguage":"fr-FR","@id":"https:\/\/vosgesinfo.fr\/gerardmerinfo\/#\/schema\/person\/image\/","url":"https:\/\/secure.gravatar.com\/avatar\/ea80c42c204b534408512832fde52504ecabb9706bcb6151cf6175e5b64e6793?s=96&d=mm&r=g","contentUrl":"https:\/\/secure.gravatar.com\/avatar\/ea80c42c204b534408512832fde52504ecabb9706bcb6151cf6175e5b64e6793?s=96&d=mm&r=g","caption":"QG"},"url":"https:\/\/vosgesinfo.fr\/gerardmerinfo\/author\/quentin88\/"}]}},"_links":{"self":[{"href":"https:\/\/vosgesinfo.fr\/gerardmerinfo\/wp-json\/wp\/v2\/posts\/63378","targetHints":{"allow":["GET"]}}],"collection":[{"href":"https:\/\/vosgesinfo.fr\/gerardmerinfo\/wp-json\/wp\/v2\/posts"}],"about":[{"href":"https:\/\/vosgesinfo.fr\/gerardmerinfo\/wp-json\/wp\/v2\/types\/post"}],"author":[{"embeddable":true,"href":"https:\/\/vosgesinfo.fr\/gerardmerinfo\/wp-json\/wp\/v2\/users\/42"}],"replies":[{"embeddable":true,"href":"https:\/\/vosgesinfo.fr\/gerardmerinfo\/wp-json\/wp\/v2\/comments?post=63378"}],"version-history":[{"count":0,"href":"https:\/\/vosgesinfo.fr\/gerardmerinfo\/wp-json\/wp\/v2\/posts\/63378\/revisions"}],"wp:featuredmedia":[{"embeddable":true,"href":"https:\/\/vosgesinfo.fr\/gerardmerinfo\/wp-json\/wp\/v2\/media\/4255"}],"wp:attachment":[{"href":"https:\/\/vosgesinfo.fr\/gerardmerinfo\/wp-json\/wp\/v2\/media?parent=63378"}],"wp:term":[{"taxonomy":"category","embeddable":true,"href":"https:\/\/vosgesinfo.fr\/gerardmerinfo\/wp-json\/wp\/v2\/categories?post=63378"},{"taxonomy":"post_tag","embeddable":true,"href":"https:\/\/vosgesinfo.fr\/gerardmerinfo\/wp-json\/wp\/v2\/tags?post=63378"}],"curies":[{"name":"wp","href":"https:\/\/api.w.org\/{rel}","templated":true}]}}