{"id":63478,"date":"2022-12-17T12:51:52","date_gmt":"2022-12-17T11:51:52","guid":{"rendered":"https:\/\/vosgesinfo.fr\/gerardmerinfo\/2022\/12\/1ere-edition-de-lelectro-mountain-festival-a-gerardmer\/"},"modified":"2022-12-17T12:51:52","modified_gmt":"2022-12-17T11:51:52","slug":"1ere-edition-de-lelectro-mountain-festival-a-gerardmer","status":"publish","type":"post","link":"https:\/\/vosgesinfo.fr\/gerardmerinfo\/2022\/12\/1ere-edition-de-lelectro-mountain-festival-a-gerardmer\/","title":{"rendered":"1\u00e8re \u00e9dition de l&rsquo;Electro Mountain Festival \u00e0 G\u00e9rardmer"},"content":{"rendered":"<h3><span style=\"font-size: 12pt;\">Le samedi 11 mars 2023 d\u00e9s 19 h 30 \u00e0 l\u2019Espace L.A.C. de G\u00e9rardmer va se d\u00e9rouler une soir\u00e9e unique avec trois DJ de renomm\u00e9e nationale et internationale. La billetterie est officiellement en ligne depuis ce samedi 17 d\u00e9cembre 2022 \u00e0 12h00.<\/span><\/h3>\n<p><a href=\"\/2022\/12\/electro-mountain-festival.jpg\"><img decoding=\"async\" class=\"alignright size-medium wp-image-198796\" src=\"\/2022\/12\/electro-mountain-festival-182x255.jpg\" alt=\"electro mountain festival\" width=\"182\" height=\"255\" \/><\/a>\u00ab\u00a0L\u2019Electro Mountain Festival #1 \u00e9dition 2023 c\u2019est quoi ?<br \/>\nUne soir\u00e9e unique dans le Grand Est qui a pour but de se d\u00e9velopper dans les prochaines ann\u00e9es. Pour cette premi\u00e8re \u00e9dition du GEMF, nous vous proposons trois DJ Electro de la sc\u00e8ne fran\u00e7aise et internationale. GEMF c\u2019est une sc\u00e9nographie unique dans un d\u00e9cor de montagne et d\u2019hiver avec plus de 4h30 de show. Plongez vous dans l\u2019univers de G\u00e9rardmer Electro Mountain Festival pour passer un moment de partage avec tous les festivaliers et vivre l\u2019exp\u00e9rience unique de GEMF.\u00a0\u00bb<\/p>\n<p><strong>Le line-up de la soir\u00e9e :<\/strong><\/p>\n<p><strong><a href=\"\/2022\/12\/Mr-tout-le-monde.jpg\"><img decoding=\"async\" class=\"alignright size-medium wp-image-198794\" src=\"\/2022\/12\/Mr-tout-le-monde-255x255.jpg\" alt=\"Mr tout le monde\" width=\"255\" height=\"255\" \/><\/a>MR TOUT LE MONDE<\/strong><br \/>\nAvec son identit\u00e9 si myst\u00e9rieuse, MR TOUT LE MONDE se d\u00e9finit comme un pionnier de la dance-music \u00e9motionnelle. Tout ce que MR TOUT LE MONDE cr\u00e9e est ouvert \u00e0 l\u2019interpr\u00e9tation totale. Son premier album \u00ab HER \u00bb est sorti en 2020 et a \u00e9t\u00e9 acclam\u00e9 par la critique des plateformes de streaming, des blogs et des radios. Autodidacte multi-instrumentiste, producteur et auteur-compositeur-interpr\u00e8te MR TOUT LE MONDE a le don de cr\u00e9er une musique \u00e9motive qui explore les th\u00e8mes sensibles et introspectifs de l\u2019identit\u00e9, de la sant\u00e9 mentale et de l\u2019amour.<\/p>\n<p><strong>BORIS WAY<\/strong><br \/>\n<a href=\"\/2022\/12\/Boris-Way.png\"><img decoding=\"async\" class=\"alignright size-medium wp-image-198795\" src=\"\/2022\/12\/Boris-Way-187x255.png\" alt=\"Boris Way\" width=\"187\" height=\"255\" \/><\/a>Originaire de Nice, Boris Way est un DJ \u2013 compositeur \u2013 producteur de \u00ab Love House \u00bb comptant plus de 50 millions d\u2019\u00e9coutes sur les diff\u00e9rentes plateformes de streaming.<br \/>\nSign\u00e9 fin 2020 par le label Am\u00e9ricain Ultra Records \/ Sony, les titres de Boris Way int\u00e8grent presque syst\u00e9matiquement les playlists \u00e9ditoriales les plus importantes de Spotify et de Deezer.<br \/>\nSes morceaux \u00ab Walking Away \u00bb \u00ab Pink Soldiers \u00bb ou plus r\u00e9cemment \u00ab Gold \u00bb lui permettent de se faire progressivement une place de choix dans les charts Europ\u00e9ens. C\u2019\u00e9tait sans savoir ce qui allait arriver quelques semaines plus tard\u2026<br \/>\nEn effet, c\u2019est en juin 2022, avec son rework \u00ab Love House \u00bb du titre \u00ab Running Up That Hill \u00bb faisant \u00e9cho \u00e0 la s\u00e9rie Stranger Things que la carri\u00e8re de Boris Way prend une tout autre dimension. Il a \u00e9t\u00e9 nomm\u00e9 en novembre dernier au NRJ Music Awrad dans les cat\u00e9gories DJ de l\u2019Ann\u00e9e et reprise et adaptation.<\/p>\n<p><strong>KLINGANDE<\/strong><br \/>\n<a href=\"\/2022\/12\/Klingande.jpg\"><img decoding=\"async\" class=\"alignright size-medium wp-image-198797\" src=\"\/2022\/12\/Klingande-170x255.jpg\" alt=\"Klingande\" width=\"170\" height=\"255\" \/><\/a>Champion du genre house m\u00e9lodique, Cedric Steinmyller a donn\u00e9 un nouveau souffle au monde de la musique \u00e9lectronique gr\u00e2ce \u00e0 ses productions impeccables et \u00e0 sa sonorit\u00e9 entra\u00eenante, consolidant sa r\u00e9putation de producteur parmi les plus rafra\u00eechissants et les plus originaux de la dance music moderne.<br \/>\nS\u2019\u00e9cartant du son big room house qui a domin\u00e9 la sc\u00e8ne ces derni\u00e8res ann\u00e9es, la pr\u00e9sence de m\u00e9lodies sublimes a fait de Klingande l\u2019une des figures de proue dans son domaine. Il a sorti une musique exceptionnelle aux c\u00f4t\u00e9s de ses coll\u00e8gues fondateurs de la tropical house, Kygo, Bakermat, Sam Feldt et Robin Schulz. Son son rafra\u00eechissant et innovant a influenc\u00e9 des artistes tels que Lost Frequencies, Kungs, Ofenbach et bien d\u2019autres, faisant de lui un pionnier du genre house m\u00e9lodique.<br \/>\nUn line-up 100 % fran\u00e7aise pour cette premi\u00e8re de GEMF avec des DJ de classe mondial qui vont enflammer le temps d\u2019une soir\u00e9e le Dance Floor dans un d\u00e9cor et un show lumi\u00e8re \u00e0 ne pas manquer !<\/p>\n<p>&nbsp;<\/p>\n<p>Billetterie : https:\/\/www.seetickets.com\/fr\/tour\/gerardmer-electro-mountain-festival<br \/>\nSite internet : https:\/\/electromountainfestival.com\/<br \/>\nFacebook : https:\/\/www.facebook.com\/ElectroMountainFestival<br \/>\nInstagram : https:\/\/www.instagram.com\/electromountainfestival\/<\/p>\n","protected":false},"excerpt":{"rendered":"<p>Le samedi 11 mars 2023 d\u00e9s 19 h 30 \u00e0 l\u2019Espace L.A.C. de G\u00e9rardmer va se d\u00e9rouler une soir\u00e9e unique [&hellip;]<\/p>\n","protected":false},"author":1,"featured_media":63479,"comment_status":"open","ping_status":"open","sticky":false,"template":"","format":"standard","meta":{"footnotes":""},"categories":[20,34,4,25,18],"tags":[5301,5302,5303],"class_list":["post-63478","post","type-post","status-publish","format-standard","has-post-thumbnail","hentry","category-a-la-une","category-concert","category-culture","category-gerardmer","category-vosges","tag-boris-way","tag-electro-mountain-festival","tag-mr-tout-le-monde"],"acf":[],"yoast_head":"<!-- This site is optimized with the Yoast SEO plugin v22.5 - https:\/\/yoast.com\/wordpress\/plugins\/seo\/ -->\n<title>1\u00e8re \u00e9dition de l&#039;Electro Mountain Festival \u00e0 G\u00e9rardmer - Gerardmer Info<\/title>\n<meta name=\"robots\" content=\"index, follow, max-snippet:-1, max-image-preview:large, max-video-preview:-1\" \/>\n<link rel=\"canonical\" href=\"https:\/\/vosgesinfo.fr\/gerardmerinfo\/2022\/12\/1ere-edition-de-lelectro-mountain-festival-a-gerardmer\/\" \/>\n<meta name=\"twitter:card\" content=\"summary_large_image\" \/>\n<meta name=\"twitter:title\" content=\"1\u00e8re \u00e9dition de l&#039;Electro Mountain Festival \u00e0 G\u00e9rardmer - Gerardmer Info\" \/>\n<meta name=\"twitter:description\" content=\"Le samedi 11 mars 2023 d\u00e9s 19 h 30 \u00e0 l\u2019Espace L.A.C. de G\u00e9rardmer va se d\u00e9rouler une soir\u00e9e unique [&hellip;]\" \/>\n<meta name=\"twitter:image\" content=\"https:\/\/vosgesinfo.fr\/app\/uploads\/sites\/6\/2024\/07\/202212electro-mountain-festival.jpg\" \/>\n<meta name=\"twitter:creator\" content=\"@VosgesInfo88\" \/>\n<meta name=\"twitter:site\" content=\"@VosgesInfo88\" \/>\n<meta name=\"twitter:label1\" content=\"\u00c9crit par\" \/>\n\t<meta name=\"twitter:data1\" content=\"qs_admin\" \/>\n\t<meta name=\"twitter:label2\" content=\"Dur\u00e9e de lecture estim\u00e9e\" \/>\n\t<meta name=\"twitter:data2\" content=\"3 minutes\" \/>\n<script type=\"application\/ld+json\" class=\"yoast-schema-graph\">{\"@context\":\"https:\/\/schema.org\",\"@graph\":[{\"@type\":\"Article\",\"@id\":\"https:\/\/vosgesinfo.fr\/gerardmerinfo\/2022\/12\/1ere-edition-de-lelectro-mountain-festival-a-gerardmer\/#article\",\"isPartOf\":{\"@id\":\"https:\/\/vosgesinfo.fr\/gerardmerinfo\/2022\/12\/1ere-edition-de-lelectro-mountain-festival-a-gerardmer\/\"},\"author\":{\"name\":\"qs_admin\",\"@id\":\"https:\/\/vosgesinfo.fr\/gerardmerinfo\/#\/schema\/person\/bc5d02d71e6932e81b6dadb7386667b1\"},\"headline\":\"1\u00e8re \u00e9dition de l&rsquo;Electro Mountain Festival \u00e0 G\u00e9rardmer\",\"datePublished\":\"2022-12-17T11:51:52+00:00\",\"dateModified\":\"2022-12-17T11:51:52+00:00\",\"mainEntityOfPage\":{\"@id\":\"https:\/\/vosgesinfo.fr\/gerardmerinfo\/2022\/12\/1ere-edition-de-lelectro-mountain-festival-a-gerardmer\/\"},\"wordCount\":626,\"commentCount\":0,\"publisher\":{\"@id\":\"https:\/\/vosgesinfo.fr\/gerardmerinfo\/#organization\"},\"image\":{\"@id\":\"https:\/\/vosgesinfo.fr\/gerardmerinfo\/2022\/12\/1ere-edition-de-lelectro-mountain-festival-a-gerardmer\/#primaryimage\"},\"thumbnailUrl\":\"https:\/\/vosgesinfo.fr\/app\/uploads\/sites\/6\/2024\/07\/202212electro-mountain-festival.jpg\",\"keywords\":[\"Boris Way\",\"Electro Mountain Festival\",\"Mr Tout Le Monde\"],\"articleSection\":[\"A la une\",\"Concert\",\"Culture\",\"G\u00e9rardmer\",\"Vosges\"],\"inLanguage\":\"fr-FR\",\"potentialAction\":[{\"@type\":\"CommentAction\",\"name\":\"Comment\",\"target\":[\"https:\/\/vosgesinfo.fr\/gerardmerinfo\/2022\/12\/1ere-edition-de-lelectro-mountain-festival-a-gerardmer\/#respond\"]}]},{\"@type\":\"WebPage\",\"@id\":\"https:\/\/vosgesinfo.fr\/gerardmerinfo\/2022\/12\/1ere-edition-de-lelectro-mountain-festival-a-gerardmer\/\",\"url\":\"https:\/\/vosgesinfo.fr\/gerardmerinfo\/2022\/12\/1ere-edition-de-lelectro-mountain-festival-a-gerardmer\/\",\"name\":\"1\u00e8re \u00e9dition de l'Electro Mountain Festival \u00e0 G\u00e9rardmer - Gerardmer Info\",\"isPartOf\":{\"@id\":\"https:\/\/vosgesinfo.fr\/gerardmerinfo\/#website\"},\"primaryImageOfPage\":{\"@id\":\"https:\/\/vosgesinfo.fr\/gerardmerinfo\/2022\/12\/1ere-edition-de-lelectro-mountain-festival-a-gerardmer\/#primaryimage\"},\"image\":{\"@id\":\"https:\/\/vosgesinfo.fr\/gerardmerinfo\/2022\/12\/1ere-edition-de-lelectro-mountain-festival-a-gerardmer\/#primaryimage\"},\"thumbnailUrl\":\"https:\/\/vosgesinfo.fr\/app\/uploads\/sites\/6\/2024\/07\/202212electro-mountain-festival.jpg\",\"datePublished\":\"2022-12-17T11:51:52+00:00\",\"dateModified\":\"2022-12-17T11:51:52+00:00\",\"breadcrumb\":{\"@id\":\"https:\/\/vosgesinfo.fr\/gerardmerinfo\/2022\/12\/1ere-edition-de-lelectro-mountain-festival-a-gerardmer\/#breadcrumb\"},\"inLanguage\":\"fr-FR\",\"potentialAction\":[{\"@type\":\"ReadAction\",\"target\":[\"https:\/\/vosgesinfo.fr\/gerardmerinfo\/2022\/12\/1ere-edition-de-lelectro-mountain-festival-a-gerardmer\/\"]}]},{\"@type\":\"ImageObject\",\"inLanguage\":\"fr-FR\",\"@id\":\"https:\/\/vosgesinfo.fr\/gerardmerinfo\/2022\/12\/1ere-edition-de-lelectro-mountain-festival-a-gerardmer\/#primaryimage\",\"url\":\"https:\/\/vosgesinfo.fr\/app\/uploads\/sites\/6\/2024\/07\/202212electro-mountain-festival.jpg\",\"contentUrl\":\"https:\/\/vosgesinfo.fr\/app\/uploads\/sites\/6\/2024\/07\/202212electro-mountain-festival.jpg\",\"width\":846,\"height\":1186},{\"@type\":\"BreadcrumbList\",\"@id\":\"https:\/\/vosgesinfo.fr\/gerardmerinfo\/2022\/12\/1ere-edition-de-lelectro-mountain-festival-a-gerardmer\/#breadcrumb\",\"itemListElement\":[{\"@type\":\"ListItem\",\"position\":1,\"name\":\"Home\",\"item\":\"https:\/\/vosgesinfo.fr\/gerardmerinfo\/\"},{\"@type\":\"ListItem\",\"position\":2,\"name\":\"1\u00e8re \u00e9dition de l&rsquo;Electro Mountain Festival \u00e0 G\u00e9rardmer\"}]},{\"@type\":\"WebSite\",\"@id\":\"https:\/\/vosgesinfo.fr\/gerardmerinfo\/#website\",\"url\":\"https:\/\/vosgesinfo.fr\/gerardmerinfo\/\",\"name\":\"Gerardmer Info\",\"description\":\"Toute l&#039;actualit\u00e9 de G\u00e9rardmer\",\"publisher\":{\"@id\":\"https:\/\/vosgesinfo.fr\/gerardmerinfo\/#organization\"},\"alternateName\":\"Toute l'actualit\u00e9 de G\u00e9rardmer\",\"potentialAction\":[{\"@type\":\"SearchAction\",\"target\":{\"@type\":\"EntryPoint\",\"urlTemplate\":\"https:\/\/vosgesinfo.fr\/gerardmerinfo\/?s={search_term_string}\"},\"query-input\":\"required name=search_term_string\"}],\"inLanguage\":\"fr-FR\"},{\"@type\":\"Organization\",\"@id\":\"https:\/\/vosgesinfo.fr\/gerardmerinfo\/#organization\",\"name\":\"Gerardmer Info\",\"url\":\"https:\/\/vosgesinfo.fr\/gerardmerinfo\/\",\"logo\":{\"@type\":\"ImageObject\",\"inLanguage\":\"fr-FR\",\"@id\":\"https:\/\/vosgesinfo.fr\/gerardmerinfo\/#\/schema\/logo\/image\/\",\"url\":\"https:\/\/vosgesinfo.fr\/app\/uploads\/sites\/6\/2023\/08\/favicon-gerardmerinfo.png\",\"contentUrl\":\"https:\/\/vosgesinfo.fr\/app\/uploads\/sites\/6\/2023\/08\/favicon-gerardmerinfo.png\",\"width\":512,\"height\":512,\"caption\":\"Gerardmer Info\"},\"image\":{\"@id\":\"https:\/\/vosgesinfo.fr\/gerardmerinfo\/#\/schema\/logo\/image\/\"},\"sameAs\":[\"https:\/\/www.facebook.com\/profile.php?id=100049475262660\",\"https:\/\/x.com\/VosgesInfo88\",\"https:\/\/www.youtube.com\/@vosgesinfo\"]},{\"@type\":\"Person\",\"@id\":\"https:\/\/vosgesinfo.fr\/gerardmerinfo\/#\/schema\/person\/bc5d02d71e6932e81b6dadb7386667b1\",\"name\":\"qs_admin\",\"image\":{\"@type\":\"ImageObject\",\"inLanguage\":\"fr-FR\",\"@id\":\"https:\/\/vosgesinfo.fr\/gerardmerinfo\/#\/schema\/person\/image\/\",\"url\":\"https:\/\/secure.gravatar.com\/avatar\/94b18ee0ed79e4a42ea2f2931277b6841a8999fc6fde214600c78057cf1fe1de?s=96&d=mm&r=g\",\"contentUrl\":\"https:\/\/secure.gravatar.com\/avatar\/94b18ee0ed79e4a42ea2f2931277b6841a8999fc6fde214600c78057cf1fe1de?s=96&d=mm&r=g\",\"caption\":\"qs_admin\"},\"sameAs\":[\"https:\/\/vosgesinfo.fr\/wp\"],\"url\":\"https:\/\/vosgesinfo.fr\/gerardmerinfo\/author\/qs_admin\/\"}]}<\/script>\n<!-- \/ Yoast SEO plugin. -->","yoast_head_json":{"title":"1\u00e8re \u00e9dition de l'Electro Mountain Festival \u00e0 G\u00e9rardmer - Gerardmer Info","robots":{"index":"index","follow":"follow","max-snippet":"max-snippet:-1","max-image-preview":"max-image-preview:large","max-video-preview":"max-video-preview:-1"},"canonical":"https:\/\/vosgesinfo.fr\/gerardmerinfo\/2022\/12\/1ere-edition-de-lelectro-mountain-festival-a-gerardmer\/","twitter_card":"summary_large_image","twitter_title":"1\u00e8re \u00e9dition de l'Electro Mountain Festival \u00e0 G\u00e9rardmer - Gerardmer Info","twitter_description":"Le samedi 11 mars 2023 d\u00e9s 19 h 30 \u00e0 l\u2019Espace L.A.C. de G\u00e9rardmer va se d\u00e9rouler une soir\u00e9e unique [&hellip;]","twitter_image":"https:\/\/vosgesinfo.fr\/app\/uploads\/sites\/6\/2024\/07\/202212electro-mountain-festival.jpg","twitter_creator":"@VosgesInfo88","twitter_site":"@VosgesInfo88","twitter_misc":{"\u00c9crit par":"qs_admin","Dur\u00e9e de lecture estim\u00e9e":"3 minutes"},"schema":{"@context":"https:\/\/schema.org","@graph":[{"@type":"Article","@id":"https:\/\/vosgesinfo.fr\/gerardmerinfo\/2022\/12\/1ere-edition-de-lelectro-mountain-festival-a-gerardmer\/#article","isPartOf":{"@id":"https:\/\/vosgesinfo.fr\/gerardmerinfo\/2022\/12\/1ere-edition-de-lelectro-mountain-festival-a-gerardmer\/"},"author":{"name":"qs_admin","@id":"https:\/\/vosgesinfo.fr\/gerardmerinfo\/#\/schema\/person\/bc5d02d71e6932e81b6dadb7386667b1"},"headline":"1\u00e8re \u00e9dition de l&rsquo;Electro Mountain Festival \u00e0 G\u00e9rardmer","datePublished":"2022-12-17T11:51:52+00:00","dateModified":"2022-12-17T11:51:52+00:00","mainEntityOfPage":{"@id":"https:\/\/vosgesinfo.fr\/gerardmerinfo\/2022\/12\/1ere-edition-de-lelectro-mountain-festival-a-gerardmer\/"},"wordCount":626,"commentCount":0,"publisher":{"@id":"https:\/\/vosgesinfo.fr\/gerardmerinfo\/#organization"},"image":{"@id":"https:\/\/vosgesinfo.fr\/gerardmerinfo\/2022\/12\/1ere-edition-de-lelectro-mountain-festival-a-gerardmer\/#primaryimage"},"thumbnailUrl":"https:\/\/vosgesinfo.fr\/app\/uploads\/sites\/6\/2024\/07\/202212electro-mountain-festival.jpg","keywords":["Boris Way","Electro Mountain Festival","Mr Tout Le Monde"],"articleSection":["A la une","Concert","Culture","G\u00e9rardmer","Vosges"],"inLanguage":"fr-FR","potentialAction":[{"@type":"CommentAction","name":"Comment","target":["https:\/\/vosgesinfo.fr\/gerardmerinfo\/2022\/12\/1ere-edition-de-lelectro-mountain-festival-a-gerardmer\/#respond"]}]},{"@type":"WebPage","@id":"https:\/\/vosgesinfo.fr\/gerardmerinfo\/2022\/12\/1ere-edition-de-lelectro-mountain-festival-a-gerardmer\/","url":"https:\/\/vosgesinfo.fr\/gerardmerinfo\/2022\/12\/1ere-edition-de-lelectro-mountain-festival-a-gerardmer\/","name":"1\u00e8re \u00e9dition de l'Electro Mountain Festival \u00e0 G\u00e9rardmer - Gerardmer Info","isPartOf":{"@id":"https:\/\/vosgesinfo.fr\/gerardmerinfo\/#website"},"primaryImageOfPage":{"@id":"https:\/\/vosgesinfo.fr\/gerardmerinfo\/2022\/12\/1ere-edition-de-lelectro-mountain-festival-a-gerardmer\/#primaryimage"},"image":{"@id":"https:\/\/vosgesinfo.fr\/gerardmerinfo\/2022\/12\/1ere-edition-de-lelectro-mountain-festival-a-gerardmer\/#primaryimage"},"thumbnailUrl":"https:\/\/vosgesinfo.fr\/app\/uploads\/sites\/6\/2024\/07\/202212electro-mountain-festival.jpg","datePublished":"2022-12-17T11:51:52+00:00","dateModified":"2022-12-17T11:51:52+00:00","breadcrumb":{"@id":"https:\/\/vosgesinfo.fr\/gerardmerinfo\/2022\/12\/1ere-edition-de-lelectro-mountain-festival-a-gerardmer\/#breadcrumb"},"inLanguage":"fr-FR","potentialAction":[{"@type":"ReadAction","target":["https:\/\/vosgesinfo.fr\/gerardmerinfo\/2022\/12\/1ere-edition-de-lelectro-mountain-festival-a-gerardmer\/"]}]},{"@type":"ImageObject","inLanguage":"fr-FR","@id":"https:\/\/vosgesinfo.fr\/gerardmerinfo\/2022\/12\/1ere-edition-de-lelectro-mountain-festival-a-gerardmer\/#primaryimage","url":"https:\/\/vosgesinfo.fr\/app\/uploads\/sites\/6\/2024\/07\/202212electro-mountain-festival.jpg","contentUrl":"https:\/\/vosgesinfo.fr\/app\/uploads\/sites\/6\/2024\/07\/202212electro-mountain-festival.jpg","width":846,"height":1186},{"@type":"BreadcrumbList","@id":"https:\/\/vosgesinfo.fr\/gerardmerinfo\/2022\/12\/1ere-edition-de-lelectro-mountain-festival-a-gerardmer\/#breadcrumb","itemListElement":[{"@type":"ListItem","position":1,"name":"Home","item":"https:\/\/vosgesinfo.fr\/gerardmerinfo\/"},{"@type":"ListItem","position":2,"name":"1\u00e8re \u00e9dition de l&rsquo;Electro Mountain Festival \u00e0 G\u00e9rardmer"}]},{"@type":"WebSite","@id":"https:\/\/vosgesinfo.fr\/gerardmerinfo\/#website","url":"https:\/\/vosgesinfo.fr\/gerardmerinfo\/","name":"Gerardmer Info","description":"Toute l&#039;actualit\u00e9 de G\u00e9rardmer","publisher":{"@id":"https:\/\/vosgesinfo.fr\/gerardmerinfo\/#organization"},"alternateName":"Toute l'actualit\u00e9 de G\u00e9rardmer","potentialAction":[{"@type":"SearchAction","target":{"@type":"EntryPoint","urlTemplate":"https:\/\/vosgesinfo.fr\/gerardmerinfo\/?s={search_term_string}"},"query-input":"required name=search_term_string"}],"inLanguage":"fr-FR"},{"@type":"Organization","@id":"https:\/\/vosgesinfo.fr\/gerardmerinfo\/#organization","name":"Gerardmer Info","url":"https:\/\/vosgesinfo.fr\/gerardmerinfo\/","logo":{"@type":"ImageObject","inLanguage":"fr-FR","@id":"https:\/\/vosgesinfo.fr\/gerardmerinfo\/#\/schema\/logo\/image\/","url":"https:\/\/vosgesinfo.fr\/app\/uploads\/sites\/6\/2023\/08\/favicon-gerardmerinfo.png","contentUrl":"https:\/\/vosgesinfo.fr\/app\/uploads\/sites\/6\/2023\/08\/favicon-gerardmerinfo.png","width":512,"height":512,"caption":"Gerardmer Info"},"image":{"@id":"https:\/\/vosgesinfo.fr\/gerardmerinfo\/#\/schema\/logo\/image\/"},"sameAs":["https:\/\/www.facebook.com\/profile.php?id=100049475262660","https:\/\/x.com\/VosgesInfo88","https:\/\/www.youtube.com\/@vosgesinfo"]},{"@type":"Person","@id":"https:\/\/vosgesinfo.fr\/gerardmerinfo\/#\/schema\/person\/bc5d02d71e6932e81b6dadb7386667b1","name":"qs_admin","image":{"@type":"ImageObject","inLanguage":"fr-FR","@id":"https:\/\/vosgesinfo.fr\/gerardmerinfo\/#\/schema\/person\/image\/","url":"https:\/\/secure.gravatar.com\/avatar\/94b18ee0ed79e4a42ea2f2931277b6841a8999fc6fde214600c78057cf1fe1de?s=96&d=mm&r=g","contentUrl":"https:\/\/secure.gravatar.com\/avatar\/94b18ee0ed79e4a42ea2f2931277b6841a8999fc6fde214600c78057cf1fe1de?s=96&d=mm&r=g","caption":"qs_admin"},"sameAs":["https:\/\/vosgesinfo.fr\/wp"],"url":"https:\/\/vosgesinfo.fr\/gerardmerinfo\/author\/qs_admin\/"}]}},"_links":{"self":[{"href":"https:\/\/vosgesinfo.fr\/gerardmerinfo\/wp-json\/wp\/v2\/posts\/63478","targetHints":{"allow":["GET"]}}],"collection":[{"href":"https:\/\/vosgesinfo.fr\/gerardmerinfo\/wp-json\/wp\/v2\/posts"}],"about":[{"href":"https:\/\/vosgesinfo.fr\/gerardmerinfo\/wp-json\/wp\/v2\/types\/post"}],"author":[{"embeddable":true,"href":"https:\/\/vosgesinfo.fr\/gerardmerinfo\/wp-json\/wp\/v2\/users\/1"}],"replies":[{"embeddable":true,"href":"https:\/\/vosgesinfo.fr\/gerardmerinfo\/wp-json\/wp\/v2\/comments?post=63478"}],"version-history":[{"count":0,"href":"https:\/\/vosgesinfo.fr\/gerardmerinfo\/wp-json\/wp\/v2\/posts\/63478\/revisions"}],"wp:featuredmedia":[{"embeddable":true,"href":"https:\/\/vosgesinfo.fr\/gerardmerinfo\/wp-json\/wp\/v2\/media\/63479"}],"wp:attachment":[{"href":"https:\/\/vosgesinfo.fr\/gerardmerinfo\/wp-json\/wp\/v2\/media?parent=63478"}],"wp:term":[{"taxonomy":"category","embeddable":true,"href":"https:\/\/vosgesinfo.fr\/gerardmerinfo\/wp-json\/wp\/v2\/categories?post=63478"},{"taxonomy":"post_tag","embeddable":true,"href":"https:\/\/vosgesinfo.fr\/gerardmerinfo\/wp-json\/wp\/v2\/tags?post=63478"}],"curies":[{"name":"wp","href":"https:\/\/api.w.org\/{rel}","templated":true}]}}