{"id":637,"date":"2024-01-12T13:51:29","date_gmt":"2024-01-12T12:51:29","guid":{"rendered":"https:\/\/vosgesinfo.fr\/gerardmerinfo\/2024\/01\/desert-medical-la-communaute-professionnelle-territoriale-de-sante-vallee-de-la-meurthe-officiellement-lancee\/"},"modified":"2024-01-12T13:51:29","modified_gmt":"2024-01-12T12:51:29","slug":"desert-medical-la-communaute-professionnelle-territoriale-de-sante-vallee-de-la-meurthe-officiellement-lancee","status":"publish","type":"post","link":"https:\/\/vosgesinfo.fr\/gerardmerinfo\/2024\/01\/desert-medical-la-communaute-professionnelle-territoriale-de-sante-vallee-de-la-meurthe-officiellement-lancee\/","title":{"rendered":"D\u00e9sert m\u00e9dical : la Communaut\u00e9 professionnelle territoriale de sant\u00e9 Vall\u00e9e de la Meurthe officiellement lanc\u00e9e"},"content":{"rendered":"<h2><strong>Pr\u00e8s de 100 % de la population des Vosges est d\u00e9sormais couverte par une communaut\u00e9 professionnelle territoriale de sant\u00e9 (CPTS). Annonc\u00e9 dans le cadre de la strat\u00e9gie nationale \u00ab Ma Sant\u00e9 2022 \u00bb, une CPTS est une organisation mise en place par des professionnels de sant\u00e9 pour r\u00e9pondre aux besoins m\u00e9dicaux ode la population. Ce vendredi matin a eu lieu la signature du contrat de la Communaut\u00e9 Professionnelle Territoriale de Sant\u00e9 (CPTS) de la Vall\u00e9e de la Meurthe pour le secteur de Saint-Di\u00e9-des-Vosges.<\/strong><\/h2>\n","protected":false},"excerpt":{"rendered":"<p>Pr\u00e8s de 100 % de la population des Vosges est d\u00e9sormais couverte par une communaut\u00e9 professionnelle territoriale de sant\u00e9 (CPTS). [&hellip;]<\/p>\n","protected":false},"author":1,"featured_media":638,"comment_status":"open","ping_status":"open","sticky":false,"template":"","format":"standard","meta":{"footnotes":""},"categories":[20,18],"tags":[],"class_list":["post-637","post","type-post","status-publish","format-standard","has-post-thumbnail","hentry","category-a-la-une","category-vosges"],"acf":[],"yoast_head":"<!-- This site is optimized with the Yoast SEO plugin v22.5 - https:\/\/yoast.com\/wordpress\/plugins\/seo\/ -->\n<title>D\u00e9sert m\u00e9dical : la Communaut\u00e9 professionnelle territoriale de sant\u00e9 Vall\u00e9e de la Meurthe officiellement lanc\u00e9e - Gerardmer Info<\/title>\n<meta name=\"robots\" content=\"index, follow, max-snippet:-1, max-image-preview:large, max-video-preview:-1\" \/>\n<link rel=\"canonical\" href=\"https:\/\/vosgesinfo.fr\/gerardmerinfo\/2024\/01\/desert-medical-la-communaute-professionnelle-territoriale-de-sante-vallee-de-la-meurthe-officiellement-lancee\/\" \/>\n<meta name=\"twitter:card\" content=\"summary_large_image\" \/>\n<meta name=\"twitter:title\" content=\"D\u00e9sert m\u00e9dical : la Communaut\u00e9 professionnelle territoriale de sant\u00e9 Vall\u00e9e de la Meurthe officiellement lanc\u00e9e - Gerardmer Info\" \/>\n<meta name=\"twitter:description\" content=\"Pr\u00e8s de 100 % de la population des Vosges est d\u00e9sormais couverte par une communaut\u00e9 professionnelle territoriale de sant\u00e9 (CPTS). [&hellip;]\" \/>\n<meta name=\"twitter:image\" content=\"https:\/\/vosgesinfo.fr\/app\/uploads\/sites\/6\/2024\/01\/cpts-vosges-1.jpg\" \/>\n<meta name=\"twitter:creator\" content=\"@VosgesInfo88\" \/>\n<meta name=\"twitter:site\" content=\"@VosgesInfo88\" \/>\n<meta name=\"twitter:label1\" content=\"\u00c9crit par\" \/>\n\t<meta name=\"twitter:data1\" content=\"qs_admin\" \/>\n<script type=\"application\/ld+json\" class=\"yoast-schema-graph\">{\"@context\":\"https:\/\/schema.org\",\"@graph\":[{\"@type\":\"Article\",\"@id\":\"https:\/\/vosgesinfo.fr\/gerardmerinfo\/2024\/01\/desert-medical-la-communaute-professionnelle-territoriale-de-sante-vallee-de-la-meurthe-officiellement-lancee\/#article\",\"isPartOf\":{\"@id\":\"https:\/\/vosgesinfo.fr\/gerardmerinfo\/2024\/01\/desert-medical-la-communaute-professionnelle-territoriale-de-sante-vallee-de-la-meurthe-officiellement-lancee\/\"},\"author\":{\"name\":\"qs_admin\",\"@id\":\"https:\/\/vosgesinfo.fr\/gerardmerinfo\/#\/schema\/person\/bc5d02d71e6932e81b6dadb7386667b1\"},\"headline\":\"D\u00e9sert m\u00e9dical : la Communaut\u00e9 professionnelle territoriale de sant\u00e9 Vall\u00e9e de la Meurthe officiellement lanc\u00e9e\",\"datePublished\":\"2024-01-12T12:51:29+00:00\",\"dateModified\":\"2024-01-12T12:51:29+00:00\",\"mainEntityOfPage\":{\"@id\":\"https:\/\/vosgesinfo.fr\/gerardmerinfo\/2024\/01\/desert-medical-la-communaute-professionnelle-territoriale-de-sante-vallee-de-la-meurthe-officiellement-lancee\/\"},\"wordCount\":103,\"commentCount\":0,\"publisher\":{\"@id\":\"https:\/\/vosgesinfo.fr\/gerardmerinfo\/#organization\"},\"image\":{\"@id\":\"https:\/\/vosgesinfo.fr\/gerardmerinfo\/2024\/01\/desert-medical-la-communaute-professionnelle-territoriale-de-sante-vallee-de-la-meurthe-officiellement-lancee\/#primaryimage\"},\"thumbnailUrl\":\"https:\/\/vosgesinfo.fr\/app\/uploads\/sites\/6\/2024\/01\/cpts-vosges-1.jpg\",\"articleSection\":[\"A la une\",\"Vosges\"],\"inLanguage\":\"fr-FR\",\"potentialAction\":[{\"@type\":\"CommentAction\",\"name\":\"Comment\",\"target\":[\"https:\/\/vosgesinfo.fr\/gerardmerinfo\/2024\/01\/desert-medical-la-communaute-professionnelle-territoriale-de-sante-vallee-de-la-meurthe-officiellement-lancee\/#respond\"]}]},{\"@type\":\"WebPage\",\"@id\":\"https:\/\/vosgesinfo.fr\/gerardmerinfo\/2024\/01\/desert-medical-la-communaute-professionnelle-territoriale-de-sante-vallee-de-la-meurthe-officiellement-lancee\/\",\"url\":\"https:\/\/vosgesinfo.fr\/gerardmerinfo\/2024\/01\/desert-medical-la-communaute-professionnelle-territoriale-de-sante-vallee-de-la-meurthe-officiellement-lancee\/\",\"name\":\"D\u00e9sert m\u00e9dical : la Communaut\u00e9 professionnelle territoriale de sant\u00e9 Vall\u00e9e de la Meurthe officiellement lanc\u00e9e - Gerardmer Info\",\"isPartOf\":{\"@id\":\"https:\/\/vosgesinfo.fr\/gerardmerinfo\/#website\"},\"primaryImageOfPage\":{\"@id\":\"https:\/\/vosgesinfo.fr\/gerardmerinfo\/2024\/01\/desert-medical-la-communaute-professionnelle-territoriale-de-sante-vallee-de-la-meurthe-officiellement-lancee\/#primaryimage\"},\"image\":{\"@id\":\"https:\/\/vosgesinfo.fr\/gerardmerinfo\/2024\/01\/desert-medical-la-communaute-professionnelle-territoriale-de-sante-vallee-de-la-meurthe-officiellement-lancee\/#primaryimage\"},\"thumbnailUrl\":\"https:\/\/vosgesinfo.fr\/app\/uploads\/sites\/6\/2024\/01\/cpts-vosges-1.jpg\",\"datePublished\":\"2024-01-12T12:51:29+00:00\",\"dateModified\":\"2024-01-12T12:51:29+00:00\",\"breadcrumb\":{\"@id\":\"https:\/\/vosgesinfo.fr\/gerardmerinfo\/2024\/01\/desert-medical-la-communaute-professionnelle-territoriale-de-sante-vallee-de-la-meurthe-officiellement-lancee\/#breadcrumb\"},\"inLanguage\":\"fr-FR\",\"potentialAction\":[{\"@type\":\"ReadAction\",\"target\":[\"https:\/\/vosgesinfo.fr\/gerardmerinfo\/2024\/01\/desert-medical-la-communaute-professionnelle-territoriale-de-sante-vallee-de-la-meurthe-officiellement-lancee\/\"]}]},{\"@type\":\"ImageObject\",\"inLanguage\":\"fr-FR\",\"@id\":\"https:\/\/vosgesinfo.fr\/gerardmerinfo\/2024\/01\/desert-medical-la-communaute-professionnelle-territoriale-de-sante-vallee-de-la-meurthe-officiellement-lancee\/#primaryimage\",\"url\":\"https:\/\/vosgesinfo.fr\/app\/uploads\/sites\/6\/2024\/01\/cpts-vosges-1.jpg\",\"contentUrl\":\"https:\/\/vosgesinfo.fr\/app\/uploads\/sites\/6\/2024\/01\/cpts-vosges-1.jpg\",\"width\":800,\"height\":600},{\"@type\":\"BreadcrumbList\",\"@id\":\"https:\/\/vosgesinfo.fr\/gerardmerinfo\/2024\/01\/desert-medical-la-communaute-professionnelle-territoriale-de-sante-vallee-de-la-meurthe-officiellement-lancee\/#breadcrumb\",\"itemListElement\":[{\"@type\":\"ListItem\",\"position\":1,\"name\":\"Home\",\"item\":\"https:\/\/vosgesinfo.fr\/gerardmerinfo\/\"},{\"@type\":\"ListItem\",\"position\":2,\"name\":\"D\u00e9sert m\u00e9dical : la Communaut\u00e9 professionnelle territoriale de sant\u00e9 Vall\u00e9e de la Meurthe officiellement lanc\u00e9e\"}]},{\"@type\":\"WebSite\",\"@id\":\"https:\/\/vosgesinfo.fr\/gerardmerinfo\/#website\",\"url\":\"https:\/\/vosgesinfo.fr\/gerardmerinfo\/\",\"name\":\"Gerardmer Info\",\"description\":\"Toute l&#039;actualit\u00e9 de G\u00e9rardmer\",\"publisher\":{\"@id\":\"https:\/\/vosgesinfo.fr\/gerardmerinfo\/#organization\"},\"alternateName\":\"Toute l'actualit\u00e9 de G\u00e9rardmer\",\"potentialAction\":[{\"@type\":\"SearchAction\",\"target\":{\"@type\":\"EntryPoint\",\"urlTemplate\":\"https:\/\/vosgesinfo.fr\/gerardmerinfo\/?s={search_term_string}\"},\"query-input\":\"required name=search_term_string\"}],\"inLanguage\":\"fr-FR\"},{\"@type\":\"Organization\",\"@id\":\"https:\/\/vosgesinfo.fr\/gerardmerinfo\/#organization\",\"name\":\"Gerardmer Info\",\"url\":\"https:\/\/vosgesinfo.fr\/gerardmerinfo\/\",\"logo\":{\"@type\":\"ImageObject\",\"inLanguage\":\"fr-FR\",\"@id\":\"https:\/\/vosgesinfo.fr\/gerardmerinfo\/#\/schema\/logo\/image\/\",\"url\":\"https:\/\/vosgesinfo.fr\/app\/uploads\/sites\/6\/2023\/08\/favicon-gerardmerinfo.png\",\"contentUrl\":\"https:\/\/vosgesinfo.fr\/app\/uploads\/sites\/6\/2023\/08\/favicon-gerardmerinfo.png\",\"width\":512,\"height\":512,\"caption\":\"Gerardmer Info\"},\"image\":{\"@id\":\"https:\/\/vosgesinfo.fr\/gerardmerinfo\/#\/schema\/logo\/image\/\"},\"sameAs\":[\"https:\/\/www.facebook.com\/profile.php?id=100049475262660\",\"https:\/\/x.com\/VosgesInfo88\",\"https:\/\/www.youtube.com\/@vosgesinfo\"]},{\"@type\":\"Person\",\"@id\":\"https:\/\/vosgesinfo.fr\/gerardmerinfo\/#\/schema\/person\/bc5d02d71e6932e81b6dadb7386667b1\",\"name\":\"qs_admin\",\"image\":{\"@type\":\"ImageObject\",\"inLanguage\":\"fr-FR\",\"@id\":\"https:\/\/vosgesinfo.fr\/gerardmerinfo\/#\/schema\/person\/image\/\",\"url\":\"https:\/\/secure.gravatar.com\/avatar\/94b18ee0ed79e4a42ea2f2931277b6841a8999fc6fde214600c78057cf1fe1de?s=96&d=mm&r=g\",\"contentUrl\":\"https:\/\/secure.gravatar.com\/avatar\/94b18ee0ed79e4a42ea2f2931277b6841a8999fc6fde214600c78057cf1fe1de?s=96&d=mm&r=g\",\"caption\":\"qs_admin\"},\"sameAs\":[\"https:\/\/vosgesinfo.fr\/wp\"],\"url\":\"https:\/\/vosgesinfo.fr\/gerardmerinfo\/author\/qs_admin\/\"}]}<\/script>\n<!-- \/ Yoast SEO plugin. -->","yoast_head_json":{"title":"D\u00e9sert m\u00e9dical : la Communaut\u00e9 professionnelle territoriale de sant\u00e9 Vall\u00e9e de la Meurthe officiellement lanc\u00e9e - Gerardmer Info","robots":{"index":"index","follow":"follow","max-snippet":"max-snippet:-1","max-image-preview":"max-image-preview:large","max-video-preview":"max-video-preview:-1"},"canonical":"https:\/\/vosgesinfo.fr\/gerardmerinfo\/2024\/01\/desert-medical-la-communaute-professionnelle-territoriale-de-sante-vallee-de-la-meurthe-officiellement-lancee\/","twitter_card":"summary_large_image","twitter_title":"D\u00e9sert m\u00e9dical : la Communaut\u00e9 professionnelle territoriale de sant\u00e9 Vall\u00e9e de la Meurthe officiellement lanc\u00e9e - Gerardmer Info","twitter_description":"Pr\u00e8s de 100 % de la population des Vosges est d\u00e9sormais couverte par une communaut\u00e9 professionnelle territoriale de sant\u00e9 (CPTS). [&hellip;]","twitter_image":"https:\/\/vosgesinfo.fr\/app\/uploads\/sites\/6\/2024\/01\/cpts-vosges-1.jpg","twitter_creator":"@VosgesInfo88","twitter_site":"@VosgesInfo88","twitter_misc":{"\u00c9crit par":"qs_admin"},"schema":{"@context":"https:\/\/schema.org","@graph":[{"@type":"Article","@id":"https:\/\/vosgesinfo.fr\/gerardmerinfo\/2024\/01\/desert-medical-la-communaute-professionnelle-territoriale-de-sante-vallee-de-la-meurthe-officiellement-lancee\/#article","isPartOf":{"@id":"https:\/\/vosgesinfo.fr\/gerardmerinfo\/2024\/01\/desert-medical-la-communaute-professionnelle-territoriale-de-sante-vallee-de-la-meurthe-officiellement-lancee\/"},"author":{"name":"qs_admin","@id":"https:\/\/vosgesinfo.fr\/gerardmerinfo\/#\/schema\/person\/bc5d02d71e6932e81b6dadb7386667b1"},"headline":"D\u00e9sert m\u00e9dical : la Communaut\u00e9 professionnelle territoriale de sant\u00e9 Vall\u00e9e de la Meurthe officiellement lanc\u00e9e","datePublished":"2024-01-12T12:51:29+00:00","dateModified":"2024-01-12T12:51:29+00:00","mainEntityOfPage":{"@id":"https:\/\/vosgesinfo.fr\/gerardmerinfo\/2024\/01\/desert-medical-la-communaute-professionnelle-territoriale-de-sante-vallee-de-la-meurthe-officiellement-lancee\/"},"wordCount":103,"commentCount":0,"publisher":{"@id":"https:\/\/vosgesinfo.fr\/gerardmerinfo\/#organization"},"image":{"@id":"https:\/\/vosgesinfo.fr\/gerardmerinfo\/2024\/01\/desert-medical-la-communaute-professionnelle-territoriale-de-sante-vallee-de-la-meurthe-officiellement-lancee\/#primaryimage"},"thumbnailUrl":"https:\/\/vosgesinfo.fr\/app\/uploads\/sites\/6\/2024\/01\/cpts-vosges-1.jpg","articleSection":["A la une","Vosges"],"inLanguage":"fr-FR","potentialAction":[{"@type":"CommentAction","name":"Comment","target":["https:\/\/vosgesinfo.fr\/gerardmerinfo\/2024\/01\/desert-medical-la-communaute-professionnelle-territoriale-de-sante-vallee-de-la-meurthe-officiellement-lancee\/#respond"]}]},{"@type":"WebPage","@id":"https:\/\/vosgesinfo.fr\/gerardmerinfo\/2024\/01\/desert-medical-la-communaute-professionnelle-territoriale-de-sante-vallee-de-la-meurthe-officiellement-lancee\/","url":"https:\/\/vosgesinfo.fr\/gerardmerinfo\/2024\/01\/desert-medical-la-communaute-professionnelle-territoriale-de-sante-vallee-de-la-meurthe-officiellement-lancee\/","name":"D\u00e9sert m\u00e9dical : la Communaut\u00e9 professionnelle territoriale de sant\u00e9 Vall\u00e9e de la Meurthe officiellement lanc\u00e9e - Gerardmer Info","isPartOf":{"@id":"https:\/\/vosgesinfo.fr\/gerardmerinfo\/#website"},"primaryImageOfPage":{"@id":"https:\/\/vosgesinfo.fr\/gerardmerinfo\/2024\/01\/desert-medical-la-communaute-professionnelle-territoriale-de-sante-vallee-de-la-meurthe-officiellement-lancee\/#primaryimage"},"image":{"@id":"https:\/\/vosgesinfo.fr\/gerardmerinfo\/2024\/01\/desert-medical-la-communaute-professionnelle-territoriale-de-sante-vallee-de-la-meurthe-officiellement-lancee\/#primaryimage"},"thumbnailUrl":"https:\/\/vosgesinfo.fr\/app\/uploads\/sites\/6\/2024\/01\/cpts-vosges-1.jpg","datePublished":"2024-01-12T12:51:29+00:00","dateModified":"2024-01-12T12:51:29+00:00","breadcrumb":{"@id":"https:\/\/vosgesinfo.fr\/gerardmerinfo\/2024\/01\/desert-medical-la-communaute-professionnelle-territoriale-de-sante-vallee-de-la-meurthe-officiellement-lancee\/#breadcrumb"},"inLanguage":"fr-FR","potentialAction":[{"@type":"ReadAction","target":["https:\/\/vosgesinfo.fr\/gerardmerinfo\/2024\/01\/desert-medical-la-communaute-professionnelle-territoriale-de-sante-vallee-de-la-meurthe-officiellement-lancee\/"]}]},{"@type":"ImageObject","inLanguage":"fr-FR","@id":"https:\/\/vosgesinfo.fr\/gerardmerinfo\/2024\/01\/desert-medical-la-communaute-professionnelle-territoriale-de-sante-vallee-de-la-meurthe-officiellement-lancee\/#primaryimage","url":"https:\/\/vosgesinfo.fr\/app\/uploads\/sites\/6\/2024\/01\/cpts-vosges-1.jpg","contentUrl":"https:\/\/vosgesinfo.fr\/app\/uploads\/sites\/6\/2024\/01\/cpts-vosges-1.jpg","width":800,"height":600},{"@type":"BreadcrumbList","@id":"https:\/\/vosgesinfo.fr\/gerardmerinfo\/2024\/01\/desert-medical-la-communaute-professionnelle-territoriale-de-sante-vallee-de-la-meurthe-officiellement-lancee\/#breadcrumb","itemListElement":[{"@type":"ListItem","position":1,"name":"Home","item":"https:\/\/vosgesinfo.fr\/gerardmerinfo\/"},{"@type":"ListItem","position":2,"name":"D\u00e9sert m\u00e9dical : la Communaut\u00e9 professionnelle territoriale de sant\u00e9 Vall\u00e9e de la Meurthe officiellement lanc\u00e9e"}]},{"@type":"WebSite","@id":"https:\/\/vosgesinfo.fr\/gerardmerinfo\/#website","url":"https:\/\/vosgesinfo.fr\/gerardmerinfo\/","name":"Gerardmer Info","description":"Toute l&#039;actualit\u00e9 de G\u00e9rardmer","publisher":{"@id":"https:\/\/vosgesinfo.fr\/gerardmerinfo\/#organization"},"alternateName":"Toute l'actualit\u00e9 de G\u00e9rardmer","potentialAction":[{"@type":"SearchAction","target":{"@type":"EntryPoint","urlTemplate":"https:\/\/vosgesinfo.fr\/gerardmerinfo\/?s={search_term_string}"},"query-input":"required name=search_term_string"}],"inLanguage":"fr-FR"},{"@type":"Organization","@id":"https:\/\/vosgesinfo.fr\/gerardmerinfo\/#organization","name":"Gerardmer Info","url":"https:\/\/vosgesinfo.fr\/gerardmerinfo\/","logo":{"@type":"ImageObject","inLanguage":"fr-FR","@id":"https:\/\/vosgesinfo.fr\/gerardmerinfo\/#\/schema\/logo\/image\/","url":"https:\/\/vosgesinfo.fr\/app\/uploads\/sites\/6\/2023\/08\/favicon-gerardmerinfo.png","contentUrl":"https:\/\/vosgesinfo.fr\/app\/uploads\/sites\/6\/2023\/08\/favicon-gerardmerinfo.png","width":512,"height":512,"caption":"Gerardmer Info"},"image":{"@id":"https:\/\/vosgesinfo.fr\/gerardmerinfo\/#\/schema\/logo\/image\/"},"sameAs":["https:\/\/www.facebook.com\/profile.php?id=100049475262660","https:\/\/x.com\/VosgesInfo88","https:\/\/www.youtube.com\/@vosgesinfo"]},{"@type":"Person","@id":"https:\/\/vosgesinfo.fr\/gerardmerinfo\/#\/schema\/person\/bc5d02d71e6932e81b6dadb7386667b1","name":"qs_admin","image":{"@type":"ImageObject","inLanguage":"fr-FR","@id":"https:\/\/vosgesinfo.fr\/gerardmerinfo\/#\/schema\/person\/image\/","url":"https:\/\/secure.gravatar.com\/avatar\/94b18ee0ed79e4a42ea2f2931277b6841a8999fc6fde214600c78057cf1fe1de?s=96&d=mm&r=g","contentUrl":"https:\/\/secure.gravatar.com\/avatar\/94b18ee0ed79e4a42ea2f2931277b6841a8999fc6fde214600c78057cf1fe1de?s=96&d=mm&r=g","caption":"qs_admin"},"sameAs":["https:\/\/vosgesinfo.fr\/wp"],"url":"https:\/\/vosgesinfo.fr\/gerardmerinfo\/author\/qs_admin\/"}]}},"_links":{"self":[{"href":"https:\/\/vosgesinfo.fr\/gerardmerinfo\/wp-json\/wp\/v2\/posts\/637","targetHints":{"allow":["GET"]}}],"collection":[{"href":"https:\/\/vosgesinfo.fr\/gerardmerinfo\/wp-json\/wp\/v2\/posts"}],"about":[{"href":"https:\/\/vosgesinfo.fr\/gerardmerinfo\/wp-json\/wp\/v2\/types\/post"}],"author":[{"embeddable":true,"href":"https:\/\/vosgesinfo.fr\/gerardmerinfo\/wp-json\/wp\/v2\/users\/1"}],"replies":[{"embeddable":true,"href":"https:\/\/vosgesinfo.fr\/gerardmerinfo\/wp-json\/wp\/v2\/comments?post=637"}],"version-history":[{"count":0,"href":"https:\/\/vosgesinfo.fr\/gerardmerinfo\/wp-json\/wp\/v2\/posts\/637\/revisions"}],"wp:featuredmedia":[{"embeddable":true,"href":"https:\/\/vosgesinfo.fr\/gerardmerinfo\/wp-json\/wp\/v2\/media\/638"}],"wp:attachment":[{"href":"https:\/\/vosgesinfo.fr\/gerardmerinfo\/wp-json\/wp\/v2\/media?parent=637"}],"wp:term":[{"taxonomy":"category","embeddable":true,"href":"https:\/\/vosgesinfo.fr\/gerardmerinfo\/wp-json\/wp\/v2\/categories?post=637"},{"taxonomy":"post_tag","embeddable":true,"href":"https:\/\/vosgesinfo.fr\/gerardmerinfo\/wp-json\/wp\/v2\/tags?post=637"}],"curies":[{"name":"wp","href":"https:\/\/api.w.org\/{rel}","templated":true}]}}