{"id":63921,"date":"2023-01-16T04:59:20","date_gmt":"2023-01-16T03:59:20","guid":{"rendered":"https:\/\/vosgesinfo.fr\/gerardmerinfo\/2023\/01\/premiere-journee-autour-tuba-a-maison-de-musique\/"},"modified":"2023-01-16T04:59:20","modified_gmt":"2023-01-16T03:59:20","slug":"premiere-journee-autour-tuba-a-maison-de-musique","status":"publish","type":"post","link":"https:\/\/vosgesinfo.fr\/gerardmerinfo\/2023\/01\/premiere-journee-autour-tuba-a-maison-de-musique\/","title":{"rendered":"Premi\u00e8re journ\u00e9e autour du tuba \u00e0 la maison de la musique"},"content":{"rendered":"<p><a href=\"\/2023\/01\/journ\u00e9e-tuba-ecole-musique-G\u00e9rardmer-6.jpg\"><img decoding=\"async\" class=\"aligncenter size-large wp-image-199631\" src=\"\/2023\/01\/journ\u00e9e-tuba-ecole-musique-G\u00e9rardmer-6-1024x771.jpg\" alt=\"journ\u00e9e tuba ecole musique G\u00e9rardmer (6)\" width=\"960\" height=\"723\" \/><\/a><\/p>\n<h3><span style=\"font-size: 12pt;\">A l&rsquo;origine de cette collaboration qui a pris forme \u00e0 la maison de la musique de G\u00e9rardmer ce samedi 14 janvier, on retrouvait H\u00e9l\u00e8ne Missioux, professeur de tuba et euphonium au CRD d\u2019\u00c9pinal et \u00e0 l&rsquo;EIM de Thaon les Vosges.<\/span><\/h3>\n<p>A l&rsquo;origine, ce projet devait \u00e9galement b\u00e9n\u00e9ficier de la pr\u00e9sence et surtout de la comp\u00e9tence du virtuose Mica\u00ebl Cortone d&rsquo;Amore qui a malheureusement d\u00fb d\u00e9clarer forfait le matin m\u00eame pour cause de maladie. Comme l&rsquo;expliquait le professeur de tuba g\u00e9r\u00f4mois Gilles Vuillemin avant le concert de restitution programm\u00e9 en fin d&rsquo;apr\u00e8s-midi, il aura donc fallu s&rsquo;adapter pour proposer une journ\u00e9e n\u00e9anmoins attractive au 35 participants (plus un batteur) venant de\u00a0 Thaon, Remiremont, \u00c9pinal et bien s\u00fbr G\u00e9rardmer. Des \u00e9l\u00e8ves qui ont donc travaill\u00e9 sur diff\u00e9rents ensembles en compagnie des deux enseignants.<\/p>\n<p>Et pour conclure cette journ\u00e9e productive, le public \u00e9tait invit\u00e9 au rendu du travail \u00e0 l&rsquo;occasion d&rsquo;un concert gratuit auquel une cinquantaine de personnes ont assist\u00e9, dont Anne Chwaliszewski l&rsquo;adjointe \u00e0 la culture de la municipalit\u00e9 g\u00e9r\u00f4moise, et Anicet Jacquemin, pr\u00e9sident adjoint \u00e0 la culture de la CCGHV. Cette collaboration autour du tuba s&rsquo;est ensuite poursuivie ce dimanche \u00e0 Thaon, avec l\u00e0 encore un concert ouvert au public en milieu d&rsquo;apr\u00e8s-midi.<\/p>\n","protected":false},"excerpt":{"rendered":"<p>A l&rsquo;origine de cette collaboration qui a pris forme \u00e0 la maison de la musique de G\u00e9rardmer ce samedi 14 [&hellip;]<\/p>\n","protected":false},"author":42,"featured_media":63922,"comment_status":"open","ping_status":"open","sticky":false,"template":"","format":"standard","meta":{"footnotes":""},"categories":[20,34,4,25],"tags":[228,5329,5327],"class_list":["post-63921","post","type-post","status-publish","format-standard","has-post-thumbnail","hentry","category-a-la-une","category-concert","category-culture","category-gerardmer","tag-ecole-intercommunale-de-musique","tag-helene-missioux","tag-micael-cortone-damore"],"acf":[],"yoast_head":"<!-- This site is optimized with the Yoast SEO plugin v22.5 - https:\/\/yoast.com\/wordpress\/plugins\/seo\/ -->\n<title>Premi\u00e8re journ\u00e9e autour du tuba \u00e0 la maison de la musique - Gerardmer Info<\/title>\n<meta name=\"robots\" content=\"index, follow, max-snippet:-1, max-image-preview:large, max-video-preview:-1\" \/>\n<link rel=\"canonical\" href=\"https:\/\/vosgesinfo.fr\/gerardmerinfo\/2023\/01\/premiere-journee-autour-tuba-a-maison-de-musique\/\" \/>\n<meta name=\"twitter:card\" content=\"summary_large_image\" \/>\n<meta name=\"twitter:title\" content=\"Premi\u00e8re journ\u00e9e autour du tuba \u00e0 la maison de la musique - Gerardmer Info\" \/>\n<meta name=\"twitter:description\" content=\"A l&rsquo;origine de cette collaboration qui a pris forme \u00e0 la maison de la musique de G\u00e9rardmer ce samedi 14 [&hellip;]\" \/>\n<meta name=\"twitter:image\" content=\"https:\/\/vosgesinfo.fr\/app\/uploads\/sites\/6\/2024\/07\/202301journee-tuba-ecole-musique-gerardmer-5.jpg\" \/>\n<meta name=\"twitter:creator\" content=\"@VosgesInfo88\" \/>\n<meta name=\"twitter:site\" content=\"@VosgesInfo88\" \/>\n<meta name=\"twitter:label1\" content=\"\u00c9crit par\" \/>\n\t<meta name=\"twitter:data1\" content=\"QG\" \/>\n\t<meta name=\"twitter:label2\" content=\"Dur\u00e9e de lecture estim\u00e9e\" \/>\n\t<meta name=\"twitter:data2\" content=\"1 minute\" \/>\n<script type=\"application\/ld+json\" class=\"yoast-schema-graph\">{\"@context\":\"https:\/\/schema.org\",\"@graph\":[{\"@type\":\"Article\",\"@id\":\"https:\/\/vosgesinfo.fr\/gerardmerinfo\/2023\/01\/premiere-journee-autour-tuba-a-maison-de-musique\/#article\",\"isPartOf\":{\"@id\":\"https:\/\/vosgesinfo.fr\/gerardmerinfo\/2023\/01\/premiere-journee-autour-tuba-a-maison-de-musique\/\"},\"author\":{\"name\":\"QG\",\"@id\":\"https:\/\/vosgesinfo.fr\/gerardmerinfo\/#\/schema\/person\/db5605779a843dad16b5368f3e7613a5\"},\"headline\":\"Premi\u00e8re journ\u00e9e autour du tuba \u00e0 la maison de la musique\",\"datePublished\":\"2023-01-16T03:59:20+00:00\",\"dateModified\":\"2023-01-16T03:59:20+00:00\",\"mainEntityOfPage\":{\"@id\":\"https:\/\/vosgesinfo.fr\/gerardmerinfo\/2023\/01\/premiere-journee-autour-tuba-a-maison-de-musique\/\"},\"wordCount\":243,\"commentCount\":0,\"publisher\":{\"@id\":\"https:\/\/vosgesinfo.fr\/gerardmerinfo\/#organization\"},\"image\":{\"@id\":\"https:\/\/vosgesinfo.fr\/gerardmerinfo\/2023\/01\/premiere-journee-autour-tuba-a-maison-de-musique\/#primaryimage\"},\"thumbnailUrl\":\"https:\/\/vosgesinfo.fr\/app\/uploads\/sites\/6\/2024\/07\/202301journee-tuba-ecole-musique-gerardmer-5.jpg\",\"keywords\":[\"\u00e9cole intercommunale de musique\",\"H\u00e9l\u00e8ne Missioux\",\"Mica\u00ebl Cortone d\u2019Amore\"],\"articleSection\":[\"A la une\",\"Concert\",\"Culture\",\"G\u00e9rardmer\"],\"inLanguage\":\"fr-FR\",\"potentialAction\":[{\"@type\":\"CommentAction\",\"name\":\"Comment\",\"target\":[\"https:\/\/vosgesinfo.fr\/gerardmerinfo\/2023\/01\/premiere-journee-autour-tuba-a-maison-de-musique\/#respond\"]}]},{\"@type\":\"WebPage\",\"@id\":\"https:\/\/vosgesinfo.fr\/gerardmerinfo\/2023\/01\/premiere-journee-autour-tuba-a-maison-de-musique\/\",\"url\":\"https:\/\/vosgesinfo.fr\/gerardmerinfo\/2023\/01\/premiere-journee-autour-tuba-a-maison-de-musique\/\",\"name\":\"Premi\u00e8re journ\u00e9e autour du tuba \u00e0 la maison de la musique - Gerardmer Info\",\"isPartOf\":{\"@id\":\"https:\/\/vosgesinfo.fr\/gerardmerinfo\/#website\"},\"primaryImageOfPage\":{\"@id\":\"https:\/\/vosgesinfo.fr\/gerardmerinfo\/2023\/01\/premiere-journee-autour-tuba-a-maison-de-musique\/#primaryimage\"},\"image\":{\"@id\":\"https:\/\/vosgesinfo.fr\/gerardmerinfo\/2023\/01\/premiere-journee-autour-tuba-a-maison-de-musique\/#primaryimage\"},\"thumbnailUrl\":\"https:\/\/vosgesinfo.fr\/app\/uploads\/sites\/6\/2024\/07\/202301journee-tuba-ecole-musique-gerardmer-5.jpg\",\"datePublished\":\"2023-01-16T03:59:20+00:00\",\"dateModified\":\"2023-01-16T03:59:20+00:00\",\"breadcrumb\":{\"@id\":\"https:\/\/vosgesinfo.fr\/gerardmerinfo\/2023\/01\/premiere-journee-autour-tuba-a-maison-de-musique\/#breadcrumb\"},\"inLanguage\":\"fr-FR\",\"potentialAction\":[{\"@type\":\"ReadAction\",\"target\":[\"https:\/\/vosgesinfo.fr\/gerardmerinfo\/2023\/01\/premiere-journee-autour-tuba-a-maison-de-musique\/\"]}]},{\"@type\":\"ImageObject\",\"inLanguage\":\"fr-FR\",\"@id\":\"https:\/\/vosgesinfo.fr\/gerardmerinfo\/2023\/01\/premiere-journee-autour-tuba-a-maison-de-musique\/#primaryimage\",\"url\":\"https:\/\/vosgesinfo.fr\/app\/uploads\/sites\/6\/2024\/07\/202301journee-tuba-ecole-musique-gerardmer-5.jpg\",\"contentUrl\":\"https:\/\/vosgesinfo.fr\/app\/uploads\/sites\/6\/2024\/07\/202301journee-tuba-ecole-musique-gerardmer-5.jpg\",\"width\":1600,\"height\":1205},{\"@type\":\"BreadcrumbList\",\"@id\":\"https:\/\/vosgesinfo.fr\/gerardmerinfo\/2023\/01\/premiere-journee-autour-tuba-a-maison-de-musique\/#breadcrumb\",\"itemListElement\":[{\"@type\":\"ListItem\",\"position\":1,\"name\":\"Home\",\"item\":\"https:\/\/vosgesinfo.fr\/gerardmerinfo\/\"},{\"@type\":\"ListItem\",\"position\":2,\"name\":\"Premi\u00e8re journ\u00e9e autour du tuba \u00e0 la maison de la musique\"}]},{\"@type\":\"WebSite\",\"@id\":\"https:\/\/vosgesinfo.fr\/gerardmerinfo\/#website\",\"url\":\"https:\/\/vosgesinfo.fr\/gerardmerinfo\/\",\"name\":\"Gerardmer Info\",\"description\":\"Toute l&#039;actualit\u00e9 de G\u00e9rardmer\",\"publisher\":{\"@id\":\"https:\/\/vosgesinfo.fr\/gerardmerinfo\/#organization\"},\"alternateName\":\"Toute l'actualit\u00e9 de G\u00e9rardmer\",\"potentialAction\":[{\"@type\":\"SearchAction\",\"target\":{\"@type\":\"EntryPoint\",\"urlTemplate\":\"https:\/\/vosgesinfo.fr\/gerardmerinfo\/?s={search_term_string}\"},\"query-input\":\"required name=search_term_string\"}],\"inLanguage\":\"fr-FR\"},{\"@type\":\"Organization\",\"@id\":\"https:\/\/vosgesinfo.fr\/gerardmerinfo\/#organization\",\"name\":\"Gerardmer Info\",\"url\":\"https:\/\/vosgesinfo.fr\/gerardmerinfo\/\",\"logo\":{\"@type\":\"ImageObject\",\"inLanguage\":\"fr-FR\",\"@id\":\"https:\/\/vosgesinfo.fr\/gerardmerinfo\/#\/schema\/logo\/image\/\",\"url\":\"https:\/\/vosgesinfo.fr\/app\/uploads\/sites\/6\/2023\/08\/favicon-gerardmerinfo.png\",\"contentUrl\":\"https:\/\/vosgesinfo.fr\/app\/uploads\/sites\/6\/2023\/08\/favicon-gerardmerinfo.png\",\"width\":512,\"height\":512,\"caption\":\"Gerardmer Info\"},\"image\":{\"@id\":\"https:\/\/vosgesinfo.fr\/gerardmerinfo\/#\/schema\/logo\/image\/\"},\"sameAs\":[\"https:\/\/www.facebook.com\/profile.php?id=100049475262660\",\"https:\/\/x.com\/VosgesInfo88\",\"https:\/\/www.youtube.com\/@vosgesinfo\"]},{\"@type\":\"Person\",\"@id\":\"https:\/\/vosgesinfo.fr\/gerardmerinfo\/#\/schema\/person\/db5605779a843dad16b5368f3e7613a5\",\"name\":\"QG\",\"image\":{\"@type\":\"ImageObject\",\"inLanguage\":\"fr-FR\",\"@id\":\"https:\/\/vosgesinfo.fr\/gerardmerinfo\/#\/schema\/person\/image\/\",\"url\":\"https:\/\/secure.gravatar.com\/avatar\/ea80c42c204b534408512832fde52504ecabb9706bcb6151cf6175e5b64e6793?s=96&d=mm&r=g\",\"contentUrl\":\"https:\/\/secure.gravatar.com\/avatar\/ea80c42c204b534408512832fde52504ecabb9706bcb6151cf6175e5b64e6793?s=96&d=mm&r=g\",\"caption\":\"QG\"},\"url\":\"https:\/\/vosgesinfo.fr\/gerardmerinfo\/author\/quentin88\/\"}]}<\/script>\n<!-- \/ Yoast SEO plugin. -->","yoast_head_json":{"title":"Premi\u00e8re journ\u00e9e autour du tuba \u00e0 la maison de la musique - Gerardmer Info","robots":{"index":"index","follow":"follow","max-snippet":"max-snippet:-1","max-image-preview":"max-image-preview:large","max-video-preview":"max-video-preview:-1"},"canonical":"https:\/\/vosgesinfo.fr\/gerardmerinfo\/2023\/01\/premiere-journee-autour-tuba-a-maison-de-musique\/","twitter_card":"summary_large_image","twitter_title":"Premi\u00e8re journ\u00e9e autour du tuba \u00e0 la maison de la musique - Gerardmer Info","twitter_description":"A l&rsquo;origine de cette collaboration qui a pris forme \u00e0 la maison de la musique de G\u00e9rardmer ce samedi 14 [&hellip;]","twitter_image":"https:\/\/vosgesinfo.fr\/app\/uploads\/sites\/6\/2024\/07\/202301journee-tuba-ecole-musique-gerardmer-5.jpg","twitter_creator":"@VosgesInfo88","twitter_site":"@VosgesInfo88","twitter_misc":{"\u00c9crit par":"QG","Dur\u00e9e de lecture estim\u00e9e":"1 minute"},"schema":{"@context":"https:\/\/schema.org","@graph":[{"@type":"Article","@id":"https:\/\/vosgesinfo.fr\/gerardmerinfo\/2023\/01\/premiere-journee-autour-tuba-a-maison-de-musique\/#article","isPartOf":{"@id":"https:\/\/vosgesinfo.fr\/gerardmerinfo\/2023\/01\/premiere-journee-autour-tuba-a-maison-de-musique\/"},"author":{"name":"QG","@id":"https:\/\/vosgesinfo.fr\/gerardmerinfo\/#\/schema\/person\/db5605779a843dad16b5368f3e7613a5"},"headline":"Premi\u00e8re journ\u00e9e autour du tuba \u00e0 la maison de la musique","datePublished":"2023-01-16T03:59:20+00:00","dateModified":"2023-01-16T03:59:20+00:00","mainEntityOfPage":{"@id":"https:\/\/vosgesinfo.fr\/gerardmerinfo\/2023\/01\/premiere-journee-autour-tuba-a-maison-de-musique\/"},"wordCount":243,"commentCount":0,"publisher":{"@id":"https:\/\/vosgesinfo.fr\/gerardmerinfo\/#organization"},"image":{"@id":"https:\/\/vosgesinfo.fr\/gerardmerinfo\/2023\/01\/premiere-journee-autour-tuba-a-maison-de-musique\/#primaryimage"},"thumbnailUrl":"https:\/\/vosgesinfo.fr\/app\/uploads\/sites\/6\/2024\/07\/202301journee-tuba-ecole-musique-gerardmer-5.jpg","keywords":["\u00e9cole intercommunale de musique","H\u00e9l\u00e8ne Missioux","Mica\u00ebl Cortone d\u2019Amore"],"articleSection":["A la une","Concert","Culture","G\u00e9rardmer"],"inLanguage":"fr-FR","potentialAction":[{"@type":"CommentAction","name":"Comment","target":["https:\/\/vosgesinfo.fr\/gerardmerinfo\/2023\/01\/premiere-journee-autour-tuba-a-maison-de-musique\/#respond"]}]},{"@type":"WebPage","@id":"https:\/\/vosgesinfo.fr\/gerardmerinfo\/2023\/01\/premiere-journee-autour-tuba-a-maison-de-musique\/","url":"https:\/\/vosgesinfo.fr\/gerardmerinfo\/2023\/01\/premiere-journee-autour-tuba-a-maison-de-musique\/","name":"Premi\u00e8re journ\u00e9e autour du tuba \u00e0 la maison de la musique - Gerardmer Info","isPartOf":{"@id":"https:\/\/vosgesinfo.fr\/gerardmerinfo\/#website"},"primaryImageOfPage":{"@id":"https:\/\/vosgesinfo.fr\/gerardmerinfo\/2023\/01\/premiere-journee-autour-tuba-a-maison-de-musique\/#primaryimage"},"image":{"@id":"https:\/\/vosgesinfo.fr\/gerardmerinfo\/2023\/01\/premiere-journee-autour-tuba-a-maison-de-musique\/#primaryimage"},"thumbnailUrl":"https:\/\/vosgesinfo.fr\/app\/uploads\/sites\/6\/2024\/07\/202301journee-tuba-ecole-musique-gerardmer-5.jpg","datePublished":"2023-01-16T03:59:20+00:00","dateModified":"2023-01-16T03:59:20+00:00","breadcrumb":{"@id":"https:\/\/vosgesinfo.fr\/gerardmerinfo\/2023\/01\/premiere-journee-autour-tuba-a-maison-de-musique\/#breadcrumb"},"inLanguage":"fr-FR","potentialAction":[{"@type":"ReadAction","target":["https:\/\/vosgesinfo.fr\/gerardmerinfo\/2023\/01\/premiere-journee-autour-tuba-a-maison-de-musique\/"]}]},{"@type":"ImageObject","inLanguage":"fr-FR","@id":"https:\/\/vosgesinfo.fr\/gerardmerinfo\/2023\/01\/premiere-journee-autour-tuba-a-maison-de-musique\/#primaryimage","url":"https:\/\/vosgesinfo.fr\/app\/uploads\/sites\/6\/2024\/07\/202301journee-tuba-ecole-musique-gerardmer-5.jpg","contentUrl":"https:\/\/vosgesinfo.fr\/app\/uploads\/sites\/6\/2024\/07\/202301journee-tuba-ecole-musique-gerardmer-5.jpg","width":1600,"height":1205},{"@type":"BreadcrumbList","@id":"https:\/\/vosgesinfo.fr\/gerardmerinfo\/2023\/01\/premiere-journee-autour-tuba-a-maison-de-musique\/#breadcrumb","itemListElement":[{"@type":"ListItem","position":1,"name":"Home","item":"https:\/\/vosgesinfo.fr\/gerardmerinfo\/"},{"@type":"ListItem","position":2,"name":"Premi\u00e8re journ\u00e9e autour du tuba \u00e0 la maison de la musique"}]},{"@type":"WebSite","@id":"https:\/\/vosgesinfo.fr\/gerardmerinfo\/#website","url":"https:\/\/vosgesinfo.fr\/gerardmerinfo\/","name":"Gerardmer Info","description":"Toute l&#039;actualit\u00e9 de G\u00e9rardmer","publisher":{"@id":"https:\/\/vosgesinfo.fr\/gerardmerinfo\/#organization"},"alternateName":"Toute l'actualit\u00e9 de G\u00e9rardmer","potentialAction":[{"@type":"SearchAction","target":{"@type":"EntryPoint","urlTemplate":"https:\/\/vosgesinfo.fr\/gerardmerinfo\/?s={search_term_string}"},"query-input":"required name=search_term_string"}],"inLanguage":"fr-FR"},{"@type":"Organization","@id":"https:\/\/vosgesinfo.fr\/gerardmerinfo\/#organization","name":"Gerardmer Info","url":"https:\/\/vosgesinfo.fr\/gerardmerinfo\/","logo":{"@type":"ImageObject","inLanguage":"fr-FR","@id":"https:\/\/vosgesinfo.fr\/gerardmerinfo\/#\/schema\/logo\/image\/","url":"https:\/\/vosgesinfo.fr\/app\/uploads\/sites\/6\/2023\/08\/favicon-gerardmerinfo.png","contentUrl":"https:\/\/vosgesinfo.fr\/app\/uploads\/sites\/6\/2023\/08\/favicon-gerardmerinfo.png","width":512,"height":512,"caption":"Gerardmer Info"},"image":{"@id":"https:\/\/vosgesinfo.fr\/gerardmerinfo\/#\/schema\/logo\/image\/"},"sameAs":["https:\/\/www.facebook.com\/profile.php?id=100049475262660","https:\/\/x.com\/VosgesInfo88","https:\/\/www.youtube.com\/@vosgesinfo"]},{"@type":"Person","@id":"https:\/\/vosgesinfo.fr\/gerardmerinfo\/#\/schema\/person\/db5605779a843dad16b5368f3e7613a5","name":"QG","image":{"@type":"ImageObject","inLanguage":"fr-FR","@id":"https:\/\/vosgesinfo.fr\/gerardmerinfo\/#\/schema\/person\/image\/","url":"https:\/\/secure.gravatar.com\/avatar\/ea80c42c204b534408512832fde52504ecabb9706bcb6151cf6175e5b64e6793?s=96&d=mm&r=g","contentUrl":"https:\/\/secure.gravatar.com\/avatar\/ea80c42c204b534408512832fde52504ecabb9706bcb6151cf6175e5b64e6793?s=96&d=mm&r=g","caption":"QG"},"url":"https:\/\/vosgesinfo.fr\/gerardmerinfo\/author\/quentin88\/"}]}},"_links":{"self":[{"href":"https:\/\/vosgesinfo.fr\/gerardmerinfo\/wp-json\/wp\/v2\/posts\/63921","targetHints":{"allow":["GET"]}}],"collection":[{"href":"https:\/\/vosgesinfo.fr\/gerardmerinfo\/wp-json\/wp\/v2\/posts"}],"about":[{"href":"https:\/\/vosgesinfo.fr\/gerardmerinfo\/wp-json\/wp\/v2\/types\/post"}],"author":[{"embeddable":true,"href":"https:\/\/vosgesinfo.fr\/gerardmerinfo\/wp-json\/wp\/v2\/users\/42"}],"replies":[{"embeddable":true,"href":"https:\/\/vosgesinfo.fr\/gerardmerinfo\/wp-json\/wp\/v2\/comments?post=63921"}],"version-history":[{"count":0,"href":"https:\/\/vosgesinfo.fr\/gerardmerinfo\/wp-json\/wp\/v2\/posts\/63921\/revisions"}],"wp:featuredmedia":[{"embeddable":true,"href":"https:\/\/vosgesinfo.fr\/gerardmerinfo\/wp-json\/wp\/v2\/media\/63922"}],"wp:attachment":[{"href":"https:\/\/vosgesinfo.fr\/gerardmerinfo\/wp-json\/wp\/v2\/media?parent=63921"}],"wp:term":[{"taxonomy":"category","embeddable":true,"href":"https:\/\/vosgesinfo.fr\/gerardmerinfo\/wp-json\/wp\/v2\/categories?post=63921"},{"taxonomy":"post_tag","embeddable":true,"href":"https:\/\/vosgesinfo.fr\/gerardmerinfo\/wp-json\/wp\/v2\/tags?post=63921"}],"curies":[{"name":"wp","href":"https:\/\/api.w.org\/{rel}","templated":true}]}}