{"id":64167,"date":"2023-01-25T20:16:55","date_gmt":"2023-01-25T19:16:55","guid":{"rendered":"https:\/\/vosgesinfo.fr\/gerardmerinfo\/2023\/01\/festival-international-film-fantastique-carte-didentite-culturelle-gerardmer\/"},"modified":"2023-01-25T20:16:55","modified_gmt":"2023-01-25T19:16:55","slug":"festival-international-film-fantastique-carte-didentite-culturelle-gerardmer","status":"publish","type":"post","link":"https:\/\/vosgesinfo.fr\/gerardmerinfo\/2023\/01\/festival-international-film-fantastique-carte-didentite-culturelle-gerardmer\/","title":{"rendered":"Le Festival International du Film Fantastique : \u00ab\u00a0Une carte d&rsquo;identit\u00e9 culturelle pour G\u00e9rardmer\u00a0\u00bb"},"content":{"rendered":"<div id=\"attachment_200152\" style=\"width: 1610px\" class=\"wp-caption aligncenter\"><a href=\"\/2023\/01\/ceremonie-ouverture-30\u00e8me-efstival-de-G\u00e9rardmer-fantastique-1.jpg\"><img decoding=\"async\" aria-describedby=\"caption-attachment-200152\" class=\"size-full wp-image-200152\" src=\"\/2023\/01\/ceremonie-ouverture-30\u00e8me-efstival-de-G\u00e9rardmer-fantastique-1.jpg\" alt=\"Le jury au complet a pu arriver dans les temps gr\u00e2ce \u00e0 la SNCF que le directeur du festival a tenu \u00e0 remercier.\" width=\"1600\" height=\"1067\" \/><\/a><p id=\"caption-attachment-200152\" class=\"wp-caption-text\">Le jury au complet a pu arriver dans les temps gr\u00e2ce \u00e0 la SNCF que le directeur du festival a tenu \u00e0 remercier.<\/p><\/div>\n\n<h3>Premier cierge allum\u00e9 pour la grand messe du fantastique dans les Vosges avec la traditionnelle c\u00e9r\u00e9monie d&rsquo;ouverture qui avait lieu ce mercredi soir \u00e0 l&rsquo;Espace LAC de G\u00e9rardmer qui a fait salle comble, sans surprise&#8230;<\/h3>\n<div id=\"attachment_200155\" style=\"width: 180px\" class=\"wp-caption alignright\"><a href=\"\/2023\/01\/ceremonie-ouverture-30\u00e8me-efstival-de-G\u00e9rardmer-fantastique-4.jpg\"><img decoding=\"async\" aria-describedby=\"caption-attachment-200155\" class=\"size-medium wp-image-200155\" src=\"\/2023\/01\/ceremonie-ouverture-30\u00e8me-efstival-de-G\u00e9rardmer-fantastique-4-170x255.jpg\" alt=\"Le coupe pr\u00e9sidentiel.\" width=\"170\" height=\"255\" \/><\/a><p id=\"caption-attachment-200155\" class=\"wp-caption-text\">Le coupe pr\u00e9sidentiel.<\/p><\/div>\n<p>Il faut dire que le festival c\u00e9l\u00e8bre cette ann\u00e9e son 30\u00e8me anniversaire, des noces de perle toujours aussi intense avec son public comme l&rsquo;ont fait remarquer les officiels qui se sont succ\u00e9d\u00e9 au micro avant l&rsquo;entr\u00e9e du jury longs m\u00e9trages. Un beau pr\u00e9sage pour le conseiller d\u00e9partemental Thomas Gion \u00e0 l&rsquo;origine de cette m\u00e9taphore, et pour le maire de G\u00e9rardmer Stessy Speissmann c&rsquo;est une nouvelle \u00e9tape pour cet \u00e9v\u00e9nement majeur de la R\u00e9gion qui assoit la force et la cr\u00e9ativit\u00e9 du 7\u00e8me art ici, dans la perle des Vosges. Un \u00e9v\u00e9nement qui \u00ab\u00a0met la culture au service de la citoyennet\u00e9\u00a0\u00bb en la d\u00e9clinant \u00e0 travers la musique, la litt\u00e9rature, la sculpture, la peinture, et surtout en la rendant accessible au plus grand nombre.<\/p>\n<p><a href=\"\/2023\/01\/ceremonie-ouverture-30\u00e8me-efstival-de-G\u00e9rardmer-fantastique-2.jpg\"><img decoding=\"async\" class=\"alignright size-medium wp-image-200153\" src=\"\/2023\/01\/ceremonie-ouverture-30\u00e8me-efstival-de-G\u00e9rardmer-fantastique-2-170x255.jpg\" alt=\"ceremonie ouverture 30\u00e8me efstival de G\u00e9rardmer fantastique (2)\" width=\"170\" height=\"255\" \/><\/a>Oui, G\u00e9rardmer et la R\u00e9gion Grand Est sont des terres de cin\u00e9ma, de cin\u00e9ma de genre m\u00eame, avec plusieurs \u00e9v\u00e9nements qui lui sont consacr\u00e9s chaque ann\u00e9e et qui sont bien install\u00e9s dans le paysage national, voir m\u00eame international, comme le signalait Martine Lizola, conseill\u00e8re r\u00e9gionale. Le Festival de G\u00e9rardmer rapproche, il est \u00ab\u00a0<em>une bulle au c\u0153ur de l&rsquo;hiver\u00a0\u00bb<\/em> o\u00f9 l&rsquo;on vient se blottir pour avoir peur ensemble, pour ressentir des \u00e9motions ensemble. Mais il ne faut pas avoir trop peu, il ne faut pas avoir peur d&rsquo;avoir peur, car \u00ab\u00a0<em>la peur tue l&rsquo;esprit<\/em>\u00a0\u00bb nous rappelle l&rsquo;ordre des Bene Gesserit. En 1994, Lionel Chouchan n&rsquo;ont pas eu peur de faire venir le festival \u00e0 G\u00e9rardmer, gagnant en spectateurs et en engouement ce qu&rsquo;il avait perdu en flocons nous rappelle Bruno bard, directeur de celui que l&rsquo;on appelle encore parfois<em> Fantastic&rsquo;Arts<\/em>&#8230; Le festival est depuis devenu \u00ab\u00a0<em>une carte d&rsquo;identit\u00e9 culturelle pour G\u00e9rardmer<\/em>\u00ab\u00a0, faisant de son ciel \u00ab\u00a0<em>le firmament d&rsquo;un d\u00e9sir de cin\u00e9ma<\/em>\u00ab\u00a0, avec des vid\u00e9astes proposant \u00e0 travers le 7\u00e8me art et leurs cr\u00e9ations des visions qui retranscrivent \u00ab\u00a0<em>les pr\u00e9occupations du jour ou de toujours<\/em>\u00a0\u00bb , poursuit Bruno Barde avant de laisser entrer le jury de cette 30\u00e8me \u00e9dition, pr\u00e9alablement introduit par Pierre Sachot.<\/p>\n<p>Un pr\u00e9sident manifestement ravi de retrouver le public, les artistes, les b\u00e9n\u00e9voles et toute la grande famille du fantastique a nouveau r\u00e9unie \u00e0 G\u00e9rardmer pour une petite semaine particuli\u00e8rement prometteuse&#8230;<\/p>\n<p><a href=\"\/2023\/01\/Bruno-Barde.jpg\"><img decoding=\"async\" class=\"aligncenter size-large wp-image-200157\" src=\"\/2023\/01\/Bruno-Barde-683x1024.jpg\" alt=\"Bruno Barde\" width=\"683\" height=\"1024\" \/><\/a><\/p>\n","protected":false},"excerpt":{"rendered":"<p>Premier cierge allum\u00e9 pour la grand messe du fantastique dans les Vosges avec la traditionnelle c\u00e9r\u00e9monie d&rsquo;ouverture qui avait lieu [&hellip;]<\/p>\n","protected":false},"author":42,"featured_media":64168,"comment_status":"open","ping_status":"open","sticky":false,"template":"","format":"standard","meta":{"footnotes":""},"categories":[20,4,25,18],"tags":[],"class_list":["post-64167","post","type-post","status-publish","format-standard","has-post-thumbnail","hentry","category-a-la-une","category-culture","category-gerardmer","category-vosges"],"acf":[],"yoast_head":"<!-- This site is optimized with the Yoast SEO plugin v22.5 - https:\/\/yoast.com\/wordpress\/plugins\/seo\/ -->\n<title>Le Festival International du Film Fantastique : &quot;Une carte d&#039;identit\u00e9 culturelle pour G\u00e9rardmer&quot; - Gerardmer Info<\/title>\n<meta name=\"robots\" content=\"index, follow, max-snippet:-1, max-image-preview:large, max-video-preview:-1\" \/>\n<link rel=\"canonical\" href=\"https:\/\/vosgesinfo.fr\/gerardmerinfo\/2023\/01\/festival-international-film-fantastique-carte-didentite-culturelle-gerardmer\/\" \/>\n<meta name=\"twitter:card\" content=\"summary_large_image\" \/>\n<meta name=\"twitter:title\" content=\"Le Festival International du Film Fantastique : &quot;Une carte d&#039;identit\u00e9 culturelle pour G\u00e9rardmer&quot; - Gerardmer Info\" \/>\n<meta name=\"twitter:description\" content=\"Premier cierge allum\u00e9 pour la grand messe du fantastique dans les Vosges avec la traditionnelle c\u00e9r\u00e9monie d&rsquo;ouverture qui avait lieu [&hellip;]\" \/>\n<meta name=\"twitter:image\" content=\"https:\/\/vosgesinfo.fr\/app\/uploads\/sites\/6\/2024\/07\/202301ceremonie-ouverture-30eme-efstival-de-gerardmer-fantastique-1.jpg\" \/>\n<meta name=\"twitter:creator\" content=\"@VosgesInfo88\" \/>\n<meta name=\"twitter:site\" content=\"@VosgesInfo88\" \/>\n<meta name=\"twitter:label1\" content=\"\u00c9crit par\" \/>\n\t<meta name=\"twitter:data1\" content=\"QG\" \/>\n\t<meta name=\"twitter:label2\" content=\"Dur\u00e9e de lecture estim\u00e9e\" \/>\n\t<meta name=\"twitter:data2\" content=\"2 minutes\" \/>\n<script type=\"application\/ld+json\" class=\"yoast-schema-graph\">{\"@context\":\"https:\/\/schema.org\",\"@graph\":[{\"@type\":\"Article\",\"@id\":\"https:\/\/vosgesinfo.fr\/gerardmerinfo\/2023\/01\/festival-international-film-fantastique-carte-didentite-culturelle-gerardmer\/#article\",\"isPartOf\":{\"@id\":\"https:\/\/vosgesinfo.fr\/gerardmerinfo\/2023\/01\/festival-international-film-fantastique-carte-didentite-culturelle-gerardmer\/\"},\"author\":{\"name\":\"QG\",\"@id\":\"https:\/\/vosgesinfo.fr\/gerardmerinfo\/#\/schema\/person\/db5605779a843dad16b5368f3e7613a5\"},\"headline\":\"Le Festival International du Film Fantastique : \u00ab\u00a0Une carte d&rsquo;identit\u00e9 culturelle pour G\u00e9rardmer\u00a0\u00bb\",\"datePublished\":\"2023-01-25T19:16:55+00:00\",\"dateModified\":\"2023-01-25T19:16:55+00:00\",\"mainEntityOfPage\":{\"@id\":\"https:\/\/vosgesinfo.fr\/gerardmerinfo\/2023\/01\/festival-international-film-fantastique-carte-didentite-culturelle-gerardmer\/\"},\"wordCount\":509,\"commentCount\":0,\"publisher\":{\"@id\":\"https:\/\/vosgesinfo.fr\/gerardmerinfo\/#organization\"},\"image\":{\"@id\":\"https:\/\/vosgesinfo.fr\/gerardmerinfo\/2023\/01\/festival-international-film-fantastique-carte-didentite-culturelle-gerardmer\/#primaryimage\"},\"thumbnailUrl\":\"https:\/\/vosgesinfo.fr\/app\/uploads\/sites\/6\/2024\/07\/202301ceremonie-ouverture-30eme-efstival-de-gerardmer-fantastique-1.jpg\",\"articleSection\":[\"A la une\",\"Culture\",\"G\u00e9rardmer\",\"Vosges\"],\"inLanguage\":\"fr-FR\",\"potentialAction\":[{\"@type\":\"CommentAction\",\"name\":\"Comment\",\"target\":[\"https:\/\/vosgesinfo.fr\/gerardmerinfo\/2023\/01\/festival-international-film-fantastique-carte-didentite-culturelle-gerardmer\/#respond\"]}]},{\"@type\":\"WebPage\",\"@id\":\"https:\/\/vosgesinfo.fr\/gerardmerinfo\/2023\/01\/festival-international-film-fantastique-carte-didentite-culturelle-gerardmer\/\",\"url\":\"https:\/\/vosgesinfo.fr\/gerardmerinfo\/2023\/01\/festival-international-film-fantastique-carte-didentite-culturelle-gerardmer\/\",\"name\":\"Le Festival International du Film Fantastique : \\\"Une carte d'identit\u00e9 culturelle pour G\u00e9rardmer\\\" - Gerardmer Info\",\"isPartOf\":{\"@id\":\"https:\/\/vosgesinfo.fr\/gerardmerinfo\/#website\"},\"primaryImageOfPage\":{\"@id\":\"https:\/\/vosgesinfo.fr\/gerardmerinfo\/2023\/01\/festival-international-film-fantastique-carte-didentite-culturelle-gerardmer\/#primaryimage\"},\"image\":{\"@id\":\"https:\/\/vosgesinfo.fr\/gerardmerinfo\/2023\/01\/festival-international-film-fantastique-carte-didentite-culturelle-gerardmer\/#primaryimage\"},\"thumbnailUrl\":\"https:\/\/vosgesinfo.fr\/app\/uploads\/sites\/6\/2024\/07\/202301ceremonie-ouverture-30eme-efstival-de-gerardmer-fantastique-1.jpg\",\"datePublished\":\"2023-01-25T19:16:55+00:00\",\"dateModified\":\"2023-01-25T19:16:55+00:00\",\"breadcrumb\":{\"@id\":\"https:\/\/vosgesinfo.fr\/gerardmerinfo\/2023\/01\/festival-international-film-fantastique-carte-didentite-culturelle-gerardmer\/#breadcrumb\"},\"inLanguage\":\"fr-FR\",\"potentialAction\":[{\"@type\":\"ReadAction\",\"target\":[\"https:\/\/vosgesinfo.fr\/gerardmerinfo\/2023\/01\/festival-international-film-fantastique-carte-didentite-culturelle-gerardmer\/\"]}]},{\"@type\":\"ImageObject\",\"inLanguage\":\"fr-FR\",\"@id\":\"https:\/\/vosgesinfo.fr\/gerardmerinfo\/2023\/01\/festival-international-film-fantastique-carte-didentite-culturelle-gerardmer\/#primaryimage\",\"url\":\"https:\/\/vosgesinfo.fr\/app\/uploads\/sites\/6\/2024\/07\/202301ceremonie-ouverture-30eme-efstival-de-gerardmer-fantastique-1.jpg\",\"contentUrl\":\"https:\/\/vosgesinfo.fr\/app\/uploads\/sites\/6\/2024\/07\/202301ceremonie-ouverture-30eme-efstival-de-gerardmer-fantastique-1.jpg\",\"width\":1600,\"height\":1067},{\"@type\":\"BreadcrumbList\",\"@id\":\"https:\/\/vosgesinfo.fr\/gerardmerinfo\/2023\/01\/festival-international-film-fantastique-carte-didentite-culturelle-gerardmer\/#breadcrumb\",\"itemListElement\":[{\"@type\":\"ListItem\",\"position\":1,\"name\":\"Home\",\"item\":\"https:\/\/vosgesinfo.fr\/gerardmerinfo\/\"},{\"@type\":\"ListItem\",\"position\":2,\"name\":\"Le Festival International du Film Fantastique : \u00ab\u00a0Une carte d&rsquo;identit\u00e9 culturelle pour G\u00e9rardmer\u00a0\u00bb\"}]},{\"@type\":\"WebSite\",\"@id\":\"https:\/\/vosgesinfo.fr\/gerardmerinfo\/#website\",\"url\":\"https:\/\/vosgesinfo.fr\/gerardmerinfo\/\",\"name\":\"Gerardmer Info\",\"description\":\"Toute l&#039;actualit\u00e9 de G\u00e9rardmer\",\"publisher\":{\"@id\":\"https:\/\/vosgesinfo.fr\/gerardmerinfo\/#organization\"},\"alternateName\":\"Toute l'actualit\u00e9 de G\u00e9rardmer\",\"potentialAction\":[{\"@type\":\"SearchAction\",\"target\":{\"@type\":\"EntryPoint\",\"urlTemplate\":\"https:\/\/vosgesinfo.fr\/gerardmerinfo\/?s={search_term_string}\"},\"query-input\":\"required name=search_term_string\"}],\"inLanguage\":\"fr-FR\"},{\"@type\":\"Organization\",\"@id\":\"https:\/\/vosgesinfo.fr\/gerardmerinfo\/#organization\",\"name\":\"Gerardmer Info\",\"url\":\"https:\/\/vosgesinfo.fr\/gerardmerinfo\/\",\"logo\":{\"@type\":\"ImageObject\",\"inLanguage\":\"fr-FR\",\"@id\":\"https:\/\/vosgesinfo.fr\/gerardmerinfo\/#\/schema\/logo\/image\/\",\"url\":\"https:\/\/vosgesinfo.fr\/app\/uploads\/sites\/6\/2023\/08\/favicon-gerardmerinfo.png\",\"contentUrl\":\"https:\/\/vosgesinfo.fr\/app\/uploads\/sites\/6\/2023\/08\/favicon-gerardmerinfo.png\",\"width\":512,\"height\":512,\"caption\":\"Gerardmer Info\"},\"image\":{\"@id\":\"https:\/\/vosgesinfo.fr\/gerardmerinfo\/#\/schema\/logo\/image\/\"},\"sameAs\":[\"https:\/\/www.facebook.com\/profile.php?id=100049475262660\",\"https:\/\/x.com\/VosgesInfo88\",\"https:\/\/www.youtube.com\/@vosgesinfo\"]},{\"@type\":\"Person\",\"@id\":\"https:\/\/vosgesinfo.fr\/gerardmerinfo\/#\/schema\/person\/db5605779a843dad16b5368f3e7613a5\",\"name\":\"QG\",\"image\":{\"@type\":\"ImageObject\",\"inLanguage\":\"fr-FR\",\"@id\":\"https:\/\/vosgesinfo.fr\/gerardmerinfo\/#\/schema\/person\/image\/\",\"url\":\"https:\/\/secure.gravatar.com\/avatar\/ea80c42c204b534408512832fde52504ecabb9706bcb6151cf6175e5b64e6793?s=96&d=mm&r=g\",\"contentUrl\":\"https:\/\/secure.gravatar.com\/avatar\/ea80c42c204b534408512832fde52504ecabb9706bcb6151cf6175e5b64e6793?s=96&d=mm&r=g\",\"caption\":\"QG\"},\"url\":\"https:\/\/vosgesinfo.fr\/gerardmerinfo\/author\/quentin88\/\"}]}<\/script>\n<!-- \/ Yoast SEO plugin. -->","yoast_head_json":{"title":"Le Festival International du Film Fantastique : \"Une carte d'identit\u00e9 culturelle pour G\u00e9rardmer\" - Gerardmer Info","robots":{"index":"index","follow":"follow","max-snippet":"max-snippet:-1","max-image-preview":"max-image-preview:large","max-video-preview":"max-video-preview:-1"},"canonical":"https:\/\/vosgesinfo.fr\/gerardmerinfo\/2023\/01\/festival-international-film-fantastique-carte-didentite-culturelle-gerardmer\/","twitter_card":"summary_large_image","twitter_title":"Le Festival International du Film Fantastique : \"Une carte d'identit\u00e9 culturelle pour G\u00e9rardmer\" - Gerardmer Info","twitter_description":"Premier cierge allum\u00e9 pour la grand messe du fantastique dans les Vosges avec la traditionnelle c\u00e9r\u00e9monie d&rsquo;ouverture qui avait lieu [&hellip;]","twitter_image":"https:\/\/vosgesinfo.fr\/app\/uploads\/sites\/6\/2024\/07\/202301ceremonie-ouverture-30eme-efstival-de-gerardmer-fantastique-1.jpg","twitter_creator":"@VosgesInfo88","twitter_site":"@VosgesInfo88","twitter_misc":{"\u00c9crit par":"QG","Dur\u00e9e de lecture estim\u00e9e":"2 minutes"},"schema":{"@context":"https:\/\/schema.org","@graph":[{"@type":"Article","@id":"https:\/\/vosgesinfo.fr\/gerardmerinfo\/2023\/01\/festival-international-film-fantastique-carte-didentite-culturelle-gerardmer\/#article","isPartOf":{"@id":"https:\/\/vosgesinfo.fr\/gerardmerinfo\/2023\/01\/festival-international-film-fantastique-carte-didentite-culturelle-gerardmer\/"},"author":{"name":"QG","@id":"https:\/\/vosgesinfo.fr\/gerardmerinfo\/#\/schema\/person\/db5605779a843dad16b5368f3e7613a5"},"headline":"Le Festival International du Film Fantastique : \u00ab\u00a0Une carte d&rsquo;identit\u00e9 culturelle pour G\u00e9rardmer\u00a0\u00bb","datePublished":"2023-01-25T19:16:55+00:00","dateModified":"2023-01-25T19:16:55+00:00","mainEntityOfPage":{"@id":"https:\/\/vosgesinfo.fr\/gerardmerinfo\/2023\/01\/festival-international-film-fantastique-carte-didentite-culturelle-gerardmer\/"},"wordCount":509,"commentCount":0,"publisher":{"@id":"https:\/\/vosgesinfo.fr\/gerardmerinfo\/#organization"},"image":{"@id":"https:\/\/vosgesinfo.fr\/gerardmerinfo\/2023\/01\/festival-international-film-fantastique-carte-didentite-culturelle-gerardmer\/#primaryimage"},"thumbnailUrl":"https:\/\/vosgesinfo.fr\/app\/uploads\/sites\/6\/2024\/07\/202301ceremonie-ouverture-30eme-efstival-de-gerardmer-fantastique-1.jpg","articleSection":["A la une","Culture","G\u00e9rardmer","Vosges"],"inLanguage":"fr-FR","potentialAction":[{"@type":"CommentAction","name":"Comment","target":["https:\/\/vosgesinfo.fr\/gerardmerinfo\/2023\/01\/festival-international-film-fantastique-carte-didentite-culturelle-gerardmer\/#respond"]}]},{"@type":"WebPage","@id":"https:\/\/vosgesinfo.fr\/gerardmerinfo\/2023\/01\/festival-international-film-fantastique-carte-didentite-culturelle-gerardmer\/","url":"https:\/\/vosgesinfo.fr\/gerardmerinfo\/2023\/01\/festival-international-film-fantastique-carte-didentite-culturelle-gerardmer\/","name":"Le Festival International du Film Fantastique : \"Une carte d'identit\u00e9 culturelle pour G\u00e9rardmer\" - Gerardmer Info","isPartOf":{"@id":"https:\/\/vosgesinfo.fr\/gerardmerinfo\/#website"},"primaryImageOfPage":{"@id":"https:\/\/vosgesinfo.fr\/gerardmerinfo\/2023\/01\/festival-international-film-fantastique-carte-didentite-culturelle-gerardmer\/#primaryimage"},"image":{"@id":"https:\/\/vosgesinfo.fr\/gerardmerinfo\/2023\/01\/festival-international-film-fantastique-carte-didentite-culturelle-gerardmer\/#primaryimage"},"thumbnailUrl":"https:\/\/vosgesinfo.fr\/app\/uploads\/sites\/6\/2024\/07\/202301ceremonie-ouverture-30eme-efstival-de-gerardmer-fantastique-1.jpg","datePublished":"2023-01-25T19:16:55+00:00","dateModified":"2023-01-25T19:16:55+00:00","breadcrumb":{"@id":"https:\/\/vosgesinfo.fr\/gerardmerinfo\/2023\/01\/festival-international-film-fantastique-carte-didentite-culturelle-gerardmer\/#breadcrumb"},"inLanguage":"fr-FR","potentialAction":[{"@type":"ReadAction","target":["https:\/\/vosgesinfo.fr\/gerardmerinfo\/2023\/01\/festival-international-film-fantastique-carte-didentite-culturelle-gerardmer\/"]}]},{"@type":"ImageObject","inLanguage":"fr-FR","@id":"https:\/\/vosgesinfo.fr\/gerardmerinfo\/2023\/01\/festival-international-film-fantastique-carte-didentite-culturelle-gerardmer\/#primaryimage","url":"https:\/\/vosgesinfo.fr\/app\/uploads\/sites\/6\/2024\/07\/202301ceremonie-ouverture-30eme-efstival-de-gerardmer-fantastique-1.jpg","contentUrl":"https:\/\/vosgesinfo.fr\/app\/uploads\/sites\/6\/2024\/07\/202301ceremonie-ouverture-30eme-efstival-de-gerardmer-fantastique-1.jpg","width":1600,"height":1067},{"@type":"BreadcrumbList","@id":"https:\/\/vosgesinfo.fr\/gerardmerinfo\/2023\/01\/festival-international-film-fantastique-carte-didentite-culturelle-gerardmer\/#breadcrumb","itemListElement":[{"@type":"ListItem","position":1,"name":"Home","item":"https:\/\/vosgesinfo.fr\/gerardmerinfo\/"},{"@type":"ListItem","position":2,"name":"Le Festival International du Film Fantastique : \u00ab\u00a0Une carte d&rsquo;identit\u00e9 culturelle pour G\u00e9rardmer\u00a0\u00bb"}]},{"@type":"WebSite","@id":"https:\/\/vosgesinfo.fr\/gerardmerinfo\/#website","url":"https:\/\/vosgesinfo.fr\/gerardmerinfo\/","name":"Gerardmer Info","description":"Toute l&#039;actualit\u00e9 de G\u00e9rardmer","publisher":{"@id":"https:\/\/vosgesinfo.fr\/gerardmerinfo\/#organization"},"alternateName":"Toute l'actualit\u00e9 de G\u00e9rardmer","potentialAction":[{"@type":"SearchAction","target":{"@type":"EntryPoint","urlTemplate":"https:\/\/vosgesinfo.fr\/gerardmerinfo\/?s={search_term_string}"},"query-input":"required name=search_term_string"}],"inLanguage":"fr-FR"},{"@type":"Organization","@id":"https:\/\/vosgesinfo.fr\/gerardmerinfo\/#organization","name":"Gerardmer Info","url":"https:\/\/vosgesinfo.fr\/gerardmerinfo\/","logo":{"@type":"ImageObject","inLanguage":"fr-FR","@id":"https:\/\/vosgesinfo.fr\/gerardmerinfo\/#\/schema\/logo\/image\/","url":"https:\/\/vosgesinfo.fr\/app\/uploads\/sites\/6\/2023\/08\/favicon-gerardmerinfo.png","contentUrl":"https:\/\/vosgesinfo.fr\/app\/uploads\/sites\/6\/2023\/08\/favicon-gerardmerinfo.png","width":512,"height":512,"caption":"Gerardmer Info"},"image":{"@id":"https:\/\/vosgesinfo.fr\/gerardmerinfo\/#\/schema\/logo\/image\/"},"sameAs":["https:\/\/www.facebook.com\/profile.php?id=100049475262660","https:\/\/x.com\/VosgesInfo88","https:\/\/www.youtube.com\/@vosgesinfo"]},{"@type":"Person","@id":"https:\/\/vosgesinfo.fr\/gerardmerinfo\/#\/schema\/person\/db5605779a843dad16b5368f3e7613a5","name":"QG","image":{"@type":"ImageObject","inLanguage":"fr-FR","@id":"https:\/\/vosgesinfo.fr\/gerardmerinfo\/#\/schema\/person\/image\/","url":"https:\/\/secure.gravatar.com\/avatar\/ea80c42c204b534408512832fde52504ecabb9706bcb6151cf6175e5b64e6793?s=96&d=mm&r=g","contentUrl":"https:\/\/secure.gravatar.com\/avatar\/ea80c42c204b534408512832fde52504ecabb9706bcb6151cf6175e5b64e6793?s=96&d=mm&r=g","caption":"QG"},"url":"https:\/\/vosgesinfo.fr\/gerardmerinfo\/author\/quentin88\/"}]}},"_links":{"self":[{"href":"https:\/\/vosgesinfo.fr\/gerardmerinfo\/wp-json\/wp\/v2\/posts\/64167","targetHints":{"allow":["GET"]}}],"collection":[{"href":"https:\/\/vosgesinfo.fr\/gerardmerinfo\/wp-json\/wp\/v2\/posts"}],"about":[{"href":"https:\/\/vosgesinfo.fr\/gerardmerinfo\/wp-json\/wp\/v2\/types\/post"}],"author":[{"embeddable":true,"href":"https:\/\/vosgesinfo.fr\/gerardmerinfo\/wp-json\/wp\/v2\/users\/42"}],"replies":[{"embeddable":true,"href":"https:\/\/vosgesinfo.fr\/gerardmerinfo\/wp-json\/wp\/v2\/comments?post=64167"}],"version-history":[{"count":0,"href":"https:\/\/vosgesinfo.fr\/gerardmerinfo\/wp-json\/wp\/v2\/posts\/64167\/revisions"}],"wp:featuredmedia":[{"embeddable":true,"href":"https:\/\/vosgesinfo.fr\/gerardmerinfo\/wp-json\/wp\/v2\/media\/64168"}],"wp:attachment":[{"href":"https:\/\/vosgesinfo.fr\/gerardmerinfo\/wp-json\/wp\/v2\/media?parent=64167"}],"wp:term":[{"taxonomy":"category","embeddable":true,"href":"https:\/\/vosgesinfo.fr\/gerardmerinfo\/wp-json\/wp\/v2\/categories?post=64167"},{"taxonomy":"post_tag","embeddable":true,"href":"https:\/\/vosgesinfo.fr\/gerardmerinfo\/wp-json\/wp\/v2\/tags?post=64167"}],"curies":[{"name":"wp","href":"https:\/\/api.w.org\/{rel}","templated":true}]}}