{"id":64389,"date":"2023-01-31T15:56:34","date_gmt":"2023-01-31T14:56:34","guid":{"rendered":"https:\/\/vosgesinfo.fr\/gerardmerinfo\/2023\/01\/barreau-depinal-soppose-a-generalisation-cours-criminelles-departementales\/"},"modified":"2023-01-31T15:56:34","modified_gmt":"2023-01-31T14:56:34","slug":"barreau-depinal-soppose-a-generalisation-cours-criminelles-departementales","status":"publish","type":"post","link":"https:\/\/vosgesinfo.fr\/gerardmerinfo\/2023\/01\/barreau-depinal-soppose-a-generalisation-cours-criminelles-departementales\/","title":{"rendered":"Le Barreau d\u2019\u00c9pinal s\u2019oppose \u00e0 la g\u00e9n\u00e9ralisation des cours criminelles d\u00e9partementales"},"content":{"rendered":"<h2><strong>Le conseil de l\u2019ordre des avocats du barreau de Epinal\u00a0 se dit oppos\u00e9 \u00e0 la g\u00e9n\u00e9ralisation des cours criminelles d\u00e9partementales. Compos\u00e9es de cinq juges sans jury populaire, elles doivent remplacer les cours d\u2019assises.\u00a0<\/strong><\/h2>\n<p>La g\u00e9n\u00e9ralisation des cours criminelles d\u00e9partementale (CCD) \u00e9nerve. Compos\u00e9es de cinq juges sans jury populaire, elles doivent remplacer les cours d\u2019assises. <span class=\"hat-summary\">Viols, coups mortels, vols \u00e0 main arm\u00e9e\u2026 D\u00e9sormais, de nombreux crimes ne seront plus jug\u00e9s par une cour d\u2019assises mais par une cour criminelle, uniquement compos\u00e9e de magistrats<\/span>. D\u00e9j\u00e0 exp\u00e9riment\u00e9es dans quelques d\u00e9partements, les cours criminelles ont \u00e9t\u00e9 g\u00e9n\u00e9ralis\u00e9es partout en France le 1er\u00a0janvier.<\/p>\n","protected":false},"excerpt":{"rendered":"<p>Le conseil de l\u2019ordre des avocats du barreau de Epinal\u00a0 se dit oppos\u00e9 \u00e0 la g\u00e9n\u00e9ralisation des cours criminelles d\u00e9partementales. [&hellip;]<\/p>\n","protected":false},"author":1,"featured_media":2187,"comment_status":"open","ping_status":"open","sticky":false,"template":"","format":"standard","meta":{"footnotes":""},"categories":[20,13,18],"tags":[],"class_list":["post-64389","post","type-post","status-publish","format-standard","has-post-thumbnail","hentry","category-a-la-une","category-societe","category-vosges"],"acf":[],"yoast_head":"<!-- This site is optimized with the Yoast SEO plugin v22.5 - https:\/\/yoast.com\/wordpress\/plugins\/seo\/ -->\n<title>Le Barreau d\u2019\u00c9pinal s\u2019oppose \u00e0 la g\u00e9n\u00e9ralisation des cours criminelles d\u00e9partementales - Gerardmer Info<\/title>\n<meta name=\"robots\" content=\"index, follow, max-snippet:-1, max-image-preview:large, max-video-preview:-1\" \/>\n<link rel=\"canonical\" href=\"https:\/\/vosgesinfo.fr\/gerardmerinfo\/2023\/01\/barreau-depinal-soppose-a-generalisation-cours-criminelles-departementales\/\" \/>\n<meta name=\"twitter:card\" content=\"summary_large_image\" \/>\n<meta name=\"twitter:title\" content=\"Le Barreau d\u2019\u00c9pinal s\u2019oppose \u00e0 la g\u00e9n\u00e9ralisation des cours criminelles d\u00e9partementales - Gerardmer Info\" \/>\n<meta name=\"twitter:description\" content=\"Le conseil de l\u2019ordre des avocats du barreau de Epinal\u00a0 se dit oppos\u00e9 \u00e0 la g\u00e9n\u00e9ralisation des cours criminelles d\u00e9partementales. [&hellip;]\" \/>\n<meta name=\"twitter:image\" content=\"https:\/\/vosgesinfo.fr\/app\/uploads\/sites\/6\/2015\/11\/palais-de-jus.jpg\" \/>\n<meta name=\"twitter:creator\" content=\"@VosgesInfo88\" \/>\n<meta name=\"twitter:site\" content=\"@VosgesInfo88\" \/>\n<meta name=\"twitter:label1\" content=\"\u00c9crit par\" \/>\n\t<meta name=\"twitter:data1\" content=\"qs_admin\" \/>\n\t<meta name=\"twitter:label2\" content=\"Dur\u00e9e de lecture estim\u00e9e\" \/>\n\t<meta name=\"twitter:data2\" content=\"1 minute\" \/>\n<script type=\"application\/ld+json\" class=\"yoast-schema-graph\">{\"@context\":\"https:\/\/schema.org\",\"@graph\":[{\"@type\":\"Article\",\"@id\":\"https:\/\/vosgesinfo.fr\/gerardmerinfo\/2023\/01\/barreau-depinal-soppose-a-generalisation-cours-criminelles-departementales\/#article\",\"isPartOf\":{\"@id\":\"https:\/\/vosgesinfo.fr\/gerardmerinfo\/2023\/01\/barreau-depinal-soppose-a-generalisation-cours-criminelles-departementales\/\"},\"author\":{\"name\":\"qs_admin\",\"@id\":\"https:\/\/vosgesinfo.fr\/gerardmerinfo\/#\/schema\/person\/bc5d02d71e6932e81b6dadb7386667b1\"},\"headline\":\"Le Barreau d\u2019\u00c9pinal s\u2019oppose \u00e0 la g\u00e9n\u00e9ralisation des cours criminelles d\u00e9partementales\",\"datePublished\":\"2023-01-31T14:56:34+00:00\",\"dateModified\":\"2023-01-31T14:56:34+00:00\",\"mainEntityOfPage\":{\"@id\":\"https:\/\/vosgesinfo.fr\/gerardmerinfo\/2023\/01\/barreau-depinal-soppose-a-generalisation-cours-criminelles-departementales\/\"},\"wordCount\":135,\"commentCount\":0,\"publisher\":{\"@id\":\"https:\/\/vosgesinfo.fr\/gerardmerinfo\/#organization\"},\"image\":{\"@id\":\"https:\/\/vosgesinfo.fr\/gerardmerinfo\/2023\/01\/barreau-depinal-soppose-a-generalisation-cours-criminelles-departementales\/#primaryimage\"},\"thumbnailUrl\":\"https:\/\/vosgesinfo.fr\/app\/uploads\/sites\/6\/2015\/11\/palais-de-jus.jpg\",\"articleSection\":[\"A la une\",\"Soci\u00e9t\u00e9\",\"Vosges\"],\"inLanguage\":\"fr-FR\",\"potentialAction\":[{\"@type\":\"CommentAction\",\"name\":\"Comment\",\"target\":[\"https:\/\/vosgesinfo.fr\/gerardmerinfo\/2023\/01\/barreau-depinal-soppose-a-generalisation-cours-criminelles-departementales\/#respond\"]}]},{\"@type\":\"WebPage\",\"@id\":\"https:\/\/vosgesinfo.fr\/gerardmerinfo\/2023\/01\/barreau-depinal-soppose-a-generalisation-cours-criminelles-departementales\/\",\"url\":\"https:\/\/vosgesinfo.fr\/gerardmerinfo\/2023\/01\/barreau-depinal-soppose-a-generalisation-cours-criminelles-departementales\/\",\"name\":\"Le Barreau d\u2019\u00c9pinal s\u2019oppose \u00e0 la g\u00e9n\u00e9ralisation des cours criminelles d\u00e9partementales - Gerardmer Info\",\"isPartOf\":{\"@id\":\"https:\/\/vosgesinfo.fr\/gerardmerinfo\/#website\"},\"primaryImageOfPage\":{\"@id\":\"https:\/\/vosgesinfo.fr\/gerardmerinfo\/2023\/01\/barreau-depinal-soppose-a-generalisation-cours-criminelles-departementales\/#primaryimage\"},\"image\":{\"@id\":\"https:\/\/vosgesinfo.fr\/gerardmerinfo\/2023\/01\/barreau-depinal-soppose-a-generalisation-cours-criminelles-departementales\/#primaryimage\"},\"thumbnailUrl\":\"https:\/\/vosgesinfo.fr\/app\/uploads\/sites\/6\/2015\/11\/palais-de-jus.jpg\",\"datePublished\":\"2023-01-31T14:56:34+00:00\",\"dateModified\":\"2023-01-31T14:56:34+00:00\",\"breadcrumb\":{\"@id\":\"https:\/\/vosgesinfo.fr\/gerardmerinfo\/2023\/01\/barreau-depinal-soppose-a-generalisation-cours-criminelles-departementales\/#breadcrumb\"},\"inLanguage\":\"fr-FR\",\"potentialAction\":[{\"@type\":\"ReadAction\",\"target\":[\"https:\/\/vosgesinfo.fr\/gerardmerinfo\/2023\/01\/barreau-depinal-soppose-a-generalisation-cours-criminelles-departementales\/\"]}]},{\"@type\":\"ImageObject\",\"inLanguage\":\"fr-FR\",\"@id\":\"https:\/\/vosgesinfo.fr\/gerardmerinfo\/2023\/01\/barreau-depinal-soppose-a-generalisation-cours-criminelles-departementales\/#primaryimage\",\"url\":\"https:\/\/vosgesinfo.fr\/app\/uploads\/sites\/6\/2015\/11\/palais-de-jus.jpg\",\"contentUrl\":\"https:\/\/vosgesinfo.fr\/app\/uploads\/sites\/6\/2015\/11\/palais-de-jus.jpg\"},{\"@type\":\"BreadcrumbList\",\"@id\":\"https:\/\/vosgesinfo.fr\/gerardmerinfo\/2023\/01\/barreau-depinal-soppose-a-generalisation-cours-criminelles-departementales\/#breadcrumb\",\"itemListElement\":[{\"@type\":\"ListItem\",\"position\":1,\"name\":\"Home\",\"item\":\"https:\/\/vosgesinfo.fr\/gerardmerinfo\/\"},{\"@type\":\"ListItem\",\"position\":2,\"name\":\"Le Barreau d\u2019\u00c9pinal s\u2019oppose \u00e0 la g\u00e9n\u00e9ralisation des cours criminelles d\u00e9partementales\"}]},{\"@type\":\"WebSite\",\"@id\":\"https:\/\/vosgesinfo.fr\/gerardmerinfo\/#website\",\"url\":\"https:\/\/vosgesinfo.fr\/gerardmerinfo\/\",\"name\":\"Gerardmer Info\",\"description\":\"Toute l&#039;actualit\u00e9 de G\u00e9rardmer\",\"publisher\":{\"@id\":\"https:\/\/vosgesinfo.fr\/gerardmerinfo\/#organization\"},\"alternateName\":\"Toute l'actualit\u00e9 de G\u00e9rardmer\",\"potentialAction\":[{\"@type\":\"SearchAction\",\"target\":{\"@type\":\"EntryPoint\",\"urlTemplate\":\"https:\/\/vosgesinfo.fr\/gerardmerinfo\/?s={search_term_string}\"},\"query-input\":\"required name=search_term_string\"}],\"inLanguage\":\"fr-FR\"},{\"@type\":\"Organization\",\"@id\":\"https:\/\/vosgesinfo.fr\/gerardmerinfo\/#organization\",\"name\":\"Gerardmer Info\",\"url\":\"https:\/\/vosgesinfo.fr\/gerardmerinfo\/\",\"logo\":{\"@type\":\"ImageObject\",\"inLanguage\":\"fr-FR\",\"@id\":\"https:\/\/vosgesinfo.fr\/gerardmerinfo\/#\/schema\/logo\/image\/\",\"url\":\"https:\/\/vosgesinfo.fr\/app\/uploads\/sites\/6\/2023\/08\/favicon-gerardmerinfo.png\",\"contentUrl\":\"https:\/\/vosgesinfo.fr\/app\/uploads\/sites\/6\/2023\/08\/favicon-gerardmerinfo.png\",\"width\":512,\"height\":512,\"caption\":\"Gerardmer Info\"},\"image\":{\"@id\":\"https:\/\/vosgesinfo.fr\/gerardmerinfo\/#\/schema\/logo\/image\/\"},\"sameAs\":[\"https:\/\/www.facebook.com\/profile.php?id=100049475262660\",\"https:\/\/x.com\/VosgesInfo88\",\"https:\/\/www.youtube.com\/@vosgesinfo\"]},{\"@type\":\"Person\",\"@id\":\"https:\/\/vosgesinfo.fr\/gerardmerinfo\/#\/schema\/person\/bc5d02d71e6932e81b6dadb7386667b1\",\"name\":\"qs_admin\",\"image\":{\"@type\":\"ImageObject\",\"inLanguage\":\"fr-FR\",\"@id\":\"https:\/\/vosgesinfo.fr\/gerardmerinfo\/#\/schema\/person\/image\/\",\"url\":\"https:\/\/secure.gravatar.com\/avatar\/94b18ee0ed79e4a42ea2f2931277b6841a8999fc6fde214600c78057cf1fe1de?s=96&d=mm&r=g\",\"contentUrl\":\"https:\/\/secure.gravatar.com\/avatar\/94b18ee0ed79e4a42ea2f2931277b6841a8999fc6fde214600c78057cf1fe1de?s=96&d=mm&r=g\",\"caption\":\"qs_admin\"},\"sameAs\":[\"https:\/\/vosgesinfo.fr\/wp\"],\"url\":\"https:\/\/vosgesinfo.fr\/gerardmerinfo\/author\/qs_admin\/\"}]}<\/script>\n<!-- \/ Yoast SEO plugin. -->","yoast_head_json":{"title":"Le Barreau d\u2019\u00c9pinal s\u2019oppose \u00e0 la g\u00e9n\u00e9ralisation des cours criminelles d\u00e9partementales - Gerardmer Info","robots":{"index":"index","follow":"follow","max-snippet":"max-snippet:-1","max-image-preview":"max-image-preview:large","max-video-preview":"max-video-preview:-1"},"canonical":"https:\/\/vosgesinfo.fr\/gerardmerinfo\/2023\/01\/barreau-depinal-soppose-a-generalisation-cours-criminelles-departementales\/","twitter_card":"summary_large_image","twitter_title":"Le Barreau d\u2019\u00c9pinal s\u2019oppose \u00e0 la g\u00e9n\u00e9ralisation des cours criminelles d\u00e9partementales - Gerardmer Info","twitter_description":"Le conseil de l\u2019ordre des avocats du barreau de Epinal\u00a0 se dit oppos\u00e9 \u00e0 la g\u00e9n\u00e9ralisation des cours criminelles d\u00e9partementales. [&hellip;]","twitter_image":"https:\/\/vosgesinfo.fr\/app\/uploads\/sites\/6\/2015\/11\/palais-de-jus.jpg","twitter_creator":"@VosgesInfo88","twitter_site":"@VosgesInfo88","twitter_misc":{"\u00c9crit par":"qs_admin","Dur\u00e9e de lecture estim\u00e9e":"1 minute"},"schema":{"@context":"https:\/\/schema.org","@graph":[{"@type":"Article","@id":"https:\/\/vosgesinfo.fr\/gerardmerinfo\/2023\/01\/barreau-depinal-soppose-a-generalisation-cours-criminelles-departementales\/#article","isPartOf":{"@id":"https:\/\/vosgesinfo.fr\/gerardmerinfo\/2023\/01\/barreau-depinal-soppose-a-generalisation-cours-criminelles-departementales\/"},"author":{"name":"qs_admin","@id":"https:\/\/vosgesinfo.fr\/gerardmerinfo\/#\/schema\/person\/bc5d02d71e6932e81b6dadb7386667b1"},"headline":"Le Barreau d\u2019\u00c9pinal s\u2019oppose \u00e0 la g\u00e9n\u00e9ralisation des cours criminelles d\u00e9partementales","datePublished":"2023-01-31T14:56:34+00:00","dateModified":"2023-01-31T14:56:34+00:00","mainEntityOfPage":{"@id":"https:\/\/vosgesinfo.fr\/gerardmerinfo\/2023\/01\/barreau-depinal-soppose-a-generalisation-cours-criminelles-departementales\/"},"wordCount":135,"commentCount":0,"publisher":{"@id":"https:\/\/vosgesinfo.fr\/gerardmerinfo\/#organization"},"image":{"@id":"https:\/\/vosgesinfo.fr\/gerardmerinfo\/2023\/01\/barreau-depinal-soppose-a-generalisation-cours-criminelles-departementales\/#primaryimage"},"thumbnailUrl":"https:\/\/vosgesinfo.fr\/app\/uploads\/sites\/6\/2015\/11\/palais-de-jus.jpg","articleSection":["A la une","Soci\u00e9t\u00e9","Vosges"],"inLanguage":"fr-FR","potentialAction":[{"@type":"CommentAction","name":"Comment","target":["https:\/\/vosgesinfo.fr\/gerardmerinfo\/2023\/01\/barreau-depinal-soppose-a-generalisation-cours-criminelles-departementales\/#respond"]}]},{"@type":"WebPage","@id":"https:\/\/vosgesinfo.fr\/gerardmerinfo\/2023\/01\/barreau-depinal-soppose-a-generalisation-cours-criminelles-departementales\/","url":"https:\/\/vosgesinfo.fr\/gerardmerinfo\/2023\/01\/barreau-depinal-soppose-a-generalisation-cours-criminelles-departementales\/","name":"Le Barreau d\u2019\u00c9pinal s\u2019oppose \u00e0 la g\u00e9n\u00e9ralisation des cours criminelles d\u00e9partementales - Gerardmer Info","isPartOf":{"@id":"https:\/\/vosgesinfo.fr\/gerardmerinfo\/#website"},"primaryImageOfPage":{"@id":"https:\/\/vosgesinfo.fr\/gerardmerinfo\/2023\/01\/barreau-depinal-soppose-a-generalisation-cours-criminelles-departementales\/#primaryimage"},"image":{"@id":"https:\/\/vosgesinfo.fr\/gerardmerinfo\/2023\/01\/barreau-depinal-soppose-a-generalisation-cours-criminelles-departementales\/#primaryimage"},"thumbnailUrl":"https:\/\/vosgesinfo.fr\/app\/uploads\/sites\/6\/2015\/11\/palais-de-jus.jpg","datePublished":"2023-01-31T14:56:34+00:00","dateModified":"2023-01-31T14:56:34+00:00","breadcrumb":{"@id":"https:\/\/vosgesinfo.fr\/gerardmerinfo\/2023\/01\/barreau-depinal-soppose-a-generalisation-cours-criminelles-departementales\/#breadcrumb"},"inLanguage":"fr-FR","potentialAction":[{"@type":"ReadAction","target":["https:\/\/vosgesinfo.fr\/gerardmerinfo\/2023\/01\/barreau-depinal-soppose-a-generalisation-cours-criminelles-departementales\/"]}]},{"@type":"ImageObject","inLanguage":"fr-FR","@id":"https:\/\/vosgesinfo.fr\/gerardmerinfo\/2023\/01\/barreau-depinal-soppose-a-generalisation-cours-criminelles-departementales\/#primaryimage","url":"https:\/\/vosgesinfo.fr\/app\/uploads\/sites\/6\/2015\/11\/palais-de-jus.jpg","contentUrl":"https:\/\/vosgesinfo.fr\/app\/uploads\/sites\/6\/2015\/11\/palais-de-jus.jpg"},{"@type":"BreadcrumbList","@id":"https:\/\/vosgesinfo.fr\/gerardmerinfo\/2023\/01\/barreau-depinal-soppose-a-generalisation-cours-criminelles-departementales\/#breadcrumb","itemListElement":[{"@type":"ListItem","position":1,"name":"Home","item":"https:\/\/vosgesinfo.fr\/gerardmerinfo\/"},{"@type":"ListItem","position":2,"name":"Le Barreau d\u2019\u00c9pinal s\u2019oppose \u00e0 la g\u00e9n\u00e9ralisation des cours criminelles d\u00e9partementales"}]},{"@type":"WebSite","@id":"https:\/\/vosgesinfo.fr\/gerardmerinfo\/#website","url":"https:\/\/vosgesinfo.fr\/gerardmerinfo\/","name":"Gerardmer Info","description":"Toute l&#039;actualit\u00e9 de G\u00e9rardmer","publisher":{"@id":"https:\/\/vosgesinfo.fr\/gerardmerinfo\/#organization"},"alternateName":"Toute l'actualit\u00e9 de G\u00e9rardmer","potentialAction":[{"@type":"SearchAction","target":{"@type":"EntryPoint","urlTemplate":"https:\/\/vosgesinfo.fr\/gerardmerinfo\/?s={search_term_string}"},"query-input":"required name=search_term_string"}],"inLanguage":"fr-FR"},{"@type":"Organization","@id":"https:\/\/vosgesinfo.fr\/gerardmerinfo\/#organization","name":"Gerardmer Info","url":"https:\/\/vosgesinfo.fr\/gerardmerinfo\/","logo":{"@type":"ImageObject","inLanguage":"fr-FR","@id":"https:\/\/vosgesinfo.fr\/gerardmerinfo\/#\/schema\/logo\/image\/","url":"https:\/\/vosgesinfo.fr\/app\/uploads\/sites\/6\/2023\/08\/favicon-gerardmerinfo.png","contentUrl":"https:\/\/vosgesinfo.fr\/app\/uploads\/sites\/6\/2023\/08\/favicon-gerardmerinfo.png","width":512,"height":512,"caption":"Gerardmer Info"},"image":{"@id":"https:\/\/vosgesinfo.fr\/gerardmerinfo\/#\/schema\/logo\/image\/"},"sameAs":["https:\/\/www.facebook.com\/profile.php?id=100049475262660","https:\/\/x.com\/VosgesInfo88","https:\/\/www.youtube.com\/@vosgesinfo"]},{"@type":"Person","@id":"https:\/\/vosgesinfo.fr\/gerardmerinfo\/#\/schema\/person\/bc5d02d71e6932e81b6dadb7386667b1","name":"qs_admin","image":{"@type":"ImageObject","inLanguage":"fr-FR","@id":"https:\/\/vosgesinfo.fr\/gerardmerinfo\/#\/schema\/person\/image\/","url":"https:\/\/secure.gravatar.com\/avatar\/94b18ee0ed79e4a42ea2f2931277b6841a8999fc6fde214600c78057cf1fe1de?s=96&d=mm&r=g","contentUrl":"https:\/\/secure.gravatar.com\/avatar\/94b18ee0ed79e4a42ea2f2931277b6841a8999fc6fde214600c78057cf1fe1de?s=96&d=mm&r=g","caption":"qs_admin"},"sameAs":["https:\/\/vosgesinfo.fr\/wp"],"url":"https:\/\/vosgesinfo.fr\/gerardmerinfo\/author\/qs_admin\/"}]}},"_links":{"self":[{"href":"https:\/\/vosgesinfo.fr\/gerardmerinfo\/wp-json\/wp\/v2\/posts\/64389","targetHints":{"allow":["GET"]}}],"collection":[{"href":"https:\/\/vosgesinfo.fr\/gerardmerinfo\/wp-json\/wp\/v2\/posts"}],"about":[{"href":"https:\/\/vosgesinfo.fr\/gerardmerinfo\/wp-json\/wp\/v2\/types\/post"}],"author":[{"embeddable":true,"href":"https:\/\/vosgesinfo.fr\/gerardmerinfo\/wp-json\/wp\/v2\/users\/1"}],"replies":[{"embeddable":true,"href":"https:\/\/vosgesinfo.fr\/gerardmerinfo\/wp-json\/wp\/v2\/comments?post=64389"}],"version-history":[{"count":0,"href":"https:\/\/vosgesinfo.fr\/gerardmerinfo\/wp-json\/wp\/v2\/posts\/64389\/revisions"}],"wp:featuredmedia":[{"embeddable":true,"href":"https:\/\/vosgesinfo.fr\/gerardmerinfo\/wp-json\/wp\/v2\/media\/2187"}],"wp:attachment":[{"href":"https:\/\/vosgesinfo.fr\/gerardmerinfo\/wp-json\/wp\/v2\/media?parent=64389"}],"wp:term":[{"taxonomy":"category","embeddable":true,"href":"https:\/\/vosgesinfo.fr\/gerardmerinfo\/wp-json\/wp\/v2\/categories?post=64389"},{"taxonomy":"post_tag","embeddable":true,"href":"https:\/\/vosgesinfo.fr\/gerardmerinfo\/wp-json\/wp\/v2\/tags?post=64389"}],"curies":[{"name":"wp","href":"https:\/\/api.w.org\/{rel}","templated":true}]}}