{"id":64396,"date":"2023-02-01T08:19:27","date_gmt":"2023-02-01T07:19:27","guid":{"rendered":"https:\/\/vosgesinfo.fr\/gerardmerinfo\/2023\/02\/soiree-projection-movie-night-protect-our-winters-pow\/"},"modified":"2023-02-01T08:19:27","modified_gmt":"2023-02-01T07:19:27","slug":"soiree-projection-movie-night-protect-our-winters-pow","status":"publish","type":"post","link":"https:\/\/vosgesinfo.fr\/gerardmerinfo\/2023\/02\/soiree-projection-movie-night-protect-our-winters-pow\/","title":{"rendered":"Soir\u00e9e projection Movie Night Protect Our Winters (POW)"},"content":{"rendered":"<h3 style=\"text-align: center;\">Movie Night POW \u2013 Cin\u00e9ma Grand Ecran La Bresse<\/h3>\n<p>Samedi 4 f\u00e9vrier 20H30 NOUVEAU : la projection de films de montagne POW d\u00e9barque en partenariat avec le cin\u00e9ma de La Bresse. 3 films seront propos\u00e9s, r\u00e9alis\u00e9s par des passionn\u00e9s de snow, ski, alpinisme et v\u00e9lo, engag\u00e9s dans une r\u00e9flexion autour des mobilit\u00e9s et des r\u00e9ponses \u00e0 apporter aux enjeux du d\u00e9r\u00e8glement climatique en montagne.<\/p>\n<p><a href=\"\/2023\/02\/Affiche.jpg\"><img decoding=\"async\" class=\"alignright size-medium wp-image-200617\" src=\"\/2023\/02\/Affiche-180x255.jpg\" alt=\"Affiche\" width=\"180\" height=\"255\" \/><\/a>Vous allez en prendre plein les yeux !<\/p>\n<p>\u2794 Vat Bolle r\u00e9alis\u00e9 par Enzo Valax et Beno\u00eet Canal (26 min)<br \/>\nLien du teaser : https:\/\/www.youtube.com\/watch?v=LFJHxCsZOLU<\/p>\n<p>\u2794 Conscience &#8211; la s\u00e9rie de Ga\u00ebtan Gaudissard et Alex Chambet<br \/>\n\u00c9pisode 1 : une nouvelle vision de la performance (16 min)<br \/>\nLien du teaser : https:\/\/www.youtube.com\/watch?v=WCzto5mJcas<\/p>\n<p>\u2794 Le Diamant des Alpes par Seb Montaz-Rosset<br \/>\nSkier les 4000 des Alpes au coeur de l\u2019\u00e9t\u00e9 \u2013 Un road trip V\u00e9lo-Ski<br \/>\nLien du teaser : https:\/\/vimeo.com\/ondemand\/diamantdesalpes<\/p>\n<p>Nous vous proposons un \u00e9change convivial sur la protection de nos montagnes \u00e0 la suite de la projection !<br \/>\nTarif unique 4\u20ac, acc\u00e8s \u00e0 partir de 20 h 00<\/p>\n<h4>Qui sommes nous ?<\/h4>\n<p>\u00ab\u00a0Protect Our Winters France (protectourwinters.fr) est une association qui veut faire de la passion de la montagne et des pratiques outdoor des personnes une porte d&rsquo;entr\u00e9e \u00e0 l&rsquo;engagement climatique. On s&rsquo;engage \u00e0 diff\u00e9rents niveaux pour informer et mobiliser sur de nombreux sujets autour de l&rsquo;\u00e9quation \u00c9cologie et Montagne, et particuli\u00e8rement sur les questions de transports qui sont cruciales, que ce soit pour la montagne ou \u00e0 \u00e9chelle nationale.\u00a0\u00bb<\/p>\n","protected":false},"excerpt":{"rendered":"<p>Movie Night POW \u2013 Cin\u00e9ma Grand Ecran La Bresse Samedi 4 f\u00e9vrier 20H30 NOUVEAU : la projection de films de [&hellip;]<\/p>\n","protected":false},"author":1,"featured_media":203,"comment_status":"open","ping_status":"open","sticky":false,"template":"","format":"standard","meta":{"footnotes":""},"categories":[20,4,18],"tags":[],"class_list":["post-64396","post","type-post","status-publish","format-standard","has-post-thumbnail","hentry","category-a-la-une","category-culture","category-vosges"],"acf":[],"yoast_head":"<!-- This site is optimized with the Yoast SEO plugin v22.5 - https:\/\/yoast.com\/wordpress\/plugins\/seo\/ -->\n<title>Soir\u00e9e projection Movie Night Protect Our Winters (POW) - Gerardmer Info<\/title>\n<meta name=\"robots\" content=\"index, follow, max-snippet:-1, max-image-preview:large, max-video-preview:-1\" \/>\n<link rel=\"canonical\" href=\"https:\/\/vosgesinfo.fr\/gerardmerinfo\/2023\/02\/soiree-projection-movie-night-protect-our-winters-pow\/\" \/>\n<meta name=\"twitter:card\" content=\"summary_large_image\" \/>\n<meta name=\"twitter:title\" content=\"Soir\u00e9e projection Movie Night Protect Our Winters (POW) - Gerardmer Info\" \/>\n<meta name=\"twitter:description\" content=\"Movie Night POW \u2013 Cin\u00e9ma Grand Ecran La Bresse Samedi 4 f\u00e9vrier 20H30 NOUVEAU : la projection de films de [&hellip;]\" \/>\n<meta name=\"twitter:image\" content=\"https:\/\/vosgesinfo.fr\/app\/uploads\/sites\/6\/2023\/08\/affiche.jpg\" \/>\n<meta name=\"twitter:creator\" content=\"@VosgesInfo88\" \/>\n<meta name=\"twitter:site\" content=\"@VosgesInfo88\" \/>\n<meta name=\"twitter:label1\" content=\"\u00c9crit par\" \/>\n\t<meta name=\"twitter:data1\" content=\"qs_admin\" \/>\n\t<meta name=\"twitter:label2\" content=\"Dur\u00e9e de lecture estim\u00e9e\" \/>\n\t<meta name=\"twitter:data2\" content=\"1 minute\" \/>\n<script type=\"application\/ld+json\" class=\"yoast-schema-graph\">{\"@context\":\"https:\/\/schema.org\",\"@graph\":[{\"@type\":\"Article\",\"@id\":\"https:\/\/vosgesinfo.fr\/gerardmerinfo\/2023\/02\/soiree-projection-movie-night-protect-our-winters-pow\/#article\",\"isPartOf\":{\"@id\":\"https:\/\/vosgesinfo.fr\/gerardmerinfo\/2023\/02\/soiree-projection-movie-night-protect-our-winters-pow\/\"},\"author\":{\"name\":\"qs_admin\",\"@id\":\"https:\/\/vosgesinfo.fr\/gerardmerinfo\/#\/schema\/person\/bc5d02d71e6932e81b6dadb7386667b1\"},\"headline\":\"Soir\u00e9e projection Movie Night Protect Our Winters (POW)\",\"datePublished\":\"2023-02-01T07:19:27+00:00\",\"dateModified\":\"2023-02-01T07:19:27+00:00\",\"mainEntityOfPage\":{\"@id\":\"https:\/\/vosgesinfo.fr\/gerardmerinfo\/2023\/02\/soiree-projection-movie-night-protect-our-winters-pow\/\"},\"wordCount\":272,\"commentCount\":0,\"publisher\":{\"@id\":\"https:\/\/vosgesinfo.fr\/gerardmerinfo\/#organization\"},\"image\":{\"@id\":\"https:\/\/vosgesinfo.fr\/gerardmerinfo\/2023\/02\/soiree-projection-movie-night-protect-our-winters-pow\/#primaryimage\"},\"thumbnailUrl\":\"https:\/\/vosgesinfo.fr\/app\/uploads\/sites\/6\/2023\/08\/affiche.jpg\",\"articleSection\":[\"A la une\",\"Culture\",\"Vosges\"],\"inLanguage\":\"fr-FR\",\"potentialAction\":[{\"@type\":\"CommentAction\",\"name\":\"Comment\",\"target\":[\"https:\/\/vosgesinfo.fr\/gerardmerinfo\/2023\/02\/soiree-projection-movie-night-protect-our-winters-pow\/#respond\"]}]},{\"@type\":\"WebPage\",\"@id\":\"https:\/\/vosgesinfo.fr\/gerardmerinfo\/2023\/02\/soiree-projection-movie-night-protect-our-winters-pow\/\",\"url\":\"https:\/\/vosgesinfo.fr\/gerardmerinfo\/2023\/02\/soiree-projection-movie-night-protect-our-winters-pow\/\",\"name\":\"Soir\u00e9e projection Movie Night Protect Our Winters (POW) - Gerardmer Info\",\"isPartOf\":{\"@id\":\"https:\/\/vosgesinfo.fr\/gerardmerinfo\/#website\"},\"primaryImageOfPage\":{\"@id\":\"https:\/\/vosgesinfo.fr\/gerardmerinfo\/2023\/02\/soiree-projection-movie-night-protect-our-winters-pow\/#primaryimage\"},\"image\":{\"@id\":\"https:\/\/vosgesinfo.fr\/gerardmerinfo\/2023\/02\/soiree-projection-movie-night-protect-our-winters-pow\/#primaryimage\"},\"thumbnailUrl\":\"https:\/\/vosgesinfo.fr\/app\/uploads\/sites\/6\/2023\/08\/affiche.jpg\",\"datePublished\":\"2023-02-01T07:19:27+00:00\",\"dateModified\":\"2023-02-01T07:19:27+00:00\",\"breadcrumb\":{\"@id\":\"https:\/\/vosgesinfo.fr\/gerardmerinfo\/2023\/02\/soiree-projection-movie-night-protect-our-winters-pow\/#breadcrumb\"},\"inLanguage\":\"fr-FR\",\"potentialAction\":[{\"@type\":\"ReadAction\",\"target\":[\"https:\/\/vosgesinfo.fr\/gerardmerinfo\/2023\/02\/soiree-projection-movie-night-protect-our-winters-pow\/\"]}]},{\"@type\":\"ImageObject\",\"inLanguage\":\"fr-FR\",\"@id\":\"https:\/\/vosgesinfo.fr\/gerardmerinfo\/2023\/02\/soiree-projection-movie-night-protect-our-winters-pow\/#primaryimage\",\"url\":\"https:\/\/vosgesinfo.fr\/app\/uploads\/sites\/6\/2023\/08\/affiche.jpg\",\"contentUrl\":\"https:\/\/vosgesinfo.fr\/app\/uploads\/sites\/6\/2023\/08\/affiche.jpg\",\"width\":1414,\"height\":2000},{\"@type\":\"BreadcrumbList\",\"@id\":\"https:\/\/vosgesinfo.fr\/gerardmerinfo\/2023\/02\/soiree-projection-movie-night-protect-our-winters-pow\/#breadcrumb\",\"itemListElement\":[{\"@type\":\"ListItem\",\"position\":1,\"name\":\"Home\",\"item\":\"https:\/\/vosgesinfo.fr\/gerardmerinfo\/\"},{\"@type\":\"ListItem\",\"position\":2,\"name\":\"Soir\u00e9e projection Movie Night Protect Our Winters (POW)\"}]},{\"@type\":\"WebSite\",\"@id\":\"https:\/\/vosgesinfo.fr\/gerardmerinfo\/#website\",\"url\":\"https:\/\/vosgesinfo.fr\/gerardmerinfo\/\",\"name\":\"Gerardmer Info\",\"description\":\"Toute l&#039;actualit\u00e9 de G\u00e9rardmer\",\"publisher\":{\"@id\":\"https:\/\/vosgesinfo.fr\/gerardmerinfo\/#organization\"},\"alternateName\":\"Toute l'actualit\u00e9 de G\u00e9rardmer\",\"potentialAction\":[{\"@type\":\"SearchAction\",\"target\":{\"@type\":\"EntryPoint\",\"urlTemplate\":\"https:\/\/vosgesinfo.fr\/gerardmerinfo\/?s={search_term_string}\"},\"query-input\":\"required name=search_term_string\"}],\"inLanguage\":\"fr-FR\"},{\"@type\":\"Organization\",\"@id\":\"https:\/\/vosgesinfo.fr\/gerardmerinfo\/#organization\",\"name\":\"Gerardmer Info\",\"url\":\"https:\/\/vosgesinfo.fr\/gerardmerinfo\/\",\"logo\":{\"@type\":\"ImageObject\",\"inLanguage\":\"fr-FR\",\"@id\":\"https:\/\/vosgesinfo.fr\/gerardmerinfo\/#\/schema\/logo\/image\/\",\"url\":\"https:\/\/vosgesinfo.fr\/app\/uploads\/sites\/6\/2023\/08\/favicon-gerardmerinfo.png\",\"contentUrl\":\"https:\/\/vosgesinfo.fr\/app\/uploads\/sites\/6\/2023\/08\/favicon-gerardmerinfo.png\",\"width\":512,\"height\":512,\"caption\":\"Gerardmer Info\"},\"image\":{\"@id\":\"https:\/\/vosgesinfo.fr\/gerardmerinfo\/#\/schema\/logo\/image\/\"},\"sameAs\":[\"https:\/\/www.facebook.com\/profile.php?id=100049475262660\",\"https:\/\/x.com\/VosgesInfo88\",\"https:\/\/www.youtube.com\/@vosgesinfo\"]},{\"@type\":\"Person\",\"@id\":\"https:\/\/vosgesinfo.fr\/gerardmerinfo\/#\/schema\/person\/bc5d02d71e6932e81b6dadb7386667b1\",\"name\":\"qs_admin\",\"image\":{\"@type\":\"ImageObject\",\"inLanguage\":\"fr-FR\",\"@id\":\"https:\/\/vosgesinfo.fr\/gerardmerinfo\/#\/schema\/person\/image\/\",\"url\":\"https:\/\/secure.gravatar.com\/avatar\/94b18ee0ed79e4a42ea2f2931277b6841a8999fc6fde214600c78057cf1fe1de?s=96&d=mm&r=g\",\"contentUrl\":\"https:\/\/secure.gravatar.com\/avatar\/94b18ee0ed79e4a42ea2f2931277b6841a8999fc6fde214600c78057cf1fe1de?s=96&d=mm&r=g\",\"caption\":\"qs_admin\"},\"sameAs\":[\"https:\/\/vosgesinfo.fr\/wp\"],\"url\":\"https:\/\/vosgesinfo.fr\/gerardmerinfo\/author\/qs_admin\/\"}]}<\/script>\n<!-- \/ Yoast SEO plugin. -->","yoast_head_json":{"title":"Soir\u00e9e projection Movie Night Protect Our Winters (POW) - Gerardmer Info","robots":{"index":"index","follow":"follow","max-snippet":"max-snippet:-1","max-image-preview":"max-image-preview:large","max-video-preview":"max-video-preview:-1"},"canonical":"https:\/\/vosgesinfo.fr\/gerardmerinfo\/2023\/02\/soiree-projection-movie-night-protect-our-winters-pow\/","twitter_card":"summary_large_image","twitter_title":"Soir\u00e9e projection Movie Night Protect Our Winters (POW) - Gerardmer Info","twitter_description":"Movie Night POW \u2013 Cin\u00e9ma Grand Ecran La Bresse Samedi 4 f\u00e9vrier 20H30 NOUVEAU : la projection de films de [&hellip;]","twitter_image":"https:\/\/vosgesinfo.fr\/app\/uploads\/sites\/6\/2023\/08\/affiche.jpg","twitter_creator":"@VosgesInfo88","twitter_site":"@VosgesInfo88","twitter_misc":{"\u00c9crit par":"qs_admin","Dur\u00e9e de lecture estim\u00e9e":"1 minute"},"schema":{"@context":"https:\/\/schema.org","@graph":[{"@type":"Article","@id":"https:\/\/vosgesinfo.fr\/gerardmerinfo\/2023\/02\/soiree-projection-movie-night-protect-our-winters-pow\/#article","isPartOf":{"@id":"https:\/\/vosgesinfo.fr\/gerardmerinfo\/2023\/02\/soiree-projection-movie-night-protect-our-winters-pow\/"},"author":{"name":"qs_admin","@id":"https:\/\/vosgesinfo.fr\/gerardmerinfo\/#\/schema\/person\/bc5d02d71e6932e81b6dadb7386667b1"},"headline":"Soir\u00e9e projection Movie Night Protect Our Winters (POW)","datePublished":"2023-02-01T07:19:27+00:00","dateModified":"2023-02-01T07:19:27+00:00","mainEntityOfPage":{"@id":"https:\/\/vosgesinfo.fr\/gerardmerinfo\/2023\/02\/soiree-projection-movie-night-protect-our-winters-pow\/"},"wordCount":272,"commentCount":0,"publisher":{"@id":"https:\/\/vosgesinfo.fr\/gerardmerinfo\/#organization"},"image":{"@id":"https:\/\/vosgesinfo.fr\/gerardmerinfo\/2023\/02\/soiree-projection-movie-night-protect-our-winters-pow\/#primaryimage"},"thumbnailUrl":"https:\/\/vosgesinfo.fr\/app\/uploads\/sites\/6\/2023\/08\/affiche.jpg","articleSection":["A la une","Culture","Vosges"],"inLanguage":"fr-FR","potentialAction":[{"@type":"CommentAction","name":"Comment","target":["https:\/\/vosgesinfo.fr\/gerardmerinfo\/2023\/02\/soiree-projection-movie-night-protect-our-winters-pow\/#respond"]}]},{"@type":"WebPage","@id":"https:\/\/vosgesinfo.fr\/gerardmerinfo\/2023\/02\/soiree-projection-movie-night-protect-our-winters-pow\/","url":"https:\/\/vosgesinfo.fr\/gerardmerinfo\/2023\/02\/soiree-projection-movie-night-protect-our-winters-pow\/","name":"Soir\u00e9e projection Movie Night Protect Our Winters (POW) - Gerardmer Info","isPartOf":{"@id":"https:\/\/vosgesinfo.fr\/gerardmerinfo\/#website"},"primaryImageOfPage":{"@id":"https:\/\/vosgesinfo.fr\/gerardmerinfo\/2023\/02\/soiree-projection-movie-night-protect-our-winters-pow\/#primaryimage"},"image":{"@id":"https:\/\/vosgesinfo.fr\/gerardmerinfo\/2023\/02\/soiree-projection-movie-night-protect-our-winters-pow\/#primaryimage"},"thumbnailUrl":"https:\/\/vosgesinfo.fr\/app\/uploads\/sites\/6\/2023\/08\/affiche.jpg","datePublished":"2023-02-01T07:19:27+00:00","dateModified":"2023-02-01T07:19:27+00:00","breadcrumb":{"@id":"https:\/\/vosgesinfo.fr\/gerardmerinfo\/2023\/02\/soiree-projection-movie-night-protect-our-winters-pow\/#breadcrumb"},"inLanguage":"fr-FR","potentialAction":[{"@type":"ReadAction","target":["https:\/\/vosgesinfo.fr\/gerardmerinfo\/2023\/02\/soiree-projection-movie-night-protect-our-winters-pow\/"]}]},{"@type":"ImageObject","inLanguage":"fr-FR","@id":"https:\/\/vosgesinfo.fr\/gerardmerinfo\/2023\/02\/soiree-projection-movie-night-protect-our-winters-pow\/#primaryimage","url":"https:\/\/vosgesinfo.fr\/app\/uploads\/sites\/6\/2023\/08\/affiche.jpg","contentUrl":"https:\/\/vosgesinfo.fr\/app\/uploads\/sites\/6\/2023\/08\/affiche.jpg","width":1414,"height":2000},{"@type":"BreadcrumbList","@id":"https:\/\/vosgesinfo.fr\/gerardmerinfo\/2023\/02\/soiree-projection-movie-night-protect-our-winters-pow\/#breadcrumb","itemListElement":[{"@type":"ListItem","position":1,"name":"Home","item":"https:\/\/vosgesinfo.fr\/gerardmerinfo\/"},{"@type":"ListItem","position":2,"name":"Soir\u00e9e projection Movie Night Protect Our Winters (POW)"}]},{"@type":"WebSite","@id":"https:\/\/vosgesinfo.fr\/gerardmerinfo\/#website","url":"https:\/\/vosgesinfo.fr\/gerardmerinfo\/","name":"Gerardmer Info","description":"Toute l&#039;actualit\u00e9 de G\u00e9rardmer","publisher":{"@id":"https:\/\/vosgesinfo.fr\/gerardmerinfo\/#organization"},"alternateName":"Toute l'actualit\u00e9 de G\u00e9rardmer","potentialAction":[{"@type":"SearchAction","target":{"@type":"EntryPoint","urlTemplate":"https:\/\/vosgesinfo.fr\/gerardmerinfo\/?s={search_term_string}"},"query-input":"required name=search_term_string"}],"inLanguage":"fr-FR"},{"@type":"Organization","@id":"https:\/\/vosgesinfo.fr\/gerardmerinfo\/#organization","name":"Gerardmer Info","url":"https:\/\/vosgesinfo.fr\/gerardmerinfo\/","logo":{"@type":"ImageObject","inLanguage":"fr-FR","@id":"https:\/\/vosgesinfo.fr\/gerardmerinfo\/#\/schema\/logo\/image\/","url":"https:\/\/vosgesinfo.fr\/app\/uploads\/sites\/6\/2023\/08\/favicon-gerardmerinfo.png","contentUrl":"https:\/\/vosgesinfo.fr\/app\/uploads\/sites\/6\/2023\/08\/favicon-gerardmerinfo.png","width":512,"height":512,"caption":"Gerardmer Info"},"image":{"@id":"https:\/\/vosgesinfo.fr\/gerardmerinfo\/#\/schema\/logo\/image\/"},"sameAs":["https:\/\/www.facebook.com\/profile.php?id=100049475262660","https:\/\/x.com\/VosgesInfo88","https:\/\/www.youtube.com\/@vosgesinfo"]},{"@type":"Person","@id":"https:\/\/vosgesinfo.fr\/gerardmerinfo\/#\/schema\/person\/bc5d02d71e6932e81b6dadb7386667b1","name":"qs_admin","image":{"@type":"ImageObject","inLanguage":"fr-FR","@id":"https:\/\/vosgesinfo.fr\/gerardmerinfo\/#\/schema\/person\/image\/","url":"https:\/\/secure.gravatar.com\/avatar\/94b18ee0ed79e4a42ea2f2931277b6841a8999fc6fde214600c78057cf1fe1de?s=96&d=mm&r=g","contentUrl":"https:\/\/secure.gravatar.com\/avatar\/94b18ee0ed79e4a42ea2f2931277b6841a8999fc6fde214600c78057cf1fe1de?s=96&d=mm&r=g","caption":"qs_admin"},"sameAs":["https:\/\/vosgesinfo.fr\/wp"],"url":"https:\/\/vosgesinfo.fr\/gerardmerinfo\/author\/qs_admin\/"}]}},"_links":{"self":[{"href":"https:\/\/vosgesinfo.fr\/gerardmerinfo\/wp-json\/wp\/v2\/posts\/64396","targetHints":{"allow":["GET"]}}],"collection":[{"href":"https:\/\/vosgesinfo.fr\/gerardmerinfo\/wp-json\/wp\/v2\/posts"}],"about":[{"href":"https:\/\/vosgesinfo.fr\/gerardmerinfo\/wp-json\/wp\/v2\/types\/post"}],"author":[{"embeddable":true,"href":"https:\/\/vosgesinfo.fr\/gerardmerinfo\/wp-json\/wp\/v2\/users\/1"}],"replies":[{"embeddable":true,"href":"https:\/\/vosgesinfo.fr\/gerardmerinfo\/wp-json\/wp\/v2\/comments?post=64396"}],"version-history":[{"count":0,"href":"https:\/\/vosgesinfo.fr\/gerardmerinfo\/wp-json\/wp\/v2\/posts\/64396\/revisions"}],"wp:featuredmedia":[{"embeddable":true,"href":"https:\/\/vosgesinfo.fr\/gerardmerinfo\/wp-json\/wp\/v2\/media\/203"}],"wp:attachment":[{"href":"https:\/\/vosgesinfo.fr\/gerardmerinfo\/wp-json\/wp\/v2\/media?parent=64396"}],"wp:term":[{"taxonomy":"category","embeddable":true,"href":"https:\/\/vosgesinfo.fr\/gerardmerinfo\/wp-json\/wp\/v2\/categories?post=64396"},{"taxonomy":"post_tag","embeddable":true,"href":"https:\/\/vosgesinfo.fr\/gerardmerinfo\/wp-json\/wp\/v2\/tags?post=64396"}],"curies":[{"name":"wp","href":"https:\/\/api.w.org\/{rel}","templated":true}]}}