{"id":64701,"date":"2023-02-18T04:59:57","date_gmt":"2023-02-18T03:59:57","guid":{"rendered":"https:\/\/vosgesinfo.fr\/gerardmerinfo\/2023\/02\/accordes-a-cris-lina-bijou-concert-a-mcl-2\/"},"modified":"2023-02-18T04:59:57","modified_gmt":"2023-02-18T03:59:57","slug":"accordes-a-cris-lina-bijou-concert-a-mcl-2","status":"publish","type":"post","link":"https:\/\/vosgesinfo.fr\/gerardmerinfo\/2023\/02\/accordes-a-cris-lina-bijou-concert-a-mcl-2\/","title":{"rendered":"ACCORD\u00e9S \u00e0 CRiS &#038; Lina Bijou en concert \u00e0 la MCL"},"content":{"rendered":"<div style=\"text-align: center;\"><span style=\"font-family: arial, sans-serif; font-size: large;\"><b>ACCORD\u00e9S \u00e0 CRiS\u00a0<\/b><\/span><\/div>\n<div style=\"text-align: center;\"><span style=\"font-family: arial, sans-serif; font-size: large;\"><b>+ Lina Bijou<\/b><\/span><\/div>\n<div style=\"text-align: center;\"><span style=\"font-family: arial, sans-serif; font-size: large;\"><b>samedi 25 f\u00e9vrier \u00e0 20h30<\/b><\/span><\/div>\n<div><span style=\"font-family: arial, sans-serif;\">\u00a0<\/span><\/div>\n<div>\n<div class=\"x_gmail-x11i5rnm x_gmail-xat24cr x_gmail-x1mh8g0r x_gmail-x1vvkbs x_gmail-xdj266r\">\n<div><b>ACCORD\u00e9S \u00e0 CRiS \/ Trio, chansons swing<\/b><\/div>\n<div><a href=\"\/2023\/02\/AccordesAcris.jpg\"><img decoding=\"async\" class=\"alignright size-medium wp-image-201494\" src=\"\/2023\/02\/AccordesAcris-255x255.jpg\" alt=\"AccordesAcris\" width=\"255\" height=\"255\" \/><\/a>Du swing, du groove, de magnifiques interpr\u00e9tations au service de compositions au style unique avec :<\/div>\n<\/div>\n<div class=\"x_gmail-x11i5rnm x_gmail-xat24cr x_gmail-x1mh8g0r x_gmail-x1vvkbs x_gmail-xtlvy1s\">\n<div>Julien Fayolle, guitare \/ choeurs<\/div>\n<div>Julien Fayolle cl\u00f4t un cursus jazz aupr\u00e8s de Jean-Philippe Lavergne, Jean-Mathias P\u00e9tri et Xavier Garab\u00e9dian au conservatoire de Saint-Brieuc, et s\u2019implique aujourd\u2019hui dans de nombreux projets musicaux.<\/div>\n<\/div>\n<div class=\"x_gmail-x11i5rnm x_gmail-xat24cr x_gmail-x1mh8g0r x_gmail-x1vvkbs x_gmail-xtlvy1s\">\n<div>Vincent Blanchet, contrebasse \/ choeurs<\/div>\n<div>Vincent Blanchet est issu de l\u2019\u00e9cole JAM (Jazz Action Montpellier). Il accompagne rapidement des artistes tels que Dominique Carr\u00e9, Louis Boudot, Malo Mazurier, Maxence Ravelomanantsoa et partage \u00e9galement la sc\u00e8ne avec Guillaume Saint James, Guillaume Orti, Stephane Payen, Simon Goubert, Emmanuel Bex, Jacky Terrasson.<\/div>\n<\/div>\n<div class=\"x_gmail-x11i5rnm x_gmail-xat24cr x_gmail-x1mh8g0r x_gmail-x1vvkbs x_gmail-xtlvy1s\">\n<div>Pascal Muller, auteur \/ compositeur \/ guitare \/ chant<\/div>\n<div>Musicien polyvalent (bassiste, guitariste, chanteur, pianiste\u2026.), Pascal Muller sort dipl\u00f4m\u00e9 du Music Academy International de Nancy, et fonde en 2001 avec l\u2019accord\u00e9oniste Johann Riche le groupe Beltuner (4 albums et des centaines de concerts \u00e0 travers la France et le monde). Il est aujourd\u2019hui impliqu\u00e9 dans ses diff\u00e9rents projets musicaux en Bretagne et en r\u00e9gion parisienne.<\/div>\n<\/div>\n<div class=\"x_gmail-x11i5rnm x_gmail-xat24cr x_gmail-x1mh8g0r x_gmail-x1vvkbs x_gmail-xtlvy1s\"><span style=\"font-family: arial, sans-serif;\">\u00a0<\/span><\/div>\n<div class=\"x_gmail-x11i5rnm x_gmail-xat24cr x_gmail-x1mh8g0r x_gmail-x1vvkbs x_gmail-xtlvy1s\">\n<div><b>+ LINA BIJOU<\/b><\/div>\n<div><a href=\"\/2023\/02\/LinaBijou1.jpg\"><img decoding=\"async\" class=\"alignright size-medium wp-image-201493\" src=\"\/2023\/02\/LinaBijou1-255x255.jpg\" alt=\"LinaBijou1\" width=\"255\" height=\"255\" \/><\/a>Artiste Nanc\u00e9ienne de 29 ans, auteure-compositrice-interpr\u00e8te. En 2008 elle remporte la finale du concours Les espoirs de la chanson, au Z\u00e9nith de Nancy, ce qui lui offrira un an de formation \u00e0 la Music Academy International. C\u2019est dans la soul qu\u2019elle trouve ses plus belles influences. G\u00e9n\u00e9ratrice de groove \u00e0 la sensibilit\u00e9 d\u00e9bordante, Lina Bijou a un style bien \u00e0 elle. De sa voix \u00ab juste et puissante \u00bb elle raconte son histoire touchante et sa vision du monde \u00e0 travers des textes en fran\u00e7ais, sinc\u00e8res et \u00e9mouvants.<\/div>\n<div><\/div>\n<div>Tarifs : 8 \u20ac \/ 6 \u20ac adh\u00e9rents MCL \/ 3 \u20ac moins de 12 ans<\/div>\n<div><a href=\"https:\/\/web.digitick.com\/accordes-a-cris-lina-bijou-concert-mcl-gerardmer-25-fevrier-2023-css5-mclgerardmer-pg101-ri9457629.html\" target=\"_blank\" rel=\"noopener noreferrer\" data-auth=\"NotApplicable\" data-linkindex=\"0\">Lien pour r\u00e9server<\/a><\/div>\n<div><\/div>\n<div>Retrouvez cet \u00e9v\u00e9nement sur FaceBook et sur notre site<\/div>\n<div><a href=\"https:\/\/www.facebook.com\/events\/871107844099081\" target=\"_blank\" rel=\"noopener noreferrer\" data-auth=\"NotApplicable\" data-linkindex=\"1\">https:\/\/www.facebook.com\/events\/871107844099081<\/a><\/div>\n<div><a href=\"https:\/\/mclgerardmer.fr\/evenements-culture\/concert\/accordes-a-cris-lina-bijou\/\" target=\"_blank\" rel=\"noopener noreferrer\" data-auth=\"NotApplicable\" data-linkindex=\"2\">https:\/\/mclgerardmer.fr\/evenements-culture\/concert\/accordes-a-cris-lina-bijou\/<\/a><\/div>\n<div><\/div>\n<\/div>\n<\/div>\n","protected":false},"excerpt":{"rendered":"<p>ACCORD\u00e9S \u00e0 CRiS\u00a0 + Lina Bijou samedi 25 f\u00e9vrier \u00e0 20h30 \u00a0 ACCORD\u00e9S \u00e0 CRiS \/ Trio, chansons swing Du [&hellip;]<\/p>\n","protected":false},"author":1,"featured_media":64702,"comment_status":"open","ping_status":"open","sticky":false,"template":"","format":"standard","meta":{"footnotes":""},"categories":[20,34,4,25],"tags":[4999,103],"class_list":["post-64701","post","type-post","status-publish","format-standard","has-post-thumbnail","hentry","category-a-la-une","category-concert","category-culture","category-gerardmer","tag-lina-bijou","tag-mcl-gerardmer"],"acf":[],"yoast_head":"<!-- This site is optimized with the Yoast SEO plugin v22.5 - https:\/\/yoast.com\/wordpress\/plugins\/seo\/ -->\n<title>ACCORD\u00e9S \u00e0 CRiS &amp; Lina Bijou en concert \u00e0 la MCL - Gerardmer Info<\/title>\n<meta name=\"robots\" content=\"index, follow, max-snippet:-1, max-image-preview:large, max-video-preview:-1\" \/>\n<link rel=\"canonical\" href=\"https:\/\/vosgesinfo.fr\/gerardmerinfo\/2023\/02\/accordes-a-cris-lina-bijou-concert-a-mcl-2\/\" \/>\n<meta name=\"twitter:card\" content=\"summary_large_image\" \/>\n<meta name=\"twitter:title\" content=\"ACCORD\u00e9S \u00e0 CRiS &amp; Lina Bijou en concert \u00e0 la MCL - Gerardmer Info\" \/>\n<meta name=\"twitter:description\" content=\"ACCORD\u00e9S \u00e0 CRiS\u00a0 + Lina Bijou samedi 25 f\u00e9vrier \u00e0 20h30 \u00a0 ACCORD\u00e9S \u00e0 CRiS \/ Trio, chansons swing Du [&hellip;]\" \/>\n<meta name=\"twitter:image\" content=\"https:\/\/vosgesinfo.fr\/app\/uploads\/sites\/6\/2024\/07\/202302accordesacris.jpg\" \/>\n<meta name=\"twitter:creator\" content=\"@VosgesInfo88\" \/>\n<meta name=\"twitter:site\" content=\"@VosgesInfo88\" \/>\n<meta name=\"twitter:label1\" content=\"\u00c9crit par\" \/>\n\t<meta name=\"twitter:data1\" content=\"qs_admin\" \/>\n\t<meta name=\"twitter:label2\" content=\"Dur\u00e9e de lecture estim\u00e9e\" \/>\n\t<meta name=\"twitter:data2\" content=\"2 minutes\" \/>\n<script type=\"application\/ld+json\" class=\"yoast-schema-graph\">{\"@context\":\"https:\/\/schema.org\",\"@graph\":[{\"@type\":\"Article\",\"@id\":\"https:\/\/vosgesinfo.fr\/gerardmerinfo\/2023\/02\/accordes-a-cris-lina-bijou-concert-a-mcl-2\/#article\",\"isPartOf\":{\"@id\":\"https:\/\/vosgesinfo.fr\/gerardmerinfo\/2023\/02\/accordes-a-cris-lina-bijou-concert-a-mcl-2\/\"},\"author\":{\"name\":\"qs_admin\",\"@id\":\"https:\/\/vosgesinfo.fr\/gerardmerinfo\/#\/schema\/person\/bc5d02d71e6932e81b6dadb7386667b1\"},\"headline\":\"ACCORD\u00e9S \u00e0 CRiS &#038; Lina Bijou en concert \u00e0 la MCL\",\"datePublished\":\"2023-02-18T03:59:57+00:00\",\"dateModified\":\"2023-02-18T03:59:57+00:00\",\"mainEntityOfPage\":{\"@id\":\"https:\/\/vosgesinfo.fr\/gerardmerinfo\/2023\/02\/accordes-a-cris-lina-bijou-concert-a-mcl-2\/\"},\"wordCount\":316,\"commentCount\":0,\"publisher\":{\"@id\":\"https:\/\/vosgesinfo.fr\/gerardmerinfo\/#organization\"},\"image\":{\"@id\":\"https:\/\/vosgesinfo.fr\/gerardmerinfo\/2023\/02\/accordes-a-cris-lina-bijou-concert-a-mcl-2\/#primaryimage\"},\"thumbnailUrl\":\"https:\/\/vosgesinfo.fr\/app\/uploads\/sites\/6\/2024\/07\/202302accordesacris.jpg\",\"keywords\":[\"Lina Bijou\",\"MCL G\u00e9rardmer\"],\"articleSection\":[\"A la une\",\"Concert\",\"Culture\",\"G\u00e9rardmer\"],\"inLanguage\":\"fr-FR\",\"potentialAction\":[{\"@type\":\"CommentAction\",\"name\":\"Comment\",\"target\":[\"https:\/\/vosgesinfo.fr\/gerardmerinfo\/2023\/02\/accordes-a-cris-lina-bijou-concert-a-mcl-2\/#respond\"]}]},{\"@type\":\"WebPage\",\"@id\":\"https:\/\/vosgesinfo.fr\/gerardmerinfo\/2023\/02\/accordes-a-cris-lina-bijou-concert-a-mcl-2\/\",\"url\":\"https:\/\/vosgesinfo.fr\/gerardmerinfo\/2023\/02\/accordes-a-cris-lina-bijou-concert-a-mcl-2\/\",\"name\":\"ACCORD\u00e9S \u00e0 CRiS & Lina Bijou en concert \u00e0 la MCL - Gerardmer Info\",\"isPartOf\":{\"@id\":\"https:\/\/vosgesinfo.fr\/gerardmerinfo\/#website\"},\"primaryImageOfPage\":{\"@id\":\"https:\/\/vosgesinfo.fr\/gerardmerinfo\/2023\/02\/accordes-a-cris-lina-bijou-concert-a-mcl-2\/#primaryimage\"},\"image\":{\"@id\":\"https:\/\/vosgesinfo.fr\/gerardmerinfo\/2023\/02\/accordes-a-cris-lina-bijou-concert-a-mcl-2\/#primaryimage\"},\"thumbnailUrl\":\"https:\/\/vosgesinfo.fr\/app\/uploads\/sites\/6\/2024\/07\/202302accordesacris.jpg\",\"datePublished\":\"2023-02-18T03:59:57+00:00\",\"dateModified\":\"2023-02-18T03:59:57+00:00\",\"breadcrumb\":{\"@id\":\"https:\/\/vosgesinfo.fr\/gerardmerinfo\/2023\/02\/accordes-a-cris-lina-bijou-concert-a-mcl-2\/#breadcrumb\"},\"inLanguage\":\"fr-FR\",\"potentialAction\":[{\"@type\":\"ReadAction\",\"target\":[\"https:\/\/vosgesinfo.fr\/gerardmerinfo\/2023\/02\/accordes-a-cris-lina-bijou-concert-a-mcl-2\/\"]}]},{\"@type\":\"ImageObject\",\"inLanguage\":\"fr-FR\",\"@id\":\"https:\/\/vosgesinfo.fr\/gerardmerinfo\/2023\/02\/accordes-a-cris-lina-bijou-concert-a-mcl-2\/#primaryimage\",\"url\":\"https:\/\/vosgesinfo.fr\/app\/uploads\/sites\/6\/2024\/07\/202302accordesacris.jpg\",\"contentUrl\":\"https:\/\/vosgesinfo.fr\/app\/uploads\/sites\/6\/2024\/07\/202302accordesacris.jpg\",\"width\":1600,\"height\":1600},{\"@type\":\"BreadcrumbList\",\"@id\":\"https:\/\/vosgesinfo.fr\/gerardmerinfo\/2023\/02\/accordes-a-cris-lina-bijou-concert-a-mcl-2\/#breadcrumb\",\"itemListElement\":[{\"@type\":\"ListItem\",\"position\":1,\"name\":\"Home\",\"item\":\"https:\/\/vosgesinfo.fr\/gerardmerinfo\/\"},{\"@type\":\"ListItem\",\"position\":2,\"name\":\"ACCORD\u00e9S \u00e0 CRiS &#038; Lina Bijou en concert \u00e0 la MCL\"}]},{\"@type\":\"WebSite\",\"@id\":\"https:\/\/vosgesinfo.fr\/gerardmerinfo\/#website\",\"url\":\"https:\/\/vosgesinfo.fr\/gerardmerinfo\/\",\"name\":\"Gerardmer Info\",\"description\":\"Toute l&#039;actualit\u00e9 de G\u00e9rardmer\",\"publisher\":{\"@id\":\"https:\/\/vosgesinfo.fr\/gerardmerinfo\/#organization\"},\"alternateName\":\"Toute l'actualit\u00e9 de G\u00e9rardmer\",\"potentialAction\":[{\"@type\":\"SearchAction\",\"target\":{\"@type\":\"EntryPoint\",\"urlTemplate\":\"https:\/\/vosgesinfo.fr\/gerardmerinfo\/?s={search_term_string}\"},\"query-input\":\"required name=search_term_string\"}],\"inLanguage\":\"fr-FR\"},{\"@type\":\"Organization\",\"@id\":\"https:\/\/vosgesinfo.fr\/gerardmerinfo\/#organization\",\"name\":\"Gerardmer Info\",\"url\":\"https:\/\/vosgesinfo.fr\/gerardmerinfo\/\",\"logo\":{\"@type\":\"ImageObject\",\"inLanguage\":\"fr-FR\",\"@id\":\"https:\/\/vosgesinfo.fr\/gerardmerinfo\/#\/schema\/logo\/image\/\",\"url\":\"https:\/\/vosgesinfo.fr\/app\/uploads\/sites\/6\/2023\/08\/favicon-gerardmerinfo.png\",\"contentUrl\":\"https:\/\/vosgesinfo.fr\/app\/uploads\/sites\/6\/2023\/08\/favicon-gerardmerinfo.png\",\"width\":512,\"height\":512,\"caption\":\"Gerardmer Info\"},\"image\":{\"@id\":\"https:\/\/vosgesinfo.fr\/gerardmerinfo\/#\/schema\/logo\/image\/\"},\"sameAs\":[\"https:\/\/www.facebook.com\/profile.php?id=100049475262660\",\"https:\/\/x.com\/VosgesInfo88\",\"https:\/\/www.youtube.com\/@vosgesinfo\"]},{\"@type\":\"Person\",\"@id\":\"https:\/\/vosgesinfo.fr\/gerardmerinfo\/#\/schema\/person\/bc5d02d71e6932e81b6dadb7386667b1\",\"name\":\"qs_admin\",\"image\":{\"@type\":\"ImageObject\",\"inLanguage\":\"fr-FR\",\"@id\":\"https:\/\/vosgesinfo.fr\/gerardmerinfo\/#\/schema\/person\/image\/\",\"url\":\"https:\/\/secure.gravatar.com\/avatar\/94b18ee0ed79e4a42ea2f2931277b6841a8999fc6fde214600c78057cf1fe1de?s=96&d=mm&r=g\",\"contentUrl\":\"https:\/\/secure.gravatar.com\/avatar\/94b18ee0ed79e4a42ea2f2931277b6841a8999fc6fde214600c78057cf1fe1de?s=96&d=mm&r=g\",\"caption\":\"qs_admin\"},\"sameAs\":[\"https:\/\/vosgesinfo.fr\/wp\"],\"url\":\"https:\/\/vosgesinfo.fr\/gerardmerinfo\/author\/qs_admin\/\"}]}<\/script>\n<!-- \/ Yoast SEO plugin. -->","yoast_head_json":{"title":"ACCORD\u00e9S \u00e0 CRiS & Lina Bijou en concert \u00e0 la MCL - Gerardmer Info","robots":{"index":"index","follow":"follow","max-snippet":"max-snippet:-1","max-image-preview":"max-image-preview:large","max-video-preview":"max-video-preview:-1"},"canonical":"https:\/\/vosgesinfo.fr\/gerardmerinfo\/2023\/02\/accordes-a-cris-lina-bijou-concert-a-mcl-2\/","twitter_card":"summary_large_image","twitter_title":"ACCORD\u00e9S \u00e0 CRiS & Lina Bijou en concert \u00e0 la MCL - Gerardmer Info","twitter_description":"ACCORD\u00e9S \u00e0 CRiS\u00a0 + Lina Bijou samedi 25 f\u00e9vrier \u00e0 20h30 \u00a0 ACCORD\u00e9S \u00e0 CRiS \/ Trio, chansons swing Du [&hellip;]","twitter_image":"https:\/\/vosgesinfo.fr\/app\/uploads\/sites\/6\/2024\/07\/202302accordesacris.jpg","twitter_creator":"@VosgesInfo88","twitter_site":"@VosgesInfo88","twitter_misc":{"\u00c9crit par":"qs_admin","Dur\u00e9e de lecture estim\u00e9e":"2 minutes"},"schema":{"@context":"https:\/\/schema.org","@graph":[{"@type":"Article","@id":"https:\/\/vosgesinfo.fr\/gerardmerinfo\/2023\/02\/accordes-a-cris-lina-bijou-concert-a-mcl-2\/#article","isPartOf":{"@id":"https:\/\/vosgesinfo.fr\/gerardmerinfo\/2023\/02\/accordes-a-cris-lina-bijou-concert-a-mcl-2\/"},"author":{"name":"qs_admin","@id":"https:\/\/vosgesinfo.fr\/gerardmerinfo\/#\/schema\/person\/bc5d02d71e6932e81b6dadb7386667b1"},"headline":"ACCORD\u00e9S \u00e0 CRiS &#038; Lina Bijou en concert \u00e0 la MCL","datePublished":"2023-02-18T03:59:57+00:00","dateModified":"2023-02-18T03:59:57+00:00","mainEntityOfPage":{"@id":"https:\/\/vosgesinfo.fr\/gerardmerinfo\/2023\/02\/accordes-a-cris-lina-bijou-concert-a-mcl-2\/"},"wordCount":316,"commentCount":0,"publisher":{"@id":"https:\/\/vosgesinfo.fr\/gerardmerinfo\/#organization"},"image":{"@id":"https:\/\/vosgesinfo.fr\/gerardmerinfo\/2023\/02\/accordes-a-cris-lina-bijou-concert-a-mcl-2\/#primaryimage"},"thumbnailUrl":"https:\/\/vosgesinfo.fr\/app\/uploads\/sites\/6\/2024\/07\/202302accordesacris.jpg","keywords":["Lina Bijou","MCL G\u00e9rardmer"],"articleSection":["A la une","Concert","Culture","G\u00e9rardmer"],"inLanguage":"fr-FR","potentialAction":[{"@type":"CommentAction","name":"Comment","target":["https:\/\/vosgesinfo.fr\/gerardmerinfo\/2023\/02\/accordes-a-cris-lina-bijou-concert-a-mcl-2\/#respond"]}]},{"@type":"WebPage","@id":"https:\/\/vosgesinfo.fr\/gerardmerinfo\/2023\/02\/accordes-a-cris-lina-bijou-concert-a-mcl-2\/","url":"https:\/\/vosgesinfo.fr\/gerardmerinfo\/2023\/02\/accordes-a-cris-lina-bijou-concert-a-mcl-2\/","name":"ACCORD\u00e9S \u00e0 CRiS & Lina Bijou en concert \u00e0 la MCL - Gerardmer Info","isPartOf":{"@id":"https:\/\/vosgesinfo.fr\/gerardmerinfo\/#website"},"primaryImageOfPage":{"@id":"https:\/\/vosgesinfo.fr\/gerardmerinfo\/2023\/02\/accordes-a-cris-lina-bijou-concert-a-mcl-2\/#primaryimage"},"image":{"@id":"https:\/\/vosgesinfo.fr\/gerardmerinfo\/2023\/02\/accordes-a-cris-lina-bijou-concert-a-mcl-2\/#primaryimage"},"thumbnailUrl":"https:\/\/vosgesinfo.fr\/app\/uploads\/sites\/6\/2024\/07\/202302accordesacris.jpg","datePublished":"2023-02-18T03:59:57+00:00","dateModified":"2023-02-18T03:59:57+00:00","breadcrumb":{"@id":"https:\/\/vosgesinfo.fr\/gerardmerinfo\/2023\/02\/accordes-a-cris-lina-bijou-concert-a-mcl-2\/#breadcrumb"},"inLanguage":"fr-FR","potentialAction":[{"@type":"ReadAction","target":["https:\/\/vosgesinfo.fr\/gerardmerinfo\/2023\/02\/accordes-a-cris-lina-bijou-concert-a-mcl-2\/"]}]},{"@type":"ImageObject","inLanguage":"fr-FR","@id":"https:\/\/vosgesinfo.fr\/gerardmerinfo\/2023\/02\/accordes-a-cris-lina-bijou-concert-a-mcl-2\/#primaryimage","url":"https:\/\/vosgesinfo.fr\/app\/uploads\/sites\/6\/2024\/07\/202302accordesacris.jpg","contentUrl":"https:\/\/vosgesinfo.fr\/app\/uploads\/sites\/6\/2024\/07\/202302accordesacris.jpg","width":1600,"height":1600},{"@type":"BreadcrumbList","@id":"https:\/\/vosgesinfo.fr\/gerardmerinfo\/2023\/02\/accordes-a-cris-lina-bijou-concert-a-mcl-2\/#breadcrumb","itemListElement":[{"@type":"ListItem","position":1,"name":"Home","item":"https:\/\/vosgesinfo.fr\/gerardmerinfo\/"},{"@type":"ListItem","position":2,"name":"ACCORD\u00e9S \u00e0 CRiS &#038; Lina Bijou en concert \u00e0 la MCL"}]},{"@type":"WebSite","@id":"https:\/\/vosgesinfo.fr\/gerardmerinfo\/#website","url":"https:\/\/vosgesinfo.fr\/gerardmerinfo\/","name":"Gerardmer Info","description":"Toute l&#039;actualit\u00e9 de G\u00e9rardmer","publisher":{"@id":"https:\/\/vosgesinfo.fr\/gerardmerinfo\/#organization"},"alternateName":"Toute l'actualit\u00e9 de G\u00e9rardmer","potentialAction":[{"@type":"SearchAction","target":{"@type":"EntryPoint","urlTemplate":"https:\/\/vosgesinfo.fr\/gerardmerinfo\/?s={search_term_string}"},"query-input":"required name=search_term_string"}],"inLanguage":"fr-FR"},{"@type":"Organization","@id":"https:\/\/vosgesinfo.fr\/gerardmerinfo\/#organization","name":"Gerardmer Info","url":"https:\/\/vosgesinfo.fr\/gerardmerinfo\/","logo":{"@type":"ImageObject","inLanguage":"fr-FR","@id":"https:\/\/vosgesinfo.fr\/gerardmerinfo\/#\/schema\/logo\/image\/","url":"https:\/\/vosgesinfo.fr\/app\/uploads\/sites\/6\/2023\/08\/favicon-gerardmerinfo.png","contentUrl":"https:\/\/vosgesinfo.fr\/app\/uploads\/sites\/6\/2023\/08\/favicon-gerardmerinfo.png","width":512,"height":512,"caption":"Gerardmer Info"},"image":{"@id":"https:\/\/vosgesinfo.fr\/gerardmerinfo\/#\/schema\/logo\/image\/"},"sameAs":["https:\/\/www.facebook.com\/profile.php?id=100049475262660","https:\/\/x.com\/VosgesInfo88","https:\/\/www.youtube.com\/@vosgesinfo"]},{"@type":"Person","@id":"https:\/\/vosgesinfo.fr\/gerardmerinfo\/#\/schema\/person\/bc5d02d71e6932e81b6dadb7386667b1","name":"qs_admin","image":{"@type":"ImageObject","inLanguage":"fr-FR","@id":"https:\/\/vosgesinfo.fr\/gerardmerinfo\/#\/schema\/person\/image\/","url":"https:\/\/secure.gravatar.com\/avatar\/94b18ee0ed79e4a42ea2f2931277b6841a8999fc6fde214600c78057cf1fe1de?s=96&d=mm&r=g","contentUrl":"https:\/\/secure.gravatar.com\/avatar\/94b18ee0ed79e4a42ea2f2931277b6841a8999fc6fde214600c78057cf1fe1de?s=96&d=mm&r=g","caption":"qs_admin"},"sameAs":["https:\/\/vosgesinfo.fr\/wp"],"url":"https:\/\/vosgesinfo.fr\/gerardmerinfo\/author\/qs_admin\/"}]}},"_links":{"self":[{"href":"https:\/\/vosgesinfo.fr\/gerardmerinfo\/wp-json\/wp\/v2\/posts\/64701","targetHints":{"allow":["GET"]}}],"collection":[{"href":"https:\/\/vosgesinfo.fr\/gerardmerinfo\/wp-json\/wp\/v2\/posts"}],"about":[{"href":"https:\/\/vosgesinfo.fr\/gerardmerinfo\/wp-json\/wp\/v2\/types\/post"}],"author":[{"embeddable":true,"href":"https:\/\/vosgesinfo.fr\/gerardmerinfo\/wp-json\/wp\/v2\/users\/1"}],"replies":[{"embeddable":true,"href":"https:\/\/vosgesinfo.fr\/gerardmerinfo\/wp-json\/wp\/v2\/comments?post=64701"}],"version-history":[{"count":0,"href":"https:\/\/vosgesinfo.fr\/gerardmerinfo\/wp-json\/wp\/v2\/posts\/64701\/revisions"}],"wp:featuredmedia":[{"embeddable":true,"href":"https:\/\/vosgesinfo.fr\/gerardmerinfo\/wp-json\/wp\/v2\/media\/64702"}],"wp:attachment":[{"href":"https:\/\/vosgesinfo.fr\/gerardmerinfo\/wp-json\/wp\/v2\/media?parent=64701"}],"wp:term":[{"taxonomy":"category","embeddable":true,"href":"https:\/\/vosgesinfo.fr\/gerardmerinfo\/wp-json\/wp\/v2\/categories?post=64701"},{"taxonomy":"post_tag","embeddable":true,"href":"https:\/\/vosgesinfo.fr\/gerardmerinfo\/wp-json\/wp\/v2\/tags?post=64701"}],"curies":[{"name":"wp","href":"https:\/\/api.w.org\/{rel}","templated":true}]}}