{"id":65003,"date":"2023-03-09T10:32:07","date_gmt":"2023-03-09T09:32:07","guid":{"rendered":"https:\/\/vosgesinfo.fr\/gerardmerinfo\/2023\/03\/judo-club-de-gerardmer-nicolas-masson-obtient-ceinture-noire-1ere-dan\/"},"modified":"2023-03-09T10:32:07","modified_gmt":"2023-03-09T09:32:07","slug":"judo-club-de-gerardmer-nicolas-masson-obtient-ceinture-noire-1ere-dan","status":"publish","type":"post","link":"https:\/\/vosgesinfo.fr\/gerardmerinfo\/2023\/03\/judo-club-de-gerardmer-nicolas-masson-obtient-ceinture-noire-1ere-dan\/","title":{"rendered":"Judo Club de G\u00e9rardmer : Nicolas Masson obtient sa ceinture Noire 1\u00e8re dan"},"content":{"rendered":"<p><a href=\"\/2023\/03\/nicolas-masson-judo-club-g\u00e9rardmer-2.jpg\"><img decoding=\"async\" class=\"aligncenter size-large wp-image-202131\" src=\"\/2023\/03\/nicolas-masson-judo-club-g\u00e9rardmer-2-1024x768.jpg\" alt=\"nicolas masson judo club g\u00e9rardmer (2)\" width=\"960\" height=\"720\" \/><\/a><\/p>\n<p>&nbsp;<\/p>\n<h2><span style=\"font-family: Times New Roman, serif; font-size: 14pt;\">Le Judo Club de G\u00e9rardmer a eu le plaisir de voir l&rsquo;un de ses licenci\u00e9s obtenir sa ceinture noire en la personne de Nicolas Masson. Comme toujours, une petite c\u00e9r\u00e9monie de remise sous la houlette des entra\u00eeneurs du club a r\u00e9cemment eu lieu au dojo situ\u00e9 \u00e0 la Halle des Sports.<\/span><\/h2>\n<p><span style=\"font-family: Times New Roman, serif; font-size: 14pt;\"><a href=\"\/2023\/03\/nicolas-masson-judo-club-g\u00e9rardmer-1.jpg\"><img decoding=\"async\" class=\"alignright size-medium wp-image-202133\" src=\"\/2023\/03\/nicolas-masson-judo-club-g\u00e9rardmer-1-191x255.jpg\" alt=\"nicolas masson judo club g\u00e9rardmer (1)\" width=\"191\" height=\"255\" \/><\/a>L&rsquo;occasion pour le pr\u00e9sident Mikael Bussi\u00e8re de retracer bri\u00e8vement le parcours du r\u00e9cipiendaire : Nicolas Masson est n\u00e9 le N\u00e9 le 14 f\u00e9vrier 1979 et sa progression s&rsquo;est faite en deux \u00e9tapes Judo en 2 \u00e9tapes\u00a0: il avait en effet commenc\u00e9 le judo jeune en 1985 en Alsace avant d&rsquo; arr\u00eater pendant une longue p\u00e9riode et de reprendre en 2018, en voyant ses fils se mettre \u00e0 la pratique de \u00ab\u00a0la voie de la souplesse\u00a0\u00bb. Tr\u00e8s bon judoka \u00e0 l\u2019entra\u00eenement, il participe \u00e0 un tournoi par \u00e9quipe le 15 mars 2019 o\u00f9 il se blesse et revient quelques mois apr\u00e8s avec toujours l&rsquo;envie de progresser. Pas d\u00e9courag\u00e9 par sa blessure, il participe au master \u00e0 G\u00e9rardmer ou il finit 3\u00e9me.<\/span><\/p>\n<p><span style=\"font-family: Times New Roman, serif;\"><span style=\"font-size: 14pt;\">Pour obtenir sa ceinture noire, il passe ses Kata avec Yves Bastien le 26 f\u00e9vrier 2022 \u00e0 Vendenheim, puis l&rsquo;Uv2, toujours avec le m\u00eame partenaire le 26 f\u00e9vrier 2022 \u00e0 Vendenheim \u00e9galement. Concernant les points n\u00e9cessaires, il engrange son 1<sup>er<\/sup><\/span><span style=\"font-size: medium;\"><span style=\"font-size: 14pt;\"> point au master de G\u00e9rardmer, mais le 15 janvier \u00e0 Ensisheim, il marque 47 points d\u2019un coup, ce qui contribue \u00e0 lui ouvrir les portes de la ceinture tant convoiter. Comme l&rsquo;a pr\u00e9cis\u00e9 Mika\u00ebl Bussi\u00e8re, la valeur morale qui le caract\u00e9rise est le respect. \u00ab\u00a0Nicolas est une personne qui travaille toujours en technique, il est pers\u00e9v\u00e9rant dans l\u2019apprentissage\u00a0\u00bb ajoute le pr\u00e9sident du Judo Club de G\u00e9rardmer, ravi d&rsquo;accueillir une nouvelle ceinture noire !<\/span> <\/span><\/span><\/p>\n","protected":false},"excerpt":{"rendered":"<p>&nbsp; Le Judo Club de G\u00e9rardmer a eu le plaisir de voir l&rsquo;un de ses licenci\u00e9s obtenir sa ceinture noire [&hellip;]<\/p>\n","protected":false},"author":1,"featured_media":65004,"comment_status":"open","ping_status":"open","sticky":false,"template":"","format":"standard","meta":{"footnotes":""},"categories":[20,25,14],"tags":[],"class_list":["post-65003","post","type-post","status-publish","format-standard","has-post-thumbnail","hentry","category-a-la-une","category-gerardmer","category-sport"],"acf":[],"yoast_head":"<!-- This site is optimized with the Yoast SEO plugin v22.5 - https:\/\/yoast.com\/wordpress\/plugins\/seo\/ -->\n<title>Judo Club de G\u00e9rardmer : Nicolas Masson obtient sa ceinture Noire 1\u00e8re dan - Gerardmer Info<\/title>\n<meta name=\"robots\" content=\"index, follow, max-snippet:-1, max-image-preview:large, max-video-preview:-1\" \/>\n<link rel=\"canonical\" href=\"https:\/\/vosgesinfo.fr\/gerardmerinfo\/2023\/03\/judo-club-de-gerardmer-nicolas-masson-obtient-ceinture-noire-1ere-dan\/\" \/>\n<meta name=\"twitter:card\" content=\"summary_large_image\" \/>\n<meta name=\"twitter:title\" content=\"Judo Club de G\u00e9rardmer : Nicolas Masson obtient sa ceinture Noire 1\u00e8re dan - Gerardmer Info\" \/>\n<meta name=\"twitter:description\" content=\"&nbsp; Le Judo Club de G\u00e9rardmer a eu le plaisir de voir l&rsquo;un de ses licenci\u00e9s obtenir sa ceinture noire [&hellip;]\" \/>\n<meta name=\"twitter:image\" content=\"https:\/\/vosgesinfo.fr\/app\/uploads\/sites\/6\/2024\/07\/202303nicolas-masson-judo-club-gerardmer-1.jpg\" \/>\n<meta name=\"twitter:creator\" content=\"@VosgesInfo88\" \/>\n<meta name=\"twitter:site\" content=\"@VosgesInfo88\" \/>\n<meta name=\"twitter:label1\" content=\"\u00c9crit par\" \/>\n\t<meta name=\"twitter:data1\" content=\"qs_admin\" \/>\n\t<meta name=\"twitter:label2\" content=\"Dur\u00e9e de lecture estim\u00e9e\" \/>\n\t<meta name=\"twitter:data2\" content=\"1 minute\" \/>\n<script type=\"application\/ld+json\" class=\"yoast-schema-graph\">{\"@context\":\"https:\/\/schema.org\",\"@graph\":[{\"@type\":\"Article\",\"@id\":\"https:\/\/vosgesinfo.fr\/gerardmerinfo\/2023\/03\/judo-club-de-gerardmer-nicolas-masson-obtient-ceinture-noire-1ere-dan\/#article\",\"isPartOf\":{\"@id\":\"https:\/\/vosgesinfo.fr\/gerardmerinfo\/2023\/03\/judo-club-de-gerardmer-nicolas-masson-obtient-ceinture-noire-1ere-dan\/\"},\"author\":{\"name\":\"qs_admin\",\"@id\":\"https:\/\/vosgesinfo.fr\/gerardmerinfo\/#\/schema\/person\/bc5d02d71e6932e81b6dadb7386667b1\"},\"headline\":\"Judo Club de G\u00e9rardmer : Nicolas Masson obtient sa ceinture Noire 1\u00e8re dan\",\"datePublished\":\"2023-03-09T09:32:07+00:00\",\"dateModified\":\"2023-03-09T09:32:07+00:00\",\"mainEntityOfPage\":{\"@id\":\"https:\/\/vosgesinfo.fr\/gerardmerinfo\/2023\/03\/judo-club-de-gerardmer-nicolas-masson-obtient-ceinture-noire-1ere-dan\/\"},\"wordCount\":315,\"commentCount\":0,\"publisher\":{\"@id\":\"https:\/\/vosgesinfo.fr\/gerardmerinfo\/#organization\"},\"image\":{\"@id\":\"https:\/\/vosgesinfo.fr\/gerardmerinfo\/2023\/03\/judo-club-de-gerardmer-nicolas-masson-obtient-ceinture-noire-1ere-dan\/#primaryimage\"},\"thumbnailUrl\":\"https:\/\/vosgesinfo.fr\/app\/uploads\/sites\/6\/2024\/07\/202303nicolas-masson-judo-club-gerardmer-1.jpg\",\"articleSection\":[\"A la une\",\"G\u00e9rardmer\",\"Sport\"],\"inLanguage\":\"fr-FR\",\"potentialAction\":[{\"@type\":\"CommentAction\",\"name\":\"Comment\",\"target\":[\"https:\/\/vosgesinfo.fr\/gerardmerinfo\/2023\/03\/judo-club-de-gerardmer-nicolas-masson-obtient-ceinture-noire-1ere-dan\/#respond\"]}]},{\"@type\":\"WebPage\",\"@id\":\"https:\/\/vosgesinfo.fr\/gerardmerinfo\/2023\/03\/judo-club-de-gerardmer-nicolas-masson-obtient-ceinture-noire-1ere-dan\/\",\"url\":\"https:\/\/vosgesinfo.fr\/gerardmerinfo\/2023\/03\/judo-club-de-gerardmer-nicolas-masson-obtient-ceinture-noire-1ere-dan\/\",\"name\":\"Judo Club de G\u00e9rardmer : Nicolas Masson obtient sa ceinture Noire 1\u00e8re dan - Gerardmer Info\",\"isPartOf\":{\"@id\":\"https:\/\/vosgesinfo.fr\/gerardmerinfo\/#website\"},\"primaryImageOfPage\":{\"@id\":\"https:\/\/vosgesinfo.fr\/gerardmerinfo\/2023\/03\/judo-club-de-gerardmer-nicolas-masson-obtient-ceinture-noire-1ere-dan\/#primaryimage\"},\"image\":{\"@id\":\"https:\/\/vosgesinfo.fr\/gerardmerinfo\/2023\/03\/judo-club-de-gerardmer-nicolas-masson-obtient-ceinture-noire-1ere-dan\/#primaryimage\"},\"thumbnailUrl\":\"https:\/\/vosgesinfo.fr\/app\/uploads\/sites\/6\/2024\/07\/202303nicolas-masson-judo-club-gerardmer-1.jpg\",\"datePublished\":\"2023-03-09T09:32:07+00:00\",\"dateModified\":\"2023-03-09T09:32:07+00:00\",\"breadcrumb\":{\"@id\":\"https:\/\/vosgesinfo.fr\/gerardmerinfo\/2023\/03\/judo-club-de-gerardmer-nicolas-masson-obtient-ceinture-noire-1ere-dan\/#breadcrumb\"},\"inLanguage\":\"fr-FR\",\"potentialAction\":[{\"@type\":\"ReadAction\",\"target\":[\"https:\/\/vosgesinfo.fr\/gerardmerinfo\/2023\/03\/judo-club-de-gerardmer-nicolas-masson-obtient-ceinture-noire-1ere-dan\/\"]}]},{\"@type\":\"ImageObject\",\"inLanguage\":\"fr-FR\",\"@id\":\"https:\/\/vosgesinfo.fr\/gerardmerinfo\/2023\/03\/judo-club-de-gerardmer-nicolas-masson-obtient-ceinture-noire-1ere-dan\/#primaryimage\",\"url\":\"https:\/\/vosgesinfo.fr\/app\/uploads\/sites\/6\/2024\/07\/202303nicolas-masson-judo-club-gerardmer-1.jpg\",\"contentUrl\":\"https:\/\/vosgesinfo.fr\/app\/uploads\/sites\/6\/2024\/07\/202303nicolas-masson-judo-club-gerardmer-1.jpg\",\"width\":1532,\"height\":2048},{\"@type\":\"BreadcrumbList\",\"@id\":\"https:\/\/vosgesinfo.fr\/gerardmerinfo\/2023\/03\/judo-club-de-gerardmer-nicolas-masson-obtient-ceinture-noire-1ere-dan\/#breadcrumb\",\"itemListElement\":[{\"@type\":\"ListItem\",\"position\":1,\"name\":\"Home\",\"item\":\"https:\/\/vosgesinfo.fr\/gerardmerinfo\/\"},{\"@type\":\"ListItem\",\"position\":2,\"name\":\"Judo Club de G\u00e9rardmer : Nicolas Masson obtient sa ceinture Noire 1\u00e8re dan\"}]},{\"@type\":\"WebSite\",\"@id\":\"https:\/\/vosgesinfo.fr\/gerardmerinfo\/#website\",\"url\":\"https:\/\/vosgesinfo.fr\/gerardmerinfo\/\",\"name\":\"Gerardmer Info\",\"description\":\"Toute l&#039;actualit\u00e9 de G\u00e9rardmer\",\"publisher\":{\"@id\":\"https:\/\/vosgesinfo.fr\/gerardmerinfo\/#organization\"},\"alternateName\":\"Toute l'actualit\u00e9 de G\u00e9rardmer\",\"potentialAction\":[{\"@type\":\"SearchAction\",\"target\":{\"@type\":\"EntryPoint\",\"urlTemplate\":\"https:\/\/vosgesinfo.fr\/gerardmerinfo\/?s={search_term_string}\"},\"query-input\":\"required name=search_term_string\"}],\"inLanguage\":\"fr-FR\"},{\"@type\":\"Organization\",\"@id\":\"https:\/\/vosgesinfo.fr\/gerardmerinfo\/#organization\",\"name\":\"Gerardmer Info\",\"url\":\"https:\/\/vosgesinfo.fr\/gerardmerinfo\/\",\"logo\":{\"@type\":\"ImageObject\",\"inLanguage\":\"fr-FR\",\"@id\":\"https:\/\/vosgesinfo.fr\/gerardmerinfo\/#\/schema\/logo\/image\/\",\"url\":\"https:\/\/vosgesinfo.fr\/app\/uploads\/sites\/6\/2023\/08\/favicon-gerardmerinfo.png\",\"contentUrl\":\"https:\/\/vosgesinfo.fr\/app\/uploads\/sites\/6\/2023\/08\/favicon-gerardmerinfo.png\",\"width\":512,\"height\":512,\"caption\":\"Gerardmer Info\"},\"image\":{\"@id\":\"https:\/\/vosgesinfo.fr\/gerardmerinfo\/#\/schema\/logo\/image\/\"},\"sameAs\":[\"https:\/\/www.facebook.com\/profile.php?id=100049475262660\",\"https:\/\/x.com\/VosgesInfo88\",\"https:\/\/www.youtube.com\/@vosgesinfo\"]},{\"@type\":\"Person\",\"@id\":\"https:\/\/vosgesinfo.fr\/gerardmerinfo\/#\/schema\/person\/bc5d02d71e6932e81b6dadb7386667b1\",\"name\":\"qs_admin\",\"image\":{\"@type\":\"ImageObject\",\"inLanguage\":\"fr-FR\",\"@id\":\"https:\/\/vosgesinfo.fr\/gerardmerinfo\/#\/schema\/person\/image\/\",\"url\":\"https:\/\/secure.gravatar.com\/avatar\/94b18ee0ed79e4a42ea2f2931277b6841a8999fc6fde214600c78057cf1fe1de?s=96&d=mm&r=g\",\"contentUrl\":\"https:\/\/secure.gravatar.com\/avatar\/94b18ee0ed79e4a42ea2f2931277b6841a8999fc6fde214600c78057cf1fe1de?s=96&d=mm&r=g\",\"caption\":\"qs_admin\"},\"sameAs\":[\"https:\/\/vosgesinfo.fr\/wp\"],\"url\":\"https:\/\/vosgesinfo.fr\/gerardmerinfo\/author\/qs_admin\/\"}]}<\/script>\n<!-- \/ Yoast SEO plugin. -->","yoast_head_json":{"title":"Judo Club de G\u00e9rardmer : Nicolas Masson obtient sa ceinture Noire 1\u00e8re dan - Gerardmer Info","robots":{"index":"index","follow":"follow","max-snippet":"max-snippet:-1","max-image-preview":"max-image-preview:large","max-video-preview":"max-video-preview:-1"},"canonical":"https:\/\/vosgesinfo.fr\/gerardmerinfo\/2023\/03\/judo-club-de-gerardmer-nicolas-masson-obtient-ceinture-noire-1ere-dan\/","twitter_card":"summary_large_image","twitter_title":"Judo Club de G\u00e9rardmer : Nicolas Masson obtient sa ceinture Noire 1\u00e8re dan - Gerardmer Info","twitter_description":"&nbsp; Le Judo Club de G\u00e9rardmer a eu le plaisir de voir l&rsquo;un de ses licenci\u00e9s obtenir sa ceinture noire [&hellip;]","twitter_image":"https:\/\/vosgesinfo.fr\/app\/uploads\/sites\/6\/2024\/07\/202303nicolas-masson-judo-club-gerardmer-1.jpg","twitter_creator":"@VosgesInfo88","twitter_site":"@VosgesInfo88","twitter_misc":{"\u00c9crit par":"qs_admin","Dur\u00e9e de lecture estim\u00e9e":"1 minute"},"schema":{"@context":"https:\/\/schema.org","@graph":[{"@type":"Article","@id":"https:\/\/vosgesinfo.fr\/gerardmerinfo\/2023\/03\/judo-club-de-gerardmer-nicolas-masson-obtient-ceinture-noire-1ere-dan\/#article","isPartOf":{"@id":"https:\/\/vosgesinfo.fr\/gerardmerinfo\/2023\/03\/judo-club-de-gerardmer-nicolas-masson-obtient-ceinture-noire-1ere-dan\/"},"author":{"name":"qs_admin","@id":"https:\/\/vosgesinfo.fr\/gerardmerinfo\/#\/schema\/person\/bc5d02d71e6932e81b6dadb7386667b1"},"headline":"Judo Club de G\u00e9rardmer : Nicolas Masson obtient sa ceinture Noire 1\u00e8re dan","datePublished":"2023-03-09T09:32:07+00:00","dateModified":"2023-03-09T09:32:07+00:00","mainEntityOfPage":{"@id":"https:\/\/vosgesinfo.fr\/gerardmerinfo\/2023\/03\/judo-club-de-gerardmer-nicolas-masson-obtient-ceinture-noire-1ere-dan\/"},"wordCount":315,"commentCount":0,"publisher":{"@id":"https:\/\/vosgesinfo.fr\/gerardmerinfo\/#organization"},"image":{"@id":"https:\/\/vosgesinfo.fr\/gerardmerinfo\/2023\/03\/judo-club-de-gerardmer-nicolas-masson-obtient-ceinture-noire-1ere-dan\/#primaryimage"},"thumbnailUrl":"https:\/\/vosgesinfo.fr\/app\/uploads\/sites\/6\/2024\/07\/202303nicolas-masson-judo-club-gerardmer-1.jpg","articleSection":["A la une","G\u00e9rardmer","Sport"],"inLanguage":"fr-FR","potentialAction":[{"@type":"CommentAction","name":"Comment","target":["https:\/\/vosgesinfo.fr\/gerardmerinfo\/2023\/03\/judo-club-de-gerardmer-nicolas-masson-obtient-ceinture-noire-1ere-dan\/#respond"]}]},{"@type":"WebPage","@id":"https:\/\/vosgesinfo.fr\/gerardmerinfo\/2023\/03\/judo-club-de-gerardmer-nicolas-masson-obtient-ceinture-noire-1ere-dan\/","url":"https:\/\/vosgesinfo.fr\/gerardmerinfo\/2023\/03\/judo-club-de-gerardmer-nicolas-masson-obtient-ceinture-noire-1ere-dan\/","name":"Judo Club de G\u00e9rardmer : Nicolas Masson obtient sa ceinture Noire 1\u00e8re dan - Gerardmer Info","isPartOf":{"@id":"https:\/\/vosgesinfo.fr\/gerardmerinfo\/#website"},"primaryImageOfPage":{"@id":"https:\/\/vosgesinfo.fr\/gerardmerinfo\/2023\/03\/judo-club-de-gerardmer-nicolas-masson-obtient-ceinture-noire-1ere-dan\/#primaryimage"},"image":{"@id":"https:\/\/vosgesinfo.fr\/gerardmerinfo\/2023\/03\/judo-club-de-gerardmer-nicolas-masson-obtient-ceinture-noire-1ere-dan\/#primaryimage"},"thumbnailUrl":"https:\/\/vosgesinfo.fr\/app\/uploads\/sites\/6\/2024\/07\/202303nicolas-masson-judo-club-gerardmer-1.jpg","datePublished":"2023-03-09T09:32:07+00:00","dateModified":"2023-03-09T09:32:07+00:00","breadcrumb":{"@id":"https:\/\/vosgesinfo.fr\/gerardmerinfo\/2023\/03\/judo-club-de-gerardmer-nicolas-masson-obtient-ceinture-noire-1ere-dan\/#breadcrumb"},"inLanguage":"fr-FR","potentialAction":[{"@type":"ReadAction","target":["https:\/\/vosgesinfo.fr\/gerardmerinfo\/2023\/03\/judo-club-de-gerardmer-nicolas-masson-obtient-ceinture-noire-1ere-dan\/"]}]},{"@type":"ImageObject","inLanguage":"fr-FR","@id":"https:\/\/vosgesinfo.fr\/gerardmerinfo\/2023\/03\/judo-club-de-gerardmer-nicolas-masson-obtient-ceinture-noire-1ere-dan\/#primaryimage","url":"https:\/\/vosgesinfo.fr\/app\/uploads\/sites\/6\/2024\/07\/202303nicolas-masson-judo-club-gerardmer-1.jpg","contentUrl":"https:\/\/vosgesinfo.fr\/app\/uploads\/sites\/6\/2024\/07\/202303nicolas-masson-judo-club-gerardmer-1.jpg","width":1532,"height":2048},{"@type":"BreadcrumbList","@id":"https:\/\/vosgesinfo.fr\/gerardmerinfo\/2023\/03\/judo-club-de-gerardmer-nicolas-masson-obtient-ceinture-noire-1ere-dan\/#breadcrumb","itemListElement":[{"@type":"ListItem","position":1,"name":"Home","item":"https:\/\/vosgesinfo.fr\/gerardmerinfo\/"},{"@type":"ListItem","position":2,"name":"Judo Club de G\u00e9rardmer : Nicolas Masson obtient sa ceinture Noire 1\u00e8re dan"}]},{"@type":"WebSite","@id":"https:\/\/vosgesinfo.fr\/gerardmerinfo\/#website","url":"https:\/\/vosgesinfo.fr\/gerardmerinfo\/","name":"Gerardmer Info","description":"Toute l&#039;actualit\u00e9 de G\u00e9rardmer","publisher":{"@id":"https:\/\/vosgesinfo.fr\/gerardmerinfo\/#organization"},"alternateName":"Toute l'actualit\u00e9 de G\u00e9rardmer","potentialAction":[{"@type":"SearchAction","target":{"@type":"EntryPoint","urlTemplate":"https:\/\/vosgesinfo.fr\/gerardmerinfo\/?s={search_term_string}"},"query-input":"required name=search_term_string"}],"inLanguage":"fr-FR"},{"@type":"Organization","@id":"https:\/\/vosgesinfo.fr\/gerardmerinfo\/#organization","name":"Gerardmer Info","url":"https:\/\/vosgesinfo.fr\/gerardmerinfo\/","logo":{"@type":"ImageObject","inLanguage":"fr-FR","@id":"https:\/\/vosgesinfo.fr\/gerardmerinfo\/#\/schema\/logo\/image\/","url":"https:\/\/vosgesinfo.fr\/app\/uploads\/sites\/6\/2023\/08\/favicon-gerardmerinfo.png","contentUrl":"https:\/\/vosgesinfo.fr\/app\/uploads\/sites\/6\/2023\/08\/favicon-gerardmerinfo.png","width":512,"height":512,"caption":"Gerardmer Info"},"image":{"@id":"https:\/\/vosgesinfo.fr\/gerardmerinfo\/#\/schema\/logo\/image\/"},"sameAs":["https:\/\/www.facebook.com\/profile.php?id=100049475262660","https:\/\/x.com\/VosgesInfo88","https:\/\/www.youtube.com\/@vosgesinfo"]},{"@type":"Person","@id":"https:\/\/vosgesinfo.fr\/gerardmerinfo\/#\/schema\/person\/bc5d02d71e6932e81b6dadb7386667b1","name":"qs_admin","image":{"@type":"ImageObject","inLanguage":"fr-FR","@id":"https:\/\/vosgesinfo.fr\/gerardmerinfo\/#\/schema\/person\/image\/","url":"https:\/\/secure.gravatar.com\/avatar\/94b18ee0ed79e4a42ea2f2931277b6841a8999fc6fde214600c78057cf1fe1de?s=96&d=mm&r=g","contentUrl":"https:\/\/secure.gravatar.com\/avatar\/94b18ee0ed79e4a42ea2f2931277b6841a8999fc6fde214600c78057cf1fe1de?s=96&d=mm&r=g","caption":"qs_admin"},"sameAs":["https:\/\/vosgesinfo.fr\/wp"],"url":"https:\/\/vosgesinfo.fr\/gerardmerinfo\/author\/qs_admin\/"}]}},"_links":{"self":[{"href":"https:\/\/vosgesinfo.fr\/gerardmerinfo\/wp-json\/wp\/v2\/posts\/65003","targetHints":{"allow":["GET"]}}],"collection":[{"href":"https:\/\/vosgesinfo.fr\/gerardmerinfo\/wp-json\/wp\/v2\/posts"}],"about":[{"href":"https:\/\/vosgesinfo.fr\/gerardmerinfo\/wp-json\/wp\/v2\/types\/post"}],"author":[{"embeddable":true,"href":"https:\/\/vosgesinfo.fr\/gerardmerinfo\/wp-json\/wp\/v2\/users\/1"}],"replies":[{"embeddable":true,"href":"https:\/\/vosgesinfo.fr\/gerardmerinfo\/wp-json\/wp\/v2\/comments?post=65003"}],"version-history":[{"count":0,"href":"https:\/\/vosgesinfo.fr\/gerardmerinfo\/wp-json\/wp\/v2\/posts\/65003\/revisions"}],"wp:featuredmedia":[{"embeddable":true,"href":"https:\/\/vosgesinfo.fr\/gerardmerinfo\/wp-json\/wp\/v2\/media\/65004"}],"wp:attachment":[{"href":"https:\/\/vosgesinfo.fr\/gerardmerinfo\/wp-json\/wp\/v2\/media?parent=65003"}],"wp:term":[{"taxonomy":"category","embeddable":true,"href":"https:\/\/vosgesinfo.fr\/gerardmerinfo\/wp-json\/wp\/v2\/categories?post=65003"},{"taxonomy":"post_tag","embeddable":true,"href":"https:\/\/vosgesinfo.fr\/gerardmerinfo\/wp-json\/wp\/v2\/tags?post=65003"}],"curies":[{"name":"wp","href":"https:\/\/api.w.org\/{rel}","templated":true}]}}