{"id":65007,"date":"2023-03-09T10:32:12","date_gmt":"2023-03-09T09:32:12","guid":{"rendered":"https:\/\/vosgesinfo.fr\/gerardmerinfo\/2023\/03\/lassociation-aoa2-espoir-etoile-a-lheure-bilan\/"},"modified":"2023-03-09T10:32:12","modified_gmt":"2023-03-09T09:32:12","slug":"lassociation-aoa2-espoir-etoile-a-lheure-bilan","status":"publish","type":"post","link":"https:\/\/vosgesinfo.fr\/gerardmerinfo\/2023\/03\/lassociation-aoa2-espoir-etoile-a-lheure-bilan\/","title":{"rendered":"L&rsquo;association \u00ab\u00a0AOA2, UN ESPOIR POUR NOTRE ETOILE\u00a0\u00bb \u00e0 l&rsquo;heure du bilan"},"content":{"rendered":"<p><a href=\"\/2023\/03\/AG-AO-A2-2023-1.jpg\"><img decoding=\"async\" class=\"aligncenter size-large wp-image-202139\" src=\"\/2023\/03\/AG-AO-A2-2023-1-1024x472.jpg\" alt=\"AG AO A2 2023 (1)\" width=\"960\" height=\"443\" \/><\/a><\/p>\n<h3>L\u2019assembl\u00e9e G\u00e9n\u00e9rale ordinaire de l\u2019association \u00ab\u00a0AOA2, un espoir pour notre \u00e9toile\u00a0\u00bb s\u2019est tenu le dimanche 5 mars au foyer de Gerb\u00e9pal en pr\u00e9sence de Mme Bassi\u00e8re Nadine, \u00e9lue de la ville de G\u00e9rardmer, et des membres du bureau.<\/h3>\n<p>Une quarantaine, d\u2019adh\u00e9rents se sont rassembl\u00e9s sous la pr\u00e9sidence de Fabienne Lorr\u00e9. Cette r\u00e9union fut l\u2019occasion de faire un rappel sur la maladie rare neurologique AOA2 qui touche deux enfants d\u2019une m\u00eame fratrie, de dresser un bilan des activit\u00e9s r\u00e9alis\u00e9es au cours de l\u2019ann\u00e9e \u00e9coul\u00e9e, et d\u2019aborder les actions \u00e0 venir pour 2023.<\/p>\n<p>En 2022, 138 adh\u00e9rents sont venus rejoindre l\u2019association G\u00e9romoise et une trentaine de b\u00e9n\u00e9voles ont permis de la faire vivre tout en la rendant active et f\u00e9d\u00e9ratrice. Tout au long de l\u2019ann\u00e9e, diverses actions ont pu \u00eatre men\u00e9es afin de collecter des fonds pour la recherche et pr\u00e9voir une \u00e9pargne suffisante pour financer un traitement \u00e9ventuel en France ou \u00e0 l\u2019\u00e9tranger en lien avec la maladie. Lors de manifestations diverses, l\u2019association propose ainsi la vente de flammenk\u00fbche et hot dogs, que ce soit pour des \u00e9v\u00e8nements sportifs, une marche gourmande en Haute Marne (Giey sur Aujon), sans oublier la vente aux camping de Granges Bas et de la Verte Vall\u00e9e. Des actions coll\u00e9giales sont \u00e9galement organis\u00e9es \u00e0 l&rsquo;image des 2 brocantes ou encore d&rsquo;un march\u00e9 de No\u00ebl en Meurthe et Moselle (Richardmenil) et \u00e0 G\u00e9rardmer. Une action individuelle est aussi \u00e0 souligner et s&rsquo;est mat\u00e9rialis\u00e9e par un d\u00e9fi sportif solidaire de Claude, b\u00e9n\u00e9vole qui a parcouru 1540 km \u00e0 v\u00e9lo (G\u00e9rardmer\/Lorient) en faisant la promotion de l\u2019association lors de son road book quotidien.<br \/>\n<a href=\"\/2023\/03\/AG-AO-A2-2023-2.jpg\"><img decoding=\"async\" class=\"alignright size-medium wp-image-202138\" src=\"\/2023\/03\/AG-AO-A2-2023-2-400x185.jpg\" alt=\"AG AO A2 2023 (2)\" width=\"400\" height=\"185\" \/><\/a>\u00ab\u00a0<em>Grace \u00e0 l\u2019investissement de tous et au r\u00e9sultat du bilan comptable, le tr\u00e9sorier a pu soumettre au vote un don de 12 000 dollars qui sera fait aupr\u00e8s du laboratoire de recherche UCLA du professeur Brent Fogel, chercheur am\u00e9ricain bas\u00e9 \u00e0 Los Angeles qui est le seul \u00e0 notre connaissance \u00e0 effectuer des recherches sp\u00e9cifiques sur cette maladie AOA2<\/em>\u00a0\u00bb pr\u00e9cise la pr\u00e9sidente Fabienne Lorr\u00e9 qui a naturellement tenu \u00e0 remercier tous ceux qui ont soutenu l\u2019association durant cette ann\u00e9e : les adh\u00e9rents, les b\u00e9n\u00e9voles mais \u00e9galement des organismes associatifs et\/ou publics qui ont soutenu moralement et financi\u00e8rement l\u2019association : la mairie ,l\u2019amicale du quartier Kleber, le club Athl\u00e9 Vosges de G\u00e9rardmer, Marie amour sans fronti\u00e8re de Lapoutroie, le lyc\u00e9e Clemenceau d\u2019\u00c9pinal, , l\u2019entreprise les Zelles de la Bresse. Et pour cl\u00f4turer ces assises annuelles, la pr\u00e9sidente a renouvel\u00e9 ses remerciements aupr\u00e8s de tous, pour leur engagement au c\u00f4t\u00e9 de sa famille, et a invit\u00e9 l\u2019ensemble des membres pr\u00e9sents \u00e0 partager le pot de l\u2019amiti\u00e9.<\/p>\n<p><strong>A votre agenda &#8211; voici les deux prochains rendez-vous auquel participera l&rsquo;association avec vente de flammenkuche :<\/strong><\/p>\n<p>Dimanche 14 mai \u00e0 la Mauselaine pour le festival Marche Nordique<br \/>\nLe week-end du 27 et 28 mai pour l\u2019UTTN -Ultratrail Tour Nancy \u00e0 Champigneulles<\/p>\n","protected":false},"excerpt":{"rendered":"<p>L\u2019assembl\u00e9e G\u00e9n\u00e9rale ordinaire de l\u2019association \u00ab\u00a0AOA2, un espoir pour notre \u00e9toile\u00a0\u00bb s\u2019est tenu le dimanche 5 mars au foyer de [&hellip;]<\/p>\n","protected":false},"author":42,"featured_media":65008,"comment_status":"open","ping_status":"open","sticky":false,"template":"","format":"standard","meta":{"footnotes":""},"categories":[20,25,12,17],"tags":[987],"class_list":["post-65007","post","type-post","status-publish","format-standard","has-post-thumbnail","hentry","category-a-la-une","category-gerardmer","category-sante","category-vie-associative","tag-aoa2"],"acf":[],"yoast_head":"<!-- This site is optimized with the Yoast SEO plugin v22.5 - https:\/\/yoast.com\/wordpress\/plugins\/seo\/ -->\n<title>L&#039;association &quot;AOA2, UN ESPOIR POUR NOTRE ETOILE&quot; \u00e0 l&#039;heure du bilan - Gerardmer Info<\/title>\n<meta name=\"robots\" content=\"index, follow, max-snippet:-1, max-image-preview:large, max-video-preview:-1\" \/>\n<link rel=\"canonical\" href=\"https:\/\/vosgesinfo.fr\/gerardmerinfo\/2023\/03\/lassociation-aoa2-espoir-etoile-a-lheure-bilan\/\" \/>\n<meta name=\"twitter:card\" content=\"summary_large_image\" \/>\n<meta name=\"twitter:title\" content=\"L&#039;association &quot;AOA2, UN ESPOIR POUR NOTRE ETOILE&quot; \u00e0 l&#039;heure du bilan - Gerardmer Info\" \/>\n<meta name=\"twitter:description\" content=\"L\u2019assembl\u00e9e G\u00e9n\u00e9rale ordinaire de l\u2019association \u00ab\u00a0AOA2, un espoir pour notre \u00e9toile\u00a0\u00bb s\u2019est tenu le dimanche 5 mars au foyer de [&hellip;]\" \/>\n<meta name=\"twitter:image\" content=\"https:\/\/vosgesinfo.fr\/app\/uploads\/sites\/6\/2024\/07\/202303ag-ao-a2-2023-1.jpg\" \/>\n<meta name=\"twitter:creator\" content=\"@VosgesInfo88\" \/>\n<meta name=\"twitter:site\" content=\"@VosgesInfo88\" \/>\n<meta name=\"twitter:label1\" content=\"\u00c9crit par\" \/>\n\t<meta name=\"twitter:data1\" content=\"QG\" \/>\n\t<meta name=\"twitter:label2\" content=\"Dur\u00e9e de lecture estim\u00e9e\" \/>\n\t<meta name=\"twitter:data2\" content=\"3 minutes\" \/>\n<script type=\"application\/ld+json\" class=\"yoast-schema-graph\">{\"@context\":\"https:\/\/schema.org\",\"@graph\":[{\"@type\":\"Article\",\"@id\":\"https:\/\/vosgesinfo.fr\/gerardmerinfo\/2023\/03\/lassociation-aoa2-espoir-etoile-a-lheure-bilan\/#article\",\"isPartOf\":{\"@id\":\"https:\/\/vosgesinfo.fr\/gerardmerinfo\/2023\/03\/lassociation-aoa2-espoir-etoile-a-lheure-bilan\/\"},\"author\":{\"name\":\"QG\",\"@id\":\"https:\/\/vosgesinfo.fr\/gerardmerinfo\/#\/schema\/person\/db5605779a843dad16b5368f3e7613a5\"},\"headline\":\"L&rsquo;association \u00ab\u00a0AOA2, UN ESPOIR POUR NOTRE ETOILE\u00a0\u00bb \u00e0 l&rsquo;heure du bilan\",\"datePublished\":\"2023-03-09T09:32:12+00:00\",\"dateModified\":\"2023-03-09T09:32:12+00:00\",\"mainEntityOfPage\":{\"@id\":\"https:\/\/vosgesinfo.fr\/gerardmerinfo\/2023\/03\/lassociation-aoa2-espoir-etoile-a-lheure-bilan\/\"},\"wordCount\":541,\"commentCount\":0,\"publisher\":{\"@id\":\"https:\/\/vosgesinfo.fr\/gerardmerinfo\/#organization\"},\"image\":{\"@id\":\"https:\/\/vosgesinfo.fr\/gerardmerinfo\/2023\/03\/lassociation-aoa2-espoir-etoile-a-lheure-bilan\/#primaryimage\"},\"thumbnailUrl\":\"https:\/\/vosgesinfo.fr\/app\/uploads\/sites\/6\/2024\/07\/202303ag-ao-a2-2023-1.jpg\",\"keywords\":[\"AOA2\"],\"articleSection\":[\"A la une\",\"G\u00e9rardmer\",\"Sant\u00e9\",\"Vie Associative\"],\"inLanguage\":\"fr-FR\",\"potentialAction\":[{\"@type\":\"CommentAction\",\"name\":\"Comment\",\"target\":[\"https:\/\/vosgesinfo.fr\/gerardmerinfo\/2023\/03\/lassociation-aoa2-espoir-etoile-a-lheure-bilan\/#respond\"]}]},{\"@type\":\"WebPage\",\"@id\":\"https:\/\/vosgesinfo.fr\/gerardmerinfo\/2023\/03\/lassociation-aoa2-espoir-etoile-a-lheure-bilan\/\",\"url\":\"https:\/\/vosgesinfo.fr\/gerardmerinfo\/2023\/03\/lassociation-aoa2-espoir-etoile-a-lheure-bilan\/\",\"name\":\"L'association \\\"AOA2, UN ESPOIR POUR NOTRE ETOILE\\\" \u00e0 l'heure du bilan - Gerardmer Info\",\"isPartOf\":{\"@id\":\"https:\/\/vosgesinfo.fr\/gerardmerinfo\/#website\"},\"primaryImageOfPage\":{\"@id\":\"https:\/\/vosgesinfo.fr\/gerardmerinfo\/2023\/03\/lassociation-aoa2-espoir-etoile-a-lheure-bilan\/#primaryimage\"},\"image\":{\"@id\":\"https:\/\/vosgesinfo.fr\/gerardmerinfo\/2023\/03\/lassociation-aoa2-espoir-etoile-a-lheure-bilan\/#primaryimage\"},\"thumbnailUrl\":\"https:\/\/vosgesinfo.fr\/app\/uploads\/sites\/6\/2024\/07\/202303ag-ao-a2-2023-1.jpg\",\"datePublished\":\"2023-03-09T09:32:12+00:00\",\"dateModified\":\"2023-03-09T09:32:12+00:00\",\"breadcrumb\":{\"@id\":\"https:\/\/vosgesinfo.fr\/gerardmerinfo\/2023\/03\/lassociation-aoa2-espoir-etoile-a-lheure-bilan\/#breadcrumb\"},\"inLanguage\":\"fr-FR\",\"potentialAction\":[{\"@type\":\"ReadAction\",\"target\":[\"https:\/\/vosgesinfo.fr\/gerardmerinfo\/2023\/03\/lassociation-aoa2-espoir-etoile-a-lheure-bilan\/\"]}]},{\"@type\":\"ImageObject\",\"inLanguage\":\"fr-FR\",\"@id\":\"https:\/\/vosgesinfo.fr\/gerardmerinfo\/2023\/03\/lassociation-aoa2-espoir-etoile-a-lheure-bilan\/#primaryimage\",\"url\":\"https:\/\/vosgesinfo.fr\/app\/uploads\/sites\/6\/2024\/07\/202303ag-ao-a2-2023-1.jpg\",\"contentUrl\":\"https:\/\/vosgesinfo.fr\/app\/uploads\/sites\/6\/2024\/07\/202303ag-ao-a2-2023-1.jpg\",\"width\":1600,\"height\":738},{\"@type\":\"BreadcrumbList\",\"@id\":\"https:\/\/vosgesinfo.fr\/gerardmerinfo\/2023\/03\/lassociation-aoa2-espoir-etoile-a-lheure-bilan\/#breadcrumb\",\"itemListElement\":[{\"@type\":\"ListItem\",\"position\":1,\"name\":\"Home\",\"item\":\"https:\/\/vosgesinfo.fr\/gerardmerinfo\/\"},{\"@type\":\"ListItem\",\"position\":2,\"name\":\"L&rsquo;association \u00ab\u00a0AOA2, UN ESPOIR POUR NOTRE ETOILE\u00a0\u00bb \u00e0 l&rsquo;heure du bilan\"}]},{\"@type\":\"WebSite\",\"@id\":\"https:\/\/vosgesinfo.fr\/gerardmerinfo\/#website\",\"url\":\"https:\/\/vosgesinfo.fr\/gerardmerinfo\/\",\"name\":\"Gerardmer Info\",\"description\":\"Toute l&#039;actualit\u00e9 de G\u00e9rardmer\",\"publisher\":{\"@id\":\"https:\/\/vosgesinfo.fr\/gerardmerinfo\/#organization\"},\"alternateName\":\"Toute l'actualit\u00e9 de G\u00e9rardmer\",\"potentialAction\":[{\"@type\":\"SearchAction\",\"target\":{\"@type\":\"EntryPoint\",\"urlTemplate\":\"https:\/\/vosgesinfo.fr\/gerardmerinfo\/?s={search_term_string}\"},\"query-input\":\"required name=search_term_string\"}],\"inLanguage\":\"fr-FR\"},{\"@type\":\"Organization\",\"@id\":\"https:\/\/vosgesinfo.fr\/gerardmerinfo\/#organization\",\"name\":\"Gerardmer Info\",\"url\":\"https:\/\/vosgesinfo.fr\/gerardmerinfo\/\",\"logo\":{\"@type\":\"ImageObject\",\"inLanguage\":\"fr-FR\",\"@id\":\"https:\/\/vosgesinfo.fr\/gerardmerinfo\/#\/schema\/logo\/image\/\",\"url\":\"https:\/\/vosgesinfo.fr\/app\/uploads\/sites\/6\/2023\/08\/favicon-gerardmerinfo.png\",\"contentUrl\":\"https:\/\/vosgesinfo.fr\/app\/uploads\/sites\/6\/2023\/08\/favicon-gerardmerinfo.png\",\"width\":512,\"height\":512,\"caption\":\"Gerardmer Info\"},\"image\":{\"@id\":\"https:\/\/vosgesinfo.fr\/gerardmerinfo\/#\/schema\/logo\/image\/\"},\"sameAs\":[\"https:\/\/www.facebook.com\/profile.php?id=100049475262660\",\"https:\/\/x.com\/VosgesInfo88\",\"https:\/\/www.youtube.com\/@vosgesinfo\"]},{\"@type\":\"Person\",\"@id\":\"https:\/\/vosgesinfo.fr\/gerardmerinfo\/#\/schema\/person\/db5605779a843dad16b5368f3e7613a5\",\"name\":\"QG\",\"image\":{\"@type\":\"ImageObject\",\"inLanguage\":\"fr-FR\",\"@id\":\"https:\/\/vosgesinfo.fr\/gerardmerinfo\/#\/schema\/person\/image\/\",\"url\":\"https:\/\/secure.gravatar.com\/avatar\/ea80c42c204b534408512832fde52504ecabb9706bcb6151cf6175e5b64e6793?s=96&d=mm&r=g\",\"contentUrl\":\"https:\/\/secure.gravatar.com\/avatar\/ea80c42c204b534408512832fde52504ecabb9706bcb6151cf6175e5b64e6793?s=96&d=mm&r=g\",\"caption\":\"QG\"},\"url\":\"https:\/\/vosgesinfo.fr\/gerardmerinfo\/author\/quentin88\/\"}]}<\/script>\n<!-- \/ Yoast SEO plugin. -->","yoast_head_json":{"title":"L'association \"AOA2, UN ESPOIR POUR NOTRE ETOILE\" \u00e0 l'heure du bilan - Gerardmer Info","robots":{"index":"index","follow":"follow","max-snippet":"max-snippet:-1","max-image-preview":"max-image-preview:large","max-video-preview":"max-video-preview:-1"},"canonical":"https:\/\/vosgesinfo.fr\/gerardmerinfo\/2023\/03\/lassociation-aoa2-espoir-etoile-a-lheure-bilan\/","twitter_card":"summary_large_image","twitter_title":"L'association \"AOA2, UN ESPOIR POUR NOTRE ETOILE\" \u00e0 l'heure du bilan - Gerardmer Info","twitter_description":"L\u2019assembl\u00e9e G\u00e9n\u00e9rale ordinaire de l\u2019association \u00ab\u00a0AOA2, un espoir pour notre \u00e9toile\u00a0\u00bb s\u2019est tenu le dimanche 5 mars au foyer de [&hellip;]","twitter_image":"https:\/\/vosgesinfo.fr\/app\/uploads\/sites\/6\/2024\/07\/202303ag-ao-a2-2023-1.jpg","twitter_creator":"@VosgesInfo88","twitter_site":"@VosgesInfo88","twitter_misc":{"\u00c9crit par":"QG","Dur\u00e9e de lecture estim\u00e9e":"3 minutes"},"schema":{"@context":"https:\/\/schema.org","@graph":[{"@type":"Article","@id":"https:\/\/vosgesinfo.fr\/gerardmerinfo\/2023\/03\/lassociation-aoa2-espoir-etoile-a-lheure-bilan\/#article","isPartOf":{"@id":"https:\/\/vosgesinfo.fr\/gerardmerinfo\/2023\/03\/lassociation-aoa2-espoir-etoile-a-lheure-bilan\/"},"author":{"name":"QG","@id":"https:\/\/vosgesinfo.fr\/gerardmerinfo\/#\/schema\/person\/db5605779a843dad16b5368f3e7613a5"},"headline":"L&rsquo;association \u00ab\u00a0AOA2, UN ESPOIR POUR NOTRE ETOILE\u00a0\u00bb \u00e0 l&rsquo;heure du bilan","datePublished":"2023-03-09T09:32:12+00:00","dateModified":"2023-03-09T09:32:12+00:00","mainEntityOfPage":{"@id":"https:\/\/vosgesinfo.fr\/gerardmerinfo\/2023\/03\/lassociation-aoa2-espoir-etoile-a-lheure-bilan\/"},"wordCount":541,"commentCount":0,"publisher":{"@id":"https:\/\/vosgesinfo.fr\/gerardmerinfo\/#organization"},"image":{"@id":"https:\/\/vosgesinfo.fr\/gerardmerinfo\/2023\/03\/lassociation-aoa2-espoir-etoile-a-lheure-bilan\/#primaryimage"},"thumbnailUrl":"https:\/\/vosgesinfo.fr\/app\/uploads\/sites\/6\/2024\/07\/202303ag-ao-a2-2023-1.jpg","keywords":["AOA2"],"articleSection":["A la une","G\u00e9rardmer","Sant\u00e9","Vie Associative"],"inLanguage":"fr-FR","potentialAction":[{"@type":"CommentAction","name":"Comment","target":["https:\/\/vosgesinfo.fr\/gerardmerinfo\/2023\/03\/lassociation-aoa2-espoir-etoile-a-lheure-bilan\/#respond"]}]},{"@type":"WebPage","@id":"https:\/\/vosgesinfo.fr\/gerardmerinfo\/2023\/03\/lassociation-aoa2-espoir-etoile-a-lheure-bilan\/","url":"https:\/\/vosgesinfo.fr\/gerardmerinfo\/2023\/03\/lassociation-aoa2-espoir-etoile-a-lheure-bilan\/","name":"L'association \"AOA2, UN ESPOIR POUR NOTRE ETOILE\" \u00e0 l'heure du bilan - Gerardmer Info","isPartOf":{"@id":"https:\/\/vosgesinfo.fr\/gerardmerinfo\/#website"},"primaryImageOfPage":{"@id":"https:\/\/vosgesinfo.fr\/gerardmerinfo\/2023\/03\/lassociation-aoa2-espoir-etoile-a-lheure-bilan\/#primaryimage"},"image":{"@id":"https:\/\/vosgesinfo.fr\/gerardmerinfo\/2023\/03\/lassociation-aoa2-espoir-etoile-a-lheure-bilan\/#primaryimage"},"thumbnailUrl":"https:\/\/vosgesinfo.fr\/app\/uploads\/sites\/6\/2024\/07\/202303ag-ao-a2-2023-1.jpg","datePublished":"2023-03-09T09:32:12+00:00","dateModified":"2023-03-09T09:32:12+00:00","breadcrumb":{"@id":"https:\/\/vosgesinfo.fr\/gerardmerinfo\/2023\/03\/lassociation-aoa2-espoir-etoile-a-lheure-bilan\/#breadcrumb"},"inLanguage":"fr-FR","potentialAction":[{"@type":"ReadAction","target":["https:\/\/vosgesinfo.fr\/gerardmerinfo\/2023\/03\/lassociation-aoa2-espoir-etoile-a-lheure-bilan\/"]}]},{"@type":"ImageObject","inLanguage":"fr-FR","@id":"https:\/\/vosgesinfo.fr\/gerardmerinfo\/2023\/03\/lassociation-aoa2-espoir-etoile-a-lheure-bilan\/#primaryimage","url":"https:\/\/vosgesinfo.fr\/app\/uploads\/sites\/6\/2024\/07\/202303ag-ao-a2-2023-1.jpg","contentUrl":"https:\/\/vosgesinfo.fr\/app\/uploads\/sites\/6\/2024\/07\/202303ag-ao-a2-2023-1.jpg","width":1600,"height":738},{"@type":"BreadcrumbList","@id":"https:\/\/vosgesinfo.fr\/gerardmerinfo\/2023\/03\/lassociation-aoa2-espoir-etoile-a-lheure-bilan\/#breadcrumb","itemListElement":[{"@type":"ListItem","position":1,"name":"Home","item":"https:\/\/vosgesinfo.fr\/gerardmerinfo\/"},{"@type":"ListItem","position":2,"name":"L&rsquo;association \u00ab\u00a0AOA2, UN ESPOIR POUR NOTRE ETOILE\u00a0\u00bb \u00e0 l&rsquo;heure du bilan"}]},{"@type":"WebSite","@id":"https:\/\/vosgesinfo.fr\/gerardmerinfo\/#website","url":"https:\/\/vosgesinfo.fr\/gerardmerinfo\/","name":"Gerardmer Info","description":"Toute l&#039;actualit\u00e9 de G\u00e9rardmer","publisher":{"@id":"https:\/\/vosgesinfo.fr\/gerardmerinfo\/#organization"},"alternateName":"Toute l'actualit\u00e9 de G\u00e9rardmer","potentialAction":[{"@type":"SearchAction","target":{"@type":"EntryPoint","urlTemplate":"https:\/\/vosgesinfo.fr\/gerardmerinfo\/?s={search_term_string}"},"query-input":"required name=search_term_string"}],"inLanguage":"fr-FR"},{"@type":"Organization","@id":"https:\/\/vosgesinfo.fr\/gerardmerinfo\/#organization","name":"Gerardmer Info","url":"https:\/\/vosgesinfo.fr\/gerardmerinfo\/","logo":{"@type":"ImageObject","inLanguage":"fr-FR","@id":"https:\/\/vosgesinfo.fr\/gerardmerinfo\/#\/schema\/logo\/image\/","url":"https:\/\/vosgesinfo.fr\/app\/uploads\/sites\/6\/2023\/08\/favicon-gerardmerinfo.png","contentUrl":"https:\/\/vosgesinfo.fr\/app\/uploads\/sites\/6\/2023\/08\/favicon-gerardmerinfo.png","width":512,"height":512,"caption":"Gerardmer Info"},"image":{"@id":"https:\/\/vosgesinfo.fr\/gerardmerinfo\/#\/schema\/logo\/image\/"},"sameAs":["https:\/\/www.facebook.com\/profile.php?id=100049475262660","https:\/\/x.com\/VosgesInfo88","https:\/\/www.youtube.com\/@vosgesinfo"]},{"@type":"Person","@id":"https:\/\/vosgesinfo.fr\/gerardmerinfo\/#\/schema\/person\/db5605779a843dad16b5368f3e7613a5","name":"QG","image":{"@type":"ImageObject","inLanguage":"fr-FR","@id":"https:\/\/vosgesinfo.fr\/gerardmerinfo\/#\/schema\/person\/image\/","url":"https:\/\/secure.gravatar.com\/avatar\/ea80c42c204b534408512832fde52504ecabb9706bcb6151cf6175e5b64e6793?s=96&d=mm&r=g","contentUrl":"https:\/\/secure.gravatar.com\/avatar\/ea80c42c204b534408512832fde52504ecabb9706bcb6151cf6175e5b64e6793?s=96&d=mm&r=g","caption":"QG"},"url":"https:\/\/vosgesinfo.fr\/gerardmerinfo\/author\/quentin88\/"}]}},"_links":{"self":[{"href":"https:\/\/vosgesinfo.fr\/gerardmerinfo\/wp-json\/wp\/v2\/posts\/65007","targetHints":{"allow":["GET"]}}],"collection":[{"href":"https:\/\/vosgesinfo.fr\/gerardmerinfo\/wp-json\/wp\/v2\/posts"}],"about":[{"href":"https:\/\/vosgesinfo.fr\/gerardmerinfo\/wp-json\/wp\/v2\/types\/post"}],"author":[{"embeddable":true,"href":"https:\/\/vosgesinfo.fr\/gerardmerinfo\/wp-json\/wp\/v2\/users\/42"}],"replies":[{"embeddable":true,"href":"https:\/\/vosgesinfo.fr\/gerardmerinfo\/wp-json\/wp\/v2\/comments?post=65007"}],"version-history":[{"count":0,"href":"https:\/\/vosgesinfo.fr\/gerardmerinfo\/wp-json\/wp\/v2\/posts\/65007\/revisions"}],"wp:featuredmedia":[{"embeddable":true,"href":"https:\/\/vosgesinfo.fr\/gerardmerinfo\/wp-json\/wp\/v2\/media\/65008"}],"wp:attachment":[{"href":"https:\/\/vosgesinfo.fr\/gerardmerinfo\/wp-json\/wp\/v2\/media?parent=65007"}],"wp:term":[{"taxonomy":"category","embeddable":true,"href":"https:\/\/vosgesinfo.fr\/gerardmerinfo\/wp-json\/wp\/v2\/categories?post=65007"},{"taxonomy":"post_tag","embeddable":true,"href":"https:\/\/vosgesinfo.fr\/gerardmerinfo\/wp-json\/wp\/v2\/tags?post=65007"}],"curies":[{"name":"wp","href":"https:\/\/api.w.org\/{rel}","templated":true}]}}