{"id":65033,"date":"2023-03-10T07:45:17","date_gmt":"2023-03-10T06:45:17","guid":{"rendered":"https:\/\/vosgesinfo.fr\/gerardmerinfo\/2023\/03\/assemblee-generale-de-lassociation-csapa-haut-frets\/"},"modified":"2023-03-10T07:45:17","modified_gmt":"2023-03-10T06:45:17","slug":"assemblee-generale-de-lassociation-csapa-haut-frets","status":"publish","type":"post","link":"https:\/\/vosgesinfo.fr\/gerardmerinfo\/2023\/03\/assemblee-generale-de-lassociation-csapa-haut-frets\/","title":{"rendered":"Assembl\u00e9e g\u00e9n\u00e9rale de l&rsquo;Association et CSAPA du Haut des Fr\u00eats"},"content":{"rendered":"<div><span style=\"font-size: 12pt;\"> <a href=\"\/2023\/03\/centre-haut-des-frets-martimpr\u00e9.jpg\"><img decoding=\"async\" class=\"aligncenter wp-image-202194\" src=\"\/2023\/03\/centre-haut-des-frets-martimpr\u00e9-1024x768.jpg\" alt=\"centre haut des frets martimpr\u00e9\" width=\"460\" height=\"345\" \/><\/a><\/span><\/div>\n<div><\/div>\n<div><span style=\"font-size: 12pt;\"><strong>Afin de maintenir la solidit\u00e9 et la long\u00e9vit\u00e9 de l&rsquo;association des Amis de Martimpr\u00e9 qui s&rsquo;occupe des gens dont l&rsquo;alcool et autre stup\u00e9fiants ont ravag\u00e9 la vie et qui g\u00e8re le Centre du Haut des Fr\u00eats, un appel \u00e0 la mobilisation est lanc\u00e9.<\/strong><br \/>\n<\/span><\/div>\n<div><\/div>\n<div><span style=\"font-size: 12pt;\">L&rsquo;assembl\u00e9e g\u00e9n\u00e9rale de cette association est pr\u00e9vue le 13 avril prochain) 18 h 00 \u00e0 la salle des F\u00eates de Gerb\u00e9pal et une forte pr\u00e9sence des adh\u00e9rents est souhait\u00e9e. Un appel est \u00e9galement lanc\u00e9 \u00e0 toutes celles et tous ceux qui souhaiteraient rejoindre la structure en tant que b\u00e9n\u00e9vole et contribuer \u00e0 lui redonner un nouveau souffle apr\u00e8s les ann\u00e9es COVID compliqu\u00e9es notamment. L&rsquo;association serait \u00e9galement ravie d&rsquo;accueillir de nouveaux membre au sein de son C.A.<\/span><\/div>\n<div><\/div>\n<div><span style=\"font-family: Courier New, Courier, monospace; font-size: 12pt;\"><strong>Pour en savoir plus, rendez-vous sur le site du centre de soins :<\/strong><br \/>\n<\/span><\/p>\n<h2><span style=\"font-size: 12pt;\"><a href=\"https:\/\/www.bing.com\/ck\/a?!&amp;&amp;p=79eae8819875cc6cJmltdHM9MTY3ODA2MDgwMCZpZ3VpZD0yZjFkNWNjMy1mYzkyLTZiNjItMjZjMC01MTMzZmQ5YjZhZDYmaW5zaWQ9NTE4MA&amp;ptn=3&amp;hsh=3&amp;fclid=2f1d5cc3-fc92-6b62-26c0-5133fd9b6ad6&amp;psq=amis+de+Martimpr%c3%a9&amp;u=a1aHR0cHM6Ly9sZS1oYXV0LWRlcy1mcmV0cy5mci9jb250ZW51L2lkLzEzL0wtaGlzdG9pcmUtZGUtbC1hc3NvY2lhdGlvbi5odG1s&amp;ntb=1\" target=\"_blank\" data-saferedirecturl=\"https:\/\/www.google.com\/url?q=https:\/\/www.bing.com\/ck\/a?!%26%26p%3D79eae8819875cc6cJmltdHM9MTY3ODA2MDgwMCZpZ3VpZD0yZjFkNWNjMy1mYzkyLTZiNjItMjZjMC01MTMzZmQ5YjZhZDYmaW5zaWQ9NTE4MA%26ptn%3D3%26hsh%3D3%26fclid%3D2f1d5cc3-fc92-6b62-26c0-5133fd9b6ad6%26psq%3Damis%2Bde%2BMartimpr%25c3%25a9%26u%3Da1aHR0cHM6Ly9sZS1oYXV0LWRlcy1mcmV0cy5mci9jb250ZW51L2lkLzEzL0wtaGlzdG9pcmUtZGUtbC1hc3NvY2lhdGlvbi5odG1s%26ntb%3D1&amp;source=gmail&amp;ust=1678436258909000&amp;usg=AOvVaw3VbqcrmPCQ-cXFjnpWl3Ma\" rel=\"noopener\">Association des Amis de Martinpr\u00e9 &#8211; CTR Haut des Frets<\/a><\/span><\/h2>\n<h2><span style=\"font-size: 12pt;\"><a href=\"https:\/\/www.bing.com\/ck\/a?!&amp;&amp;p=8b8cec601eeb0d27JmltdHM9MTY3ODA2MDgwMCZpZ3VpZD0yZjFkNWNjMy1mYzkyLTZiNjItMjZjMC01MTMzZmQ5YjZhZDYmaW5zaWQ9NTE4Ng&amp;ptn=3&amp;hsh=3&amp;fclid=2f1d5cc3-fc92-6b62-26c0-5133fd9b6ad6&amp;psq=Le+Hauts+des+Frets&amp;u=a1aHR0cHM6Ly93d3cubGUtaGF1dC1kZXMtZnJldHMuZnIv&amp;ntb=1\" target=\"_blank\" data-saferedirecturl=\"https:\/\/www.google.com\/url?q=https:\/\/www.bing.com\/ck\/a?!%26%26p%3D8b8cec601eeb0d27JmltdHM9MTY3ODA2MDgwMCZpZ3VpZD0yZjFkNWNjMy1mYzkyLTZiNjItMjZjMC01MTMzZmQ5YjZhZDYmaW5zaWQ9NTE4Ng%26ptn%3D3%26hsh%3D3%26fclid%3D2f1d5cc3-fc92-6b62-26c0-5133fd9b6ad6%26psq%3DLe%2BHauts%2Bdes%2BFrets%26u%3Da1aHR0cHM6Ly93d3cubGUtaGF1dC1kZXMtZnJldHMuZnIv%26ntb%3D1&amp;source=gmail&amp;ust=1678436258909000&amp;usg=AOvVaw3A43KcKYH4MOWu8tJg3b5D\" rel=\"noopener\">Haut des fr\u00eats<\/a><\/span><\/h2>\n<\/div>\n","protected":false},"excerpt":{"rendered":"<p>Afin de maintenir la solidit\u00e9 et la long\u00e9vit\u00e9 de l&rsquo;association des Amis de Martimpr\u00e9 qui s&rsquo;occupe des gens dont l&rsquo;alcool [&hellip;]<\/p>\n","protected":false},"author":1,"featured_media":65034,"comment_status":"open","ping_status":"open","sticky":false,"template":"","format":"standard","meta":{"footnotes":""},"categories":[20,13,17,18],"tags":[4649,3758],"class_list":["post-65033","post","type-post","status-publish","format-standard","has-post-thumbnail","hentry","category-a-la-une","category-societe","category-vie-associative","category-vosges","tag-haut-des-frets","tag-martimpre"],"acf":[],"yoast_head":"<!-- This site is optimized with the Yoast SEO plugin v22.5 - https:\/\/yoast.com\/wordpress\/plugins\/seo\/ -->\n<title>Assembl\u00e9e g\u00e9n\u00e9rale de l&#039;Association et CSAPA du Haut des Fr\u00eats - Gerardmer Info<\/title>\n<meta name=\"robots\" content=\"index, follow, max-snippet:-1, max-image-preview:large, max-video-preview:-1\" \/>\n<link rel=\"canonical\" href=\"https:\/\/vosgesinfo.fr\/gerardmerinfo\/2023\/03\/assemblee-generale-de-lassociation-csapa-haut-frets\/\" \/>\n<meta name=\"twitter:card\" content=\"summary_large_image\" \/>\n<meta name=\"twitter:title\" content=\"Assembl\u00e9e g\u00e9n\u00e9rale de l&#039;Association et CSAPA du Haut des Fr\u00eats - Gerardmer Info\" \/>\n<meta name=\"twitter:description\" content=\"Afin de maintenir la solidit\u00e9 et la long\u00e9vit\u00e9 de l&rsquo;association des Amis de Martimpr\u00e9 qui s&rsquo;occupe des gens dont l&rsquo;alcool [&hellip;]\" \/>\n<meta name=\"twitter:image\" content=\"https:\/\/vosgesinfo.fr\/app\/uploads\/sites\/6\/2024\/07\/202303haut-des-frets-association-des-amis-de-martinpre-ctr-haut-des-frets.png\" \/>\n<meta name=\"twitter:creator\" content=\"@VosgesInfo88\" \/>\n<meta name=\"twitter:site\" content=\"@VosgesInfo88\" \/>\n<meta name=\"twitter:label1\" content=\"\u00c9crit par\" \/>\n\t<meta name=\"twitter:data1\" content=\"qs_admin\" \/>\n\t<meta name=\"twitter:label2\" content=\"Dur\u00e9e de lecture estim\u00e9e\" \/>\n\t<meta name=\"twitter:data2\" content=\"1 minute\" \/>\n<script type=\"application\/ld+json\" class=\"yoast-schema-graph\">{\"@context\":\"https:\/\/schema.org\",\"@graph\":[{\"@type\":\"Article\",\"@id\":\"https:\/\/vosgesinfo.fr\/gerardmerinfo\/2023\/03\/assemblee-generale-de-lassociation-csapa-haut-frets\/#article\",\"isPartOf\":{\"@id\":\"https:\/\/vosgesinfo.fr\/gerardmerinfo\/2023\/03\/assemblee-generale-de-lassociation-csapa-haut-frets\/\"},\"author\":{\"name\":\"qs_admin\",\"@id\":\"https:\/\/vosgesinfo.fr\/gerardmerinfo\/#\/schema\/person\/bc5d02d71e6932e81b6dadb7386667b1\"},\"headline\":\"Assembl\u00e9e g\u00e9n\u00e9rale de l&rsquo;Association et CSAPA du Haut des Fr\u00eats\",\"datePublished\":\"2023-03-10T06:45:17+00:00\",\"dateModified\":\"2023-03-10T06:45:17+00:00\",\"mainEntityOfPage\":{\"@id\":\"https:\/\/vosgesinfo.fr\/gerardmerinfo\/2023\/03\/assemblee-generale-de-lassociation-csapa-haut-frets\/\"},\"wordCount\":178,\"commentCount\":0,\"publisher\":{\"@id\":\"https:\/\/vosgesinfo.fr\/gerardmerinfo\/#organization\"},\"image\":{\"@id\":\"https:\/\/vosgesinfo.fr\/gerardmerinfo\/2023\/03\/assemblee-generale-de-lassociation-csapa-haut-frets\/#primaryimage\"},\"thumbnailUrl\":\"https:\/\/vosgesinfo.fr\/app\/uploads\/sites\/6\/2024\/07\/202303haut-des-frets-association-des-amis-de-martinpre-ctr-haut-des-frets.png\",\"keywords\":[\"Haut des Frets\",\"Martimpr\u00e9\"],\"articleSection\":[\"A la une\",\"Soci\u00e9t\u00e9\",\"Vie Associative\",\"Vosges\"],\"inLanguage\":\"fr-FR\",\"potentialAction\":[{\"@type\":\"CommentAction\",\"name\":\"Comment\",\"target\":[\"https:\/\/vosgesinfo.fr\/gerardmerinfo\/2023\/03\/assemblee-generale-de-lassociation-csapa-haut-frets\/#respond\"]}]},{\"@type\":\"WebPage\",\"@id\":\"https:\/\/vosgesinfo.fr\/gerardmerinfo\/2023\/03\/assemblee-generale-de-lassociation-csapa-haut-frets\/\",\"url\":\"https:\/\/vosgesinfo.fr\/gerardmerinfo\/2023\/03\/assemblee-generale-de-lassociation-csapa-haut-frets\/\",\"name\":\"Assembl\u00e9e g\u00e9n\u00e9rale de l'Association et CSAPA du Haut des Fr\u00eats - Gerardmer Info\",\"isPartOf\":{\"@id\":\"https:\/\/vosgesinfo.fr\/gerardmerinfo\/#website\"},\"primaryImageOfPage\":{\"@id\":\"https:\/\/vosgesinfo.fr\/gerardmerinfo\/2023\/03\/assemblee-generale-de-lassociation-csapa-haut-frets\/#primaryimage\"},\"image\":{\"@id\":\"https:\/\/vosgesinfo.fr\/gerardmerinfo\/2023\/03\/assemblee-generale-de-lassociation-csapa-haut-frets\/#primaryimage\"},\"thumbnailUrl\":\"https:\/\/vosgesinfo.fr\/app\/uploads\/sites\/6\/2024\/07\/202303haut-des-frets-association-des-amis-de-martinpre-ctr-haut-des-frets.png\",\"datePublished\":\"2023-03-10T06:45:17+00:00\",\"dateModified\":\"2023-03-10T06:45:17+00:00\",\"breadcrumb\":{\"@id\":\"https:\/\/vosgesinfo.fr\/gerardmerinfo\/2023\/03\/assemblee-generale-de-lassociation-csapa-haut-frets\/#breadcrumb\"},\"inLanguage\":\"fr-FR\",\"potentialAction\":[{\"@type\":\"ReadAction\",\"target\":[\"https:\/\/vosgesinfo.fr\/gerardmerinfo\/2023\/03\/assemblee-generale-de-lassociation-csapa-haut-frets\/\"]}]},{\"@type\":\"ImageObject\",\"inLanguage\":\"fr-FR\",\"@id\":\"https:\/\/vosgesinfo.fr\/gerardmerinfo\/2023\/03\/assemblee-generale-de-lassociation-csapa-haut-frets\/#primaryimage\",\"url\":\"https:\/\/vosgesinfo.fr\/app\/uploads\/sites\/6\/2024\/07\/202303haut-des-frets-association-des-amis-de-martinpre-ctr-haut-des-frets.png\",\"contentUrl\":\"https:\/\/vosgesinfo.fr\/app\/uploads\/sites\/6\/2024\/07\/202303haut-des-frets-association-des-amis-de-martinpre-ctr-haut-des-frets.png\",\"width\":660,\"height\":439},{\"@type\":\"BreadcrumbList\",\"@id\":\"https:\/\/vosgesinfo.fr\/gerardmerinfo\/2023\/03\/assemblee-generale-de-lassociation-csapa-haut-frets\/#breadcrumb\",\"itemListElement\":[{\"@type\":\"ListItem\",\"position\":1,\"name\":\"Home\",\"item\":\"https:\/\/vosgesinfo.fr\/gerardmerinfo\/\"},{\"@type\":\"ListItem\",\"position\":2,\"name\":\"Assembl\u00e9e g\u00e9n\u00e9rale de l&rsquo;Association et CSAPA du Haut des Fr\u00eats\"}]},{\"@type\":\"WebSite\",\"@id\":\"https:\/\/vosgesinfo.fr\/gerardmerinfo\/#website\",\"url\":\"https:\/\/vosgesinfo.fr\/gerardmerinfo\/\",\"name\":\"Gerardmer Info\",\"description\":\"Toute l&#039;actualit\u00e9 de G\u00e9rardmer\",\"publisher\":{\"@id\":\"https:\/\/vosgesinfo.fr\/gerardmerinfo\/#organization\"},\"alternateName\":\"Toute l'actualit\u00e9 de G\u00e9rardmer\",\"potentialAction\":[{\"@type\":\"SearchAction\",\"target\":{\"@type\":\"EntryPoint\",\"urlTemplate\":\"https:\/\/vosgesinfo.fr\/gerardmerinfo\/?s={search_term_string}\"},\"query-input\":\"required name=search_term_string\"}],\"inLanguage\":\"fr-FR\"},{\"@type\":\"Organization\",\"@id\":\"https:\/\/vosgesinfo.fr\/gerardmerinfo\/#organization\",\"name\":\"Gerardmer Info\",\"url\":\"https:\/\/vosgesinfo.fr\/gerardmerinfo\/\",\"logo\":{\"@type\":\"ImageObject\",\"inLanguage\":\"fr-FR\",\"@id\":\"https:\/\/vosgesinfo.fr\/gerardmerinfo\/#\/schema\/logo\/image\/\",\"url\":\"https:\/\/vosgesinfo.fr\/app\/uploads\/sites\/6\/2023\/08\/favicon-gerardmerinfo.png\",\"contentUrl\":\"https:\/\/vosgesinfo.fr\/app\/uploads\/sites\/6\/2023\/08\/favicon-gerardmerinfo.png\",\"width\":512,\"height\":512,\"caption\":\"Gerardmer Info\"},\"image\":{\"@id\":\"https:\/\/vosgesinfo.fr\/gerardmerinfo\/#\/schema\/logo\/image\/\"},\"sameAs\":[\"https:\/\/www.facebook.com\/profile.php?id=100049475262660\",\"https:\/\/x.com\/VosgesInfo88\",\"https:\/\/www.youtube.com\/@vosgesinfo\"]},{\"@type\":\"Person\",\"@id\":\"https:\/\/vosgesinfo.fr\/gerardmerinfo\/#\/schema\/person\/bc5d02d71e6932e81b6dadb7386667b1\",\"name\":\"qs_admin\",\"image\":{\"@type\":\"ImageObject\",\"inLanguage\":\"fr-FR\",\"@id\":\"https:\/\/vosgesinfo.fr\/gerardmerinfo\/#\/schema\/person\/image\/\",\"url\":\"https:\/\/secure.gravatar.com\/avatar\/94b18ee0ed79e4a42ea2f2931277b6841a8999fc6fde214600c78057cf1fe1de?s=96&d=mm&r=g\",\"contentUrl\":\"https:\/\/secure.gravatar.com\/avatar\/94b18ee0ed79e4a42ea2f2931277b6841a8999fc6fde214600c78057cf1fe1de?s=96&d=mm&r=g\",\"caption\":\"qs_admin\"},\"sameAs\":[\"https:\/\/vosgesinfo.fr\/wp\"],\"url\":\"https:\/\/vosgesinfo.fr\/gerardmerinfo\/author\/qs_admin\/\"}]}<\/script>\n<!-- \/ Yoast SEO plugin. -->","yoast_head_json":{"title":"Assembl\u00e9e g\u00e9n\u00e9rale de l'Association et CSAPA du Haut des Fr\u00eats - Gerardmer Info","robots":{"index":"index","follow":"follow","max-snippet":"max-snippet:-1","max-image-preview":"max-image-preview:large","max-video-preview":"max-video-preview:-1"},"canonical":"https:\/\/vosgesinfo.fr\/gerardmerinfo\/2023\/03\/assemblee-generale-de-lassociation-csapa-haut-frets\/","twitter_card":"summary_large_image","twitter_title":"Assembl\u00e9e g\u00e9n\u00e9rale de l'Association et CSAPA du Haut des Fr\u00eats - Gerardmer Info","twitter_description":"Afin de maintenir la solidit\u00e9 et la long\u00e9vit\u00e9 de l&rsquo;association des Amis de Martimpr\u00e9 qui s&rsquo;occupe des gens dont l&rsquo;alcool [&hellip;]","twitter_image":"https:\/\/vosgesinfo.fr\/app\/uploads\/sites\/6\/2024\/07\/202303haut-des-frets-association-des-amis-de-martinpre-ctr-haut-des-frets.png","twitter_creator":"@VosgesInfo88","twitter_site":"@VosgesInfo88","twitter_misc":{"\u00c9crit par":"qs_admin","Dur\u00e9e de lecture estim\u00e9e":"1 minute"},"schema":{"@context":"https:\/\/schema.org","@graph":[{"@type":"Article","@id":"https:\/\/vosgesinfo.fr\/gerardmerinfo\/2023\/03\/assemblee-generale-de-lassociation-csapa-haut-frets\/#article","isPartOf":{"@id":"https:\/\/vosgesinfo.fr\/gerardmerinfo\/2023\/03\/assemblee-generale-de-lassociation-csapa-haut-frets\/"},"author":{"name":"qs_admin","@id":"https:\/\/vosgesinfo.fr\/gerardmerinfo\/#\/schema\/person\/bc5d02d71e6932e81b6dadb7386667b1"},"headline":"Assembl\u00e9e g\u00e9n\u00e9rale de l&rsquo;Association et CSAPA du Haut des Fr\u00eats","datePublished":"2023-03-10T06:45:17+00:00","dateModified":"2023-03-10T06:45:17+00:00","mainEntityOfPage":{"@id":"https:\/\/vosgesinfo.fr\/gerardmerinfo\/2023\/03\/assemblee-generale-de-lassociation-csapa-haut-frets\/"},"wordCount":178,"commentCount":0,"publisher":{"@id":"https:\/\/vosgesinfo.fr\/gerardmerinfo\/#organization"},"image":{"@id":"https:\/\/vosgesinfo.fr\/gerardmerinfo\/2023\/03\/assemblee-generale-de-lassociation-csapa-haut-frets\/#primaryimage"},"thumbnailUrl":"https:\/\/vosgesinfo.fr\/app\/uploads\/sites\/6\/2024\/07\/202303haut-des-frets-association-des-amis-de-martinpre-ctr-haut-des-frets.png","keywords":["Haut des Frets","Martimpr\u00e9"],"articleSection":["A la une","Soci\u00e9t\u00e9","Vie Associative","Vosges"],"inLanguage":"fr-FR","potentialAction":[{"@type":"CommentAction","name":"Comment","target":["https:\/\/vosgesinfo.fr\/gerardmerinfo\/2023\/03\/assemblee-generale-de-lassociation-csapa-haut-frets\/#respond"]}]},{"@type":"WebPage","@id":"https:\/\/vosgesinfo.fr\/gerardmerinfo\/2023\/03\/assemblee-generale-de-lassociation-csapa-haut-frets\/","url":"https:\/\/vosgesinfo.fr\/gerardmerinfo\/2023\/03\/assemblee-generale-de-lassociation-csapa-haut-frets\/","name":"Assembl\u00e9e g\u00e9n\u00e9rale de l'Association et CSAPA du Haut des Fr\u00eats - Gerardmer Info","isPartOf":{"@id":"https:\/\/vosgesinfo.fr\/gerardmerinfo\/#website"},"primaryImageOfPage":{"@id":"https:\/\/vosgesinfo.fr\/gerardmerinfo\/2023\/03\/assemblee-generale-de-lassociation-csapa-haut-frets\/#primaryimage"},"image":{"@id":"https:\/\/vosgesinfo.fr\/gerardmerinfo\/2023\/03\/assemblee-generale-de-lassociation-csapa-haut-frets\/#primaryimage"},"thumbnailUrl":"https:\/\/vosgesinfo.fr\/app\/uploads\/sites\/6\/2024\/07\/202303haut-des-frets-association-des-amis-de-martinpre-ctr-haut-des-frets.png","datePublished":"2023-03-10T06:45:17+00:00","dateModified":"2023-03-10T06:45:17+00:00","breadcrumb":{"@id":"https:\/\/vosgesinfo.fr\/gerardmerinfo\/2023\/03\/assemblee-generale-de-lassociation-csapa-haut-frets\/#breadcrumb"},"inLanguage":"fr-FR","potentialAction":[{"@type":"ReadAction","target":["https:\/\/vosgesinfo.fr\/gerardmerinfo\/2023\/03\/assemblee-generale-de-lassociation-csapa-haut-frets\/"]}]},{"@type":"ImageObject","inLanguage":"fr-FR","@id":"https:\/\/vosgesinfo.fr\/gerardmerinfo\/2023\/03\/assemblee-generale-de-lassociation-csapa-haut-frets\/#primaryimage","url":"https:\/\/vosgesinfo.fr\/app\/uploads\/sites\/6\/2024\/07\/202303haut-des-frets-association-des-amis-de-martinpre-ctr-haut-des-frets.png","contentUrl":"https:\/\/vosgesinfo.fr\/app\/uploads\/sites\/6\/2024\/07\/202303haut-des-frets-association-des-amis-de-martinpre-ctr-haut-des-frets.png","width":660,"height":439},{"@type":"BreadcrumbList","@id":"https:\/\/vosgesinfo.fr\/gerardmerinfo\/2023\/03\/assemblee-generale-de-lassociation-csapa-haut-frets\/#breadcrumb","itemListElement":[{"@type":"ListItem","position":1,"name":"Home","item":"https:\/\/vosgesinfo.fr\/gerardmerinfo\/"},{"@type":"ListItem","position":2,"name":"Assembl\u00e9e g\u00e9n\u00e9rale de l&rsquo;Association et CSAPA du Haut des Fr\u00eats"}]},{"@type":"WebSite","@id":"https:\/\/vosgesinfo.fr\/gerardmerinfo\/#website","url":"https:\/\/vosgesinfo.fr\/gerardmerinfo\/","name":"Gerardmer Info","description":"Toute l&#039;actualit\u00e9 de G\u00e9rardmer","publisher":{"@id":"https:\/\/vosgesinfo.fr\/gerardmerinfo\/#organization"},"alternateName":"Toute l'actualit\u00e9 de G\u00e9rardmer","potentialAction":[{"@type":"SearchAction","target":{"@type":"EntryPoint","urlTemplate":"https:\/\/vosgesinfo.fr\/gerardmerinfo\/?s={search_term_string}"},"query-input":"required name=search_term_string"}],"inLanguage":"fr-FR"},{"@type":"Organization","@id":"https:\/\/vosgesinfo.fr\/gerardmerinfo\/#organization","name":"Gerardmer Info","url":"https:\/\/vosgesinfo.fr\/gerardmerinfo\/","logo":{"@type":"ImageObject","inLanguage":"fr-FR","@id":"https:\/\/vosgesinfo.fr\/gerardmerinfo\/#\/schema\/logo\/image\/","url":"https:\/\/vosgesinfo.fr\/app\/uploads\/sites\/6\/2023\/08\/favicon-gerardmerinfo.png","contentUrl":"https:\/\/vosgesinfo.fr\/app\/uploads\/sites\/6\/2023\/08\/favicon-gerardmerinfo.png","width":512,"height":512,"caption":"Gerardmer Info"},"image":{"@id":"https:\/\/vosgesinfo.fr\/gerardmerinfo\/#\/schema\/logo\/image\/"},"sameAs":["https:\/\/www.facebook.com\/profile.php?id=100049475262660","https:\/\/x.com\/VosgesInfo88","https:\/\/www.youtube.com\/@vosgesinfo"]},{"@type":"Person","@id":"https:\/\/vosgesinfo.fr\/gerardmerinfo\/#\/schema\/person\/bc5d02d71e6932e81b6dadb7386667b1","name":"qs_admin","image":{"@type":"ImageObject","inLanguage":"fr-FR","@id":"https:\/\/vosgesinfo.fr\/gerardmerinfo\/#\/schema\/person\/image\/","url":"https:\/\/secure.gravatar.com\/avatar\/94b18ee0ed79e4a42ea2f2931277b6841a8999fc6fde214600c78057cf1fe1de?s=96&d=mm&r=g","contentUrl":"https:\/\/secure.gravatar.com\/avatar\/94b18ee0ed79e4a42ea2f2931277b6841a8999fc6fde214600c78057cf1fe1de?s=96&d=mm&r=g","caption":"qs_admin"},"sameAs":["https:\/\/vosgesinfo.fr\/wp"],"url":"https:\/\/vosgesinfo.fr\/gerardmerinfo\/author\/qs_admin\/"}]}},"_links":{"self":[{"href":"https:\/\/vosgesinfo.fr\/gerardmerinfo\/wp-json\/wp\/v2\/posts\/65033","targetHints":{"allow":["GET"]}}],"collection":[{"href":"https:\/\/vosgesinfo.fr\/gerardmerinfo\/wp-json\/wp\/v2\/posts"}],"about":[{"href":"https:\/\/vosgesinfo.fr\/gerardmerinfo\/wp-json\/wp\/v2\/types\/post"}],"author":[{"embeddable":true,"href":"https:\/\/vosgesinfo.fr\/gerardmerinfo\/wp-json\/wp\/v2\/users\/1"}],"replies":[{"embeddable":true,"href":"https:\/\/vosgesinfo.fr\/gerardmerinfo\/wp-json\/wp\/v2\/comments?post=65033"}],"version-history":[{"count":0,"href":"https:\/\/vosgesinfo.fr\/gerardmerinfo\/wp-json\/wp\/v2\/posts\/65033\/revisions"}],"wp:featuredmedia":[{"embeddable":true,"href":"https:\/\/vosgesinfo.fr\/gerardmerinfo\/wp-json\/wp\/v2\/media\/65034"}],"wp:attachment":[{"href":"https:\/\/vosgesinfo.fr\/gerardmerinfo\/wp-json\/wp\/v2\/media?parent=65033"}],"wp:term":[{"taxonomy":"category","embeddable":true,"href":"https:\/\/vosgesinfo.fr\/gerardmerinfo\/wp-json\/wp\/v2\/categories?post=65033"},{"taxonomy":"post_tag","embeddable":true,"href":"https:\/\/vosgesinfo.fr\/gerardmerinfo\/wp-json\/wp\/v2\/tags?post=65033"}],"curies":[{"name":"wp","href":"https:\/\/api.w.org\/{rel}","templated":true}]}}