{"id":65042,"date":"2023-03-09T13:38:51","date_gmt":"2023-03-09T12:38:51","guid":{"rendered":"https:\/\/vosgesinfo.fr\/gerardmerinfo\/2023\/03\/concert-naudin-breaking-crew-a-mcl-de-gerardmer\/"},"modified":"2023-03-09T13:38:51","modified_gmt":"2023-03-09T12:38:51","slug":"concert-naudin-breaking-crew-a-mcl-de-gerardmer","status":"publish","type":"post","link":"https:\/\/vosgesinfo.fr\/gerardmerinfo\/2023\/03\/concert-naudin-breaking-crew-a-mcl-de-gerardmer\/","title":{"rendered":"CONCERT Naudin + Breaking-Crew \u00e0 la MCL de G\u00e9rardmer"},"content":{"rendered":"<div class=\"x_gmail-x1e56ztr x_gmail-x1xmf6yo\"><strong><span class=\"x_gmail-x193iq5w x_gmail-xeuugli x_gmail-x13faqbe x_gmail-x1vvkbs x_gmail-xlh3980 x_gmail-xvmahel x_gmail-x1n0sxbx x_gmail-x1lliihq x_gmail-x1s928wv x_gmail-xhkezso x_gmail-x1gmr53x x_gmail-x1cpjm7i x_gmail-x1fgarty x_gmail-x1943h6x x_gmail-x4zkp8e x_gmail-x3x7a5m x_gmail-x6prxxf x_gmail-xvq8zen x_gmail-x1xlr1w8 x_gmail-x1a1m0xk x_gmail-x1yc453h\" dir=\"auto\">Vendredi 17 MARS 2023 la commission musiques actuelles de la <\/span><\/strong><span class=\"x_gmail-x193iq5w x_gmail-xeuugli x_gmail-x13faqbe x_gmail-x1vvkbs x_gmail-xlh3980 x_gmail-xvmahel x_gmail-x1n0sxbx x_gmail-x1lliihq x_gmail-x1s928wv x_gmail-xhkezso x_gmail-x1gmr53x x_gmail-x1cpjm7i x_gmail-x1fgarty x_gmail-x1943h6x x_gmail-x4zkp8e x_gmail-x3x7a5m x_gmail-x6prxxf x_gmail-xvq8zen x_gmail-x1xlr1w8 x_gmail-x1a1m0xk x_gmail-x1yc453h\" dir=\"auto\"><strong>MCL vous propose une soir\u00e9e plac\u00e9e sous le signe du hip hop avec Naudin et le Breaking Crew.<\/strong><br \/>\n<\/span><\/div>\n<div class=\"x_gmail-x1e56ztr x_gmail-x1xmf6yo\">\n<div class=\"x_gmail-x11i5rnm x_gmail-xat24cr x_gmail-x1mh8g0r x_gmail-x1vvkbs x_gmail-xdj266r\"><\/div>\n<div class=\"x_gmail-x11i5rnm x_gmail-xat24cr x_gmail-x1mh8g0r x_gmail-x1vvkbs x_gmail-xtlvy1s\"><strong><a href=\"\/2023\/03\/Naudin.jpg\"><img decoding=\"async\" class=\"alignright size-medium wp-image-202223\" src=\"\/2023\/03\/Naudin-255x255.jpg\" alt=\"Naudin\" width=\"255\" height=\"255\" \/><\/a>NAUDIN<\/strong>, c\u2019est un style, une personnalit\u00e9 et une musicalit\u00e9 unique. Une identit\u00e9 forg\u00e9e par le cin\u00e9ma des ann\u00e9es soixante dix : ses musiques, ses acteurs, ses fringues et ses bagnoles. Du pass\u00e9 dans le pr\u00e9sent, du hip hop dans la Simca.<br \/>\nNAUDIN, en hommage \u00e0 Lino Ventura dans Les Tontons Flingueurs, nous livre une \u00e9clatante vir\u00e9e musicale, tint\u00e9e de textes tr\u00e8s personnels et de savoureuses fictions r\u00e9tro. Naudin son univers \u00e0 lui ce sont les 30 glorieuses, les films de Lautner, de Melville, de Corneau, les flics, les voyous, les vieilles bagnoles, la litt\u00e9rature fleurie et argotique de Boudard ou de Blondin, les musiques de films de De Roubaix, de Colombier&#8230; Celles qui sont dans l\u2019inconscient collectif et qui nous aspire dans un tourbillon de nostalgie \u00e0 l\u2019\u00e9coute de la premi\u00e8re note. Mais c\u2019est aussi un artiste qui vit avec son temps et qui en pince pour le rap contemporain, la gymnastique des mots, la rime et les punchlines!<br \/>\n\u00c9couter Naudin, c\u2019est comme avoir un casque bluetooth dernier cri sur les oreilles en contemplant une carte postale surann\u00e9e d\u2019une \u00e9poque r\u00e9volue et fantasm\u00e9e.<br \/>\nUne crois\u00e9e des genres qui nous transporte dans un univers unique.<\/div>\n<div class=\"x_gmail-x11i5rnm x_gmail-xat24cr x_gmail-x1mh8g0r x_gmail-x1vvkbs x_gmail-xtlvy1s\"><strong><a href=\"\/2023\/03\/330953610_1351493188729480_8598706449070827524_n.jpg\"><img decoding=\"async\" class=\"alignright size-medium wp-image-202222\" src=\"\/2023\/03\/330953610_1351493188729480_8598706449070827524_n-383x255.jpg\" alt=\"330953610_1351493188729480_8598706449070827524_n\" width=\"383\" height=\"255\" \/><\/a><\/strong><\/div>\n<div class=\"x_gmail-x11i5rnm x_gmail-xat24cr x_gmail-x1mh8g0r x_gmail-x1vvkbs x_gmail-xtlvy1s\"><strong>+ Breaking-Crew<\/strong><br \/>\nUne jeune association, un groupe, compos\u00e9e de danseurs de hip-hop passionn\u00e9s depuis plusieurs ann\u00e9es.<br \/>\nEnsemble, ils souhaitent faire d\u00e9couvrir et faire \u00e9voluer la culture hip-hop dans le d\u00e9partement.<br \/>\nD\u00e9couvrez leur cr\u00e9ation artistique bas\u00e9e sur les acrobaties et diff\u00e9rents tableaux.<br \/>\nUn groupe dynamique, synchronis\u00e9, avec une \u00e9nergie incroyable !<br \/>\n\u00c0 ne pas manquer&#8230;<\/div>\n<div class=\"x_gmail-x11i5rnm x_gmail-xat24cr x_gmail-x1mh8g0r x_gmail-x1vvkbs x_gmail-xtlvy1s\"><\/div>\n<div class=\"x_gmail-x11i5rnm x_gmail-xat24cr x_gmail-x1mh8g0r x_gmail-x1vvkbs x_gmail-xtlvy1s\">Tarifs : 8 \u20ac \/ 6 \u20ac adh\u00e9rents MCL \/ 3 \u20ac moins de 12 ans<\/div>\n<div class=\"x_gmail-x11i5rnm x_gmail-xat24cr x_gmail-x1mh8g0r x_gmail-x1vvkbs x_gmail-xtlvy1s\">Lien vers la billetterie :<\/div>\n<div class=\"x_gmail-x11i5rnm x_gmail-xat24cr x_gmail-x1mh8g0r x_gmail-x1vvkbs x_gmail-xtlvy1s\"><a href=\"https:\/\/web.digitick.com\/naudin-breaking-crew-concert-mcl-gerardmer-17-mars-2023-css5-mclgerardmer-pg101-ri9513429.html\" target=\"_blank\" rel=\"noopener noreferrer\" data-auth=\"NotApplicable\" data-linkindex=\"0\">Billetterie Concert NAUDIN<\/a><\/div>\n<div class=\"x_gmail-x11i5rnm x_gmail-xat24cr x_gmail-x1mh8g0r x_gmail-x1vvkbs x_gmail-xtlvy1s\"><\/div>\n<div class=\"x_gmail-x11i5rnm x_gmail-xat24cr x_gmail-x1mh8g0r x_gmail-x1vvkbs x_gmail-xtlvy1s\">Lien vers l&rsquo;\u00e9v\u00e9nement Facebook :<\/div>\n<div class=\"x_gmail-x11i5rnm x_gmail-xat24cr x_gmail-x1mh8g0r x_gmail-x1vvkbs x_gmail-xtlvy1s\"><a href=\"https:\/\/www.facebook.com\/events\/3465260890379375\" target=\"_blank\" rel=\"noopener noreferrer\" data-auth=\"NotApplicable\" data-linkindex=\"1\">Naudin sur Facebook<\/a><\/div>\n<div class=\"x_gmail-x11i5rnm x_gmail-xat24cr x_gmail-x1mh8g0r x_gmail-x1vvkbs x_gmail-xtlvy1s\"><\/div>\n<div class=\"x_gmail-x11i5rnm x_gmail-xat24cr x_gmail-x1mh8g0r x_gmail-x1vvkbs x_gmail-xtlvy1s\">Lien vers un extrait vid\u00e9o :<\/div>\n<div class=\"x_gmail-x11i5rnm x_gmail-xat24cr x_gmail-x1mh8g0r x_gmail-x1vvkbs x_gmail-xtlvy1s\"><a href=\"https:\/\/youtu.be\/YZC54PdJtUE\" target=\"_blank\" rel=\"noopener noreferrer\" data-auth=\"NotApplicable\" data-linkindex=\"2\">Extrait vid\u00e9o<\/a><\/div>\n<h1 class=\"x_gmail-x1heor9g x_gmail-x1qlqyl8 x_gmail-x1pd3egz x_gmail-x1a2a7pz x_gmail-x193iq5w x_gmail-xeuugli\" dir=\"auto\"><span class=\"x_gmail-x193iq5w x_gmail-xeuugli x_gmail-x13faqbe x_gmail-x1vvkbs x_gmail-xlh3980 x_gmail-xvmahel x_gmail-x1n0sxbx x_gmail-x1lliihq x_gmail-x1s928wv x_gmail-xhkezso x_gmail-x1gmr53x x_gmail-x1cpjm7i x_gmail-x1fgarty x_gmail-x1943h6x x_gmail-xtoi2st x_gmail-xw06pyt x_gmail-x1q74xe4 x_gmail-xyesn5m x_gmail-x1xlr1w8 x_gmail-xzsf02u x_gmail-x1yc453h\" dir=\"auto\"><span class=\"x_gmail-x1lliihq x_gmail-x6ikm8r x_gmail-x10wlt62 x_gmail-x1n2onr6\"><span class=\"x_gmail-\">\u00a0<\/span><\/span><\/span><\/h1>\n<\/div>\n","protected":false},"excerpt":{"rendered":"<p>Vendredi 17 MARS 2023 la commission musiques actuelles de la MCL vous propose une soir\u00e9e plac\u00e9e sous le signe du [&hellip;]<\/p>\n","protected":false},"author":1,"featured_media":65043,"comment_status":"open","ping_status":"open","sticky":false,"template":"","format":"standard","meta":{"footnotes":""},"categories":[20,34,4,25],"tags":[103,5445],"class_list":["post-65042","post","type-post","status-publish","format-standard","has-post-thumbnail","hentry","category-a-la-une","category-concert","category-culture","category-gerardmer","tag-mcl-gerardmer","tag-naudin"],"acf":[],"yoast_head":"<!-- This site is optimized with the Yoast SEO plugin v22.5 - https:\/\/yoast.com\/wordpress\/plugins\/seo\/ -->\n<title>CONCERT Naudin + Breaking-Crew \u00e0 la MCL de G\u00e9rardmer - Gerardmer Info<\/title>\n<meta name=\"robots\" content=\"index, follow, max-snippet:-1, max-image-preview:large, max-video-preview:-1\" \/>\n<link rel=\"canonical\" href=\"https:\/\/vosgesinfo.fr\/gerardmerinfo\/2023\/03\/concert-naudin-breaking-crew-a-mcl-de-gerardmer\/\" \/>\n<meta name=\"twitter:card\" content=\"summary_large_image\" \/>\n<meta name=\"twitter:title\" content=\"CONCERT Naudin + Breaking-Crew \u00e0 la MCL de G\u00e9rardmer - Gerardmer Info\" \/>\n<meta name=\"twitter:description\" content=\"Vendredi 17 MARS 2023 la commission musiques actuelles de la MCL vous propose une soir\u00e9e plac\u00e9e sous le signe du [&hellip;]\" \/>\n<meta name=\"twitter:image\" content=\"https:\/\/vosgesinfo.fr\/app\/uploads\/sites\/6\/2024\/07\/202303naudin.jpg\" \/>\n<meta name=\"twitter:creator\" content=\"@VosgesInfo88\" \/>\n<meta name=\"twitter:site\" content=\"@VosgesInfo88\" \/>\n<meta name=\"twitter:label1\" content=\"\u00c9crit par\" \/>\n\t<meta name=\"twitter:data1\" content=\"qs_admin\" \/>\n\t<meta name=\"twitter:label2\" content=\"Dur\u00e9e de lecture estim\u00e9e\" \/>\n\t<meta name=\"twitter:data2\" content=\"2 minutes\" \/>\n<script type=\"application\/ld+json\" class=\"yoast-schema-graph\">{\"@context\":\"https:\/\/schema.org\",\"@graph\":[{\"@type\":\"Article\",\"@id\":\"https:\/\/vosgesinfo.fr\/gerardmerinfo\/2023\/03\/concert-naudin-breaking-crew-a-mcl-de-gerardmer\/#article\",\"isPartOf\":{\"@id\":\"https:\/\/vosgesinfo.fr\/gerardmerinfo\/2023\/03\/concert-naudin-breaking-crew-a-mcl-de-gerardmer\/\"},\"author\":{\"name\":\"qs_admin\",\"@id\":\"https:\/\/vosgesinfo.fr\/gerardmerinfo\/#\/schema\/person\/bc5d02d71e6932e81b6dadb7386667b1\"},\"headline\":\"CONCERT Naudin + Breaking-Crew \u00e0 la MCL de G\u00e9rardmer\",\"datePublished\":\"2023-03-09T12:38:51+00:00\",\"dateModified\":\"2023-03-09T12:38:51+00:00\",\"mainEntityOfPage\":{\"@id\":\"https:\/\/vosgesinfo.fr\/gerardmerinfo\/2023\/03\/concert-naudin-breaking-crew-a-mcl-de-gerardmer\/\"},\"wordCount\":337,\"commentCount\":0,\"publisher\":{\"@id\":\"https:\/\/vosgesinfo.fr\/gerardmerinfo\/#organization\"},\"image\":{\"@id\":\"https:\/\/vosgesinfo.fr\/gerardmerinfo\/2023\/03\/concert-naudin-breaking-crew-a-mcl-de-gerardmer\/#primaryimage\"},\"thumbnailUrl\":\"https:\/\/vosgesinfo.fr\/app\/uploads\/sites\/6\/2024\/07\/202303naudin.jpg\",\"keywords\":[\"MCL G\u00e9rardmer\",\"Naudin\"],\"articleSection\":[\"A la une\",\"Concert\",\"Culture\",\"G\u00e9rardmer\"],\"inLanguage\":\"fr-FR\",\"potentialAction\":[{\"@type\":\"CommentAction\",\"name\":\"Comment\",\"target\":[\"https:\/\/vosgesinfo.fr\/gerardmerinfo\/2023\/03\/concert-naudin-breaking-crew-a-mcl-de-gerardmer\/#respond\"]}]},{\"@type\":\"WebPage\",\"@id\":\"https:\/\/vosgesinfo.fr\/gerardmerinfo\/2023\/03\/concert-naudin-breaking-crew-a-mcl-de-gerardmer\/\",\"url\":\"https:\/\/vosgesinfo.fr\/gerardmerinfo\/2023\/03\/concert-naudin-breaking-crew-a-mcl-de-gerardmer\/\",\"name\":\"CONCERT Naudin + Breaking-Crew \u00e0 la MCL de G\u00e9rardmer - Gerardmer Info\",\"isPartOf\":{\"@id\":\"https:\/\/vosgesinfo.fr\/gerardmerinfo\/#website\"},\"primaryImageOfPage\":{\"@id\":\"https:\/\/vosgesinfo.fr\/gerardmerinfo\/2023\/03\/concert-naudin-breaking-crew-a-mcl-de-gerardmer\/#primaryimage\"},\"image\":{\"@id\":\"https:\/\/vosgesinfo.fr\/gerardmerinfo\/2023\/03\/concert-naudin-breaking-crew-a-mcl-de-gerardmer\/#primaryimage\"},\"thumbnailUrl\":\"https:\/\/vosgesinfo.fr\/app\/uploads\/sites\/6\/2024\/07\/202303naudin.jpg\",\"datePublished\":\"2023-03-09T12:38:51+00:00\",\"dateModified\":\"2023-03-09T12:38:51+00:00\",\"breadcrumb\":{\"@id\":\"https:\/\/vosgesinfo.fr\/gerardmerinfo\/2023\/03\/concert-naudin-breaking-crew-a-mcl-de-gerardmer\/#breadcrumb\"},\"inLanguage\":\"fr-FR\",\"potentialAction\":[{\"@type\":\"ReadAction\",\"target\":[\"https:\/\/vosgesinfo.fr\/gerardmerinfo\/2023\/03\/concert-naudin-breaking-crew-a-mcl-de-gerardmer\/\"]}]},{\"@type\":\"ImageObject\",\"inLanguage\":\"fr-FR\",\"@id\":\"https:\/\/vosgesinfo.fr\/gerardmerinfo\/2023\/03\/concert-naudin-breaking-crew-a-mcl-de-gerardmer\/#primaryimage\",\"url\":\"https:\/\/vosgesinfo.fr\/app\/uploads\/sites\/6\/2024\/07\/202303naudin.jpg\",\"contentUrl\":\"https:\/\/vosgesinfo.fr\/app\/uploads\/sites\/6\/2024\/07\/202303naudin.jpg\",\"width\":2000,\"height\":2000},{\"@type\":\"BreadcrumbList\",\"@id\":\"https:\/\/vosgesinfo.fr\/gerardmerinfo\/2023\/03\/concert-naudin-breaking-crew-a-mcl-de-gerardmer\/#breadcrumb\",\"itemListElement\":[{\"@type\":\"ListItem\",\"position\":1,\"name\":\"Home\",\"item\":\"https:\/\/vosgesinfo.fr\/gerardmerinfo\/\"},{\"@type\":\"ListItem\",\"position\":2,\"name\":\"CONCERT Naudin + Breaking-Crew \u00e0 la MCL de G\u00e9rardmer\"}]},{\"@type\":\"WebSite\",\"@id\":\"https:\/\/vosgesinfo.fr\/gerardmerinfo\/#website\",\"url\":\"https:\/\/vosgesinfo.fr\/gerardmerinfo\/\",\"name\":\"Gerardmer Info\",\"description\":\"Toute l&#039;actualit\u00e9 de G\u00e9rardmer\",\"publisher\":{\"@id\":\"https:\/\/vosgesinfo.fr\/gerardmerinfo\/#organization\"},\"alternateName\":\"Toute l'actualit\u00e9 de G\u00e9rardmer\",\"potentialAction\":[{\"@type\":\"SearchAction\",\"target\":{\"@type\":\"EntryPoint\",\"urlTemplate\":\"https:\/\/vosgesinfo.fr\/gerardmerinfo\/?s={search_term_string}\"},\"query-input\":\"required name=search_term_string\"}],\"inLanguage\":\"fr-FR\"},{\"@type\":\"Organization\",\"@id\":\"https:\/\/vosgesinfo.fr\/gerardmerinfo\/#organization\",\"name\":\"Gerardmer Info\",\"url\":\"https:\/\/vosgesinfo.fr\/gerardmerinfo\/\",\"logo\":{\"@type\":\"ImageObject\",\"inLanguage\":\"fr-FR\",\"@id\":\"https:\/\/vosgesinfo.fr\/gerardmerinfo\/#\/schema\/logo\/image\/\",\"url\":\"https:\/\/vosgesinfo.fr\/app\/uploads\/sites\/6\/2023\/08\/favicon-gerardmerinfo.png\",\"contentUrl\":\"https:\/\/vosgesinfo.fr\/app\/uploads\/sites\/6\/2023\/08\/favicon-gerardmerinfo.png\",\"width\":512,\"height\":512,\"caption\":\"Gerardmer Info\"},\"image\":{\"@id\":\"https:\/\/vosgesinfo.fr\/gerardmerinfo\/#\/schema\/logo\/image\/\"},\"sameAs\":[\"https:\/\/www.facebook.com\/profile.php?id=100049475262660\",\"https:\/\/x.com\/VosgesInfo88\",\"https:\/\/www.youtube.com\/@vosgesinfo\"]},{\"@type\":\"Person\",\"@id\":\"https:\/\/vosgesinfo.fr\/gerardmerinfo\/#\/schema\/person\/bc5d02d71e6932e81b6dadb7386667b1\",\"name\":\"qs_admin\",\"image\":{\"@type\":\"ImageObject\",\"inLanguage\":\"fr-FR\",\"@id\":\"https:\/\/vosgesinfo.fr\/gerardmerinfo\/#\/schema\/person\/image\/\",\"url\":\"https:\/\/secure.gravatar.com\/avatar\/94b18ee0ed79e4a42ea2f2931277b6841a8999fc6fde214600c78057cf1fe1de?s=96&d=mm&r=g\",\"contentUrl\":\"https:\/\/secure.gravatar.com\/avatar\/94b18ee0ed79e4a42ea2f2931277b6841a8999fc6fde214600c78057cf1fe1de?s=96&d=mm&r=g\",\"caption\":\"qs_admin\"},\"sameAs\":[\"https:\/\/vosgesinfo.fr\/wp\"],\"url\":\"https:\/\/vosgesinfo.fr\/gerardmerinfo\/author\/qs_admin\/\"}]}<\/script>\n<!-- \/ Yoast SEO plugin. -->","yoast_head_json":{"title":"CONCERT Naudin + Breaking-Crew \u00e0 la MCL de G\u00e9rardmer - Gerardmer Info","robots":{"index":"index","follow":"follow","max-snippet":"max-snippet:-1","max-image-preview":"max-image-preview:large","max-video-preview":"max-video-preview:-1"},"canonical":"https:\/\/vosgesinfo.fr\/gerardmerinfo\/2023\/03\/concert-naudin-breaking-crew-a-mcl-de-gerardmer\/","twitter_card":"summary_large_image","twitter_title":"CONCERT Naudin + Breaking-Crew \u00e0 la MCL de G\u00e9rardmer - Gerardmer Info","twitter_description":"Vendredi 17 MARS 2023 la commission musiques actuelles de la MCL vous propose une soir\u00e9e plac\u00e9e sous le signe du [&hellip;]","twitter_image":"https:\/\/vosgesinfo.fr\/app\/uploads\/sites\/6\/2024\/07\/202303naudin.jpg","twitter_creator":"@VosgesInfo88","twitter_site":"@VosgesInfo88","twitter_misc":{"\u00c9crit par":"qs_admin","Dur\u00e9e de lecture estim\u00e9e":"2 minutes"},"schema":{"@context":"https:\/\/schema.org","@graph":[{"@type":"Article","@id":"https:\/\/vosgesinfo.fr\/gerardmerinfo\/2023\/03\/concert-naudin-breaking-crew-a-mcl-de-gerardmer\/#article","isPartOf":{"@id":"https:\/\/vosgesinfo.fr\/gerardmerinfo\/2023\/03\/concert-naudin-breaking-crew-a-mcl-de-gerardmer\/"},"author":{"name":"qs_admin","@id":"https:\/\/vosgesinfo.fr\/gerardmerinfo\/#\/schema\/person\/bc5d02d71e6932e81b6dadb7386667b1"},"headline":"CONCERT Naudin + Breaking-Crew \u00e0 la MCL de G\u00e9rardmer","datePublished":"2023-03-09T12:38:51+00:00","dateModified":"2023-03-09T12:38:51+00:00","mainEntityOfPage":{"@id":"https:\/\/vosgesinfo.fr\/gerardmerinfo\/2023\/03\/concert-naudin-breaking-crew-a-mcl-de-gerardmer\/"},"wordCount":337,"commentCount":0,"publisher":{"@id":"https:\/\/vosgesinfo.fr\/gerardmerinfo\/#organization"},"image":{"@id":"https:\/\/vosgesinfo.fr\/gerardmerinfo\/2023\/03\/concert-naudin-breaking-crew-a-mcl-de-gerardmer\/#primaryimage"},"thumbnailUrl":"https:\/\/vosgesinfo.fr\/app\/uploads\/sites\/6\/2024\/07\/202303naudin.jpg","keywords":["MCL G\u00e9rardmer","Naudin"],"articleSection":["A la une","Concert","Culture","G\u00e9rardmer"],"inLanguage":"fr-FR","potentialAction":[{"@type":"CommentAction","name":"Comment","target":["https:\/\/vosgesinfo.fr\/gerardmerinfo\/2023\/03\/concert-naudin-breaking-crew-a-mcl-de-gerardmer\/#respond"]}]},{"@type":"WebPage","@id":"https:\/\/vosgesinfo.fr\/gerardmerinfo\/2023\/03\/concert-naudin-breaking-crew-a-mcl-de-gerardmer\/","url":"https:\/\/vosgesinfo.fr\/gerardmerinfo\/2023\/03\/concert-naudin-breaking-crew-a-mcl-de-gerardmer\/","name":"CONCERT Naudin + Breaking-Crew \u00e0 la MCL de G\u00e9rardmer - Gerardmer Info","isPartOf":{"@id":"https:\/\/vosgesinfo.fr\/gerardmerinfo\/#website"},"primaryImageOfPage":{"@id":"https:\/\/vosgesinfo.fr\/gerardmerinfo\/2023\/03\/concert-naudin-breaking-crew-a-mcl-de-gerardmer\/#primaryimage"},"image":{"@id":"https:\/\/vosgesinfo.fr\/gerardmerinfo\/2023\/03\/concert-naudin-breaking-crew-a-mcl-de-gerardmer\/#primaryimage"},"thumbnailUrl":"https:\/\/vosgesinfo.fr\/app\/uploads\/sites\/6\/2024\/07\/202303naudin.jpg","datePublished":"2023-03-09T12:38:51+00:00","dateModified":"2023-03-09T12:38:51+00:00","breadcrumb":{"@id":"https:\/\/vosgesinfo.fr\/gerardmerinfo\/2023\/03\/concert-naudin-breaking-crew-a-mcl-de-gerardmer\/#breadcrumb"},"inLanguage":"fr-FR","potentialAction":[{"@type":"ReadAction","target":["https:\/\/vosgesinfo.fr\/gerardmerinfo\/2023\/03\/concert-naudin-breaking-crew-a-mcl-de-gerardmer\/"]}]},{"@type":"ImageObject","inLanguage":"fr-FR","@id":"https:\/\/vosgesinfo.fr\/gerardmerinfo\/2023\/03\/concert-naudin-breaking-crew-a-mcl-de-gerardmer\/#primaryimage","url":"https:\/\/vosgesinfo.fr\/app\/uploads\/sites\/6\/2024\/07\/202303naudin.jpg","contentUrl":"https:\/\/vosgesinfo.fr\/app\/uploads\/sites\/6\/2024\/07\/202303naudin.jpg","width":2000,"height":2000},{"@type":"BreadcrumbList","@id":"https:\/\/vosgesinfo.fr\/gerardmerinfo\/2023\/03\/concert-naudin-breaking-crew-a-mcl-de-gerardmer\/#breadcrumb","itemListElement":[{"@type":"ListItem","position":1,"name":"Home","item":"https:\/\/vosgesinfo.fr\/gerardmerinfo\/"},{"@type":"ListItem","position":2,"name":"CONCERT Naudin + Breaking-Crew \u00e0 la MCL de G\u00e9rardmer"}]},{"@type":"WebSite","@id":"https:\/\/vosgesinfo.fr\/gerardmerinfo\/#website","url":"https:\/\/vosgesinfo.fr\/gerardmerinfo\/","name":"Gerardmer Info","description":"Toute l&#039;actualit\u00e9 de G\u00e9rardmer","publisher":{"@id":"https:\/\/vosgesinfo.fr\/gerardmerinfo\/#organization"},"alternateName":"Toute l'actualit\u00e9 de G\u00e9rardmer","potentialAction":[{"@type":"SearchAction","target":{"@type":"EntryPoint","urlTemplate":"https:\/\/vosgesinfo.fr\/gerardmerinfo\/?s={search_term_string}"},"query-input":"required name=search_term_string"}],"inLanguage":"fr-FR"},{"@type":"Organization","@id":"https:\/\/vosgesinfo.fr\/gerardmerinfo\/#organization","name":"Gerardmer Info","url":"https:\/\/vosgesinfo.fr\/gerardmerinfo\/","logo":{"@type":"ImageObject","inLanguage":"fr-FR","@id":"https:\/\/vosgesinfo.fr\/gerardmerinfo\/#\/schema\/logo\/image\/","url":"https:\/\/vosgesinfo.fr\/app\/uploads\/sites\/6\/2023\/08\/favicon-gerardmerinfo.png","contentUrl":"https:\/\/vosgesinfo.fr\/app\/uploads\/sites\/6\/2023\/08\/favicon-gerardmerinfo.png","width":512,"height":512,"caption":"Gerardmer Info"},"image":{"@id":"https:\/\/vosgesinfo.fr\/gerardmerinfo\/#\/schema\/logo\/image\/"},"sameAs":["https:\/\/www.facebook.com\/profile.php?id=100049475262660","https:\/\/x.com\/VosgesInfo88","https:\/\/www.youtube.com\/@vosgesinfo"]},{"@type":"Person","@id":"https:\/\/vosgesinfo.fr\/gerardmerinfo\/#\/schema\/person\/bc5d02d71e6932e81b6dadb7386667b1","name":"qs_admin","image":{"@type":"ImageObject","inLanguage":"fr-FR","@id":"https:\/\/vosgesinfo.fr\/gerardmerinfo\/#\/schema\/person\/image\/","url":"https:\/\/secure.gravatar.com\/avatar\/94b18ee0ed79e4a42ea2f2931277b6841a8999fc6fde214600c78057cf1fe1de?s=96&d=mm&r=g","contentUrl":"https:\/\/secure.gravatar.com\/avatar\/94b18ee0ed79e4a42ea2f2931277b6841a8999fc6fde214600c78057cf1fe1de?s=96&d=mm&r=g","caption":"qs_admin"},"sameAs":["https:\/\/vosgesinfo.fr\/wp"],"url":"https:\/\/vosgesinfo.fr\/gerardmerinfo\/author\/qs_admin\/"}]}},"_links":{"self":[{"href":"https:\/\/vosgesinfo.fr\/gerardmerinfo\/wp-json\/wp\/v2\/posts\/65042","targetHints":{"allow":["GET"]}}],"collection":[{"href":"https:\/\/vosgesinfo.fr\/gerardmerinfo\/wp-json\/wp\/v2\/posts"}],"about":[{"href":"https:\/\/vosgesinfo.fr\/gerardmerinfo\/wp-json\/wp\/v2\/types\/post"}],"author":[{"embeddable":true,"href":"https:\/\/vosgesinfo.fr\/gerardmerinfo\/wp-json\/wp\/v2\/users\/1"}],"replies":[{"embeddable":true,"href":"https:\/\/vosgesinfo.fr\/gerardmerinfo\/wp-json\/wp\/v2\/comments?post=65042"}],"version-history":[{"count":0,"href":"https:\/\/vosgesinfo.fr\/gerardmerinfo\/wp-json\/wp\/v2\/posts\/65042\/revisions"}],"wp:featuredmedia":[{"embeddable":true,"href":"https:\/\/vosgesinfo.fr\/gerardmerinfo\/wp-json\/wp\/v2\/media\/65043"}],"wp:attachment":[{"href":"https:\/\/vosgesinfo.fr\/gerardmerinfo\/wp-json\/wp\/v2\/media?parent=65042"}],"wp:term":[{"taxonomy":"category","embeddable":true,"href":"https:\/\/vosgesinfo.fr\/gerardmerinfo\/wp-json\/wp\/v2\/categories?post=65042"},{"taxonomy":"post_tag","embeddable":true,"href":"https:\/\/vosgesinfo.fr\/gerardmerinfo\/wp-json\/wp\/v2\/tags?post=65042"}],"curies":[{"name":"wp","href":"https:\/\/api.w.org\/{rel}","templated":true}]}}