{"id":65886,"date":"2023-04-18T07:47:25","date_gmt":"2023-04-18T05:47:25","guid":{"rendered":"https:\/\/vosgesinfo.fr\/gerardmerinfo\/2023\/04\/gerardmer-novosselytsia-jumelage-officialise-a-loccasion-de-fete-jonquilles\/"},"modified":"2023-04-18T07:47:25","modified_gmt":"2023-04-18T05:47:25","slug":"gerardmer-novosselytsia-jumelage-officialise-a-loccasion-de-fete-jonquilles","status":"publish","type":"post","link":"https:\/\/vosgesinfo.fr\/gerardmerinfo\/2023\/04\/gerardmer-novosselytsia-jumelage-officialise-a-loccasion-de-fete-jonquilles\/","title":{"rendered":"G\u00e9rardmer &#8211; Novosselytsia : un jumelage officialis\u00e9 \u00e0 l&rsquo;occasion de la F\u00eate des Jonquilles"},"content":{"rendered":"<div id=\"attachment_204040\" style=\"width: 970px\" class=\"wp-caption aligncenter\"><a href=\"\/2023\/04\/jumelage-g\u00e9rardmer-novosselytsia-2.jpeg\"><img decoding=\"async\" aria-describedby=\"caption-attachment-204040\" class=\"wp-image-204040 size-large\" src=\"\/2023\/04\/jumelage-g\u00e9rardmer-novosselytsia-2-1024x768.jpeg\" alt=\"jumelage g\u00e9rardmer novosselytsia (2)\" width=\"960\" height=\"720\" \/><\/a><p id=\"caption-attachment-204040\" class=\"wp-caption-text\">Ntalya Defranoux (en vert), Maria Nikorich (veste orange) et Stessy Speissmann.<\/p><\/div>\n<p>&nbsp;<\/p>\n<h2><span style=\"font-size: 12pt;\">Dans la matin\u00e9e de samedi, le maire de G\u00e9rardmer Stessy Speissmann Mozas a eu le plaisir d&rsquo;accueillir une d\u00e9l\u00e9gation ukrainienne invit\u00e9e dans le cadre de la F\u00eate des Jonquilles afin d\u2019officialiser le jumelage entre la perle des Vosges et Novosselytsia.<\/span><\/h2>\n<p><a href=\"\/2023\/04\/jumelage-g\u00e9rardmer-novosselytsia-1.jpg\"><img decoding=\"async\" class=\"alignright size-medium wp-image-204042\" src=\"\/2023\/04\/jumelage-g\u00e9rardmer-novosselytsia-1-339x255.jpg\" alt=\"jumelage g\u00e9rardmer novosselytsia (1)\" width=\"339\" height=\"255\" \/><\/a>Rappelons que G\u00e9rardmer avait tr\u00e8s rapidement marqu\u00e9 son soutien au peuple ukrainien en appuyant un convoie initi\u00e9 par Natalya Defranoux et ses proches et en instaurant un jumelage avec cette ville situ\u00e9e \u00e0 l\u2019Est du pays et proche de la fronti\u00e8re avec la Roumanie. Ce samedi, le premier magistrat a donc re\u00e7u son homologue ukrainienne Maria Nikorich accompagn\u00e9e de trois jeunes femmes et d&rsquo;une enseignante de fran\u00e7ais qui a pu faire office d&rsquo;interpr\u00e8te. La mairesse que l&rsquo;on a ensuite retrouv\u00e9 au d\u00e9part du corso fleuri ce dimanche pour lancer le d\u00e9part des festivit\u00e9s en compagnie des officiels. Dans les mois et les ann\u00e9es \u00e0 venir, on peut imaginer que ce jumelage se d\u00e9veloppera, \u00e0 l&rsquo;image de ceux qui sont entretenus avec Waremme et le Locle par exemple.<\/p>\n<p><a href=\"\/2023\/04\/jumelage-g\u00e9rardmer-novosselytsia-3.jpeg\"><img decoding=\"async\" class=\"aligncenter size-large wp-image-204041\" src=\"\/2023\/04\/jumelage-g\u00e9rardmer-novosselytsia-3-1024x768.jpeg\" alt=\"jumelage g\u00e9rardmer novosselytsia (3)\" width=\"960\" height=\"720\" \/><\/a><\/p>\n","protected":false},"excerpt":{"rendered":"<p>&nbsp; Dans la matin\u00e9e de samedi, le maire de G\u00e9rardmer Stessy Speissmann Mozas a eu le plaisir d&rsquo;accueillir une d\u00e9l\u00e9gation [&hellip;]<\/p>\n","protected":false},"author":42,"featured_media":65887,"comment_status":"open","ping_status":"open","sticky":false,"template":"","format":"standard","meta":{"footnotes":""},"categories":[20,25,13,26,18],"tags":[5510],"class_list":["post-65886","post","type-post","status-publish","format-standard","has-post-thumbnail","hentry","category-a-la-une","category-gerardmer","category-societe","category-solidarite","category-vosges","tag-novosselytsia"],"acf":[],"yoast_head":"<!-- This site is optimized with the Yoast SEO plugin v22.5 - https:\/\/yoast.com\/wordpress\/plugins\/seo\/ -->\n<title>G\u00e9rardmer - Novosselytsia : un jumelage officialis\u00e9 \u00e0 l&#039;occasion de la F\u00eate des Jonquilles - Gerardmer Info<\/title>\n<meta name=\"robots\" content=\"index, follow, max-snippet:-1, max-image-preview:large, max-video-preview:-1\" \/>\n<link rel=\"canonical\" href=\"https:\/\/vosgesinfo.fr\/gerardmerinfo\/2023\/04\/gerardmer-novosselytsia-jumelage-officialise-a-loccasion-de-fete-jonquilles\/\" \/>\n<meta name=\"twitter:card\" content=\"summary_large_image\" \/>\n<meta name=\"twitter:title\" content=\"G\u00e9rardmer - Novosselytsia : un jumelage officialis\u00e9 \u00e0 l&#039;occasion de la F\u00eate des Jonquilles - Gerardmer Info\" \/>\n<meta name=\"twitter:description\" content=\"&nbsp; Dans la matin\u00e9e de samedi, le maire de G\u00e9rardmer Stessy Speissmann Mozas a eu le plaisir d&rsquo;accueillir une d\u00e9l\u00e9gation [&hellip;]\" \/>\n<meta name=\"twitter:image\" content=\"https:\/\/vosgesinfo.fr\/app\/uploads\/sites\/6\/2024\/07\/202304jumelage-gerardmer-novosselytsia-3.jpeg\" \/>\n<meta name=\"twitter:creator\" content=\"@VosgesInfo88\" \/>\n<meta name=\"twitter:site\" content=\"@VosgesInfo88\" \/>\n<meta name=\"twitter:label1\" content=\"\u00c9crit par\" \/>\n\t<meta name=\"twitter:data1\" content=\"QG\" \/>\n\t<meta name=\"twitter:label2\" content=\"Dur\u00e9e de lecture estim\u00e9e\" \/>\n\t<meta name=\"twitter:data2\" content=\"1 minute\" \/>\n<script type=\"application\/ld+json\" class=\"yoast-schema-graph\">{\"@context\":\"https:\/\/schema.org\",\"@graph\":[{\"@type\":\"Article\",\"@id\":\"https:\/\/vosgesinfo.fr\/gerardmerinfo\/2023\/04\/gerardmer-novosselytsia-jumelage-officialise-a-loccasion-de-fete-jonquilles\/#article\",\"isPartOf\":{\"@id\":\"https:\/\/vosgesinfo.fr\/gerardmerinfo\/2023\/04\/gerardmer-novosselytsia-jumelage-officialise-a-loccasion-de-fete-jonquilles\/\"},\"author\":{\"name\":\"QG\",\"@id\":\"https:\/\/vosgesinfo.fr\/gerardmerinfo\/#\/schema\/person\/db5605779a843dad16b5368f3e7613a5\"},\"headline\":\"G\u00e9rardmer &#8211; Novosselytsia : un jumelage officialis\u00e9 \u00e0 l&rsquo;occasion de la F\u00eate des Jonquilles\",\"datePublished\":\"2023-04-18T05:47:25+00:00\",\"dateModified\":\"2023-04-18T05:47:25+00:00\",\"mainEntityOfPage\":{\"@id\":\"https:\/\/vosgesinfo.fr\/gerardmerinfo\/2023\/04\/gerardmer-novosselytsia-jumelage-officialise-a-loccasion-de-fete-jonquilles\/\"},\"wordCount\":224,\"commentCount\":0,\"publisher\":{\"@id\":\"https:\/\/vosgesinfo.fr\/gerardmerinfo\/#organization\"},\"image\":{\"@id\":\"https:\/\/vosgesinfo.fr\/gerardmerinfo\/2023\/04\/gerardmer-novosselytsia-jumelage-officialise-a-loccasion-de-fete-jonquilles\/#primaryimage\"},\"thumbnailUrl\":\"https:\/\/vosgesinfo.fr\/app\/uploads\/sites\/6\/2024\/07\/202304jumelage-gerardmer-novosselytsia-3.jpeg\",\"keywords\":[\"Novosselytsia\"],\"articleSection\":[\"A la une\",\"G\u00e9rardmer\",\"Soci\u00e9t\u00e9\",\"solidarit\u00e9\",\"Vosges\"],\"inLanguage\":\"fr-FR\",\"potentialAction\":[{\"@type\":\"CommentAction\",\"name\":\"Comment\",\"target\":[\"https:\/\/vosgesinfo.fr\/gerardmerinfo\/2023\/04\/gerardmer-novosselytsia-jumelage-officialise-a-loccasion-de-fete-jonquilles\/#respond\"]}]},{\"@type\":\"WebPage\",\"@id\":\"https:\/\/vosgesinfo.fr\/gerardmerinfo\/2023\/04\/gerardmer-novosselytsia-jumelage-officialise-a-loccasion-de-fete-jonquilles\/\",\"url\":\"https:\/\/vosgesinfo.fr\/gerardmerinfo\/2023\/04\/gerardmer-novosselytsia-jumelage-officialise-a-loccasion-de-fete-jonquilles\/\",\"name\":\"G\u00e9rardmer - Novosselytsia : un jumelage officialis\u00e9 \u00e0 l'occasion de la F\u00eate des Jonquilles - Gerardmer Info\",\"isPartOf\":{\"@id\":\"https:\/\/vosgesinfo.fr\/gerardmerinfo\/#website\"},\"primaryImageOfPage\":{\"@id\":\"https:\/\/vosgesinfo.fr\/gerardmerinfo\/2023\/04\/gerardmer-novosselytsia-jumelage-officialise-a-loccasion-de-fete-jonquilles\/#primaryimage\"},\"image\":{\"@id\":\"https:\/\/vosgesinfo.fr\/gerardmerinfo\/2023\/04\/gerardmer-novosselytsia-jumelage-officialise-a-loccasion-de-fete-jonquilles\/#primaryimage\"},\"thumbnailUrl\":\"https:\/\/vosgesinfo.fr\/app\/uploads\/sites\/6\/2024\/07\/202304jumelage-gerardmer-novosselytsia-3.jpeg\",\"datePublished\":\"2023-04-18T05:47:25+00:00\",\"dateModified\":\"2023-04-18T05:47:25+00:00\",\"breadcrumb\":{\"@id\":\"https:\/\/vosgesinfo.fr\/gerardmerinfo\/2023\/04\/gerardmer-novosselytsia-jumelage-officialise-a-loccasion-de-fete-jonquilles\/#breadcrumb\"},\"inLanguage\":\"fr-FR\",\"potentialAction\":[{\"@type\":\"ReadAction\",\"target\":[\"https:\/\/vosgesinfo.fr\/gerardmerinfo\/2023\/04\/gerardmer-novosselytsia-jumelage-officialise-a-loccasion-de-fete-jonquilles\/\"]}]},{\"@type\":\"ImageObject\",\"inLanguage\":\"fr-FR\",\"@id\":\"https:\/\/vosgesinfo.fr\/gerardmerinfo\/2023\/04\/gerardmer-novosselytsia-jumelage-officialise-a-loccasion-de-fete-jonquilles\/#primaryimage\",\"url\":\"https:\/\/vosgesinfo.fr\/app\/uploads\/sites\/6\/2024\/07\/202304jumelage-gerardmer-novosselytsia-3.jpeg\",\"contentUrl\":\"https:\/\/vosgesinfo.fr\/app\/uploads\/sites\/6\/2024\/07\/202304jumelage-gerardmer-novosselytsia-3.jpeg\",\"width\":1600,\"height\":1200},{\"@type\":\"BreadcrumbList\",\"@id\":\"https:\/\/vosgesinfo.fr\/gerardmerinfo\/2023\/04\/gerardmer-novosselytsia-jumelage-officialise-a-loccasion-de-fete-jonquilles\/#breadcrumb\",\"itemListElement\":[{\"@type\":\"ListItem\",\"position\":1,\"name\":\"Home\",\"item\":\"https:\/\/vosgesinfo.fr\/gerardmerinfo\/\"},{\"@type\":\"ListItem\",\"position\":2,\"name\":\"G\u00e9rardmer &#8211; Novosselytsia : un jumelage officialis\u00e9 \u00e0 l&rsquo;occasion de la F\u00eate des Jonquilles\"}]},{\"@type\":\"WebSite\",\"@id\":\"https:\/\/vosgesinfo.fr\/gerardmerinfo\/#website\",\"url\":\"https:\/\/vosgesinfo.fr\/gerardmerinfo\/\",\"name\":\"Gerardmer Info\",\"description\":\"Toute l&#039;actualit\u00e9 de G\u00e9rardmer\",\"publisher\":{\"@id\":\"https:\/\/vosgesinfo.fr\/gerardmerinfo\/#organization\"},\"alternateName\":\"Toute l'actualit\u00e9 de G\u00e9rardmer\",\"potentialAction\":[{\"@type\":\"SearchAction\",\"target\":{\"@type\":\"EntryPoint\",\"urlTemplate\":\"https:\/\/vosgesinfo.fr\/gerardmerinfo\/?s={search_term_string}\"},\"query-input\":\"required name=search_term_string\"}],\"inLanguage\":\"fr-FR\"},{\"@type\":\"Organization\",\"@id\":\"https:\/\/vosgesinfo.fr\/gerardmerinfo\/#organization\",\"name\":\"Gerardmer Info\",\"url\":\"https:\/\/vosgesinfo.fr\/gerardmerinfo\/\",\"logo\":{\"@type\":\"ImageObject\",\"inLanguage\":\"fr-FR\",\"@id\":\"https:\/\/vosgesinfo.fr\/gerardmerinfo\/#\/schema\/logo\/image\/\",\"url\":\"https:\/\/vosgesinfo.fr\/app\/uploads\/sites\/6\/2023\/08\/favicon-gerardmerinfo.png\",\"contentUrl\":\"https:\/\/vosgesinfo.fr\/app\/uploads\/sites\/6\/2023\/08\/favicon-gerardmerinfo.png\",\"width\":512,\"height\":512,\"caption\":\"Gerardmer Info\"},\"image\":{\"@id\":\"https:\/\/vosgesinfo.fr\/gerardmerinfo\/#\/schema\/logo\/image\/\"},\"sameAs\":[\"https:\/\/www.facebook.com\/profile.php?id=100049475262660\",\"https:\/\/x.com\/VosgesInfo88\",\"https:\/\/www.youtube.com\/@vosgesinfo\"]},{\"@type\":\"Person\",\"@id\":\"https:\/\/vosgesinfo.fr\/gerardmerinfo\/#\/schema\/person\/db5605779a843dad16b5368f3e7613a5\",\"name\":\"QG\",\"image\":{\"@type\":\"ImageObject\",\"inLanguage\":\"fr-FR\",\"@id\":\"https:\/\/vosgesinfo.fr\/gerardmerinfo\/#\/schema\/person\/image\/\",\"url\":\"https:\/\/secure.gravatar.com\/avatar\/ea80c42c204b534408512832fde52504ecabb9706bcb6151cf6175e5b64e6793?s=96&d=mm&r=g\",\"contentUrl\":\"https:\/\/secure.gravatar.com\/avatar\/ea80c42c204b534408512832fde52504ecabb9706bcb6151cf6175e5b64e6793?s=96&d=mm&r=g\",\"caption\":\"QG\"},\"url\":\"https:\/\/vosgesinfo.fr\/gerardmerinfo\/author\/quentin88\/\"}]}<\/script>\n<!-- \/ Yoast SEO plugin. -->","yoast_head_json":{"title":"G\u00e9rardmer - Novosselytsia : un jumelage officialis\u00e9 \u00e0 l'occasion de la F\u00eate des Jonquilles - Gerardmer Info","robots":{"index":"index","follow":"follow","max-snippet":"max-snippet:-1","max-image-preview":"max-image-preview:large","max-video-preview":"max-video-preview:-1"},"canonical":"https:\/\/vosgesinfo.fr\/gerardmerinfo\/2023\/04\/gerardmer-novosselytsia-jumelage-officialise-a-loccasion-de-fete-jonquilles\/","twitter_card":"summary_large_image","twitter_title":"G\u00e9rardmer - Novosselytsia : un jumelage officialis\u00e9 \u00e0 l'occasion de la F\u00eate des Jonquilles - Gerardmer Info","twitter_description":"&nbsp; Dans la matin\u00e9e de samedi, le maire de G\u00e9rardmer Stessy Speissmann Mozas a eu le plaisir d&rsquo;accueillir une d\u00e9l\u00e9gation [&hellip;]","twitter_image":"https:\/\/vosgesinfo.fr\/app\/uploads\/sites\/6\/2024\/07\/202304jumelage-gerardmer-novosselytsia-3.jpeg","twitter_creator":"@VosgesInfo88","twitter_site":"@VosgesInfo88","twitter_misc":{"\u00c9crit par":"QG","Dur\u00e9e de lecture estim\u00e9e":"1 minute"},"schema":{"@context":"https:\/\/schema.org","@graph":[{"@type":"Article","@id":"https:\/\/vosgesinfo.fr\/gerardmerinfo\/2023\/04\/gerardmer-novosselytsia-jumelage-officialise-a-loccasion-de-fete-jonquilles\/#article","isPartOf":{"@id":"https:\/\/vosgesinfo.fr\/gerardmerinfo\/2023\/04\/gerardmer-novosselytsia-jumelage-officialise-a-loccasion-de-fete-jonquilles\/"},"author":{"name":"QG","@id":"https:\/\/vosgesinfo.fr\/gerardmerinfo\/#\/schema\/person\/db5605779a843dad16b5368f3e7613a5"},"headline":"G\u00e9rardmer &#8211; Novosselytsia : un jumelage officialis\u00e9 \u00e0 l&rsquo;occasion de la F\u00eate des Jonquilles","datePublished":"2023-04-18T05:47:25+00:00","dateModified":"2023-04-18T05:47:25+00:00","mainEntityOfPage":{"@id":"https:\/\/vosgesinfo.fr\/gerardmerinfo\/2023\/04\/gerardmer-novosselytsia-jumelage-officialise-a-loccasion-de-fete-jonquilles\/"},"wordCount":224,"commentCount":0,"publisher":{"@id":"https:\/\/vosgesinfo.fr\/gerardmerinfo\/#organization"},"image":{"@id":"https:\/\/vosgesinfo.fr\/gerardmerinfo\/2023\/04\/gerardmer-novosselytsia-jumelage-officialise-a-loccasion-de-fete-jonquilles\/#primaryimage"},"thumbnailUrl":"https:\/\/vosgesinfo.fr\/app\/uploads\/sites\/6\/2024\/07\/202304jumelage-gerardmer-novosselytsia-3.jpeg","keywords":["Novosselytsia"],"articleSection":["A la une","G\u00e9rardmer","Soci\u00e9t\u00e9","solidarit\u00e9","Vosges"],"inLanguage":"fr-FR","potentialAction":[{"@type":"CommentAction","name":"Comment","target":["https:\/\/vosgesinfo.fr\/gerardmerinfo\/2023\/04\/gerardmer-novosselytsia-jumelage-officialise-a-loccasion-de-fete-jonquilles\/#respond"]}]},{"@type":"WebPage","@id":"https:\/\/vosgesinfo.fr\/gerardmerinfo\/2023\/04\/gerardmer-novosselytsia-jumelage-officialise-a-loccasion-de-fete-jonquilles\/","url":"https:\/\/vosgesinfo.fr\/gerardmerinfo\/2023\/04\/gerardmer-novosselytsia-jumelage-officialise-a-loccasion-de-fete-jonquilles\/","name":"G\u00e9rardmer - Novosselytsia : un jumelage officialis\u00e9 \u00e0 l'occasion de la F\u00eate des Jonquilles - Gerardmer Info","isPartOf":{"@id":"https:\/\/vosgesinfo.fr\/gerardmerinfo\/#website"},"primaryImageOfPage":{"@id":"https:\/\/vosgesinfo.fr\/gerardmerinfo\/2023\/04\/gerardmer-novosselytsia-jumelage-officialise-a-loccasion-de-fete-jonquilles\/#primaryimage"},"image":{"@id":"https:\/\/vosgesinfo.fr\/gerardmerinfo\/2023\/04\/gerardmer-novosselytsia-jumelage-officialise-a-loccasion-de-fete-jonquilles\/#primaryimage"},"thumbnailUrl":"https:\/\/vosgesinfo.fr\/app\/uploads\/sites\/6\/2024\/07\/202304jumelage-gerardmer-novosselytsia-3.jpeg","datePublished":"2023-04-18T05:47:25+00:00","dateModified":"2023-04-18T05:47:25+00:00","breadcrumb":{"@id":"https:\/\/vosgesinfo.fr\/gerardmerinfo\/2023\/04\/gerardmer-novosselytsia-jumelage-officialise-a-loccasion-de-fete-jonquilles\/#breadcrumb"},"inLanguage":"fr-FR","potentialAction":[{"@type":"ReadAction","target":["https:\/\/vosgesinfo.fr\/gerardmerinfo\/2023\/04\/gerardmer-novosselytsia-jumelage-officialise-a-loccasion-de-fete-jonquilles\/"]}]},{"@type":"ImageObject","inLanguage":"fr-FR","@id":"https:\/\/vosgesinfo.fr\/gerardmerinfo\/2023\/04\/gerardmer-novosselytsia-jumelage-officialise-a-loccasion-de-fete-jonquilles\/#primaryimage","url":"https:\/\/vosgesinfo.fr\/app\/uploads\/sites\/6\/2024\/07\/202304jumelage-gerardmer-novosselytsia-3.jpeg","contentUrl":"https:\/\/vosgesinfo.fr\/app\/uploads\/sites\/6\/2024\/07\/202304jumelage-gerardmer-novosselytsia-3.jpeg","width":1600,"height":1200},{"@type":"BreadcrumbList","@id":"https:\/\/vosgesinfo.fr\/gerardmerinfo\/2023\/04\/gerardmer-novosselytsia-jumelage-officialise-a-loccasion-de-fete-jonquilles\/#breadcrumb","itemListElement":[{"@type":"ListItem","position":1,"name":"Home","item":"https:\/\/vosgesinfo.fr\/gerardmerinfo\/"},{"@type":"ListItem","position":2,"name":"G\u00e9rardmer &#8211; Novosselytsia : un jumelage officialis\u00e9 \u00e0 l&rsquo;occasion de la F\u00eate des Jonquilles"}]},{"@type":"WebSite","@id":"https:\/\/vosgesinfo.fr\/gerardmerinfo\/#website","url":"https:\/\/vosgesinfo.fr\/gerardmerinfo\/","name":"Gerardmer Info","description":"Toute l&#039;actualit\u00e9 de G\u00e9rardmer","publisher":{"@id":"https:\/\/vosgesinfo.fr\/gerardmerinfo\/#organization"},"alternateName":"Toute l'actualit\u00e9 de G\u00e9rardmer","potentialAction":[{"@type":"SearchAction","target":{"@type":"EntryPoint","urlTemplate":"https:\/\/vosgesinfo.fr\/gerardmerinfo\/?s={search_term_string}"},"query-input":"required name=search_term_string"}],"inLanguage":"fr-FR"},{"@type":"Organization","@id":"https:\/\/vosgesinfo.fr\/gerardmerinfo\/#organization","name":"Gerardmer Info","url":"https:\/\/vosgesinfo.fr\/gerardmerinfo\/","logo":{"@type":"ImageObject","inLanguage":"fr-FR","@id":"https:\/\/vosgesinfo.fr\/gerardmerinfo\/#\/schema\/logo\/image\/","url":"https:\/\/vosgesinfo.fr\/app\/uploads\/sites\/6\/2023\/08\/favicon-gerardmerinfo.png","contentUrl":"https:\/\/vosgesinfo.fr\/app\/uploads\/sites\/6\/2023\/08\/favicon-gerardmerinfo.png","width":512,"height":512,"caption":"Gerardmer Info"},"image":{"@id":"https:\/\/vosgesinfo.fr\/gerardmerinfo\/#\/schema\/logo\/image\/"},"sameAs":["https:\/\/www.facebook.com\/profile.php?id=100049475262660","https:\/\/x.com\/VosgesInfo88","https:\/\/www.youtube.com\/@vosgesinfo"]},{"@type":"Person","@id":"https:\/\/vosgesinfo.fr\/gerardmerinfo\/#\/schema\/person\/db5605779a843dad16b5368f3e7613a5","name":"QG","image":{"@type":"ImageObject","inLanguage":"fr-FR","@id":"https:\/\/vosgesinfo.fr\/gerardmerinfo\/#\/schema\/person\/image\/","url":"https:\/\/secure.gravatar.com\/avatar\/ea80c42c204b534408512832fde52504ecabb9706bcb6151cf6175e5b64e6793?s=96&d=mm&r=g","contentUrl":"https:\/\/secure.gravatar.com\/avatar\/ea80c42c204b534408512832fde52504ecabb9706bcb6151cf6175e5b64e6793?s=96&d=mm&r=g","caption":"QG"},"url":"https:\/\/vosgesinfo.fr\/gerardmerinfo\/author\/quentin88\/"}]}},"_links":{"self":[{"href":"https:\/\/vosgesinfo.fr\/gerardmerinfo\/wp-json\/wp\/v2\/posts\/65886","targetHints":{"allow":["GET"]}}],"collection":[{"href":"https:\/\/vosgesinfo.fr\/gerardmerinfo\/wp-json\/wp\/v2\/posts"}],"about":[{"href":"https:\/\/vosgesinfo.fr\/gerardmerinfo\/wp-json\/wp\/v2\/types\/post"}],"author":[{"embeddable":true,"href":"https:\/\/vosgesinfo.fr\/gerardmerinfo\/wp-json\/wp\/v2\/users\/42"}],"replies":[{"embeddable":true,"href":"https:\/\/vosgesinfo.fr\/gerardmerinfo\/wp-json\/wp\/v2\/comments?post=65886"}],"version-history":[{"count":0,"href":"https:\/\/vosgesinfo.fr\/gerardmerinfo\/wp-json\/wp\/v2\/posts\/65886\/revisions"}],"wp:featuredmedia":[{"embeddable":true,"href":"https:\/\/vosgesinfo.fr\/gerardmerinfo\/wp-json\/wp\/v2\/media\/65887"}],"wp:attachment":[{"href":"https:\/\/vosgesinfo.fr\/gerardmerinfo\/wp-json\/wp\/v2\/media?parent=65886"}],"wp:term":[{"taxonomy":"category","embeddable":true,"href":"https:\/\/vosgesinfo.fr\/gerardmerinfo\/wp-json\/wp\/v2\/categories?post=65886"},{"taxonomy":"post_tag","embeddable":true,"href":"https:\/\/vosgesinfo.fr\/gerardmerinfo\/wp-json\/wp\/v2\/tags?post=65886"}],"curies":[{"name":"wp","href":"https:\/\/api.w.org\/{rel}","templated":true}]}}