{"id":6624,"date":"2024-03-07T05:58:13","date_gmt":"2024-03-07T04:58:13","guid":{"rendered":"https:\/\/vosgesinfo.fr\/gerardmerinfo\/?p=6624"},"modified":"2024-03-05T09:43:16","modified_gmt":"2024-03-05T08:43:16","slug":"tribune-ouverte-avec-lassociation-etre-et-nature-jardin-therapeutique-ecopsycologie-et-hortitherapie","status":"publish","type":"post","link":"https:\/\/vosgesinfo.fr\/gerardmerinfo\/2024\/03\/tribune-ouverte-avec-lassociation-etre-et-nature-jardin-therapeutique-ecopsycologie-et-hortitherapie\/","title":{"rendered":"TRIBUNE OUVERTE avec l&rsquo;association \u00ab\u00a0\u00catre &#038; Nature\u00a0\u00bb &#8211; jardin th\u00e9rapeutique, \u00e9copsycologie et hortith\u00e9rapie"},"content":{"rendered":"<p><a href=\"https:\/\/vosgesinfo.fr\/app\/uploads\/sites\/6\/2024\/03\/tribune-ouverte-mardi-26-mars-2024-page-0001.jpg\"><img decoding=\"async\" class=\"aligncenter size-large wp-image-6625\" src=\"https:\/\/vosgesinfo.fr\/app\/uploads\/sites\/6\/2024\/03\/tribune-ouverte-mardi-26-mars-2024-page-0001-1024x724.jpg\" alt=\"\" width=\"1024\" height=\"724\" srcset=\"https:\/\/vosgesinfo.fr\/app\/uploads\/sites\/6\/2024\/03\/tribune-ouverte-mardi-26-mars-2024-page-0001-1024x724.jpg 1024w, https:\/\/vosgesinfo.fr\/app\/uploads\/sites\/6\/2024\/03\/tribune-ouverte-mardi-26-mars-2024-page-0001-300x212.jpg 300w, https:\/\/vosgesinfo.fr\/app\/uploads\/sites\/6\/2024\/03\/tribune-ouverte-mardi-26-mars-2024-page-0001-768x543.jpg 768w, https:\/\/vosgesinfo.fr\/app\/uploads\/sites\/6\/2024\/03\/tribune-ouverte-mardi-26-mars-2024-page-0001-1536x1086.jpg 1536w, https:\/\/vosgesinfo.fr\/app\/uploads\/sites\/6\/2024\/03\/tribune-ouverte-mardi-26-mars-2024-page-0001.jpg 1755w\" sizes=\"(max-width: 1024px) 100vw, 1024px\" \/><\/a><\/p>\n","protected":false},"excerpt":{"rendered":"","protected":false},"author":42,"featured_media":6625,"comment_status":"open","ping_status":"open","sticky":false,"template":"","format":"standard","meta":{"footnotes":""},"categories":[20,7,12,17],"tags":[896],"class_list":["post-6624","post","type-post","status-publish","format-standard","has-post-thumbnail","hentry","category-a-la-une","category-environnement","category-sante","category-vie-associative","tag-etre-et-nature"],"acf":[],"yoast_head":"<!-- This site is optimized with the Yoast SEO plugin v22.5 - https:\/\/yoast.com\/wordpress\/plugins\/seo\/ -->\n<title>TRIBUNE OUVERTE avec l&#039;association &quot;\u00catre &amp; Nature&quot; - jardin th\u00e9rapeutique, \u00e9copsycologie et hortith\u00e9rapie - Gerardmer Info<\/title>\n<meta name=\"robots\" content=\"index, follow, max-snippet:-1, max-image-preview:large, max-video-preview:-1\" \/>\n<link rel=\"canonical\" href=\"https:\/\/vosgesinfo.fr\/gerardmerinfo\/2024\/03\/tribune-ouverte-avec-lassociation-etre-et-nature-jardin-therapeutique-ecopsycologie-et-hortitherapie\/\" \/>\n<meta name=\"twitter:card\" content=\"summary_large_image\" \/>\n<meta name=\"twitter:title\" content=\"TRIBUNE OUVERTE avec l&#039;association &quot;\u00catre &amp; Nature&quot; - jardin th\u00e9rapeutique, \u00e9copsycologie et hortith\u00e9rapie - Gerardmer Info\" \/>\n<meta name=\"twitter:image\" content=\"https:\/\/vosgesinfo.fr\/app\/uploads\/sites\/6\/2024\/03\/tribune-ouverte-mardi-26-mars-2024-page-0001.jpg\" \/>\n<meta name=\"twitter:creator\" content=\"@VosgesInfo88\" \/>\n<meta name=\"twitter:site\" content=\"@VosgesInfo88\" \/>\n<meta name=\"twitter:label1\" content=\"\u00c9crit par\" \/>\n\t<meta name=\"twitter:data1\" content=\"QG\" \/>\n<script type=\"application\/ld+json\" class=\"yoast-schema-graph\">{\"@context\":\"https:\/\/schema.org\",\"@graph\":[{\"@type\":\"Article\",\"@id\":\"https:\/\/vosgesinfo.fr\/gerardmerinfo\/2024\/03\/tribune-ouverte-avec-lassociation-etre-et-nature-jardin-therapeutique-ecopsycologie-et-hortitherapie\/#article\",\"isPartOf\":{\"@id\":\"https:\/\/vosgesinfo.fr\/gerardmerinfo\/2024\/03\/tribune-ouverte-avec-lassociation-etre-et-nature-jardin-therapeutique-ecopsycologie-et-hortitherapie\/\"},\"author\":{\"name\":\"QG\",\"@id\":\"https:\/\/vosgesinfo.fr\/gerardmerinfo\/#\/schema\/person\/db5605779a843dad16b5368f3e7613a5\"},\"headline\":\"TRIBUNE OUVERTE avec l&rsquo;association \u00ab\u00a0\u00catre &#038; Nature\u00a0\u00bb &#8211; jardin th\u00e9rapeutique, \u00e9copsycologie et hortith\u00e9rapie\",\"datePublished\":\"2024-03-07T04:58:13+00:00\",\"dateModified\":\"2024-03-05T08:43:16+00:00\",\"mainEntityOfPage\":{\"@id\":\"https:\/\/vosgesinfo.fr\/gerardmerinfo\/2024\/03\/tribune-ouverte-avec-lassociation-etre-et-nature-jardin-therapeutique-ecopsycologie-et-hortitherapie\/\"},\"wordCount\":15,\"commentCount\":0,\"publisher\":{\"@id\":\"https:\/\/vosgesinfo.fr\/gerardmerinfo\/#organization\"},\"image\":{\"@id\":\"https:\/\/vosgesinfo.fr\/gerardmerinfo\/2024\/03\/tribune-ouverte-avec-lassociation-etre-et-nature-jardin-therapeutique-ecopsycologie-et-hortitherapie\/#primaryimage\"},\"thumbnailUrl\":\"https:\/\/vosgesinfo.fr\/app\/uploads\/sites\/6\/2024\/03\/tribune-ouverte-mardi-26-mars-2024-page-0001.jpg\",\"keywords\":[\"etre et nature\"],\"articleSection\":[\"A la une\",\"Environnement\",\"Sant\u00e9\",\"Vie Associative\"],\"inLanguage\":\"fr-FR\",\"potentialAction\":[{\"@type\":\"CommentAction\",\"name\":\"Comment\",\"target\":[\"https:\/\/vosgesinfo.fr\/gerardmerinfo\/2024\/03\/tribune-ouverte-avec-lassociation-etre-et-nature-jardin-therapeutique-ecopsycologie-et-hortitherapie\/#respond\"]}]},{\"@type\":\"WebPage\",\"@id\":\"https:\/\/vosgesinfo.fr\/gerardmerinfo\/2024\/03\/tribune-ouverte-avec-lassociation-etre-et-nature-jardin-therapeutique-ecopsycologie-et-hortitherapie\/\",\"url\":\"https:\/\/vosgesinfo.fr\/gerardmerinfo\/2024\/03\/tribune-ouverte-avec-lassociation-etre-et-nature-jardin-therapeutique-ecopsycologie-et-hortitherapie\/\",\"name\":\"TRIBUNE OUVERTE avec l'association \\\"\u00catre & Nature\\\" - jardin th\u00e9rapeutique, \u00e9copsycologie et hortith\u00e9rapie - Gerardmer Info\",\"isPartOf\":{\"@id\":\"https:\/\/vosgesinfo.fr\/gerardmerinfo\/#website\"},\"primaryImageOfPage\":{\"@id\":\"https:\/\/vosgesinfo.fr\/gerardmerinfo\/2024\/03\/tribune-ouverte-avec-lassociation-etre-et-nature-jardin-therapeutique-ecopsycologie-et-hortitherapie\/#primaryimage\"},\"image\":{\"@id\":\"https:\/\/vosgesinfo.fr\/gerardmerinfo\/2024\/03\/tribune-ouverte-avec-lassociation-etre-et-nature-jardin-therapeutique-ecopsycologie-et-hortitherapie\/#primaryimage\"},\"thumbnailUrl\":\"https:\/\/vosgesinfo.fr\/app\/uploads\/sites\/6\/2024\/03\/tribune-ouverte-mardi-26-mars-2024-page-0001.jpg\",\"datePublished\":\"2024-03-07T04:58:13+00:00\",\"dateModified\":\"2024-03-05T08:43:16+00:00\",\"breadcrumb\":{\"@id\":\"https:\/\/vosgesinfo.fr\/gerardmerinfo\/2024\/03\/tribune-ouverte-avec-lassociation-etre-et-nature-jardin-therapeutique-ecopsycologie-et-hortitherapie\/#breadcrumb\"},\"inLanguage\":\"fr-FR\",\"potentialAction\":[{\"@type\":\"ReadAction\",\"target\":[\"https:\/\/vosgesinfo.fr\/gerardmerinfo\/2024\/03\/tribune-ouverte-avec-lassociation-etre-et-nature-jardin-therapeutique-ecopsycologie-et-hortitherapie\/\"]}]},{\"@type\":\"ImageObject\",\"inLanguage\":\"fr-FR\",\"@id\":\"https:\/\/vosgesinfo.fr\/gerardmerinfo\/2024\/03\/tribune-ouverte-avec-lassociation-etre-et-nature-jardin-therapeutique-ecopsycologie-et-hortitherapie\/#primaryimage\",\"url\":\"https:\/\/vosgesinfo.fr\/app\/uploads\/sites\/6\/2024\/03\/tribune-ouverte-mardi-26-mars-2024-page-0001.jpg\",\"contentUrl\":\"https:\/\/vosgesinfo.fr\/app\/uploads\/sites\/6\/2024\/03\/tribune-ouverte-mardi-26-mars-2024-page-0001.jpg\",\"width\":1755,\"height\":1241},{\"@type\":\"BreadcrumbList\",\"@id\":\"https:\/\/vosgesinfo.fr\/gerardmerinfo\/2024\/03\/tribune-ouverte-avec-lassociation-etre-et-nature-jardin-therapeutique-ecopsycologie-et-hortitherapie\/#breadcrumb\",\"itemListElement\":[{\"@type\":\"ListItem\",\"position\":1,\"name\":\"Home\",\"item\":\"https:\/\/vosgesinfo.fr\/gerardmerinfo\/\"},{\"@type\":\"ListItem\",\"position\":2,\"name\":\"TRIBUNE OUVERTE avec l&rsquo;association \u00ab\u00a0\u00catre &#038; Nature\u00a0\u00bb &#8211; jardin th\u00e9rapeutique, \u00e9copsycologie et hortith\u00e9rapie\"}]},{\"@type\":\"WebSite\",\"@id\":\"https:\/\/vosgesinfo.fr\/gerardmerinfo\/#website\",\"url\":\"https:\/\/vosgesinfo.fr\/gerardmerinfo\/\",\"name\":\"Gerardmer Info\",\"description\":\"Toute l&#039;actualit\u00e9 de G\u00e9rardmer\",\"publisher\":{\"@id\":\"https:\/\/vosgesinfo.fr\/gerardmerinfo\/#organization\"},\"alternateName\":\"Toute l'actualit\u00e9 de G\u00e9rardmer\",\"potentialAction\":[{\"@type\":\"SearchAction\",\"target\":{\"@type\":\"EntryPoint\",\"urlTemplate\":\"https:\/\/vosgesinfo.fr\/gerardmerinfo\/?s={search_term_string}\"},\"query-input\":\"required name=search_term_string\"}],\"inLanguage\":\"fr-FR\"},{\"@type\":\"Organization\",\"@id\":\"https:\/\/vosgesinfo.fr\/gerardmerinfo\/#organization\",\"name\":\"Gerardmer Info\",\"url\":\"https:\/\/vosgesinfo.fr\/gerardmerinfo\/\",\"logo\":{\"@type\":\"ImageObject\",\"inLanguage\":\"fr-FR\",\"@id\":\"https:\/\/vosgesinfo.fr\/gerardmerinfo\/#\/schema\/logo\/image\/\",\"url\":\"https:\/\/vosgesinfo.fr\/app\/uploads\/sites\/6\/2023\/08\/favicon-gerardmerinfo.png\",\"contentUrl\":\"https:\/\/vosgesinfo.fr\/app\/uploads\/sites\/6\/2023\/08\/favicon-gerardmerinfo.png\",\"width\":512,\"height\":512,\"caption\":\"Gerardmer Info\"},\"image\":{\"@id\":\"https:\/\/vosgesinfo.fr\/gerardmerinfo\/#\/schema\/logo\/image\/\"},\"sameAs\":[\"https:\/\/www.facebook.com\/profile.php?id=100049475262660\",\"https:\/\/x.com\/VosgesInfo88\",\"https:\/\/www.youtube.com\/@vosgesinfo\"]},{\"@type\":\"Person\",\"@id\":\"https:\/\/vosgesinfo.fr\/gerardmerinfo\/#\/schema\/person\/db5605779a843dad16b5368f3e7613a5\",\"name\":\"QG\",\"image\":{\"@type\":\"ImageObject\",\"inLanguage\":\"fr-FR\",\"@id\":\"https:\/\/vosgesinfo.fr\/gerardmerinfo\/#\/schema\/person\/image\/\",\"url\":\"https:\/\/secure.gravatar.com\/avatar\/ea80c42c204b534408512832fde52504ecabb9706bcb6151cf6175e5b64e6793?s=96&d=mm&r=g\",\"contentUrl\":\"https:\/\/secure.gravatar.com\/avatar\/ea80c42c204b534408512832fde52504ecabb9706bcb6151cf6175e5b64e6793?s=96&d=mm&r=g\",\"caption\":\"QG\"},\"url\":\"https:\/\/vosgesinfo.fr\/gerardmerinfo\/author\/quentin88\/\"}]}<\/script>\n<!-- \/ Yoast SEO plugin. -->","yoast_head_json":{"title":"TRIBUNE OUVERTE avec l'association \"\u00catre & Nature\" - jardin th\u00e9rapeutique, \u00e9copsycologie et hortith\u00e9rapie - Gerardmer Info","robots":{"index":"index","follow":"follow","max-snippet":"max-snippet:-1","max-image-preview":"max-image-preview:large","max-video-preview":"max-video-preview:-1"},"canonical":"https:\/\/vosgesinfo.fr\/gerardmerinfo\/2024\/03\/tribune-ouverte-avec-lassociation-etre-et-nature-jardin-therapeutique-ecopsycologie-et-hortitherapie\/","twitter_card":"summary_large_image","twitter_title":"TRIBUNE OUVERTE avec l'association \"\u00catre & Nature\" - jardin th\u00e9rapeutique, \u00e9copsycologie et hortith\u00e9rapie - Gerardmer Info","twitter_image":"https:\/\/vosgesinfo.fr\/app\/uploads\/sites\/6\/2024\/03\/tribune-ouverte-mardi-26-mars-2024-page-0001.jpg","twitter_creator":"@VosgesInfo88","twitter_site":"@VosgesInfo88","twitter_misc":{"\u00c9crit par":"QG"},"schema":{"@context":"https:\/\/schema.org","@graph":[{"@type":"Article","@id":"https:\/\/vosgesinfo.fr\/gerardmerinfo\/2024\/03\/tribune-ouverte-avec-lassociation-etre-et-nature-jardin-therapeutique-ecopsycologie-et-hortitherapie\/#article","isPartOf":{"@id":"https:\/\/vosgesinfo.fr\/gerardmerinfo\/2024\/03\/tribune-ouverte-avec-lassociation-etre-et-nature-jardin-therapeutique-ecopsycologie-et-hortitherapie\/"},"author":{"name":"QG","@id":"https:\/\/vosgesinfo.fr\/gerardmerinfo\/#\/schema\/person\/db5605779a843dad16b5368f3e7613a5"},"headline":"TRIBUNE OUVERTE avec l&rsquo;association \u00ab\u00a0\u00catre &#038; Nature\u00a0\u00bb &#8211; jardin th\u00e9rapeutique, \u00e9copsycologie et hortith\u00e9rapie","datePublished":"2024-03-07T04:58:13+00:00","dateModified":"2024-03-05T08:43:16+00:00","mainEntityOfPage":{"@id":"https:\/\/vosgesinfo.fr\/gerardmerinfo\/2024\/03\/tribune-ouverte-avec-lassociation-etre-et-nature-jardin-therapeutique-ecopsycologie-et-hortitherapie\/"},"wordCount":15,"commentCount":0,"publisher":{"@id":"https:\/\/vosgesinfo.fr\/gerardmerinfo\/#organization"},"image":{"@id":"https:\/\/vosgesinfo.fr\/gerardmerinfo\/2024\/03\/tribune-ouverte-avec-lassociation-etre-et-nature-jardin-therapeutique-ecopsycologie-et-hortitherapie\/#primaryimage"},"thumbnailUrl":"https:\/\/vosgesinfo.fr\/app\/uploads\/sites\/6\/2024\/03\/tribune-ouverte-mardi-26-mars-2024-page-0001.jpg","keywords":["etre et nature"],"articleSection":["A la une","Environnement","Sant\u00e9","Vie Associative"],"inLanguage":"fr-FR","potentialAction":[{"@type":"CommentAction","name":"Comment","target":["https:\/\/vosgesinfo.fr\/gerardmerinfo\/2024\/03\/tribune-ouverte-avec-lassociation-etre-et-nature-jardin-therapeutique-ecopsycologie-et-hortitherapie\/#respond"]}]},{"@type":"WebPage","@id":"https:\/\/vosgesinfo.fr\/gerardmerinfo\/2024\/03\/tribune-ouverte-avec-lassociation-etre-et-nature-jardin-therapeutique-ecopsycologie-et-hortitherapie\/","url":"https:\/\/vosgesinfo.fr\/gerardmerinfo\/2024\/03\/tribune-ouverte-avec-lassociation-etre-et-nature-jardin-therapeutique-ecopsycologie-et-hortitherapie\/","name":"TRIBUNE OUVERTE avec l'association \"\u00catre & Nature\" - jardin th\u00e9rapeutique, \u00e9copsycologie et hortith\u00e9rapie - Gerardmer Info","isPartOf":{"@id":"https:\/\/vosgesinfo.fr\/gerardmerinfo\/#website"},"primaryImageOfPage":{"@id":"https:\/\/vosgesinfo.fr\/gerardmerinfo\/2024\/03\/tribune-ouverte-avec-lassociation-etre-et-nature-jardin-therapeutique-ecopsycologie-et-hortitherapie\/#primaryimage"},"image":{"@id":"https:\/\/vosgesinfo.fr\/gerardmerinfo\/2024\/03\/tribune-ouverte-avec-lassociation-etre-et-nature-jardin-therapeutique-ecopsycologie-et-hortitherapie\/#primaryimage"},"thumbnailUrl":"https:\/\/vosgesinfo.fr\/app\/uploads\/sites\/6\/2024\/03\/tribune-ouverte-mardi-26-mars-2024-page-0001.jpg","datePublished":"2024-03-07T04:58:13+00:00","dateModified":"2024-03-05T08:43:16+00:00","breadcrumb":{"@id":"https:\/\/vosgesinfo.fr\/gerardmerinfo\/2024\/03\/tribune-ouverte-avec-lassociation-etre-et-nature-jardin-therapeutique-ecopsycologie-et-hortitherapie\/#breadcrumb"},"inLanguage":"fr-FR","potentialAction":[{"@type":"ReadAction","target":["https:\/\/vosgesinfo.fr\/gerardmerinfo\/2024\/03\/tribune-ouverte-avec-lassociation-etre-et-nature-jardin-therapeutique-ecopsycologie-et-hortitherapie\/"]}]},{"@type":"ImageObject","inLanguage":"fr-FR","@id":"https:\/\/vosgesinfo.fr\/gerardmerinfo\/2024\/03\/tribune-ouverte-avec-lassociation-etre-et-nature-jardin-therapeutique-ecopsycologie-et-hortitherapie\/#primaryimage","url":"https:\/\/vosgesinfo.fr\/app\/uploads\/sites\/6\/2024\/03\/tribune-ouverte-mardi-26-mars-2024-page-0001.jpg","contentUrl":"https:\/\/vosgesinfo.fr\/app\/uploads\/sites\/6\/2024\/03\/tribune-ouverte-mardi-26-mars-2024-page-0001.jpg","width":1755,"height":1241},{"@type":"BreadcrumbList","@id":"https:\/\/vosgesinfo.fr\/gerardmerinfo\/2024\/03\/tribune-ouverte-avec-lassociation-etre-et-nature-jardin-therapeutique-ecopsycologie-et-hortitherapie\/#breadcrumb","itemListElement":[{"@type":"ListItem","position":1,"name":"Home","item":"https:\/\/vosgesinfo.fr\/gerardmerinfo\/"},{"@type":"ListItem","position":2,"name":"TRIBUNE OUVERTE avec l&rsquo;association \u00ab\u00a0\u00catre &#038; Nature\u00a0\u00bb &#8211; jardin th\u00e9rapeutique, \u00e9copsycologie et hortith\u00e9rapie"}]},{"@type":"WebSite","@id":"https:\/\/vosgesinfo.fr\/gerardmerinfo\/#website","url":"https:\/\/vosgesinfo.fr\/gerardmerinfo\/","name":"Gerardmer Info","description":"Toute l&#039;actualit\u00e9 de G\u00e9rardmer","publisher":{"@id":"https:\/\/vosgesinfo.fr\/gerardmerinfo\/#organization"},"alternateName":"Toute l'actualit\u00e9 de G\u00e9rardmer","potentialAction":[{"@type":"SearchAction","target":{"@type":"EntryPoint","urlTemplate":"https:\/\/vosgesinfo.fr\/gerardmerinfo\/?s={search_term_string}"},"query-input":"required name=search_term_string"}],"inLanguage":"fr-FR"},{"@type":"Organization","@id":"https:\/\/vosgesinfo.fr\/gerardmerinfo\/#organization","name":"Gerardmer Info","url":"https:\/\/vosgesinfo.fr\/gerardmerinfo\/","logo":{"@type":"ImageObject","inLanguage":"fr-FR","@id":"https:\/\/vosgesinfo.fr\/gerardmerinfo\/#\/schema\/logo\/image\/","url":"https:\/\/vosgesinfo.fr\/app\/uploads\/sites\/6\/2023\/08\/favicon-gerardmerinfo.png","contentUrl":"https:\/\/vosgesinfo.fr\/app\/uploads\/sites\/6\/2023\/08\/favicon-gerardmerinfo.png","width":512,"height":512,"caption":"Gerardmer Info"},"image":{"@id":"https:\/\/vosgesinfo.fr\/gerardmerinfo\/#\/schema\/logo\/image\/"},"sameAs":["https:\/\/www.facebook.com\/profile.php?id=100049475262660","https:\/\/x.com\/VosgesInfo88","https:\/\/www.youtube.com\/@vosgesinfo"]},{"@type":"Person","@id":"https:\/\/vosgesinfo.fr\/gerardmerinfo\/#\/schema\/person\/db5605779a843dad16b5368f3e7613a5","name":"QG","image":{"@type":"ImageObject","inLanguage":"fr-FR","@id":"https:\/\/vosgesinfo.fr\/gerardmerinfo\/#\/schema\/person\/image\/","url":"https:\/\/secure.gravatar.com\/avatar\/ea80c42c204b534408512832fde52504ecabb9706bcb6151cf6175e5b64e6793?s=96&d=mm&r=g","contentUrl":"https:\/\/secure.gravatar.com\/avatar\/ea80c42c204b534408512832fde52504ecabb9706bcb6151cf6175e5b64e6793?s=96&d=mm&r=g","caption":"QG"},"url":"https:\/\/vosgesinfo.fr\/gerardmerinfo\/author\/quentin88\/"}]}},"_links":{"self":[{"href":"https:\/\/vosgesinfo.fr\/gerardmerinfo\/wp-json\/wp\/v2\/posts\/6624","targetHints":{"allow":["GET"]}}],"collection":[{"href":"https:\/\/vosgesinfo.fr\/gerardmerinfo\/wp-json\/wp\/v2\/posts"}],"about":[{"href":"https:\/\/vosgesinfo.fr\/gerardmerinfo\/wp-json\/wp\/v2\/types\/post"}],"author":[{"embeddable":true,"href":"https:\/\/vosgesinfo.fr\/gerardmerinfo\/wp-json\/wp\/v2\/users\/42"}],"replies":[{"embeddable":true,"href":"https:\/\/vosgesinfo.fr\/gerardmerinfo\/wp-json\/wp\/v2\/comments?post=6624"}],"version-history":[{"count":2,"href":"https:\/\/vosgesinfo.fr\/gerardmerinfo\/wp-json\/wp\/v2\/posts\/6624\/revisions"}],"predecessor-version":[{"id":6627,"href":"https:\/\/vosgesinfo.fr\/gerardmerinfo\/wp-json\/wp\/v2\/posts\/6624\/revisions\/6627"}],"wp:featuredmedia":[{"embeddable":true,"href":"https:\/\/vosgesinfo.fr\/gerardmerinfo\/wp-json\/wp\/v2\/media\/6625"}],"wp:attachment":[{"href":"https:\/\/vosgesinfo.fr\/gerardmerinfo\/wp-json\/wp\/v2\/media?parent=6624"}],"wp:term":[{"taxonomy":"category","embeddable":true,"href":"https:\/\/vosgesinfo.fr\/gerardmerinfo\/wp-json\/wp\/v2\/categories?post=6624"},{"taxonomy":"post_tag","embeddable":true,"href":"https:\/\/vosgesinfo.fr\/gerardmerinfo\/wp-json\/wp\/v2\/tags?post=6624"}],"curies":[{"name":"wp","href":"https:\/\/api.w.org\/{rel}","templated":true}]}}