{"id":6640,"date":"2024-03-05T20:32:43","date_gmt":"2024-03-05T19:32:43","guid":{"rendered":"https:\/\/vosgesinfo.fr\/gerardmerinfo\/?p=6640"},"modified":"2024-03-06T09:04:19","modified_gmt":"2024-03-06T08:04:19","slug":"philippe-candeloro-de-passage-a-gerardmer-au-village-du-skieur","status":"publish","type":"post","link":"https:\/\/vosgesinfo.fr\/gerardmerinfo\/2024\/03\/philippe-candeloro-de-passage-a-gerardmer-au-village-du-skieur\/","title":{"rendered":"Philippe Candeloro de passage \u00e0 G\u00e9rardmer au Village du Skieur"},"content":{"rendered":"\n\t\t<style type=\"text\/css\">\n\t\t\t#gallery-1 {\n\t\t\t\tmargin: auto;\n\t\t\t}\n\t\t\t#gallery-1 .gallery-item {\n\t\t\t\tfloat: left;\n\t\t\t\tmargin-top: 10px;\n\t\t\t\ttext-align: center;\n\t\t\t\twidth: 50%;\n\t\t\t}\n\t\t\t#gallery-1 img {\n\t\t\t\tborder: 2px solid #cfcfcf;\n\t\t\t}\n\t\t\t#gallery-1 .gallery-caption {\n\t\t\t\tmargin-left: 0;\n\t\t\t}\n\t\t\t\/* see gallery_shortcode() in wp-includes\/media.php *\/\n\t\t<\/style>\n\t\t<div id='gallery-1' class='gallery galleryid-6640 gallery-columns-2 gallery-size-medium'><dl class='gallery-item'>\n\t\t\t<dt class='gallery-icon landscape'>\n\t\t\t\t<a href='https:\/\/vosgesinfo.fr\/app\/uploads\/sites\/6\/2024\/03\/philippe-candeloro-gerardmer-2-scaled.jpg'><img decoding=\"async\" width=\"300\" height=\"226\" src=\"https:\/\/vosgesinfo.fr\/app\/uploads\/sites\/6\/2024\/03\/philippe-candeloro-gerardmer-2-300x226.jpg\" class=\"attachment-medium size-medium\" alt=\"\" srcset=\"https:\/\/vosgesinfo.fr\/app\/uploads\/sites\/6\/2024\/03\/philippe-candeloro-gerardmer-2-300x226.jpg 300w, https:\/\/vosgesinfo.fr\/app\/uploads\/sites\/6\/2024\/03\/philippe-candeloro-gerardmer-2-1024x771.jpg 1024w, https:\/\/vosgesinfo.fr\/app\/uploads\/sites\/6\/2024\/03\/philippe-candeloro-gerardmer-2-768x578.jpg 768w, https:\/\/vosgesinfo.fr\/app\/uploads\/sites\/6\/2024\/03\/philippe-candeloro-gerardmer-2-1536x1157.jpg 1536w, https:\/\/vosgesinfo.fr\/app\/uploads\/sites\/6\/2024\/03\/philippe-candeloro-gerardmer-2-2048x1542.jpg 2048w\" sizes=\"(max-width: 300px) 100vw, 300px\" \/><\/a>\n\t\t\t<\/dt><\/dl><dl class='gallery-item'>\n\t\t\t<dt class='gallery-icon landscape'>\n\t\t\t\t<a href='https:\/\/vosgesinfo.fr\/app\/uploads\/sites\/6\/2024\/03\/philippe-candeloro-gerardmer-3-scaled.jpg'><img decoding=\"async\" width=\"300\" height=\"226\" src=\"https:\/\/vosgesinfo.fr\/app\/uploads\/sites\/6\/2024\/03\/philippe-candeloro-gerardmer-3-300x226.jpg\" class=\"attachment-medium size-medium\" alt=\"\" srcset=\"https:\/\/vosgesinfo.fr\/app\/uploads\/sites\/6\/2024\/03\/philippe-candeloro-gerardmer-3-300x226.jpg 300w, https:\/\/vosgesinfo.fr\/app\/uploads\/sites\/6\/2024\/03\/philippe-candeloro-gerardmer-3-1024x771.jpg 1024w, https:\/\/vosgesinfo.fr\/app\/uploads\/sites\/6\/2024\/03\/philippe-candeloro-gerardmer-3-768x578.jpg 768w, https:\/\/vosgesinfo.fr\/app\/uploads\/sites\/6\/2024\/03\/philippe-candeloro-gerardmer-3-1536x1157.jpg 1536w, https:\/\/vosgesinfo.fr\/app\/uploads\/sites\/6\/2024\/03\/philippe-candeloro-gerardmer-3-2048x1542.jpg 2048w\" sizes=\"(max-width: 300px) 100vw, 300px\" \/><\/a>\n\t\t\t<\/dt><\/dl><br style=\"clear: both\" \/><dl class='gallery-item'>\n\t\t\t<dt class='gallery-icon landscape'>\n\t\t\t\t<a href='https:\/\/vosgesinfo.fr\/app\/uploads\/sites\/6\/2024\/03\/philippe-candeloro-gerardmer-4-scaled.jpg'><img decoding=\"async\" width=\"300\" height=\"226\" src=\"https:\/\/vosgesinfo.fr\/app\/uploads\/sites\/6\/2024\/03\/philippe-candeloro-gerardmer-4-300x226.jpg\" class=\"attachment-medium size-medium\" alt=\"\" srcset=\"https:\/\/vosgesinfo.fr\/app\/uploads\/sites\/6\/2024\/03\/philippe-candeloro-gerardmer-4-300x226.jpg 300w, https:\/\/vosgesinfo.fr\/app\/uploads\/sites\/6\/2024\/03\/philippe-candeloro-gerardmer-4-1024x771.jpg 1024w, https:\/\/vosgesinfo.fr\/app\/uploads\/sites\/6\/2024\/03\/philippe-candeloro-gerardmer-4-768x578.jpg 768w, https:\/\/vosgesinfo.fr\/app\/uploads\/sites\/6\/2024\/03\/philippe-candeloro-gerardmer-4-1536x1157.jpg 1536w, https:\/\/vosgesinfo.fr\/app\/uploads\/sites\/6\/2024\/03\/philippe-candeloro-gerardmer-4-2048x1542.jpg 2048w\" sizes=\"(max-width: 300px) 100vw, 300px\" \/><\/a>\n\t\t\t<\/dt><\/dl><dl class='gallery-item'>\n\t\t\t<dt class='gallery-icon landscape'>\n\t\t\t\t<a href='https:\/\/vosgesinfo.fr\/app\/uploads\/sites\/6\/2024\/03\/philippe-candeloro-gerardmer-5-scaled.jpg'><img decoding=\"async\" width=\"300\" height=\"226\" src=\"https:\/\/vosgesinfo.fr\/app\/uploads\/sites\/6\/2024\/03\/philippe-candeloro-gerardmer-5-300x226.jpg\" class=\"attachment-medium size-medium\" alt=\"\" srcset=\"https:\/\/vosgesinfo.fr\/app\/uploads\/sites\/6\/2024\/03\/philippe-candeloro-gerardmer-5-300x226.jpg 300w, https:\/\/vosgesinfo.fr\/app\/uploads\/sites\/6\/2024\/03\/philippe-candeloro-gerardmer-5-1024x771.jpg 1024w, https:\/\/vosgesinfo.fr\/app\/uploads\/sites\/6\/2024\/03\/philippe-candeloro-gerardmer-5-768x578.jpg 768w, https:\/\/vosgesinfo.fr\/app\/uploads\/sites\/6\/2024\/03\/philippe-candeloro-gerardmer-5-1536x1157.jpg 1536w, https:\/\/vosgesinfo.fr\/app\/uploads\/sites\/6\/2024\/03\/philippe-candeloro-gerardmer-5-2048x1542.jpg 2048w\" sizes=\"(max-width: 300px) 100vw, 300px\" \/><\/a>\n\t\t\t<\/dt><\/dl><br style=\"clear: both\" \/>\n\t\t<\/div>\n\n<p>L&rsquo;ancien champion de patinage artistique et commentateur sportif au c\u00f4t\u00e9 de Nelson Monfort \u00e9tait l&rsquo;invit\u00e9 de G\u00e9rardmer Animation ce mercredi apr\u00e8s-midi.<\/p>\n<p>Philippe Candeloro a naturellement effectu\u00e9 un crochet par la patinoire de G\u00e9rardmer avant de s&rsquo;installer au march\u00e9 du skieur, place du Vieux G\u00e9rardm\u00e9, pour aller \u00e0 la rencontre de ses fans et enregistrer une \u00e9mission de radio. Une chose est s\u00fbre, il est toujours aussi populaire et disponible pour le public, ce qui l&rsquo;a d&rsquo;ailleurs mis un peu en retard pour sur le planning initial. Mais quand on aime, on ne compte pas !<\/p>\n<p><a href=\"https:\/\/vosgesinfo.fr\/app\/uploads\/sites\/6\/2024\/03\/philippe-candeloro-gerardmer-3-scaled.jpg\"><img decoding=\"async\" class=\"aligncenter size-large wp-image-6643\" src=\"https:\/\/vosgesinfo.fr\/app\/uploads\/sites\/6\/2024\/03\/philippe-candeloro-gerardmer-3-1024x771.jpg\" alt=\"\" width=\"1024\" height=\"771\" srcset=\"https:\/\/vosgesinfo.fr\/app\/uploads\/sites\/6\/2024\/03\/philippe-candeloro-gerardmer-3-1024x771.jpg 1024w, https:\/\/vosgesinfo.fr\/app\/uploads\/sites\/6\/2024\/03\/philippe-candeloro-gerardmer-3-300x226.jpg 300w, https:\/\/vosgesinfo.fr\/app\/uploads\/sites\/6\/2024\/03\/philippe-candeloro-gerardmer-3-768x578.jpg 768w, https:\/\/vosgesinfo.fr\/app\/uploads\/sites\/6\/2024\/03\/philippe-candeloro-gerardmer-3-1536x1157.jpg 1536w, https:\/\/vosgesinfo.fr\/app\/uploads\/sites\/6\/2024\/03\/philippe-candeloro-gerardmer-3-2048x1542.jpg 2048w\" sizes=\"(max-width: 1024px) 100vw, 1024px\" \/><\/a><\/p>\n","protected":false},"excerpt":{"rendered":"<p>L&rsquo;ancien champion de patinage artistique et commentateur sportif au c\u00f4t\u00e9 de Nelson Monfort \u00e9tait l&rsquo;invit\u00e9 de G\u00e9rardmer Animation ce mercredi [&hellip;]<\/p>\n","protected":false},"author":42,"featured_media":6645,"comment_status":"open","ping_status":"open","sticky":false,"template":"","format":"standard","meta":{"footnotes":""},"categories":[20,25,18],"tags":[674,309],"class_list":["post-6640","post","type-post","status-publish","format-standard","has-post-thumbnail","hentry","category-a-la-une","category-gerardmer","category-vosges","tag-gerardmer-animation","tag-philippe-candeloro"],"acf":[],"yoast_head":"<!-- This site is optimized with the Yoast SEO plugin v22.5 - https:\/\/yoast.com\/wordpress\/plugins\/seo\/ -->\n<title>Philippe Candeloro de passage \u00e0 G\u00e9rardmer au Village du Skieur - Gerardmer Info<\/title>\n<meta name=\"robots\" content=\"index, follow, max-snippet:-1, max-image-preview:large, max-video-preview:-1\" \/>\n<link rel=\"canonical\" href=\"https:\/\/vosgesinfo.fr\/gerardmerinfo\/2024\/03\/philippe-candeloro-de-passage-a-gerardmer-au-village-du-skieur\/\" \/>\n<meta name=\"twitter:card\" content=\"summary_large_image\" \/>\n<meta name=\"twitter:title\" content=\"Philippe Candeloro de passage \u00e0 G\u00e9rardmer au Village du Skieur - Gerardmer Info\" \/>\n<meta name=\"twitter:description\" content=\"L&rsquo;ancien champion de patinage artistique et commentateur sportif au c\u00f4t\u00e9 de Nelson Monfort \u00e9tait l&rsquo;invit\u00e9 de G\u00e9rardmer Animation ce mercredi [&hellip;]\" \/>\n<meta name=\"twitter:image\" content=\"https:\/\/vosgesinfo.fr\/app\/uploads\/sites\/6\/2024\/03\/philippe-candeloro-gerardmer-5-scaled.jpg\" \/>\n<meta name=\"twitter:creator\" content=\"@VosgesInfo88\" \/>\n<meta name=\"twitter:site\" content=\"@VosgesInfo88\" \/>\n<meta name=\"twitter:label1\" content=\"\u00c9crit par\" \/>\n\t<meta name=\"twitter:data1\" content=\"QG\" \/>\n\t<meta name=\"twitter:label2\" content=\"Dur\u00e9e de lecture estim\u00e9e\" \/>\n\t<meta name=\"twitter:data2\" content=\"1 minute\" \/>\n<script type=\"application\/ld+json\" class=\"yoast-schema-graph\">{\"@context\":\"https:\/\/schema.org\",\"@graph\":[{\"@type\":\"Article\",\"@id\":\"https:\/\/vosgesinfo.fr\/gerardmerinfo\/2024\/03\/philippe-candeloro-de-passage-a-gerardmer-au-village-du-skieur\/#article\",\"isPartOf\":{\"@id\":\"https:\/\/vosgesinfo.fr\/gerardmerinfo\/2024\/03\/philippe-candeloro-de-passage-a-gerardmer-au-village-du-skieur\/\"},\"author\":{\"name\":\"QG\",\"@id\":\"https:\/\/vosgesinfo.fr\/gerardmerinfo\/#\/schema\/person\/db5605779a843dad16b5368f3e7613a5\"},\"headline\":\"Philippe Candeloro de passage \u00e0 G\u00e9rardmer au Village du Skieur\",\"datePublished\":\"2024-03-05T19:32:43+00:00\",\"dateModified\":\"2024-03-06T08:04:19+00:00\",\"mainEntityOfPage\":{\"@id\":\"https:\/\/vosgesinfo.fr\/gerardmerinfo\/2024\/03\/philippe-candeloro-de-passage-a-gerardmer-au-village-du-skieur\/\"},\"wordCount\":121,\"commentCount\":0,\"publisher\":{\"@id\":\"https:\/\/vosgesinfo.fr\/gerardmerinfo\/#organization\"},\"image\":{\"@id\":\"https:\/\/vosgesinfo.fr\/gerardmerinfo\/2024\/03\/philippe-candeloro-de-passage-a-gerardmer-au-village-du-skieur\/#primaryimage\"},\"thumbnailUrl\":\"https:\/\/vosgesinfo.fr\/app\/uploads\/sites\/6\/2024\/03\/philippe-candeloro-gerardmer-5-scaled.jpg\",\"keywords\":[\"g\u00e9rardmer animation\",\"Philippe Candeloro\"],\"articleSection\":[\"A la une\",\"G\u00e9rardmer\",\"Vosges\"],\"inLanguage\":\"fr-FR\",\"potentialAction\":[{\"@type\":\"CommentAction\",\"name\":\"Comment\",\"target\":[\"https:\/\/vosgesinfo.fr\/gerardmerinfo\/2024\/03\/philippe-candeloro-de-passage-a-gerardmer-au-village-du-skieur\/#respond\"]}]},{\"@type\":\"WebPage\",\"@id\":\"https:\/\/vosgesinfo.fr\/gerardmerinfo\/2024\/03\/philippe-candeloro-de-passage-a-gerardmer-au-village-du-skieur\/\",\"url\":\"https:\/\/vosgesinfo.fr\/gerardmerinfo\/2024\/03\/philippe-candeloro-de-passage-a-gerardmer-au-village-du-skieur\/\",\"name\":\"Philippe Candeloro de passage \u00e0 G\u00e9rardmer au Village du Skieur - Gerardmer Info\",\"isPartOf\":{\"@id\":\"https:\/\/vosgesinfo.fr\/gerardmerinfo\/#website\"},\"primaryImageOfPage\":{\"@id\":\"https:\/\/vosgesinfo.fr\/gerardmerinfo\/2024\/03\/philippe-candeloro-de-passage-a-gerardmer-au-village-du-skieur\/#primaryimage\"},\"image\":{\"@id\":\"https:\/\/vosgesinfo.fr\/gerardmerinfo\/2024\/03\/philippe-candeloro-de-passage-a-gerardmer-au-village-du-skieur\/#primaryimage\"},\"thumbnailUrl\":\"https:\/\/vosgesinfo.fr\/app\/uploads\/sites\/6\/2024\/03\/philippe-candeloro-gerardmer-5-scaled.jpg\",\"datePublished\":\"2024-03-05T19:32:43+00:00\",\"dateModified\":\"2024-03-06T08:04:19+00:00\",\"breadcrumb\":{\"@id\":\"https:\/\/vosgesinfo.fr\/gerardmerinfo\/2024\/03\/philippe-candeloro-de-passage-a-gerardmer-au-village-du-skieur\/#breadcrumb\"},\"inLanguage\":\"fr-FR\",\"potentialAction\":[{\"@type\":\"ReadAction\",\"target\":[\"https:\/\/vosgesinfo.fr\/gerardmerinfo\/2024\/03\/philippe-candeloro-de-passage-a-gerardmer-au-village-du-skieur\/\"]}]},{\"@type\":\"ImageObject\",\"inLanguage\":\"fr-FR\",\"@id\":\"https:\/\/vosgesinfo.fr\/gerardmerinfo\/2024\/03\/philippe-candeloro-de-passage-a-gerardmer-au-village-du-skieur\/#primaryimage\",\"url\":\"https:\/\/vosgesinfo.fr\/app\/uploads\/sites\/6\/2024\/03\/philippe-candeloro-gerardmer-5-scaled.jpg\",\"contentUrl\":\"https:\/\/vosgesinfo.fr\/app\/uploads\/sites\/6\/2024\/03\/philippe-candeloro-gerardmer-5-scaled.jpg\",\"width\":2560,\"height\":1928},{\"@type\":\"BreadcrumbList\",\"@id\":\"https:\/\/vosgesinfo.fr\/gerardmerinfo\/2024\/03\/philippe-candeloro-de-passage-a-gerardmer-au-village-du-skieur\/#breadcrumb\",\"itemListElement\":[{\"@type\":\"ListItem\",\"position\":1,\"name\":\"Home\",\"item\":\"https:\/\/vosgesinfo.fr\/gerardmerinfo\/\"},{\"@type\":\"ListItem\",\"position\":2,\"name\":\"Philippe Candeloro de passage \u00e0 G\u00e9rardmer au Village du Skieur\"}]},{\"@type\":\"WebSite\",\"@id\":\"https:\/\/vosgesinfo.fr\/gerardmerinfo\/#website\",\"url\":\"https:\/\/vosgesinfo.fr\/gerardmerinfo\/\",\"name\":\"Gerardmer Info\",\"description\":\"Toute l&#039;actualit\u00e9 de G\u00e9rardmer\",\"publisher\":{\"@id\":\"https:\/\/vosgesinfo.fr\/gerardmerinfo\/#organization\"},\"alternateName\":\"Toute l'actualit\u00e9 de G\u00e9rardmer\",\"potentialAction\":[{\"@type\":\"SearchAction\",\"target\":{\"@type\":\"EntryPoint\",\"urlTemplate\":\"https:\/\/vosgesinfo.fr\/gerardmerinfo\/?s={search_term_string}\"},\"query-input\":\"required name=search_term_string\"}],\"inLanguage\":\"fr-FR\"},{\"@type\":\"Organization\",\"@id\":\"https:\/\/vosgesinfo.fr\/gerardmerinfo\/#organization\",\"name\":\"Gerardmer Info\",\"url\":\"https:\/\/vosgesinfo.fr\/gerardmerinfo\/\",\"logo\":{\"@type\":\"ImageObject\",\"inLanguage\":\"fr-FR\",\"@id\":\"https:\/\/vosgesinfo.fr\/gerardmerinfo\/#\/schema\/logo\/image\/\",\"url\":\"https:\/\/vosgesinfo.fr\/app\/uploads\/sites\/6\/2023\/08\/favicon-gerardmerinfo.png\",\"contentUrl\":\"https:\/\/vosgesinfo.fr\/app\/uploads\/sites\/6\/2023\/08\/favicon-gerardmerinfo.png\",\"width\":512,\"height\":512,\"caption\":\"Gerardmer Info\"},\"image\":{\"@id\":\"https:\/\/vosgesinfo.fr\/gerardmerinfo\/#\/schema\/logo\/image\/\"},\"sameAs\":[\"https:\/\/www.facebook.com\/profile.php?id=100049475262660\",\"https:\/\/x.com\/VosgesInfo88\",\"https:\/\/www.youtube.com\/@vosgesinfo\"]},{\"@type\":\"Person\",\"@id\":\"https:\/\/vosgesinfo.fr\/gerardmerinfo\/#\/schema\/person\/db5605779a843dad16b5368f3e7613a5\",\"name\":\"QG\",\"image\":{\"@type\":\"ImageObject\",\"inLanguage\":\"fr-FR\",\"@id\":\"https:\/\/vosgesinfo.fr\/gerardmerinfo\/#\/schema\/person\/image\/\",\"url\":\"https:\/\/secure.gravatar.com\/avatar\/ea80c42c204b534408512832fde52504ecabb9706bcb6151cf6175e5b64e6793?s=96&d=mm&r=g\",\"contentUrl\":\"https:\/\/secure.gravatar.com\/avatar\/ea80c42c204b534408512832fde52504ecabb9706bcb6151cf6175e5b64e6793?s=96&d=mm&r=g\",\"caption\":\"QG\"},\"url\":\"https:\/\/vosgesinfo.fr\/gerardmerinfo\/author\/quentin88\/\"}]}<\/script>\n<!-- \/ Yoast SEO plugin. -->","yoast_head_json":{"title":"Philippe Candeloro de passage \u00e0 G\u00e9rardmer au Village du Skieur - Gerardmer Info","robots":{"index":"index","follow":"follow","max-snippet":"max-snippet:-1","max-image-preview":"max-image-preview:large","max-video-preview":"max-video-preview:-1"},"canonical":"https:\/\/vosgesinfo.fr\/gerardmerinfo\/2024\/03\/philippe-candeloro-de-passage-a-gerardmer-au-village-du-skieur\/","twitter_card":"summary_large_image","twitter_title":"Philippe Candeloro de passage \u00e0 G\u00e9rardmer au Village du Skieur - Gerardmer Info","twitter_description":"L&rsquo;ancien champion de patinage artistique et commentateur sportif au c\u00f4t\u00e9 de Nelson Monfort \u00e9tait l&rsquo;invit\u00e9 de G\u00e9rardmer Animation ce mercredi [&hellip;]","twitter_image":"https:\/\/vosgesinfo.fr\/app\/uploads\/sites\/6\/2024\/03\/philippe-candeloro-gerardmer-5-scaled.jpg","twitter_creator":"@VosgesInfo88","twitter_site":"@VosgesInfo88","twitter_misc":{"\u00c9crit par":"QG","Dur\u00e9e de lecture estim\u00e9e":"1 minute"},"schema":{"@context":"https:\/\/schema.org","@graph":[{"@type":"Article","@id":"https:\/\/vosgesinfo.fr\/gerardmerinfo\/2024\/03\/philippe-candeloro-de-passage-a-gerardmer-au-village-du-skieur\/#article","isPartOf":{"@id":"https:\/\/vosgesinfo.fr\/gerardmerinfo\/2024\/03\/philippe-candeloro-de-passage-a-gerardmer-au-village-du-skieur\/"},"author":{"name":"QG","@id":"https:\/\/vosgesinfo.fr\/gerardmerinfo\/#\/schema\/person\/db5605779a843dad16b5368f3e7613a5"},"headline":"Philippe Candeloro de passage \u00e0 G\u00e9rardmer au Village du Skieur","datePublished":"2024-03-05T19:32:43+00:00","dateModified":"2024-03-06T08:04:19+00:00","mainEntityOfPage":{"@id":"https:\/\/vosgesinfo.fr\/gerardmerinfo\/2024\/03\/philippe-candeloro-de-passage-a-gerardmer-au-village-du-skieur\/"},"wordCount":121,"commentCount":0,"publisher":{"@id":"https:\/\/vosgesinfo.fr\/gerardmerinfo\/#organization"},"image":{"@id":"https:\/\/vosgesinfo.fr\/gerardmerinfo\/2024\/03\/philippe-candeloro-de-passage-a-gerardmer-au-village-du-skieur\/#primaryimage"},"thumbnailUrl":"https:\/\/vosgesinfo.fr\/app\/uploads\/sites\/6\/2024\/03\/philippe-candeloro-gerardmer-5-scaled.jpg","keywords":["g\u00e9rardmer animation","Philippe Candeloro"],"articleSection":["A la une","G\u00e9rardmer","Vosges"],"inLanguage":"fr-FR","potentialAction":[{"@type":"CommentAction","name":"Comment","target":["https:\/\/vosgesinfo.fr\/gerardmerinfo\/2024\/03\/philippe-candeloro-de-passage-a-gerardmer-au-village-du-skieur\/#respond"]}]},{"@type":"WebPage","@id":"https:\/\/vosgesinfo.fr\/gerardmerinfo\/2024\/03\/philippe-candeloro-de-passage-a-gerardmer-au-village-du-skieur\/","url":"https:\/\/vosgesinfo.fr\/gerardmerinfo\/2024\/03\/philippe-candeloro-de-passage-a-gerardmer-au-village-du-skieur\/","name":"Philippe Candeloro de passage \u00e0 G\u00e9rardmer au Village du Skieur - Gerardmer Info","isPartOf":{"@id":"https:\/\/vosgesinfo.fr\/gerardmerinfo\/#website"},"primaryImageOfPage":{"@id":"https:\/\/vosgesinfo.fr\/gerardmerinfo\/2024\/03\/philippe-candeloro-de-passage-a-gerardmer-au-village-du-skieur\/#primaryimage"},"image":{"@id":"https:\/\/vosgesinfo.fr\/gerardmerinfo\/2024\/03\/philippe-candeloro-de-passage-a-gerardmer-au-village-du-skieur\/#primaryimage"},"thumbnailUrl":"https:\/\/vosgesinfo.fr\/app\/uploads\/sites\/6\/2024\/03\/philippe-candeloro-gerardmer-5-scaled.jpg","datePublished":"2024-03-05T19:32:43+00:00","dateModified":"2024-03-06T08:04:19+00:00","breadcrumb":{"@id":"https:\/\/vosgesinfo.fr\/gerardmerinfo\/2024\/03\/philippe-candeloro-de-passage-a-gerardmer-au-village-du-skieur\/#breadcrumb"},"inLanguage":"fr-FR","potentialAction":[{"@type":"ReadAction","target":["https:\/\/vosgesinfo.fr\/gerardmerinfo\/2024\/03\/philippe-candeloro-de-passage-a-gerardmer-au-village-du-skieur\/"]}]},{"@type":"ImageObject","inLanguage":"fr-FR","@id":"https:\/\/vosgesinfo.fr\/gerardmerinfo\/2024\/03\/philippe-candeloro-de-passage-a-gerardmer-au-village-du-skieur\/#primaryimage","url":"https:\/\/vosgesinfo.fr\/app\/uploads\/sites\/6\/2024\/03\/philippe-candeloro-gerardmer-5-scaled.jpg","contentUrl":"https:\/\/vosgesinfo.fr\/app\/uploads\/sites\/6\/2024\/03\/philippe-candeloro-gerardmer-5-scaled.jpg","width":2560,"height":1928},{"@type":"BreadcrumbList","@id":"https:\/\/vosgesinfo.fr\/gerardmerinfo\/2024\/03\/philippe-candeloro-de-passage-a-gerardmer-au-village-du-skieur\/#breadcrumb","itemListElement":[{"@type":"ListItem","position":1,"name":"Home","item":"https:\/\/vosgesinfo.fr\/gerardmerinfo\/"},{"@type":"ListItem","position":2,"name":"Philippe Candeloro de passage \u00e0 G\u00e9rardmer au Village du Skieur"}]},{"@type":"WebSite","@id":"https:\/\/vosgesinfo.fr\/gerardmerinfo\/#website","url":"https:\/\/vosgesinfo.fr\/gerardmerinfo\/","name":"Gerardmer Info","description":"Toute l&#039;actualit\u00e9 de G\u00e9rardmer","publisher":{"@id":"https:\/\/vosgesinfo.fr\/gerardmerinfo\/#organization"},"alternateName":"Toute l'actualit\u00e9 de G\u00e9rardmer","potentialAction":[{"@type":"SearchAction","target":{"@type":"EntryPoint","urlTemplate":"https:\/\/vosgesinfo.fr\/gerardmerinfo\/?s={search_term_string}"},"query-input":"required name=search_term_string"}],"inLanguage":"fr-FR"},{"@type":"Organization","@id":"https:\/\/vosgesinfo.fr\/gerardmerinfo\/#organization","name":"Gerardmer Info","url":"https:\/\/vosgesinfo.fr\/gerardmerinfo\/","logo":{"@type":"ImageObject","inLanguage":"fr-FR","@id":"https:\/\/vosgesinfo.fr\/gerardmerinfo\/#\/schema\/logo\/image\/","url":"https:\/\/vosgesinfo.fr\/app\/uploads\/sites\/6\/2023\/08\/favicon-gerardmerinfo.png","contentUrl":"https:\/\/vosgesinfo.fr\/app\/uploads\/sites\/6\/2023\/08\/favicon-gerardmerinfo.png","width":512,"height":512,"caption":"Gerardmer Info"},"image":{"@id":"https:\/\/vosgesinfo.fr\/gerardmerinfo\/#\/schema\/logo\/image\/"},"sameAs":["https:\/\/www.facebook.com\/profile.php?id=100049475262660","https:\/\/x.com\/VosgesInfo88","https:\/\/www.youtube.com\/@vosgesinfo"]},{"@type":"Person","@id":"https:\/\/vosgesinfo.fr\/gerardmerinfo\/#\/schema\/person\/db5605779a843dad16b5368f3e7613a5","name":"QG","image":{"@type":"ImageObject","inLanguage":"fr-FR","@id":"https:\/\/vosgesinfo.fr\/gerardmerinfo\/#\/schema\/person\/image\/","url":"https:\/\/secure.gravatar.com\/avatar\/ea80c42c204b534408512832fde52504ecabb9706bcb6151cf6175e5b64e6793?s=96&d=mm&r=g","contentUrl":"https:\/\/secure.gravatar.com\/avatar\/ea80c42c204b534408512832fde52504ecabb9706bcb6151cf6175e5b64e6793?s=96&d=mm&r=g","caption":"QG"},"url":"https:\/\/vosgesinfo.fr\/gerardmerinfo\/author\/quentin88\/"}]}},"_links":{"self":[{"href":"https:\/\/vosgesinfo.fr\/gerardmerinfo\/wp-json\/wp\/v2\/posts\/6640","targetHints":{"allow":["GET"]}}],"collection":[{"href":"https:\/\/vosgesinfo.fr\/gerardmerinfo\/wp-json\/wp\/v2\/posts"}],"about":[{"href":"https:\/\/vosgesinfo.fr\/gerardmerinfo\/wp-json\/wp\/v2\/types\/post"}],"author":[{"embeddable":true,"href":"https:\/\/vosgesinfo.fr\/gerardmerinfo\/wp-json\/wp\/v2\/users\/42"}],"replies":[{"embeddable":true,"href":"https:\/\/vosgesinfo.fr\/gerardmerinfo\/wp-json\/wp\/v2\/comments?post=6640"}],"version-history":[{"count":1,"href":"https:\/\/vosgesinfo.fr\/gerardmerinfo\/wp-json\/wp\/v2\/posts\/6640\/revisions"}],"predecessor-version":[{"id":6646,"href":"https:\/\/vosgesinfo.fr\/gerardmerinfo\/wp-json\/wp\/v2\/posts\/6640\/revisions\/6646"}],"wp:featuredmedia":[{"embeddable":true,"href":"https:\/\/vosgesinfo.fr\/gerardmerinfo\/wp-json\/wp\/v2\/media\/6645"}],"wp:attachment":[{"href":"https:\/\/vosgesinfo.fr\/gerardmerinfo\/wp-json\/wp\/v2\/media?parent=6640"}],"wp:term":[{"taxonomy":"category","embeddable":true,"href":"https:\/\/vosgesinfo.fr\/gerardmerinfo\/wp-json\/wp\/v2\/categories?post=6640"},{"taxonomy":"post_tag","embeddable":true,"href":"https:\/\/vosgesinfo.fr\/gerardmerinfo\/wp-json\/wp\/v2\/tags?post=6640"}],"curies":[{"name":"wp","href":"https:\/\/api.w.org\/{rel}","templated":true}]}}