{"id":66612,"date":"2023-05-28T07:27:18","date_gmt":"2023-05-28T05:27:18","guid":{"rendered":"https:\/\/vosgesinfo.fr\/gerardmerinfo\/2023\/05\/ecoles-de-musique-se-rencontrent-oreilles-apprecient\/"},"modified":"2023-05-28T07:27:18","modified_gmt":"2023-05-28T05:27:18","slug":"ecoles-de-musique-se-rencontrent-oreilles-apprecient","status":"publish","type":"post","link":"https:\/\/vosgesinfo.fr\/gerardmerinfo\/2023\/05\/ecoles-de-musique-se-rencontrent-oreilles-apprecient\/","title":{"rendered":"Quand les \u00e9coles de musique se rencontrent, les oreilles appr\u00e9cient !"},"content":{"rendered":"\n<p>C\u2019est un orchestre de 75 jeunes instrumentistes \u00e0 vent et percussions de 1<sup>er<\/sup> cycle (entre 2 ans et 4 ans de pratique) ainsi que de quelques adultes d\u00e9butants qui s\u2019est produit ce samedi \u00e0 15 h \u00e0 la salle polyvalente de Xonrupt-Longemer.<\/p>\n<p>Le concert propos\u00e9 par l\u2019Ecole Intercommunale de Musique avait pour intitul\u00e9 : \u00ab\u00a0Au temps en emportent les vents\u00a0\u00bb. Le projet regroupe 4 classes d\u2019orchestre pour un programme commun, avec diff\u00e9rents partenaires soit le conservatoire Gautier d\u2019\u00c9pinal, les Ecoles Intercommunales \u00ab\u00a0le Cube\u00a0\u00bb du secteur de Remiremont, de Rambervillers et de G\u00e9rardmer Hautes Vosges.<\/p>\n<p>L&rsquo;objectif commun initi\u00e9 il y a 2 ans par M. Tanazaq de l\u2019agglom\u00e9ration d\u2019\u00c9pinal est codirig\u00e9 par les \u00e9poux B\u00e9rard pour G\u00e9rardmer et Remiremont : Mme Grandioso vient compl\u00e9ter l\u2019\u00e9quipe pour Rambervillers. Les r\u00e9p\u00e9titions se d\u00e9roulent une fois par semaine dans les \u00e9coles respectives dont une \u00ab\u00a0g\u00e9n\u00e9rale\u00a0\u00bb act\u00e9e\u00a0 au mois de f\u00e9vrier dernier.<\/p>\n<p>Il s\u2019agissait du deuxi\u00e8me concert, un premier a \u00e9t\u00e9 donn\u00e9 en avril dernier \u00e0 l\u2019Auditorium de la Louvi\u00e8re \u00e0 Epinal, et le troisi\u00e8me qui boucle ce programme aura lieu le 14 juin \u00e0 St Etienne les Remiremont dans le cadre du festival de la musique intitul\u00e9 \u00ab \u00c7a Souffle Dans Les Arcades\u00a0\u00bb. Les musiciens souhaitent p\u00e9renniser la collaboration aux vues de l\u2019enthousiasme rencontr\u00e9 aupr\u00e8s des participants et du public<\/p>\n<p>Ludovic B\u00e9rard, annonce une vingtaine de concerts \u00e0 venir d\u2019ici la fin de l\u2019ann\u00e9e scolaire en ce qui concerne la Communaut\u00e9 de Commune G\u00e9rardmer Hautes Vosges. Les m\u00e9lomanes sont pr\u00e9venus.<\/p>\n<p><strong>IN<\/strong><\/p>\n","protected":false},"excerpt":{"rendered":"<p>C\u2019est un orchestre de 75 jeunes instrumentistes \u00e0 vent et percussions de 1er cycle (entre 2 ans et 4 ans [&hellip;]<\/p>\n","protected":false},"author":1,"featured_media":66613,"comment_status":"open","ping_status":"open","sticky":false,"template":"","format":"standard","meta":{"footnotes":""},"categories":[20,34,4],"tags":[],"class_list":["post-66612","post","type-post","status-publish","format-standard","has-post-thumbnail","hentry","category-a-la-une","category-concert","category-culture"],"acf":[],"yoast_head":"<!-- This site is optimized with the Yoast SEO plugin v22.5 - https:\/\/yoast.com\/wordpress\/plugins\/seo\/ -->\n<title>Quand les \u00e9coles de musique se rencontrent, les oreilles appr\u00e9cient ! - Gerardmer Info<\/title>\n<meta name=\"robots\" content=\"index, follow, max-snippet:-1, max-image-preview:large, max-video-preview:-1\" \/>\n<link rel=\"canonical\" href=\"https:\/\/vosgesinfo.fr\/gerardmerinfo\/2023\/05\/ecoles-de-musique-se-rencontrent-oreilles-apprecient\/\" \/>\n<meta name=\"twitter:card\" content=\"summary_large_image\" \/>\n<meta name=\"twitter:title\" content=\"Quand les \u00e9coles de musique se rencontrent, les oreilles appr\u00e9cient ! - Gerardmer Info\" \/>\n<meta name=\"twitter:description\" content=\"C\u2019est un orchestre de 75 jeunes instrumentistes \u00e0 vent et percussions de 1er cycle (entre 2 ans et 4 ans [&hellip;]\" \/>\n<meta name=\"twitter:image\" content=\"https:\/\/vosgesinfo.fr\/app\/uploads\/sites\/6\/2024\/07\/202305co2.jpeg\" \/>\n<meta name=\"twitter:creator\" content=\"@VosgesInfo88\" \/>\n<meta name=\"twitter:site\" content=\"@VosgesInfo88\" \/>\n<meta name=\"twitter:label1\" content=\"\u00c9crit par\" \/>\n\t<meta name=\"twitter:data1\" content=\"qs_admin\" \/>\n\t<meta name=\"twitter:label2\" content=\"Dur\u00e9e de lecture estim\u00e9e\" \/>\n\t<meta name=\"twitter:data2\" content=\"1 minute\" \/>\n<script type=\"application\/ld+json\" class=\"yoast-schema-graph\">{\"@context\":\"https:\/\/schema.org\",\"@graph\":[{\"@type\":\"Article\",\"@id\":\"https:\/\/vosgesinfo.fr\/gerardmerinfo\/2023\/05\/ecoles-de-musique-se-rencontrent-oreilles-apprecient\/#article\",\"isPartOf\":{\"@id\":\"https:\/\/vosgesinfo.fr\/gerardmerinfo\/2023\/05\/ecoles-de-musique-se-rencontrent-oreilles-apprecient\/\"},\"author\":{\"name\":\"qs_admin\",\"@id\":\"https:\/\/vosgesinfo.fr\/gerardmerinfo\/#\/schema\/person\/bc5d02d71e6932e81b6dadb7386667b1\"},\"headline\":\"Quand les \u00e9coles de musique se rencontrent, les oreilles appr\u00e9cient !\",\"datePublished\":\"2023-05-28T05:27:18+00:00\",\"dateModified\":\"2023-05-28T05:27:18+00:00\",\"mainEntityOfPage\":{\"@id\":\"https:\/\/vosgesinfo.fr\/gerardmerinfo\/2023\/05\/ecoles-de-musique-se-rencontrent-oreilles-apprecient\/\"},\"wordCount\":289,\"commentCount\":0,\"publisher\":{\"@id\":\"https:\/\/vosgesinfo.fr\/gerardmerinfo\/#organization\"},\"image\":{\"@id\":\"https:\/\/vosgesinfo.fr\/gerardmerinfo\/2023\/05\/ecoles-de-musique-se-rencontrent-oreilles-apprecient\/#primaryimage\"},\"thumbnailUrl\":\"https:\/\/vosgesinfo.fr\/app\/uploads\/sites\/6\/2024\/07\/202305co2.jpeg\",\"articleSection\":[\"A la une\",\"Concert\",\"Culture\"],\"inLanguage\":\"fr-FR\",\"potentialAction\":[{\"@type\":\"CommentAction\",\"name\":\"Comment\",\"target\":[\"https:\/\/vosgesinfo.fr\/gerardmerinfo\/2023\/05\/ecoles-de-musique-se-rencontrent-oreilles-apprecient\/#respond\"]}]},{\"@type\":\"WebPage\",\"@id\":\"https:\/\/vosgesinfo.fr\/gerardmerinfo\/2023\/05\/ecoles-de-musique-se-rencontrent-oreilles-apprecient\/\",\"url\":\"https:\/\/vosgesinfo.fr\/gerardmerinfo\/2023\/05\/ecoles-de-musique-se-rencontrent-oreilles-apprecient\/\",\"name\":\"Quand les \u00e9coles de musique se rencontrent, les oreilles appr\u00e9cient ! - Gerardmer Info\",\"isPartOf\":{\"@id\":\"https:\/\/vosgesinfo.fr\/gerardmerinfo\/#website\"},\"primaryImageOfPage\":{\"@id\":\"https:\/\/vosgesinfo.fr\/gerardmerinfo\/2023\/05\/ecoles-de-musique-se-rencontrent-oreilles-apprecient\/#primaryimage\"},\"image\":{\"@id\":\"https:\/\/vosgesinfo.fr\/gerardmerinfo\/2023\/05\/ecoles-de-musique-se-rencontrent-oreilles-apprecient\/#primaryimage\"},\"thumbnailUrl\":\"https:\/\/vosgesinfo.fr\/app\/uploads\/sites\/6\/2024\/07\/202305co2.jpeg\",\"datePublished\":\"2023-05-28T05:27:18+00:00\",\"dateModified\":\"2023-05-28T05:27:18+00:00\",\"breadcrumb\":{\"@id\":\"https:\/\/vosgesinfo.fr\/gerardmerinfo\/2023\/05\/ecoles-de-musique-se-rencontrent-oreilles-apprecient\/#breadcrumb\"},\"inLanguage\":\"fr-FR\",\"potentialAction\":[{\"@type\":\"ReadAction\",\"target\":[\"https:\/\/vosgesinfo.fr\/gerardmerinfo\/2023\/05\/ecoles-de-musique-se-rencontrent-oreilles-apprecient\/\"]}]},{\"@type\":\"ImageObject\",\"inLanguage\":\"fr-FR\",\"@id\":\"https:\/\/vosgesinfo.fr\/gerardmerinfo\/2023\/05\/ecoles-de-musique-se-rencontrent-oreilles-apprecient\/#primaryimage\",\"url\":\"https:\/\/vosgesinfo.fr\/app\/uploads\/sites\/6\/2024\/07\/202305co2.jpeg\",\"contentUrl\":\"https:\/\/vosgesinfo.fr\/app\/uploads\/sites\/6\/2024\/07\/202305co2.jpeg\",\"width\":1200,\"height\":1600},{\"@type\":\"BreadcrumbList\",\"@id\":\"https:\/\/vosgesinfo.fr\/gerardmerinfo\/2023\/05\/ecoles-de-musique-se-rencontrent-oreilles-apprecient\/#breadcrumb\",\"itemListElement\":[{\"@type\":\"ListItem\",\"position\":1,\"name\":\"Home\",\"item\":\"https:\/\/vosgesinfo.fr\/gerardmerinfo\/\"},{\"@type\":\"ListItem\",\"position\":2,\"name\":\"Quand les \u00e9coles de musique se rencontrent, les oreilles appr\u00e9cient !\"}]},{\"@type\":\"WebSite\",\"@id\":\"https:\/\/vosgesinfo.fr\/gerardmerinfo\/#website\",\"url\":\"https:\/\/vosgesinfo.fr\/gerardmerinfo\/\",\"name\":\"Gerardmer Info\",\"description\":\"Toute l&#039;actualit\u00e9 de G\u00e9rardmer\",\"publisher\":{\"@id\":\"https:\/\/vosgesinfo.fr\/gerardmerinfo\/#organization\"},\"alternateName\":\"Toute l'actualit\u00e9 de G\u00e9rardmer\",\"potentialAction\":[{\"@type\":\"SearchAction\",\"target\":{\"@type\":\"EntryPoint\",\"urlTemplate\":\"https:\/\/vosgesinfo.fr\/gerardmerinfo\/?s={search_term_string}\"},\"query-input\":\"required name=search_term_string\"}],\"inLanguage\":\"fr-FR\"},{\"@type\":\"Organization\",\"@id\":\"https:\/\/vosgesinfo.fr\/gerardmerinfo\/#organization\",\"name\":\"Gerardmer Info\",\"url\":\"https:\/\/vosgesinfo.fr\/gerardmerinfo\/\",\"logo\":{\"@type\":\"ImageObject\",\"inLanguage\":\"fr-FR\",\"@id\":\"https:\/\/vosgesinfo.fr\/gerardmerinfo\/#\/schema\/logo\/image\/\",\"url\":\"https:\/\/vosgesinfo.fr\/app\/uploads\/sites\/6\/2023\/08\/favicon-gerardmerinfo.png\",\"contentUrl\":\"https:\/\/vosgesinfo.fr\/app\/uploads\/sites\/6\/2023\/08\/favicon-gerardmerinfo.png\",\"width\":512,\"height\":512,\"caption\":\"Gerardmer Info\"},\"image\":{\"@id\":\"https:\/\/vosgesinfo.fr\/gerardmerinfo\/#\/schema\/logo\/image\/\"},\"sameAs\":[\"https:\/\/www.facebook.com\/profile.php?id=100049475262660\",\"https:\/\/x.com\/VosgesInfo88\",\"https:\/\/www.youtube.com\/@vosgesinfo\"]},{\"@type\":\"Person\",\"@id\":\"https:\/\/vosgesinfo.fr\/gerardmerinfo\/#\/schema\/person\/bc5d02d71e6932e81b6dadb7386667b1\",\"name\":\"qs_admin\",\"image\":{\"@type\":\"ImageObject\",\"inLanguage\":\"fr-FR\",\"@id\":\"https:\/\/vosgesinfo.fr\/gerardmerinfo\/#\/schema\/person\/image\/\",\"url\":\"https:\/\/secure.gravatar.com\/avatar\/94b18ee0ed79e4a42ea2f2931277b6841a8999fc6fde214600c78057cf1fe1de?s=96&d=mm&r=g\",\"contentUrl\":\"https:\/\/secure.gravatar.com\/avatar\/94b18ee0ed79e4a42ea2f2931277b6841a8999fc6fde214600c78057cf1fe1de?s=96&d=mm&r=g\",\"caption\":\"qs_admin\"},\"sameAs\":[\"https:\/\/vosgesinfo.fr\/wp\"],\"url\":\"https:\/\/vosgesinfo.fr\/gerardmerinfo\/author\/qs_admin\/\"}]}<\/script>\n<!-- \/ Yoast SEO plugin. -->","yoast_head_json":{"title":"Quand les \u00e9coles de musique se rencontrent, les oreilles appr\u00e9cient ! - Gerardmer Info","robots":{"index":"index","follow":"follow","max-snippet":"max-snippet:-1","max-image-preview":"max-image-preview:large","max-video-preview":"max-video-preview:-1"},"canonical":"https:\/\/vosgesinfo.fr\/gerardmerinfo\/2023\/05\/ecoles-de-musique-se-rencontrent-oreilles-apprecient\/","twitter_card":"summary_large_image","twitter_title":"Quand les \u00e9coles de musique se rencontrent, les oreilles appr\u00e9cient ! - Gerardmer Info","twitter_description":"C\u2019est un orchestre de 75 jeunes instrumentistes \u00e0 vent et percussions de 1er cycle (entre 2 ans et 4 ans [&hellip;]","twitter_image":"https:\/\/vosgesinfo.fr\/app\/uploads\/sites\/6\/2024\/07\/202305co2.jpeg","twitter_creator":"@VosgesInfo88","twitter_site":"@VosgesInfo88","twitter_misc":{"\u00c9crit par":"qs_admin","Dur\u00e9e de lecture estim\u00e9e":"1 minute"},"schema":{"@context":"https:\/\/schema.org","@graph":[{"@type":"Article","@id":"https:\/\/vosgesinfo.fr\/gerardmerinfo\/2023\/05\/ecoles-de-musique-se-rencontrent-oreilles-apprecient\/#article","isPartOf":{"@id":"https:\/\/vosgesinfo.fr\/gerardmerinfo\/2023\/05\/ecoles-de-musique-se-rencontrent-oreilles-apprecient\/"},"author":{"name":"qs_admin","@id":"https:\/\/vosgesinfo.fr\/gerardmerinfo\/#\/schema\/person\/bc5d02d71e6932e81b6dadb7386667b1"},"headline":"Quand les \u00e9coles de musique se rencontrent, les oreilles appr\u00e9cient !","datePublished":"2023-05-28T05:27:18+00:00","dateModified":"2023-05-28T05:27:18+00:00","mainEntityOfPage":{"@id":"https:\/\/vosgesinfo.fr\/gerardmerinfo\/2023\/05\/ecoles-de-musique-se-rencontrent-oreilles-apprecient\/"},"wordCount":289,"commentCount":0,"publisher":{"@id":"https:\/\/vosgesinfo.fr\/gerardmerinfo\/#organization"},"image":{"@id":"https:\/\/vosgesinfo.fr\/gerardmerinfo\/2023\/05\/ecoles-de-musique-se-rencontrent-oreilles-apprecient\/#primaryimage"},"thumbnailUrl":"https:\/\/vosgesinfo.fr\/app\/uploads\/sites\/6\/2024\/07\/202305co2.jpeg","articleSection":["A la une","Concert","Culture"],"inLanguage":"fr-FR","potentialAction":[{"@type":"CommentAction","name":"Comment","target":["https:\/\/vosgesinfo.fr\/gerardmerinfo\/2023\/05\/ecoles-de-musique-se-rencontrent-oreilles-apprecient\/#respond"]}]},{"@type":"WebPage","@id":"https:\/\/vosgesinfo.fr\/gerardmerinfo\/2023\/05\/ecoles-de-musique-se-rencontrent-oreilles-apprecient\/","url":"https:\/\/vosgesinfo.fr\/gerardmerinfo\/2023\/05\/ecoles-de-musique-se-rencontrent-oreilles-apprecient\/","name":"Quand les \u00e9coles de musique se rencontrent, les oreilles appr\u00e9cient ! - Gerardmer Info","isPartOf":{"@id":"https:\/\/vosgesinfo.fr\/gerardmerinfo\/#website"},"primaryImageOfPage":{"@id":"https:\/\/vosgesinfo.fr\/gerardmerinfo\/2023\/05\/ecoles-de-musique-se-rencontrent-oreilles-apprecient\/#primaryimage"},"image":{"@id":"https:\/\/vosgesinfo.fr\/gerardmerinfo\/2023\/05\/ecoles-de-musique-se-rencontrent-oreilles-apprecient\/#primaryimage"},"thumbnailUrl":"https:\/\/vosgesinfo.fr\/app\/uploads\/sites\/6\/2024\/07\/202305co2.jpeg","datePublished":"2023-05-28T05:27:18+00:00","dateModified":"2023-05-28T05:27:18+00:00","breadcrumb":{"@id":"https:\/\/vosgesinfo.fr\/gerardmerinfo\/2023\/05\/ecoles-de-musique-se-rencontrent-oreilles-apprecient\/#breadcrumb"},"inLanguage":"fr-FR","potentialAction":[{"@type":"ReadAction","target":["https:\/\/vosgesinfo.fr\/gerardmerinfo\/2023\/05\/ecoles-de-musique-se-rencontrent-oreilles-apprecient\/"]}]},{"@type":"ImageObject","inLanguage":"fr-FR","@id":"https:\/\/vosgesinfo.fr\/gerardmerinfo\/2023\/05\/ecoles-de-musique-se-rencontrent-oreilles-apprecient\/#primaryimage","url":"https:\/\/vosgesinfo.fr\/app\/uploads\/sites\/6\/2024\/07\/202305co2.jpeg","contentUrl":"https:\/\/vosgesinfo.fr\/app\/uploads\/sites\/6\/2024\/07\/202305co2.jpeg","width":1200,"height":1600},{"@type":"BreadcrumbList","@id":"https:\/\/vosgesinfo.fr\/gerardmerinfo\/2023\/05\/ecoles-de-musique-se-rencontrent-oreilles-apprecient\/#breadcrumb","itemListElement":[{"@type":"ListItem","position":1,"name":"Home","item":"https:\/\/vosgesinfo.fr\/gerardmerinfo\/"},{"@type":"ListItem","position":2,"name":"Quand les \u00e9coles de musique se rencontrent, les oreilles appr\u00e9cient !"}]},{"@type":"WebSite","@id":"https:\/\/vosgesinfo.fr\/gerardmerinfo\/#website","url":"https:\/\/vosgesinfo.fr\/gerardmerinfo\/","name":"Gerardmer Info","description":"Toute l&#039;actualit\u00e9 de G\u00e9rardmer","publisher":{"@id":"https:\/\/vosgesinfo.fr\/gerardmerinfo\/#organization"},"alternateName":"Toute l'actualit\u00e9 de G\u00e9rardmer","potentialAction":[{"@type":"SearchAction","target":{"@type":"EntryPoint","urlTemplate":"https:\/\/vosgesinfo.fr\/gerardmerinfo\/?s={search_term_string}"},"query-input":"required name=search_term_string"}],"inLanguage":"fr-FR"},{"@type":"Organization","@id":"https:\/\/vosgesinfo.fr\/gerardmerinfo\/#organization","name":"Gerardmer Info","url":"https:\/\/vosgesinfo.fr\/gerardmerinfo\/","logo":{"@type":"ImageObject","inLanguage":"fr-FR","@id":"https:\/\/vosgesinfo.fr\/gerardmerinfo\/#\/schema\/logo\/image\/","url":"https:\/\/vosgesinfo.fr\/app\/uploads\/sites\/6\/2023\/08\/favicon-gerardmerinfo.png","contentUrl":"https:\/\/vosgesinfo.fr\/app\/uploads\/sites\/6\/2023\/08\/favicon-gerardmerinfo.png","width":512,"height":512,"caption":"Gerardmer Info"},"image":{"@id":"https:\/\/vosgesinfo.fr\/gerardmerinfo\/#\/schema\/logo\/image\/"},"sameAs":["https:\/\/www.facebook.com\/profile.php?id=100049475262660","https:\/\/x.com\/VosgesInfo88","https:\/\/www.youtube.com\/@vosgesinfo"]},{"@type":"Person","@id":"https:\/\/vosgesinfo.fr\/gerardmerinfo\/#\/schema\/person\/bc5d02d71e6932e81b6dadb7386667b1","name":"qs_admin","image":{"@type":"ImageObject","inLanguage":"fr-FR","@id":"https:\/\/vosgesinfo.fr\/gerardmerinfo\/#\/schema\/person\/image\/","url":"https:\/\/secure.gravatar.com\/avatar\/94b18ee0ed79e4a42ea2f2931277b6841a8999fc6fde214600c78057cf1fe1de?s=96&d=mm&r=g","contentUrl":"https:\/\/secure.gravatar.com\/avatar\/94b18ee0ed79e4a42ea2f2931277b6841a8999fc6fde214600c78057cf1fe1de?s=96&d=mm&r=g","caption":"qs_admin"},"sameAs":["https:\/\/vosgesinfo.fr\/wp"],"url":"https:\/\/vosgesinfo.fr\/gerardmerinfo\/author\/qs_admin\/"}]}},"_links":{"self":[{"href":"https:\/\/vosgesinfo.fr\/gerardmerinfo\/wp-json\/wp\/v2\/posts\/66612","targetHints":{"allow":["GET"]}}],"collection":[{"href":"https:\/\/vosgesinfo.fr\/gerardmerinfo\/wp-json\/wp\/v2\/posts"}],"about":[{"href":"https:\/\/vosgesinfo.fr\/gerardmerinfo\/wp-json\/wp\/v2\/types\/post"}],"author":[{"embeddable":true,"href":"https:\/\/vosgesinfo.fr\/gerardmerinfo\/wp-json\/wp\/v2\/users\/1"}],"replies":[{"embeddable":true,"href":"https:\/\/vosgesinfo.fr\/gerardmerinfo\/wp-json\/wp\/v2\/comments?post=66612"}],"version-history":[{"count":0,"href":"https:\/\/vosgesinfo.fr\/gerardmerinfo\/wp-json\/wp\/v2\/posts\/66612\/revisions"}],"wp:featuredmedia":[{"embeddable":true,"href":"https:\/\/vosgesinfo.fr\/gerardmerinfo\/wp-json\/wp\/v2\/media\/66613"}],"wp:attachment":[{"href":"https:\/\/vosgesinfo.fr\/gerardmerinfo\/wp-json\/wp\/v2\/media?parent=66612"}],"wp:term":[{"taxonomy":"category","embeddable":true,"href":"https:\/\/vosgesinfo.fr\/gerardmerinfo\/wp-json\/wp\/v2\/categories?post=66612"},{"taxonomy":"post_tag","embeddable":true,"href":"https:\/\/vosgesinfo.fr\/gerardmerinfo\/wp-json\/wp\/v2\/tags?post=66612"}],"curies":[{"name":"wp","href":"https:\/\/api.w.org\/{rel}","templated":true}]}}