{"id":67277,"date":"2023-06-28T14:58:59","date_gmt":"2023-06-28T12:58:59","guid":{"rendered":"https:\/\/vosgesinfo.fr\/gerardmerinfo\/2023\/06\/nouvel-ete-musical-se-prepare-concerts-saint-barthelemy\/"},"modified":"2023-06-28T14:58:59","modified_gmt":"2023-06-28T12:58:59","slug":"nouvel-ete-musical-se-prepare-concerts-saint-barthelemy","status":"publish","type":"post","link":"https:\/\/vosgesinfo.fr\/gerardmerinfo\/2023\/06\/nouvel-ete-musical-se-prepare-concerts-saint-barthelemy\/","title":{"rendered":"Un nouvel \u00ab\u00a0\u00c9t\u00e9 Musical\u00a0\u00bb se pr\u00e9pare avec les Concerts Saint Barth\u00e9l\u00e9my"},"content":{"rendered":"<h2><span style=\"font-size: 12pt;\">Les membres de l&rsquo;association des Concerts Saint Barth\u00e9l\u00e9my se sont r\u00e9cemment r\u00e9unis autour de leur pr\u00e9sident Philippe Fondard dans le cadre d&rsquo;une assembl\u00e9e g\u00e9n\u00e9rale ordinaire qui s&rsquo;est d\u00e9roul\u00e9e en pr\u00e9sence de l&rsquo;adjointe \u00e0 la culture Anne Chwaliszewski.<\/span><\/h2>\n<p><a href=\"\/2023\/06\/ag-st-barth\u00e9l\u00e9my.jpg\"><img decoding=\"async\" class=\"alignright size-medium wp-image-206873\" src=\"\/2023\/06\/ag-st-barth\u00e9l\u00e9my-339x255.jpg\" alt=\"ag st barth\u00e9l\u00e9my\" width=\"339\" height=\"255\" \/><\/a>L&rsquo;occasion de dresser un rapide bilan de l&rsquo;ann\u00e9e 2022 qui a redonn\u00e9 le sourire aux amicalistes m\u00e9lomanes de G\u00e9rardmer qui proposait 6 concert en \u00e9t\u00e9 et deux en automne. En effet, comme le rappelait Philippe Fondard, la crise sanitaire aura \u00e9t\u00e9 une redoutable p\u00e9riode \u00e0 traverser et 2021 ne laissera pas un souvenir imp\u00e9rissable en mati\u00e8re de fr\u00e9quentation. Fort heureusement, malgr\u00e9 un d\u00e9part un peu timide sur les premiers concerts, l\u2019\u00c9t\u00e9 Musical a repris un rythme de croisi\u00e8re int\u00e9ressant \u00e0 partir du 31 juillet avec un public qui a de nouveau r\u00e9pondu pr\u00e9sent : \u00ab\u00a0Cela nous a redonn\u00e9 le sourire et budg\u00e9tairement cela nous a permis de recadrer les finances qui avaient souffert auparavant\u00a0\u00bb pr\u00e9cise le pr\u00e9sident de l&rsquo;association.<\/p>\n<p>de bon augure pour 2023, d&rsquo;autant plus que le programme reste de qualit\u00e9, c&rsquo;est devenu une bonne habitude (voir ci dessous). Vous retrouverez ainsi l&rsquo;ensemble Molto Vivo, habitu\u00e9 de G\u00e9rardmer, les mandolines de Remirmont, un concert fl\u00fbte de pan et orgue avec notamment Dorian Gheorghilas, sans oublier un concert sp\u00e9cial de gospel au profit du Secours Catholique, ou encore le prodige Augustin Triboulot \u00e0 l&rsquo;euphonium, associ\u00e9 pour l&rsquo;occasion \u00e0 Yvan Terekhanov \u00e0 l&rsquo;orgue. Orgue dont il a \u00e9galement \u00e9t\u00e9 question lors de ces assises annuelles. En effet, ce dernier a souffert du manque d&rsquo;humidit\u00e9 li\u00e9 \u00e0 la canicule l&rsquo;an dernier, et de mani\u00e8re g\u00e9n\u00e9rale des chocs thermiques. Des \u00e9l\u00e9ments se d\u00e9collent et il est imp\u00e9ratif d&rsquo;agir. Deux devis vont \u00eatre r\u00e9alis\u00e9s prochainement et \u00e9tudi\u00e9s par l&rsquo;association et la Ville de G\u00e9rardmer qui est propri\u00e9taire de l&rsquo;orgue. Le montant de l&rsquo;op\u00e9ration devrait osciller entre 10 000 et 20 000 Euros.<\/p>\n<h3 style=\"text-align: center;\"><span style=\"font-size: 12pt;\"><strong>Le programme\u00a0 de <\/strong><\/span><span style=\"font-family: Arial, sans-serif; font-size: 12pt;\"><b>L\u2019\u00c9T\u00c9 MUSICAL 2023 :<br \/>\n<\/b><\/span><\/h3>\n<p class=\"western\" style=\"text-align: left;\" align=\"justify\"><span style=\"font-family: Arial, sans-serif; font-size: 12pt;\"><b>DIMANCHE 9 JUILLET \u00e0 17H30 <\/b><\/span><\/p>\n<p class=\"western\" style=\"text-align: left;\" align=\"justify\"><span style=\"font-family: Arial, sans-serif; font-size: 12pt;\">\u00c9GLISE ST BARTH\u00c9LEMY<\/span><\/p>\n<p class=\"western\" style=\"text-align: left;\" align=\"center\"><span style=\"font-family: Arial, sans-serif; font-size: 12pt;\"><b>ENSEMBLE MOLTO VIVO<\/b><\/span><\/p>\n<p class=\"western\" style=\"text-align: left;\" align=\"center\"><span style=\"font-family: Arial, sans-serif; font-size: 12pt;\">Voix, cordes, euphonium et clavier.<\/span><\/p>\n<p class=\"western\" style=\"text-align: left;\" align=\"center\"><span style=\"font-family: Arial, sans-serif; font-size: 12pt;\">Musique de chambre, m\u00e9lodies et airs d\u2019op\u00e9ras.<\/span><\/p>\n<p class=\"western\" style=\"text-align: left;\" align=\"justify\"><span style=\"font-family: Arial, sans-serif; font-size: 12pt;\"><b>DIMANCHE 16 JUILLET \u00e0 17H30 <\/b><\/span><\/p>\n<p class=\"western\" style=\"text-align: left;\" align=\"justify\"><span style=\"font-family: Arial, sans-serif; font-size: 12pt;\">\u00c9GLISE ST BARTH\u00c9LEMY<\/span><\/p>\n<p class=\"western\" style=\"text-align: left;\" align=\"center\"><span style=\"font-family: Arial, sans-serif; font-size: 12pt;\"><b>ORCHESTRE DES MANDOLINES DE REMIREMONT<\/b><\/span><\/p>\n<p class=\"western\" style=\"text-align: left;\" align=\"center\"><span style=\"font-family: Arial, sans-serif; font-size: 12pt;\">Direction\u00a0: Pascal ZAUG<\/span><\/p>\n<p class=\"western\" style=\"text-align: left;\" align=\"justify\"><span style=\"font-family: Arial, sans-serif; font-size: 12pt;\"><b>DIMANCHE 30 JUILLET \u00e0 17H30 <\/b><\/span><\/p>\n<p class=\"western\" style=\"text-align: left;\" align=\"justify\"><span style=\"font-family: Arial, sans-serif; font-size: 12pt;\">\u00c9GLISE ST BARTH\u00c9LEMY<\/span><\/p>\n<p class=\"western\" style=\"text-align: left;\" align=\"center\"><span style=\"font-family: Arial, sans-serif; font-size: 12pt;\"><b>TROMPETTE ET ORGUE<\/b><\/span><\/p>\n<p class=\"western\" style=\"text-align: left;\" align=\"center\"><span style=\"font-family: Arial, sans-serif; font-size: 12pt;\">Cl\u00e9ment FOISSEL (trompette)<\/span><\/p>\n<p class=\"western\" style=\"text-align: left;\" align=\"center\"><span style=\"font-family: Arial, sans-serif; font-size: 12pt;\">J\u00e9r\u00e9my MARCHAL (orgue)<\/span><\/p>\n<p class=\"western\" style=\"text-align: left;\" align=\"justify\"><span style=\"font-family: Arial, sans-serif; font-size: 12pt;\"><b>DIMANCHE 6 AOUT \u00e0 17H30 <\/b><\/span><\/p>\n<p class=\"western\" style=\"text-align: left;\" align=\"justify\"><span style=\"font-family: Arial, sans-serif; font-size: 12pt;\">\u00c9GLISE ST BARTH\u00c9LEMY<\/span><\/p>\n<p class=\"western\" style=\"text-align: left;\" align=\"center\"><span style=\"font-family: Arial, sans-serif; font-size: 12pt;\"><b>FL\u00dbTE DE PAN ET ORGUE<\/b><\/span><\/p>\n<p class=\"western\" style=\"text-align: left;\" align=\"center\"><span style=\"font-family: Arial, sans-serif; font-size: 12pt;\">Dorian GHEORGHILAS (fl\u00fbte de Pan)<\/span><\/p>\n<p class=\"western\" style=\"text-align: left;\" align=\"center\"><span style=\"font-family: Arial, sans-serif; font-size: 12pt;\">Mathias STRAUSS (orgue)<\/span><\/p>\n<p class=\"western\" style=\"text-align: left;\" align=\"justify\"><span style=\"font-family: Arial, sans-serif; font-size: 12pt;\"><b>DIMANCHE 13 AO\u00dbT \u00e0 17H30 <\/b><\/span><\/p>\n<p class=\"western\" style=\"text-align: left;\" align=\"justify\"><span style=\"font-family: Arial, sans-serif; font-size: 12pt;\">\u00c9GLISE ST BARTHELEMY<\/span><\/p>\n<p class=\"western\" style=\"text-align: left;\" align=\"center\"><span style=\"font-family: Arial, sans-serif; font-size: 12pt;\"><b>EUPHONIUM ET ORGUE<\/b><\/span><\/p>\n<p class=\"western\" style=\"text-align: left;\" align=\"center\"><span style=\"font-family: Arial, sans-serif; font-size: 12pt;\">Augustin TRIBOULOT (euphonium)<\/span><\/p>\n<p class=\"western\" style=\"text-align: left;\" align=\"center\"><span style=\"font-family: Arial, sans-serif; font-size: 12pt;\">Yvan TEREKHANOV (orgue)<\/span><\/p>\n<p class=\"western\" style=\"text-align: left;\" align=\"justify\"><span style=\"font-family: Arial, sans-serif; font-size: 12pt;\"><b>Tarifs d\u2019entr\u00e9e\u00a0: 10\u20ac (Tarif plein), 7\u20ac (jeunes, \u00e9tudiants et sans emploi). GRATUIT pour les moins de 12 ans accompagn\u00e9s.<\/b><\/span><\/p>\n<p class=\"western\" style=\"text-align: left;\" align=\"justify\"><span style=\"font-family: Arial, sans-serif; font-size: 12pt;\">Association des Concerts Saint Barth\u00e9lemy, renseignements au 06 07 65 30 70<\/span><\/p>\n<p class=\"western\" style=\"text-align: left;\" align=\"center\"><span style=\"font-family: Arial, sans-serif; font-size: 12pt;\">******************************<\/span><\/p>\n<p class=\"western\" style=\"text-align: left;\"><span style=\"font-family: Arial, sans-serif; font-size: 12pt;\"><b>DIMANCHE 23 JUILLET \u00e0 16h00,<\/b><\/span><\/p>\n<p class=\"western\" style=\"text-align: left;\"><span style=\"font-family: Arial, sans-serif; font-size: 12pt;\">\u00c9GLISE ST BARTHELEMY<\/span><\/p>\n<p class=\"western\" style=\"text-align: left;\" align=\"center\"><span style=\"font-family: Arial, sans-serif; font-size: 12pt;\"><b>CONCERT GOSPEL<\/b><\/span><\/p>\n<p class=\"western\" style=\"text-align: left;\" align=\"center\"><span style=\"font-family: Arial, sans-serif; font-size: 12pt;\"><b>PAR LA CHORALE DES PEUPLES<\/b><\/span><\/p>\n<p class=\"western\" style=\"text-align: left;\" align=\"center\"><span style=\"font-family: Arial, sans-serif; font-size: 12pt;\"><b>Entr\u00e9e gratuite, <\/b><\/span><\/p>\n<p class=\"western\" style=\"text-align: left;\" align=\"center\"><span style=\"font-family: Arial, sans-serif; font-size: 12pt;\"><b>libre participation au profit du SECOURS CATHOLIQUE<\/b><\/span><\/p>\n<p class=\"western\" style=\"text-align: left;\" align=\"center\"><span style=\"font-family: Arial, sans-serif; font-size: 12pt;\">***************************<\/span><\/p>\n<p class=\"western\" style=\"text-align: left;\"><span style=\"font-family: Arial, sans-serif; font-size: 12pt;\"><b>SAMEDI 26 AO\u00dbT \u00e0 20H30 <\/b><\/span><\/p>\n<p class=\"western\" style=\"text-align: left;\"><span style=\"font-family: Arial, sans-serif; font-size: 12pt;\">\u00c9GLISE ST BARTHELEMY<\/span><\/p>\n<p class=\"western\" style=\"text-align: left;\" align=\"center\"><span style=\"font-family: Arial, sans-serif; font-size: 12pt;\"><b>CONCERT DES PROFESSEURS DE L\u2019ACADEMIE DE MUSIQUE ET DU CH\u0152UR <\/b><\/span><\/p>\n<p class=\"western\" style=\"text-align: left;\" align=\"center\"><span style=\"font-family: Arial, sans-serif; font-size: 12pt;\"><b>dirig\u00e9 par G\u00e9rard COLOMBO<\/b><\/span><\/p>\n","protected":false},"excerpt":{"rendered":"<p>Les membres de l&rsquo;association des Concerts Saint Barth\u00e9l\u00e9my se sont r\u00e9cemment r\u00e9unis autour de leur pr\u00e9sident Philippe Fondard dans le [&hellip;]<\/p>\n","protected":false},"author":42,"featured_media":67278,"comment_status":"open","ping_status":"open","sticky":false,"template":"","format":"standard","meta":{"footnotes":""},"categories":[20,34,4,25,17],"tags":[73],"class_list":["post-67277","post","type-post","status-publish","format-standard","has-post-thumbnail","hentry","category-a-la-une","category-concert","category-culture","category-gerardmer","category-vie-associative","tag-association-des-concerts-saint-barthelemy"],"acf":[],"yoast_head":"<!-- This site is optimized with the Yoast SEO plugin v22.5 - https:\/\/yoast.com\/wordpress\/plugins\/seo\/ -->\n<title>Un nouvel &quot;\u00c9t\u00e9 Musical&quot; se pr\u00e9pare avec les Concerts Saint Barth\u00e9l\u00e9my - Gerardmer Info<\/title>\n<meta name=\"robots\" content=\"index, follow, max-snippet:-1, max-image-preview:large, max-video-preview:-1\" \/>\n<link rel=\"canonical\" href=\"https:\/\/vosgesinfo.fr\/gerardmerinfo\/2023\/06\/nouvel-ete-musical-se-prepare-concerts-saint-barthelemy\/\" \/>\n<meta name=\"twitter:card\" content=\"summary_large_image\" \/>\n<meta name=\"twitter:title\" content=\"Un nouvel &quot;\u00c9t\u00e9 Musical&quot; se pr\u00e9pare avec les Concerts Saint Barth\u00e9l\u00e9my - Gerardmer Info\" \/>\n<meta name=\"twitter:description\" content=\"Les membres de l&rsquo;association des Concerts Saint Barth\u00e9l\u00e9my se sont r\u00e9cemment r\u00e9unis autour de leur pr\u00e9sident Philippe Fondard dans le [&hellip;]\" \/>\n<meta name=\"twitter:image\" content=\"https:\/\/vosgesinfo.fr\/app\/uploads\/sites\/6\/2024\/07\/202306ag-st-barthelemy.jpg\" \/>\n<meta name=\"twitter:creator\" content=\"@VosgesInfo88\" \/>\n<meta name=\"twitter:site\" content=\"@VosgesInfo88\" \/>\n<meta name=\"twitter:label1\" content=\"\u00c9crit par\" \/>\n\t<meta name=\"twitter:data1\" content=\"QG\" \/>\n\t<meta name=\"twitter:label2\" content=\"Dur\u00e9e de lecture estim\u00e9e\" \/>\n\t<meta name=\"twitter:data2\" content=\"3 minutes\" \/>\n<script type=\"application\/ld+json\" class=\"yoast-schema-graph\">{\"@context\":\"https:\/\/schema.org\",\"@graph\":[{\"@type\":\"Article\",\"@id\":\"https:\/\/vosgesinfo.fr\/gerardmerinfo\/2023\/06\/nouvel-ete-musical-se-prepare-concerts-saint-barthelemy\/#article\",\"isPartOf\":{\"@id\":\"https:\/\/vosgesinfo.fr\/gerardmerinfo\/2023\/06\/nouvel-ete-musical-se-prepare-concerts-saint-barthelemy\/\"},\"author\":{\"name\":\"QG\",\"@id\":\"https:\/\/vosgesinfo.fr\/gerardmerinfo\/#\/schema\/person\/db5605779a843dad16b5368f3e7613a5\"},\"headline\":\"Un nouvel \u00ab\u00a0\u00c9t\u00e9 Musical\u00a0\u00bb se pr\u00e9pare avec les Concerts Saint Barth\u00e9l\u00e9my\",\"datePublished\":\"2023-06-28T12:58:59+00:00\",\"dateModified\":\"2023-06-28T12:58:59+00:00\",\"mainEntityOfPage\":{\"@id\":\"https:\/\/vosgesinfo.fr\/gerardmerinfo\/2023\/06\/nouvel-ete-musical-se-prepare-concerts-saint-barthelemy\/\"},\"wordCount\":540,\"commentCount\":0,\"publisher\":{\"@id\":\"https:\/\/vosgesinfo.fr\/gerardmerinfo\/#organization\"},\"image\":{\"@id\":\"https:\/\/vosgesinfo.fr\/gerardmerinfo\/2023\/06\/nouvel-ete-musical-se-prepare-concerts-saint-barthelemy\/#primaryimage\"},\"thumbnailUrl\":\"https:\/\/vosgesinfo.fr\/app\/uploads\/sites\/6\/2024\/07\/202306ag-st-barthelemy.jpg\",\"keywords\":[\"association des concerts Saint Barth\u00e9l\u00e9my\"],\"articleSection\":[\"A la une\",\"Concert\",\"Culture\",\"G\u00e9rardmer\",\"Vie Associative\"],\"inLanguage\":\"fr-FR\",\"potentialAction\":[{\"@type\":\"CommentAction\",\"name\":\"Comment\",\"target\":[\"https:\/\/vosgesinfo.fr\/gerardmerinfo\/2023\/06\/nouvel-ete-musical-se-prepare-concerts-saint-barthelemy\/#respond\"]}]},{\"@type\":\"WebPage\",\"@id\":\"https:\/\/vosgesinfo.fr\/gerardmerinfo\/2023\/06\/nouvel-ete-musical-se-prepare-concerts-saint-barthelemy\/\",\"url\":\"https:\/\/vosgesinfo.fr\/gerardmerinfo\/2023\/06\/nouvel-ete-musical-se-prepare-concerts-saint-barthelemy\/\",\"name\":\"Un nouvel \\\"\u00c9t\u00e9 Musical\\\" se pr\u00e9pare avec les Concerts Saint Barth\u00e9l\u00e9my - Gerardmer Info\",\"isPartOf\":{\"@id\":\"https:\/\/vosgesinfo.fr\/gerardmerinfo\/#website\"},\"primaryImageOfPage\":{\"@id\":\"https:\/\/vosgesinfo.fr\/gerardmerinfo\/2023\/06\/nouvel-ete-musical-se-prepare-concerts-saint-barthelemy\/#primaryimage\"},\"image\":{\"@id\":\"https:\/\/vosgesinfo.fr\/gerardmerinfo\/2023\/06\/nouvel-ete-musical-se-prepare-concerts-saint-barthelemy\/#primaryimage\"},\"thumbnailUrl\":\"https:\/\/vosgesinfo.fr\/app\/uploads\/sites\/6\/2024\/07\/202306ag-st-barthelemy.jpg\",\"datePublished\":\"2023-06-28T12:58:59+00:00\",\"dateModified\":\"2023-06-28T12:58:59+00:00\",\"breadcrumb\":{\"@id\":\"https:\/\/vosgesinfo.fr\/gerardmerinfo\/2023\/06\/nouvel-ete-musical-se-prepare-concerts-saint-barthelemy\/#breadcrumb\"},\"inLanguage\":\"fr-FR\",\"potentialAction\":[{\"@type\":\"ReadAction\",\"target\":[\"https:\/\/vosgesinfo.fr\/gerardmerinfo\/2023\/06\/nouvel-ete-musical-se-prepare-concerts-saint-barthelemy\/\"]}]},{\"@type\":\"ImageObject\",\"inLanguage\":\"fr-FR\",\"@id\":\"https:\/\/vosgesinfo.fr\/gerardmerinfo\/2023\/06\/nouvel-ete-musical-se-prepare-concerts-saint-barthelemy\/#primaryimage\",\"url\":\"https:\/\/vosgesinfo.fr\/app\/uploads\/sites\/6\/2024\/07\/202306ag-st-barthelemy.jpg\",\"contentUrl\":\"https:\/\/vosgesinfo.fr\/app\/uploads\/sites\/6\/2024\/07\/202306ag-st-barthelemy.jpg\",\"width\":1600,\"height\":1205},{\"@type\":\"BreadcrumbList\",\"@id\":\"https:\/\/vosgesinfo.fr\/gerardmerinfo\/2023\/06\/nouvel-ete-musical-se-prepare-concerts-saint-barthelemy\/#breadcrumb\",\"itemListElement\":[{\"@type\":\"ListItem\",\"position\":1,\"name\":\"Home\",\"item\":\"https:\/\/vosgesinfo.fr\/gerardmerinfo\/\"},{\"@type\":\"ListItem\",\"position\":2,\"name\":\"Un nouvel \u00ab\u00a0\u00c9t\u00e9 Musical\u00a0\u00bb se pr\u00e9pare avec les Concerts Saint Barth\u00e9l\u00e9my\"}]},{\"@type\":\"WebSite\",\"@id\":\"https:\/\/vosgesinfo.fr\/gerardmerinfo\/#website\",\"url\":\"https:\/\/vosgesinfo.fr\/gerardmerinfo\/\",\"name\":\"Gerardmer Info\",\"description\":\"Toute l&#039;actualit\u00e9 de G\u00e9rardmer\",\"publisher\":{\"@id\":\"https:\/\/vosgesinfo.fr\/gerardmerinfo\/#organization\"},\"alternateName\":\"Toute l'actualit\u00e9 de G\u00e9rardmer\",\"potentialAction\":[{\"@type\":\"SearchAction\",\"target\":{\"@type\":\"EntryPoint\",\"urlTemplate\":\"https:\/\/vosgesinfo.fr\/gerardmerinfo\/?s={search_term_string}\"},\"query-input\":\"required name=search_term_string\"}],\"inLanguage\":\"fr-FR\"},{\"@type\":\"Organization\",\"@id\":\"https:\/\/vosgesinfo.fr\/gerardmerinfo\/#organization\",\"name\":\"Gerardmer Info\",\"url\":\"https:\/\/vosgesinfo.fr\/gerardmerinfo\/\",\"logo\":{\"@type\":\"ImageObject\",\"inLanguage\":\"fr-FR\",\"@id\":\"https:\/\/vosgesinfo.fr\/gerardmerinfo\/#\/schema\/logo\/image\/\",\"url\":\"https:\/\/vosgesinfo.fr\/app\/uploads\/sites\/6\/2023\/08\/favicon-gerardmerinfo.png\",\"contentUrl\":\"https:\/\/vosgesinfo.fr\/app\/uploads\/sites\/6\/2023\/08\/favicon-gerardmerinfo.png\",\"width\":512,\"height\":512,\"caption\":\"Gerardmer Info\"},\"image\":{\"@id\":\"https:\/\/vosgesinfo.fr\/gerardmerinfo\/#\/schema\/logo\/image\/\"},\"sameAs\":[\"https:\/\/www.facebook.com\/profile.php?id=100049475262660\",\"https:\/\/x.com\/VosgesInfo88\",\"https:\/\/www.youtube.com\/@vosgesinfo\"]},{\"@type\":\"Person\",\"@id\":\"https:\/\/vosgesinfo.fr\/gerardmerinfo\/#\/schema\/person\/db5605779a843dad16b5368f3e7613a5\",\"name\":\"QG\",\"image\":{\"@type\":\"ImageObject\",\"inLanguage\":\"fr-FR\",\"@id\":\"https:\/\/vosgesinfo.fr\/gerardmerinfo\/#\/schema\/person\/image\/\",\"url\":\"https:\/\/secure.gravatar.com\/avatar\/ea80c42c204b534408512832fde52504ecabb9706bcb6151cf6175e5b64e6793?s=96&d=mm&r=g\",\"contentUrl\":\"https:\/\/secure.gravatar.com\/avatar\/ea80c42c204b534408512832fde52504ecabb9706bcb6151cf6175e5b64e6793?s=96&d=mm&r=g\",\"caption\":\"QG\"},\"url\":\"https:\/\/vosgesinfo.fr\/gerardmerinfo\/author\/quentin88\/\"}]}<\/script>\n<!-- \/ Yoast SEO plugin. -->","yoast_head_json":{"title":"Un nouvel \"\u00c9t\u00e9 Musical\" se pr\u00e9pare avec les Concerts Saint Barth\u00e9l\u00e9my - Gerardmer Info","robots":{"index":"index","follow":"follow","max-snippet":"max-snippet:-1","max-image-preview":"max-image-preview:large","max-video-preview":"max-video-preview:-1"},"canonical":"https:\/\/vosgesinfo.fr\/gerardmerinfo\/2023\/06\/nouvel-ete-musical-se-prepare-concerts-saint-barthelemy\/","twitter_card":"summary_large_image","twitter_title":"Un nouvel \"\u00c9t\u00e9 Musical\" se pr\u00e9pare avec les Concerts Saint Barth\u00e9l\u00e9my - Gerardmer Info","twitter_description":"Les membres de l&rsquo;association des Concerts Saint Barth\u00e9l\u00e9my se sont r\u00e9cemment r\u00e9unis autour de leur pr\u00e9sident Philippe Fondard dans le [&hellip;]","twitter_image":"https:\/\/vosgesinfo.fr\/app\/uploads\/sites\/6\/2024\/07\/202306ag-st-barthelemy.jpg","twitter_creator":"@VosgesInfo88","twitter_site":"@VosgesInfo88","twitter_misc":{"\u00c9crit par":"QG","Dur\u00e9e de lecture estim\u00e9e":"3 minutes"},"schema":{"@context":"https:\/\/schema.org","@graph":[{"@type":"Article","@id":"https:\/\/vosgesinfo.fr\/gerardmerinfo\/2023\/06\/nouvel-ete-musical-se-prepare-concerts-saint-barthelemy\/#article","isPartOf":{"@id":"https:\/\/vosgesinfo.fr\/gerardmerinfo\/2023\/06\/nouvel-ete-musical-se-prepare-concerts-saint-barthelemy\/"},"author":{"name":"QG","@id":"https:\/\/vosgesinfo.fr\/gerardmerinfo\/#\/schema\/person\/db5605779a843dad16b5368f3e7613a5"},"headline":"Un nouvel \u00ab\u00a0\u00c9t\u00e9 Musical\u00a0\u00bb se pr\u00e9pare avec les Concerts Saint Barth\u00e9l\u00e9my","datePublished":"2023-06-28T12:58:59+00:00","dateModified":"2023-06-28T12:58:59+00:00","mainEntityOfPage":{"@id":"https:\/\/vosgesinfo.fr\/gerardmerinfo\/2023\/06\/nouvel-ete-musical-se-prepare-concerts-saint-barthelemy\/"},"wordCount":540,"commentCount":0,"publisher":{"@id":"https:\/\/vosgesinfo.fr\/gerardmerinfo\/#organization"},"image":{"@id":"https:\/\/vosgesinfo.fr\/gerardmerinfo\/2023\/06\/nouvel-ete-musical-se-prepare-concerts-saint-barthelemy\/#primaryimage"},"thumbnailUrl":"https:\/\/vosgesinfo.fr\/app\/uploads\/sites\/6\/2024\/07\/202306ag-st-barthelemy.jpg","keywords":["association des concerts Saint Barth\u00e9l\u00e9my"],"articleSection":["A la une","Concert","Culture","G\u00e9rardmer","Vie Associative"],"inLanguage":"fr-FR","potentialAction":[{"@type":"CommentAction","name":"Comment","target":["https:\/\/vosgesinfo.fr\/gerardmerinfo\/2023\/06\/nouvel-ete-musical-se-prepare-concerts-saint-barthelemy\/#respond"]}]},{"@type":"WebPage","@id":"https:\/\/vosgesinfo.fr\/gerardmerinfo\/2023\/06\/nouvel-ete-musical-se-prepare-concerts-saint-barthelemy\/","url":"https:\/\/vosgesinfo.fr\/gerardmerinfo\/2023\/06\/nouvel-ete-musical-se-prepare-concerts-saint-barthelemy\/","name":"Un nouvel \"\u00c9t\u00e9 Musical\" se pr\u00e9pare avec les Concerts Saint Barth\u00e9l\u00e9my - Gerardmer Info","isPartOf":{"@id":"https:\/\/vosgesinfo.fr\/gerardmerinfo\/#website"},"primaryImageOfPage":{"@id":"https:\/\/vosgesinfo.fr\/gerardmerinfo\/2023\/06\/nouvel-ete-musical-se-prepare-concerts-saint-barthelemy\/#primaryimage"},"image":{"@id":"https:\/\/vosgesinfo.fr\/gerardmerinfo\/2023\/06\/nouvel-ete-musical-se-prepare-concerts-saint-barthelemy\/#primaryimage"},"thumbnailUrl":"https:\/\/vosgesinfo.fr\/app\/uploads\/sites\/6\/2024\/07\/202306ag-st-barthelemy.jpg","datePublished":"2023-06-28T12:58:59+00:00","dateModified":"2023-06-28T12:58:59+00:00","breadcrumb":{"@id":"https:\/\/vosgesinfo.fr\/gerardmerinfo\/2023\/06\/nouvel-ete-musical-se-prepare-concerts-saint-barthelemy\/#breadcrumb"},"inLanguage":"fr-FR","potentialAction":[{"@type":"ReadAction","target":["https:\/\/vosgesinfo.fr\/gerardmerinfo\/2023\/06\/nouvel-ete-musical-se-prepare-concerts-saint-barthelemy\/"]}]},{"@type":"ImageObject","inLanguage":"fr-FR","@id":"https:\/\/vosgesinfo.fr\/gerardmerinfo\/2023\/06\/nouvel-ete-musical-se-prepare-concerts-saint-barthelemy\/#primaryimage","url":"https:\/\/vosgesinfo.fr\/app\/uploads\/sites\/6\/2024\/07\/202306ag-st-barthelemy.jpg","contentUrl":"https:\/\/vosgesinfo.fr\/app\/uploads\/sites\/6\/2024\/07\/202306ag-st-barthelemy.jpg","width":1600,"height":1205},{"@type":"BreadcrumbList","@id":"https:\/\/vosgesinfo.fr\/gerardmerinfo\/2023\/06\/nouvel-ete-musical-se-prepare-concerts-saint-barthelemy\/#breadcrumb","itemListElement":[{"@type":"ListItem","position":1,"name":"Home","item":"https:\/\/vosgesinfo.fr\/gerardmerinfo\/"},{"@type":"ListItem","position":2,"name":"Un nouvel \u00ab\u00a0\u00c9t\u00e9 Musical\u00a0\u00bb se pr\u00e9pare avec les Concerts Saint Barth\u00e9l\u00e9my"}]},{"@type":"WebSite","@id":"https:\/\/vosgesinfo.fr\/gerardmerinfo\/#website","url":"https:\/\/vosgesinfo.fr\/gerardmerinfo\/","name":"Gerardmer Info","description":"Toute l&#039;actualit\u00e9 de G\u00e9rardmer","publisher":{"@id":"https:\/\/vosgesinfo.fr\/gerardmerinfo\/#organization"},"alternateName":"Toute l'actualit\u00e9 de G\u00e9rardmer","potentialAction":[{"@type":"SearchAction","target":{"@type":"EntryPoint","urlTemplate":"https:\/\/vosgesinfo.fr\/gerardmerinfo\/?s={search_term_string}"},"query-input":"required name=search_term_string"}],"inLanguage":"fr-FR"},{"@type":"Organization","@id":"https:\/\/vosgesinfo.fr\/gerardmerinfo\/#organization","name":"Gerardmer Info","url":"https:\/\/vosgesinfo.fr\/gerardmerinfo\/","logo":{"@type":"ImageObject","inLanguage":"fr-FR","@id":"https:\/\/vosgesinfo.fr\/gerardmerinfo\/#\/schema\/logo\/image\/","url":"https:\/\/vosgesinfo.fr\/app\/uploads\/sites\/6\/2023\/08\/favicon-gerardmerinfo.png","contentUrl":"https:\/\/vosgesinfo.fr\/app\/uploads\/sites\/6\/2023\/08\/favicon-gerardmerinfo.png","width":512,"height":512,"caption":"Gerardmer Info"},"image":{"@id":"https:\/\/vosgesinfo.fr\/gerardmerinfo\/#\/schema\/logo\/image\/"},"sameAs":["https:\/\/www.facebook.com\/profile.php?id=100049475262660","https:\/\/x.com\/VosgesInfo88","https:\/\/www.youtube.com\/@vosgesinfo"]},{"@type":"Person","@id":"https:\/\/vosgesinfo.fr\/gerardmerinfo\/#\/schema\/person\/db5605779a843dad16b5368f3e7613a5","name":"QG","image":{"@type":"ImageObject","inLanguage":"fr-FR","@id":"https:\/\/vosgesinfo.fr\/gerardmerinfo\/#\/schema\/person\/image\/","url":"https:\/\/secure.gravatar.com\/avatar\/ea80c42c204b534408512832fde52504ecabb9706bcb6151cf6175e5b64e6793?s=96&d=mm&r=g","contentUrl":"https:\/\/secure.gravatar.com\/avatar\/ea80c42c204b534408512832fde52504ecabb9706bcb6151cf6175e5b64e6793?s=96&d=mm&r=g","caption":"QG"},"url":"https:\/\/vosgesinfo.fr\/gerardmerinfo\/author\/quentin88\/"}]}},"_links":{"self":[{"href":"https:\/\/vosgesinfo.fr\/gerardmerinfo\/wp-json\/wp\/v2\/posts\/67277","targetHints":{"allow":["GET"]}}],"collection":[{"href":"https:\/\/vosgesinfo.fr\/gerardmerinfo\/wp-json\/wp\/v2\/posts"}],"about":[{"href":"https:\/\/vosgesinfo.fr\/gerardmerinfo\/wp-json\/wp\/v2\/types\/post"}],"author":[{"embeddable":true,"href":"https:\/\/vosgesinfo.fr\/gerardmerinfo\/wp-json\/wp\/v2\/users\/42"}],"replies":[{"embeddable":true,"href":"https:\/\/vosgesinfo.fr\/gerardmerinfo\/wp-json\/wp\/v2\/comments?post=67277"}],"version-history":[{"count":0,"href":"https:\/\/vosgesinfo.fr\/gerardmerinfo\/wp-json\/wp\/v2\/posts\/67277\/revisions"}],"wp:featuredmedia":[{"embeddable":true,"href":"https:\/\/vosgesinfo.fr\/gerardmerinfo\/wp-json\/wp\/v2\/media\/67278"}],"wp:attachment":[{"href":"https:\/\/vosgesinfo.fr\/gerardmerinfo\/wp-json\/wp\/v2\/media?parent=67277"}],"wp:term":[{"taxonomy":"category","embeddable":true,"href":"https:\/\/vosgesinfo.fr\/gerardmerinfo\/wp-json\/wp\/v2\/categories?post=67277"},{"taxonomy":"post_tag","embeddable":true,"href":"https:\/\/vosgesinfo.fr\/gerardmerinfo\/wp-json\/wp\/v2\/tags?post=67277"}],"curies":[{"name":"wp","href":"https:\/\/api.w.org\/{rel}","templated":true}]}}