{"id":67625,"date":"2024-08-06T05:59:50","date_gmt":"2024-08-06T03:59:50","guid":{"rendered":"https:\/\/vosgesinfo.fr\/gerardmerinfo\/?p=67625"},"modified":"2024-08-05T16:26:16","modified_gmt":"2024-08-05T14:26:16","slug":"tg2v-et-le-collectif-citoyen-granges-aumontzey-rencontrent-le-pays-de-la-deodatie-et-le-depute-c-naegelen","status":"publish","type":"post","link":"https:\/\/vosgesinfo.fr\/gerardmerinfo\/2024\/08\/tg2v-et-le-collectif-citoyen-granges-aumontzey-rencontrent-le-pays-de-la-deodatie-et-le-depute-c-naegelen\/","title":{"rendered":"TG2V et le Collectif Citoyen Granges-Aumontzey rencontrent le Pays de la D\u00e9odatie et le d\u00e9put\u00e9 C. Naegelen"},"content":{"rendered":"<h3 style=\"text-align: center;\">Communiqu\u00e9<\/h3>\n\n\t\t<style type=\"text\/css\">\n\t\t\t#gallery-1 {\n\t\t\t\tmargin: auto;\n\t\t\t}\n\t\t\t#gallery-1 .gallery-item {\n\t\t\t\tfloat: left;\n\t\t\t\tmargin-top: 10px;\n\t\t\t\ttext-align: center;\n\t\t\t\twidth: 50%;\n\t\t\t}\n\t\t\t#gallery-1 img {\n\t\t\t\tborder: 2px solid #cfcfcf;\n\t\t\t}\n\t\t\t#gallery-1 .gallery-caption {\n\t\t\t\tmargin-left: 0;\n\t\t\t}\n\t\t\t\/* see gallery_shortcode() in wp-includes\/media.php *\/\n\t\t<\/style>\n\t\t<div id='gallery-1' class='gallery galleryid-67625 gallery-columns-2 gallery-size-medium'><dl class='gallery-item'>\n\t\t\t<dt class='gallery-icon portrait'>\n\t\t\t\t<a href='https:\/\/vosgesinfo.fr\/app\/uploads\/sites\/6\/2024\/08\/voie-granges-aumontzey-draizy-1-scaled.jpg'><img decoding=\"async\" width=\"225\" height=\"300\" src=\"https:\/\/vosgesinfo.fr\/app\/uploads\/sites\/6\/2024\/08\/voie-granges-aumontzey-draizy-1-225x300.jpg\" class=\"attachment-medium size-medium\" alt=\"\" srcset=\"https:\/\/vosgesinfo.fr\/app\/uploads\/sites\/6\/2024\/08\/voie-granges-aumontzey-draizy-1-225x300.jpg 225w, https:\/\/vosgesinfo.fr\/app\/uploads\/sites\/6\/2024\/08\/voie-granges-aumontzey-draizy-1-768x1024.jpg 768w, https:\/\/vosgesinfo.fr\/app\/uploads\/sites\/6\/2024\/08\/voie-granges-aumontzey-draizy-1-1152x1536.jpg 1152w, https:\/\/vosgesinfo.fr\/app\/uploads\/sites\/6\/2024\/08\/voie-granges-aumontzey-draizy-1-1536x2048.jpg 1536w, https:\/\/vosgesinfo.fr\/app\/uploads\/sites\/6\/2024\/08\/voie-granges-aumontzey-draizy-1-scaled.jpg 1920w\" sizes=\"(max-width: 225px) 100vw, 225px\" \/><\/a>\n\t\t\t<\/dt><\/dl><dl class='gallery-item'>\n\t\t\t<dt class='gallery-icon portrait'>\n\t\t\t\t<a href='https:\/\/vosgesinfo.fr\/app\/uploads\/sites\/6\/2024\/08\/voie-granges-aumontzey-draizy-2-scaled.jpg'><img decoding=\"async\" width=\"225\" height=\"300\" src=\"https:\/\/vosgesinfo.fr\/app\/uploads\/sites\/6\/2024\/08\/voie-granges-aumontzey-draizy-2-225x300.jpg\" class=\"attachment-medium size-medium\" alt=\"\" srcset=\"https:\/\/vosgesinfo.fr\/app\/uploads\/sites\/6\/2024\/08\/voie-granges-aumontzey-draizy-2-225x300.jpg 225w, https:\/\/vosgesinfo.fr\/app\/uploads\/sites\/6\/2024\/08\/voie-granges-aumontzey-draizy-2-768x1024.jpg 768w, https:\/\/vosgesinfo.fr\/app\/uploads\/sites\/6\/2024\/08\/voie-granges-aumontzey-draizy-2-1152x1536.jpg 1152w, https:\/\/vosgesinfo.fr\/app\/uploads\/sites\/6\/2024\/08\/voie-granges-aumontzey-draizy-2-1536x2048.jpg 1536w, https:\/\/vosgesinfo.fr\/app\/uploads\/sites\/6\/2024\/08\/voie-granges-aumontzey-draizy-2-scaled.jpg 1920w\" sizes=\"(max-width: 225px) 100vw, 225px\" \/><\/a>\n\t\t\t<\/dt><\/dl><br style=\"clear: both\" \/>\n\t\t<\/div>\n\n<p>Vendredi 26 juillet \u00e0 Saint-Di\u00e9 des Vosges, le PETR (P\u00f4le d&rsquo;Equilibre Territorial Rural) recevait TG2V et le collectif citoyen Granges-Aumontzey.<br \/>\nLe PETR, qui est un cabinet d&rsquo;ing\u00e9nierie au service des intercommunalit\u00e9s, est charg\u00e9 de l&rsquo;\u00e9tude de faisabilit\u00e9 de la voie verte entre Bruy\u00e8res et G\u00e9rardmer.<\/p>\n<p>La construction de cette voie, avec la suppression des rails, risque fortement de condamner d\u00e9finitivement la ligne ferroviaire : en effet, il n&rsquo;existe aucune voie verte en France qui ait vu, \u00e0 terme, sa d\u00e9molition, pour redonner un acc\u00e8s en train aux villages autrefois desservis par celui-ci.<\/p>\n<p>C&rsquo;est pourquoi TG2V a souhait\u00e9 rencontrer des \u00e9lus et le PETR, afin de pouvoir \u00e9changer sur les arguments,en faveur :<\/p>\n<p>&#8211; d&rsquo;un projet de v\u00e9lo rail doubl\u00e9 d&rsquo;une piste cyclable sur un tron\u00e7on de 5 km entre Kichompr\u00e9 et la carri\u00e8re situ\u00e9e pr\u00e8s des Evelynes ,projet simple \u00e0 mettre en \u0153uvre \u00e0 court terme.<\/p>\n<p>&#8211; du retour d&rsquo;une desserte ferroviaire pour G\u00e9rardmer, projet \u00e0 plus long terme, mais tr\u00e8s r\u00e9aliste ,et permettant de diminuer le nombre de voitures sur notre territoire.<\/p>\n<p>Le vendredi 2 ao\u00fbt, Monsieur Christophe Naegelen nous a \u00e9galement re\u00e7us et nous remercions \u00e0 la fois, les personnes du PETR, et notre d\u00e9put\u00e9, pour leur \u00e9coute attentive et l&rsquo;\u00e9change sympathique qu&rsquo;ils nous ont offerts.<\/p>\n<p>Les arguments que nous avons\u00a0 pr\u00e9sent\u00e9s sont les suivants :<\/p>\n<p>&#8211; Le projet de v\u00e9lorail permet de garder les rails et d&rsquo;envisager \u00e0 terme la mise en service d&rsquo;un train panoramique l\u00e9ger du type \u00ab\u00a0Draisy\u00a0\u00bb: une\u00a0 belle vid\u00e9o sur Internet permet d&rsquo;admirer sa forme et sa conception, il fonctionne sur batteries.<br \/>\nCe train ne n\u00e9cessite pas de changer les rails au vu de sa l\u00e9g\u00e8ret\u00e9.<br \/>\nLe train Draisy est fabriqu\u00e9 en Alsace et sera disponible en 2025.<\/p>\n<p>&#8211; Le v\u00e9lorail permet d&rsquo;offrir une attraction touristique de proximit\u00e9, non carbon\u00e9e et respectueuse de l&rsquo;environnement en utilisant l&rsquo;infrastructure qui existe d\u00e9j\u00e0.<br \/>\nCe serait le cas aussi pour le train panoramique Draisy car la vall\u00e9e de la Vologne est magnifique en toutes saisons.<\/p>\n<p>&#8211; Les v\u00e9lorails sont fabriqu\u00e9s dans les Hautes Vosges .<\/p>\n<p>&#8211; Il existe une cinquantaine de \u00ab\u00a0v\u00e9lorails\u00a0\u00bb en France et cette attraction touristique a donc fait ses preuves (ex. celui de Magnieres pr\u00e8s de Rambervillers ).<\/p>\n<p>&#8211; le projet de v\u00e9lorail ne s&rsquo;oppose pas au trac\u00e9 d&rsquo;une piste cyclable \u00e0 ses c\u00f4t\u00e9s, piste douce et agr\u00e9able par sa vari\u00e9t\u00e9 ( contrairement au c\u00f4t\u00e9 un peu trop rectiligne des pistes construites sur une voie de chemin de fer ,et que ne recherchent pas trop les cyclotouristes plut\u00f4t en qu\u00eate des cols \u00e0 franchir dans notre massif ).<br \/>\nUn large chemin existe d\u00e9j\u00e0 sur un tron\u00e7on de 4 km (il est plus en hauteur que la voie et est plus ensoleill\u00e9 que celle-ci) , un seul km n\u00e9cessiterait de faire des travaux.<\/p>\n<p>&#8211; Le co\u00fbt de financement du projet est de l&rsquo;ordre de 100 000 \u20ac rapidement amortissable en quelques ann\u00e9es\u00a0 en estimant un fonctionnement sur environ 4 mois maximum :<br \/>\nEn effet, contrairement aux voies vertes qui relient Remiremont \u00e0 Cornimont et Bussang et sont situ\u00e9es dans des vall\u00e9es assez larges pour \u00eatre ensoleill\u00e9es en hiver, la vall\u00e9e de la Vologne,\u00a0 \u00e9troite et recevant de ce fait peu de soleil pendant la p\u00e9riode hivernale, serait beaucoup moins utilisable et attrayante. .<\/p>\n<p>Comparativement, le co\u00fbt, estim\u00e9 \u00e0 3 millions d&rsquo;euros pour la voie verte, nous para\u00eet donc \u00e9norme pour une attraction qui restera essentiellement une activit\u00e9 de loisirs sur quelques mois seulement : en effet, il nous para\u00eet utopique d&rsquo;imaginer que les habitants de cette vall\u00e9e viendront travailler \u00e0 G\u00e9rardmer \u00e0 v\u00e9lo ,au vu des\u00a0 conditions climatiques.<\/p>\n<p>&#8211; La piste cyclable qui longerait le v\u00e9lorail ne n\u00e9cessiterait des travaux que sur un km, un large chemin existant d\u00e9j\u00e0 et \u00e9tant emprunt\u00e9 par des cyclistes et des randonneurs.<br \/>\nVoici une vid\u00e9o qui montre ( par drone) ce trajet :<br \/>\n<a id=\"LPlnk787355\" href=\"https:\/\/youtube.com\/@JPLem?si=BjHlVd8AuWNTBZ7X\" target=\"_blank\" rel=\"noopener noreferrer\" data-auth=\"NotApplicable\" data-linkindex=\"0\">https:\/\/youtube.com\/@JPLem?si=BjHlVd8AuWNTBZ7X<\/a><\/p>\n<p>&#8211; Enfin, et surtout, l&rsquo;avenir se situe dans une utilisation accrue, fonctionnelle et peu ch\u00e8re des transports en commun (comme \u00e0 Dunkerque o\u00f9 ils sont gratuits , bien d&rsquo;autres exemples existant d\u00e9j\u00e0 en France, et comme en Suisse pour le r\u00e9seau ferroviaire) .<br \/>\nCeux ci sont destin\u00e9s \u00e0 tous, utilisables par tous les temps, et la mise en service \u00e0 terme, d&rsquo;un train \u00ab\u00a0DRAISY\u00a0\u00bb Bruy\u00e8res- G\u00e9rardmer au service de tous serait souhaitable.<\/p>\n<p>En p\u00e9riodes touristiques, le nombre de voitures \u00e0 G\u00e9rardmer et sur le Massif, devient r\u00e9ellement probl\u00e9matique .<br \/>\nNombre de touristes, de Strasbourg, Nancy ou Paris, nous disent aussi\u00a0 souhaiter le retour de cette desserte ferroviaire, ainsi que des jeunes habitant \u00e0 Granges et travaillant \u00e0 G\u00e9rardmer.<br \/>\nTout le monde souffre de l&rsquo;afflux de voitures et des cons\u00e9quences de cet afflux.<\/p>\n<p>D\u00e9penser 3 millions d&rsquo;euros pour d\u00e9monter une voie ferr\u00e9e et en faire une voie verte peu utilisable ne serait ce pas aberrant, alors m\u00eame qu&rsquo;ailleurs d&rsquo;autres petites lignes voient leur r\u00e9ouverture ;<br \/>\nNancy-Contrexeville.<br \/>\nDepuis Rambervillers pour desservir une usine.<br \/>\nEt autres exemples en France.<\/p>\n<p>Des friches industrielles existent \u00e0 Granges Aumontzey : desservies par le train, ne pourraient elles pas \u00eatre facilement r\u00e9investies ?<\/p>\n<p>Nous vous invitons, ainsi que nos \u00e9lus, \u00e0 rejoindre TG2V et le Collectif citoyen Granges-Aumontzey :<\/p>\n<p>Au bord du lac (au niveau de la piscine), le 15 ao\u00fbt (d\u00e8s 10 h du matin), pour \u00e9changer avec nous et pour un apr\u00e8s midi en chansons, avec C\u00e9leste \u00e0 l&rsquo;orgue de Barbarie !<\/p>\n<p>\u00ab Faites du train et tout ira bien. \ud83d\ude00 \u00bb 15 ao\u00fbt 2024 . Quai du lac<\/p>\n<p>Aujourd&rsquo;hui, 74% des Fran\u00e7ais, ,d&rsquo;apr\u00e8s un sondage de l&rsquo;Ademe, estiment que les politiques publiques doivent faire passer la protection de l&rsquo;environnement et de la plan\u00e8te avant la croissance \u00e9conomique.<\/p>\n","protected":false},"excerpt":{"rendered":"<p>Communiqu\u00e9 Vendredi 26 juillet \u00e0 Saint-Di\u00e9 des Vosges, le PETR (P\u00f4le d&rsquo;Equilibre Territorial Rural) recevait TG2V et le collectif citoyen [&hellip;]<\/p>\n","protected":false},"author":391,"featured_media":67646,"comment_status":"closed","ping_status":"open","sticky":false,"template":"","format":"standard","meta":{"footnotes":""},"categories":[20,7,25],"tags":[5610,76,5611],"class_list":["post-67625","post","type-post","status-publish","format-standard","has-post-thumbnail","hentry","category-a-la-une","category-environnement","category-gerardmer","tag-ademe","tag-tg2v","tag-velorail"],"acf":[],"yoast_head":"<!-- This site is optimized with the Yoast SEO plugin v22.5 - https:\/\/yoast.com\/wordpress\/plugins\/seo\/ -->\n<title>TG2V et le Collectif Citoyen Granges-Aumontzey rencontrent le Pays de la D\u00e9odatie et le d\u00e9put\u00e9 C. Naegelen - Gerardmer Info<\/title>\n<meta name=\"robots\" content=\"index, follow, max-snippet:-1, max-image-preview:large, max-video-preview:-1\" \/>\n<link rel=\"canonical\" href=\"https:\/\/vosgesinfo.fr\/gerardmerinfo\/?p=67625\" \/>\n<meta name=\"twitter:card\" content=\"summary_large_image\" \/>\n<meta name=\"twitter:title\" content=\"TG2V et le Collectif Citoyen Granges-Aumontzey rencontrent le Pays de la D\u00e9odatie et le d\u00e9put\u00e9 C. Naegelen - Gerardmer Info\" \/>\n<meta name=\"twitter:description\" content=\"Communiqu\u00e9 Vendredi 26 juillet \u00e0 Saint-Di\u00e9 des Vosges, le PETR (P\u00f4le d&rsquo;Equilibre Territorial Rural) recevait TG2V et le collectif citoyen [&hellip;]\" \/>\n<meta name=\"twitter:creator\" content=\"@VosgesInfo88\" \/>\n<meta name=\"twitter:site\" content=\"@VosgesInfo88\" \/>\n<meta name=\"twitter:label1\" content=\"\u00c9crit par\" \/>\n\t<meta name=\"twitter:data1\" content=\"La redaction\" \/>\n\t<meta name=\"twitter:label2\" content=\"Dur\u00e9e de lecture estim\u00e9e\" \/>\n\t<meta name=\"twitter:data2\" content=\"5 minutes\" \/>\n<script type=\"application\/ld+json\" class=\"yoast-schema-graph\">{\"@context\":\"https:\/\/schema.org\",\"@graph\":[{\"@type\":\"Article\",\"@id\":\"https:\/\/vosgesinfo.fr\/gerardmerinfo\/?p=67625#article\",\"isPartOf\":{\"@id\":\"https:\/\/vosgesinfo.fr\/gerardmerinfo\/?p=67625\"},\"author\":{\"name\":\"La redaction\",\"@id\":\"https:\/\/vosgesinfo.fr\/gerardmerinfo\/#\/schema\/person\/27a3695b06db98895b354c0765cdfc31\"},\"headline\":\"TG2V et le Collectif Citoyen Granges-Aumontzey rencontrent le Pays de la D\u00e9odatie et le d\u00e9put\u00e9 C. Naegelen\",\"datePublished\":\"2024-08-06T03:59:50+00:00\",\"dateModified\":\"2024-08-05T14:26:16+00:00\",\"mainEntityOfPage\":{\"@id\":\"https:\/\/vosgesinfo.fr\/gerardmerinfo\/?p=67625\"},\"wordCount\":1026,\"publisher\":{\"@id\":\"https:\/\/vosgesinfo.fr\/gerardmerinfo\/#organization\"},\"image\":{\"@id\":\"https:\/\/vosgesinfo.fr\/gerardmerinfo\/?p=67625#primaryimage\"},\"thumbnailUrl\":\"https:\/\/vosgesinfo.fr\/app\/uploads\/sites\/6\/2024\/08\/voie-granges-aumontzey-draizy-1-scaled.jpg\",\"keywords\":[\"Ademe\",\"TG2V\",\"v\u00e9lorail\"],\"articleSection\":[\"A la une\",\"Environnement\",\"G\u00e9rardmer\"],\"inLanguage\":\"fr-FR\"},{\"@type\":\"WebPage\",\"@id\":\"https:\/\/vosgesinfo.fr\/gerardmerinfo\/?p=67625\",\"url\":\"https:\/\/vosgesinfo.fr\/gerardmerinfo\/?p=67625\",\"name\":\"TG2V et le Collectif Citoyen Granges-Aumontzey rencontrent le Pays de la D\u00e9odatie et le d\u00e9put\u00e9 C. Naegelen - Gerardmer Info\",\"isPartOf\":{\"@id\":\"https:\/\/vosgesinfo.fr\/gerardmerinfo\/#website\"},\"primaryImageOfPage\":{\"@id\":\"https:\/\/vosgesinfo.fr\/gerardmerinfo\/?p=67625#primaryimage\"},\"image\":{\"@id\":\"https:\/\/vosgesinfo.fr\/gerardmerinfo\/?p=67625#primaryimage\"},\"thumbnailUrl\":\"https:\/\/vosgesinfo.fr\/app\/uploads\/sites\/6\/2024\/08\/voie-granges-aumontzey-draizy-1-scaled.jpg\",\"datePublished\":\"2024-08-06T03:59:50+00:00\",\"dateModified\":\"2024-08-05T14:26:16+00:00\",\"breadcrumb\":{\"@id\":\"https:\/\/vosgesinfo.fr\/gerardmerinfo\/?p=67625#breadcrumb\"},\"inLanguage\":\"fr-FR\",\"potentialAction\":[{\"@type\":\"ReadAction\",\"target\":[\"https:\/\/vosgesinfo.fr\/gerardmerinfo\/?p=67625\"]}]},{\"@type\":\"ImageObject\",\"inLanguage\":\"fr-FR\",\"@id\":\"https:\/\/vosgesinfo.fr\/gerardmerinfo\/?p=67625#primaryimage\",\"url\":\"https:\/\/vosgesinfo.fr\/app\/uploads\/sites\/6\/2024\/08\/voie-granges-aumontzey-draizy-1-scaled.jpg\",\"contentUrl\":\"https:\/\/vosgesinfo.fr\/app\/uploads\/sites\/6\/2024\/08\/voie-granges-aumontzey-draizy-1-scaled.jpg\",\"width\":1920,\"height\":2560},{\"@type\":\"BreadcrumbList\",\"@id\":\"https:\/\/vosgesinfo.fr\/gerardmerinfo\/?p=67625#breadcrumb\",\"itemListElement\":[{\"@type\":\"ListItem\",\"position\":1,\"name\":\"Home\",\"item\":\"https:\/\/vosgesinfo.fr\/gerardmerinfo\/\"},{\"@type\":\"ListItem\",\"position\":2,\"name\":\"TG2V et le Collectif Citoyen Granges-Aumontzey rencontrent le Pays de la D\u00e9odatie et le d\u00e9put\u00e9 C. Naegelen\"}]},{\"@type\":\"WebSite\",\"@id\":\"https:\/\/vosgesinfo.fr\/gerardmerinfo\/#website\",\"url\":\"https:\/\/vosgesinfo.fr\/gerardmerinfo\/\",\"name\":\"Gerardmer Info\",\"description\":\"Toute l&#039;actualit\u00e9 de G\u00e9rardmer\",\"publisher\":{\"@id\":\"https:\/\/vosgesinfo.fr\/gerardmerinfo\/#organization\"},\"alternateName\":\"Toute l'actualit\u00e9 de G\u00e9rardmer\",\"potentialAction\":[{\"@type\":\"SearchAction\",\"target\":{\"@type\":\"EntryPoint\",\"urlTemplate\":\"https:\/\/vosgesinfo.fr\/gerardmerinfo\/?s={search_term_string}\"},\"query-input\":\"required name=search_term_string\"}],\"inLanguage\":\"fr-FR\"},{\"@type\":\"Organization\",\"@id\":\"https:\/\/vosgesinfo.fr\/gerardmerinfo\/#organization\",\"name\":\"Gerardmer Info\",\"url\":\"https:\/\/vosgesinfo.fr\/gerardmerinfo\/\",\"logo\":{\"@type\":\"ImageObject\",\"inLanguage\":\"fr-FR\",\"@id\":\"https:\/\/vosgesinfo.fr\/gerardmerinfo\/#\/schema\/logo\/image\/\",\"url\":\"https:\/\/vosgesinfo.fr\/app\/uploads\/sites\/6\/2023\/08\/favicon-gerardmerinfo.png\",\"contentUrl\":\"https:\/\/vosgesinfo.fr\/app\/uploads\/sites\/6\/2023\/08\/favicon-gerardmerinfo.png\",\"width\":512,\"height\":512,\"caption\":\"Gerardmer Info\"},\"image\":{\"@id\":\"https:\/\/vosgesinfo.fr\/gerardmerinfo\/#\/schema\/logo\/image\/\"},\"sameAs\":[\"https:\/\/www.facebook.com\/profile.php?id=100049475262660\",\"https:\/\/x.com\/VosgesInfo88\",\"https:\/\/www.youtube.com\/@vosgesinfo\"]},{\"@type\":\"Person\",\"@id\":\"https:\/\/vosgesinfo.fr\/gerardmerinfo\/#\/schema\/person\/27a3695b06db98895b354c0765cdfc31\",\"name\":\"La redaction\",\"image\":{\"@type\":\"ImageObject\",\"inLanguage\":\"fr-FR\",\"@id\":\"https:\/\/vosgesinfo.fr\/gerardmerinfo\/#\/schema\/person\/image\/\",\"url\":\"https:\/\/secure.gravatar.com\/avatar\/64c76a78e501cedee55736f43f332df901e1896ae9cd8fad269ae2236dd0e8b6?s=96&d=mm&r=g\",\"contentUrl\":\"https:\/\/secure.gravatar.com\/avatar\/64c76a78e501cedee55736f43f332df901e1896ae9cd8fad269ae2236dd0e8b6?s=96&d=mm&r=g\",\"caption\":\"La redaction\"},\"url\":\"https:\/\/vosgesinfo.fr\/gerardmerinfo\/author\/la-redaction\/\"}]}<\/script>\n<!-- \/ Yoast SEO plugin. -->","yoast_head_json":{"title":"TG2V et le Collectif Citoyen Granges-Aumontzey rencontrent le Pays de la D\u00e9odatie et le d\u00e9put\u00e9 C. Naegelen - Gerardmer Info","robots":{"index":"index","follow":"follow","max-snippet":"max-snippet:-1","max-image-preview":"max-image-preview:large","max-video-preview":"max-video-preview:-1"},"canonical":"https:\/\/vosgesinfo.fr\/gerardmerinfo\/?p=67625","twitter_card":"summary_large_image","twitter_title":"TG2V et le Collectif Citoyen Granges-Aumontzey rencontrent le Pays de la D\u00e9odatie et le d\u00e9put\u00e9 C. Naegelen - Gerardmer Info","twitter_description":"Communiqu\u00e9 Vendredi 26 juillet \u00e0 Saint-Di\u00e9 des Vosges, le PETR (P\u00f4le d&rsquo;Equilibre Territorial Rural) recevait TG2V et le collectif citoyen [&hellip;]","twitter_creator":"@VosgesInfo88","twitter_site":"@VosgesInfo88","twitter_misc":{"\u00c9crit par":"La redaction","Dur\u00e9e de lecture estim\u00e9e":"5 minutes"},"schema":{"@context":"https:\/\/schema.org","@graph":[{"@type":"Article","@id":"https:\/\/vosgesinfo.fr\/gerardmerinfo\/?p=67625#article","isPartOf":{"@id":"https:\/\/vosgesinfo.fr\/gerardmerinfo\/?p=67625"},"author":{"name":"La redaction","@id":"https:\/\/vosgesinfo.fr\/gerardmerinfo\/#\/schema\/person\/27a3695b06db98895b354c0765cdfc31"},"headline":"TG2V et le Collectif Citoyen Granges-Aumontzey rencontrent le Pays de la D\u00e9odatie et le d\u00e9put\u00e9 C. Naegelen","datePublished":"2024-08-06T03:59:50+00:00","dateModified":"2024-08-05T14:26:16+00:00","mainEntityOfPage":{"@id":"https:\/\/vosgesinfo.fr\/gerardmerinfo\/?p=67625"},"wordCount":1026,"publisher":{"@id":"https:\/\/vosgesinfo.fr\/gerardmerinfo\/#organization"},"image":{"@id":"https:\/\/vosgesinfo.fr\/gerardmerinfo\/?p=67625#primaryimage"},"thumbnailUrl":"https:\/\/vosgesinfo.fr\/app\/uploads\/sites\/6\/2024\/08\/voie-granges-aumontzey-draizy-1-scaled.jpg","keywords":["Ademe","TG2V","v\u00e9lorail"],"articleSection":["A la une","Environnement","G\u00e9rardmer"],"inLanguage":"fr-FR"},{"@type":"WebPage","@id":"https:\/\/vosgesinfo.fr\/gerardmerinfo\/?p=67625","url":"https:\/\/vosgesinfo.fr\/gerardmerinfo\/?p=67625","name":"TG2V et le Collectif Citoyen Granges-Aumontzey rencontrent le Pays de la D\u00e9odatie et le d\u00e9put\u00e9 C. Naegelen - Gerardmer Info","isPartOf":{"@id":"https:\/\/vosgesinfo.fr\/gerardmerinfo\/#website"},"primaryImageOfPage":{"@id":"https:\/\/vosgesinfo.fr\/gerardmerinfo\/?p=67625#primaryimage"},"image":{"@id":"https:\/\/vosgesinfo.fr\/gerardmerinfo\/?p=67625#primaryimage"},"thumbnailUrl":"https:\/\/vosgesinfo.fr\/app\/uploads\/sites\/6\/2024\/08\/voie-granges-aumontzey-draizy-1-scaled.jpg","datePublished":"2024-08-06T03:59:50+00:00","dateModified":"2024-08-05T14:26:16+00:00","breadcrumb":{"@id":"https:\/\/vosgesinfo.fr\/gerardmerinfo\/?p=67625#breadcrumb"},"inLanguage":"fr-FR","potentialAction":[{"@type":"ReadAction","target":["https:\/\/vosgesinfo.fr\/gerardmerinfo\/?p=67625"]}]},{"@type":"ImageObject","inLanguage":"fr-FR","@id":"https:\/\/vosgesinfo.fr\/gerardmerinfo\/?p=67625#primaryimage","url":"https:\/\/vosgesinfo.fr\/app\/uploads\/sites\/6\/2024\/08\/voie-granges-aumontzey-draizy-1-scaled.jpg","contentUrl":"https:\/\/vosgesinfo.fr\/app\/uploads\/sites\/6\/2024\/08\/voie-granges-aumontzey-draizy-1-scaled.jpg","width":1920,"height":2560},{"@type":"BreadcrumbList","@id":"https:\/\/vosgesinfo.fr\/gerardmerinfo\/?p=67625#breadcrumb","itemListElement":[{"@type":"ListItem","position":1,"name":"Home","item":"https:\/\/vosgesinfo.fr\/gerardmerinfo\/"},{"@type":"ListItem","position":2,"name":"TG2V et le Collectif Citoyen Granges-Aumontzey rencontrent le Pays de la D\u00e9odatie et le d\u00e9put\u00e9 C. Naegelen"}]},{"@type":"WebSite","@id":"https:\/\/vosgesinfo.fr\/gerardmerinfo\/#website","url":"https:\/\/vosgesinfo.fr\/gerardmerinfo\/","name":"Gerardmer Info","description":"Toute l&#039;actualit\u00e9 de G\u00e9rardmer","publisher":{"@id":"https:\/\/vosgesinfo.fr\/gerardmerinfo\/#organization"},"alternateName":"Toute l'actualit\u00e9 de G\u00e9rardmer","potentialAction":[{"@type":"SearchAction","target":{"@type":"EntryPoint","urlTemplate":"https:\/\/vosgesinfo.fr\/gerardmerinfo\/?s={search_term_string}"},"query-input":"required name=search_term_string"}],"inLanguage":"fr-FR"},{"@type":"Organization","@id":"https:\/\/vosgesinfo.fr\/gerardmerinfo\/#organization","name":"Gerardmer Info","url":"https:\/\/vosgesinfo.fr\/gerardmerinfo\/","logo":{"@type":"ImageObject","inLanguage":"fr-FR","@id":"https:\/\/vosgesinfo.fr\/gerardmerinfo\/#\/schema\/logo\/image\/","url":"https:\/\/vosgesinfo.fr\/app\/uploads\/sites\/6\/2023\/08\/favicon-gerardmerinfo.png","contentUrl":"https:\/\/vosgesinfo.fr\/app\/uploads\/sites\/6\/2023\/08\/favicon-gerardmerinfo.png","width":512,"height":512,"caption":"Gerardmer Info"},"image":{"@id":"https:\/\/vosgesinfo.fr\/gerardmerinfo\/#\/schema\/logo\/image\/"},"sameAs":["https:\/\/www.facebook.com\/profile.php?id=100049475262660","https:\/\/x.com\/VosgesInfo88","https:\/\/www.youtube.com\/@vosgesinfo"]},{"@type":"Person","@id":"https:\/\/vosgesinfo.fr\/gerardmerinfo\/#\/schema\/person\/27a3695b06db98895b354c0765cdfc31","name":"La redaction","image":{"@type":"ImageObject","inLanguage":"fr-FR","@id":"https:\/\/vosgesinfo.fr\/gerardmerinfo\/#\/schema\/person\/image\/","url":"https:\/\/secure.gravatar.com\/avatar\/64c76a78e501cedee55736f43f332df901e1896ae9cd8fad269ae2236dd0e8b6?s=96&d=mm&r=g","contentUrl":"https:\/\/secure.gravatar.com\/avatar\/64c76a78e501cedee55736f43f332df901e1896ae9cd8fad269ae2236dd0e8b6?s=96&d=mm&r=g","caption":"La redaction"},"url":"https:\/\/vosgesinfo.fr\/gerardmerinfo\/author\/la-redaction\/"}]}},"_links":{"self":[{"href":"https:\/\/vosgesinfo.fr\/gerardmerinfo\/wp-json\/wp\/v2\/posts\/67625","targetHints":{"allow":["GET"]}}],"collection":[{"href":"https:\/\/vosgesinfo.fr\/gerardmerinfo\/wp-json\/wp\/v2\/posts"}],"about":[{"href":"https:\/\/vosgesinfo.fr\/gerardmerinfo\/wp-json\/wp\/v2\/types\/post"}],"author":[{"embeddable":true,"href":"https:\/\/vosgesinfo.fr\/gerardmerinfo\/wp-json\/wp\/v2\/users\/391"}],"replies":[{"embeddable":true,"href":"https:\/\/vosgesinfo.fr\/gerardmerinfo\/wp-json\/wp\/v2\/comments?post=67625"}],"version-history":[{"count":3,"href":"https:\/\/vosgesinfo.fr\/gerardmerinfo\/wp-json\/wp\/v2\/posts\/67625\/revisions"}],"predecessor-version":[{"id":67648,"href":"https:\/\/vosgesinfo.fr\/gerardmerinfo\/wp-json\/wp\/v2\/posts\/67625\/revisions\/67648"}],"wp:featuredmedia":[{"embeddable":true,"href":"https:\/\/vosgesinfo.fr\/gerardmerinfo\/wp-json\/wp\/v2\/media\/67646"}],"wp:attachment":[{"href":"https:\/\/vosgesinfo.fr\/gerardmerinfo\/wp-json\/wp\/v2\/media?parent=67625"}],"wp:term":[{"taxonomy":"category","embeddable":true,"href":"https:\/\/vosgesinfo.fr\/gerardmerinfo\/wp-json\/wp\/v2\/categories?post=67625"},{"taxonomy":"post_tag","embeddable":true,"href":"https:\/\/vosgesinfo.fr\/gerardmerinfo\/wp-json\/wp\/v2\/tags?post=67625"}],"curies":[{"name":"wp","href":"https:\/\/api.w.org\/{rel}","templated":true}]}}