{"id":67634,"date":"2024-08-05T15:38:28","date_gmt":"2024-08-05T13:38:28","guid":{"rendered":"https:\/\/vosgesinfo.fr\/gerardmerinfo\/?p=67634"},"modified":"2024-08-05T15:38:28","modified_gmt":"2024-08-05T13:38:28","slug":"orages-les-hagis-ont-sauve-les-meubles","status":"publish","type":"post","link":"https:\/\/vosgesinfo.fr\/gerardmerinfo\/2024\/08\/orages-les-hagis-ont-sauve-les-meubles\/","title":{"rendered":"Orages : les Hagis ont sauv\u00e9 les meubles"},"content":{"rendered":"\n\t\t<style type=\"text\/css\">\n\t\t\t#gallery-1 {\n\t\t\t\tmargin: auto;\n\t\t\t}\n\t\t\t#gallery-1 .gallery-item {\n\t\t\t\tfloat: left;\n\t\t\t\tmargin-top: 10px;\n\t\t\t\ttext-align: center;\n\t\t\t\twidth: 50%;\n\t\t\t}\n\t\t\t#gallery-1 img {\n\t\t\t\tborder: 2px solid #cfcfcf;\n\t\t\t}\n\t\t\t#gallery-1 .gallery-caption {\n\t\t\t\tmargin-left: 0;\n\t\t\t}\n\t\t\t\/* see gallery_shortcode() in wp-includes\/media.php *\/\n\t\t<\/style>\n\t\t<div id='gallery-1' class='gallery galleryid-67634 gallery-columns-2 gallery-size-medium'><dl class='gallery-item'>\n\t\t\t<dt class='gallery-icon landscape'>\n\t\t\t\t<a href='https:\/\/vosgesinfo.fr\/app\/uploads\/sites\/6\/2024\/08\/les-hagis-orage-gerardmer-degats-2.jpg'><img decoding=\"async\" width=\"300\" height=\"225\" src=\"https:\/\/vosgesinfo.fr\/app\/uploads\/sites\/6\/2024\/08\/les-hagis-orage-gerardmer-degats-2-300x225.jpg\" class=\"attachment-medium size-medium\" alt=\"\" srcset=\"https:\/\/vosgesinfo.fr\/app\/uploads\/sites\/6\/2024\/08\/les-hagis-orage-gerardmer-degats-2-300x225.jpg 300w, https:\/\/vosgesinfo.fr\/app\/uploads\/sites\/6\/2024\/08\/les-hagis-orage-gerardmer-degats-2-1024x768.jpg 1024w, https:\/\/vosgesinfo.fr\/app\/uploads\/sites\/6\/2024\/08\/les-hagis-orage-gerardmer-degats-2-768x576.jpg 768w, https:\/\/vosgesinfo.fr\/app\/uploads\/sites\/6\/2024\/08\/les-hagis-orage-gerardmer-degats-2.jpg 1280w\" sizes=\"(max-width: 300px) 100vw, 300px\" \/><\/a>\n\t\t\t<\/dt><\/dl><dl class='gallery-item'>\n\t\t\t<dt class='gallery-icon portrait'>\n\t\t\t\t<a href='https:\/\/vosgesinfo.fr\/app\/uploads\/sites\/6\/2024\/08\/les-hagis-orage-gerardmer-degats-3-scaled.jpg'><img decoding=\"async\" width=\"225\" height=\"300\" src=\"https:\/\/vosgesinfo.fr\/app\/uploads\/sites\/6\/2024\/08\/les-hagis-orage-gerardmer-degats-3-225x300.jpg\" class=\"attachment-medium size-medium\" alt=\"\" srcset=\"https:\/\/vosgesinfo.fr\/app\/uploads\/sites\/6\/2024\/08\/les-hagis-orage-gerardmer-degats-3-225x300.jpg 225w, https:\/\/vosgesinfo.fr\/app\/uploads\/sites\/6\/2024\/08\/les-hagis-orage-gerardmer-degats-3-768x1024.jpg 768w, https:\/\/vosgesinfo.fr\/app\/uploads\/sites\/6\/2024\/08\/les-hagis-orage-gerardmer-degats-3-1152x1536.jpg 1152w, https:\/\/vosgesinfo.fr\/app\/uploads\/sites\/6\/2024\/08\/les-hagis-orage-gerardmer-degats-3-1536x2048.jpg 1536w, https:\/\/vosgesinfo.fr\/app\/uploads\/sites\/6\/2024\/08\/les-hagis-orage-gerardmer-degats-3-scaled.jpg 1920w\" sizes=\"(max-width: 225px) 100vw, 225px\" \/><\/a>\n\t\t\t<\/dt><\/dl><br style=\"clear: both\" \/><dl class='gallery-item'>\n\t\t\t<dt class='gallery-icon portrait'>\n\t\t\t\t<a href='https:\/\/vosgesinfo.fr\/app\/uploads\/sites\/6\/2024\/08\/les-hagis-orage-gerardmer-degats-4-scaled.jpg'><img decoding=\"async\" width=\"225\" height=\"300\" src=\"https:\/\/vosgesinfo.fr\/app\/uploads\/sites\/6\/2024\/08\/les-hagis-orage-gerardmer-degats-4-225x300.jpg\" class=\"attachment-medium size-medium\" alt=\"\" srcset=\"https:\/\/vosgesinfo.fr\/app\/uploads\/sites\/6\/2024\/08\/les-hagis-orage-gerardmer-degats-4-225x300.jpg 225w, https:\/\/vosgesinfo.fr\/app\/uploads\/sites\/6\/2024\/08\/les-hagis-orage-gerardmer-degats-4-768x1024.jpg 768w, https:\/\/vosgesinfo.fr\/app\/uploads\/sites\/6\/2024\/08\/les-hagis-orage-gerardmer-degats-4-1152x1536.jpg 1152w, https:\/\/vosgesinfo.fr\/app\/uploads\/sites\/6\/2024\/08\/les-hagis-orage-gerardmer-degats-4-1536x2048.jpg 1536w, https:\/\/vosgesinfo.fr\/app\/uploads\/sites\/6\/2024\/08\/les-hagis-orage-gerardmer-degats-4-scaled.jpg 1920w\" sizes=\"(max-width: 225px) 100vw, 225px\" \/><\/a>\n\t\t\t<\/dt><\/dl><dl class='gallery-item'>\n\t\t\t<dt class='gallery-icon portrait'>\n\t\t\t\t<a href='https:\/\/vosgesinfo.fr\/app\/uploads\/sites\/6\/2024\/08\/les-hagis-orage-gerardmer-degats-5.jpg'><img decoding=\"async\" width=\"225\" height=\"300\" src=\"https:\/\/vosgesinfo.fr\/app\/uploads\/sites\/6\/2024\/08\/les-hagis-orage-gerardmer-degats-5-225x300.jpg\" class=\"attachment-medium size-medium\" alt=\"\" srcset=\"https:\/\/vosgesinfo.fr\/app\/uploads\/sites\/6\/2024\/08\/les-hagis-orage-gerardmer-degats-5-225x300.jpg 225w, https:\/\/vosgesinfo.fr\/app\/uploads\/sites\/6\/2024\/08\/les-hagis-orage-gerardmer-degats-5-768x1024.jpg 768w, https:\/\/vosgesinfo.fr\/app\/uploads\/sites\/6\/2024\/08\/les-hagis-orage-gerardmer-degats-5-1152x1536.jpg 1152w, https:\/\/vosgesinfo.fr\/app\/uploads\/sites\/6\/2024\/08\/les-hagis-orage-gerardmer-degats-5.jpg 1200w\" sizes=\"(max-width: 225px) 100vw, 225px\" \/><\/a>\n\t\t\t<\/dt><\/dl><br style=\"clear: both\" \/><dl class='gallery-item'>\n\t\t\t<dt class='gallery-icon portrait'>\n\t\t\t\t<a href='https:\/\/vosgesinfo.fr\/app\/uploads\/sites\/6\/2024\/08\/les-hagis-orage-gerardmer-degats-6.jpg'><img decoding=\"async\" width=\"225\" height=\"300\" src=\"https:\/\/vosgesinfo.fr\/app\/uploads\/sites\/6\/2024\/08\/les-hagis-orage-gerardmer-degats-6-225x300.jpg\" class=\"attachment-medium size-medium\" alt=\"\" srcset=\"https:\/\/vosgesinfo.fr\/app\/uploads\/sites\/6\/2024\/08\/les-hagis-orage-gerardmer-degats-6-225x300.jpg 225w, https:\/\/vosgesinfo.fr\/app\/uploads\/sites\/6\/2024\/08\/les-hagis-orage-gerardmer-degats-6-768x1024.jpg 768w, https:\/\/vosgesinfo.fr\/app\/uploads\/sites\/6\/2024\/08\/les-hagis-orage-gerardmer-degats-6-1152x1536.jpg 1152w, https:\/\/vosgesinfo.fr\/app\/uploads\/sites\/6\/2024\/08\/les-hagis-orage-gerardmer-degats-6.jpg 1200w\" sizes=\"(max-width: 225px) 100vw, 225px\" \/><\/a>\n\t\t\t<\/dt><\/dl><dl class='gallery-item'>\n\t\t\t<dt class='gallery-icon landscape'>\n\t\t\t\t<a href='https:\/\/vosgesinfo.fr\/app\/uploads\/sites\/6\/2024\/08\/les-hagis-orage-gerardmer-degats-7.jpg'><img decoding=\"async\" width=\"300\" height=\"225\" src=\"https:\/\/vosgesinfo.fr\/app\/uploads\/sites\/6\/2024\/08\/les-hagis-orage-gerardmer-degats-7-300x225.jpg\" class=\"attachment-medium size-medium\" alt=\"\" srcset=\"https:\/\/vosgesinfo.fr\/app\/uploads\/sites\/6\/2024\/08\/les-hagis-orage-gerardmer-degats-7-300x225.jpg 300w, https:\/\/vosgesinfo.fr\/app\/uploads\/sites\/6\/2024\/08\/les-hagis-orage-gerardmer-degats-7-1024x768.jpg 1024w, https:\/\/vosgesinfo.fr\/app\/uploads\/sites\/6\/2024\/08\/les-hagis-orage-gerardmer-degats-7-768x576.jpg 768w, https:\/\/vosgesinfo.fr\/app\/uploads\/sites\/6\/2024\/08\/les-hagis-orage-gerardmer-degats-7-1536x1152.jpg 1536w, https:\/\/vosgesinfo.fr\/app\/uploads\/sites\/6\/2024\/08\/les-hagis-orage-gerardmer-degats-7.jpg 2048w\" sizes=\"(max-width: 300px) 100vw, 300px\" \/><\/a>\n\t\t\t<\/dt><\/dl><br style=\"clear: both\" \/><dl class='gallery-item'>\n\t\t\t<dt class='gallery-icon landscape'>\n\t\t\t\t<a href='https:\/\/vosgesinfo.fr\/app\/uploads\/sites\/6\/2024\/08\/les-hagis-orage-gerardmer-degats-1.jpg'><img decoding=\"async\" width=\"300\" height=\"300\" src=\"https:\/\/vosgesinfo.fr\/app\/uploads\/sites\/6\/2024\/08\/les-hagis-orage-gerardmer-degats-1-300x300.jpg\" class=\"attachment-medium size-medium\" alt=\"\" srcset=\"https:\/\/vosgesinfo.fr\/app\/uploads\/sites\/6\/2024\/08\/les-hagis-orage-gerardmer-degats-1-300x300.jpg 300w, https:\/\/vosgesinfo.fr\/app\/uploads\/sites\/6\/2024\/08\/les-hagis-orage-gerardmer-degats-1-1024x1024.jpg 1024w, https:\/\/vosgesinfo.fr\/app\/uploads\/sites\/6\/2024\/08\/les-hagis-orage-gerardmer-degats-1-150x150.jpg 150w, https:\/\/vosgesinfo.fr\/app\/uploads\/sites\/6\/2024\/08\/les-hagis-orage-gerardmer-degats-1-768x768.jpg 768w, https:\/\/vosgesinfo.fr\/app\/uploads\/sites\/6\/2024\/08\/les-hagis-orage-gerardmer-degats-1.jpg 1280w\" sizes=\"(max-width: 300px) 100vw, 300px\" \/><\/a>\n\t\t\t<\/dt><\/dl>\n\t\t\t<br style='clear: both' \/>\n\t\t<\/div>\n\n<h3>Situ\u00e9 en bas de a Trinit\u00e9, zone fortement touch\u00e9e lors des orages du 31 juillet dernier, les Hagis ont eux aussi subit des d\u00e9g\u00e2ts important, notamment dans un secteur situ\u00e9 en bout de quartier.<\/h3>\n<p>En t\u00e9moignent ces photographies prises par des riverains dont certains ont vu leur logement \u00eatre inond\u00e9, ou encore les gravas qui subsistent encore aujourd&rsquo;hui sur la chauss\u00e9e qui n&rsquo;est toujours pas praticable, sans oubli\u00e9 un chemin enti\u00e8rement ravag\u00e9. \u00ab\u00a0<em>Nous attendons la d\u00e9cision de la pr\u00e9fecture pour que le chemin soit refait. L&rsquo;impact y a \u00e9t\u00e9 tr\u00e8s violent car l&rsquo;eau et les gravas cumul\u00e9s depuis la Trinit\u00e9 se sont d\u00e9vers\u00e9s \u00e0 cet endroit . Les pompiers sont venus trois fois, l&rsquo;eau coulait trop fortement, ils n&rsquo;ont rien pu faire. Nous avons fait des barrages pour d\u00e9tourner l&rsquo;eau afin qu elle n&rsquo;entre plus dans la maison !<\/em>\u00a0\u00bb pr\u00e9cise un habitant du secteur qui regrette que le dispositif de \u00ab\u00a0catastrophe naturelle\u00a0\u00bb n&rsquo;ai pu \u00eatre d\u00e9clench\u00e9, \u00e0 priori car les d\u00e9g\u00e2ts n&rsquo;\u00e9taient pas assez importants sur la commune. Fort heureusement, les meubles ont bel et bien \u00e9tait sauv\u00e9s !<\/p>\n","protected":false},"excerpt":{"rendered":"<p>Situ\u00e9 en bas de a Trinit\u00e9, zone fortement touch\u00e9e lors des orages du 31 juillet dernier, les Hagis ont eux [&hellip;]<\/p>\n","protected":false},"author":391,"featured_media":67640,"comment_status":"closed","ping_status":"open","sticky":false,"template":"","format":"standard","meta":{"footnotes":""},"categories":[20,8,25],"tags":[4256],"class_list":["post-67634","post","type-post","status-publish","format-standard","has-post-thumbnail","hentry","category-a-la-une","category-faits-divers","category-gerardmer","tag-hagis"],"acf":[],"yoast_head":"<!-- This site is optimized with the Yoast SEO plugin v22.5 - https:\/\/yoast.com\/wordpress\/plugins\/seo\/ -->\n<title>Orages : les Hagis ont sauv\u00e9 les meubles - Gerardmer Info<\/title>\n<meta name=\"robots\" content=\"index, follow, max-snippet:-1, max-image-preview:large, max-video-preview:-1\" \/>\n<link rel=\"canonical\" href=\"https:\/\/vosgesinfo.fr\/gerardmerinfo\/?p=67634\" \/>\n<meta name=\"twitter:card\" content=\"summary_large_image\" \/>\n<meta name=\"twitter:title\" content=\"Orages : les Hagis ont sauv\u00e9 les meubles - Gerardmer Info\" \/>\n<meta name=\"twitter:description\" content=\"Situ\u00e9 en bas de a Trinit\u00e9, zone fortement touch\u00e9e lors des orages du 31 juillet dernier, les Hagis ont eux [&hellip;]\" \/>\n<meta name=\"twitter:image\" content=\"https:\/\/vosgesinfo.fr\/app\/uploads\/sites\/6\/2024\/08\/les-hagis-orage-gerardmer-degats-2-300x225.jpg\" \/>\n<meta name=\"twitter:creator\" content=\"@VosgesInfo88\" \/>\n<meta name=\"twitter:site\" content=\"@VosgesInfo88\" \/>\n<meta name=\"twitter:label1\" content=\"\u00c9crit par\" \/>\n\t<meta name=\"twitter:data1\" content=\"La redaction\" \/>\n\t<meta name=\"twitter:label2\" content=\"Dur\u00e9e de lecture estim\u00e9e\" \/>\n\t<meta name=\"twitter:data2\" content=\"1 minute\" \/>\n<script type=\"application\/ld+json\" class=\"yoast-schema-graph\">{\"@context\":\"https:\/\/schema.org\",\"@graph\":[{\"@type\":\"Article\",\"@id\":\"https:\/\/vosgesinfo.fr\/gerardmerinfo\/?p=67634#article\",\"isPartOf\":{\"@id\":\"https:\/\/vosgesinfo.fr\/gerardmerinfo\/?p=67634\"},\"author\":{\"name\":\"La redaction\",\"@id\":\"https:\/\/vosgesinfo.fr\/gerardmerinfo\/#\/schema\/person\/27a3695b06db98895b354c0765cdfc31\"},\"headline\":\"Orages : les Hagis ont sauv\u00e9 les meubles\",\"datePublished\":\"2024-08-05T13:38:28+00:00\",\"dateModified\":\"2024-08-05T13:38:28+00:00\",\"mainEntityOfPage\":{\"@id\":\"https:\/\/vosgesinfo.fr\/gerardmerinfo\/?p=67634\"},\"wordCount\":215,\"publisher\":{\"@id\":\"https:\/\/vosgesinfo.fr\/gerardmerinfo\/#organization\"},\"image\":{\"@id\":\"https:\/\/vosgesinfo.fr\/gerardmerinfo\/?p=67634#primaryimage\"},\"thumbnailUrl\":\"https:\/\/vosgesinfo.fr\/app\/uploads\/sites\/6\/2024\/08\/les-hagis-orage-gerardmer-degats-7.jpg\",\"keywords\":[\"Hagis\"],\"articleSection\":[\"A la une\",\"Faits-divers\",\"G\u00e9rardmer\"],\"inLanguage\":\"fr-FR\"},{\"@type\":\"WebPage\",\"@id\":\"https:\/\/vosgesinfo.fr\/gerardmerinfo\/?p=67634\",\"url\":\"https:\/\/vosgesinfo.fr\/gerardmerinfo\/?p=67634\",\"name\":\"Orages : les Hagis ont sauv\u00e9 les meubles - Gerardmer Info\",\"isPartOf\":{\"@id\":\"https:\/\/vosgesinfo.fr\/gerardmerinfo\/#website\"},\"primaryImageOfPage\":{\"@id\":\"https:\/\/vosgesinfo.fr\/gerardmerinfo\/?p=67634#primaryimage\"},\"image\":{\"@id\":\"https:\/\/vosgesinfo.fr\/gerardmerinfo\/?p=67634#primaryimage\"},\"thumbnailUrl\":\"https:\/\/vosgesinfo.fr\/app\/uploads\/sites\/6\/2024\/08\/les-hagis-orage-gerardmer-degats-7.jpg\",\"datePublished\":\"2024-08-05T13:38:28+00:00\",\"dateModified\":\"2024-08-05T13:38:28+00:00\",\"breadcrumb\":{\"@id\":\"https:\/\/vosgesinfo.fr\/gerardmerinfo\/?p=67634#breadcrumb\"},\"inLanguage\":\"fr-FR\",\"potentialAction\":[{\"@type\":\"ReadAction\",\"target\":[\"https:\/\/vosgesinfo.fr\/gerardmerinfo\/?p=67634\"]}]},{\"@type\":\"ImageObject\",\"inLanguage\":\"fr-FR\",\"@id\":\"https:\/\/vosgesinfo.fr\/gerardmerinfo\/?p=67634#primaryimage\",\"url\":\"https:\/\/vosgesinfo.fr\/app\/uploads\/sites\/6\/2024\/08\/les-hagis-orage-gerardmer-degats-7.jpg\",\"contentUrl\":\"https:\/\/vosgesinfo.fr\/app\/uploads\/sites\/6\/2024\/08\/les-hagis-orage-gerardmer-degats-7.jpg\",\"width\":2048,\"height\":1536},{\"@type\":\"BreadcrumbList\",\"@id\":\"https:\/\/vosgesinfo.fr\/gerardmerinfo\/?p=67634#breadcrumb\",\"itemListElement\":[{\"@type\":\"ListItem\",\"position\":1,\"name\":\"Home\",\"item\":\"https:\/\/vosgesinfo.fr\/gerardmerinfo\/\"},{\"@type\":\"ListItem\",\"position\":2,\"name\":\"Orages : les Hagis ont sauv\u00e9 les meubles\"}]},{\"@type\":\"WebSite\",\"@id\":\"https:\/\/vosgesinfo.fr\/gerardmerinfo\/#website\",\"url\":\"https:\/\/vosgesinfo.fr\/gerardmerinfo\/\",\"name\":\"Gerardmer Info\",\"description\":\"Toute l&#039;actualit\u00e9 de G\u00e9rardmer\",\"publisher\":{\"@id\":\"https:\/\/vosgesinfo.fr\/gerardmerinfo\/#organization\"},\"alternateName\":\"Toute l'actualit\u00e9 de G\u00e9rardmer\",\"potentialAction\":[{\"@type\":\"SearchAction\",\"target\":{\"@type\":\"EntryPoint\",\"urlTemplate\":\"https:\/\/vosgesinfo.fr\/gerardmerinfo\/?s={search_term_string}\"},\"query-input\":\"required name=search_term_string\"}],\"inLanguage\":\"fr-FR\"},{\"@type\":\"Organization\",\"@id\":\"https:\/\/vosgesinfo.fr\/gerardmerinfo\/#organization\",\"name\":\"Gerardmer Info\",\"url\":\"https:\/\/vosgesinfo.fr\/gerardmerinfo\/\",\"logo\":{\"@type\":\"ImageObject\",\"inLanguage\":\"fr-FR\",\"@id\":\"https:\/\/vosgesinfo.fr\/gerardmerinfo\/#\/schema\/logo\/image\/\",\"url\":\"https:\/\/vosgesinfo.fr\/app\/uploads\/sites\/6\/2023\/08\/favicon-gerardmerinfo.png\",\"contentUrl\":\"https:\/\/vosgesinfo.fr\/app\/uploads\/sites\/6\/2023\/08\/favicon-gerardmerinfo.png\",\"width\":512,\"height\":512,\"caption\":\"Gerardmer Info\"},\"image\":{\"@id\":\"https:\/\/vosgesinfo.fr\/gerardmerinfo\/#\/schema\/logo\/image\/\"},\"sameAs\":[\"https:\/\/www.facebook.com\/profile.php?id=100049475262660\",\"https:\/\/x.com\/VosgesInfo88\",\"https:\/\/www.youtube.com\/@vosgesinfo\"]},{\"@type\":\"Person\",\"@id\":\"https:\/\/vosgesinfo.fr\/gerardmerinfo\/#\/schema\/person\/27a3695b06db98895b354c0765cdfc31\",\"name\":\"La redaction\",\"image\":{\"@type\":\"ImageObject\",\"inLanguage\":\"fr-FR\",\"@id\":\"https:\/\/vosgesinfo.fr\/gerardmerinfo\/#\/schema\/person\/image\/\",\"url\":\"https:\/\/secure.gravatar.com\/avatar\/64c76a78e501cedee55736f43f332df901e1896ae9cd8fad269ae2236dd0e8b6?s=96&d=mm&r=g\",\"contentUrl\":\"https:\/\/secure.gravatar.com\/avatar\/64c76a78e501cedee55736f43f332df901e1896ae9cd8fad269ae2236dd0e8b6?s=96&d=mm&r=g\",\"caption\":\"La redaction\"},\"url\":\"https:\/\/vosgesinfo.fr\/gerardmerinfo\/author\/la-redaction\/\"}]}<\/script>\n<!-- \/ Yoast SEO plugin. -->","yoast_head_json":{"title":"Orages : les Hagis ont sauv\u00e9 les meubles - Gerardmer Info","robots":{"index":"index","follow":"follow","max-snippet":"max-snippet:-1","max-image-preview":"max-image-preview:large","max-video-preview":"max-video-preview:-1"},"canonical":"https:\/\/vosgesinfo.fr\/gerardmerinfo\/?p=67634","twitter_card":"summary_large_image","twitter_title":"Orages : les Hagis ont sauv\u00e9 les meubles - Gerardmer Info","twitter_description":"Situ\u00e9 en bas de a Trinit\u00e9, zone fortement touch\u00e9e lors des orages du 31 juillet dernier, les Hagis ont eux [&hellip;]","twitter_image":"https:\/\/vosgesinfo.fr\/app\/uploads\/sites\/6\/2024\/08\/les-hagis-orage-gerardmer-degats-2-300x225.jpg","twitter_creator":"@VosgesInfo88","twitter_site":"@VosgesInfo88","twitter_misc":{"\u00c9crit par":"La redaction","Dur\u00e9e de lecture estim\u00e9e":"1 minute"},"schema":{"@context":"https:\/\/schema.org","@graph":[{"@type":"Article","@id":"https:\/\/vosgesinfo.fr\/gerardmerinfo\/?p=67634#article","isPartOf":{"@id":"https:\/\/vosgesinfo.fr\/gerardmerinfo\/?p=67634"},"author":{"name":"La redaction","@id":"https:\/\/vosgesinfo.fr\/gerardmerinfo\/#\/schema\/person\/27a3695b06db98895b354c0765cdfc31"},"headline":"Orages : les Hagis ont sauv\u00e9 les meubles","datePublished":"2024-08-05T13:38:28+00:00","dateModified":"2024-08-05T13:38:28+00:00","mainEntityOfPage":{"@id":"https:\/\/vosgesinfo.fr\/gerardmerinfo\/?p=67634"},"wordCount":215,"publisher":{"@id":"https:\/\/vosgesinfo.fr\/gerardmerinfo\/#organization"},"image":{"@id":"https:\/\/vosgesinfo.fr\/gerardmerinfo\/?p=67634#primaryimage"},"thumbnailUrl":"https:\/\/vosgesinfo.fr\/app\/uploads\/sites\/6\/2024\/08\/les-hagis-orage-gerardmer-degats-7.jpg","keywords":["Hagis"],"articleSection":["A la une","Faits-divers","G\u00e9rardmer"],"inLanguage":"fr-FR"},{"@type":"WebPage","@id":"https:\/\/vosgesinfo.fr\/gerardmerinfo\/?p=67634","url":"https:\/\/vosgesinfo.fr\/gerardmerinfo\/?p=67634","name":"Orages : les Hagis ont sauv\u00e9 les meubles - Gerardmer Info","isPartOf":{"@id":"https:\/\/vosgesinfo.fr\/gerardmerinfo\/#website"},"primaryImageOfPage":{"@id":"https:\/\/vosgesinfo.fr\/gerardmerinfo\/?p=67634#primaryimage"},"image":{"@id":"https:\/\/vosgesinfo.fr\/gerardmerinfo\/?p=67634#primaryimage"},"thumbnailUrl":"https:\/\/vosgesinfo.fr\/app\/uploads\/sites\/6\/2024\/08\/les-hagis-orage-gerardmer-degats-7.jpg","datePublished":"2024-08-05T13:38:28+00:00","dateModified":"2024-08-05T13:38:28+00:00","breadcrumb":{"@id":"https:\/\/vosgesinfo.fr\/gerardmerinfo\/?p=67634#breadcrumb"},"inLanguage":"fr-FR","potentialAction":[{"@type":"ReadAction","target":["https:\/\/vosgesinfo.fr\/gerardmerinfo\/?p=67634"]}]},{"@type":"ImageObject","inLanguage":"fr-FR","@id":"https:\/\/vosgesinfo.fr\/gerardmerinfo\/?p=67634#primaryimage","url":"https:\/\/vosgesinfo.fr\/app\/uploads\/sites\/6\/2024\/08\/les-hagis-orage-gerardmer-degats-7.jpg","contentUrl":"https:\/\/vosgesinfo.fr\/app\/uploads\/sites\/6\/2024\/08\/les-hagis-orage-gerardmer-degats-7.jpg","width":2048,"height":1536},{"@type":"BreadcrumbList","@id":"https:\/\/vosgesinfo.fr\/gerardmerinfo\/?p=67634#breadcrumb","itemListElement":[{"@type":"ListItem","position":1,"name":"Home","item":"https:\/\/vosgesinfo.fr\/gerardmerinfo\/"},{"@type":"ListItem","position":2,"name":"Orages : les Hagis ont sauv\u00e9 les meubles"}]},{"@type":"WebSite","@id":"https:\/\/vosgesinfo.fr\/gerardmerinfo\/#website","url":"https:\/\/vosgesinfo.fr\/gerardmerinfo\/","name":"Gerardmer Info","description":"Toute l&#039;actualit\u00e9 de G\u00e9rardmer","publisher":{"@id":"https:\/\/vosgesinfo.fr\/gerardmerinfo\/#organization"},"alternateName":"Toute l'actualit\u00e9 de G\u00e9rardmer","potentialAction":[{"@type":"SearchAction","target":{"@type":"EntryPoint","urlTemplate":"https:\/\/vosgesinfo.fr\/gerardmerinfo\/?s={search_term_string}"},"query-input":"required name=search_term_string"}],"inLanguage":"fr-FR"},{"@type":"Organization","@id":"https:\/\/vosgesinfo.fr\/gerardmerinfo\/#organization","name":"Gerardmer Info","url":"https:\/\/vosgesinfo.fr\/gerardmerinfo\/","logo":{"@type":"ImageObject","inLanguage":"fr-FR","@id":"https:\/\/vosgesinfo.fr\/gerardmerinfo\/#\/schema\/logo\/image\/","url":"https:\/\/vosgesinfo.fr\/app\/uploads\/sites\/6\/2023\/08\/favicon-gerardmerinfo.png","contentUrl":"https:\/\/vosgesinfo.fr\/app\/uploads\/sites\/6\/2023\/08\/favicon-gerardmerinfo.png","width":512,"height":512,"caption":"Gerardmer Info"},"image":{"@id":"https:\/\/vosgesinfo.fr\/gerardmerinfo\/#\/schema\/logo\/image\/"},"sameAs":["https:\/\/www.facebook.com\/profile.php?id=100049475262660","https:\/\/x.com\/VosgesInfo88","https:\/\/www.youtube.com\/@vosgesinfo"]},{"@type":"Person","@id":"https:\/\/vosgesinfo.fr\/gerardmerinfo\/#\/schema\/person\/27a3695b06db98895b354c0765cdfc31","name":"La redaction","image":{"@type":"ImageObject","inLanguage":"fr-FR","@id":"https:\/\/vosgesinfo.fr\/gerardmerinfo\/#\/schema\/person\/image\/","url":"https:\/\/secure.gravatar.com\/avatar\/64c76a78e501cedee55736f43f332df901e1896ae9cd8fad269ae2236dd0e8b6?s=96&d=mm&r=g","contentUrl":"https:\/\/secure.gravatar.com\/avatar\/64c76a78e501cedee55736f43f332df901e1896ae9cd8fad269ae2236dd0e8b6?s=96&d=mm&r=g","caption":"La redaction"},"url":"https:\/\/vosgesinfo.fr\/gerardmerinfo\/author\/la-redaction\/"}]}},"_links":{"self":[{"href":"https:\/\/vosgesinfo.fr\/gerardmerinfo\/wp-json\/wp\/v2\/posts\/67634","targetHints":{"allow":["GET"]}}],"collection":[{"href":"https:\/\/vosgesinfo.fr\/gerardmerinfo\/wp-json\/wp\/v2\/posts"}],"about":[{"href":"https:\/\/vosgesinfo.fr\/gerardmerinfo\/wp-json\/wp\/v2\/types\/post"}],"author":[{"embeddable":true,"href":"https:\/\/vosgesinfo.fr\/gerardmerinfo\/wp-json\/wp\/v2\/users\/391"}],"replies":[{"embeddable":true,"href":"https:\/\/vosgesinfo.fr\/gerardmerinfo\/wp-json\/wp\/v2\/comments?post=67634"}],"version-history":[{"count":1,"href":"https:\/\/vosgesinfo.fr\/gerardmerinfo\/wp-json\/wp\/v2\/posts\/67634\/revisions"}],"predecessor-version":[{"id":67642,"href":"https:\/\/vosgesinfo.fr\/gerardmerinfo\/wp-json\/wp\/v2\/posts\/67634\/revisions\/67642"}],"wp:featuredmedia":[{"embeddable":true,"href":"https:\/\/vosgesinfo.fr\/gerardmerinfo\/wp-json\/wp\/v2\/media\/67640"}],"wp:attachment":[{"href":"https:\/\/vosgesinfo.fr\/gerardmerinfo\/wp-json\/wp\/v2\/media?parent=67634"}],"wp:term":[{"taxonomy":"category","embeddable":true,"href":"https:\/\/vosgesinfo.fr\/gerardmerinfo\/wp-json\/wp\/v2\/categories?post=67634"},{"taxonomy":"post_tag","embeddable":true,"href":"https:\/\/vosgesinfo.fr\/gerardmerinfo\/wp-json\/wp\/v2\/tags?post=67634"}],"curies":[{"name":"wp","href":"https:\/\/api.w.org\/{rel}","templated":true}]}}