{"id":67778,"date":"2024-08-12T16:37:03","date_gmt":"2024-08-12T14:37:03","guid":{"rendered":"https:\/\/vosgesinfo.fr\/gerardmerinfo\/?p=67778"},"modified":"2024-08-12T16:37:03","modified_gmt":"2024-08-12T14:37:03","slug":"un-ete-au-bord-du-lac-annulation-de-lanimation-theatre-noisette-et-violetta","status":"publish","type":"post","link":"https:\/\/vosgesinfo.fr\/gerardmerinfo\/2024\/08\/un-ete-au-bord-du-lac-annulation-de-lanimation-theatre-noisette-et-violetta\/","title":{"rendered":"\u00ab\u00a0Un \u00e9t\u00e9 au bord du lac\u00a0\u00bb &#8211; annulation de l\u2019animation th\u00e9\u00e2tre \u00ab\u00a0Noisette et Violetta\u00a0\u00bb"},"content":{"rendered":"<p><strong>Pour information, dans le cadre d\u2019un \u00e9t\u00e9 au bord du lac l\u2019animation th\u00e9\u00e2tre \u00ab\u00a0Noisette et Violetta\u00a0\u00bb\u00a0 pr\u00e9vue demain est malheureusement annul\u00e9e. <\/strong><\/p>\n<p>&nbsp;<\/p>\n<p><strong><a href=\"https:\/\/vosgesinfo.fr\/app\/uploads\/sites\/6\/2024\/06\/un-ete-au-bord-du-lac-2024-gerardmer.jpg\"><img decoding=\"async\" class=\"alignright wp-image-10543\" src=\"https:\/\/vosgesinfo.fr\/app\/uploads\/sites\/6\/2024\/06\/un-ete-au-bord-du-lac-2024-gerardmer.jpg\" alt=\"\" width=\"199\" height=\"294\" \/><\/a>8<\/strong> rendez-vous sont encore au programme \u00ab\u00a0d\u2019un \u00e9t\u00e9 au bord du lac\u00a0\u00bb\u00a0:<\/p>\n<ul>\n<li>Lundi 12\/08 &#8211; 18H\/22H\u00a0: <strong>Ap\u00e9ro Electro <\/strong>Quai du Locle<\/li>\n<li>Mercredi 14\/08 Jeudi 15\/08\u00a0: <em>Cours de Danse<\/em><strong> Danse O Lac <\/strong><strong>Villa Monplaisir<\/strong><\/li>\n<li>Lundi 19\/08 &#8211; 18H\/22H\u00a0: <strong>Ap\u00e9ro Electro <\/strong>Quai du Locle<\/li>\n<li>Mardi 20\/08 &#8211; 18H\u00a0: <em>Concert<\/em><strong> Moon Light <\/strong>Square Briffaut<\/li>\n<li>Jeudi 22\/08 11H &#8211; 18H\u00a0: <em>Animation Musicale<\/em><strong> \u00ab\u00a0Sens \u00e0 sons, sculptures sonores\u00a0\u00bb <\/strong><strong>Square Briffaut<\/strong><\/li>\n<li><strong>Vendredi 23\/08 &#8211; 20H30\u00a0: Cl\u00f4ture d&rsquo;Un \u00e9t\u00e9 au Bord du Lac. Sound of Floyd tribute Pink Floyd\u00a0: <em>Concert<\/em> Quai du Locle<\/strong><\/li>\n<li>Samedi 24\/08 &#8211; 16H\u00a0: <em>Concert<\/em><strong> Lola et son piano <\/strong><strong>Square Briffaut<\/strong><\/li>\n<\/ul>\n<p>&nbsp;<\/p>\n<p><strong>Toutes les informations disponibles sur <a href=\"http:\/\/www.mairie-gerardmer.fr\" data-saferedirecturl=\"https:\/\/www.google.com\/url?q=http:\/\/www.mairie-gerardmer.fr&amp;source=gmail&amp;ust=1723550465459000&amp;usg=AOvVaw3bKNdUO-o1yGCsmyCScwX8\">www.mairie-gerardmer.fr<\/a><\/strong><\/p>\n","protected":false},"excerpt":{"rendered":"<p>Pour information, dans le cadre d\u2019un \u00e9t\u00e9 au bord du lac l\u2019animation th\u00e9\u00e2tre \u00ab\u00a0Noisette et Violetta\u00a0\u00bb\u00a0 pr\u00e9vue demain est malheureusement [&hellip;]<\/p>\n","protected":false},"author":391,"featured_media":10543,"comment_status":"open","ping_status":"open","sticky":false,"template":"","format":"standard","meta":{"footnotes":""},"categories":[20,4,25],"tags":[367],"class_list":["post-67778","post","type-post","status-publish","format-standard","has-post-thumbnail","hentry","category-a-la-une","category-culture","category-gerardmer","tag-un-ete-au-bord-du-lac"],"acf":[],"yoast_head":"<!-- This site is optimized with the Yoast SEO plugin v22.5 - https:\/\/yoast.com\/wordpress\/plugins\/seo\/ -->\n<title>&quot;Un \u00e9t\u00e9 au bord du lac&quot; - annulation de l\u2019animation th\u00e9\u00e2tre \u00ab\u00a0Noisette et Violetta\u00a0\u00bb - Gerardmer Info<\/title>\n<meta name=\"robots\" content=\"index, follow, max-snippet:-1, max-image-preview:large, max-video-preview:-1\" \/>\n<link rel=\"canonical\" href=\"https:\/\/vosgesinfo.fr\/gerardmerinfo\/?p=67778\" \/>\n<meta name=\"twitter:card\" content=\"summary_large_image\" \/>\n<meta name=\"twitter:title\" content=\"&quot;Un \u00e9t\u00e9 au bord du lac&quot; - annulation de l\u2019animation th\u00e9\u00e2tre \u00ab\u00a0Noisette et Violetta\u00a0\u00bb - Gerardmer Info\" \/>\n<meta name=\"twitter:description\" content=\"Pour information, dans le cadre d\u2019un \u00e9t\u00e9 au bord du lac l\u2019animation th\u00e9\u00e2tre \u00ab\u00a0Noisette et Violetta\u00a0\u00bb\u00a0 pr\u00e9vue demain est malheureusement [&hellip;]\" \/>\n<meta name=\"twitter:image\" content=\"https:\/\/vosgesinfo.fr\/app\/uploads\/sites\/6\/2024\/06\/un-ete-au-bord-du-lac-2024-gerardmer.jpg\" \/>\n<meta name=\"twitter:creator\" content=\"@VosgesInfo88\" \/>\n<meta name=\"twitter:site\" content=\"@VosgesInfo88\" \/>\n<meta name=\"twitter:label1\" content=\"\u00c9crit par\" \/>\n\t<meta name=\"twitter:data1\" content=\"La redaction\" \/>\n\t<meta name=\"twitter:label2\" content=\"Dur\u00e9e de lecture estim\u00e9e\" \/>\n\t<meta name=\"twitter:data2\" content=\"1 minute\" \/>\n<script type=\"application\/ld+json\" class=\"yoast-schema-graph\">{\"@context\":\"https:\/\/schema.org\",\"@graph\":[{\"@type\":\"Article\",\"@id\":\"https:\/\/vosgesinfo.fr\/gerardmerinfo\/?p=67778#article\",\"isPartOf\":{\"@id\":\"https:\/\/vosgesinfo.fr\/gerardmerinfo\/?p=67778\"},\"author\":{\"name\":\"La redaction\",\"@id\":\"https:\/\/vosgesinfo.fr\/gerardmerinfo\/#\/schema\/person\/27a3695b06db98895b354c0765cdfc31\"},\"headline\":\"\u00ab\u00a0Un \u00e9t\u00e9 au bord du lac\u00a0\u00bb &#8211; annulation de l\u2019animation th\u00e9\u00e2tre \u00ab\u00a0Noisette et Violetta\u00a0\u00bb\",\"datePublished\":\"2024-08-12T14:37:03+00:00\",\"dateModified\":\"2024-08-12T14:37:03+00:00\",\"mainEntityOfPage\":{\"@id\":\"https:\/\/vosgesinfo.fr\/gerardmerinfo\/?p=67778\"},\"wordCount\":146,\"commentCount\":0,\"publisher\":{\"@id\":\"https:\/\/vosgesinfo.fr\/gerardmerinfo\/#organization\"},\"image\":{\"@id\":\"https:\/\/vosgesinfo.fr\/gerardmerinfo\/?p=67778#primaryimage\"},\"thumbnailUrl\":\"https:\/\/vosgesinfo.fr\/app\/uploads\/sites\/6\/2024\/06\/un-ete-au-bord-du-lac-2024-gerardmer.jpg\",\"keywords\":[\"Un Ete au bord du lac\"],\"articleSection\":[\"A la une\",\"Culture\",\"G\u00e9rardmer\"],\"inLanguage\":\"fr-FR\",\"potentialAction\":[{\"@type\":\"CommentAction\",\"name\":\"Comment\",\"target\":[\"https:\/\/vosgesinfo.fr\/gerardmerinfo\/?p=67778#respond\"]}]},{\"@type\":\"WebPage\",\"@id\":\"https:\/\/vosgesinfo.fr\/gerardmerinfo\/?p=67778\",\"url\":\"https:\/\/vosgesinfo.fr\/gerardmerinfo\/?p=67778\",\"name\":\"\\\"Un \u00e9t\u00e9 au bord du lac\\\" - annulation de l\u2019animation th\u00e9\u00e2tre \u00ab\u00a0Noisette et Violetta\u00a0\u00bb - Gerardmer Info\",\"isPartOf\":{\"@id\":\"https:\/\/vosgesinfo.fr\/gerardmerinfo\/#website\"},\"primaryImageOfPage\":{\"@id\":\"https:\/\/vosgesinfo.fr\/gerardmerinfo\/?p=67778#primaryimage\"},\"image\":{\"@id\":\"https:\/\/vosgesinfo.fr\/gerardmerinfo\/?p=67778#primaryimage\"},\"thumbnailUrl\":\"https:\/\/vosgesinfo.fr\/app\/uploads\/sites\/6\/2024\/06\/un-ete-au-bord-du-lac-2024-gerardmer.jpg\",\"datePublished\":\"2024-08-12T14:37:03+00:00\",\"dateModified\":\"2024-08-12T14:37:03+00:00\",\"breadcrumb\":{\"@id\":\"https:\/\/vosgesinfo.fr\/gerardmerinfo\/?p=67778#breadcrumb\"},\"inLanguage\":\"fr-FR\",\"potentialAction\":[{\"@type\":\"ReadAction\",\"target\":[\"https:\/\/vosgesinfo.fr\/gerardmerinfo\/?p=67778\"]}]},{\"@type\":\"ImageObject\",\"inLanguage\":\"fr-FR\",\"@id\":\"https:\/\/vosgesinfo.fr\/gerardmerinfo\/?p=67778#primaryimage\",\"url\":\"https:\/\/vosgesinfo.fr\/app\/uploads\/sites\/6\/2024\/06\/un-ete-au-bord-du-lac-2024-gerardmer.jpg\",\"contentUrl\":\"https:\/\/vosgesinfo.fr\/app\/uploads\/sites\/6\/2024\/06\/un-ete-au-bord-du-lac-2024-gerardmer.jpg\",\"width\":6999,\"height\":10335},{\"@type\":\"BreadcrumbList\",\"@id\":\"https:\/\/vosgesinfo.fr\/gerardmerinfo\/?p=67778#breadcrumb\",\"itemListElement\":[{\"@type\":\"ListItem\",\"position\":1,\"name\":\"Home\",\"item\":\"https:\/\/vosgesinfo.fr\/gerardmerinfo\/\"},{\"@type\":\"ListItem\",\"position\":2,\"name\":\"&#8220;Un \u00e9t\u00e9 au bord du lac&#8221; &#8211; annulation de l\u2019animation th\u00e9\u00e2tre \u00ab\u00a0Noisette et Violetta\u00a0\u00bb\"}]},{\"@type\":\"WebSite\",\"@id\":\"https:\/\/vosgesinfo.fr\/gerardmerinfo\/#website\",\"url\":\"https:\/\/vosgesinfo.fr\/gerardmerinfo\/\",\"name\":\"Gerardmer Info\",\"description\":\"Toute l&#039;actualit\u00e9 de G\u00e9rardmer\",\"publisher\":{\"@id\":\"https:\/\/vosgesinfo.fr\/gerardmerinfo\/#organization\"},\"alternateName\":\"Toute l'actualit\u00e9 de G\u00e9rardmer\",\"potentialAction\":[{\"@type\":\"SearchAction\",\"target\":{\"@type\":\"EntryPoint\",\"urlTemplate\":\"https:\/\/vosgesinfo.fr\/gerardmerinfo\/?s={search_term_string}\"},\"query-input\":\"required name=search_term_string\"}],\"inLanguage\":\"fr-FR\"},{\"@type\":\"Organization\",\"@id\":\"https:\/\/vosgesinfo.fr\/gerardmerinfo\/#organization\",\"name\":\"Gerardmer Info\",\"url\":\"https:\/\/vosgesinfo.fr\/gerardmerinfo\/\",\"logo\":{\"@type\":\"ImageObject\",\"inLanguage\":\"fr-FR\",\"@id\":\"https:\/\/vosgesinfo.fr\/gerardmerinfo\/#\/schema\/logo\/image\/\",\"url\":\"https:\/\/vosgesinfo.fr\/app\/uploads\/sites\/6\/2023\/08\/favicon-gerardmerinfo.png\",\"contentUrl\":\"https:\/\/vosgesinfo.fr\/app\/uploads\/sites\/6\/2023\/08\/favicon-gerardmerinfo.png\",\"width\":512,\"height\":512,\"caption\":\"Gerardmer Info\"},\"image\":{\"@id\":\"https:\/\/vosgesinfo.fr\/gerardmerinfo\/#\/schema\/logo\/image\/\"},\"sameAs\":[\"https:\/\/www.facebook.com\/profile.php?id=100049475262660\",\"https:\/\/x.com\/VosgesInfo88\",\"https:\/\/www.youtube.com\/@vosgesinfo\"]},{\"@type\":\"Person\",\"@id\":\"https:\/\/vosgesinfo.fr\/gerardmerinfo\/#\/schema\/person\/27a3695b06db98895b354c0765cdfc31\",\"name\":\"La redaction\",\"image\":{\"@type\":\"ImageObject\",\"inLanguage\":\"fr-FR\",\"@id\":\"https:\/\/vosgesinfo.fr\/gerardmerinfo\/#\/schema\/person\/image\/\",\"url\":\"https:\/\/secure.gravatar.com\/avatar\/64c76a78e501cedee55736f43f332df901e1896ae9cd8fad269ae2236dd0e8b6?s=96&d=mm&r=g\",\"contentUrl\":\"https:\/\/secure.gravatar.com\/avatar\/64c76a78e501cedee55736f43f332df901e1896ae9cd8fad269ae2236dd0e8b6?s=96&d=mm&r=g\",\"caption\":\"La redaction\"},\"url\":\"https:\/\/vosgesinfo.fr\/gerardmerinfo\/author\/la-redaction\/\"}]}<\/script>\n<!-- \/ Yoast SEO plugin. -->","yoast_head_json":{"title":"\"Un \u00e9t\u00e9 au bord du lac\" - annulation de l\u2019animation th\u00e9\u00e2tre \u00ab\u00a0Noisette et Violetta\u00a0\u00bb - Gerardmer Info","robots":{"index":"index","follow":"follow","max-snippet":"max-snippet:-1","max-image-preview":"max-image-preview:large","max-video-preview":"max-video-preview:-1"},"canonical":"https:\/\/vosgesinfo.fr\/gerardmerinfo\/?p=67778","twitter_card":"summary_large_image","twitter_title":"\"Un \u00e9t\u00e9 au bord du lac\" - annulation de l\u2019animation th\u00e9\u00e2tre \u00ab\u00a0Noisette et Violetta\u00a0\u00bb - Gerardmer Info","twitter_description":"Pour information, dans le cadre d\u2019un \u00e9t\u00e9 au bord du lac l\u2019animation th\u00e9\u00e2tre \u00ab\u00a0Noisette et Violetta\u00a0\u00bb\u00a0 pr\u00e9vue demain est malheureusement [&hellip;]","twitter_image":"https:\/\/vosgesinfo.fr\/app\/uploads\/sites\/6\/2024\/06\/un-ete-au-bord-du-lac-2024-gerardmer.jpg","twitter_creator":"@VosgesInfo88","twitter_site":"@VosgesInfo88","twitter_misc":{"\u00c9crit par":"La redaction","Dur\u00e9e de lecture estim\u00e9e":"1 minute"},"schema":{"@context":"https:\/\/schema.org","@graph":[{"@type":"Article","@id":"https:\/\/vosgesinfo.fr\/gerardmerinfo\/?p=67778#article","isPartOf":{"@id":"https:\/\/vosgesinfo.fr\/gerardmerinfo\/?p=67778"},"author":{"name":"La redaction","@id":"https:\/\/vosgesinfo.fr\/gerardmerinfo\/#\/schema\/person\/27a3695b06db98895b354c0765cdfc31"},"headline":"\u00ab\u00a0Un \u00e9t\u00e9 au bord du lac\u00a0\u00bb &#8211; annulation de l\u2019animation th\u00e9\u00e2tre \u00ab\u00a0Noisette et Violetta\u00a0\u00bb","datePublished":"2024-08-12T14:37:03+00:00","dateModified":"2024-08-12T14:37:03+00:00","mainEntityOfPage":{"@id":"https:\/\/vosgesinfo.fr\/gerardmerinfo\/?p=67778"},"wordCount":146,"commentCount":0,"publisher":{"@id":"https:\/\/vosgesinfo.fr\/gerardmerinfo\/#organization"},"image":{"@id":"https:\/\/vosgesinfo.fr\/gerardmerinfo\/?p=67778#primaryimage"},"thumbnailUrl":"https:\/\/vosgesinfo.fr\/app\/uploads\/sites\/6\/2024\/06\/un-ete-au-bord-du-lac-2024-gerardmer.jpg","keywords":["Un Ete au bord du lac"],"articleSection":["A la une","Culture","G\u00e9rardmer"],"inLanguage":"fr-FR","potentialAction":[{"@type":"CommentAction","name":"Comment","target":["https:\/\/vosgesinfo.fr\/gerardmerinfo\/?p=67778#respond"]}]},{"@type":"WebPage","@id":"https:\/\/vosgesinfo.fr\/gerardmerinfo\/?p=67778","url":"https:\/\/vosgesinfo.fr\/gerardmerinfo\/?p=67778","name":"\"Un \u00e9t\u00e9 au bord du lac\" - annulation de l\u2019animation th\u00e9\u00e2tre \u00ab\u00a0Noisette et Violetta\u00a0\u00bb - Gerardmer Info","isPartOf":{"@id":"https:\/\/vosgesinfo.fr\/gerardmerinfo\/#website"},"primaryImageOfPage":{"@id":"https:\/\/vosgesinfo.fr\/gerardmerinfo\/?p=67778#primaryimage"},"image":{"@id":"https:\/\/vosgesinfo.fr\/gerardmerinfo\/?p=67778#primaryimage"},"thumbnailUrl":"https:\/\/vosgesinfo.fr\/app\/uploads\/sites\/6\/2024\/06\/un-ete-au-bord-du-lac-2024-gerardmer.jpg","datePublished":"2024-08-12T14:37:03+00:00","dateModified":"2024-08-12T14:37:03+00:00","breadcrumb":{"@id":"https:\/\/vosgesinfo.fr\/gerardmerinfo\/?p=67778#breadcrumb"},"inLanguage":"fr-FR","potentialAction":[{"@type":"ReadAction","target":["https:\/\/vosgesinfo.fr\/gerardmerinfo\/?p=67778"]}]},{"@type":"ImageObject","inLanguage":"fr-FR","@id":"https:\/\/vosgesinfo.fr\/gerardmerinfo\/?p=67778#primaryimage","url":"https:\/\/vosgesinfo.fr\/app\/uploads\/sites\/6\/2024\/06\/un-ete-au-bord-du-lac-2024-gerardmer.jpg","contentUrl":"https:\/\/vosgesinfo.fr\/app\/uploads\/sites\/6\/2024\/06\/un-ete-au-bord-du-lac-2024-gerardmer.jpg","width":6999,"height":10335},{"@type":"BreadcrumbList","@id":"https:\/\/vosgesinfo.fr\/gerardmerinfo\/?p=67778#breadcrumb","itemListElement":[{"@type":"ListItem","position":1,"name":"Home","item":"https:\/\/vosgesinfo.fr\/gerardmerinfo\/"},{"@type":"ListItem","position":2,"name":"&#8220;Un \u00e9t\u00e9 au bord du lac&#8221; &#8211; annulation de l\u2019animation th\u00e9\u00e2tre \u00ab\u00a0Noisette et Violetta\u00a0\u00bb"}]},{"@type":"WebSite","@id":"https:\/\/vosgesinfo.fr\/gerardmerinfo\/#website","url":"https:\/\/vosgesinfo.fr\/gerardmerinfo\/","name":"Gerardmer Info","description":"Toute l&#039;actualit\u00e9 de G\u00e9rardmer","publisher":{"@id":"https:\/\/vosgesinfo.fr\/gerardmerinfo\/#organization"},"alternateName":"Toute l'actualit\u00e9 de G\u00e9rardmer","potentialAction":[{"@type":"SearchAction","target":{"@type":"EntryPoint","urlTemplate":"https:\/\/vosgesinfo.fr\/gerardmerinfo\/?s={search_term_string}"},"query-input":"required name=search_term_string"}],"inLanguage":"fr-FR"},{"@type":"Organization","@id":"https:\/\/vosgesinfo.fr\/gerardmerinfo\/#organization","name":"Gerardmer Info","url":"https:\/\/vosgesinfo.fr\/gerardmerinfo\/","logo":{"@type":"ImageObject","inLanguage":"fr-FR","@id":"https:\/\/vosgesinfo.fr\/gerardmerinfo\/#\/schema\/logo\/image\/","url":"https:\/\/vosgesinfo.fr\/app\/uploads\/sites\/6\/2023\/08\/favicon-gerardmerinfo.png","contentUrl":"https:\/\/vosgesinfo.fr\/app\/uploads\/sites\/6\/2023\/08\/favicon-gerardmerinfo.png","width":512,"height":512,"caption":"Gerardmer Info"},"image":{"@id":"https:\/\/vosgesinfo.fr\/gerardmerinfo\/#\/schema\/logo\/image\/"},"sameAs":["https:\/\/www.facebook.com\/profile.php?id=100049475262660","https:\/\/x.com\/VosgesInfo88","https:\/\/www.youtube.com\/@vosgesinfo"]},{"@type":"Person","@id":"https:\/\/vosgesinfo.fr\/gerardmerinfo\/#\/schema\/person\/27a3695b06db98895b354c0765cdfc31","name":"La redaction","image":{"@type":"ImageObject","inLanguage":"fr-FR","@id":"https:\/\/vosgesinfo.fr\/gerardmerinfo\/#\/schema\/person\/image\/","url":"https:\/\/secure.gravatar.com\/avatar\/64c76a78e501cedee55736f43f332df901e1896ae9cd8fad269ae2236dd0e8b6?s=96&d=mm&r=g","contentUrl":"https:\/\/secure.gravatar.com\/avatar\/64c76a78e501cedee55736f43f332df901e1896ae9cd8fad269ae2236dd0e8b6?s=96&d=mm&r=g","caption":"La redaction"},"url":"https:\/\/vosgesinfo.fr\/gerardmerinfo\/author\/la-redaction\/"}]}},"_links":{"self":[{"href":"https:\/\/vosgesinfo.fr\/gerardmerinfo\/wp-json\/wp\/v2\/posts\/67778","targetHints":{"allow":["GET"]}}],"collection":[{"href":"https:\/\/vosgesinfo.fr\/gerardmerinfo\/wp-json\/wp\/v2\/posts"}],"about":[{"href":"https:\/\/vosgesinfo.fr\/gerardmerinfo\/wp-json\/wp\/v2\/types\/post"}],"author":[{"embeddable":true,"href":"https:\/\/vosgesinfo.fr\/gerardmerinfo\/wp-json\/wp\/v2\/users\/391"}],"replies":[{"embeddable":true,"href":"https:\/\/vosgesinfo.fr\/gerardmerinfo\/wp-json\/wp\/v2\/comments?post=67778"}],"version-history":[{"count":1,"href":"https:\/\/vosgesinfo.fr\/gerardmerinfo\/wp-json\/wp\/v2\/posts\/67778\/revisions"}],"predecessor-version":[{"id":67779,"href":"https:\/\/vosgesinfo.fr\/gerardmerinfo\/wp-json\/wp\/v2\/posts\/67778\/revisions\/67779"}],"wp:featuredmedia":[{"embeddable":true,"href":"https:\/\/vosgesinfo.fr\/gerardmerinfo\/wp-json\/wp\/v2\/media\/10543"}],"wp:attachment":[{"href":"https:\/\/vosgesinfo.fr\/gerardmerinfo\/wp-json\/wp\/v2\/media?parent=67778"}],"wp:term":[{"taxonomy":"category","embeddable":true,"href":"https:\/\/vosgesinfo.fr\/gerardmerinfo\/wp-json\/wp\/v2\/categories?post=67778"},{"taxonomy":"post_tag","embeddable":true,"href":"https:\/\/vosgesinfo.fr\/gerardmerinfo\/wp-json\/wp\/v2\/tags?post=67778"}],"curies":[{"name":"wp","href":"https:\/\/api.w.org\/{rel}","templated":true}]}}