{"id":67826,"date":"2024-08-14T17:08:26","date_gmt":"2024-08-14T15:08:26","guid":{"rendered":"https:\/\/vosgesinfo.fr\/gerardmerinfo\/?p=67826"},"modified":"2024-08-14T17:08:26","modified_gmt":"2024-08-14T15:08:26","slug":"deces-de-mme-simone-marchal-nee-petitdemange","status":"publish","type":"post","link":"https:\/\/vosgesinfo.fr\/gerardmerinfo\/2024\/08\/deces-de-mme-simone-marchal-nee-petitdemange\/","title":{"rendered":"D\u00e9c\u00e8s de Mme Simone MARCHAL n\u00e9e PETITDEMANGE"},"content":{"rendered":"<p align=\"center\"><span style=\"color: #342240; font-size: 14pt;\"><span style=\"font-family: Garamond, serif;\"><b>GERARDMER<\/b><\/span><\/span><\/p>\n<p align=\"center\">\n<p align=\"center\"><span style=\"font-family: Times New Roman, serif;\"><span style=\"font-size: medium;\"><span style=\"color: #342240;\"><span style=\"font-family: Garamond, serif;\"><span style=\"font-size: large;\">Georges MARCHAL, son \u00e9poux ;<\/span><\/span><\/span><\/span><\/span><\/p>\n<p align=\"center\"><span style=\"font-family: Times New Roman, serif;\"><span style=\"font-size: medium;\"><span style=\"color: #342240;\"><span style=\"font-family: Garamond, serif;\"><span style=\"font-size: large;\">Jean-Yves, Eric, Marilyne, Benoit,<\/span><\/span><\/span> <span style=\"color: #342240;\"><span style=\"font-family: Garamond, serif;\"><span style=\"font-size: large;\">ses enfants et leurs conjoints ;<\/span><\/span><\/span><\/span><\/span><\/p>\n<p align=\"center\"><span style=\"font-family: Times New Roman, serif;\"><span style=\"font-size: medium;\"><span style=\"color: #342240;\"><span style=\"font-family: Garamond, serif;\"><span style=\"font-size: large;\">Ses petits-enfants et ses arri\u00e8re-petits-enfants ;<\/span><\/span><\/span><\/span><\/span><\/p>\n<p align=\"center\"><span style=\"font-family: Times New Roman, serif;\"><span style=\"font-size: medium;\"><span style=\"color: #342240;\"><span style=\"font-family: Garamond, serif;\"><span style=\"font-size: large;\">Claudine, sa s\u0153ur et ses enfants ;<\/span><\/span><\/span><\/span><\/span><\/p>\n<p align=\"center\"><span style=\"font-family: Times New Roman, serif;\"><span style=\"font-size: medium;\"><span style=\"color: #342240;\"><span style=\"font-family: Garamond, serif;\"><span style=\"font-size: large;\">Les familles MARCHAL, PETITDEMANGE, GROSSIER<\/span><\/span><\/span><\/span><\/span><\/p>\n<p align=\"center\"><span style=\"font-family: Times New Roman, serif;\"><span style=\"font-size: medium;\"><span style=\"color: #342240;\"><span style=\"font-family: Garamond, serif;\"><span style=\"font-size: large;\">Vous font part du d\u00e9c\u00e8s de<\/span><\/span><\/span><\/span><\/span><\/p>\n<p align=\"center\">\n<p align=\"center\"><span style=\"font-family: Times New Roman, serif; font-size: 14pt;\"><span style=\"color: #342240;\"><span style=\"font-family: Garamond, serif;\"><b>Madame Simone MARCHAL<\/b><\/span><\/span><\/span><\/p>\n<p align=\"center\"><span style=\"font-family: Times New Roman, serif; font-size: 14pt;\"><span style=\"color: #342240;\"><span style=\"font-family: Garamond, serif;\"><b>N\u00e9e PETITDEMANGE<\/b><\/span><\/span><\/span><\/p>\n<p align=\"center\">\n<a href=\"https:\/\/vosgesinfo.fr\/app\/uploads\/sites\/6\/2024\/08\/photo-1.jpeg\"><img decoding=\"async\" class=\"aligncenter size-medium wp-image-67827\" src=\"https:\/\/vosgesinfo.fr\/app\/uploads\/sites\/6\/2024\/08\/photo-1-225x300.jpeg\" alt=\"\" width=\"225\" height=\"300\" srcset=\"https:\/\/vosgesinfo.fr\/app\/uploads\/sites\/6\/2024\/08\/photo-1-225x300.jpeg 225w, https:\/\/vosgesinfo.fr\/app\/uploads\/sites\/6\/2024\/08\/photo-1.jpeg 768w\" sizes=\"(max-width: 225px) 100vw, 225px\" \/><\/a><\/p>\n<p align=\"center\"><span style=\"font-family: Times New Roman, serif;\"><span style=\"font-size: medium;\"><span style=\"color: #342240;\"><span style=\"font-family: Garamond, serif;\"><span style=\"font-size: large;\">Survenu le 14 ao\u00fbt 2024, dans sa 86<\/span><\/span><\/span><span style=\"color: #342240;\"><sup><span style=\"font-family: Garamond, serif;\"><span style=\"font-size: large;\">i\u00e8me<\/span><\/span><\/sup><\/span><span style=\"color: #342240;\"><span style=\"font-family: Garamond, serif;\"><span style=\"font-size: large;\"> ann\u00e9e.<\/span><\/span><\/span><\/span><\/span><\/p>\n<p align=\"center\">\n<p align=\"center\"><span style=\"font-family: Times New Roman, serif;\"><span style=\"font-size: medium;\"><span style=\"color: #342240;\"><span style=\"font-family: Garamond, serif;\"><span style=\"font-size: large;\"><b>Simone<\/b><\/span><\/span><\/span><span style=\"color: #342240;\"><span style=\"font-family: Garamond, serif;\"><span style=\"font-size: large;\"> repose au fun\u00e9rarium de G\u00e9rardmer.<\/span><\/span><\/span><\/span><\/span><\/p>\n<p align=\"center\"><span style=\"font-family: Times New Roman, serif;\"><span style=\"font-size: medium;\"><span style=\"color: #342240;\"><span style=\"font-family: Garamond, serif;\"><span style=\"font-size: large;\">O\u00f9 la famille re\u00e7oit jeudi et vendredi de 9h30 \u00e0 20h.<\/span><\/span><\/span><\/span><\/span><\/p>\n<p align=\"center\">\n<p align=\"center\"><span style=\"font-family: Times New Roman, serif;\"><span style=\"font-size: medium;\"><span style=\"color: #342240;\"><span style=\"font-family: Garamond, serif;\"><span style=\"font-size: large;\"><b>La c\u00e9r\u00e9monie religieuse sera c\u00e9l\u00e9br\u00e9e samedi 17 ao\u00fbt \u00e0 14h30 en l\u2019\u00e9glise<\/b><\/span><\/span><\/span><\/span><\/span><\/p>\n<p align=\"center\"><span style=\"font-family: Times New Roman, serif;\"><span style=\"font-size: medium;\"><span style=\"color: #342240;\"><span style=\"font-family: Garamond, serif;\"><span style=\"font-size: large;\"><b>Saint-Barth\u00e9lemy de G\u00e9rardmer<\/b><\/span><\/span><\/span><span style=\"color: #342240;\"><span style=\"font-family: Garamond, serif;\"><span style=\"font-size: large;\">,<\/span><\/span><\/span> <span style=\"color: #342240;\"><span style=\"font-family: Garamond, serif;\"><span style=\"font-size: large;\">suivie de l\u2019inhumation au cimeti\u00e8re communal.<\/span><\/span><\/span><\/span><\/span><\/p>\n<p align=\"center\"><span style=\"font-family: Times New Roman, serif;\"><span style=\"font-size: medium;\"><span style=\"color: #342240;\"><span style=\"font-family: Garamond, serif;\"><span style=\"font-size: large;\">La famille remercie par avance toute les personnes<\/span><\/span><\/span> <span style=\"color: #342240;\"><span style=\"font-family: Garamond, serif;\"><span style=\"font-size: large;\">qui prendront part \u00e0 sa peine.<\/span><\/span><\/span><\/span><\/span><\/p>\n<p align=\"center\"><span style=\"font-family: Times New Roman, serif;\"><span style=\"font-size: medium;\"><span style=\"color: #342240;\"><span style=\"font-family: Garamond, serif;\"><span style=\"font-size: large;\">L\u2019offrande tiendra lieu de condol\u00e9ances<\/span><\/span><\/span> <span style=\"color: #342240;\"><span style=\"font-family: Garamond, serif;\"><span style=\"font-size: large;\">et le pr\u00e9sent avis de faire-part et de remerciements.<\/span><\/span><\/span><\/span><\/span><\/p>\n<p align=\"center\">\n<p align=\"center\"><span style=\"font-family: Times New Roman, serif;\"><span style=\"font-size: medium;\"><span style=\"color: #342240;\"><span style=\"font-family: Garamond, serif;\"><span style=\"font-size: large;\">PF DIDIER, 65 boulevard d\u2019Alsace, 88400 GERARDMER, 03.29.60.06.43<\/span><\/span><\/span><\/span><\/span><\/p>\n<p>&nbsp;<\/p>\n","protected":false},"excerpt":{"rendered":"<p>GERARDMER Georges MARCHAL, son \u00e9poux ; Jean-Yves, Eric, Marilyne, Benoit, ses enfants et leurs conjoints ; Ses petits-enfants et ses [&hellip;]<\/p>\n","protected":false},"author":391,"featured_media":213,"comment_status":"open","ping_status":"open","sticky":false,"template":"","format":"standard","meta":{"footnotes":""},"categories":[20,2,25],"tags":[],"class_list":["post-67826","post","type-post","status-publish","format-standard","has-post-thumbnail","hentry","category-a-la-une","category-annonces-legales","category-gerardmer"],"acf":[],"yoast_head":"<!-- This site is optimized with the Yoast SEO plugin v22.5 - https:\/\/yoast.com\/wordpress\/plugins\/seo\/ -->\n<title>D\u00e9c\u00e8s de Mme Simone MARCHAL n\u00e9e PETITDEMANGE - Gerardmer Info<\/title>\n<meta name=\"robots\" content=\"index, follow, max-snippet:-1, max-image-preview:large, max-video-preview:-1\" \/>\n<link rel=\"canonical\" href=\"https:\/\/vosgesinfo.fr\/gerardmerinfo\/?p=67826\" \/>\n<meta name=\"twitter:card\" content=\"summary_large_image\" \/>\n<meta name=\"twitter:title\" content=\"D\u00e9c\u00e8s de Mme Simone MARCHAL n\u00e9e PETITDEMANGE - Gerardmer Info\" \/>\n<meta name=\"twitter:description\" content=\"GERARDMER Georges MARCHAL, son \u00e9poux ; Jean-Yves, Eric, Marilyne, Benoit, ses enfants et leurs conjoints ; Ses petits-enfants et ses [&hellip;]\" \/>\n<meta name=\"twitter:image\" content=\"https:\/\/vosgesinfo.fr\/app\/uploads\/sites\/6\/2024\/08\/photo-1-225x300.jpeg\" \/>\n<meta name=\"twitter:creator\" content=\"@VosgesInfo88\" \/>\n<meta name=\"twitter:site\" content=\"@VosgesInfo88\" \/>\n<meta name=\"twitter:label1\" content=\"\u00c9crit par\" \/>\n\t<meta name=\"twitter:data1\" content=\"La redaction\" \/>\n\t<meta name=\"twitter:label2\" content=\"Dur\u00e9e de lecture estim\u00e9e\" \/>\n\t<meta name=\"twitter:data2\" content=\"1 minute\" \/>\n<script type=\"application\/ld+json\" class=\"yoast-schema-graph\">{\"@context\":\"https:\/\/schema.org\",\"@graph\":[{\"@type\":\"Article\",\"@id\":\"https:\/\/vosgesinfo.fr\/gerardmerinfo\/?p=67826#article\",\"isPartOf\":{\"@id\":\"https:\/\/vosgesinfo.fr\/gerardmerinfo\/?p=67826\"},\"author\":{\"name\":\"La redaction\",\"@id\":\"https:\/\/vosgesinfo.fr\/gerardmerinfo\/#\/schema\/person\/27a3695b06db98895b354c0765cdfc31\"},\"headline\":\"D\u00e9c\u00e8s de Mme Simone MARCHAL n\u00e9e PETITDEMANGE\",\"datePublished\":\"2024-08-14T15:08:26+00:00\",\"dateModified\":\"2024-08-14T15:08:26+00:00\",\"mainEntityOfPage\":{\"@id\":\"https:\/\/vosgesinfo.fr\/gerardmerinfo\/?p=67826\"},\"wordCount\":152,\"commentCount\":11,\"publisher\":{\"@id\":\"https:\/\/vosgesinfo.fr\/gerardmerinfo\/#organization\"},\"image\":{\"@id\":\"https:\/\/vosgesinfo.fr\/gerardmerinfo\/?p=67826#primaryimage\"},\"thumbnailUrl\":\"https:\/\/vosgesinfo.fr\/app\/uploads\/sites\/6\/2020\/09\/avis-de-decces-bougie.jpg\",\"articleSection\":[\"A la une\",\"Annonces L\u00e9gales\",\"G\u00e9rardmer\"],\"inLanguage\":\"fr-FR\",\"potentialAction\":[{\"@type\":\"CommentAction\",\"name\":\"Comment\",\"target\":[\"https:\/\/vosgesinfo.fr\/gerardmerinfo\/?p=67826#respond\"]}]},{\"@type\":\"WebPage\",\"@id\":\"https:\/\/vosgesinfo.fr\/gerardmerinfo\/?p=67826\",\"url\":\"https:\/\/vosgesinfo.fr\/gerardmerinfo\/?p=67826\",\"name\":\"D\u00e9c\u00e8s de Mme Simone MARCHAL n\u00e9e PETITDEMANGE - Gerardmer Info\",\"isPartOf\":{\"@id\":\"https:\/\/vosgesinfo.fr\/gerardmerinfo\/#website\"},\"primaryImageOfPage\":{\"@id\":\"https:\/\/vosgesinfo.fr\/gerardmerinfo\/?p=67826#primaryimage\"},\"image\":{\"@id\":\"https:\/\/vosgesinfo.fr\/gerardmerinfo\/?p=67826#primaryimage\"},\"thumbnailUrl\":\"https:\/\/vosgesinfo.fr\/app\/uploads\/sites\/6\/2020\/09\/avis-de-decces-bougie.jpg\",\"datePublished\":\"2024-08-14T15:08:26+00:00\",\"dateModified\":\"2024-08-14T15:08:26+00:00\",\"breadcrumb\":{\"@id\":\"https:\/\/vosgesinfo.fr\/gerardmerinfo\/?p=67826#breadcrumb\"},\"inLanguage\":\"fr-FR\",\"potentialAction\":[{\"@type\":\"ReadAction\",\"target\":[\"https:\/\/vosgesinfo.fr\/gerardmerinfo\/?p=67826\"]}]},{\"@type\":\"ImageObject\",\"inLanguage\":\"fr-FR\",\"@id\":\"https:\/\/vosgesinfo.fr\/gerardmerinfo\/?p=67826#primaryimage\",\"url\":\"https:\/\/vosgesinfo.fr\/app\/uploads\/sites\/6\/2020\/09\/avis-de-decces-bougie.jpg\",\"contentUrl\":\"https:\/\/vosgesinfo.fr\/app\/uploads\/sites\/6\/2020\/09\/avis-de-decces-bougie.jpg\",\"width\":700,\"height\":321},{\"@type\":\"BreadcrumbList\",\"@id\":\"https:\/\/vosgesinfo.fr\/gerardmerinfo\/?p=67826#breadcrumb\",\"itemListElement\":[{\"@type\":\"ListItem\",\"position\":1,\"name\":\"Home\",\"item\":\"https:\/\/vosgesinfo.fr\/gerardmerinfo\/\"},{\"@type\":\"ListItem\",\"position\":2,\"name\":\"D\u00e9c\u00e8s de Mme Simone MARCHAL n\u00e9e PETITDEMANGE\"}]},{\"@type\":\"WebSite\",\"@id\":\"https:\/\/vosgesinfo.fr\/gerardmerinfo\/#website\",\"url\":\"https:\/\/vosgesinfo.fr\/gerardmerinfo\/\",\"name\":\"Gerardmer Info\",\"description\":\"Toute l&#039;actualit\u00e9 de G\u00e9rardmer\",\"publisher\":{\"@id\":\"https:\/\/vosgesinfo.fr\/gerardmerinfo\/#organization\"},\"alternateName\":\"Toute l'actualit\u00e9 de G\u00e9rardmer\",\"potentialAction\":[{\"@type\":\"SearchAction\",\"target\":{\"@type\":\"EntryPoint\",\"urlTemplate\":\"https:\/\/vosgesinfo.fr\/gerardmerinfo\/?s={search_term_string}\"},\"query-input\":\"required name=search_term_string\"}],\"inLanguage\":\"fr-FR\"},{\"@type\":\"Organization\",\"@id\":\"https:\/\/vosgesinfo.fr\/gerardmerinfo\/#organization\",\"name\":\"Gerardmer Info\",\"url\":\"https:\/\/vosgesinfo.fr\/gerardmerinfo\/\",\"logo\":{\"@type\":\"ImageObject\",\"inLanguage\":\"fr-FR\",\"@id\":\"https:\/\/vosgesinfo.fr\/gerardmerinfo\/#\/schema\/logo\/image\/\",\"url\":\"https:\/\/vosgesinfo.fr\/app\/uploads\/sites\/6\/2023\/08\/favicon-gerardmerinfo.png\",\"contentUrl\":\"https:\/\/vosgesinfo.fr\/app\/uploads\/sites\/6\/2023\/08\/favicon-gerardmerinfo.png\",\"width\":512,\"height\":512,\"caption\":\"Gerardmer Info\"},\"image\":{\"@id\":\"https:\/\/vosgesinfo.fr\/gerardmerinfo\/#\/schema\/logo\/image\/\"},\"sameAs\":[\"https:\/\/www.facebook.com\/profile.php?id=100049475262660\",\"https:\/\/x.com\/VosgesInfo88\",\"https:\/\/www.youtube.com\/@vosgesinfo\"]},{\"@type\":\"Person\",\"@id\":\"https:\/\/vosgesinfo.fr\/gerardmerinfo\/#\/schema\/person\/27a3695b06db98895b354c0765cdfc31\",\"name\":\"La redaction\",\"image\":{\"@type\":\"ImageObject\",\"inLanguage\":\"fr-FR\",\"@id\":\"https:\/\/vosgesinfo.fr\/gerardmerinfo\/#\/schema\/person\/image\/\",\"url\":\"https:\/\/secure.gravatar.com\/avatar\/64c76a78e501cedee55736f43f332df901e1896ae9cd8fad269ae2236dd0e8b6?s=96&d=mm&r=g\",\"contentUrl\":\"https:\/\/secure.gravatar.com\/avatar\/64c76a78e501cedee55736f43f332df901e1896ae9cd8fad269ae2236dd0e8b6?s=96&d=mm&r=g\",\"caption\":\"La redaction\"},\"url\":\"https:\/\/vosgesinfo.fr\/gerardmerinfo\/author\/la-redaction\/\"}]}<\/script>\n<!-- \/ Yoast SEO plugin. -->","yoast_head_json":{"title":"D\u00e9c\u00e8s de Mme Simone MARCHAL n\u00e9e PETITDEMANGE - Gerardmer Info","robots":{"index":"index","follow":"follow","max-snippet":"max-snippet:-1","max-image-preview":"max-image-preview:large","max-video-preview":"max-video-preview:-1"},"canonical":"https:\/\/vosgesinfo.fr\/gerardmerinfo\/?p=67826","twitter_card":"summary_large_image","twitter_title":"D\u00e9c\u00e8s de Mme Simone MARCHAL n\u00e9e PETITDEMANGE - Gerardmer Info","twitter_description":"GERARDMER Georges MARCHAL, son \u00e9poux ; Jean-Yves, Eric, Marilyne, Benoit, ses enfants et leurs conjoints ; Ses petits-enfants et ses [&hellip;]","twitter_image":"https:\/\/vosgesinfo.fr\/app\/uploads\/sites\/6\/2024\/08\/photo-1-225x300.jpeg","twitter_creator":"@VosgesInfo88","twitter_site":"@VosgesInfo88","twitter_misc":{"\u00c9crit par":"La redaction","Dur\u00e9e de lecture estim\u00e9e":"1 minute"},"schema":{"@context":"https:\/\/schema.org","@graph":[{"@type":"Article","@id":"https:\/\/vosgesinfo.fr\/gerardmerinfo\/?p=67826#article","isPartOf":{"@id":"https:\/\/vosgesinfo.fr\/gerardmerinfo\/?p=67826"},"author":{"name":"La redaction","@id":"https:\/\/vosgesinfo.fr\/gerardmerinfo\/#\/schema\/person\/27a3695b06db98895b354c0765cdfc31"},"headline":"D\u00e9c\u00e8s de Mme Simone MARCHAL n\u00e9e PETITDEMANGE","datePublished":"2024-08-14T15:08:26+00:00","dateModified":"2024-08-14T15:08:26+00:00","mainEntityOfPage":{"@id":"https:\/\/vosgesinfo.fr\/gerardmerinfo\/?p=67826"},"wordCount":152,"commentCount":11,"publisher":{"@id":"https:\/\/vosgesinfo.fr\/gerardmerinfo\/#organization"},"image":{"@id":"https:\/\/vosgesinfo.fr\/gerardmerinfo\/?p=67826#primaryimage"},"thumbnailUrl":"https:\/\/vosgesinfo.fr\/app\/uploads\/sites\/6\/2020\/09\/avis-de-decces-bougie.jpg","articleSection":["A la une","Annonces L\u00e9gales","G\u00e9rardmer"],"inLanguage":"fr-FR","potentialAction":[{"@type":"CommentAction","name":"Comment","target":["https:\/\/vosgesinfo.fr\/gerardmerinfo\/?p=67826#respond"]}]},{"@type":"WebPage","@id":"https:\/\/vosgesinfo.fr\/gerardmerinfo\/?p=67826","url":"https:\/\/vosgesinfo.fr\/gerardmerinfo\/?p=67826","name":"D\u00e9c\u00e8s de Mme Simone MARCHAL n\u00e9e PETITDEMANGE - Gerardmer Info","isPartOf":{"@id":"https:\/\/vosgesinfo.fr\/gerardmerinfo\/#website"},"primaryImageOfPage":{"@id":"https:\/\/vosgesinfo.fr\/gerardmerinfo\/?p=67826#primaryimage"},"image":{"@id":"https:\/\/vosgesinfo.fr\/gerardmerinfo\/?p=67826#primaryimage"},"thumbnailUrl":"https:\/\/vosgesinfo.fr\/app\/uploads\/sites\/6\/2020\/09\/avis-de-decces-bougie.jpg","datePublished":"2024-08-14T15:08:26+00:00","dateModified":"2024-08-14T15:08:26+00:00","breadcrumb":{"@id":"https:\/\/vosgesinfo.fr\/gerardmerinfo\/?p=67826#breadcrumb"},"inLanguage":"fr-FR","potentialAction":[{"@type":"ReadAction","target":["https:\/\/vosgesinfo.fr\/gerardmerinfo\/?p=67826"]}]},{"@type":"ImageObject","inLanguage":"fr-FR","@id":"https:\/\/vosgesinfo.fr\/gerardmerinfo\/?p=67826#primaryimage","url":"https:\/\/vosgesinfo.fr\/app\/uploads\/sites\/6\/2020\/09\/avis-de-decces-bougie.jpg","contentUrl":"https:\/\/vosgesinfo.fr\/app\/uploads\/sites\/6\/2020\/09\/avis-de-decces-bougie.jpg","width":700,"height":321},{"@type":"BreadcrumbList","@id":"https:\/\/vosgesinfo.fr\/gerardmerinfo\/?p=67826#breadcrumb","itemListElement":[{"@type":"ListItem","position":1,"name":"Home","item":"https:\/\/vosgesinfo.fr\/gerardmerinfo\/"},{"@type":"ListItem","position":2,"name":"D\u00e9c\u00e8s de Mme Simone MARCHAL n\u00e9e PETITDEMANGE"}]},{"@type":"WebSite","@id":"https:\/\/vosgesinfo.fr\/gerardmerinfo\/#website","url":"https:\/\/vosgesinfo.fr\/gerardmerinfo\/","name":"Gerardmer Info","description":"Toute l&#039;actualit\u00e9 de G\u00e9rardmer","publisher":{"@id":"https:\/\/vosgesinfo.fr\/gerardmerinfo\/#organization"},"alternateName":"Toute l'actualit\u00e9 de G\u00e9rardmer","potentialAction":[{"@type":"SearchAction","target":{"@type":"EntryPoint","urlTemplate":"https:\/\/vosgesinfo.fr\/gerardmerinfo\/?s={search_term_string}"},"query-input":"required name=search_term_string"}],"inLanguage":"fr-FR"},{"@type":"Organization","@id":"https:\/\/vosgesinfo.fr\/gerardmerinfo\/#organization","name":"Gerardmer Info","url":"https:\/\/vosgesinfo.fr\/gerardmerinfo\/","logo":{"@type":"ImageObject","inLanguage":"fr-FR","@id":"https:\/\/vosgesinfo.fr\/gerardmerinfo\/#\/schema\/logo\/image\/","url":"https:\/\/vosgesinfo.fr\/app\/uploads\/sites\/6\/2023\/08\/favicon-gerardmerinfo.png","contentUrl":"https:\/\/vosgesinfo.fr\/app\/uploads\/sites\/6\/2023\/08\/favicon-gerardmerinfo.png","width":512,"height":512,"caption":"Gerardmer Info"},"image":{"@id":"https:\/\/vosgesinfo.fr\/gerardmerinfo\/#\/schema\/logo\/image\/"},"sameAs":["https:\/\/www.facebook.com\/profile.php?id=100049475262660","https:\/\/x.com\/VosgesInfo88","https:\/\/www.youtube.com\/@vosgesinfo"]},{"@type":"Person","@id":"https:\/\/vosgesinfo.fr\/gerardmerinfo\/#\/schema\/person\/27a3695b06db98895b354c0765cdfc31","name":"La redaction","image":{"@type":"ImageObject","inLanguage":"fr-FR","@id":"https:\/\/vosgesinfo.fr\/gerardmerinfo\/#\/schema\/person\/image\/","url":"https:\/\/secure.gravatar.com\/avatar\/64c76a78e501cedee55736f43f332df901e1896ae9cd8fad269ae2236dd0e8b6?s=96&d=mm&r=g","contentUrl":"https:\/\/secure.gravatar.com\/avatar\/64c76a78e501cedee55736f43f332df901e1896ae9cd8fad269ae2236dd0e8b6?s=96&d=mm&r=g","caption":"La redaction"},"url":"https:\/\/vosgesinfo.fr\/gerardmerinfo\/author\/la-redaction\/"}]}},"_links":{"self":[{"href":"https:\/\/vosgesinfo.fr\/gerardmerinfo\/wp-json\/wp\/v2\/posts\/67826","targetHints":{"allow":["GET"]}}],"collection":[{"href":"https:\/\/vosgesinfo.fr\/gerardmerinfo\/wp-json\/wp\/v2\/posts"}],"about":[{"href":"https:\/\/vosgesinfo.fr\/gerardmerinfo\/wp-json\/wp\/v2\/types\/post"}],"author":[{"embeddable":true,"href":"https:\/\/vosgesinfo.fr\/gerardmerinfo\/wp-json\/wp\/v2\/users\/391"}],"replies":[{"embeddable":true,"href":"https:\/\/vosgesinfo.fr\/gerardmerinfo\/wp-json\/wp\/v2\/comments?post=67826"}],"version-history":[{"count":2,"href":"https:\/\/vosgesinfo.fr\/gerardmerinfo\/wp-json\/wp\/v2\/posts\/67826\/revisions"}],"predecessor-version":[{"id":67829,"href":"https:\/\/vosgesinfo.fr\/gerardmerinfo\/wp-json\/wp\/v2\/posts\/67826\/revisions\/67829"}],"wp:featuredmedia":[{"embeddable":true,"href":"https:\/\/vosgesinfo.fr\/gerardmerinfo\/wp-json\/wp\/v2\/media\/213"}],"wp:attachment":[{"href":"https:\/\/vosgesinfo.fr\/gerardmerinfo\/wp-json\/wp\/v2\/media?parent=67826"}],"wp:term":[{"taxonomy":"category","embeddable":true,"href":"https:\/\/vosgesinfo.fr\/gerardmerinfo\/wp-json\/wp\/v2\/categories?post=67826"},{"taxonomy":"post_tag","embeddable":true,"href":"https:\/\/vosgesinfo.fr\/gerardmerinfo\/wp-json\/wp\/v2\/tags?post=67826"}],"curies":[{"name":"wp","href":"https:\/\/api.w.org\/{rel}","templated":true}]}}