{"id":67937,"date":"2024-08-22T23:59:56","date_gmt":"2024-08-22T21:59:56","guid":{"rendered":"https:\/\/vosgesinfo.fr\/gerardmerinfo\/?p=67937"},"modified":"2024-08-23T14:51:02","modified_gmt":"2024-08-23T12:51:02","slug":"coupe-des-vosges-de-saut-a-ski-au-tremplin-des-bas-rupts","status":"publish","type":"post","link":"https:\/\/vosgesinfo.fr\/gerardmerinfo\/2024\/08\/coupe-des-vosges-de-saut-a-ski-au-tremplin-des-bas-rupts\/","title":{"rendered":"Coupe des Vosges de saut \u00e0 ski au tremplin des Bas Rupts"},"content":{"rendered":"<p>Apr\u00e8s plusieurs \u00e9tapes effectu\u00e9es sur le circuit national cet \u00e9t\u00e9, les sauteurs Vosgien se retrouveront ce vendredi 23 ao\u00fbt au tremplin des Bas Rupts pour une \u00e9tape de la coupe des Vosges. Anciens sauteurs, \u00e9quipe r\u00e9gionale et jeunes athl\u00e8tes de nos clubs seront \u00e0 la bagarre \u00e0 partir de 19h30.<\/p>\n<p>Entr\u00e9e libre et gratuite pour une des derni\u00e8res animation estivale de la saison.<\/p>\n<p><a href=\"https:\/\/vosgesinfo.fr\/app\/uploads\/sites\/6\/2024\/08\/prog-cv-gerardmer-23-08.jpg\"><img decoding=\"async\" class=\"aligncenter size-large wp-image-67938\" src=\"https:\/\/vosgesinfo.fr\/app\/uploads\/sites\/6\/2024\/08\/prog-cv-gerardmer-23-08-724x1024.jpg\" alt=\"\" width=\"724\" height=\"1024\" srcset=\"https:\/\/vosgesinfo.fr\/app\/uploads\/sites\/6\/2024\/08\/prog-cv-gerardmer-23-08-724x1024.jpg 724w, https:\/\/vosgesinfo.fr\/app\/uploads\/sites\/6\/2024\/08\/prog-cv-gerardmer-23-08-212x300.jpg 212w, https:\/\/vosgesinfo.fr\/app\/uploads\/sites\/6\/2024\/08\/prog-cv-gerardmer-23-08-768x1086.jpg 768w, https:\/\/vosgesinfo.fr\/app\/uploads\/sites\/6\/2024\/08\/prog-cv-gerardmer-23-08-1086x1536.jpg 1086w, https:\/\/vosgesinfo.fr\/app\/uploads\/sites\/6\/2024\/08\/prog-cv-gerardmer-23-08.jpg 1240w\" sizes=\"(max-width: 724px) 100vw, 724px\" \/><\/a><\/p>\n","protected":false},"excerpt":{"rendered":"<p>Apr\u00e8s plusieurs \u00e9tapes effectu\u00e9es sur le circuit national cet \u00e9t\u00e9, les sauteurs Vosgien se retrouveront ce vendredi 23 ao\u00fbt au [&hellip;]<\/p>\n","protected":false},"author":42,"featured_media":43343,"comment_status":"open","ping_status":"open","sticky":false,"template":"","format":"standard","meta":{"footnotes":""},"categories":[20,14,18],"tags":[],"class_list":["post-67937","post","type-post","status-publish","format-standard","has-post-thumbnail","hentry","category-a-la-une","category-sport","category-vosges"],"acf":[],"yoast_head":"<!-- This site is optimized with the Yoast SEO plugin v22.5 - https:\/\/yoast.com\/wordpress\/plugins\/seo\/ -->\n<title>Coupe des Vosges de saut \u00e0 ski au tremplin des Bas Rupts - Gerardmer Info<\/title>\n<meta name=\"robots\" content=\"index, follow, max-snippet:-1, max-image-preview:large, max-video-preview:-1\" \/>\n<link rel=\"canonical\" href=\"https:\/\/vosgesinfo.fr\/gerardmerinfo\/2024\/08\/coupe-des-vosges-de-saut-a-ski-au-tremplin-des-bas-rupts\/\" \/>\n<meta name=\"twitter:card\" content=\"summary_large_image\" \/>\n<meta name=\"twitter:title\" content=\"Coupe des Vosges de saut \u00e0 ski au tremplin des Bas Rupts - Gerardmer Info\" \/>\n<meta name=\"twitter:description\" content=\"Apr\u00e8s plusieurs \u00e9tapes effectu\u00e9es sur le circuit national cet \u00e9t\u00e9, les sauteurs Vosgien se retrouveront ce vendredi 23 ao\u00fbt au [&hellip;]\" \/>\n<meta name=\"twitter:image\" content=\"https:\/\/vosgesinfo.fr\/app\/uploads\/sites\/6\/2024\/07\/201908saut-a-ski-bas-rupts-2.jpg\" \/>\n<meta name=\"twitter:creator\" content=\"@VosgesInfo88\" \/>\n<meta name=\"twitter:site\" content=\"@VosgesInfo88\" \/>\n<meta name=\"twitter:label1\" content=\"\u00c9crit par\" \/>\n\t<meta name=\"twitter:data1\" content=\"QG\" \/>\n<script type=\"application\/ld+json\" class=\"yoast-schema-graph\">{\"@context\":\"https:\/\/schema.org\",\"@graph\":[{\"@type\":\"Article\",\"@id\":\"https:\/\/vosgesinfo.fr\/gerardmerinfo\/2024\/08\/coupe-des-vosges-de-saut-a-ski-au-tremplin-des-bas-rupts\/#article\",\"isPartOf\":{\"@id\":\"https:\/\/vosgesinfo.fr\/gerardmerinfo\/2024\/08\/coupe-des-vosges-de-saut-a-ski-au-tremplin-des-bas-rupts\/\"},\"author\":{\"name\":\"QG\",\"@id\":\"https:\/\/vosgesinfo.fr\/gerardmerinfo\/#\/schema\/person\/db5605779a843dad16b5368f3e7613a5\"},\"headline\":\"Coupe des Vosges de saut \u00e0 ski au tremplin des Bas Rupts\",\"datePublished\":\"2024-08-22T21:59:56+00:00\",\"dateModified\":\"2024-08-23T12:51:02+00:00\",\"mainEntityOfPage\":{\"@id\":\"https:\/\/vosgesinfo.fr\/gerardmerinfo\/2024\/08\/coupe-des-vosges-de-saut-a-ski-au-tremplin-des-bas-rupts\/\"},\"wordCount\":78,\"commentCount\":0,\"publisher\":{\"@id\":\"https:\/\/vosgesinfo.fr\/gerardmerinfo\/#organization\"},\"image\":{\"@id\":\"https:\/\/vosgesinfo.fr\/gerardmerinfo\/2024\/08\/coupe-des-vosges-de-saut-a-ski-au-tremplin-des-bas-rupts\/#primaryimage\"},\"thumbnailUrl\":\"https:\/\/vosgesinfo.fr\/app\/uploads\/sites\/6\/2024\/07\/201908saut-a-ski-bas-rupts-2.jpg\",\"articleSection\":[\"A la une\",\"Sport\",\"Vosges\"],\"inLanguage\":\"fr-FR\",\"potentialAction\":[{\"@type\":\"CommentAction\",\"name\":\"Comment\",\"target\":[\"https:\/\/vosgesinfo.fr\/gerardmerinfo\/2024\/08\/coupe-des-vosges-de-saut-a-ski-au-tremplin-des-bas-rupts\/#respond\"]}]},{\"@type\":\"WebPage\",\"@id\":\"https:\/\/vosgesinfo.fr\/gerardmerinfo\/2024\/08\/coupe-des-vosges-de-saut-a-ski-au-tremplin-des-bas-rupts\/\",\"url\":\"https:\/\/vosgesinfo.fr\/gerardmerinfo\/2024\/08\/coupe-des-vosges-de-saut-a-ski-au-tremplin-des-bas-rupts\/\",\"name\":\"Coupe des Vosges de saut \u00e0 ski au tremplin des Bas Rupts - Gerardmer Info\",\"isPartOf\":{\"@id\":\"https:\/\/vosgesinfo.fr\/gerardmerinfo\/#website\"},\"primaryImageOfPage\":{\"@id\":\"https:\/\/vosgesinfo.fr\/gerardmerinfo\/2024\/08\/coupe-des-vosges-de-saut-a-ski-au-tremplin-des-bas-rupts\/#primaryimage\"},\"image\":{\"@id\":\"https:\/\/vosgesinfo.fr\/gerardmerinfo\/2024\/08\/coupe-des-vosges-de-saut-a-ski-au-tremplin-des-bas-rupts\/#primaryimage\"},\"thumbnailUrl\":\"https:\/\/vosgesinfo.fr\/app\/uploads\/sites\/6\/2024\/07\/201908saut-a-ski-bas-rupts-2.jpg\",\"datePublished\":\"2024-08-22T21:59:56+00:00\",\"dateModified\":\"2024-08-23T12:51:02+00:00\",\"breadcrumb\":{\"@id\":\"https:\/\/vosgesinfo.fr\/gerardmerinfo\/2024\/08\/coupe-des-vosges-de-saut-a-ski-au-tremplin-des-bas-rupts\/#breadcrumb\"},\"inLanguage\":\"fr-FR\",\"potentialAction\":[{\"@type\":\"ReadAction\",\"target\":[\"https:\/\/vosgesinfo.fr\/gerardmerinfo\/2024\/08\/coupe-des-vosges-de-saut-a-ski-au-tremplin-des-bas-rupts\/\"]}]},{\"@type\":\"ImageObject\",\"inLanguage\":\"fr-FR\",\"@id\":\"https:\/\/vosgesinfo.fr\/gerardmerinfo\/2024\/08\/coupe-des-vosges-de-saut-a-ski-au-tremplin-des-bas-rupts\/#primaryimage\",\"url\":\"https:\/\/vosgesinfo.fr\/app\/uploads\/sites\/6\/2024\/07\/201908saut-a-ski-bas-rupts-2.jpg\",\"contentUrl\":\"https:\/\/vosgesinfo.fr\/app\/uploads\/sites\/6\/2024\/07\/201908saut-a-ski-bas-rupts-2.jpg\",\"width\":800,\"height\":600},{\"@type\":\"BreadcrumbList\",\"@id\":\"https:\/\/vosgesinfo.fr\/gerardmerinfo\/2024\/08\/coupe-des-vosges-de-saut-a-ski-au-tremplin-des-bas-rupts\/#breadcrumb\",\"itemListElement\":[{\"@type\":\"ListItem\",\"position\":1,\"name\":\"Home\",\"item\":\"https:\/\/vosgesinfo.fr\/gerardmerinfo\/\"},{\"@type\":\"ListItem\",\"position\":2,\"name\":\"Coupe des Vosges de saut \u00e0 ski au tremplin des Bas Rupts\"}]},{\"@type\":\"WebSite\",\"@id\":\"https:\/\/vosgesinfo.fr\/gerardmerinfo\/#website\",\"url\":\"https:\/\/vosgesinfo.fr\/gerardmerinfo\/\",\"name\":\"Gerardmer Info\",\"description\":\"Toute l&#039;actualit\u00e9 de G\u00e9rardmer\",\"publisher\":{\"@id\":\"https:\/\/vosgesinfo.fr\/gerardmerinfo\/#organization\"},\"alternateName\":\"Toute l'actualit\u00e9 de G\u00e9rardmer\",\"potentialAction\":[{\"@type\":\"SearchAction\",\"target\":{\"@type\":\"EntryPoint\",\"urlTemplate\":\"https:\/\/vosgesinfo.fr\/gerardmerinfo\/?s={search_term_string}\"},\"query-input\":\"required name=search_term_string\"}],\"inLanguage\":\"fr-FR\"},{\"@type\":\"Organization\",\"@id\":\"https:\/\/vosgesinfo.fr\/gerardmerinfo\/#organization\",\"name\":\"Gerardmer Info\",\"url\":\"https:\/\/vosgesinfo.fr\/gerardmerinfo\/\",\"logo\":{\"@type\":\"ImageObject\",\"inLanguage\":\"fr-FR\",\"@id\":\"https:\/\/vosgesinfo.fr\/gerardmerinfo\/#\/schema\/logo\/image\/\",\"url\":\"https:\/\/vosgesinfo.fr\/app\/uploads\/sites\/6\/2023\/08\/favicon-gerardmerinfo.png\",\"contentUrl\":\"https:\/\/vosgesinfo.fr\/app\/uploads\/sites\/6\/2023\/08\/favicon-gerardmerinfo.png\",\"width\":512,\"height\":512,\"caption\":\"Gerardmer Info\"},\"image\":{\"@id\":\"https:\/\/vosgesinfo.fr\/gerardmerinfo\/#\/schema\/logo\/image\/\"},\"sameAs\":[\"https:\/\/www.facebook.com\/profile.php?id=100049475262660\",\"https:\/\/x.com\/VosgesInfo88\",\"https:\/\/www.youtube.com\/@vosgesinfo\"]},{\"@type\":\"Person\",\"@id\":\"https:\/\/vosgesinfo.fr\/gerardmerinfo\/#\/schema\/person\/db5605779a843dad16b5368f3e7613a5\",\"name\":\"QG\",\"image\":{\"@type\":\"ImageObject\",\"inLanguage\":\"fr-FR\",\"@id\":\"https:\/\/vosgesinfo.fr\/gerardmerinfo\/#\/schema\/person\/image\/\",\"url\":\"https:\/\/secure.gravatar.com\/avatar\/ea80c42c204b534408512832fde52504ecabb9706bcb6151cf6175e5b64e6793?s=96&d=mm&r=g\",\"contentUrl\":\"https:\/\/secure.gravatar.com\/avatar\/ea80c42c204b534408512832fde52504ecabb9706bcb6151cf6175e5b64e6793?s=96&d=mm&r=g\",\"caption\":\"QG\"},\"url\":\"https:\/\/vosgesinfo.fr\/gerardmerinfo\/author\/quentin88\/\"}]}<\/script>\n<!-- \/ Yoast SEO plugin. -->","yoast_head_json":{"title":"Coupe des Vosges de saut \u00e0 ski au tremplin des Bas Rupts - Gerardmer Info","robots":{"index":"index","follow":"follow","max-snippet":"max-snippet:-1","max-image-preview":"max-image-preview:large","max-video-preview":"max-video-preview:-1"},"canonical":"https:\/\/vosgesinfo.fr\/gerardmerinfo\/2024\/08\/coupe-des-vosges-de-saut-a-ski-au-tremplin-des-bas-rupts\/","twitter_card":"summary_large_image","twitter_title":"Coupe des Vosges de saut \u00e0 ski au tremplin des Bas Rupts - Gerardmer Info","twitter_description":"Apr\u00e8s plusieurs \u00e9tapes effectu\u00e9es sur le circuit national cet \u00e9t\u00e9, les sauteurs Vosgien se retrouveront ce vendredi 23 ao\u00fbt au [&hellip;]","twitter_image":"https:\/\/vosgesinfo.fr\/app\/uploads\/sites\/6\/2024\/07\/201908saut-a-ski-bas-rupts-2.jpg","twitter_creator":"@VosgesInfo88","twitter_site":"@VosgesInfo88","twitter_misc":{"\u00c9crit par":"QG"},"schema":{"@context":"https:\/\/schema.org","@graph":[{"@type":"Article","@id":"https:\/\/vosgesinfo.fr\/gerardmerinfo\/2024\/08\/coupe-des-vosges-de-saut-a-ski-au-tremplin-des-bas-rupts\/#article","isPartOf":{"@id":"https:\/\/vosgesinfo.fr\/gerardmerinfo\/2024\/08\/coupe-des-vosges-de-saut-a-ski-au-tremplin-des-bas-rupts\/"},"author":{"name":"QG","@id":"https:\/\/vosgesinfo.fr\/gerardmerinfo\/#\/schema\/person\/db5605779a843dad16b5368f3e7613a5"},"headline":"Coupe des Vosges de saut \u00e0 ski au tremplin des Bas Rupts","datePublished":"2024-08-22T21:59:56+00:00","dateModified":"2024-08-23T12:51:02+00:00","mainEntityOfPage":{"@id":"https:\/\/vosgesinfo.fr\/gerardmerinfo\/2024\/08\/coupe-des-vosges-de-saut-a-ski-au-tremplin-des-bas-rupts\/"},"wordCount":78,"commentCount":0,"publisher":{"@id":"https:\/\/vosgesinfo.fr\/gerardmerinfo\/#organization"},"image":{"@id":"https:\/\/vosgesinfo.fr\/gerardmerinfo\/2024\/08\/coupe-des-vosges-de-saut-a-ski-au-tremplin-des-bas-rupts\/#primaryimage"},"thumbnailUrl":"https:\/\/vosgesinfo.fr\/app\/uploads\/sites\/6\/2024\/07\/201908saut-a-ski-bas-rupts-2.jpg","articleSection":["A la une","Sport","Vosges"],"inLanguage":"fr-FR","potentialAction":[{"@type":"CommentAction","name":"Comment","target":["https:\/\/vosgesinfo.fr\/gerardmerinfo\/2024\/08\/coupe-des-vosges-de-saut-a-ski-au-tremplin-des-bas-rupts\/#respond"]}]},{"@type":"WebPage","@id":"https:\/\/vosgesinfo.fr\/gerardmerinfo\/2024\/08\/coupe-des-vosges-de-saut-a-ski-au-tremplin-des-bas-rupts\/","url":"https:\/\/vosgesinfo.fr\/gerardmerinfo\/2024\/08\/coupe-des-vosges-de-saut-a-ski-au-tremplin-des-bas-rupts\/","name":"Coupe des Vosges de saut \u00e0 ski au tremplin des Bas Rupts - Gerardmer Info","isPartOf":{"@id":"https:\/\/vosgesinfo.fr\/gerardmerinfo\/#website"},"primaryImageOfPage":{"@id":"https:\/\/vosgesinfo.fr\/gerardmerinfo\/2024\/08\/coupe-des-vosges-de-saut-a-ski-au-tremplin-des-bas-rupts\/#primaryimage"},"image":{"@id":"https:\/\/vosgesinfo.fr\/gerardmerinfo\/2024\/08\/coupe-des-vosges-de-saut-a-ski-au-tremplin-des-bas-rupts\/#primaryimage"},"thumbnailUrl":"https:\/\/vosgesinfo.fr\/app\/uploads\/sites\/6\/2024\/07\/201908saut-a-ski-bas-rupts-2.jpg","datePublished":"2024-08-22T21:59:56+00:00","dateModified":"2024-08-23T12:51:02+00:00","breadcrumb":{"@id":"https:\/\/vosgesinfo.fr\/gerardmerinfo\/2024\/08\/coupe-des-vosges-de-saut-a-ski-au-tremplin-des-bas-rupts\/#breadcrumb"},"inLanguage":"fr-FR","potentialAction":[{"@type":"ReadAction","target":["https:\/\/vosgesinfo.fr\/gerardmerinfo\/2024\/08\/coupe-des-vosges-de-saut-a-ski-au-tremplin-des-bas-rupts\/"]}]},{"@type":"ImageObject","inLanguage":"fr-FR","@id":"https:\/\/vosgesinfo.fr\/gerardmerinfo\/2024\/08\/coupe-des-vosges-de-saut-a-ski-au-tremplin-des-bas-rupts\/#primaryimage","url":"https:\/\/vosgesinfo.fr\/app\/uploads\/sites\/6\/2024\/07\/201908saut-a-ski-bas-rupts-2.jpg","contentUrl":"https:\/\/vosgesinfo.fr\/app\/uploads\/sites\/6\/2024\/07\/201908saut-a-ski-bas-rupts-2.jpg","width":800,"height":600},{"@type":"BreadcrumbList","@id":"https:\/\/vosgesinfo.fr\/gerardmerinfo\/2024\/08\/coupe-des-vosges-de-saut-a-ski-au-tremplin-des-bas-rupts\/#breadcrumb","itemListElement":[{"@type":"ListItem","position":1,"name":"Home","item":"https:\/\/vosgesinfo.fr\/gerardmerinfo\/"},{"@type":"ListItem","position":2,"name":"Coupe des Vosges de saut \u00e0 ski au tremplin des Bas Rupts"}]},{"@type":"WebSite","@id":"https:\/\/vosgesinfo.fr\/gerardmerinfo\/#website","url":"https:\/\/vosgesinfo.fr\/gerardmerinfo\/","name":"Gerardmer Info","description":"Toute l&#039;actualit\u00e9 de G\u00e9rardmer","publisher":{"@id":"https:\/\/vosgesinfo.fr\/gerardmerinfo\/#organization"},"alternateName":"Toute l'actualit\u00e9 de G\u00e9rardmer","potentialAction":[{"@type":"SearchAction","target":{"@type":"EntryPoint","urlTemplate":"https:\/\/vosgesinfo.fr\/gerardmerinfo\/?s={search_term_string}"},"query-input":"required name=search_term_string"}],"inLanguage":"fr-FR"},{"@type":"Organization","@id":"https:\/\/vosgesinfo.fr\/gerardmerinfo\/#organization","name":"Gerardmer Info","url":"https:\/\/vosgesinfo.fr\/gerardmerinfo\/","logo":{"@type":"ImageObject","inLanguage":"fr-FR","@id":"https:\/\/vosgesinfo.fr\/gerardmerinfo\/#\/schema\/logo\/image\/","url":"https:\/\/vosgesinfo.fr\/app\/uploads\/sites\/6\/2023\/08\/favicon-gerardmerinfo.png","contentUrl":"https:\/\/vosgesinfo.fr\/app\/uploads\/sites\/6\/2023\/08\/favicon-gerardmerinfo.png","width":512,"height":512,"caption":"Gerardmer Info"},"image":{"@id":"https:\/\/vosgesinfo.fr\/gerardmerinfo\/#\/schema\/logo\/image\/"},"sameAs":["https:\/\/www.facebook.com\/profile.php?id=100049475262660","https:\/\/x.com\/VosgesInfo88","https:\/\/www.youtube.com\/@vosgesinfo"]},{"@type":"Person","@id":"https:\/\/vosgesinfo.fr\/gerardmerinfo\/#\/schema\/person\/db5605779a843dad16b5368f3e7613a5","name":"QG","image":{"@type":"ImageObject","inLanguage":"fr-FR","@id":"https:\/\/vosgesinfo.fr\/gerardmerinfo\/#\/schema\/person\/image\/","url":"https:\/\/secure.gravatar.com\/avatar\/ea80c42c204b534408512832fde52504ecabb9706bcb6151cf6175e5b64e6793?s=96&d=mm&r=g","contentUrl":"https:\/\/secure.gravatar.com\/avatar\/ea80c42c204b534408512832fde52504ecabb9706bcb6151cf6175e5b64e6793?s=96&d=mm&r=g","caption":"QG"},"url":"https:\/\/vosgesinfo.fr\/gerardmerinfo\/author\/quentin88\/"}]}},"_links":{"self":[{"href":"https:\/\/vosgesinfo.fr\/gerardmerinfo\/wp-json\/wp\/v2\/posts\/67937","targetHints":{"allow":["GET"]}}],"collection":[{"href":"https:\/\/vosgesinfo.fr\/gerardmerinfo\/wp-json\/wp\/v2\/posts"}],"about":[{"href":"https:\/\/vosgesinfo.fr\/gerardmerinfo\/wp-json\/wp\/v2\/types\/post"}],"author":[{"embeddable":true,"href":"https:\/\/vosgesinfo.fr\/gerardmerinfo\/wp-json\/wp\/v2\/users\/42"}],"replies":[{"embeddable":true,"href":"https:\/\/vosgesinfo.fr\/gerardmerinfo\/wp-json\/wp\/v2\/comments?post=67937"}],"version-history":[{"count":2,"href":"https:\/\/vosgesinfo.fr\/gerardmerinfo\/wp-json\/wp\/v2\/posts\/67937\/revisions"}],"predecessor-version":[{"id":67940,"href":"https:\/\/vosgesinfo.fr\/gerardmerinfo\/wp-json\/wp\/v2\/posts\/67937\/revisions\/67940"}],"wp:featuredmedia":[{"embeddable":true,"href":"https:\/\/vosgesinfo.fr\/gerardmerinfo\/wp-json\/wp\/v2\/media\/43343"}],"wp:attachment":[{"href":"https:\/\/vosgesinfo.fr\/gerardmerinfo\/wp-json\/wp\/v2\/media?parent=67937"}],"wp:term":[{"taxonomy":"category","embeddable":true,"href":"https:\/\/vosgesinfo.fr\/gerardmerinfo\/wp-json\/wp\/v2\/categories?post=67937"},{"taxonomy":"post_tag","embeddable":true,"href":"https:\/\/vosgesinfo.fr\/gerardmerinfo\/wp-json\/wp\/v2\/tags?post=67937"}],"curies":[{"name":"wp","href":"https:\/\/api.w.org\/{rel}","templated":true}]}}