{"id":67975,"date":"2024-08-23T05:59:11","date_gmt":"2024-08-23T03:59:11","guid":{"rendered":"https:\/\/vosgesinfo.fr\/gerardmerinfo\/?p=67975"},"modified":"2024-08-22T14:01:37","modified_gmt":"2024-08-22T12:01:37","slug":"cine-cool-a-la-mcl-avec-2-avant-premieres","status":"publish","type":"post","link":"https:\/\/vosgesinfo.fr\/gerardmerinfo\/2024\/08\/cine-cool-a-la-mcl-avec-2-avant-premieres\/","title":{"rendered":"Cin\u00e9 cool \u00e0 la MCL avec 2 avant-premi\u00e8res"},"content":{"rendered":"<p style=\"text-align: center;\" align=\"left\">Communiqu\u00e9<\/p>\n<p align=\"left\"><a href=\"https:\/\/vosgesinfo.fr\/app\/uploads\/sites\/6\/2024\/08\/cine-cool-2024-1200x628px.jpg\"><img decoding=\"async\" class=\"aligncenter size-medium wp-image-67976\" src=\"https:\/\/vosgesinfo.fr\/app\/uploads\/sites\/6\/2024\/08\/cine-cool-2024-1200x628px-300x157.jpg\" alt=\"\" width=\"300\" height=\"157\" srcset=\"https:\/\/vosgesinfo.fr\/app\/uploads\/sites\/6\/2024\/08\/cine-cool-2024-1200x628px-300x157.jpg 300w, https:\/\/vosgesinfo.fr\/app\/uploads\/sites\/6\/2024\/08\/cine-cool-2024-1200x628px-1024x536.jpg 1024w, https:\/\/vosgesinfo.fr\/app\/uploads\/sites\/6\/2024\/08\/cine-cool-2024-1200x628px-768x402.jpg 768w, https:\/\/vosgesinfo.fr\/app\/uploads\/sites\/6\/2024\/08\/cine-cool-2024-1200x628px-1536x804.jpg 1536w, https:\/\/vosgesinfo.fr\/app\/uploads\/sites\/6\/2024\/08\/cine-cool-2024-1200x628px-2048x1072.jpg 2048w\" sizes=\"(max-width: 300px) 100vw, 300px\" \/><\/a><\/p>\n<h3 align=\"left\">C&rsquo;est l&rsquo;heure de la rentr\u00e9e au cin\u00e9ma de la MCL avec d\u00e8s le samedi 24 ao\u00fbt (jusqu&rsquo;au 31 ao\u00fbt) l&rsquo;op\u00e9ration <b><span style=\"color: #ff8040;\">Cin\u00e9 Cool <\/span><\/b>qui revient avec son tarif de <span style=\"color: #ff8040;\"><b><span style=\"font-size: large;\">5 \u20ac la s\u00e9ance<\/span><\/b> <\/span>(et toujours 4\u20ac pour les moins de 16 ans)<\/p>\n<p><a href=\"https:\/\/vosgesinfo.fr\/app\/uploads\/sites\/6\/2024\/08\/loic-cinecool-scaled.jpg\"><img decoding=\"async\" class=\"alignright size-medium wp-image-67977\" src=\"https:\/\/vosgesinfo.fr\/app\/uploads\/sites\/6\/2024\/08\/loic-cinecool-300x214.jpg\" alt=\"\" width=\"300\" height=\"214\" srcset=\"https:\/\/vosgesinfo.fr\/app\/uploads\/sites\/6\/2024\/08\/loic-cinecool-300x214.jpg 300w, https:\/\/vosgesinfo.fr\/app\/uploads\/sites\/6\/2024\/08\/loic-cinecool-1024x731.jpg 1024w, https:\/\/vosgesinfo.fr\/app\/uploads\/sites\/6\/2024\/08\/loic-cinecool-768x548.jpg 768w, https:\/\/vosgesinfo.fr\/app\/uploads\/sites\/6\/2024\/08\/loic-cinecool-1536x1096.jpg 1536w, https:\/\/vosgesinfo.fr\/app\/uploads\/sites\/6\/2024\/08\/loic-cinecool-2048x1462.jpg 2048w\" sizes=\"(max-width: 300px) 100vw, 300px\" \/><\/a>2 avant-premi\u00e8res seront propos\u00e9es au cin\u00e9ma de la MCL :<\/h3>\n<p align=\"left\"><b><span style=\"color: #ff8040; font-size: large;\">Quand vient l&rsquo;automne<\/span><\/b> (film de Fran\u00e7ois Ozon avec Josiane Balasko)<b> le mardi 27 ao\u00fbt \u00e0 20h30 <\/b><br \/>\n<b><span style=\"color: #ff8040; font-size: large;\">Ma vie, ma gueule<\/span><\/b> (avec Agn\u00e8s Jaoui et Philippe Catherine) <b>le vendredi 30 ao\u00fbt \u00e0 20h30<\/b><\/p>\n<p align=\"left\">Et ne manquez pas les films incontournables de l&rsquo;\u00e9t\u00e9 <b>Le Comte de Monte Cristo<\/b> et <b>Moi, moche et m\u00e9chant 4 <\/b>et c\u00f4t\u00e9 art et essai<b> le Moine et le fusil en VOST<br \/>\n<\/b><\/p>\n<p align=\"left\"><b><br \/>\nLES HORAIRES DES FILMS PENDANT CIN\u00c9 COOL A LA MCL:<br \/>\n<\/b><br \/>\n<b>Samedi 24 ao\u00fbt<\/b><br \/>\n17:45 Moi, moche et m\u00e9chant 4 (d\u00e8s 6 ans)<br \/>\n19:30 Le Comte de Monte-Cristo<\/p>\n<p><b>Lundi 26 ao\u00fbt<\/b><br \/>\n18:00 Moi, moche et m\u00e9chant 4 (d\u00e8s 6 ans)<br \/>\n20:00 Le Comte de Monte-Cristo<\/p>\n<p><b>Mardi 27 ao\u00fbt<\/b><br \/>\n15:00 Moi, moche et m\u00e9chant 4 (d\u00e8s 6 ans)<br \/>\n17:00 Le Comte de Monte-Cristo<br \/>\n<b><span style=\"color: #ff8040;\">20:30 Avant-premi\u00e8re Cin\u00e9 cool &#8211; Quand vient l&rsquo;automne<\/span><\/b><\/p>\n<p><b>Mercredi 28 ao\u00fbt<\/b><br \/>\n15:15 Moi, moche et m\u00e9chant 4 (d\u00e8s 6 ans)<br \/>\n17:15 Le Comte de Monte-Cristo<br \/>\n20:30 Le Moine et le fusil en VOST<\/p>\n<p><b>Vendredi 30 ao\u00fbt<\/b><br \/>\n16:15 Moi, moche et m\u00e9chant 4 (d\u00e8s 6 ans)<br \/>\n18:15 Le Moine et le fusil en VOST<b><br \/>\n<span style=\"color: #ff8040;\">20:30 Avant-premi\u00e8re Cin\u00e9 cool &#8211; Ma vie Ma gueule<\/span><\/b><\/p>\n<p><b>Samedi 31 ao\u00fbt<\/b><br \/>\n17:15 Le Comte de Monte-Cristo<br \/>\n20:30 Moi, moche et m\u00e9chant 4 (d\u00e8s 6 ans)<br \/>\n<b><\/p>\n<p>Retrouvez toute la programmation sur cinema.mclgerardmer.fr<\/b><\/p>\n","protected":false},"excerpt":{"rendered":"<p>Communiqu\u00e9 C&rsquo;est l&rsquo;heure de la rentr\u00e9e au cin\u00e9ma de la MCL avec d\u00e8s le samedi 24 ao\u00fbt (jusqu&rsquo;au 31 ao\u00fbt) [&hellip;]<\/p>\n","protected":false},"author":391,"featured_media":0,"comment_status":"open","ping_status":"open","sticky":false,"template":"","format":"standard","meta":{"footnotes":""},"categories":[20,4,25],"tags":[478,103],"class_list":["post-67975","post","type-post","status-publish","format-standard","hentry","category-a-la-une","category-culture","category-gerardmer","tag-cine-cool","tag-mcl-gerardmer"],"acf":[],"yoast_head":"<!-- This site is optimized with the Yoast SEO plugin v22.5 - https:\/\/yoast.com\/wordpress\/plugins\/seo\/ -->\n<title>Cin\u00e9 cool \u00e0 la MCL avec 2 avant-premi\u00e8res - Gerardmer Info<\/title>\n<meta name=\"robots\" content=\"index, follow, max-snippet:-1, max-image-preview:large, max-video-preview:-1\" \/>\n<link rel=\"canonical\" href=\"https:\/\/vosgesinfo.fr\/gerardmerinfo\/?p=67975\" \/>\n<meta name=\"twitter:card\" content=\"summary_large_image\" \/>\n<meta name=\"twitter:title\" content=\"Cin\u00e9 cool \u00e0 la MCL avec 2 avant-premi\u00e8res - Gerardmer Info\" \/>\n<meta name=\"twitter:description\" content=\"Communiqu\u00e9 C&rsquo;est l&rsquo;heure de la rentr\u00e9e au cin\u00e9ma de la MCL avec d\u00e8s le samedi 24 ao\u00fbt (jusqu&rsquo;au 31 ao\u00fbt) [&hellip;]\" \/>\n<meta name=\"twitter:image\" content=\"https:\/\/vosgesinfo.fr\/app\/uploads\/sites\/6\/2024\/08\/loic-cinecool-300x214.jpg\" \/>\n<meta name=\"twitter:creator\" content=\"@VosgesInfo88\" \/>\n<meta name=\"twitter:site\" content=\"@VosgesInfo88\" \/>\n<meta name=\"twitter:label1\" content=\"\u00c9crit par\" \/>\n\t<meta name=\"twitter:data1\" content=\"La redaction\" \/>\n\t<meta name=\"twitter:label2\" content=\"Dur\u00e9e de lecture estim\u00e9e\" \/>\n\t<meta name=\"twitter:data2\" content=\"1 minute\" \/>\n<script type=\"application\/ld+json\" class=\"yoast-schema-graph\">{\"@context\":\"https:\/\/schema.org\",\"@graph\":[{\"@type\":\"Article\",\"@id\":\"https:\/\/vosgesinfo.fr\/gerardmerinfo\/?p=67975#article\",\"isPartOf\":{\"@id\":\"https:\/\/vosgesinfo.fr\/gerardmerinfo\/?p=67975\"},\"author\":{\"name\":\"La redaction\",\"@id\":\"https:\/\/vosgesinfo.fr\/gerardmerinfo\/#\/schema\/person\/27a3695b06db98895b354c0765cdfc31\"},\"headline\":\"Cin\u00e9 cool \u00e0 la MCL avec 2 avant-premi\u00e8res\",\"datePublished\":\"2024-08-23T03:59:11+00:00\",\"dateModified\":\"2024-08-22T12:01:37+00:00\",\"mainEntityOfPage\":{\"@id\":\"https:\/\/vosgesinfo.fr\/gerardmerinfo\/?p=67975\"},\"wordCount\":268,\"commentCount\":0,\"publisher\":{\"@id\":\"https:\/\/vosgesinfo.fr\/gerardmerinfo\/#organization\"},\"image\":{\"@id\":\"https:\/\/vosgesinfo.fr\/gerardmerinfo\/?p=67975#primaryimage\"},\"thumbnailUrl\":\"https:\/\/vosgesinfo.fr\/app\/uploads\/sites\/6\/2024\/08\/cine-cool-2024-1200x628px-300x157.jpg\",\"keywords\":[\"cin\u00e9 cool\",\"MCL G\u00e9rardmer\"],\"articleSection\":[\"A la une\",\"Culture\",\"G\u00e9rardmer\"],\"inLanguage\":\"fr-FR\",\"potentialAction\":[{\"@type\":\"CommentAction\",\"name\":\"Comment\",\"target\":[\"https:\/\/vosgesinfo.fr\/gerardmerinfo\/?p=67975#respond\"]}]},{\"@type\":\"WebPage\",\"@id\":\"https:\/\/vosgesinfo.fr\/gerardmerinfo\/?p=67975\",\"url\":\"https:\/\/vosgesinfo.fr\/gerardmerinfo\/?p=67975\",\"name\":\"Cin\u00e9 cool \u00e0 la MCL avec 2 avant-premi\u00e8res - Gerardmer Info\",\"isPartOf\":{\"@id\":\"https:\/\/vosgesinfo.fr\/gerardmerinfo\/#website\"},\"primaryImageOfPage\":{\"@id\":\"https:\/\/vosgesinfo.fr\/gerardmerinfo\/?p=67975#primaryimage\"},\"image\":{\"@id\":\"https:\/\/vosgesinfo.fr\/gerardmerinfo\/?p=67975#primaryimage\"},\"thumbnailUrl\":\"https:\/\/vosgesinfo.fr\/app\/uploads\/sites\/6\/2024\/08\/cine-cool-2024-1200x628px-300x157.jpg\",\"datePublished\":\"2024-08-23T03:59:11+00:00\",\"dateModified\":\"2024-08-22T12:01:37+00:00\",\"breadcrumb\":{\"@id\":\"https:\/\/vosgesinfo.fr\/gerardmerinfo\/?p=67975#breadcrumb\"},\"inLanguage\":\"fr-FR\",\"potentialAction\":[{\"@type\":\"ReadAction\",\"target\":[\"https:\/\/vosgesinfo.fr\/gerardmerinfo\/?p=67975\"]}]},{\"@type\":\"ImageObject\",\"inLanguage\":\"fr-FR\",\"@id\":\"https:\/\/vosgesinfo.fr\/gerardmerinfo\/?p=67975#primaryimage\",\"url\":\"https:\/\/vosgesinfo.fr\/app\/uploads\/sites\/6\/2024\/08\/cine-cool-2024-1200x628px-300x157.jpg\",\"contentUrl\":\"https:\/\/vosgesinfo.fr\/app\/uploads\/sites\/6\/2024\/08\/cine-cool-2024-1200x628px-300x157.jpg\"},{\"@type\":\"BreadcrumbList\",\"@id\":\"https:\/\/vosgesinfo.fr\/gerardmerinfo\/?p=67975#breadcrumb\",\"itemListElement\":[{\"@type\":\"ListItem\",\"position\":1,\"name\":\"Home\",\"item\":\"https:\/\/vosgesinfo.fr\/gerardmerinfo\/\"},{\"@type\":\"ListItem\",\"position\":2,\"name\":\"Cin\u00e9 cool \u00e0 la MCL avec 2 avant-premi\u00e8res\"}]},{\"@type\":\"WebSite\",\"@id\":\"https:\/\/vosgesinfo.fr\/gerardmerinfo\/#website\",\"url\":\"https:\/\/vosgesinfo.fr\/gerardmerinfo\/\",\"name\":\"Gerardmer Info\",\"description\":\"Toute l&#039;actualit\u00e9 de G\u00e9rardmer\",\"publisher\":{\"@id\":\"https:\/\/vosgesinfo.fr\/gerardmerinfo\/#organization\"},\"alternateName\":\"Toute l'actualit\u00e9 de G\u00e9rardmer\",\"potentialAction\":[{\"@type\":\"SearchAction\",\"target\":{\"@type\":\"EntryPoint\",\"urlTemplate\":\"https:\/\/vosgesinfo.fr\/gerardmerinfo\/?s={search_term_string}\"},\"query-input\":\"required name=search_term_string\"}],\"inLanguage\":\"fr-FR\"},{\"@type\":\"Organization\",\"@id\":\"https:\/\/vosgesinfo.fr\/gerardmerinfo\/#organization\",\"name\":\"Gerardmer Info\",\"url\":\"https:\/\/vosgesinfo.fr\/gerardmerinfo\/\",\"logo\":{\"@type\":\"ImageObject\",\"inLanguage\":\"fr-FR\",\"@id\":\"https:\/\/vosgesinfo.fr\/gerardmerinfo\/#\/schema\/logo\/image\/\",\"url\":\"https:\/\/vosgesinfo.fr\/app\/uploads\/sites\/6\/2023\/08\/favicon-gerardmerinfo.png\",\"contentUrl\":\"https:\/\/vosgesinfo.fr\/app\/uploads\/sites\/6\/2023\/08\/favicon-gerardmerinfo.png\",\"width\":512,\"height\":512,\"caption\":\"Gerardmer Info\"},\"image\":{\"@id\":\"https:\/\/vosgesinfo.fr\/gerardmerinfo\/#\/schema\/logo\/image\/\"},\"sameAs\":[\"https:\/\/www.facebook.com\/profile.php?id=100049475262660\",\"https:\/\/x.com\/VosgesInfo88\",\"https:\/\/www.youtube.com\/@vosgesinfo\"]},{\"@type\":\"Person\",\"@id\":\"https:\/\/vosgesinfo.fr\/gerardmerinfo\/#\/schema\/person\/27a3695b06db98895b354c0765cdfc31\",\"name\":\"La redaction\",\"image\":{\"@type\":\"ImageObject\",\"inLanguage\":\"fr-FR\",\"@id\":\"https:\/\/vosgesinfo.fr\/gerardmerinfo\/#\/schema\/person\/image\/\",\"url\":\"https:\/\/secure.gravatar.com\/avatar\/64c76a78e501cedee55736f43f332df901e1896ae9cd8fad269ae2236dd0e8b6?s=96&d=mm&r=g\",\"contentUrl\":\"https:\/\/secure.gravatar.com\/avatar\/64c76a78e501cedee55736f43f332df901e1896ae9cd8fad269ae2236dd0e8b6?s=96&d=mm&r=g\",\"caption\":\"La redaction\"},\"url\":\"https:\/\/vosgesinfo.fr\/gerardmerinfo\/author\/la-redaction\/\"}]}<\/script>\n<!-- \/ Yoast SEO plugin. -->","yoast_head_json":{"title":"Cin\u00e9 cool \u00e0 la MCL avec 2 avant-premi\u00e8res - Gerardmer Info","robots":{"index":"index","follow":"follow","max-snippet":"max-snippet:-1","max-image-preview":"max-image-preview:large","max-video-preview":"max-video-preview:-1"},"canonical":"https:\/\/vosgesinfo.fr\/gerardmerinfo\/?p=67975","twitter_card":"summary_large_image","twitter_title":"Cin\u00e9 cool \u00e0 la MCL avec 2 avant-premi\u00e8res - Gerardmer Info","twitter_description":"Communiqu\u00e9 C&rsquo;est l&rsquo;heure de la rentr\u00e9e au cin\u00e9ma de la MCL avec d\u00e8s le samedi 24 ao\u00fbt (jusqu&rsquo;au 31 ao\u00fbt) [&hellip;]","twitter_image":"https:\/\/vosgesinfo.fr\/app\/uploads\/sites\/6\/2024\/08\/loic-cinecool-300x214.jpg","twitter_creator":"@VosgesInfo88","twitter_site":"@VosgesInfo88","twitter_misc":{"\u00c9crit par":"La redaction","Dur\u00e9e de lecture estim\u00e9e":"1 minute"},"schema":{"@context":"https:\/\/schema.org","@graph":[{"@type":"Article","@id":"https:\/\/vosgesinfo.fr\/gerardmerinfo\/?p=67975#article","isPartOf":{"@id":"https:\/\/vosgesinfo.fr\/gerardmerinfo\/?p=67975"},"author":{"name":"La redaction","@id":"https:\/\/vosgesinfo.fr\/gerardmerinfo\/#\/schema\/person\/27a3695b06db98895b354c0765cdfc31"},"headline":"Cin\u00e9 cool \u00e0 la MCL avec 2 avant-premi\u00e8res","datePublished":"2024-08-23T03:59:11+00:00","dateModified":"2024-08-22T12:01:37+00:00","mainEntityOfPage":{"@id":"https:\/\/vosgesinfo.fr\/gerardmerinfo\/?p=67975"},"wordCount":268,"commentCount":0,"publisher":{"@id":"https:\/\/vosgesinfo.fr\/gerardmerinfo\/#organization"},"image":{"@id":"https:\/\/vosgesinfo.fr\/gerardmerinfo\/?p=67975#primaryimage"},"thumbnailUrl":"https:\/\/vosgesinfo.fr\/app\/uploads\/sites\/6\/2024\/08\/cine-cool-2024-1200x628px-300x157.jpg","keywords":["cin\u00e9 cool","MCL G\u00e9rardmer"],"articleSection":["A la une","Culture","G\u00e9rardmer"],"inLanguage":"fr-FR","potentialAction":[{"@type":"CommentAction","name":"Comment","target":["https:\/\/vosgesinfo.fr\/gerardmerinfo\/?p=67975#respond"]}]},{"@type":"WebPage","@id":"https:\/\/vosgesinfo.fr\/gerardmerinfo\/?p=67975","url":"https:\/\/vosgesinfo.fr\/gerardmerinfo\/?p=67975","name":"Cin\u00e9 cool \u00e0 la MCL avec 2 avant-premi\u00e8res - Gerardmer Info","isPartOf":{"@id":"https:\/\/vosgesinfo.fr\/gerardmerinfo\/#website"},"primaryImageOfPage":{"@id":"https:\/\/vosgesinfo.fr\/gerardmerinfo\/?p=67975#primaryimage"},"image":{"@id":"https:\/\/vosgesinfo.fr\/gerardmerinfo\/?p=67975#primaryimage"},"thumbnailUrl":"https:\/\/vosgesinfo.fr\/app\/uploads\/sites\/6\/2024\/08\/cine-cool-2024-1200x628px-300x157.jpg","datePublished":"2024-08-23T03:59:11+00:00","dateModified":"2024-08-22T12:01:37+00:00","breadcrumb":{"@id":"https:\/\/vosgesinfo.fr\/gerardmerinfo\/?p=67975#breadcrumb"},"inLanguage":"fr-FR","potentialAction":[{"@type":"ReadAction","target":["https:\/\/vosgesinfo.fr\/gerardmerinfo\/?p=67975"]}]},{"@type":"ImageObject","inLanguage":"fr-FR","@id":"https:\/\/vosgesinfo.fr\/gerardmerinfo\/?p=67975#primaryimage","url":"https:\/\/vosgesinfo.fr\/app\/uploads\/sites\/6\/2024\/08\/cine-cool-2024-1200x628px-300x157.jpg","contentUrl":"https:\/\/vosgesinfo.fr\/app\/uploads\/sites\/6\/2024\/08\/cine-cool-2024-1200x628px-300x157.jpg"},{"@type":"BreadcrumbList","@id":"https:\/\/vosgesinfo.fr\/gerardmerinfo\/?p=67975#breadcrumb","itemListElement":[{"@type":"ListItem","position":1,"name":"Home","item":"https:\/\/vosgesinfo.fr\/gerardmerinfo\/"},{"@type":"ListItem","position":2,"name":"Cin\u00e9 cool \u00e0 la MCL avec 2 avant-premi\u00e8res"}]},{"@type":"WebSite","@id":"https:\/\/vosgesinfo.fr\/gerardmerinfo\/#website","url":"https:\/\/vosgesinfo.fr\/gerardmerinfo\/","name":"Gerardmer Info","description":"Toute l&#039;actualit\u00e9 de G\u00e9rardmer","publisher":{"@id":"https:\/\/vosgesinfo.fr\/gerardmerinfo\/#organization"},"alternateName":"Toute l'actualit\u00e9 de G\u00e9rardmer","potentialAction":[{"@type":"SearchAction","target":{"@type":"EntryPoint","urlTemplate":"https:\/\/vosgesinfo.fr\/gerardmerinfo\/?s={search_term_string}"},"query-input":"required name=search_term_string"}],"inLanguage":"fr-FR"},{"@type":"Organization","@id":"https:\/\/vosgesinfo.fr\/gerardmerinfo\/#organization","name":"Gerardmer Info","url":"https:\/\/vosgesinfo.fr\/gerardmerinfo\/","logo":{"@type":"ImageObject","inLanguage":"fr-FR","@id":"https:\/\/vosgesinfo.fr\/gerardmerinfo\/#\/schema\/logo\/image\/","url":"https:\/\/vosgesinfo.fr\/app\/uploads\/sites\/6\/2023\/08\/favicon-gerardmerinfo.png","contentUrl":"https:\/\/vosgesinfo.fr\/app\/uploads\/sites\/6\/2023\/08\/favicon-gerardmerinfo.png","width":512,"height":512,"caption":"Gerardmer Info"},"image":{"@id":"https:\/\/vosgesinfo.fr\/gerardmerinfo\/#\/schema\/logo\/image\/"},"sameAs":["https:\/\/www.facebook.com\/profile.php?id=100049475262660","https:\/\/x.com\/VosgesInfo88","https:\/\/www.youtube.com\/@vosgesinfo"]},{"@type":"Person","@id":"https:\/\/vosgesinfo.fr\/gerardmerinfo\/#\/schema\/person\/27a3695b06db98895b354c0765cdfc31","name":"La redaction","image":{"@type":"ImageObject","inLanguage":"fr-FR","@id":"https:\/\/vosgesinfo.fr\/gerardmerinfo\/#\/schema\/person\/image\/","url":"https:\/\/secure.gravatar.com\/avatar\/64c76a78e501cedee55736f43f332df901e1896ae9cd8fad269ae2236dd0e8b6?s=96&d=mm&r=g","contentUrl":"https:\/\/secure.gravatar.com\/avatar\/64c76a78e501cedee55736f43f332df901e1896ae9cd8fad269ae2236dd0e8b6?s=96&d=mm&r=g","caption":"La redaction"},"url":"https:\/\/vosgesinfo.fr\/gerardmerinfo\/author\/la-redaction\/"}]}},"_links":{"self":[{"href":"https:\/\/vosgesinfo.fr\/gerardmerinfo\/wp-json\/wp\/v2\/posts\/67975","targetHints":{"allow":["GET"]}}],"collection":[{"href":"https:\/\/vosgesinfo.fr\/gerardmerinfo\/wp-json\/wp\/v2\/posts"}],"about":[{"href":"https:\/\/vosgesinfo.fr\/gerardmerinfo\/wp-json\/wp\/v2\/types\/post"}],"author":[{"embeddable":true,"href":"https:\/\/vosgesinfo.fr\/gerardmerinfo\/wp-json\/wp\/v2\/users\/391"}],"replies":[{"embeddable":true,"href":"https:\/\/vosgesinfo.fr\/gerardmerinfo\/wp-json\/wp\/v2\/comments?post=67975"}],"version-history":[{"count":1,"href":"https:\/\/vosgesinfo.fr\/gerardmerinfo\/wp-json\/wp\/v2\/posts\/67975\/revisions"}],"predecessor-version":[{"id":67978,"href":"https:\/\/vosgesinfo.fr\/gerardmerinfo\/wp-json\/wp\/v2\/posts\/67975\/revisions\/67978"}],"wp:attachment":[{"href":"https:\/\/vosgesinfo.fr\/gerardmerinfo\/wp-json\/wp\/v2\/media?parent=67975"}],"wp:term":[{"taxonomy":"category","embeddable":true,"href":"https:\/\/vosgesinfo.fr\/gerardmerinfo\/wp-json\/wp\/v2\/categories?post=67975"},{"taxonomy":"post_tag","embeddable":true,"href":"https:\/\/vosgesinfo.fr\/gerardmerinfo\/wp-json\/wp\/v2\/tags?post=67975"}],"curies":[{"name":"wp","href":"https:\/\/api.w.org\/{rel}","templated":true}]}}