{"id":67995,"date":"2024-08-23T14:46:19","date_gmt":"2024-08-23T12:46:19","guid":{"rendered":"https:\/\/vosgesinfo.fr\/gerardmerinfo\/2024\/08\/corcieux-habitat-inclusif-cafes-de-la-prevention-sensorielle\/"},"modified":"2024-08-23T14:46:19","modified_gmt":"2024-08-23T12:46:19","slug":"corcieux-habitat-inclusif-cafes-de-la-prevention-sensorielle","status":"publish","type":"post","link":"https:\/\/vosgesinfo.fr\/gerardmerinfo\/2024\/08\/corcieux-habitat-inclusif-cafes-de-la-prevention-sensorielle\/","title":{"rendered":"Corcieux &#8211; Habitat inclusif : CAF\u00c9S DE LA PR\u00c9VENTION SENSORIELLE"},"content":{"rendered":"<p class=\"x_MsoNormal\"><b>Des caf\u00e9s de la pr\u00e9vention sensorielle auront bient\u00f4t lieu \u00e0 Corcieux :<\/b><\/p>\n<p class=\"x_MsoNormal\"><a href=\"https:\/\/vosgesinfo.fr\/app\/uploads\/sites\/4\/2024\/08\/affiche-cafe-sensoriel-corcieux.png\"><img decoding=\"async\" class=\"alignright size-medium wp-image-67558\" src=\"https:\/\/vosgesinfo.fr\/app\/uploads\/sites\/4\/2024\/08\/affiche-cafe-sensoriel-corcieux-212x300.png\" alt=\"\" width=\"212\" height=\"300\" \/><\/a>Autour d\u2019un caf\u00e9\/th\u00e9 et en petit groupe, venez \u00e9changer et vous informer sur les 5 sens et leurs troubles avec des professionnels de sant\u00e9 et de la pr\u00e9vention.<\/p>\n<p class=\"x_MsoNormal\">Ateliers propos\u00e9s par l\u2019Habitat inclusif, enti\u00e8rement gratuits, sur inscription (\u00e0 partir du 2 septembre\u00a0!) au 06.75.18.44.59 \/ <a id=\"LPlnk314371\" href=\"mailto:mbregeot@fede88.admr.org\" data-linkindex=\"0\">mbregeot@fede88.admr.org<\/a><\/p>\n<p class=\"x_MsoNormal\">Les 16, 23, 30 septembre &amp; 7 octobre au local Habitat Inclusif, 1 rue du Dr Poirot \u00e0 Corcieux.<\/p>\n<p class=\"x_MsoNormal\"><b>Caf\u00e9 de la vue\u00a0\u2013 Lundi 16 septembre<\/b><\/p>\n<p class=\"x_MsoNormal\">Autour d\u2019un caf\u00e9, venez \u00e9changer avec un opticien sur les diff\u00e9rents d\u00e9fauts et pathologies visuelles, les signes d\u2019alerte pour soi et pour l\u2019entourage. Mais aussi sur les solutions mat\u00e9rielles existantes pour pallier les limitations induites par une basse vision. Suivi d\u2019un test visuel pour les volontaires.<\/p>\n<p class=\"x_MsoNormal\"><b>Caf\u00e9 du go\u00fbt et de l\u2019odorat \u2013 Lundi 23 septembre<\/b><\/p>\n<p class=\"x_MsoNormal\">Animation sur le go\u00fbt et l\u2019odorat. D\u00e9gustation sensorielle en utilisant ses 5 sens (en jugeant de l\u2019aspect, de la couleur, de la texture, des bruits en bouches et externes, de l\u2019odorat, du go\u00fbt\u00a0: intensit\u00e9, ar\u00f4mes\u2026) Partage entre les participants autour de leur ressenti vis-\u00e0-vis de cette exp\u00e9rience de d\u00e9gustation.<\/p>\n<p class=\"x_MsoNormal\"><b>Caf\u00e9 de l\u2019audition \u2013 Lundi 30 septembre<\/b><\/p>\n<p class=\"x_MsoNormal\">Bien que la perte d\u2019audition soit un ph\u00e9nom\u00e8ne naturel li\u00e9 \u00e0 l\u2019avanc\u00e9e en \u00e2ge, il existe des solutions pour qu\u2019elle ne devienne pas un handicap au quotidien (repli sur soi, d\u00e9sint\u00e9r\u00eat pour les activit\u00e9s habituelles\u2026) Venez \u00e9changer avec un audioproth\u00e9siste sur l\u2019audition, l\u2019appareillage et son financement. Suivi d\u2019un test auditif pour les volontaires.<\/p>\n<p class=\"x_MsoNormal\"><b>M\u00e9diation artistique \u2013 Lundi 7 octobre<\/b><\/p>\n<p class=\"x_MsoNormal\">Une art-th\u00e9rapeute guidera les participants de mani\u00e8re ludique pour (re)d\u00e9couvrir le toucher et s\u2019exprimer autrement que par la parole. Il n\u2019y a pas de jugement sur ce qui est fait, l\u2019objectif n\u2019\u00e9tant pas le r\u00e9sultat visible mais ce qui se passe pendant l\u2019acte cr\u00e9atif.<\/p>\n<p class=\"x_MsoNormal\">\n","protected":false},"excerpt":{"rendered":"<p>Des caf\u00e9s de la pr\u00e9vention sensorielle auront bient\u00f4t lieu \u00e0 Corcieux : Autour d\u2019un caf\u00e9\/th\u00e9 et en petit groupe, venez [&hellip;]<\/p>\n","protected":false},"author":391,"featured_media":67996,"comment_status":"open","ping_status":"open","sticky":false,"template":"","format":"standard","meta":{"footnotes":""},"categories":[20,871,6,25,908],"tags":[5631,635],"class_list":["post-67995","post","type-post","status-publish","format-standard","has-post-thumbnail","hentry","category-a-la-une","category-deodatie","category-education","category-gerardmer","category-saint-die-des-vosges-et-son-agglomeration","tag-cafe-de-la-prevention-sensorielle","tag-corcieux"],"acf":[],"yoast_head":"<!-- This site is optimized with the Yoast SEO plugin v22.5 - https:\/\/yoast.com\/wordpress\/plugins\/seo\/ -->\n<title>Corcieux - Habitat inclusif : CAF\u00c9S DE LA PR\u00c9VENTION SENSORIELLE - Gerardmer Info<\/title>\n<meta name=\"robots\" content=\"index, follow, max-snippet:-1, max-image-preview:large, max-video-preview:-1\" \/>\n<link rel=\"canonical\" href=\"https:\/\/vosgesinfo.fr\/gerardmerinfo\/2024\/08\/corcieux-habitat-inclusif-cafes-de-la-prevention-sensorielle\/\" \/>\n<meta name=\"twitter:card\" content=\"summary_large_image\" \/>\n<meta name=\"twitter:title\" content=\"Corcieux - Habitat inclusif : CAF\u00c9S DE LA PR\u00c9VENTION SENSORIELLE - Gerardmer Info\" \/>\n<meta name=\"twitter:description\" content=\"Des caf\u00e9s de la pr\u00e9vention sensorielle auront bient\u00f4t lieu \u00e0 Corcieux : Autour d\u2019un caf\u00e9\/th\u00e9 et en petit groupe, venez [&hellip;]\" \/>\n<meta name=\"twitter:image\" content=\"https:\/\/vosgesinfo.fr\/app\/uploads\/sites\/6\/2024\/08\/affiche-cafe-sensoriel-corcieux.png\" \/>\n<meta name=\"twitter:creator\" content=\"@VosgesInfo88\" \/>\n<meta name=\"twitter:site\" content=\"@VosgesInfo88\" \/>\n<meta name=\"twitter:label1\" content=\"\u00c9crit par\" \/>\n\t<meta name=\"twitter:data1\" content=\"La redaction\" \/>\n\t<meta name=\"twitter:label2\" content=\"Dur\u00e9e de lecture estim\u00e9e\" \/>\n\t<meta name=\"twitter:data2\" content=\"2 minutes\" \/>\n<script type=\"application\/ld+json\" class=\"yoast-schema-graph\">{\"@context\":\"https:\/\/schema.org\",\"@graph\":[{\"@type\":\"Article\",\"@id\":\"https:\/\/vosgesinfo.fr\/gerardmerinfo\/2024\/08\/corcieux-habitat-inclusif-cafes-de-la-prevention-sensorielle\/#article\",\"isPartOf\":{\"@id\":\"https:\/\/vosgesinfo.fr\/gerardmerinfo\/2024\/08\/corcieux-habitat-inclusif-cafes-de-la-prevention-sensorielle\/\"},\"author\":{\"name\":\"La redaction\",\"@id\":\"https:\/\/vosgesinfo.fr\/gerardmerinfo\/#\/schema\/person\/27a3695b06db98895b354c0765cdfc31\"},\"headline\":\"Corcieux &#8211; Habitat inclusif : CAF\u00c9S DE LA PR\u00c9VENTION SENSORIELLE\",\"datePublished\":\"2024-08-23T12:46:19+00:00\",\"dateModified\":\"2024-08-23T12:46:19+00:00\",\"mainEntityOfPage\":{\"@id\":\"https:\/\/vosgesinfo.fr\/gerardmerinfo\/2024\/08\/corcieux-habitat-inclusif-cafes-de-la-prevention-sensorielle\/\"},\"wordCount\":346,\"commentCount\":0,\"publisher\":{\"@id\":\"https:\/\/vosgesinfo.fr\/gerardmerinfo\/#organization\"},\"image\":{\"@id\":\"https:\/\/vosgesinfo.fr\/gerardmerinfo\/2024\/08\/corcieux-habitat-inclusif-cafes-de-la-prevention-sensorielle\/#primaryimage\"},\"thumbnailUrl\":\"https:\/\/vosgesinfo.fr\/app\/uploads\/sites\/6\/2024\/08\/affiche-cafe-sensoriel-corcieux.png\",\"keywords\":[\"caf\u00e9 de la pr\u00e9vention sensorielle\",\"corcieux\"],\"articleSection\":[\"A la une\",\"D\u00e9odatie\",\"\u00c9ducation\",\"G\u00e9rardmer\",\"Saint-Di\u00e9-des-Vosges et son Agglom\u00e9ration\"],\"inLanguage\":\"fr-FR\",\"potentialAction\":[{\"@type\":\"CommentAction\",\"name\":\"Comment\",\"target\":[\"https:\/\/vosgesinfo.fr\/gerardmerinfo\/2024\/08\/corcieux-habitat-inclusif-cafes-de-la-prevention-sensorielle\/#respond\"]}]},{\"@type\":\"WebPage\",\"@id\":\"https:\/\/vosgesinfo.fr\/gerardmerinfo\/2024\/08\/corcieux-habitat-inclusif-cafes-de-la-prevention-sensorielle\/\",\"url\":\"https:\/\/vosgesinfo.fr\/gerardmerinfo\/2024\/08\/corcieux-habitat-inclusif-cafes-de-la-prevention-sensorielle\/\",\"name\":\"Corcieux - Habitat inclusif : CAF\u00c9S DE LA PR\u00c9VENTION SENSORIELLE - Gerardmer Info\",\"isPartOf\":{\"@id\":\"https:\/\/vosgesinfo.fr\/gerardmerinfo\/#website\"},\"primaryImageOfPage\":{\"@id\":\"https:\/\/vosgesinfo.fr\/gerardmerinfo\/2024\/08\/corcieux-habitat-inclusif-cafes-de-la-prevention-sensorielle\/#primaryimage\"},\"image\":{\"@id\":\"https:\/\/vosgesinfo.fr\/gerardmerinfo\/2024\/08\/corcieux-habitat-inclusif-cafes-de-la-prevention-sensorielle\/#primaryimage\"},\"thumbnailUrl\":\"https:\/\/vosgesinfo.fr\/app\/uploads\/sites\/6\/2024\/08\/affiche-cafe-sensoriel-corcieux.png\",\"datePublished\":\"2024-08-23T12:46:19+00:00\",\"dateModified\":\"2024-08-23T12:46:19+00:00\",\"breadcrumb\":{\"@id\":\"https:\/\/vosgesinfo.fr\/gerardmerinfo\/2024\/08\/corcieux-habitat-inclusif-cafes-de-la-prevention-sensorielle\/#breadcrumb\"},\"inLanguage\":\"fr-FR\",\"potentialAction\":[{\"@type\":\"ReadAction\",\"target\":[\"https:\/\/vosgesinfo.fr\/gerardmerinfo\/2024\/08\/corcieux-habitat-inclusif-cafes-de-la-prevention-sensorielle\/\"]}]},{\"@type\":\"ImageObject\",\"inLanguage\":\"fr-FR\",\"@id\":\"https:\/\/vosgesinfo.fr\/gerardmerinfo\/2024\/08\/corcieux-habitat-inclusif-cafes-de-la-prevention-sensorielle\/#primaryimage\",\"url\":\"https:\/\/vosgesinfo.fr\/app\/uploads\/sites\/6\/2024\/08\/affiche-cafe-sensoriel-corcieux.png\",\"contentUrl\":\"https:\/\/vosgesinfo.fr\/app\/uploads\/sites\/6\/2024\/08\/affiche-cafe-sensoriel-corcieux.png\",\"width\":3508,\"height\":4961},{\"@type\":\"BreadcrumbList\",\"@id\":\"https:\/\/vosgesinfo.fr\/gerardmerinfo\/2024\/08\/corcieux-habitat-inclusif-cafes-de-la-prevention-sensorielle\/#breadcrumb\",\"itemListElement\":[{\"@type\":\"ListItem\",\"position\":1,\"name\":\"Home\",\"item\":\"https:\/\/vosgesinfo.fr\/gerardmerinfo\/\"},{\"@type\":\"ListItem\",\"position\":2,\"name\":\"Corcieux &#8211; Habitat inclusif : CAF\u00c9S DE LA PR\u00c9VENTION SENSORIELLE\"}]},{\"@type\":\"WebSite\",\"@id\":\"https:\/\/vosgesinfo.fr\/gerardmerinfo\/#website\",\"url\":\"https:\/\/vosgesinfo.fr\/gerardmerinfo\/\",\"name\":\"Gerardmer Info\",\"description\":\"Toute l&#039;actualit\u00e9 de G\u00e9rardmer\",\"publisher\":{\"@id\":\"https:\/\/vosgesinfo.fr\/gerardmerinfo\/#organization\"},\"alternateName\":\"Toute l'actualit\u00e9 de G\u00e9rardmer\",\"potentialAction\":[{\"@type\":\"SearchAction\",\"target\":{\"@type\":\"EntryPoint\",\"urlTemplate\":\"https:\/\/vosgesinfo.fr\/gerardmerinfo\/?s={search_term_string}\"},\"query-input\":\"required name=search_term_string\"}],\"inLanguage\":\"fr-FR\"},{\"@type\":\"Organization\",\"@id\":\"https:\/\/vosgesinfo.fr\/gerardmerinfo\/#organization\",\"name\":\"Gerardmer Info\",\"url\":\"https:\/\/vosgesinfo.fr\/gerardmerinfo\/\",\"logo\":{\"@type\":\"ImageObject\",\"inLanguage\":\"fr-FR\",\"@id\":\"https:\/\/vosgesinfo.fr\/gerardmerinfo\/#\/schema\/logo\/image\/\",\"url\":\"https:\/\/vosgesinfo.fr\/app\/uploads\/sites\/6\/2023\/08\/favicon-gerardmerinfo.png\",\"contentUrl\":\"https:\/\/vosgesinfo.fr\/app\/uploads\/sites\/6\/2023\/08\/favicon-gerardmerinfo.png\",\"width\":512,\"height\":512,\"caption\":\"Gerardmer Info\"},\"image\":{\"@id\":\"https:\/\/vosgesinfo.fr\/gerardmerinfo\/#\/schema\/logo\/image\/\"},\"sameAs\":[\"https:\/\/www.facebook.com\/profile.php?id=100049475262660\",\"https:\/\/x.com\/VosgesInfo88\",\"https:\/\/www.youtube.com\/@vosgesinfo\"]},{\"@type\":\"Person\",\"@id\":\"https:\/\/vosgesinfo.fr\/gerardmerinfo\/#\/schema\/person\/27a3695b06db98895b354c0765cdfc31\",\"name\":\"La redaction\",\"image\":{\"@type\":\"ImageObject\",\"inLanguage\":\"fr-FR\",\"@id\":\"https:\/\/vosgesinfo.fr\/gerardmerinfo\/#\/schema\/person\/image\/\",\"url\":\"https:\/\/secure.gravatar.com\/avatar\/64c76a78e501cedee55736f43f332df901e1896ae9cd8fad269ae2236dd0e8b6?s=96&d=mm&r=g\",\"contentUrl\":\"https:\/\/secure.gravatar.com\/avatar\/64c76a78e501cedee55736f43f332df901e1896ae9cd8fad269ae2236dd0e8b6?s=96&d=mm&r=g\",\"caption\":\"La redaction\"},\"url\":\"https:\/\/vosgesinfo.fr\/gerardmerinfo\/author\/la-redaction\/\"}]}<\/script>\n<!-- \/ Yoast SEO plugin. -->","yoast_head_json":{"title":"Corcieux - Habitat inclusif : CAF\u00c9S DE LA PR\u00c9VENTION SENSORIELLE - Gerardmer Info","robots":{"index":"index","follow":"follow","max-snippet":"max-snippet:-1","max-image-preview":"max-image-preview:large","max-video-preview":"max-video-preview:-1"},"canonical":"https:\/\/vosgesinfo.fr\/gerardmerinfo\/2024\/08\/corcieux-habitat-inclusif-cafes-de-la-prevention-sensorielle\/","twitter_card":"summary_large_image","twitter_title":"Corcieux - Habitat inclusif : CAF\u00c9S DE LA PR\u00c9VENTION SENSORIELLE - Gerardmer Info","twitter_description":"Des caf\u00e9s de la pr\u00e9vention sensorielle auront bient\u00f4t lieu \u00e0 Corcieux : Autour d\u2019un caf\u00e9\/th\u00e9 et en petit groupe, venez [&hellip;]","twitter_image":"https:\/\/vosgesinfo.fr\/app\/uploads\/sites\/6\/2024\/08\/affiche-cafe-sensoriel-corcieux.png","twitter_creator":"@VosgesInfo88","twitter_site":"@VosgesInfo88","twitter_misc":{"\u00c9crit par":"La redaction","Dur\u00e9e de lecture estim\u00e9e":"2 minutes"},"schema":{"@context":"https:\/\/schema.org","@graph":[{"@type":"Article","@id":"https:\/\/vosgesinfo.fr\/gerardmerinfo\/2024\/08\/corcieux-habitat-inclusif-cafes-de-la-prevention-sensorielle\/#article","isPartOf":{"@id":"https:\/\/vosgesinfo.fr\/gerardmerinfo\/2024\/08\/corcieux-habitat-inclusif-cafes-de-la-prevention-sensorielle\/"},"author":{"name":"La redaction","@id":"https:\/\/vosgesinfo.fr\/gerardmerinfo\/#\/schema\/person\/27a3695b06db98895b354c0765cdfc31"},"headline":"Corcieux &#8211; Habitat inclusif : CAF\u00c9S DE LA PR\u00c9VENTION SENSORIELLE","datePublished":"2024-08-23T12:46:19+00:00","dateModified":"2024-08-23T12:46:19+00:00","mainEntityOfPage":{"@id":"https:\/\/vosgesinfo.fr\/gerardmerinfo\/2024\/08\/corcieux-habitat-inclusif-cafes-de-la-prevention-sensorielle\/"},"wordCount":346,"commentCount":0,"publisher":{"@id":"https:\/\/vosgesinfo.fr\/gerardmerinfo\/#organization"},"image":{"@id":"https:\/\/vosgesinfo.fr\/gerardmerinfo\/2024\/08\/corcieux-habitat-inclusif-cafes-de-la-prevention-sensorielle\/#primaryimage"},"thumbnailUrl":"https:\/\/vosgesinfo.fr\/app\/uploads\/sites\/6\/2024\/08\/affiche-cafe-sensoriel-corcieux.png","keywords":["caf\u00e9 de la pr\u00e9vention sensorielle","corcieux"],"articleSection":["A la une","D\u00e9odatie","\u00c9ducation","G\u00e9rardmer","Saint-Di\u00e9-des-Vosges et son Agglom\u00e9ration"],"inLanguage":"fr-FR","potentialAction":[{"@type":"CommentAction","name":"Comment","target":["https:\/\/vosgesinfo.fr\/gerardmerinfo\/2024\/08\/corcieux-habitat-inclusif-cafes-de-la-prevention-sensorielle\/#respond"]}]},{"@type":"WebPage","@id":"https:\/\/vosgesinfo.fr\/gerardmerinfo\/2024\/08\/corcieux-habitat-inclusif-cafes-de-la-prevention-sensorielle\/","url":"https:\/\/vosgesinfo.fr\/gerardmerinfo\/2024\/08\/corcieux-habitat-inclusif-cafes-de-la-prevention-sensorielle\/","name":"Corcieux - Habitat inclusif : CAF\u00c9S DE LA PR\u00c9VENTION SENSORIELLE - Gerardmer Info","isPartOf":{"@id":"https:\/\/vosgesinfo.fr\/gerardmerinfo\/#website"},"primaryImageOfPage":{"@id":"https:\/\/vosgesinfo.fr\/gerardmerinfo\/2024\/08\/corcieux-habitat-inclusif-cafes-de-la-prevention-sensorielle\/#primaryimage"},"image":{"@id":"https:\/\/vosgesinfo.fr\/gerardmerinfo\/2024\/08\/corcieux-habitat-inclusif-cafes-de-la-prevention-sensorielle\/#primaryimage"},"thumbnailUrl":"https:\/\/vosgesinfo.fr\/app\/uploads\/sites\/6\/2024\/08\/affiche-cafe-sensoriel-corcieux.png","datePublished":"2024-08-23T12:46:19+00:00","dateModified":"2024-08-23T12:46:19+00:00","breadcrumb":{"@id":"https:\/\/vosgesinfo.fr\/gerardmerinfo\/2024\/08\/corcieux-habitat-inclusif-cafes-de-la-prevention-sensorielle\/#breadcrumb"},"inLanguage":"fr-FR","potentialAction":[{"@type":"ReadAction","target":["https:\/\/vosgesinfo.fr\/gerardmerinfo\/2024\/08\/corcieux-habitat-inclusif-cafes-de-la-prevention-sensorielle\/"]}]},{"@type":"ImageObject","inLanguage":"fr-FR","@id":"https:\/\/vosgesinfo.fr\/gerardmerinfo\/2024\/08\/corcieux-habitat-inclusif-cafes-de-la-prevention-sensorielle\/#primaryimage","url":"https:\/\/vosgesinfo.fr\/app\/uploads\/sites\/6\/2024\/08\/affiche-cafe-sensoriel-corcieux.png","contentUrl":"https:\/\/vosgesinfo.fr\/app\/uploads\/sites\/6\/2024\/08\/affiche-cafe-sensoriel-corcieux.png","width":3508,"height":4961},{"@type":"BreadcrumbList","@id":"https:\/\/vosgesinfo.fr\/gerardmerinfo\/2024\/08\/corcieux-habitat-inclusif-cafes-de-la-prevention-sensorielle\/#breadcrumb","itemListElement":[{"@type":"ListItem","position":1,"name":"Home","item":"https:\/\/vosgesinfo.fr\/gerardmerinfo\/"},{"@type":"ListItem","position":2,"name":"Corcieux &#8211; Habitat inclusif : CAF\u00c9S DE LA PR\u00c9VENTION SENSORIELLE"}]},{"@type":"WebSite","@id":"https:\/\/vosgesinfo.fr\/gerardmerinfo\/#website","url":"https:\/\/vosgesinfo.fr\/gerardmerinfo\/","name":"Gerardmer Info","description":"Toute l&#039;actualit\u00e9 de G\u00e9rardmer","publisher":{"@id":"https:\/\/vosgesinfo.fr\/gerardmerinfo\/#organization"},"alternateName":"Toute l'actualit\u00e9 de G\u00e9rardmer","potentialAction":[{"@type":"SearchAction","target":{"@type":"EntryPoint","urlTemplate":"https:\/\/vosgesinfo.fr\/gerardmerinfo\/?s={search_term_string}"},"query-input":"required name=search_term_string"}],"inLanguage":"fr-FR"},{"@type":"Organization","@id":"https:\/\/vosgesinfo.fr\/gerardmerinfo\/#organization","name":"Gerardmer Info","url":"https:\/\/vosgesinfo.fr\/gerardmerinfo\/","logo":{"@type":"ImageObject","inLanguage":"fr-FR","@id":"https:\/\/vosgesinfo.fr\/gerardmerinfo\/#\/schema\/logo\/image\/","url":"https:\/\/vosgesinfo.fr\/app\/uploads\/sites\/6\/2023\/08\/favicon-gerardmerinfo.png","contentUrl":"https:\/\/vosgesinfo.fr\/app\/uploads\/sites\/6\/2023\/08\/favicon-gerardmerinfo.png","width":512,"height":512,"caption":"Gerardmer Info"},"image":{"@id":"https:\/\/vosgesinfo.fr\/gerardmerinfo\/#\/schema\/logo\/image\/"},"sameAs":["https:\/\/www.facebook.com\/profile.php?id=100049475262660","https:\/\/x.com\/VosgesInfo88","https:\/\/www.youtube.com\/@vosgesinfo"]},{"@type":"Person","@id":"https:\/\/vosgesinfo.fr\/gerardmerinfo\/#\/schema\/person\/27a3695b06db98895b354c0765cdfc31","name":"La redaction","image":{"@type":"ImageObject","inLanguage":"fr-FR","@id":"https:\/\/vosgesinfo.fr\/gerardmerinfo\/#\/schema\/person\/image\/","url":"https:\/\/secure.gravatar.com\/avatar\/64c76a78e501cedee55736f43f332df901e1896ae9cd8fad269ae2236dd0e8b6?s=96&d=mm&r=g","contentUrl":"https:\/\/secure.gravatar.com\/avatar\/64c76a78e501cedee55736f43f332df901e1896ae9cd8fad269ae2236dd0e8b6?s=96&d=mm&r=g","caption":"La redaction"},"url":"https:\/\/vosgesinfo.fr\/gerardmerinfo\/author\/la-redaction\/"}]}},"_links":{"self":[{"href":"https:\/\/vosgesinfo.fr\/gerardmerinfo\/wp-json\/wp\/v2\/posts\/67995","targetHints":{"allow":["GET"]}}],"collection":[{"href":"https:\/\/vosgesinfo.fr\/gerardmerinfo\/wp-json\/wp\/v2\/posts"}],"about":[{"href":"https:\/\/vosgesinfo.fr\/gerardmerinfo\/wp-json\/wp\/v2\/types\/post"}],"author":[{"embeddable":true,"href":"https:\/\/vosgesinfo.fr\/gerardmerinfo\/wp-json\/wp\/v2\/users\/391"}],"replies":[{"embeddable":true,"href":"https:\/\/vosgesinfo.fr\/gerardmerinfo\/wp-json\/wp\/v2\/comments?post=67995"}],"version-history":[{"count":0,"href":"https:\/\/vosgesinfo.fr\/gerardmerinfo\/wp-json\/wp\/v2\/posts\/67995\/revisions"}],"wp:featuredmedia":[{"embeddable":true,"href":"https:\/\/vosgesinfo.fr\/gerardmerinfo\/wp-json\/wp\/v2\/media\/67996"}],"wp:attachment":[{"href":"https:\/\/vosgesinfo.fr\/gerardmerinfo\/wp-json\/wp\/v2\/media?parent=67995"}],"wp:term":[{"taxonomy":"category","embeddable":true,"href":"https:\/\/vosgesinfo.fr\/gerardmerinfo\/wp-json\/wp\/v2\/categories?post=67995"},{"taxonomy":"post_tag","embeddable":true,"href":"https:\/\/vosgesinfo.fr\/gerardmerinfo\/wp-json\/wp\/v2\/tags?post=67995"}],"curies":[{"name":"wp","href":"https:\/\/api.w.org\/{rel}","templated":true}]}}