{"id":68072,"date":"2024-08-26T12:32:13","date_gmt":"2024-08-26T10:32:13","guid":{"rendered":"https:\/\/vosgesinfo.fr\/gerardmerinfo\/?p=68072"},"modified":"2024-08-26T12:32:13","modified_gmt":"2024-08-26T10:32:13","slug":"projet-immobilier-au-grand-valtin-la-ressource-en-eau-au-coeur-de-la-problematique","status":"publish","type":"post","link":"https:\/\/vosgesinfo.fr\/gerardmerinfo\/2024\/08\/projet-immobilier-au-grand-valtin-la-ressource-en-eau-au-coeur-de-la-problematique\/","title":{"rendered":"Projet immobilier au Grand Valtin : la ressource en eau au c\u0153ur de la probl\u00e9matique"},"content":{"rendered":"<p><a href=\"https:\/\/vosgesinfo.fr\/app\/uploads\/sites\/6\/2024\/08\/grand-valtin-projet-sebastien-loeb-terrain-scaled.jpg\"><img decoding=\"async\" class=\"aligncenter wp-image-67985\" src=\"https:\/\/vosgesinfo.fr\/app\/uploads\/sites\/6\/2024\/08\/grand-valtin-projet-sebastien-loeb-terrain-1024x576.jpg\" alt=\"\" width=\"424\" height=\"239\" srcset=\"https:\/\/vosgesinfo.fr\/app\/uploads\/sites\/6\/2024\/08\/grand-valtin-projet-sebastien-loeb-terrain-1024x576.jpg 1024w, https:\/\/vosgesinfo.fr\/app\/uploads\/sites\/6\/2024\/08\/grand-valtin-projet-sebastien-loeb-terrain-300x169.jpg 300w, https:\/\/vosgesinfo.fr\/app\/uploads\/sites\/6\/2024\/08\/grand-valtin-projet-sebastien-loeb-terrain-768x432.jpg 768w, https:\/\/vosgesinfo.fr\/app\/uploads\/sites\/6\/2024\/08\/grand-valtin-projet-sebastien-loeb-terrain-1536x864.jpg 1536w, https:\/\/vosgesinfo.fr\/app\/uploads\/sites\/6\/2024\/08\/grand-valtin-projet-sebastien-loeb-terrain-2048x1152.jpg 2048w\" sizes=\"(max-width: 424px) 100vw, 424px\" \/><\/a><\/p>\n<p>&nbsp;<\/p>\n<p>Le projet immobilier port\u00e9 par S\u00e9bastien Loeb sur le secteur du Grand Valtin fait grand bruit et un collectif a vu le jour pour tenter de s&rsquo;y opposer. Une d\u00e9l\u00e9gation a \u00e9t\u00e9 re\u00e7ue par Mme le maire de la commune de Ban-sur-Meurthe-Clefcy qui consid\u00e8re elle aussi que cette construction<em> \u00ab\u00a0n&rsquo;est pas \u00e0 sa place<\/em>\u00a0\u00bb dans ce hameau, principalement en raison d&rsquo;une ressource en eau insuffisante.<\/p>\n<p><em>\u00ab\u00a0Nous avons pris connaissance de cette probl\u00e9matique li\u00e9e aux captages depuis d\u00e9cembre 2019. La communaut\u00e9 d&rsquo;agglom\u00e9ration de Saint Di\u00e9 des Vosges a d&rsquo;ailleurs pris une d\u00e9lib\u00e9ration le 24 juin 2024 approuvant un projet de s\u00e9curisation de ces captages. Mais il faut que la proc\u00e9dure se fasse. (&#8230;) La probl\u00e9matique du manque d&rsquo;eau touche l&rsquo;ensemble du secteur du Grand Valtin et il y a des difficult\u00e9s pour alimenter les constructions d\u00e9j\u00e0 existantes. Nos craintes \u00e0 ce sujet se sont av\u00e9r\u00e9es exactes et justifi\u00e9es\u00a0\u00bb,<\/em> pr\u00e9cise Sylvia Didierfresse pour qui cela ne fait pratiquement aucun doute : lors d&rsquo;un prochain \u00e9pisode de s\u00e9cheresse, l\u2019approvisionnement en eau devra sans doute se faire par camions citernes au Grand Valtin.<\/p>\n<p>Mme le maire a \u00e9galement tenu \u00e0 clarifier sa position concernant le projet immobilier en question : \u00ab\u00a0<em>Sans positionnement du maire concernant la demande de permis de construire, celui-ci devient tacite. Ce qui ne signifie pas que je n&rsquo;ai pas d&rsquo;avis sur la question. Je ne pouvais pas soutenir un tel projet d&rsquo;une telle ampleur qui n&rsquo;est pas \u00e0 sa place dans un endroit comme le Grand Valtin. Mais sur la base des \u00e9l\u00e9ments administratifs, je ne pouvais pas prononcer un refus. (&#8230;) Contrairement aux autres permis, celui-l\u00e0 promet l&rsquo;existence d&rsquo;une source dont on ne peut pas encore \u00e9valuer la quantit\u00e9 et la qualit\u00e9 de l&rsquo;eau qu&rsquo;elle serait susceptible de fournir. Cela interroge et laisse de gros doutes sur l&rsquo;approvisionnement\u00a0\u00bb,<\/em> ajoute Sylvia Didierfresse.<\/p>\n<p>Enfin, pr\u00e9cisons que le collectif de riverains envisage d&rsquo;organiser une r\u00e9union publique au d\u00e9but du mois de septembre, avant que la date limite pour d\u00e9poser un recours ne soit pass\u00e9e.<\/p>\n","protected":false},"excerpt":{"rendered":"<p>&nbsp; Le projet immobilier port\u00e9 par S\u00e9bastien Loeb sur le secteur du Grand Valtin fait grand bruit et un collectif [&hellip;]<\/p>\n","protected":false},"author":42,"featured_media":67985,"comment_status":"closed","ping_status":"open","sticky":false,"template":"","format":"standard","meta":{"footnotes":""},"categories":[20,7,16,18],"tags":[3127,3209,2469,5633],"class_list":["post-68072","post","type-post","status-publish","format-standard","has-post-thumbnail","hentry","category-a-la-une","category-environnement","category-urbanisme","category-vosges","tag-ban-sur-meurthe","tag-le-grand-valtin","tag-sebastien-loeb","tag-sylvia-didierfresse"],"acf":[],"yoast_head":"<!-- This site is optimized with the Yoast SEO plugin v22.5 - https:\/\/yoast.com\/wordpress\/plugins\/seo\/ -->\n<title>Projet immobilier au Grand Valtin : la ressource en eau au c\u0153ur de la probl\u00e9matique - Gerardmer Info<\/title>\n<meta name=\"robots\" content=\"index, follow, max-snippet:-1, max-image-preview:large, max-video-preview:-1\" \/>\n<link rel=\"canonical\" href=\"https:\/\/vosgesinfo.fr\/gerardmerinfo\/?p=68072\" \/>\n<meta name=\"twitter:card\" content=\"summary_large_image\" \/>\n<meta name=\"twitter:title\" content=\"Projet immobilier au Grand Valtin : la ressource en eau au c\u0153ur de la probl\u00e9matique - Gerardmer Info\" \/>\n<meta name=\"twitter:description\" content=\"&nbsp; Le projet immobilier port\u00e9 par S\u00e9bastien Loeb sur le secteur du Grand Valtin fait grand bruit et un collectif [&hellip;]\" \/>\n<meta name=\"twitter:image\" content=\"https:\/\/vosgesinfo.fr\/app\/uploads\/sites\/6\/2024\/08\/grand-valtin-projet-sebastien-loeb-terrain-1024x576.jpg\" \/>\n<meta name=\"twitter:creator\" content=\"@VosgesInfo88\" \/>\n<meta name=\"twitter:site\" content=\"@VosgesInfo88\" \/>\n<meta name=\"twitter:label1\" content=\"\u00c9crit par\" \/>\n\t<meta name=\"twitter:data1\" content=\"QG\" \/>\n\t<meta name=\"twitter:label2\" content=\"Dur\u00e9e de lecture estim\u00e9e\" \/>\n\t<meta name=\"twitter:data2\" content=\"2 minutes\" \/>\n<script type=\"application\/ld+json\" class=\"yoast-schema-graph\">{\"@context\":\"https:\/\/schema.org\",\"@graph\":[{\"@type\":\"Article\",\"@id\":\"https:\/\/vosgesinfo.fr\/gerardmerinfo\/?p=68072#article\",\"isPartOf\":{\"@id\":\"https:\/\/vosgesinfo.fr\/gerardmerinfo\/?p=68072\"},\"author\":{\"name\":\"QG\",\"@id\":\"https:\/\/vosgesinfo.fr\/gerardmerinfo\/#\/schema\/person\/db5605779a843dad16b5368f3e7613a5\"},\"headline\":\"Projet immobilier au Grand Valtin : la ressource en eau au c\u0153ur de la probl\u00e9matique\",\"datePublished\":\"2024-08-26T10:32:13+00:00\",\"dateModified\":\"2024-08-26T10:32:13+00:00\",\"mainEntityOfPage\":{\"@id\":\"https:\/\/vosgesinfo.fr\/gerardmerinfo\/?p=68072\"},\"wordCount\":384,\"publisher\":{\"@id\":\"https:\/\/vosgesinfo.fr\/gerardmerinfo\/#organization\"},\"image\":{\"@id\":\"https:\/\/vosgesinfo.fr\/gerardmerinfo\/?p=68072#primaryimage\"},\"thumbnailUrl\":\"https:\/\/vosgesinfo.fr\/app\/uploads\/sites\/6\/2024\/08\/grand-valtin-projet-sebastien-loeb-terrain-scaled.jpg\",\"keywords\":[\"ban sur meurthe\",\"le grand valtin\",\"S\u00e9bastien Loeb\",\"Sylvia Didierfresse\"],\"articleSection\":[\"A la une\",\"Environnement\",\"Urbanisme\",\"Vosges\"],\"inLanguage\":\"fr-FR\"},{\"@type\":\"WebPage\",\"@id\":\"https:\/\/vosgesinfo.fr\/gerardmerinfo\/?p=68072\",\"url\":\"https:\/\/vosgesinfo.fr\/gerardmerinfo\/?p=68072\",\"name\":\"Projet immobilier au Grand Valtin : la ressource en eau au c\u0153ur de la probl\u00e9matique - Gerardmer Info\",\"isPartOf\":{\"@id\":\"https:\/\/vosgesinfo.fr\/gerardmerinfo\/#website\"},\"primaryImageOfPage\":{\"@id\":\"https:\/\/vosgesinfo.fr\/gerardmerinfo\/?p=68072#primaryimage\"},\"image\":{\"@id\":\"https:\/\/vosgesinfo.fr\/gerardmerinfo\/?p=68072#primaryimage\"},\"thumbnailUrl\":\"https:\/\/vosgesinfo.fr\/app\/uploads\/sites\/6\/2024\/08\/grand-valtin-projet-sebastien-loeb-terrain-scaled.jpg\",\"datePublished\":\"2024-08-26T10:32:13+00:00\",\"dateModified\":\"2024-08-26T10:32:13+00:00\",\"breadcrumb\":{\"@id\":\"https:\/\/vosgesinfo.fr\/gerardmerinfo\/?p=68072#breadcrumb\"},\"inLanguage\":\"fr-FR\",\"potentialAction\":[{\"@type\":\"ReadAction\",\"target\":[\"https:\/\/vosgesinfo.fr\/gerardmerinfo\/?p=68072\"]}]},{\"@type\":\"ImageObject\",\"inLanguage\":\"fr-FR\",\"@id\":\"https:\/\/vosgesinfo.fr\/gerardmerinfo\/?p=68072#primaryimage\",\"url\":\"https:\/\/vosgesinfo.fr\/app\/uploads\/sites\/6\/2024\/08\/grand-valtin-projet-sebastien-loeb-terrain-scaled.jpg\",\"contentUrl\":\"https:\/\/vosgesinfo.fr\/app\/uploads\/sites\/6\/2024\/08\/grand-valtin-projet-sebastien-loeb-terrain-scaled.jpg\",\"width\":2560,\"height\":1440},{\"@type\":\"BreadcrumbList\",\"@id\":\"https:\/\/vosgesinfo.fr\/gerardmerinfo\/?p=68072#breadcrumb\",\"itemListElement\":[{\"@type\":\"ListItem\",\"position\":1,\"name\":\"Home\",\"item\":\"https:\/\/vosgesinfo.fr\/gerardmerinfo\/\"},{\"@type\":\"ListItem\",\"position\":2,\"name\":\"Projet immobilier au Grand Valtin : la ressource en eau au c\u0153ur de la probl\u00e9matique\"}]},{\"@type\":\"WebSite\",\"@id\":\"https:\/\/vosgesinfo.fr\/gerardmerinfo\/#website\",\"url\":\"https:\/\/vosgesinfo.fr\/gerardmerinfo\/\",\"name\":\"Gerardmer Info\",\"description\":\"Toute l&#039;actualit\u00e9 de G\u00e9rardmer\",\"publisher\":{\"@id\":\"https:\/\/vosgesinfo.fr\/gerardmerinfo\/#organization\"},\"alternateName\":\"Toute l'actualit\u00e9 de G\u00e9rardmer\",\"potentialAction\":[{\"@type\":\"SearchAction\",\"target\":{\"@type\":\"EntryPoint\",\"urlTemplate\":\"https:\/\/vosgesinfo.fr\/gerardmerinfo\/?s={search_term_string}\"},\"query-input\":\"required name=search_term_string\"}],\"inLanguage\":\"fr-FR\"},{\"@type\":\"Organization\",\"@id\":\"https:\/\/vosgesinfo.fr\/gerardmerinfo\/#organization\",\"name\":\"Gerardmer Info\",\"url\":\"https:\/\/vosgesinfo.fr\/gerardmerinfo\/\",\"logo\":{\"@type\":\"ImageObject\",\"inLanguage\":\"fr-FR\",\"@id\":\"https:\/\/vosgesinfo.fr\/gerardmerinfo\/#\/schema\/logo\/image\/\",\"url\":\"https:\/\/vosgesinfo.fr\/app\/uploads\/sites\/6\/2023\/08\/favicon-gerardmerinfo.png\",\"contentUrl\":\"https:\/\/vosgesinfo.fr\/app\/uploads\/sites\/6\/2023\/08\/favicon-gerardmerinfo.png\",\"width\":512,\"height\":512,\"caption\":\"Gerardmer Info\"},\"image\":{\"@id\":\"https:\/\/vosgesinfo.fr\/gerardmerinfo\/#\/schema\/logo\/image\/\"},\"sameAs\":[\"https:\/\/www.facebook.com\/profile.php?id=100049475262660\",\"https:\/\/x.com\/VosgesInfo88\",\"https:\/\/www.youtube.com\/@vosgesinfo\"]},{\"@type\":\"Person\",\"@id\":\"https:\/\/vosgesinfo.fr\/gerardmerinfo\/#\/schema\/person\/db5605779a843dad16b5368f3e7613a5\",\"name\":\"QG\",\"image\":{\"@type\":\"ImageObject\",\"inLanguage\":\"fr-FR\",\"@id\":\"https:\/\/vosgesinfo.fr\/gerardmerinfo\/#\/schema\/person\/image\/\",\"url\":\"https:\/\/secure.gravatar.com\/avatar\/ea80c42c204b534408512832fde52504ecabb9706bcb6151cf6175e5b64e6793?s=96&d=mm&r=g\",\"contentUrl\":\"https:\/\/secure.gravatar.com\/avatar\/ea80c42c204b534408512832fde52504ecabb9706bcb6151cf6175e5b64e6793?s=96&d=mm&r=g\",\"caption\":\"QG\"},\"url\":\"https:\/\/vosgesinfo.fr\/gerardmerinfo\/author\/quentin88\/\"}]}<\/script>\n<!-- \/ Yoast SEO plugin. -->","yoast_head_json":{"title":"Projet immobilier au Grand Valtin : la ressource en eau au c\u0153ur de la probl\u00e9matique - Gerardmer Info","robots":{"index":"index","follow":"follow","max-snippet":"max-snippet:-1","max-image-preview":"max-image-preview:large","max-video-preview":"max-video-preview:-1"},"canonical":"https:\/\/vosgesinfo.fr\/gerardmerinfo\/?p=68072","twitter_card":"summary_large_image","twitter_title":"Projet immobilier au Grand Valtin : la ressource en eau au c\u0153ur de la probl\u00e9matique - Gerardmer Info","twitter_description":"&nbsp; Le projet immobilier port\u00e9 par S\u00e9bastien Loeb sur le secteur du Grand Valtin fait grand bruit et un collectif [&hellip;]","twitter_image":"https:\/\/vosgesinfo.fr\/app\/uploads\/sites\/6\/2024\/08\/grand-valtin-projet-sebastien-loeb-terrain-1024x576.jpg","twitter_creator":"@VosgesInfo88","twitter_site":"@VosgesInfo88","twitter_misc":{"\u00c9crit par":"QG","Dur\u00e9e de lecture estim\u00e9e":"2 minutes"},"schema":{"@context":"https:\/\/schema.org","@graph":[{"@type":"Article","@id":"https:\/\/vosgesinfo.fr\/gerardmerinfo\/?p=68072#article","isPartOf":{"@id":"https:\/\/vosgesinfo.fr\/gerardmerinfo\/?p=68072"},"author":{"name":"QG","@id":"https:\/\/vosgesinfo.fr\/gerardmerinfo\/#\/schema\/person\/db5605779a843dad16b5368f3e7613a5"},"headline":"Projet immobilier au Grand Valtin : la ressource en eau au c\u0153ur de la probl\u00e9matique","datePublished":"2024-08-26T10:32:13+00:00","dateModified":"2024-08-26T10:32:13+00:00","mainEntityOfPage":{"@id":"https:\/\/vosgesinfo.fr\/gerardmerinfo\/?p=68072"},"wordCount":384,"publisher":{"@id":"https:\/\/vosgesinfo.fr\/gerardmerinfo\/#organization"},"image":{"@id":"https:\/\/vosgesinfo.fr\/gerardmerinfo\/?p=68072#primaryimage"},"thumbnailUrl":"https:\/\/vosgesinfo.fr\/app\/uploads\/sites\/6\/2024\/08\/grand-valtin-projet-sebastien-loeb-terrain-scaled.jpg","keywords":["ban sur meurthe","le grand valtin","S\u00e9bastien Loeb","Sylvia Didierfresse"],"articleSection":["A la une","Environnement","Urbanisme","Vosges"],"inLanguage":"fr-FR"},{"@type":"WebPage","@id":"https:\/\/vosgesinfo.fr\/gerardmerinfo\/?p=68072","url":"https:\/\/vosgesinfo.fr\/gerardmerinfo\/?p=68072","name":"Projet immobilier au Grand Valtin : la ressource en eau au c\u0153ur de la probl\u00e9matique - Gerardmer Info","isPartOf":{"@id":"https:\/\/vosgesinfo.fr\/gerardmerinfo\/#website"},"primaryImageOfPage":{"@id":"https:\/\/vosgesinfo.fr\/gerardmerinfo\/?p=68072#primaryimage"},"image":{"@id":"https:\/\/vosgesinfo.fr\/gerardmerinfo\/?p=68072#primaryimage"},"thumbnailUrl":"https:\/\/vosgesinfo.fr\/app\/uploads\/sites\/6\/2024\/08\/grand-valtin-projet-sebastien-loeb-terrain-scaled.jpg","datePublished":"2024-08-26T10:32:13+00:00","dateModified":"2024-08-26T10:32:13+00:00","breadcrumb":{"@id":"https:\/\/vosgesinfo.fr\/gerardmerinfo\/?p=68072#breadcrumb"},"inLanguage":"fr-FR","potentialAction":[{"@type":"ReadAction","target":["https:\/\/vosgesinfo.fr\/gerardmerinfo\/?p=68072"]}]},{"@type":"ImageObject","inLanguage":"fr-FR","@id":"https:\/\/vosgesinfo.fr\/gerardmerinfo\/?p=68072#primaryimage","url":"https:\/\/vosgesinfo.fr\/app\/uploads\/sites\/6\/2024\/08\/grand-valtin-projet-sebastien-loeb-terrain-scaled.jpg","contentUrl":"https:\/\/vosgesinfo.fr\/app\/uploads\/sites\/6\/2024\/08\/grand-valtin-projet-sebastien-loeb-terrain-scaled.jpg","width":2560,"height":1440},{"@type":"BreadcrumbList","@id":"https:\/\/vosgesinfo.fr\/gerardmerinfo\/?p=68072#breadcrumb","itemListElement":[{"@type":"ListItem","position":1,"name":"Home","item":"https:\/\/vosgesinfo.fr\/gerardmerinfo\/"},{"@type":"ListItem","position":2,"name":"Projet immobilier au Grand Valtin : la ressource en eau au c\u0153ur de la probl\u00e9matique"}]},{"@type":"WebSite","@id":"https:\/\/vosgesinfo.fr\/gerardmerinfo\/#website","url":"https:\/\/vosgesinfo.fr\/gerardmerinfo\/","name":"Gerardmer Info","description":"Toute l&#039;actualit\u00e9 de G\u00e9rardmer","publisher":{"@id":"https:\/\/vosgesinfo.fr\/gerardmerinfo\/#organization"},"alternateName":"Toute l'actualit\u00e9 de G\u00e9rardmer","potentialAction":[{"@type":"SearchAction","target":{"@type":"EntryPoint","urlTemplate":"https:\/\/vosgesinfo.fr\/gerardmerinfo\/?s={search_term_string}"},"query-input":"required name=search_term_string"}],"inLanguage":"fr-FR"},{"@type":"Organization","@id":"https:\/\/vosgesinfo.fr\/gerardmerinfo\/#organization","name":"Gerardmer Info","url":"https:\/\/vosgesinfo.fr\/gerardmerinfo\/","logo":{"@type":"ImageObject","inLanguage":"fr-FR","@id":"https:\/\/vosgesinfo.fr\/gerardmerinfo\/#\/schema\/logo\/image\/","url":"https:\/\/vosgesinfo.fr\/app\/uploads\/sites\/6\/2023\/08\/favicon-gerardmerinfo.png","contentUrl":"https:\/\/vosgesinfo.fr\/app\/uploads\/sites\/6\/2023\/08\/favicon-gerardmerinfo.png","width":512,"height":512,"caption":"Gerardmer Info"},"image":{"@id":"https:\/\/vosgesinfo.fr\/gerardmerinfo\/#\/schema\/logo\/image\/"},"sameAs":["https:\/\/www.facebook.com\/profile.php?id=100049475262660","https:\/\/x.com\/VosgesInfo88","https:\/\/www.youtube.com\/@vosgesinfo"]},{"@type":"Person","@id":"https:\/\/vosgesinfo.fr\/gerardmerinfo\/#\/schema\/person\/db5605779a843dad16b5368f3e7613a5","name":"QG","image":{"@type":"ImageObject","inLanguage":"fr-FR","@id":"https:\/\/vosgesinfo.fr\/gerardmerinfo\/#\/schema\/person\/image\/","url":"https:\/\/secure.gravatar.com\/avatar\/ea80c42c204b534408512832fde52504ecabb9706bcb6151cf6175e5b64e6793?s=96&d=mm&r=g","contentUrl":"https:\/\/secure.gravatar.com\/avatar\/ea80c42c204b534408512832fde52504ecabb9706bcb6151cf6175e5b64e6793?s=96&d=mm&r=g","caption":"QG"},"url":"https:\/\/vosgesinfo.fr\/gerardmerinfo\/author\/quentin88\/"}]}},"_links":{"self":[{"href":"https:\/\/vosgesinfo.fr\/gerardmerinfo\/wp-json\/wp\/v2\/posts\/68072","targetHints":{"allow":["GET"]}}],"collection":[{"href":"https:\/\/vosgesinfo.fr\/gerardmerinfo\/wp-json\/wp\/v2\/posts"}],"about":[{"href":"https:\/\/vosgesinfo.fr\/gerardmerinfo\/wp-json\/wp\/v2\/types\/post"}],"author":[{"embeddable":true,"href":"https:\/\/vosgesinfo.fr\/gerardmerinfo\/wp-json\/wp\/v2\/users\/42"}],"replies":[{"embeddable":true,"href":"https:\/\/vosgesinfo.fr\/gerardmerinfo\/wp-json\/wp\/v2\/comments?post=68072"}],"version-history":[{"count":1,"href":"https:\/\/vosgesinfo.fr\/gerardmerinfo\/wp-json\/wp\/v2\/posts\/68072\/revisions"}],"predecessor-version":[{"id":68073,"href":"https:\/\/vosgesinfo.fr\/gerardmerinfo\/wp-json\/wp\/v2\/posts\/68072\/revisions\/68073"}],"wp:featuredmedia":[{"embeddable":true,"href":"https:\/\/vosgesinfo.fr\/gerardmerinfo\/wp-json\/wp\/v2\/media\/67985"}],"wp:attachment":[{"href":"https:\/\/vosgesinfo.fr\/gerardmerinfo\/wp-json\/wp\/v2\/media?parent=68072"}],"wp:term":[{"taxonomy":"category","embeddable":true,"href":"https:\/\/vosgesinfo.fr\/gerardmerinfo\/wp-json\/wp\/v2\/categories?post=68072"},{"taxonomy":"post_tag","embeddable":true,"href":"https:\/\/vosgesinfo.fr\/gerardmerinfo\/wp-json\/wp\/v2\/tags?post=68072"}],"curies":[{"name":"wp","href":"https:\/\/api.w.org\/{rel}","templated":true}]}}