{"id":68299,"date":"2024-09-09T05:57:46","date_gmt":"2024-09-09T03:57:46","guid":{"rendered":"https:\/\/vosgesinfo.fr\/gerardmerinfo\/?p=68299"},"modified":"2024-09-09T10:43:37","modified_gmt":"2024-09-09T08:43:37","slug":"et-vie-danses-fait-sa-rentree","status":"publish","type":"post","link":"https:\/\/vosgesinfo.fr\/gerardmerinfo\/2024\/09\/et-vie-danses-fait-sa-rentree\/","title":{"rendered":"Et Vie Danses fait sa rentr\u00e9e"},"content":{"rendered":"<p><strong><a href=\"https:\/\/vosgesinfo.fr\/app\/uploads\/sites\/6\/2024\/08\/danses-o-lac-2024-4-scaled.jpeg\"><img decoding=\"async\" class=\"aligncenter size-large wp-image-67834\" src=\"https:\/\/vosgesinfo.fr\/app\/uploads\/sites\/6\/2024\/08\/danses-o-lac-2024-4-1024x768.jpeg\" alt=\"\" width=\"1024\" height=\"768\" srcset=\"https:\/\/vosgesinfo.fr\/app\/uploads\/sites\/6\/2024\/08\/danses-o-lac-2024-4-1024x768.jpeg 1024w, https:\/\/vosgesinfo.fr\/app\/uploads\/sites\/6\/2024\/08\/danses-o-lac-2024-4-300x225.jpeg 300w, https:\/\/vosgesinfo.fr\/app\/uploads\/sites\/6\/2024\/08\/danses-o-lac-2024-4-768x576.jpeg 768w, https:\/\/vosgesinfo.fr\/app\/uploads\/sites\/6\/2024\/08\/danses-o-lac-2024-4-1536x1152.jpeg 1536w, https:\/\/vosgesinfo.fr\/app\/uploads\/sites\/6\/2024\/08\/danses-o-lac-2024-4-2048x1536.jpeg 2048w\" sizes=\"(max-width: 1024px) 100vw, 1024px\" \/><\/a><\/strong><\/p>\n<p>&nbsp;<\/p>\n<p><strong>Vous les attendiez avec impatience, les voil\u00e0 de retour\u00a0! Vos cours de danse avec Et Vie Danses reprennent \u00e0 partir du 16 septembre \u00e0 la Halle des sports de G\u00e9rardmer. Et pour ceux qui ne connaissent pas encore\u00a0: vos 1ers pas de danses sont offerts lors d\u2019une s\u00e9ance d\u00e9couverte.\u00a0<\/strong><\/p>\n<p><strong>Du lundi au jeudi de 20 h 30 \u00e0 22 h 30<\/strong> c\u2019est danse et bonne humeur. Rapha\u00ebl et Kateryna accueillent les d\u00e9butants le lundi pour danser la Salsa et le Bachata. Le mardi Val\u00e9rie propose d\u2019apprendre le rock et les danses de salon aux d\u00e9butants. Et pour les danseurs souhaitant se perfectionner c\u2019est le mercredi avec Rapha\u00ebl et Kateryna en Salsa et Bachata et le jeudi avec St\u00e9phane pour le rock et les danses de salon. Il y en a pour tous les go\u00fbts et tous les niveaux. Alors entrez dans la danse\u00a0!<\/p>\n<p>Pour tout renseignement retrouvez Et Vie Danses au forum des associations samedi 14 septembre de 14 h 00 \u00e0 18 h 00.<\/p>\n\n\t\t<style type=\"text\/css\">\n\t\t\t#gallery-1 {\n\t\t\t\tmargin: auto;\n\t\t\t}\n\t\t\t#gallery-1 .gallery-item {\n\t\t\t\tfloat: left;\n\t\t\t\tmargin-top: 10px;\n\t\t\t\ttext-align: center;\n\t\t\t\twidth: 50%;\n\t\t\t}\n\t\t\t#gallery-1 img {\n\t\t\t\tborder: 2px solid #cfcfcf;\n\t\t\t}\n\t\t\t#gallery-1 .gallery-caption {\n\t\t\t\tmargin-left: 0;\n\t\t\t}\n\t\t\t\/* see gallery_shortcode() in wp-includes\/media.php *\/\n\t\t<\/style>\n\t\t<div id='gallery-1' class='gallery galleryid-68299 gallery-columns-2 gallery-size-medium'><dl class='gallery-item'>\n\t\t\t<dt class='gallery-icon portrait'>\n\t\t\t\t<a href='https:\/\/vosgesinfo.fr\/app\/uploads\/sites\/6\/2024\/09\/rentree-et-vi-danses-2024-1.jpeg'><img decoding=\"async\" width=\"203\" height=\"300\" src=\"https:\/\/vosgesinfo.fr\/app\/uploads\/sites\/6\/2024\/09\/rentree-et-vi-danses-2024-1-203x300.jpeg\" class=\"attachment-medium size-medium\" alt=\"\" srcset=\"https:\/\/vosgesinfo.fr\/app\/uploads\/sites\/6\/2024\/09\/rentree-et-vi-danses-2024-1-203x300.jpeg 203w, https:\/\/vosgesinfo.fr\/app\/uploads\/sites\/6\/2024\/09\/rentree-et-vi-danses-2024-1.jpeg 487w\" sizes=\"(max-width: 203px) 100vw, 203px\" \/><\/a>\n\t\t\t<\/dt><\/dl><dl class='gallery-item'>\n\t\t\t<dt class='gallery-icon portrait'>\n\t\t\t\t<a href='https:\/\/vosgesinfo.fr\/app\/uploads\/sites\/6\/2024\/09\/rentree-et-vi-danses-2024-2.jpeg'><img decoding=\"async\" width=\"203\" height=\"300\" src=\"https:\/\/vosgesinfo.fr\/app\/uploads\/sites\/6\/2024\/09\/rentree-et-vi-danses-2024-2-203x300.jpeg\" class=\"attachment-medium size-medium\" alt=\"\" srcset=\"https:\/\/vosgesinfo.fr\/app\/uploads\/sites\/6\/2024\/09\/rentree-et-vi-danses-2024-2-203x300.jpeg 203w, https:\/\/vosgesinfo.fr\/app\/uploads\/sites\/6\/2024\/09\/rentree-et-vi-danses-2024-2.jpeg 487w\" sizes=\"(max-width: 203px) 100vw, 203px\" \/><\/a>\n\t\t\t<\/dt><\/dl><br style=\"clear: both\" \/>\n\t\t<\/div>\n\n<p>&nbsp;<\/p>\n<p>&nbsp;<\/p>\n","protected":false},"excerpt":{"rendered":"<p>&nbsp; Vous les attendiez avec impatience, les voil\u00e0 de retour\u00a0! Vos cours de danse avec Et Vie Danses reprennent \u00e0 [&hellip;]<\/p>\n","protected":false},"author":258,"featured_media":67834,"comment_status":"open","ping_status":"open","sticky":false,"template":"","format":"standard","meta":{"footnotes":""},"categories":[20,5647,44,14,17],"tags":[5649,500],"class_list":["post-68299","post","type-post","status-publish","format-standard","has-post-thumbnail","hentry","category-a-la-une","category-gerardmer-autres-sites","category-loisirs","category-sport","category-vie-associative","tag-et-vie-danses","tag-halle-des-sports"],"acf":[],"yoast_head":"<!-- This site is optimized with the Yoast SEO plugin v22.5 - https:\/\/yoast.com\/wordpress\/plugins\/seo\/ -->\n<title>Et Vie Danses fait sa rentr\u00e9e - Gerardmer Info<\/title>\n<meta name=\"robots\" content=\"index, follow, max-snippet:-1, max-image-preview:large, max-video-preview:-1\" \/>\n<link rel=\"canonical\" href=\"https:\/\/vosgesinfo.fr\/gerardmerinfo\/2024\/09\/et-vie-danses-fait-sa-rentree\/\" \/>\n<meta name=\"twitter:card\" content=\"summary_large_image\" \/>\n<meta name=\"twitter:title\" content=\"Et Vie Danses fait sa rentr\u00e9e - Gerardmer Info\" \/>\n<meta name=\"twitter:description\" content=\"&nbsp; Vous les attendiez avec impatience, les voil\u00e0 de retour\u00a0! Vos cours de danse avec Et Vie Danses reprennent \u00e0 [&hellip;]\" \/>\n<meta name=\"twitter:image\" content=\"https:\/\/vosgesinfo.fr\/app\/uploads\/sites\/6\/2024\/08\/danses-o-lac-2024-4-scaled.jpeg\" \/>\n<meta name=\"twitter:creator\" content=\"@VosgesInfo88\" \/>\n<meta name=\"twitter:site\" content=\"@VosgesInfo88\" \/>\n<meta name=\"twitter:label1\" content=\"\u00c9crit par\" \/>\n\t<meta name=\"twitter:data1\" content=\"I.N\" \/>\n\t<meta name=\"twitter:label2\" content=\"Dur\u00e9e de lecture estim\u00e9e\" \/>\n\t<meta name=\"twitter:data2\" content=\"2 minutes\" \/>\n<script type=\"application\/ld+json\" class=\"yoast-schema-graph\">{\"@context\":\"https:\/\/schema.org\",\"@graph\":[{\"@type\":\"Article\",\"@id\":\"https:\/\/vosgesinfo.fr\/gerardmerinfo\/2024\/09\/et-vie-danses-fait-sa-rentree\/#article\",\"isPartOf\":{\"@id\":\"https:\/\/vosgesinfo.fr\/gerardmerinfo\/2024\/09\/et-vie-danses-fait-sa-rentree\/\"},\"author\":{\"name\":\"I.N\",\"@id\":\"https:\/\/vosgesinfo.fr\/gerardmerinfo\/#\/schema\/person\/bb210d3430e59ff5cd247deaccb63615\"},\"headline\":\"Et Vie Danses fait sa rentr\u00e9e\",\"datePublished\":\"2024-09-09T03:57:46+00:00\",\"dateModified\":\"2024-09-09T08:43:37+00:00\",\"mainEntityOfPage\":{\"@id\":\"https:\/\/vosgesinfo.fr\/gerardmerinfo\/2024\/09\/et-vie-danses-fait-sa-rentree\/\"},\"wordCount\":182,\"commentCount\":0,\"publisher\":{\"@id\":\"https:\/\/vosgesinfo.fr\/gerardmerinfo\/#organization\"},\"image\":{\"@id\":\"https:\/\/vosgesinfo.fr\/gerardmerinfo\/2024\/09\/et-vie-danses-fait-sa-rentree\/#primaryimage\"},\"thumbnailUrl\":\"https:\/\/vosgesinfo.fr\/app\/uploads\/sites\/6\/2024\/08\/danses-o-lac-2024-4-scaled.jpeg\",\"keywords\":[\"Et Vie Danses\",\"halle des sports\"],\"articleSection\":[\"A la une\",\"Gerardmer\",\"Loisirs\",\"Sport\",\"Vie Associative\"],\"inLanguage\":\"fr-FR\",\"potentialAction\":[{\"@type\":\"CommentAction\",\"name\":\"Comment\",\"target\":[\"https:\/\/vosgesinfo.fr\/gerardmerinfo\/2024\/09\/et-vie-danses-fait-sa-rentree\/#respond\"]}]},{\"@type\":\"WebPage\",\"@id\":\"https:\/\/vosgesinfo.fr\/gerardmerinfo\/2024\/09\/et-vie-danses-fait-sa-rentree\/\",\"url\":\"https:\/\/vosgesinfo.fr\/gerardmerinfo\/2024\/09\/et-vie-danses-fait-sa-rentree\/\",\"name\":\"Et Vie Danses fait sa rentr\u00e9e - Gerardmer Info\",\"isPartOf\":{\"@id\":\"https:\/\/vosgesinfo.fr\/gerardmerinfo\/#website\"},\"primaryImageOfPage\":{\"@id\":\"https:\/\/vosgesinfo.fr\/gerardmerinfo\/2024\/09\/et-vie-danses-fait-sa-rentree\/#primaryimage\"},\"image\":{\"@id\":\"https:\/\/vosgesinfo.fr\/gerardmerinfo\/2024\/09\/et-vie-danses-fait-sa-rentree\/#primaryimage\"},\"thumbnailUrl\":\"https:\/\/vosgesinfo.fr\/app\/uploads\/sites\/6\/2024\/08\/danses-o-lac-2024-4-scaled.jpeg\",\"datePublished\":\"2024-09-09T03:57:46+00:00\",\"dateModified\":\"2024-09-09T08:43:37+00:00\",\"breadcrumb\":{\"@id\":\"https:\/\/vosgesinfo.fr\/gerardmerinfo\/2024\/09\/et-vie-danses-fait-sa-rentree\/#breadcrumb\"},\"inLanguage\":\"fr-FR\",\"potentialAction\":[{\"@type\":\"ReadAction\",\"target\":[\"https:\/\/vosgesinfo.fr\/gerardmerinfo\/2024\/09\/et-vie-danses-fait-sa-rentree\/\"]}]},{\"@type\":\"ImageObject\",\"inLanguage\":\"fr-FR\",\"@id\":\"https:\/\/vosgesinfo.fr\/gerardmerinfo\/2024\/09\/et-vie-danses-fait-sa-rentree\/#primaryimage\",\"url\":\"https:\/\/vosgesinfo.fr\/app\/uploads\/sites\/6\/2024\/08\/danses-o-lac-2024-4-scaled.jpeg\",\"contentUrl\":\"https:\/\/vosgesinfo.fr\/app\/uploads\/sites\/6\/2024\/08\/danses-o-lac-2024-4-scaled.jpeg\",\"width\":2560,\"height\":1920},{\"@type\":\"BreadcrumbList\",\"@id\":\"https:\/\/vosgesinfo.fr\/gerardmerinfo\/2024\/09\/et-vie-danses-fait-sa-rentree\/#breadcrumb\",\"itemListElement\":[{\"@type\":\"ListItem\",\"position\":1,\"name\":\"Home\",\"item\":\"https:\/\/vosgesinfo.fr\/gerardmerinfo\/\"},{\"@type\":\"ListItem\",\"position\":2,\"name\":\"Et Vie Danses fait sa rentr\u00e9e\"}]},{\"@type\":\"WebSite\",\"@id\":\"https:\/\/vosgesinfo.fr\/gerardmerinfo\/#website\",\"url\":\"https:\/\/vosgesinfo.fr\/gerardmerinfo\/\",\"name\":\"Gerardmer Info\",\"description\":\"Toute l&#039;actualit\u00e9 de G\u00e9rardmer\",\"publisher\":{\"@id\":\"https:\/\/vosgesinfo.fr\/gerardmerinfo\/#organization\"},\"alternateName\":\"Toute l'actualit\u00e9 de G\u00e9rardmer\",\"potentialAction\":[{\"@type\":\"SearchAction\",\"target\":{\"@type\":\"EntryPoint\",\"urlTemplate\":\"https:\/\/vosgesinfo.fr\/gerardmerinfo\/?s={search_term_string}\"},\"query-input\":\"required name=search_term_string\"}],\"inLanguage\":\"fr-FR\"},{\"@type\":\"Organization\",\"@id\":\"https:\/\/vosgesinfo.fr\/gerardmerinfo\/#organization\",\"name\":\"Gerardmer Info\",\"url\":\"https:\/\/vosgesinfo.fr\/gerardmerinfo\/\",\"logo\":{\"@type\":\"ImageObject\",\"inLanguage\":\"fr-FR\",\"@id\":\"https:\/\/vosgesinfo.fr\/gerardmerinfo\/#\/schema\/logo\/image\/\",\"url\":\"https:\/\/vosgesinfo.fr\/app\/uploads\/sites\/6\/2023\/08\/favicon-gerardmerinfo.png\",\"contentUrl\":\"https:\/\/vosgesinfo.fr\/app\/uploads\/sites\/6\/2023\/08\/favicon-gerardmerinfo.png\",\"width\":512,\"height\":512,\"caption\":\"Gerardmer Info\"},\"image\":{\"@id\":\"https:\/\/vosgesinfo.fr\/gerardmerinfo\/#\/schema\/logo\/image\/\"},\"sameAs\":[\"https:\/\/www.facebook.com\/profile.php?id=100049475262660\",\"https:\/\/x.com\/VosgesInfo88\",\"https:\/\/www.youtube.com\/@vosgesinfo\"]},{\"@type\":\"Person\",\"@id\":\"https:\/\/vosgesinfo.fr\/gerardmerinfo\/#\/schema\/person\/bb210d3430e59ff5cd247deaccb63615\",\"name\":\"I.N\",\"image\":{\"@type\":\"ImageObject\",\"inLanguage\":\"fr-FR\",\"@id\":\"https:\/\/vosgesinfo.fr\/gerardmerinfo\/#\/schema\/person\/image\/\",\"url\":\"https:\/\/secure.gravatar.com\/avatar\/612d5c20a39b1c8bc5675cc8e3d99e120730e7d080423fdafec485619845af71?s=96&d=mm&r=g\",\"contentUrl\":\"https:\/\/secure.gravatar.com\/avatar\/612d5c20a39b1c8bc5675cc8e3d99e120730e7d080423fdafec485619845af71?s=96&d=mm&r=g\",\"caption\":\"I.N\"},\"url\":\"https:\/\/vosgesinfo.fr\/gerardmerinfo\/author\/i-ngerardmer\/\"}]}<\/script>\n<!-- \/ Yoast SEO plugin. -->","yoast_head_json":{"title":"Et Vie Danses fait sa rentr\u00e9e - Gerardmer Info","robots":{"index":"index","follow":"follow","max-snippet":"max-snippet:-1","max-image-preview":"max-image-preview:large","max-video-preview":"max-video-preview:-1"},"canonical":"https:\/\/vosgesinfo.fr\/gerardmerinfo\/2024\/09\/et-vie-danses-fait-sa-rentree\/","twitter_card":"summary_large_image","twitter_title":"Et Vie Danses fait sa rentr\u00e9e - Gerardmer Info","twitter_description":"&nbsp; Vous les attendiez avec impatience, les voil\u00e0 de retour\u00a0! Vos cours de danse avec Et Vie Danses reprennent \u00e0 [&hellip;]","twitter_image":"https:\/\/vosgesinfo.fr\/app\/uploads\/sites\/6\/2024\/08\/danses-o-lac-2024-4-scaled.jpeg","twitter_creator":"@VosgesInfo88","twitter_site":"@VosgesInfo88","twitter_misc":{"\u00c9crit par":"I.N","Dur\u00e9e de lecture estim\u00e9e":"2 minutes"},"schema":{"@context":"https:\/\/schema.org","@graph":[{"@type":"Article","@id":"https:\/\/vosgesinfo.fr\/gerardmerinfo\/2024\/09\/et-vie-danses-fait-sa-rentree\/#article","isPartOf":{"@id":"https:\/\/vosgesinfo.fr\/gerardmerinfo\/2024\/09\/et-vie-danses-fait-sa-rentree\/"},"author":{"name":"I.N","@id":"https:\/\/vosgesinfo.fr\/gerardmerinfo\/#\/schema\/person\/bb210d3430e59ff5cd247deaccb63615"},"headline":"Et Vie Danses fait sa rentr\u00e9e","datePublished":"2024-09-09T03:57:46+00:00","dateModified":"2024-09-09T08:43:37+00:00","mainEntityOfPage":{"@id":"https:\/\/vosgesinfo.fr\/gerardmerinfo\/2024\/09\/et-vie-danses-fait-sa-rentree\/"},"wordCount":182,"commentCount":0,"publisher":{"@id":"https:\/\/vosgesinfo.fr\/gerardmerinfo\/#organization"},"image":{"@id":"https:\/\/vosgesinfo.fr\/gerardmerinfo\/2024\/09\/et-vie-danses-fait-sa-rentree\/#primaryimage"},"thumbnailUrl":"https:\/\/vosgesinfo.fr\/app\/uploads\/sites\/6\/2024\/08\/danses-o-lac-2024-4-scaled.jpeg","keywords":["Et Vie Danses","halle des sports"],"articleSection":["A la une","Gerardmer","Loisirs","Sport","Vie Associative"],"inLanguage":"fr-FR","potentialAction":[{"@type":"CommentAction","name":"Comment","target":["https:\/\/vosgesinfo.fr\/gerardmerinfo\/2024\/09\/et-vie-danses-fait-sa-rentree\/#respond"]}]},{"@type":"WebPage","@id":"https:\/\/vosgesinfo.fr\/gerardmerinfo\/2024\/09\/et-vie-danses-fait-sa-rentree\/","url":"https:\/\/vosgesinfo.fr\/gerardmerinfo\/2024\/09\/et-vie-danses-fait-sa-rentree\/","name":"Et Vie Danses fait sa rentr\u00e9e - Gerardmer Info","isPartOf":{"@id":"https:\/\/vosgesinfo.fr\/gerardmerinfo\/#website"},"primaryImageOfPage":{"@id":"https:\/\/vosgesinfo.fr\/gerardmerinfo\/2024\/09\/et-vie-danses-fait-sa-rentree\/#primaryimage"},"image":{"@id":"https:\/\/vosgesinfo.fr\/gerardmerinfo\/2024\/09\/et-vie-danses-fait-sa-rentree\/#primaryimage"},"thumbnailUrl":"https:\/\/vosgesinfo.fr\/app\/uploads\/sites\/6\/2024\/08\/danses-o-lac-2024-4-scaled.jpeg","datePublished":"2024-09-09T03:57:46+00:00","dateModified":"2024-09-09T08:43:37+00:00","breadcrumb":{"@id":"https:\/\/vosgesinfo.fr\/gerardmerinfo\/2024\/09\/et-vie-danses-fait-sa-rentree\/#breadcrumb"},"inLanguage":"fr-FR","potentialAction":[{"@type":"ReadAction","target":["https:\/\/vosgesinfo.fr\/gerardmerinfo\/2024\/09\/et-vie-danses-fait-sa-rentree\/"]}]},{"@type":"ImageObject","inLanguage":"fr-FR","@id":"https:\/\/vosgesinfo.fr\/gerardmerinfo\/2024\/09\/et-vie-danses-fait-sa-rentree\/#primaryimage","url":"https:\/\/vosgesinfo.fr\/app\/uploads\/sites\/6\/2024\/08\/danses-o-lac-2024-4-scaled.jpeg","contentUrl":"https:\/\/vosgesinfo.fr\/app\/uploads\/sites\/6\/2024\/08\/danses-o-lac-2024-4-scaled.jpeg","width":2560,"height":1920},{"@type":"BreadcrumbList","@id":"https:\/\/vosgesinfo.fr\/gerardmerinfo\/2024\/09\/et-vie-danses-fait-sa-rentree\/#breadcrumb","itemListElement":[{"@type":"ListItem","position":1,"name":"Home","item":"https:\/\/vosgesinfo.fr\/gerardmerinfo\/"},{"@type":"ListItem","position":2,"name":"Et Vie Danses fait sa rentr\u00e9e"}]},{"@type":"WebSite","@id":"https:\/\/vosgesinfo.fr\/gerardmerinfo\/#website","url":"https:\/\/vosgesinfo.fr\/gerardmerinfo\/","name":"Gerardmer Info","description":"Toute l&#039;actualit\u00e9 de G\u00e9rardmer","publisher":{"@id":"https:\/\/vosgesinfo.fr\/gerardmerinfo\/#organization"},"alternateName":"Toute l'actualit\u00e9 de G\u00e9rardmer","potentialAction":[{"@type":"SearchAction","target":{"@type":"EntryPoint","urlTemplate":"https:\/\/vosgesinfo.fr\/gerardmerinfo\/?s={search_term_string}"},"query-input":"required name=search_term_string"}],"inLanguage":"fr-FR"},{"@type":"Organization","@id":"https:\/\/vosgesinfo.fr\/gerardmerinfo\/#organization","name":"Gerardmer Info","url":"https:\/\/vosgesinfo.fr\/gerardmerinfo\/","logo":{"@type":"ImageObject","inLanguage":"fr-FR","@id":"https:\/\/vosgesinfo.fr\/gerardmerinfo\/#\/schema\/logo\/image\/","url":"https:\/\/vosgesinfo.fr\/app\/uploads\/sites\/6\/2023\/08\/favicon-gerardmerinfo.png","contentUrl":"https:\/\/vosgesinfo.fr\/app\/uploads\/sites\/6\/2023\/08\/favicon-gerardmerinfo.png","width":512,"height":512,"caption":"Gerardmer Info"},"image":{"@id":"https:\/\/vosgesinfo.fr\/gerardmerinfo\/#\/schema\/logo\/image\/"},"sameAs":["https:\/\/www.facebook.com\/profile.php?id=100049475262660","https:\/\/x.com\/VosgesInfo88","https:\/\/www.youtube.com\/@vosgesinfo"]},{"@type":"Person","@id":"https:\/\/vosgesinfo.fr\/gerardmerinfo\/#\/schema\/person\/bb210d3430e59ff5cd247deaccb63615","name":"I.N","image":{"@type":"ImageObject","inLanguage":"fr-FR","@id":"https:\/\/vosgesinfo.fr\/gerardmerinfo\/#\/schema\/person\/image\/","url":"https:\/\/secure.gravatar.com\/avatar\/612d5c20a39b1c8bc5675cc8e3d99e120730e7d080423fdafec485619845af71?s=96&d=mm&r=g","contentUrl":"https:\/\/secure.gravatar.com\/avatar\/612d5c20a39b1c8bc5675cc8e3d99e120730e7d080423fdafec485619845af71?s=96&d=mm&r=g","caption":"I.N"},"url":"https:\/\/vosgesinfo.fr\/gerardmerinfo\/author\/i-ngerardmer\/"}]}},"_links":{"self":[{"href":"https:\/\/vosgesinfo.fr\/gerardmerinfo\/wp-json\/wp\/v2\/posts\/68299","targetHints":{"allow":["GET"]}}],"collection":[{"href":"https:\/\/vosgesinfo.fr\/gerardmerinfo\/wp-json\/wp\/v2\/posts"}],"about":[{"href":"https:\/\/vosgesinfo.fr\/gerardmerinfo\/wp-json\/wp\/v2\/types\/post"}],"author":[{"embeddable":true,"href":"https:\/\/vosgesinfo.fr\/gerardmerinfo\/wp-json\/wp\/v2\/users\/258"}],"replies":[{"embeddable":true,"href":"https:\/\/vosgesinfo.fr\/gerardmerinfo\/wp-json\/wp\/v2\/comments?post=68299"}],"version-history":[{"count":5,"href":"https:\/\/vosgesinfo.fr\/gerardmerinfo\/wp-json\/wp\/v2\/posts\/68299\/revisions"}],"predecessor-version":[{"id":68341,"href":"https:\/\/vosgesinfo.fr\/gerardmerinfo\/wp-json\/wp\/v2\/posts\/68299\/revisions\/68341"}],"wp:featuredmedia":[{"embeddable":true,"href":"https:\/\/vosgesinfo.fr\/gerardmerinfo\/wp-json\/wp\/v2\/media\/67834"}],"wp:attachment":[{"href":"https:\/\/vosgesinfo.fr\/gerardmerinfo\/wp-json\/wp\/v2\/media?parent=68299"}],"wp:term":[{"taxonomy":"category","embeddable":true,"href":"https:\/\/vosgesinfo.fr\/gerardmerinfo\/wp-json\/wp\/v2\/categories?post=68299"},{"taxonomy":"post_tag","embeddable":true,"href":"https:\/\/vosgesinfo.fr\/gerardmerinfo\/wp-json\/wp\/v2\/tags?post=68299"}],"curies":[{"name":"wp","href":"https:\/\/api.w.org\/{rel}","templated":true}]}}