{"id":68326,"date":"2024-09-05T06:01:03","date_gmt":"2024-09-05T04:01:03","guid":{"rendered":"https:\/\/vosgesinfo.fr\/gerardmerinfo\/?p=68326"},"modified":"2024-09-04T19:02:33","modified_gmt":"2024-09-04T17:02:33","slug":"integration-a-gilles-de-gennes-une-journee-depaysante-a-la-mauselaine","status":"publish","type":"post","link":"https:\/\/vosgesinfo.fr\/gerardmerinfo\/2024\/09\/integration-a-gilles-de-gennes-une-journee-depaysante-a-la-mauselaine\/","title":{"rendered":"Int\u00e9gration \u00e0 Gilles de Gennes\u00a0: une journ\u00e9e d\u00e9paysante \u00e0 la Mauselaine"},"content":{"rendered":"<p>&nbsp;<\/p>\n<div id=\"attachment_68329\" style=\"width: 1034px\" class=\"wp-caption aligncenter\"><a href=\"https:\/\/vosgesinfo.fr\/app\/uploads\/sites\/6\/2024\/09\/integration-gilles-de-gennes-mauselaine-2-scaled.jpeg\"><img decoding=\"async\" aria-describedby=\"caption-attachment-68329\" class=\"wp-image-68329 size-large\" src=\"https:\/\/vosgesinfo.fr\/app\/uploads\/sites\/6\/2024\/09\/integration-gilles-de-gennes-mauselaine-2-1024x768.jpeg\" alt=\"\" width=\"1024\" height=\"768\" srcset=\"https:\/\/vosgesinfo.fr\/app\/uploads\/sites\/6\/2024\/09\/integration-gilles-de-gennes-mauselaine-2-1024x768.jpeg 1024w, https:\/\/vosgesinfo.fr\/app\/uploads\/sites\/6\/2024\/09\/integration-gilles-de-gennes-mauselaine-2-300x225.jpeg 300w, https:\/\/vosgesinfo.fr\/app\/uploads\/sites\/6\/2024\/09\/integration-gilles-de-gennes-mauselaine-2-768x576.jpeg 768w, https:\/\/vosgesinfo.fr\/app\/uploads\/sites\/6\/2024\/09\/integration-gilles-de-gennes-mauselaine-2-1536x1152.jpeg 1536w, https:\/\/vosgesinfo.fr\/app\/uploads\/sites\/6\/2024\/09\/integration-gilles-de-gennes-mauselaine-2-2048x1536.jpeg 2048w\" sizes=\"(max-width: 1024px) 100vw, 1024px\" \/><\/a><p id=\"caption-attachment-68329\" class=\"wp-caption-text\">Biathlon, tir laser<\/p><\/div>\n<p><strong>Dans le cadre des journ\u00e9es d\u2019int\u00e9gration des secondes Bac Pro et CAP du lyc\u00e9e Pierre Gilles de Gennes, les nouveaux \u00e9l\u00e8ves ont particip\u00e9 \u00e0 une journ\u00e9e sportive de plein air \u00e0 la Mauselaine ce mardi 3 septembre.<\/strong><\/p>\n<div id=\"attachment_68332\" style=\"width: 310px\" class=\"wp-caption alignright\"><a href=\"https:\/\/vosgesinfo.fr\/app\/uploads\/sites\/6\/2024\/09\/integration-gilles-de-gennes-mauselaine-1-scaled.jpeg\"><img decoding=\"async\" aria-describedby=\"caption-attachment-68332\" class=\"wp-image-68332 size-medium\" src=\"https:\/\/vosgesinfo.fr\/app\/uploads\/sites\/6\/2024\/09\/integration-gilles-de-gennes-mauselaine-1-300x225.jpeg\" alt=\"\" width=\"300\" height=\"225\" srcset=\"https:\/\/vosgesinfo.fr\/app\/uploads\/sites\/6\/2024\/09\/integration-gilles-de-gennes-mauselaine-1-300x225.jpeg 300w, https:\/\/vosgesinfo.fr\/app\/uploads\/sites\/6\/2024\/09\/integration-gilles-de-gennes-mauselaine-1-1024x768.jpeg 1024w, https:\/\/vosgesinfo.fr\/app\/uploads\/sites\/6\/2024\/09\/integration-gilles-de-gennes-mauselaine-1-768x576.jpeg 768w, https:\/\/vosgesinfo.fr\/app\/uploads\/sites\/6\/2024\/09\/integration-gilles-de-gennes-mauselaine-1-1536x1152.jpeg 1536w, https:\/\/vosgesinfo.fr\/app\/uploads\/sites\/6\/2024\/09\/integration-gilles-de-gennes-mauselaine-1-2048x1536.jpeg 2048w\" sizes=\"(max-width: 300px) 100vw, 300px\" \/><\/a><p id=\"caption-attachment-68332\" class=\"wp-caption-text\">Le proviseur David Sage d\u00e9couvre lui aussi le padel<\/p><\/div>\n<p>Sous la houlette du nouveau proviseur David Sage et con\u00e7ue par les 3 professeurs d\u2019EPS de l\u2019\u00e9tablissement, cette premi\u00e8re journ\u00e9e a r\u00e9uni 120 \u00e9l\u00e8ves et 20 accompagnants, professeurs et personnels de la vie scolaire, et a d\u00e9marr\u00e9 par une marche de 6-7 km entre le lyc\u00e9e et la Mauselaine. Les lyc\u00e9ens se sont ensuite constitu\u00e9s en \u00e9quipes de 12 et r\u00e9partis entre les 4 ateliers mis en place\u00a0: du padel avec Pearl Padel, du biathlon laser avec l\u2019ESJ du massif des Vosges, du discgolf avec Disc Over Vosges et une d\u00e9couverte de l\u2019\u00e9tablissement \u00e0 l\u2019aide du logiciel Kahoot encadr\u00e9 par la professeure de lettres Val\u00e9rie Perrin. Les groupes ont tourn\u00e9 sur les ateliers et en 2 circuits pour l\u2019aller-retour. Un challenge allait d\u00e9partager les \u00e9quipes.<\/p>\n<div id=\"attachment_68330\" style=\"width: 310px\" class=\"wp-caption alignright\"><a href=\"https:\/\/vosgesinfo.fr\/app\/uploads\/sites\/6\/2024\/09\/integration-gilles-de-gennes-mauselaine-4-scaled.jpeg\"><img decoding=\"async\" aria-describedby=\"caption-attachment-68330\" class=\"size-medium wp-image-68330\" src=\"https:\/\/vosgesinfo.fr\/app\/uploads\/sites\/6\/2024\/09\/integration-gilles-de-gennes-mauselaine-4-300x259.jpeg\" alt=\"\" width=\"300\" height=\"259\" srcset=\"https:\/\/vosgesinfo.fr\/app\/uploads\/sites\/6\/2024\/09\/integration-gilles-de-gennes-mauselaine-4-300x259.jpeg 300w, https:\/\/vosgesinfo.fr\/app\/uploads\/sites\/6\/2024\/09\/integration-gilles-de-gennes-mauselaine-4-1024x883.jpeg 1024w, https:\/\/vosgesinfo.fr\/app\/uploads\/sites\/6\/2024\/09\/integration-gilles-de-gennes-mauselaine-4-768x662.jpeg 768w, https:\/\/vosgesinfo.fr\/app\/uploads\/sites\/6\/2024\/09\/integration-gilles-de-gennes-mauselaine-4-1536x1325.jpeg 1536w, https:\/\/vosgesinfo.fr\/app\/uploads\/sites\/6\/2024\/09\/integration-gilles-de-gennes-mauselaine-4-2048x1766.jpeg 2048w\" sizes=\"(max-width: 300px) 100vw, 300px\" \/><\/a><p id=\"caption-attachment-68330\" class=\"wp-caption-text\">Padel<\/p><\/div>\n<p>Les participants ont pris leur pause d\u00e9jeuner sous la \u00a0forme d\u2019un pique nique pr\u00e9par\u00e9 par les cuisines de Gilles de Gennes, le proviseur et son adjointe les ont rejoint pour partager le repas \u00abet s\u2019essayer aux activit\u00e9s\u00a0\u00bb s\u2019est empress\u00e9 d\u2019ajouter David Sage, sportif lui-m\u00eame, il veut \u00e9galement montrer l\u2019exemple. Au retour, en fin d\u2019apr\u00e8s-midi, l\u2019heure \u00e9tait aux r\u00e9compenses, la meilleure \u00e9quipe a \u00e9t\u00e9 mise \u00e0 l\u2019honneur. \u00ab\u00a0Cette journ\u00e9e vise \u00e0 la coh\u00e9sion des \u00e9l\u00e8ves et permet de les conna\u00eetre rapidement.\u00a0\u00bb pr\u00e9cisait le proviseur et d\u2019ajouter\u00a0: \u00ab\u00a0Cette d\u00e9marche s\u2019inscrit dans la politique de l\u2019\u00e9tablissement d\u2019accueil des \u00e9l\u00e8ves.\u00bb Tous ont appr\u00e9ci\u00e9 ces moments conviviaux, la d\u00e9couverte de ces activit\u00e9s peu communes et pour les internes de leur nouveau cadre de vie en montagne.<\/p>\n<p>Un autre moment de coh\u00e9sion est pr\u00e9vu le 25 septembre prochain lors de la f\u00eate de l\u2019UNSS avec une sortie sur le lac de G\u00e9rardmer\u00a0: paddle et kayak. Puis en mai 2025\u00a0: 2 jours sur les cr\u00eates avec une nuit en refuge.<\/p>\n\n\t\t<style type=\"text\/css\">\n\t\t\t#gallery-1 {\n\t\t\t\tmargin: auto;\n\t\t\t}\n\t\t\t#gallery-1 .gallery-item {\n\t\t\t\tfloat: left;\n\t\t\t\tmargin-top: 10px;\n\t\t\t\ttext-align: center;\n\t\t\t\twidth: 50%;\n\t\t\t}\n\t\t\t#gallery-1 img {\n\t\t\t\tborder: 2px solid #cfcfcf;\n\t\t\t}\n\t\t\t#gallery-1 .gallery-caption {\n\t\t\t\tmargin-left: 0;\n\t\t\t}\n\t\t\t\/* see gallery_shortcode() in wp-includes\/media.php *\/\n\t\t<\/style>\n\t\t<div id='gallery-1' class='gallery galleryid-68326 gallery-columns-2 gallery-size-medium'><dl class='gallery-item'>\n\t\t\t<dt class='gallery-icon landscape'>\n\t\t\t\t<a href='https:\/\/vosgesinfo.fr\/app\/uploads\/sites\/6\/2024\/09\/integration-gilles-de-gennes-mauselaine-3-scaled.jpeg'><img decoding=\"async\" width=\"300\" height=\"225\" src=\"https:\/\/vosgesinfo.fr\/app\/uploads\/sites\/6\/2024\/09\/integration-gilles-de-gennes-mauselaine-3-300x225.jpeg\" class=\"attachment-medium size-medium\" alt=\"\" aria-describedby=\"gallery-1-68333\" srcset=\"https:\/\/vosgesinfo.fr\/app\/uploads\/sites\/6\/2024\/09\/integration-gilles-de-gennes-mauselaine-3-300x225.jpeg 300w, https:\/\/vosgesinfo.fr\/app\/uploads\/sites\/6\/2024\/09\/integration-gilles-de-gennes-mauselaine-3-1024x768.jpeg 1024w, https:\/\/vosgesinfo.fr\/app\/uploads\/sites\/6\/2024\/09\/integration-gilles-de-gennes-mauselaine-3-768x576.jpeg 768w, https:\/\/vosgesinfo.fr\/app\/uploads\/sites\/6\/2024\/09\/integration-gilles-de-gennes-mauselaine-3-1536x1152.jpeg 1536w, https:\/\/vosgesinfo.fr\/app\/uploads\/sites\/6\/2024\/09\/integration-gilles-de-gennes-mauselaine-3-2048x1536.jpeg 2048w\" sizes=\"(max-width: 300px) 100vw, 300px\" \/><\/a>\n\t\t\t<\/dt>\n\t\t\t\t<dd class='wp-caption-text gallery-caption' id='gallery-1-68333'>\n\t\t\t\td\u00e9couverte \u00e9tablissement \n\t\t\t\t<\/dd><\/dl><dl class='gallery-item'>\n\t\t\t<dt class='gallery-icon landscape'>\n\t\t\t\t<a href='https:\/\/vosgesinfo.fr\/app\/uploads\/sites\/6\/2024\/09\/integration-gilles-de-gennes-mauselaine-5-scaled.jpeg'><img decoding=\"async\" width=\"300\" height=\"225\" src=\"https:\/\/vosgesinfo.fr\/app\/uploads\/sites\/6\/2024\/09\/integration-gilles-de-gennes-mauselaine-5-300x225.jpeg\" class=\"attachment-medium size-medium\" alt=\"\" aria-describedby=\"gallery-1-68331\" srcset=\"https:\/\/vosgesinfo.fr\/app\/uploads\/sites\/6\/2024\/09\/integration-gilles-de-gennes-mauselaine-5-300x225.jpeg 300w, https:\/\/vosgesinfo.fr\/app\/uploads\/sites\/6\/2024\/09\/integration-gilles-de-gennes-mauselaine-5-1024x768.jpeg 1024w, https:\/\/vosgesinfo.fr\/app\/uploads\/sites\/6\/2024\/09\/integration-gilles-de-gennes-mauselaine-5-768x576.jpeg 768w, https:\/\/vosgesinfo.fr\/app\/uploads\/sites\/6\/2024\/09\/integration-gilles-de-gennes-mauselaine-5-1536x1152.jpeg 1536w, https:\/\/vosgesinfo.fr\/app\/uploads\/sites\/6\/2024\/09\/integration-gilles-de-gennes-mauselaine-5-2048x1536.jpeg 2048w\" sizes=\"(max-width: 300px) 100vw, 300px\" \/><\/a>\n\t\t\t<\/dt>\n\t\t\t\t<dd class='wp-caption-text gallery-caption' id='gallery-1-68331'>\n\t\t\t\tDiscgolf\n\t\t\t\t<\/dd><\/dl><br style=\"clear: both\" \/>\n\t\t<\/div>\n\n","protected":false},"excerpt":{"rendered":"<p>&nbsp; Dans le cadre des journ\u00e9es d\u2019int\u00e9gration des secondes Bac Pro et CAP du lyc\u00e9e Pierre Gilles de Gennes, les [&hellip;]<\/p>\n","protected":false},"author":258,"featured_media":68329,"comment_status":"open","ping_status":"open","sticky":false,"template":"","format":"standard","meta":{"footnotes":""},"categories":[20,6,5647,14],"tags":[5650,387,5651,2353,226,2990],"class_list":["post-68326","post","type-post","status-publish","format-standard","has-post-thumbnail","hentry","category-a-la-une","category-education","category-gerardmer-autres-sites","category-sport","tag-disc-over","tag-esj-massif-des-vosges","tag-kahoot","tag-lycee-gilles-de-gennes","tag-mauselaine","tag-pearl-padel"],"acf":[],"yoast_head":"<!-- This site is optimized with the Yoast SEO plugin v22.5 - https:\/\/yoast.com\/wordpress\/plugins\/seo\/ -->\n<title>Int\u00e9gration \u00e0 Gilles de Gennes\u00a0: une journ\u00e9e d\u00e9paysante \u00e0 la Mauselaine - Gerardmer Info<\/title>\n<meta name=\"robots\" content=\"index, follow, max-snippet:-1, max-image-preview:large, max-video-preview:-1\" \/>\n<link rel=\"canonical\" href=\"https:\/\/vosgesinfo.fr\/gerardmerinfo\/?p=68326\" \/>\n<meta name=\"twitter:card\" content=\"summary_large_image\" \/>\n<meta name=\"twitter:title\" content=\"Int\u00e9gration \u00e0 Gilles de Gennes\u00a0: une journ\u00e9e d\u00e9paysante \u00e0 la Mauselaine - Gerardmer Info\" \/>\n<meta name=\"twitter:description\" content=\"&nbsp; Dans le cadre des journ\u00e9es d\u2019int\u00e9gration des secondes Bac Pro et CAP du lyc\u00e9e Pierre Gilles de Gennes, les [&hellip;]\" \/>\n<meta name=\"twitter:image\" content=\"https:\/\/vosgesinfo.fr\/app\/uploads\/sites\/6\/2024\/09\/integration-gilles-de-gennes-mauselaine-2-scaled.jpeg\" \/>\n<meta name=\"twitter:creator\" content=\"@VosgesInfo88\" \/>\n<meta name=\"twitter:site\" content=\"@VosgesInfo88\" \/>\n<meta name=\"twitter:label1\" content=\"\u00c9crit par\" \/>\n\t<meta name=\"twitter:data1\" content=\"I.N\" \/>\n\t<meta name=\"twitter:label2\" content=\"Dur\u00e9e de lecture estim\u00e9e\" \/>\n\t<meta name=\"twitter:data2\" content=\"3 minutes\" \/>\n<script type=\"application\/ld+json\" class=\"yoast-schema-graph\">{\"@context\":\"https:\/\/schema.org\",\"@graph\":[{\"@type\":\"Article\",\"@id\":\"https:\/\/vosgesinfo.fr\/gerardmerinfo\/?p=68326#article\",\"isPartOf\":{\"@id\":\"https:\/\/vosgesinfo.fr\/gerardmerinfo\/?p=68326\"},\"author\":{\"name\":\"I.N\",\"@id\":\"https:\/\/vosgesinfo.fr\/gerardmerinfo\/#\/schema\/person\/bb210d3430e59ff5cd247deaccb63615\"},\"headline\":\"Int\u00e9gration \u00e0 Gilles de Gennes\u00a0: une journ\u00e9e d\u00e9paysante \u00e0 la Mauselaine\",\"datePublished\":\"2024-09-05T04:01:03+00:00\",\"dateModified\":\"2024-09-04T17:02:33+00:00\",\"mainEntityOfPage\":{\"@id\":\"https:\/\/vosgesinfo.fr\/gerardmerinfo\/?p=68326\"},\"wordCount\":424,\"commentCount\":0,\"publisher\":{\"@id\":\"https:\/\/vosgesinfo.fr\/gerardmerinfo\/#organization\"},\"image\":{\"@id\":\"https:\/\/vosgesinfo.fr\/gerardmerinfo\/?p=68326#primaryimage\"},\"thumbnailUrl\":\"https:\/\/vosgesinfo.fr\/app\/uploads\/sites\/6\/2024\/09\/integration-gilles-de-gennes-mauselaine-2-scaled.jpeg\",\"keywords\":[\"Disc Over\",\"ESJ Massif des Vosges\",\"Kahoot\",\"lyc\u00e9e gilles de gennes\",\"Mauselaine\",\"pearl padel\"],\"articleSection\":[\"A la une\",\"\u00c9ducation\",\"Gerardmer\",\"Sport\"],\"inLanguage\":\"fr-FR\",\"potentialAction\":[{\"@type\":\"CommentAction\",\"name\":\"Comment\",\"target\":[\"https:\/\/vosgesinfo.fr\/gerardmerinfo\/?p=68326#respond\"]}]},{\"@type\":\"WebPage\",\"@id\":\"https:\/\/vosgesinfo.fr\/gerardmerinfo\/?p=68326\",\"url\":\"https:\/\/vosgesinfo.fr\/gerardmerinfo\/?p=68326\",\"name\":\"Int\u00e9gration \u00e0 Gilles de Gennes\u00a0: une journ\u00e9e d\u00e9paysante \u00e0 la Mauselaine - Gerardmer Info\",\"isPartOf\":{\"@id\":\"https:\/\/vosgesinfo.fr\/gerardmerinfo\/#website\"},\"primaryImageOfPage\":{\"@id\":\"https:\/\/vosgesinfo.fr\/gerardmerinfo\/?p=68326#primaryimage\"},\"image\":{\"@id\":\"https:\/\/vosgesinfo.fr\/gerardmerinfo\/?p=68326#primaryimage\"},\"thumbnailUrl\":\"https:\/\/vosgesinfo.fr\/app\/uploads\/sites\/6\/2024\/09\/integration-gilles-de-gennes-mauselaine-2-scaled.jpeg\",\"datePublished\":\"2024-09-05T04:01:03+00:00\",\"dateModified\":\"2024-09-04T17:02:33+00:00\",\"breadcrumb\":{\"@id\":\"https:\/\/vosgesinfo.fr\/gerardmerinfo\/?p=68326#breadcrumb\"},\"inLanguage\":\"fr-FR\",\"potentialAction\":[{\"@type\":\"ReadAction\",\"target\":[\"https:\/\/vosgesinfo.fr\/gerardmerinfo\/?p=68326\"]}]},{\"@type\":\"ImageObject\",\"inLanguage\":\"fr-FR\",\"@id\":\"https:\/\/vosgesinfo.fr\/gerardmerinfo\/?p=68326#primaryimage\",\"url\":\"https:\/\/vosgesinfo.fr\/app\/uploads\/sites\/6\/2024\/09\/integration-gilles-de-gennes-mauselaine-2-scaled.jpeg\",\"contentUrl\":\"https:\/\/vosgesinfo.fr\/app\/uploads\/sites\/6\/2024\/09\/integration-gilles-de-gennes-mauselaine-2-scaled.jpeg\",\"width\":2560,\"height\":1920},{\"@type\":\"BreadcrumbList\",\"@id\":\"https:\/\/vosgesinfo.fr\/gerardmerinfo\/?p=68326#breadcrumb\",\"itemListElement\":[{\"@type\":\"ListItem\",\"position\":1,\"name\":\"Home\",\"item\":\"https:\/\/vosgesinfo.fr\/gerardmerinfo\/\"},{\"@type\":\"ListItem\",\"position\":2,\"name\":\"Int\u00e9gration \u00e0 Gilles de Gennes\u00a0: une journ\u00e9e d\u00e9paysante \u00e0 la Mauselaine\"}]},{\"@type\":\"WebSite\",\"@id\":\"https:\/\/vosgesinfo.fr\/gerardmerinfo\/#website\",\"url\":\"https:\/\/vosgesinfo.fr\/gerardmerinfo\/\",\"name\":\"Gerardmer Info\",\"description\":\"Toute l&#039;actualit\u00e9 de G\u00e9rardmer\",\"publisher\":{\"@id\":\"https:\/\/vosgesinfo.fr\/gerardmerinfo\/#organization\"},\"alternateName\":\"Toute l'actualit\u00e9 de G\u00e9rardmer\",\"potentialAction\":[{\"@type\":\"SearchAction\",\"target\":{\"@type\":\"EntryPoint\",\"urlTemplate\":\"https:\/\/vosgesinfo.fr\/gerardmerinfo\/?s={search_term_string}\"},\"query-input\":\"required name=search_term_string\"}],\"inLanguage\":\"fr-FR\"},{\"@type\":\"Organization\",\"@id\":\"https:\/\/vosgesinfo.fr\/gerardmerinfo\/#organization\",\"name\":\"Gerardmer Info\",\"url\":\"https:\/\/vosgesinfo.fr\/gerardmerinfo\/\",\"logo\":{\"@type\":\"ImageObject\",\"inLanguage\":\"fr-FR\",\"@id\":\"https:\/\/vosgesinfo.fr\/gerardmerinfo\/#\/schema\/logo\/image\/\",\"url\":\"https:\/\/vosgesinfo.fr\/app\/uploads\/sites\/6\/2023\/08\/favicon-gerardmerinfo.png\",\"contentUrl\":\"https:\/\/vosgesinfo.fr\/app\/uploads\/sites\/6\/2023\/08\/favicon-gerardmerinfo.png\",\"width\":512,\"height\":512,\"caption\":\"Gerardmer Info\"},\"image\":{\"@id\":\"https:\/\/vosgesinfo.fr\/gerardmerinfo\/#\/schema\/logo\/image\/\"},\"sameAs\":[\"https:\/\/www.facebook.com\/profile.php?id=100049475262660\",\"https:\/\/x.com\/VosgesInfo88\",\"https:\/\/www.youtube.com\/@vosgesinfo\"]},{\"@type\":\"Person\",\"@id\":\"https:\/\/vosgesinfo.fr\/gerardmerinfo\/#\/schema\/person\/bb210d3430e59ff5cd247deaccb63615\",\"name\":\"I.N\",\"image\":{\"@type\":\"ImageObject\",\"inLanguage\":\"fr-FR\",\"@id\":\"https:\/\/vosgesinfo.fr\/gerardmerinfo\/#\/schema\/person\/image\/\",\"url\":\"https:\/\/secure.gravatar.com\/avatar\/612d5c20a39b1c8bc5675cc8e3d99e120730e7d080423fdafec485619845af71?s=96&d=mm&r=g\",\"contentUrl\":\"https:\/\/secure.gravatar.com\/avatar\/612d5c20a39b1c8bc5675cc8e3d99e120730e7d080423fdafec485619845af71?s=96&d=mm&r=g\",\"caption\":\"I.N\"},\"url\":\"https:\/\/vosgesinfo.fr\/gerardmerinfo\/author\/i-ngerardmer\/\"}]}<\/script>\n<!-- \/ Yoast SEO plugin. -->","yoast_head_json":{"title":"Int\u00e9gration \u00e0 Gilles de Gennes\u00a0: une journ\u00e9e d\u00e9paysante \u00e0 la Mauselaine - Gerardmer Info","robots":{"index":"index","follow":"follow","max-snippet":"max-snippet:-1","max-image-preview":"max-image-preview:large","max-video-preview":"max-video-preview:-1"},"canonical":"https:\/\/vosgesinfo.fr\/gerardmerinfo\/?p=68326","twitter_card":"summary_large_image","twitter_title":"Int\u00e9gration \u00e0 Gilles de Gennes\u00a0: une journ\u00e9e d\u00e9paysante \u00e0 la Mauselaine - Gerardmer Info","twitter_description":"&nbsp; Dans le cadre des journ\u00e9es d\u2019int\u00e9gration des secondes Bac Pro et CAP du lyc\u00e9e Pierre Gilles de Gennes, les [&hellip;]","twitter_image":"https:\/\/vosgesinfo.fr\/app\/uploads\/sites\/6\/2024\/09\/integration-gilles-de-gennes-mauselaine-2-scaled.jpeg","twitter_creator":"@VosgesInfo88","twitter_site":"@VosgesInfo88","twitter_misc":{"\u00c9crit par":"I.N","Dur\u00e9e de lecture estim\u00e9e":"3 minutes"},"schema":{"@context":"https:\/\/schema.org","@graph":[{"@type":"Article","@id":"https:\/\/vosgesinfo.fr\/gerardmerinfo\/?p=68326#article","isPartOf":{"@id":"https:\/\/vosgesinfo.fr\/gerardmerinfo\/?p=68326"},"author":{"name":"I.N","@id":"https:\/\/vosgesinfo.fr\/gerardmerinfo\/#\/schema\/person\/bb210d3430e59ff5cd247deaccb63615"},"headline":"Int\u00e9gration \u00e0 Gilles de Gennes\u00a0: une journ\u00e9e d\u00e9paysante \u00e0 la Mauselaine","datePublished":"2024-09-05T04:01:03+00:00","dateModified":"2024-09-04T17:02:33+00:00","mainEntityOfPage":{"@id":"https:\/\/vosgesinfo.fr\/gerardmerinfo\/?p=68326"},"wordCount":424,"commentCount":0,"publisher":{"@id":"https:\/\/vosgesinfo.fr\/gerardmerinfo\/#organization"},"image":{"@id":"https:\/\/vosgesinfo.fr\/gerardmerinfo\/?p=68326#primaryimage"},"thumbnailUrl":"https:\/\/vosgesinfo.fr\/app\/uploads\/sites\/6\/2024\/09\/integration-gilles-de-gennes-mauselaine-2-scaled.jpeg","keywords":["Disc Over","ESJ Massif des Vosges","Kahoot","lyc\u00e9e gilles de gennes","Mauselaine","pearl padel"],"articleSection":["A la une","\u00c9ducation","Gerardmer","Sport"],"inLanguage":"fr-FR","potentialAction":[{"@type":"CommentAction","name":"Comment","target":["https:\/\/vosgesinfo.fr\/gerardmerinfo\/?p=68326#respond"]}]},{"@type":"WebPage","@id":"https:\/\/vosgesinfo.fr\/gerardmerinfo\/?p=68326","url":"https:\/\/vosgesinfo.fr\/gerardmerinfo\/?p=68326","name":"Int\u00e9gration \u00e0 Gilles de Gennes\u00a0: une journ\u00e9e d\u00e9paysante \u00e0 la Mauselaine - Gerardmer Info","isPartOf":{"@id":"https:\/\/vosgesinfo.fr\/gerardmerinfo\/#website"},"primaryImageOfPage":{"@id":"https:\/\/vosgesinfo.fr\/gerardmerinfo\/?p=68326#primaryimage"},"image":{"@id":"https:\/\/vosgesinfo.fr\/gerardmerinfo\/?p=68326#primaryimage"},"thumbnailUrl":"https:\/\/vosgesinfo.fr\/app\/uploads\/sites\/6\/2024\/09\/integration-gilles-de-gennes-mauselaine-2-scaled.jpeg","datePublished":"2024-09-05T04:01:03+00:00","dateModified":"2024-09-04T17:02:33+00:00","breadcrumb":{"@id":"https:\/\/vosgesinfo.fr\/gerardmerinfo\/?p=68326#breadcrumb"},"inLanguage":"fr-FR","potentialAction":[{"@type":"ReadAction","target":["https:\/\/vosgesinfo.fr\/gerardmerinfo\/?p=68326"]}]},{"@type":"ImageObject","inLanguage":"fr-FR","@id":"https:\/\/vosgesinfo.fr\/gerardmerinfo\/?p=68326#primaryimage","url":"https:\/\/vosgesinfo.fr\/app\/uploads\/sites\/6\/2024\/09\/integration-gilles-de-gennes-mauselaine-2-scaled.jpeg","contentUrl":"https:\/\/vosgesinfo.fr\/app\/uploads\/sites\/6\/2024\/09\/integration-gilles-de-gennes-mauselaine-2-scaled.jpeg","width":2560,"height":1920},{"@type":"BreadcrumbList","@id":"https:\/\/vosgesinfo.fr\/gerardmerinfo\/?p=68326#breadcrumb","itemListElement":[{"@type":"ListItem","position":1,"name":"Home","item":"https:\/\/vosgesinfo.fr\/gerardmerinfo\/"},{"@type":"ListItem","position":2,"name":"Int\u00e9gration \u00e0 Gilles de Gennes\u00a0: une journ\u00e9e d\u00e9paysante \u00e0 la Mauselaine"}]},{"@type":"WebSite","@id":"https:\/\/vosgesinfo.fr\/gerardmerinfo\/#website","url":"https:\/\/vosgesinfo.fr\/gerardmerinfo\/","name":"Gerardmer Info","description":"Toute l&#039;actualit\u00e9 de G\u00e9rardmer","publisher":{"@id":"https:\/\/vosgesinfo.fr\/gerardmerinfo\/#organization"},"alternateName":"Toute l'actualit\u00e9 de G\u00e9rardmer","potentialAction":[{"@type":"SearchAction","target":{"@type":"EntryPoint","urlTemplate":"https:\/\/vosgesinfo.fr\/gerardmerinfo\/?s={search_term_string}"},"query-input":"required name=search_term_string"}],"inLanguage":"fr-FR"},{"@type":"Organization","@id":"https:\/\/vosgesinfo.fr\/gerardmerinfo\/#organization","name":"Gerardmer Info","url":"https:\/\/vosgesinfo.fr\/gerardmerinfo\/","logo":{"@type":"ImageObject","inLanguage":"fr-FR","@id":"https:\/\/vosgesinfo.fr\/gerardmerinfo\/#\/schema\/logo\/image\/","url":"https:\/\/vosgesinfo.fr\/app\/uploads\/sites\/6\/2023\/08\/favicon-gerardmerinfo.png","contentUrl":"https:\/\/vosgesinfo.fr\/app\/uploads\/sites\/6\/2023\/08\/favicon-gerardmerinfo.png","width":512,"height":512,"caption":"Gerardmer Info"},"image":{"@id":"https:\/\/vosgesinfo.fr\/gerardmerinfo\/#\/schema\/logo\/image\/"},"sameAs":["https:\/\/www.facebook.com\/profile.php?id=100049475262660","https:\/\/x.com\/VosgesInfo88","https:\/\/www.youtube.com\/@vosgesinfo"]},{"@type":"Person","@id":"https:\/\/vosgesinfo.fr\/gerardmerinfo\/#\/schema\/person\/bb210d3430e59ff5cd247deaccb63615","name":"I.N","image":{"@type":"ImageObject","inLanguage":"fr-FR","@id":"https:\/\/vosgesinfo.fr\/gerardmerinfo\/#\/schema\/person\/image\/","url":"https:\/\/secure.gravatar.com\/avatar\/612d5c20a39b1c8bc5675cc8e3d99e120730e7d080423fdafec485619845af71?s=96&d=mm&r=g","contentUrl":"https:\/\/secure.gravatar.com\/avatar\/612d5c20a39b1c8bc5675cc8e3d99e120730e7d080423fdafec485619845af71?s=96&d=mm&r=g","caption":"I.N"},"url":"https:\/\/vosgesinfo.fr\/gerardmerinfo\/author\/i-ngerardmer\/"}]}},"_links":{"self":[{"href":"https:\/\/vosgesinfo.fr\/gerardmerinfo\/wp-json\/wp\/v2\/posts\/68326","targetHints":{"allow":["GET"]}}],"collection":[{"href":"https:\/\/vosgesinfo.fr\/gerardmerinfo\/wp-json\/wp\/v2\/posts"}],"about":[{"href":"https:\/\/vosgesinfo.fr\/gerardmerinfo\/wp-json\/wp\/v2\/types\/post"}],"author":[{"embeddable":true,"href":"https:\/\/vosgesinfo.fr\/gerardmerinfo\/wp-json\/wp\/v2\/users\/258"}],"replies":[{"embeddable":true,"href":"https:\/\/vosgesinfo.fr\/gerardmerinfo\/wp-json\/wp\/v2\/comments?post=68326"}],"version-history":[{"count":5,"href":"https:\/\/vosgesinfo.fr\/gerardmerinfo\/wp-json\/wp\/v2\/posts\/68326\/revisions"}],"predecessor-version":[{"id":68420,"href":"https:\/\/vosgesinfo.fr\/gerardmerinfo\/wp-json\/wp\/v2\/posts\/68326\/revisions\/68420"}],"wp:featuredmedia":[{"embeddable":true,"href":"https:\/\/vosgesinfo.fr\/gerardmerinfo\/wp-json\/wp\/v2\/media\/68329"}],"wp:attachment":[{"href":"https:\/\/vosgesinfo.fr\/gerardmerinfo\/wp-json\/wp\/v2\/media?parent=68326"}],"wp:term":[{"taxonomy":"category","embeddable":true,"href":"https:\/\/vosgesinfo.fr\/gerardmerinfo\/wp-json\/wp\/v2\/categories?post=68326"},{"taxonomy":"post_tag","embeddable":true,"href":"https:\/\/vosgesinfo.fr\/gerardmerinfo\/wp-json\/wp\/v2\/tags?post=68326"}],"curies":[{"name":"wp","href":"https:\/\/api.w.org\/{rel}","templated":true}]}}