{"id":68737,"date":"2024-09-20T05:59:09","date_gmt":"2024-09-20T03:59:09","guid":{"rendered":"https:\/\/vosgesinfo.fr\/gerardmerinfo\/?p=68737"},"modified":"2024-09-20T08:28:24","modified_gmt":"2024-09-20T06:28:24","slug":"supreme-tagueul-simone-punk-en-concert-au-grattoir","status":"publish","type":"post","link":"https:\/\/vosgesinfo.fr\/gerardmerinfo\/2024\/09\/supreme-tagueul-simone-punk-en-concert-au-grattoir\/","title":{"rendered":"SUPR\u00caME TAGUE\u00dcL SIMONE (PUNK) en concert au Grattoir"},"content":{"rendered":"<h3><\/h3>\n<h3><\/h3>\n<h3>Le Grattoir fait sa rentr\u00e9e musicale fracassante avec un premier concert pour ouvrir la nouvelle saison musicale 2024\/25 qui s&rsquo;annonce charg\u00e9e de p\u00e9pites, de d\u00e9couvertes et de love !<\/h3>\n<div><\/div>\n<div><a href=\"https:\/\/vosgesinfo.fr\/app\/uploads\/sites\/6\/2024\/09\/supreme-tg-simone-au-grattoir.jpg\"><img decoding=\"async\" class=\"alignright size-medium wp-image-68738\" src=\"https:\/\/vosgesinfo.fr\/app\/uploads\/sites\/6\/2024\/09\/supreme-tg-simone-au-grattoir-212x300.jpg\" alt=\"\" width=\"212\" height=\"300\" srcset=\"https:\/\/vosgesinfo.fr\/app\/uploads\/sites\/6\/2024\/09\/supreme-tg-simone-au-grattoir-212x300.jpg 212w, https:\/\/vosgesinfo.fr\/app\/uploads\/sites\/6\/2024\/09\/supreme-tg-simone-au-grattoir-724x1024.jpg 724w, https:\/\/vosgesinfo.fr\/app\/uploads\/sites\/6\/2024\/09\/supreme-tg-simone-au-grattoir-768x1086.jpg 768w, https:\/\/vosgesinfo.fr\/app\/uploads\/sites\/6\/2024\/09\/supreme-tg-simone-au-grattoir-1086x1536.jpg 1086w, https:\/\/vosgesinfo.fr\/app\/uploads\/sites\/6\/2024\/09\/supreme-tg-simone-au-grattoir.jpg 1414w\" sizes=\"(max-width: 212px) 100vw, 212px\" \/><\/a>TAG\u00dcEUL SIMONE est un groupe punk form\u00e9 en 1990 et qui s\u2019est reform\u00e9 en 2021 en int\u00e9grant une section de 3 cuivres donnant naissance \u00e0 SUPR\u00caME TAG\u00dcEUL SIMONE.<\/div>\n<div><\/div>\n<div>Compos\u00e9 de 7 musiciens, cette bande de potes des Hautes Vosges d\u00e9livre un rock cuivro-\u00e9nerv\u00e9 et festif fait de compos et reprises. Leurs concerts se caract\u00e9risent par une grosse pr\u00e9sence sc\u00e9nique ainsi qu\u2019une envie de partager leur \u00e9nergie avec le public. STGS compte une vingtaine de dates \u00e0 son actif.<\/div>\n<div><\/div>\n<div><strong>Les liens :<\/strong><\/div>\n<div><\/div>\n<div><a role=\"link\" href=\"https:\/\/l.facebook.com\/l.php?u=https%3A%2F%2Fwww.youtube.com%2Fwatch%3Fv%3DzKKyGIHwS2E%26fbclid%3DIwZXh0bgNhZW0CMTAAAR2j0oUMCl73-QAqZOrmJ9qHEx92mFh3pO1N7-wbIGEcsaIpy16g8spuuko_aem_dp8a91vvd-des00uK3dUBA&amp;h=AT1Lb249BrCmtzpXhYiv4U5iw_1uhem-YrYiFo3wFq8LezwO9HIcjW9w3up-bp_sZS0ce2Hj6dgLXGbCY5nAxHsSgYHq8mrHB_X43F8v6acwJLmONrApROBD3_GAtpHajB5Z&amp;__tn__=q&amp;c[0]=AT1mrIGPmFd90XidWO0wmaoymAxejTiOFg0cdmsJBE_k5HkSxAZBFbAD-5upWl8Yn0U3YH0BB_a60zNNw9J6vrwiKMSVDStkiM4WfTx-5jNx8RpKYoCFT3AG0Ld_jmOmXsQ-HHa9y_lAScyJNSUVCoDJCdryQn3QTy_7DI_s_oPIT1OUhqTv\" target=\"_blank\" rel=\"nofollow noopener noreferrer\" data-saferedirecturl=\"https:\/\/www.google.com\/url?q=https:\/\/l.facebook.com\/l.php?u%3Dhttps%253A%252F%252Fwww.youtube.com%252Fwatch%253Fv%253DzKKyGIHwS2E%2526fbclid%253DIwZXh0bgNhZW0CMTAAAR2j0oUMCl73-QAqZOrmJ9qHEx92mFh3pO1N7-wbIGEcsaIpy16g8spuuko_aem_dp8a91vvd-des00uK3dUBA%26h%3DAT1Lb249BrCmtzpXhYiv4U5iw_1uhem-YrYiFo3wFq8LezwO9HIcjW9w3up-bp_sZS0ce2Hj6dgLXGbCY5nAxHsSgYHq8mrHB_X43F8v6acwJLmONrApROBD3_GAtpHajB5Z%26__tn__%3Dq%26c%5B0%5D%3DAT1mrIGPmFd90XidWO0wmaoymAxejTiOFg0cdmsJBE_k5HkSxAZBFbAD-5upWl8Yn0U3YH0BB_a60zNNw9J6vrwiKMSVDStkiM4WfTx-5jNx8RpKYoCFT3AG0Ld_jmOmXsQ-HHa9y_lAScyJNSUVCoDJCdryQn3QTy_7DI_s_oPIT1OUhqTv&amp;source=gmail&amp;ust=1726468142195000&amp;usg=AOvVaw0LSQsP82MCZKqfib_5Zrb9\">https:\/\/www.youtube.com\/watch?<wbr \/>v=zKKyGIHwS2E<\/a><br \/>\n<a role=\"link\" href=\"https:\/\/www.facebook.com\/TGS.TagueulSimone?__cft__[0]=AZVg8sT6o2ykV040sCScNQZqWy-IGRDkVkvKwb4S36v2UosCCh8KRVKLY3tnlOnWFREVB12kd5TGXOHiELazBmPfixxyubNjj7EqX8JYl0qs2Boe-0d7Ay9BlVqjO6PSp-vEk4giP5Dbnt_fza_VsDSoqplHgfpl2gDGUKqhFy1mZA&amp;__tn__=q\" target=\"_blank\" rel=\"noopener\" data-saferedirecturl=\"https:\/\/www.google.com\/url?q=https:\/\/www.facebook.com\/TGS.TagueulSimone?__cft__%5B0%5D%3DAZVg8sT6o2ykV040sCScNQZqWy-IGRDkVkvKwb4S36v2UosCCh8KRVKLY3tnlOnWFREVB12kd5TGXOHiELazBmPfixxyubNjj7EqX8JYl0qs2Boe-0d7Ay9BlVqjO6PSp-vEk4giP5Dbnt_fza_VsDSoqplHgfpl2gDGUKqhFy1mZA%26__tn__%3Dq&amp;source=gmail&amp;ust=1726468142195000&amp;usg=AOvVaw3kuXlfrmFgT1o1ac22w5YY\">https:\/\/www.facebook.com\/TGS.<wbr \/>TagueulSimone<\/a><\/div>\n<div><\/div>\n<div>Membres<br \/>\n\u2022 PAT : SAX &#8211; CHANT<br \/>\n\u2022 ANAIS : SAX BAR \u2013 CHANT<br \/>\n\u2022 AURELIEN : TROMPETTE &#8211; CHANT<br \/>\n\u2022 FRED : BASSE<br \/>\n\u2022 LUDO : GUITARE &#8211; CHANT<br \/>\n\u2022 GUILLAUME : BATTERIE &#8211; CHANT<br \/>\n\u2022 ALAIN : CHANT<\/div>\n<div><\/div>\n<div>Du lourd en perspective!<\/div>\n<div><\/div>\n<div>Entr\u00e9e libre pour tous.tes + majoration concert de 0,50\u20ac\/consommation \u00e0 partir de 20h00<\/div>\n","protected":false},"excerpt":{"rendered":"<p>Le Grattoir fait sa rentr\u00e9e musicale fracassante avec un premier concert pour ouvrir la nouvelle saison musicale 2024\/25 qui s&rsquo;annonce [&hellip;]<\/p>\n","protected":false},"author":391,"featured_media":68738,"comment_status":"open","ping_status":"open","sticky":false,"template":"","format":"standard","meta":{"footnotes":""},"categories":[20,34],"tags":[35,5688],"class_list":["post-68737","post","type-post","status-publish","format-standard","has-post-thumbnail","hentry","category-a-la-une","category-concert","tag-bar-le-grattoir","tag-supreme-tagueul-simone"],"acf":[],"yoast_head":"<!-- This site is optimized with the Yoast SEO plugin v22.5 - https:\/\/yoast.com\/wordpress\/plugins\/seo\/ -->\n<title>SUPR\u00caME TAGUE\u00dcL SIMONE (PUNK) en concert au Grattoir - Gerardmer Info<\/title>\n<meta name=\"robots\" content=\"index, follow, max-snippet:-1, max-image-preview:large, max-video-preview:-1\" \/>\n<link rel=\"canonical\" href=\"https:\/\/vosgesinfo.fr\/gerardmerinfo\/2024\/09\/supreme-tagueul-simone-punk-en-concert-au-grattoir\/\" \/>\n<meta name=\"twitter:card\" content=\"summary_large_image\" \/>\n<meta name=\"twitter:title\" content=\"SUPR\u00caME TAGUE\u00dcL SIMONE (PUNK) en concert au Grattoir - Gerardmer Info\" \/>\n<meta name=\"twitter:description\" content=\"Le Grattoir fait sa rentr\u00e9e musicale fracassante avec un premier concert pour ouvrir la nouvelle saison musicale 2024\/25 qui s&rsquo;annonce [&hellip;]\" \/>\n<meta name=\"twitter:image\" content=\"https:\/\/vosgesinfo.fr\/app\/uploads\/sites\/6\/2024\/09\/supreme-tg-simone-au-grattoir.jpg\" \/>\n<meta name=\"twitter:creator\" content=\"@VosgesInfo88\" \/>\n<meta name=\"twitter:site\" content=\"@VosgesInfo88\" \/>\n<meta name=\"twitter:label1\" content=\"\u00c9crit par\" \/>\n\t<meta name=\"twitter:data1\" content=\"La redaction\" \/>\n\t<meta name=\"twitter:label2\" content=\"Dur\u00e9e de lecture estim\u00e9e\" \/>\n\t<meta name=\"twitter:data2\" content=\"1 minute\" \/>\n<script type=\"application\/ld+json\" class=\"yoast-schema-graph\">{\"@context\":\"https:\/\/schema.org\",\"@graph\":[{\"@type\":\"Article\",\"@id\":\"https:\/\/vosgesinfo.fr\/gerardmerinfo\/2024\/09\/supreme-tagueul-simone-punk-en-concert-au-grattoir\/#article\",\"isPartOf\":{\"@id\":\"https:\/\/vosgesinfo.fr\/gerardmerinfo\/2024\/09\/supreme-tagueul-simone-punk-en-concert-au-grattoir\/\"},\"author\":{\"name\":\"La redaction\",\"@id\":\"https:\/\/vosgesinfo.fr\/gerardmerinfo\/#\/schema\/person\/27a3695b06db98895b354c0765cdfc31\"},\"headline\":\"SUPR\u00caME TAGUE\u00dcL SIMONE (PUNK) en concert au Grattoir\",\"datePublished\":\"2024-09-20T03:59:09+00:00\",\"dateModified\":\"2024-09-20T06:28:24+00:00\",\"mainEntityOfPage\":{\"@id\":\"https:\/\/vosgesinfo.fr\/gerardmerinfo\/2024\/09\/supreme-tagueul-simone-punk-en-concert-au-grattoir\/\"},\"wordCount\":183,\"commentCount\":0,\"publisher\":{\"@id\":\"https:\/\/vosgesinfo.fr\/gerardmerinfo\/#organization\"},\"image\":{\"@id\":\"https:\/\/vosgesinfo.fr\/gerardmerinfo\/2024\/09\/supreme-tagueul-simone-punk-en-concert-au-grattoir\/#primaryimage\"},\"thumbnailUrl\":\"https:\/\/vosgesinfo.fr\/app\/uploads\/sites\/6\/2024\/09\/supreme-tg-simone-au-grattoir.jpg\",\"keywords\":[\"bar le grattoir\",\"Supreme tagueul Simone\"],\"articleSection\":[\"A la une\",\"Concert\"],\"inLanguage\":\"fr-FR\",\"potentialAction\":[{\"@type\":\"CommentAction\",\"name\":\"Comment\",\"target\":[\"https:\/\/vosgesinfo.fr\/gerardmerinfo\/2024\/09\/supreme-tagueul-simone-punk-en-concert-au-grattoir\/#respond\"]}]},{\"@type\":\"WebPage\",\"@id\":\"https:\/\/vosgesinfo.fr\/gerardmerinfo\/2024\/09\/supreme-tagueul-simone-punk-en-concert-au-grattoir\/\",\"url\":\"https:\/\/vosgesinfo.fr\/gerardmerinfo\/2024\/09\/supreme-tagueul-simone-punk-en-concert-au-grattoir\/\",\"name\":\"SUPR\u00caME TAGUE\u00dcL SIMONE (PUNK) en concert au Grattoir - Gerardmer Info\",\"isPartOf\":{\"@id\":\"https:\/\/vosgesinfo.fr\/gerardmerinfo\/#website\"},\"primaryImageOfPage\":{\"@id\":\"https:\/\/vosgesinfo.fr\/gerardmerinfo\/2024\/09\/supreme-tagueul-simone-punk-en-concert-au-grattoir\/#primaryimage\"},\"image\":{\"@id\":\"https:\/\/vosgesinfo.fr\/gerardmerinfo\/2024\/09\/supreme-tagueul-simone-punk-en-concert-au-grattoir\/#primaryimage\"},\"thumbnailUrl\":\"https:\/\/vosgesinfo.fr\/app\/uploads\/sites\/6\/2024\/09\/supreme-tg-simone-au-grattoir.jpg\",\"datePublished\":\"2024-09-20T03:59:09+00:00\",\"dateModified\":\"2024-09-20T06:28:24+00:00\",\"breadcrumb\":{\"@id\":\"https:\/\/vosgesinfo.fr\/gerardmerinfo\/2024\/09\/supreme-tagueul-simone-punk-en-concert-au-grattoir\/#breadcrumb\"},\"inLanguage\":\"fr-FR\",\"potentialAction\":[{\"@type\":\"ReadAction\",\"target\":[\"https:\/\/vosgesinfo.fr\/gerardmerinfo\/2024\/09\/supreme-tagueul-simone-punk-en-concert-au-grattoir\/\"]}]},{\"@type\":\"ImageObject\",\"inLanguage\":\"fr-FR\",\"@id\":\"https:\/\/vosgesinfo.fr\/gerardmerinfo\/2024\/09\/supreme-tagueul-simone-punk-en-concert-au-grattoir\/#primaryimage\",\"url\":\"https:\/\/vosgesinfo.fr\/app\/uploads\/sites\/6\/2024\/09\/supreme-tg-simone-au-grattoir.jpg\",\"contentUrl\":\"https:\/\/vosgesinfo.fr\/app\/uploads\/sites\/6\/2024\/09\/supreme-tg-simone-au-grattoir.jpg\",\"width\":1414,\"height\":2000},{\"@type\":\"BreadcrumbList\",\"@id\":\"https:\/\/vosgesinfo.fr\/gerardmerinfo\/2024\/09\/supreme-tagueul-simone-punk-en-concert-au-grattoir\/#breadcrumb\",\"itemListElement\":[{\"@type\":\"ListItem\",\"position\":1,\"name\":\"Home\",\"item\":\"https:\/\/vosgesinfo.fr\/gerardmerinfo\/\"},{\"@type\":\"ListItem\",\"position\":2,\"name\":\"SUPR\u00caME TAGUE\u00dcL SIMONE (PUNK) en concert au Grattoir\"}]},{\"@type\":\"WebSite\",\"@id\":\"https:\/\/vosgesinfo.fr\/gerardmerinfo\/#website\",\"url\":\"https:\/\/vosgesinfo.fr\/gerardmerinfo\/\",\"name\":\"Gerardmer Info\",\"description\":\"Toute l&#039;actualit\u00e9 de G\u00e9rardmer\",\"publisher\":{\"@id\":\"https:\/\/vosgesinfo.fr\/gerardmerinfo\/#organization\"},\"alternateName\":\"Toute l'actualit\u00e9 de G\u00e9rardmer\",\"potentialAction\":[{\"@type\":\"SearchAction\",\"target\":{\"@type\":\"EntryPoint\",\"urlTemplate\":\"https:\/\/vosgesinfo.fr\/gerardmerinfo\/?s={search_term_string}\"},\"query-input\":\"required name=search_term_string\"}],\"inLanguage\":\"fr-FR\"},{\"@type\":\"Organization\",\"@id\":\"https:\/\/vosgesinfo.fr\/gerardmerinfo\/#organization\",\"name\":\"Gerardmer Info\",\"url\":\"https:\/\/vosgesinfo.fr\/gerardmerinfo\/\",\"logo\":{\"@type\":\"ImageObject\",\"inLanguage\":\"fr-FR\",\"@id\":\"https:\/\/vosgesinfo.fr\/gerardmerinfo\/#\/schema\/logo\/image\/\",\"url\":\"https:\/\/vosgesinfo.fr\/app\/uploads\/sites\/6\/2023\/08\/favicon-gerardmerinfo.png\",\"contentUrl\":\"https:\/\/vosgesinfo.fr\/app\/uploads\/sites\/6\/2023\/08\/favicon-gerardmerinfo.png\",\"width\":512,\"height\":512,\"caption\":\"Gerardmer Info\"},\"image\":{\"@id\":\"https:\/\/vosgesinfo.fr\/gerardmerinfo\/#\/schema\/logo\/image\/\"},\"sameAs\":[\"https:\/\/www.facebook.com\/profile.php?id=100049475262660\",\"https:\/\/x.com\/VosgesInfo88\",\"https:\/\/www.youtube.com\/@vosgesinfo\"]},{\"@type\":\"Person\",\"@id\":\"https:\/\/vosgesinfo.fr\/gerardmerinfo\/#\/schema\/person\/27a3695b06db98895b354c0765cdfc31\",\"name\":\"La redaction\",\"image\":{\"@type\":\"ImageObject\",\"inLanguage\":\"fr-FR\",\"@id\":\"https:\/\/vosgesinfo.fr\/gerardmerinfo\/#\/schema\/person\/image\/\",\"url\":\"https:\/\/secure.gravatar.com\/avatar\/64c76a78e501cedee55736f43f332df901e1896ae9cd8fad269ae2236dd0e8b6?s=96&d=mm&r=g\",\"contentUrl\":\"https:\/\/secure.gravatar.com\/avatar\/64c76a78e501cedee55736f43f332df901e1896ae9cd8fad269ae2236dd0e8b6?s=96&d=mm&r=g\",\"caption\":\"La redaction\"},\"url\":\"https:\/\/vosgesinfo.fr\/gerardmerinfo\/author\/la-redaction\/\"}]}<\/script>\n<!-- \/ Yoast SEO plugin. -->","yoast_head_json":{"title":"SUPR\u00caME TAGUE\u00dcL SIMONE (PUNK) en concert au Grattoir - Gerardmer Info","robots":{"index":"index","follow":"follow","max-snippet":"max-snippet:-1","max-image-preview":"max-image-preview:large","max-video-preview":"max-video-preview:-1"},"canonical":"https:\/\/vosgesinfo.fr\/gerardmerinfo\/2024\/09\/supreme-tagueul-simone-punk-en-concert-au-grattoir\/","twitter_card":"summary_large_image","twitter_title":"SUPR\u00caME TAGUE\u00dcL SIMONE (PUNK) en concert au Grattoir - Gerardmer Info","twitter_description":"Le Grattoir fait sa rentr\u00e9e musicale fracassante avec un premier concert pour ouvrir la nouvelle saison musicale 2024\/25 qui s&rsquo;annonce [&hellip;]","twitter_image":"https:\/\/vosgesinfo.fr\/app\/uploads\/sites\/6\/2024\/09\/supreme-tg-simone-au-grattoir.jpg","twitter_creator":"@VosgesInfo88","twitter_site":"@VosgesInfo88","twitter_misc":{"\u00c9crit par":"La redaction","Dur\u00e9e de lecture estim\u00e9e":"1 minute"},"schema":{"@context":"https:\/\/schema.org","@graph":[{"@type":"Article","@id":"https:\/\/vosgesinfo.fr\/gerardmerinfo\/2024\/09\/supreme-tagueul-simone-punk-en-concert-au-grattoir\/#article","isPartOf":{"@id":"https:\/\/vosgesinfo.fr\/gerardmerinfo\/2024\/09\/supreme-tagueul-simone-punk-en-concert-au-grattoir\/"},"author":{"name":"La redaction","@id":"https:\/\/vosgesinfo.fr\/gerardmerinfo\/#\/schema\/person\/27a3695b06db98895b354c0765cdfc31"},"headline":"SUPR\u00caME TAGUE\u00dcL SIMONE (PUNK) en concert au Grattoir","datePublished":"2024-09-20T03:59:09+00:00","dateModified":"2024-09-20T06:28:24+00:00","mainEntityOfPage":{"@id":"https:\/\/vosgesinfo.fr\/gerardmerinfo\/2024\/09\/supreme-tagueul-simone-punk-en-concert-au-grattoir\/"},"wordCount":183,"commentCount":0,"publisher":{"@id":"https:\/\/vosgesinfo.fr\/gerardmerinfo\/#organization"},"image":{"@id":"https:\/\/vosgesinfo.fr\/gerardmerinfo\/2024\/09\/supreme-tagueul-simone-punk-en-concert-au-grattoir\/#primaryimage"},"thumbnailUrl":"https:\/\/vosgesinfo.fr\/app\/uploads\/sites\/6\/2024\/09\/supreme-tg-simone-au-grattoir.jpg","keywords":["bar le grattoir","Supreme tagueul Simone"],"articleSection":["A la une","Concert"],"inLanguage":"fr-FR","potentialAction":[{"@type":"CommentAction","name":"Comment","target":["https:\/\/vosgesinfo.fr\/gerardmerinfo\/2024\/09\/supreme-tagueul-simone-punk-en-concert-au-grattoir\/#respond"]}]},{"@type":"WebPage","@id":"https:\/\/vosgesinfo.fr\/gerardmerinfo\/2024\/09\/supreme-tagueul-simone-punk-en-concert-au-grattoir\/","url":"https:\/\/vosgesinfo.fr\/gerardmerinfo\/2024\/09\/supreme-tagueul-simone-punk-en-concert-au-grattoir\/","name":"SUPR\u00caME TAGUE\u00dcL SIMONE (PUNK) en concert au Grattoir - Gerardmer Info","isPartOf":{"@id":"https:\/\/vosgesinfo.fr\/gerardmerinfo\/#website"},"primaryImageOfPage":{"@id":"https:\/\/vosgesinfo.fr\/gerardmerinfo\/2024\/09\/supreme-tagueul-simone-punk-en-concert-au-grattoir\/#primaryimage"},"image":{"@id":"https:\/\/vosgesinfo.fr\/gerardmerinfo\/2024\/09\/supreme-tagueul-simone-punk-en-concert-au-grattoir\/#primaryimage"},"thumbnailUrl":"https:\/\/vosgesinfo.fr\/app\/uploads\/sites\/6\/2024\/09\/supreme-tg-simone-au-grattoir.jpg","datePublished":"2024-09-20T03:59:09+00:00","dateModified":"2024-09-20T06:28:24+00:00","breadcrumb":{"@id":"https:\/\/vosgesinfo.fr\/gerardmerinfo\/2024\/09\/supreme-tagueul-simone-punk-en-concert-au-grattoir\/#breadcrumb"},"inLanguage":"fr-FR","potentialAction":[{"@type":"ReadAction","target":["https:\/\/vosgesinfo.fr\/gerardmerinfo\/2024\/09\/supreme-tagueul-simone-punk-en-concert-au-grattoir\/"]}]},{"@type":"ImageObject","inLanguage":"fr-FR","@id":"https:\/\/vosgesinfo.fr\/gerardmerinfo\/2024\/09\/supreme-tagueul-simone-punk-en-concert-au-grattoir\/#primaryimage","url":"https:\/\/vosgesinfo.fr\/app\/uploads\/sites\/6\/2024\/09\/supreme-tg-simone-au-grattoir.jpg","contentUrl":"https:\/\/vosgesinfo.fr\/app\/uploads\/sites\/6\/2024\/09\/supreme-tg-simone-au-grattoir.jpg","width":1414,"height":2000},{"@type":"BreadcrumbList","@id":"https:\/\/vosgesinfo.fr\/gerardmerinfo\/2024\/09\/supreme-tagueul-simone-punk-en-concert-au-grattoir\/#breadcrumb","itemListElement":[{"@type":"ListItem","position":1,"name":"Home","item":"https:\/\/vosgesinfo.fr\/gerardmerinfo\/"},{"@type":"ListItem","position":2,"name":"SUPR\u00caME TAGUE\u00dcL SIMONE (PUNK) en concert au Grattoir"}]},{"@type":"WebSite","@id":"https:\/\/vosgesinfo.fr\/gerardmerinfo\/#website","url":"https:\/\/vosgesinfo.fr\/gerardmerinfo\/","name":"Gerardmer Info","description":"Toute l&#039;actualit\u00e9 de G\u00e9rardmer","publisher":{"@id":"https:\/\/vosgesinfo.fr\/gerardmerinfo\/#organization"},"alternateName":"Toute l'actualit\u00e9 de G\u00e9rardmer","potentialAction":[{"@type":"SearchAction","target":{"@type":"EntryPoint","urlTemplate":"https:\/\/vosgesinfo.fr\/gerardmerinfo\/?s={search_term_string}"},"query-input":"required name=search_term_string"}],"inLanguage":"fr-FR"},{"@type":"Organization","@id":"https:\/\/vosgesinfo.fr\/gerardmerinfo\/#organization","name":"Gerardmer Info","url":"https:\/\/vosgesinfo.fr\/gerardmerinfo\/","logo":{"@type":"ImageObject","inLanguage":"fr-FR","@id":"https:\/\/vosgesinfo.fr\/gerardmerinfo\/#\/schema\/logo\/image\/","url":"https:\/\/vosgesinfo.fr\/app\/uploads\/sites\/6\/2023\/08\/favicon-gerardmerinfo.png","contentUrl":"https:\/\/vosgesinfo.fr\/app\/uploads\/sites\/6\/2023\/08\/favicon-gerardmerinfo.png","width":512,"height":512,"caption":"Gerardmer Info"},"image":{"@id":"https:\/\/vosgesinfo.fr\/gerardmerinfo\/#\/schema\/logo\/image\/"},"sameAs":["https:\/\/www.facebook.com\/profile.php?id=100049475262660","https:\/\/x.com\/VosgesInfo88","https:\/\/www.youtube.com\/@vosgesinfo"]},{"@type":"Person","@id":"https:\/\/vosgesinfo.fr\/gerardmerinfo\/#\/schema\/person\/27a3695b06db98895b354c0765cdfc31","name":"La redaction","image":{"@type":"ImageObject","inLanguage":"fr-FR","@id":"https:\/\/vosgesinfo.fr\/gerardmerinfo\/#\/schema\/person\/image\/","url":"https:\/\/secure.gravatar.com\/avatar\/64c76a78e501cedee55736f43f332df901e1896ae9cd8fad269ae2236dd0e8b6?s=96&d=mm&r=g","contentUrl":"https:\/\/secure.gravatar.com\/avatar\/64c76a78e501cedee55736f43f332df901e1896ae9cd8fad269ae2236dd0e8b6?s=96&d=mm&r=g","caption":"La redaction"},"url":"https:\/\/vosgesinfo.fr\/gerardmerinfo\/author\/la-redaction\/"}]}},"_links":{"self":[{"href":"https:\/\/vosgesinfo.fr\/gerardmerinfo\/wp-json\/wp\/v2\/posts\/68737","targetHints":{"allow":["GET"]}}],"collection":[{"href":"https:\/\/vosgesinfo.fr\/gerardmerinfo\/wp-json\/wp\/v2\/posts"}],"about":[{"href":"https:\/\/vosgesinfo.fr\/gerardmerinfo\/wp-json\/wp\/v2\/types\/post"}],"author":[{"embeddable":true,"href":"https:\/\/vosgesinfo.fr\/gerardmerinfo\/wp-json\/wp\/v2\/users\/391"}],"replies":[{"embeddable":true,"href":"https:\/\/vosgesinfo.fr\/gerardmerinfo\/wp-json\/wp\/v2\/comments?post=68737"}],"version-history":[{"count":2,"href":"https:\/\/vosgesinfo.fr\/gerardmerinfo\/wp-json\/wp\/v2\/posts\/68737\/revisions"}],"predecessor-version":[{"id":68894,"href":"https:\/\/vosgesinfo.fr\/gerardmerinfo\/wp-json\/wp\/v2\/posts\/68737\/revisions\/68894"}],"wp:featuredmedia":[{"embeddable":true,"href":"https:\/\/vosgesinfo.fr\/gerardmerinfo\/wp-json\/wp\/v2\/media\/68738"}],"wp:attachment":[{"href":"https:\/\/vosgesinfo.fr\/gerardmerinfo\/wp-json\/wp\/v2\/media?parent=68737"}],"wp:term":[{"taxonomy":"category","embeddable":true,"href":"https:\/\/vosgesinfo.fr\/gerardmerinfo\/wp-json\/wp\/v2\/categories?post=68737"},{"taxonomy":"post_tag","embeddable":true,"href":"https:\/\/vosgesinfo.fr\/gerardmerinfo\/wp-json\/wp\/v2\/tags?post=68737"}],"curies":[{"name":"wp","href":"https:\/\/api.w.org\/{rel}","templated":true}]}}