{"id":68933,"date":"2024-09-22T09:59:21","date_gmt":"2024-09-22T07:59:21","guid":{"rendered":"https:\/\/vosgesinfo.fr\/gerardmerinfo\/?p=68933"},"modified":"2024-09-23T12:11:36","modified_gmt":"2024-09-23T10:11:36","slug":"ludotheque-rpe-et-ccghv-tir-groupe-au-service-de-la-population-avec-les-nouveaux-locaux-du-tilleul","status":"publish","type":"post","link":"https:\/\/vosgesinfo.fr\/gerardmerinfo\/2024\/09\/ludotheque-rpe-et-ccghv-tir-groupe-au-service-de-la-population-avec-les-nouveaux-locaux-du-tilleul\/","title":{"rendered":"Ludoth\u00e8que, RPE et CCGHV : tir group\u00e9 au service de la population avec les nouveaux locaux du Tilleul"},"content":{"rendered":"<p><a href=\"https:\/\/vosgesinfo.fr\/app\/uploads\/sites\/6\/2024\/09\/inauguration-rpe-ludotheque-locaux-ccghv-5.jpg\"><img decoding=\"async\" class=\"aligncenter size-full wp-image-68938\" src=\"https:\/\/vosgesinfo.fr\/app\/uploads\/sites\/6\/2024\/09\/inauguration-rpe-ludotheque-locaux-ccghv-5.jpg\" alt=\"\" width=\"2040\" height=\"1536\" srcset=\"https:\/\/vosgesinfo.fr\/app\/uploads\/sites\/6\/2024\/09\/inauguration-rpe-ludotheque-locaux-ccghv-5.jpg 2040w, https:\/\/vosgesinfo.fr\/app\/uploads\/sites\/6\/2024\/09\/inauguration-rpe-ludotheque-locaux-ccghv-5-300x226.jpg 300w, https:\/\/vosgesinfo.fr\/app\/uploads\/sites\/6\/2024\/09\/inauguration-rpe-ludotheque-locaux-ccghv-5-1024x771.jpg 1024w, https:\/\/vosgesinfo.fr\/app\/uploads\/sites\/6\/2024\/09\/inauguration-rpe-ludotheque-locaux-ccghv-5-768x578.jpg 768w, https:\/\/vosgesinfo.fr\/app\/uploads\/sites\/6\/2024\/09\/inauguration-rpe-ludotheque-locaux-ccghv-5-1536x1157.jpg 1536w\" sizes=\"(max-width: 2040px) 100vw, 2040px\" \/><\/a><\/p>\n\n\t\t<style type=\"text\/css\">\n\t\t\t#gallery-1 {\n\t\t\t\tmargin: auto;\n\t\t\t}\n\t\t\t#gallery-1 .gallery-item {\n\t\t\t\tfloat: left;\n\t\t\t\tmargin-top: 10px;\n\t\t\t\ttext-align: center;\n\t\t\t\twidth: 50%;\n\t\t\t}\n\t\t\t#gallery-1 img {\n\t\t\t\tborder: 2px solid #cfcfcf;\n\t\t\t}\n\t\t\t#gallery-1 .gallery-caption {\n\t\t\t\tmargin-left: 0;\n\t\t\t}\n\t\t\t\/* see gallery_shortcode() in wp-includes\/media.php *\/\n\t\t<\/style>\n\t\t<div id='gallery-1' class='gallery galleryid-68933 gallery-columns-2 gallery-size-medium'><dl class='gallery-item'>\n\t\t\t<dt class='gallery-icon landscape'>\n\t\t\t\t<a href='https:\/\/vosgesinfo.fr\/gerardmerinfo\/2024\/09\/ludotheque-rpe-et-ccghv-tir-groupe-au-service-de-la-population-avec-les-nouveaux-locaux-du-tilleul\/inauguration-rpe-ludotheque-locaux-ccghv-6\/'><img decoding=\"async\" width=\"300\" height=\"226\" src=\"https:\/\/vosgesinfo.fr\/app\/uploads\/sites\/6\/2024\/09\/inauguration-rpe-ludotheque-locaux-ccghv-6-300x226.jpg\" class=\"attachment-medium size-medium\" alt=\"\" srcset=\"https:\/\/vosgesinfo.fr\/app\/uploads\/sites\/6\/2024\/09\/inauguration-rpe-ludotheque-locaux-ccghv-6-300x226.jpg 300w, https:\/\/vosgesinfo.fr\/app\/uploads\/sites\/6\/2024\/09\/inauguration-rpe-ludotheque-locaux-ccghv-6-1024x771.jpg 1024w, https:\/\/vosgesinfo.fr\/app\/uploads\/sites\/6\/2024\/09\/inauguration-rpe-ludotheque-locaux-ccghv-6-768x578.jpg 768w, https:\/\/vosgesinfo.fr\/app\/uploads\/sites\/6\/2024\/09\/inauguration-rpe-ludotheque-locaux-ccghv-6-1536x1157.jpg 1536w, https:\/\/vosgesinfo.fr\/app\/uploads\/sites\/6\/2024\/09\/inauguration-rpe-ludotheque-locaux-ccghv-6.jpg 2040w\" sizes=\"(max-width: 300px) 100vw, 300px\" \/><\/a>\n\t\t\t<\/dt><\/dl><dl class='gallery-item'>\n\t\t\t<dt class='gallery-icon landscape'>\n\t\t\t\t<a href='https:\/\/vosgesinfo.fr\/gerardmerinfo\/2024\/09\/ludotheque-rpe-et-ccghv-tir-groupe-au-service-de-la-population-avec-les-nouveaux-locaux-du-tilleul\/inauguration-rpe-ludotheque-locaux-ccghv-4\/'><img decoding=\"async\" width=\"300\" height=\"226\" src=\"https:\/\/vosgesinfo.fr\/app\/uploads\/sites\/6\/2024\/09\/inauguration-rpe-ludotheque-locaux-ccghv-4-300x226.jpg\" class=\"attachment-medium size-medium\" alt=\"\" srcset=\"https:\/\/vosgesinfo.fr\/app\/uploads\/sites\/6\/2024\/09\/inauguration-rpe-ludotheque-locaux-ccghv-4-300x226.jpg 300w, https:\/\/vosgesinfo.fr\/app\/uploads\/sites\/6\/2024\/09\/inauguration-rpe-ludotheque-locaux-ccghv-4-1024x771.jpg 1024w, https:\/\/vosgesinfo.fr\/app\/uploads\/sites\/6\/2024\/09\/inauguration-rpe-ludotheque-locaux-ccghv-4-768x578.jpg 768w, https:\/\/vosgesinfo.fr\/app\/uploads\/sites\/6\/2024\/09\/inauguration-rpe-ludotheque-locaux-ccghv-4-1536x1157.jpg 1536w, https:\/\/vosgesinfo.fr\/app\/uploads\/sites\/6\/2024\/09\/inauguration-rpe-ludotheque-locaux-ccghv-4.jpg 2040w\" sizes=\"(max-width: 300px) 100vw, 300px\" \/><\/a>\n\t\t\t<\/dt><\/dl><br style=\"clear: both\" \/><dl class='gallery-item'>\n\t\t\t<dt class='gallery-icon landscape'>\n\t\t\t\t<a href='https:\/\/vosgesinfo.fr\/gerardmerinfo\/2024\/09\/ludotheque-rpe-et-ccghv-tir-groupe-au-service-de-la-population-avec-les-nouveaux-locaux-du-tilleul\/inauguration-rpe-ludotheque-locaux-ccghv-3\/'><img decoding=\"async\" width=\"300\" height=\"226\" src=\"https:\/\/vosgesinfo.fr\/app\/uploads\/sites\/6\/2024\/09\/inauguration-rpe-ludotheque-locaux-ccghv-3-300x226.jpg\" class=\"attachment-medium size-medium\" alt=\"\" srcset=\"https:\/\/vosgesinfo.fr\/app\/uploads\/sites\/6\/2024\/09\/inauguration-rpe-ludotheque-locaux-ccghv-3-300x226.jpg 300w, https:\/\/vosgesinfo.fr\/app\/uploads\/sites\/6\/2024\/09\/inauguration-rpe-ludotheque-locaux-ccghv-3-1024x771.jpg 1024w, https:\/\/vosgesinfo.fr\/app\/uploads\/sites\/6\/2024\/09\/inauguration-rpe-ludotheque-locaux-ccghv-3-768x578.jpg 768w, https:\/\/vosgesinfo.fr\/app\/uploads\/sites\/6\/2024\/09\/inauguration-rpe-ludotheque-locaux-ccghv-3-1536x1157.jpg 1536w, https:\/\/vosgesinfo.fr\/app\/uploads\/sites\/6\/2024\/09\/inauguration-rpe-ludotheque-locaux-ccghv-3.jpg 2040w\" sizes=\"(max-width: 300px) 100vw, 300px\" \/><\/a>\n\t\t\t<\/dt><\/dl><dl class='gallery-item'>\n\t\t\t<dt class='gallery-icon landscape'>\n\t\t\t\t<a href='https:\/\/vosgesinfo.fr\/gerardmerinfo\/2024\/09\/ludotheque-rpe-et-ccghv-tir-groupe-au-service-de-la-population-avec-les-nouveaux-locaux-du-tilleul\/inauguration-rpe-ludotheque-locaux-ccghv-5\/'><img decoding=\"async\" width=\"300\" height=\"226\" src=\"https:\/\/vosgesinfo.fr\/app\/uploads\/sites\/6\/2024\/09\/inauguration-rpe-ludotheque-locaux-ccghv-5-300x226.jpg\" class=\"attachment-medium size-medium\" alt=\"\" srcset=\"https:\/\/vosgesinfo.fr\/app\/uploads\/sites\/6\/2024\/09\/inauguration-rpe-ludotheque-locaux-ccghv-5-300x226.jpg 300w, https:\/\/vosgesinfo.fr\/app\/uploads\/sites\/6\/2024\/09\/inauguration-rpe-ludotheque-locaux-ccghv-5-1024x771.jpg 1024w, https:\/\/vosgesinfo.fr\/app\/uploads\/sites\/6\/2024\/09\/inauguration-rpe-ludotheque-locaux-ccghv-5-768x578.jpg 768w, https:\/\/vosgesinfo.fr\/app\/uploads\/sites\/6\/2024\/09\/inauguration-rpe-ludotheque-locaux-ccghv-5-1536x1157.jpg 1536w, https:\/\/vosgesinfo.fr\/app\/uploads\/sites\/6\/2024\/09\/inauguration-rpe-ludotheque-locaux-ccghv-5.jpg 2040w\" sizes=\"(max-width: 300px) 100vw, 300px\" \/><\/a>\n\t\t\t<\/dt><\/dl><br style=\"clear: both\" \/>\n\t\t<\/div>\n\n<p>&nbsp;<\/p>\n<p>Les vice-pr\u00e9sidents et le pr\u00e9sident de la CCGHV avaient le plaisir d&rsquo;inaugurer officiellement les nouveaux locaux des services de la communaut\u00e9 de communes, du relais Petite Enfance (RPE) et de la Ludoth\u00e8que intercommunale qui ont \u00e9lu domicile \u00e0 l&rsquo;espace Tilleul apr\u00e8s plusieurs mois de travaux. Un chantier qui\u00a0 qui avait d\u00e9but\u00e9 en septembre 2023, mais le jeu en valait la chandelle avec ces locaux adapt\u00e9s et fonctionnels pour tous, id\u00e9alement situ\u00e9s et \u00e0 proximit\u00e9 d&rsquo;un parking en plein c\u0153ur de ville.<\/p>\n<p><a href=\"https:\/\/vosgesinfo.fr\/app\/uploads\/sites\/6\/2024\/09\/inauguration-rpe-ludotheque-locaux-ccghv-1.jpg\"><img decoding=\"async\" class=\"alignright size-medium wp-image-68934\" src=\"https:\/\/vosgesinfo.fr\/app\/uploads\/sites\/6\/2024\/09\/inauguration-rpe-ludotheque-locaux-ccghv-1-300x232.jpg\" alt=\"\" width=\"300\" height=\"232\" srcset=\"https:\/\/vosgesinfo.fr\/app\/uploads\/sites\/6\/2024\/09\/inauguration-rpe-ludotheque-locaux-ccghv-1-300x232.jpg 300w, https:\/\/vosgesinfo.fr\/app\/uploads\/sites\/6\/2024\/09\/inauguration-rpe-ludotheque-locaux-ccghv-1-1024x791.jpg 1024w, https:\/\/vosgesinfo.fr\/app\/uploads\/sites\/6\/2024\/09\/inauguration-rpe-ludotheque-locaux-ccghv-1-768x593.jpg 768w, https:\/\/vosgesinfo.fr\/app\/uploads\/sites\/6\/2024\/09\/inauguration-rpe-ludotheque-locaux-ccghv-1-1536x1187.jpg 1536w, https:\/\/vosgesinfo.fr\/app\/uploads\/sites\/6\/2024\/09\/inauguration-rpe-ludotheque-locaux-ccghv-1.jpg 1786w\" sizes=\"(max-width: 300px) 100vw, 300px\" \/><\/a>L&rsquo;aboutissement de plusieurs semaines, mois, voire ann\u00e9es de travail selon les cas, afin de conserver et m\u00eame d&rsquo;am\u00e9liorer la qualit\u00e9 de service rendu \u00e0 la population de la communaut\u00e9 de communes, tout en offrant de meilleures conditions de travail aux agents concern\u00e9s. Comme l&rsquo;a rappel\u00e9 Stessy Speissmann, la plupart des services de la CCGHV avaient \u00e9lu domicile au 44 rue Charles de Gaulle depuis janvier 2022, ainsi qu&rsquo;une petite partie au sein de la mairie g\u00e9r\u00f4moise depuis janvier 2023, avec la prise de nouvelles comp\u00e9tences notamment. Le manque de place avait donc pouss\u00e9 \u00e0 la recherche d&rsquo;un nouveau site plus spacieux et la Ville de G\u00e9rardmer a naturellement propos\u00e9 l&rsquo;espace Tilleul. Proche du centre, facile d&rsquo;acc\u00e8s et disposant d&rsquo;un parking \u00e0 proximit\u00e9, le b\u00e2timent \u00e9tait le candidat id\u00e9al. La CCGHV a \u00e9galement profit\u00e9 de l&rsquo;op\u00e9ration pour glisser le RPE qui avait lui aussibien besoin de trouver un nouveau nid.<\/p>\n<p><a href=\"https:\/\/vosgesinfo.fr\/app\/uploads\/sites\/6\/2024\/09\/pxl-20240920-152714386.mp--scaled.jpg\"><img decoding=\"async\" class=\"alignright size-medium wp-image-68943\" src=\"https:\/\/vosgesinfo.fr\/app\/uploads\/sites\/6\/2024\/09\/pxl-20240920-152714386.mp--300x226.jpg\" alt=\"\" width=\"300\" height=\"226\" srcset=\"https:\/\/vosgesinfo.fr\/app\/uploads\/sites\/6\/2024\/09\/pxl-20240920-152714386.mp--300x226.jpg 300w, https:\/\/vosgesinfo.fr\/app\/uploads\/sites\/6\/2024\/09\/pxl-20240920-152714386.mp--1024x771.jpg 1024w, https:\/\/vosgesinfo.fr\/app\/uploads\/sites\/6\/2024\/09\/pxl-20240920-152714386.mp--768x578.jpg 768w, https:\/\/vosgesinfo.fr\/app\/uploads\/sites\/6\/2024\/09\/pxl-20240920-152714386.mp--1536x1157.jpg 1536w, https:\/\/vosgesinfo.fr\/app\/uploads\/sites\/6\/2024\/09\/pxl-20240920-152714386.mp--2048x1542.jpg 2048w\" sizes=\"(max-width: 300px) 100vw, 300px\" \/><\/a>Concernant la ludoth\u00e8que, apr\u00e8s 25 ann\u00e9es pass\u00e9es rue du Calvaire \u00e0 la maison de la famille, il \u00e9tait \u00e9galement temps qu&rsquo;elle d\u00e9m\u00e9nage et qu&rsquo;elle se rapproche de la m\u00e9diath\u00e8que, les deux structures ayant \u00e9t\u00e9 transf\u00e9r\u00e9es \u00e0 la communaut\u00e9 de communes. Les nouveaux locaux de la Ludoth\u00e8que sont plus spacieux, plus lumineux et plus ouverts, mais aussi plus ergonomiques et dot\u00e9s d&rsquo;une meilleure acoustique. Comme le confirmait la responsable Christelle Jardin\u00e9, chaque agent a un espace d\u00e9di\u00e9 \u00e0 son poste, ce qui offre un grand confort de travail : \u00ab\u00a0<em>Apr\u00e8s un mois de d\u00e9m\u00e9nagement, nous avons pu ouvrir le 1er ao\u00fbt et nous avons d\u00e9j\u00e0 d&rsquo;excellents retours des usagers. Nous avons \u00e9galement des mercredis bien charg\u00e9s avec entre 120 et 150 personnes \u00e0 chaque fois<\/em>\u00ab\u00a0. Il est int\u00e9ressant de pr\u00e9ciser que les espaces de la ludoth\u00e8que et de la section jeunesse de la m\u00e9diath\u00e8que communiquent et que les deux structures envisagent de d\u00e9velopper encore plus de projets en commun.<\/p>\n<p>En somme, que du positif pour cette op\u00e9ration qui aura cout\u00e9 650 000 \u20ac, le tout avec une aide de 61 946 \u20ac du Conseil d\u00e9partemental, mais aussi une aide \u00e0 l&rsquo;investissement de 6 097 \u20ac et une aide au fonctionnement de 4 812 \u20ac de la part de la CAF sp\u00e9cifiquement pour le RPE. Et le pr\u00e9sident de conclure en rappelant que les collectivit\u00e9s portaient 70 % des investissements qui sont bien souvent \u00e0 destination de la population, au service des administr\u00e9s.<\/p>\n","protected":false},"excerpt":{"rendered":"<p>&nbsp; Les vice-pr\u00e9sidents et le pr\u00e9sident de la CCGHV avaient le plaisir d&rsquo;inaugurer officiellement les nouveaux locaux des services de [&hellip;]<\/p>\n","protected":false},"author":42,"featured_media":68938,"comment_status":"open","ping_status":"open","sticky":false,"template":"","format":"standard","meta":{"footnotes":""},"categories":[20,4,25,41,13,42],"tags":[],"class_list":["post-68933","post","type-post","status-publish","format-standard","has-post-thumbnail","hentry","category-a-la-une","category-culture","category-gerardmer","category-liezey","category-societe","category-xonrupt-longemer"],"acf":[],"yoast_head":"<!-- This site is optimized with the Yoast SEO plugin v22.5 - https:\/\/yoast.com\/wordpress\/plugins\/seo\/ -->\n<title>Ludoth\u00e8que, RPE et CCGHV : tir group\u00e9 au service de la population avec les nouveaux locaux du Tilleul - Gerardmer Info<\/title>\n<meta name=\"robots\" content=\"index, follow, max-snippet:-1, max-image-preview:large, max-video-preview:-1\" \/>\n<link rel=\"canonical\" href=\"https:\/\/vosgesinfo.fr\/gerardmerinfo\/2024\/09\/ludotheque-rpe-et-ccghv-tir-groupe-au-service-de-la-population-avec-les-nouveaux-locaux-du-tilleul\/\" \/>\n<meta name=\"twitter:card\" content=\"summary_large_image\" \/>\n<meta name=\"twitter:title\" content=\"Ludoth\u00e8que, RPE et CCGHV : tir group\u00e9 au service de la population avec les nouveaux locaux du Tilleul - Gerardmer Info\" \/>\n<meta name=\"twitter:description\" content=\"&nbsp; Les vice-pr\u00e9sidents et le pr\u00e9sident de la CCGHV avaient le plaisir d&rsquo;inaugurer officiellement les nouveaux locaux des services de [&hellip;]\" \/>\n<meta name=\"twitter:image\" content=\"https:\/\/vosgesinfo.fr\/app\/uploads\/sites\/6\/2024\/09\/inauguration-rpe-ludotheque-locaux-ccghv-5.jpg\" \/>\n<meta name=\"twitter:creator\" content=\"@VosgesInfo88\" \/>\n<meta name=\"twitter:site\" content=\"@VosgesInfo88\" \/>\n<meta name=\"twitter:label1\" content=\"\u00c9crit par\" \/>\n\t<meta name=\"twitter:data1\" content=\"QG\" \/>\n\t<meta name=\"twitter:label2\" content=\"Dur\u00e9e de lecture estim\u00e9e\" \/>\n\t<meta name=\"twitter:data2\" content=\"4 minutes\" \/>\n<script type=\"application\/ld+json\" class=\"yoast-schema-graph\">{\"@context\":\"https:\/\/schema.org\",\"@graph\":[{\"@type\":\"Article\",\"@id\":\"https:\/\/vosgesinfo.fr\/gerardmerinfo\/2024\/09\/ludotheque-rpe-et-ccghv-tir-groupe-au-service-de-la-population-avec-les-nouveaux-locaux-du-tilleul\/#article\",\"isPartOf\":{\"@id\":\"https:\/\/vosgesinfo.fr\/gerardmerinfo\/2024\/09\/ludotheque-rpe-et-ccghv-tir-groupe-au-service-de-la-population-avec-les-nouveaux-locaux-du-tilleul\/\"},\"author\":{\"name\":\"QG\",\"@id\":\"https:\/\/vosgesinfo.fr\/gerardmerinfo\/#\/schema\/person\/db5605779a843dad16b5368f3e7613a5\"},\"headline\":\"Ludoth\u00e8que, RPE et CCGHV : tir group\u00e9 au service de la population avec les nouveaux locaux du Tilleul\",\"datePublished\":\"2024-09-22T07:59:21+00:00\",\"dateModified\":\"2024-09-23T10:11:36+00:00\",\"mainEntityOfPage\":{\"@id\":\"https:\/\/vosgesinfo.fr\/gerardmerinfo\/2024\/09\/ludotheque-rpe-et-ccghv-tir-groupe-au-service-de-la-population-avec-les-nouveaux-locaux-du-tilleul\/\"},\"wordCount\":531,\"commentCount\":0,\"publisher\":{\"@id\":\"https:\/\/vosgesinfo.fr\/gerardmerinfo\/#organization\"},\"image\":{\"@id\":\"https:\/\/vosgesinfo.fr\/gerardmerinfo\/2024\/09\/ludotheque-rpe-et-ccghv-tir-groupe-au-service-de-la-population-avec-les-nouveaux-locaux-du-tilleul\/#primaryimage\"},\"thumbnailUrl\":\"https:\/\/vosgesinfo.fr\/app\/uploads\/sites\/6\/2024\/09\/inauguration-rpe-ludotheque-locaux-ccghv-5.jpg\",\"articleSection\":[\"A la une\",\"Culture\",\"G\u00e9rardmer\",\"Liezey\",\"Soci\u00e9t\u00e9\",\"Xonrupt-Longemer\"],\"inLanguage\":\"fr-FR\",\"potentialAction\":[{\"@type\":\"CommentAction\",\"name\":\"Comment\",\"target\":[\"https:\/\/vosgesinfo.fr\/gerardmerinfo\/2024\/09\/ludotheque-rpe-et-ccghv-tir-groupe-au-service-de-la-population-avec-les-nouveaux-locaux-du-tilleul\/#respond\"]}]},{\"@type\":\"WebPage\",\"@id\":\"https:\/\/vosgesinfo.fr\/gerardmerinfo\/2024\/09\/ludotheque-rpe-et-ccghv-tir-groupe-au-service-de-la-population-avec-les-nouveaux-locaux-du-tilleul\/\",\"url\":\"https:\/\/vosgesinfo.fr\/gerardmerinfo\/2024\/09\/ludotheque-rpe-et-ccghv-tir-groupe-au-service-de-la-population-avec-les-nouveaux-locaux-du-tilleul\/\",\"name\":\"Ludoth\u00e8que, RPE et CCGHV : tir group\u00e9 au service de la population avec les nouveaux locaux du Tilleul - Gerardmer Info\",\"isPartOf\":{\"@id\":\"https:\/\/vosgesinfo.fr\/gerardmerinfo\/#website\"},\"primaryImageOfPage\":{\"@id\":\"https:\/\/vosgesinfo.fr\/gerardmerinfo\/2024\/09\/ludotheque-rpe-et-ccghv-tir-groupe-au-service-de-la-population-avec-les-nouveaux-locaux-du-tilleul\/#primaryimage\"},\"image\":{\"@id\":\"https:\/\/vosgesinfo.fr\/gerardmerinfo\/2024\/09\/ludotheque-rpe-et-ccghv-tir-groupe-au-service-de-la-population-avec-les-nouveaux-locaux-du-tilleul\/#primaryimage\"},\"thumbnailUrl\":\"https:\/\/vosgesinfo.fr\/app\/uploads\/sites\/6\/2024\/09\/inauguration-rpe-ludotheque-locaux-ccghv-5.jpg\",\"datePublished\":\"2024-09-22T07:59:21+00:00\",\"dateModified\":\"2024-09-23T10:11:36+00:00\",\"breadcrumb\":{\"@id\":\"https:\/\/vosgesinfo.fr\/gerardmerinfo\/2024\/09\/ludotheque-rpe-et-ccghv-tir-groupe-au-service-de-la-population-avec-les-nouveaux-locaux-du-tilleul\/#breadcrumb\"},\"inLanguage\":\"fr-FR\",\"potentialAction\":[{\"@type\":\"ReadAction\",\"target\":[\"https:\/\/vosgesinfo.fr\/gerardmerinfo\/2024\/09\/ludotheque-rpe-et-ccghv-tir-groupe-au-service-de-la-population-avec-les-nouveaux-locaux-du-tilleul\/\"]}]},{\"@type\":\"ImageObject\",\"inLanguage\":\"fr-FR\",\"@id\":\"https:\/\/vosgesinfo.fr\/gerardmerinfo\/2024\/09\/ludotheque-rpe-et-ccghv-tir-groupe-au-service-de-la-population-avec-les-nouveaux-locaux-du-tilleul\/#primaryimage\",\"url\":\"https:\/\/vosgesinfo.fr\/app\/uploads\/sites\/6\/2024\/09\/inauguration-rpe-ludotheque-locaux-ccghv-5.jpg\",\"contentUrl\":\"https:\/\/vosgesinfo.fr\/app\/uploads\/sites\/6\/2024\/09\/inauguration-rpe-ludotheque-locaux-ccghv-5.jpg\",\"width\":2040,\"height\":1536},{\"@type\":\"BreadcrumbList\",\"@id\":\"https:\/\/vosgesinfo.fr\/gerardmerinfo\/2024\/09\/ludotheque-rpe-et-ccghv-tir-groupe-au-service-de-la-population-avec-les-nouveaux-locaux-du-tilleul\/#breadcrumb\",\"itemListElement\":[{\"@type\":\"ListItem\",\"position\":1,\"name\":\"Home\",\"item\":\"https:\/\/vosgesinfo.fr\/gerardmerinfo\/\"},{\"@type\":\"ListItem\",\"position\":2,\"name\":\"Ludoth\u00e8que, RPE et CCGHV : tir group\u00e9 au service de la population avec les nouveaux locaux du Tilleul\"}]},{\"@type\":\"WebSite\",\"@id\":\"https:\/\/vosgesinfo.fr\/gerardmerinfo\/#website\",\"url\":\"https:\/\/vosgesinfo.fr\/gerardmerinfo\/\",\"name\":\"Gerardmer Info\",\"description\":\"Toute l&#039;actualit\u00e9 de G\u00e9rardmer\",\"publisher\":{\"@id\":\"https:\/\/vosgesinfo.fr\/gerardmerinfo\/#organization\"},\"alternateName\":\"Toute l'actualit\u00e9 de G\u00e9rardmer\",\"potentialAction\":[{\"@type\":\"SearchAction\",\"target\":{\"@type\":\"EntryPoint\",\"urlTemplate\":\"https:\/\/vosgesinfo.fr\/gerardmerinfo\/?s={search_term_string}\"},\"query-input\":\"required name=search_term_string\"}],\"inLanguage\":\"fr-FR\"},{\"@type\":\"Organization\",\"@id\":\"https:\/\/vosgesinfo.fr\/gerardmerinfo\/#organization\",\"name\":\"Gerardmer Info\",\"url\":\"https:\/\/vosgesinfo.fr\/gerardmerinfo\/\",\"logo\":{\"@type\":\"ImageObject\",\"inLanguage\":\"fr-FR\",\"@id\":\"https:\/\/vosgesinfo.fr\/gerardmerinfo\/#\/schema\/logo\/image\/\",\"url\":\"https:\/\/vosgesinfo.fr\/app\/uploads\/sites\/6\/2023\/08\/favicon-gerardmerinfo.png\",\"contentUrl\":\"https:\/\/vosgesinfo.fr\/app\/uploads\/sites\/6\/2023\/08\/favicon-gerardmerinfo.png\",\"width\":512,\"height\":512,\"caption\":\"Gerardmer Info\"},\"image\":{\"@id\":\"https:\/\/vosgesinfo.fr\/gerardmerinfo\/#\/schema\/logo\/image\/\"},\"sameAs\":[\"https:\/\/www.facebook.com\/profile.php?id=100049475262660\",\"https:\/\/x.com\/VosgesInfo88\",\"https:\/\/www.youtube.com\/@vosgesinfo\"]},{\"@type\":\"Person\",\"@id\":\"https:\/\/vosgesinfo.fr\/gerardmerinfo\/#\/schema\/person\/db5605779a843dad16b5368f3e7613a5\",\"name\":\"QG\",\"image\":{\"@type\":\"ImageObject\",\"inLanguage\":\"fr-FR\",\"@id\":\"https:\/\/vosgesinfo.fr\/gerardmerinfo\/#\/schema\/person\/image\/\",\"url\":\"https:\/\/secure.gravatar.com\/avatar\/ea80c42c204b534408512832fde52504ecabb9706bcb6151cf6175e5b64e6793?s=96&d=mm&r=g\",\"contentUrl\":\"https:\/\/secure.gravatar.com\/avatar\/ea80c42c204b534408512832fde52504ecabb9706bcb6151cf6175e5b64e6793?s=96&d=mm&r=g\",\"caption\":\"QG\"},\"url\":\"https:\/\/vosgesinfo.fr\/gerardmerinfo\/author\/quentin88\/\"}]}<\/script>\n<!-- \/ Yoast SEO plugin. -->","yoast_head_json":{"title":"Ludoth\u00e8que, RPE et CCGHV : tir group\u00e9 au service de la population avec les nouveaux locaux du Tilleul - Gerardmer Info","robots":{"index":"index","follow":"follow","max-snippet":"max-snippet:-1","max-image-preview":"max-image-preview:large","max-video-preview":"max-video-preview:-1"},"canonical":"https:\/\/vosgesinfo.fr\/gerardmerinfo\/2024\/09\/ludotheque-rpe-et-ccghv-tir-groupe-au-service-de-la-population-avec-les-nouveaux-locaux-du-tilleul\/","twitter_card":"summary_large_image","twitter_title":"Ludoth\u00e8que, RPE et CCGHV : tir group\u00e9 au service de la population avec les nouveaux locaux du Tilleul - Gerardmer Info","twitter_description":"&nbsp; Les vice-pr\u00e9sidents et le pr\u00e9sident de la CCGHV avaient le plaisir d&rsquo;inaugurer officiellement les nouveaux locaux des services de [&hellip;]","twitter_image":"https:\/\/vosgesinfo.fr\/app\/uploads\/sites\/6\/2024\/09\/inauguration-rpe-ludotheque-locaux-ccghv-5.jpg","twitter_creator":"@VosgesInfo88","twitter_site":"@VosgesInfo88","twitter_misc":{"\u00c9crit par":"QG","Dur\u00e9e de lecture estim\u00e9e":"4 minutes"},"schema":{"@context":"https:\/\/schema.org","@graph":[{"@type":"Article","@id":"https:\/\/vosgesinfo.fr\/gerardmerinfo\/2024\/09\/ludotheque-rpe-et-ccghv-tir-groupe-au-service-de-la-population-avec-les-nouveaux-locaux-du-tilleul\/#article","isPartOf":{"@id":"https:\/\/vosgesinfo.fr\/gerardmerinfo\/2024\/09\/ludotheque-rpe-et-ccghv-tir-groupe-au-service-de-la-population-avec-les-nouveaux-locaux-du-tilleul\/"},"author":{"name":"QG","@id":"https:\/\/vosgesinfo.fr\/gerardmerinfo\/#\/schema\/person\/db5605779a843dad16b5368f3e7613a5"},"headline":"Ludoth\u00e8que, RPE et CCGHV : tir group\u00e9 au service de la population avec les nouveaux locaux du Tilleul","datePublished":"2024-09-22T07:59:21+00:00","dateModified":"2024-09-23T10:11:36+00:00","mainEntityOfPage":{"@id":"https:\/\/vosgesinfo.fr\/gerardmerinfo\/2024\/09\/ludotheque-rpe-et-ccghv-tir-groupe-au-service-de-la-population-avec-les-nouveaux-locaux-du-tilleul\/"},"wordCount":531,"commentCount":0,"publisher":{"@id":"https:\/\/vosgesinfo.fr\/gerardmerinfo\/#organization"},"image":{"@id":"https:\/\/vosgesinfo.fr\/gerardmerinfo\/2024\/09\/ludotheque-rpe-et-ccghv-tir-groupe-au-service-de-la-population-avec-les-nouveaux-locaux-du-tilleul\/#primaryimage"},"thumbnailUrl":"https:\/\/vosgesinfo.fr\/app\/uploads\/sites\/6\/2024\/09\/inauguration-rpe-ludotheque-locaux-ccghv-5.jpg","articleSection":["A la une","Culture","G\u00e9rardmer","Liezey","Soci\u00e9t\u00e9","Xonrupt-Longemer"],"inLanguage":"fr-FR","potentialAction":[{"@type":"CommentAction","name":"Comment","target":["https:\/\/vosgesinfo.fr\/gerardmerinfo\/2024\/09\/ludotheque-rpe-et-ccghv-tir-groupe-au-service-de-la-population-avec-les-nouveaux-locaux-du-tilleul\/#respond"]}]},{"@type":"WebPage","@id":"https:\/\/vosgesinfo.fr\/gerardmerinfo\/2024\/09\/ludotheque-rpe-et-ccghv-tir-groupe-au-service-de-la-population-avec-les-nouveaux-locaux-du-tilleul\/","url":"https:\/\/vosgesinfo.fr\/gerardmerinfo\/2024\/09\/ludotheque-rpe-et-ccghv-tir-groupe-au-service-de-la-population-avec-les-nouveaux-locaux-du-tilleul\/","name":"Ludoth\u00e8que, RPE et CCGHV : tir group\u00e9 au service de la population avec les nouveaux locaux du Tilleul - Gerardmer Info","isPartOf":{"@id":"https:\/\/vosgesinfo.fr\/gerardmerinfo\/#website"},"primaryImageOfPage":{"@id":"https:\/\/vosgesinfo.fr\/gerardmerinfo\/2024\/09\/ludotheque-rpe-et-ccghv-tir-groupe-au-service-de-la-population-avec-les-nouveaux-locaux-du-tilleul\/#primaryimage"},"image":{"@id":"https:\/\/vosgesinfo.fr\/gerardmerinfo\/2024\/09\/ludotheque-rpe-et-ccghv-tir-groupe-au-service-de-la-population-avec-les-nouveaux-locaux-du-tilleul\/#primaryimage"},"thumbnailUrl":"https:\/\/vosgesinfo.fr\/app\/uploads\/sites\/6\/2024\/09\/inauguration-rpe-ludotheque-locaux-ccghv-5.jpg","datePublished":"2024-09-22T07:59:21+00:00","dateModified":"2024-09-23T10:11:36+00:00","breadcrumb":{"@id":"https:\/\/vosgesinfo.fr\/gerardmerinfo\/2024\/09\/ludotheque-rpe-et-ccghv-tir-groupe-au-service-de-la-population-avec-les-nouveaux-locaux-du-tilleul\/#breadcrumb"},"inLanguage":"fr-FR","potentialAction":[{"@type":"ReadAction","target":["https:\/\/vosgesinfo.fr\/gerardmerinfo\/2024\/09\/ludotheque-rpe-et-ccghv-tir-groupe-au-service-de-la-population-avec-les-nouveaux-locaux-du-tilleul\/"]}]},{"@type":"ImageObject","inLanguage":"fr-FR","@id":"https:\/\/vosgesinfo.fr\/gerardmerinfo\/2024\/09\/ludotheque-rpe-et-ccghv-tir-groupe-au-service-de-la-population-avec-les-nouveaux-locaux-du-tilleul\/#primaryimage","url":"https:\/\/vosgesinfo.fr\/app\/uploads\/sites\/6\/2024\/09\/inauguration-rpe-ludotheque-locaux-ccghv-5.jpg","contentUrl":"https:\/\/vosgesinfo.fr\/app\/uploads\/sites\/6\/2024\/09\/inauguration-rpe-ludotheque-locaux-ccghv-5.jpg","width":2040,"height":1536},{"@type":"BreadcrumbList","@id":"https:\/\/vosgesinfo.fr\/gerardmerinfo\/2024\/09\/ludotheque-rpe-et-ccghv-tir-groupe-au-service-de-la-population-avec-les-nouveaux-locaux-du-tilleul\/#breadcrumb","itemListElement":[{"@type":"ListItem","position":1,"name":"Home","item":"https:\/\/vosgesinfo.fr\/gerardmerinfo\/"},{"@type":"ListItem","position":2,"name":"Ludoth\u00e8que, RPE et CCGHV : tir group\u00e9 au service de la population avec les nouveaux locaux du Tilleul"}]},{"@type":"WebSite","@id":"https:\/\/vosgesinfo.fr\/gerardmerinfo\/#website","url":"https:\/\/vosgesinfo.fr\/gerardmerinfo\/","name":"Gerardmer Info","description":"Toute l&#039;actualit\u00e9 de G\u00e9rardmer","publisher":{"@id":"https:\/\/vosgesinfo.fr\/gerardmerinfo\/#organization"},"alternateName":"Toute l'actualit\u00e9 de G\u00e9rardmer","potentialAction":[{"@type":"SearchAction","target":{"@type":"EntryPoint","urlTemplate":"https:\/\/vosgesinfo.fr\/gerardmerinfo\/?s={search_term_string}"},"query-input":"required name=search_term_string"}],"inLanguage":"fr-FR"},{"@type":"Organization","@id":"https:\/\/vosgesinfo.fr\/gerardmerinfo\/#organization","name":"Gerardmer Info","url":"https:\/\/vosgesinfo.fr\/gerardmerinfo\/","logo":{"@type":"ImageObject","inLanguage":"fr-FR","@id":"https:\/\/vosgesinfo.fr\/gerardmerinfo\/#\/schema\/logo\/image\/","url":"https:\/\/vosgesinfo.fr\/app\/uploads\/sites\/6\/2023\/08\/favicon-gerardmerinfo.png","contentUrl":"https:\/\/vosgesinfo.fr\/app\/uploads\/sites\/6\/2023\/08\/favicon-gerardmerinfo.png","width":512,"height":512,"caption":"Gerardmer Info"},"image":{"@id":"https:\/\/vosgesinfo.fr\/gerardmerinfo\/#\/schema\/logo\/image\/"},"sameAs":["https:\/\/www.facebook.com\/profile.php?id=100049475262660","https:\/\/x.com\/VosgesInfo88","https:\/\/www.youtube.com\/@vosgesinfo"]},{"@type":"Person","@id":"https:\/\/vosgesinfo.fr\/gerardmerinfo\/#\/schema\/person\/db5605779a843dad16b5368f3e7613a5","name":"QG","image":{"@type":"ImageObject","inLanguage":"fr-FR","@id":"https:\/\/vosgesinfo.fr\/gerardmerinfo\/#\/schema\/person\/image\/","url":"https:\/\/secure.gravatar.com\/avatar\/ea80c42c204b534408512832fde52504ecabb9706bcb6151cf6175e5b64e6793?s=96&d=mm&r=g","contentUrl":"https:\/\/secure.gravatar.com\/avatar\/ea80c42c204b534408512832fde52504ecabb9706bcb6151cf6175e5b64e6793?s=96&d=mm&r=g","caption":"QG"},"url":"https:\/\/vosgesinfo.fr\/gerardmerinfo\/author\/quentin88\/"}]}},"_links":{"self":[{"href":"https:\/\/vosgesinfo.fr\/gerardmerinfo\/wp-json\/wp\/v2\/posts\/68933","targetHints":{"allow":["GET"]}}],"collection":[{"href":"https:\/\/vosgesinfo.fr\/gerardmerinfo\/wp-json\/wp\/v2\/posts"}],"about":[{"href":"https:\/\/vosgesinfo.fr\/gerardmerinfo\/wp-json\/wp\/v2\/types\/post"}],"author":[{"embeddable":true,"href":"https:\/\/vosgesinfo.fr\/gerardmerinfo\/wp-json\/wp\/v2\/users\/42"}],"replies":[{"embeddable":true,"href":"https:\/\/vosgesinfo.fr\/gerardmerinfo\/wp-json\/wp\/v2\/comments?post=68933"}],"version-history":[{"count":7,"href":"https:\/\/vosgesinfo.fr\/gerardmerinfo\/wp-json\/wp\/v2\/posts\/68933\/revisions"}],"predecessor-version":[{"id":68991,"href":"https:\/\/vosgesinfo.fr\/gerardmerinfo\/wp-json\/wp\/v2\/posts\/68933\/revisions\/68991"}],"wp:featuredmedia":[{"embeddable":true,"href":"https:\/\/vosgesinfo.fr\/gerardmerinfo\/wp-json\/wp\/v2\/media\/68938"}],"wp:attachment":[{"href":"https:\/\/vosgesinfo.fr\/gerardmerinfo\/wp-json\/wp\/v2\/media?parent=68933"}],"wp:term":[{"taxonomy":"category","embeddable":true,"href":"https:\/\/vosgesinfo.fr\/gerardmerinfo\/wp-json\/wp\/v2\/categories?post=68933"},{"taxonomy":"post_tag","embeddable":true,"href":"https:\/\/vosgesinfo.fr\/gerardmerinfo\/wp-json\/wp\/v2\/tags?post=68933"}],"curies":[{"name":"wp","href":"https:\/\/api.w.org\/{rel}","templated":true}]}}