{"id":69040,"date":"2024-09-25T16:36:51","date_gmt":"2024-09-25T14:36:51","guid":{"rendered":"https:\/\/vosgesinfo.fr\/gerardmerinfo\/2024\/09\/ceremonies-commemoratives-du-20-et-21-septembre-1944-a-la-bresse\/"},"modified":"2024-09-25T16:36:51","modified_gmt":"2024-09-25T14:36:51","slug":"ceremonies-commemoratives-du-20-et-21-septembre-1944-a-la-bresse","status":"publish","type":"post","link":"https:\/\/vosgesinfo.fr\/gerardmerinfo\/2024\/09\/ceremonies-commemoratives-du-20-et-21-septembre-1944-a-la-bresse\/","title":{"rendered":"C\u00e9r\u00e9monies comm\u00e9moratives du 20 et 21 septembre 1944 \u00e0 La Bresse"},"content":{"rendered":"<div class=\"page\" title=\"Page 1\">\n<div class=\"layoutArea\">\n<div class=\"column\">\n<p style=\"text-align: center;\"><strong>CE\u0301RE\u0301MONIES COMME\u0301MORATIVES DES E\u0301VE\u0301NEMENTS DU 20 ET 21 SEPTEMBRE 1944<\/strong><\/p>\n<p>&nbsp;<\/p>\n<div id=\"attachment_32865\" style=\"width: 810px\" class=\"wp-caption aligncenter\"><a href=\"https:\/\/vosgesinfo.fr\/app\/uploads\/sites\/5\/2024\/09\/20201076eme-anniversaire-de-la-liberation-de-saulxures-3-1-1080x720-1.jpg\"><img decoding=\"async\" aria-describedby=\"caption-attachment-32865\" class=\"size-full wp-image-32865\" src=\"https:\/\/vosgesinfo.fr\/app\/uploads\/sites\/5\/2024\/09\/20201076eme-anniversaire-de-la-liberation-de-saulxures-3-1-1080x720-1.jpg\" alt=\"\" width=\"800\" height=\"533\" \/><\/a><p id=\"caption-attachment-32865\" class=\"wp-caption-text\">Photographie d&rsquo;archives.<\/p><\/div>\n<p>&nbsp;<\/p>\n<p>Le dimanche 29 septembre 2024 aura lieu la ce\u0301re\u0301monie comme\u0301morative des e\u0301ve\u0301nements du 20 et 21 septembre 1944<\/p>\n<p>Elle se de\u0301roulera selon le programme ci-apre\u0300s :<\/p>\n<p>\u2022 9h30 : Monument des fusille\u0301s de Vologne (rendez-vous Garage DEYBACH) \u2022 10h : Croix MAUFFREY<br \/>\n\u2022 10h30 : Monument du Pre\u0301 de l\u2019Orme<br \/>\n\u2022 11h : Monument des Combes<\/p>\n<p>Cette ce\u0301re\u0301monie se terminera par un vin d\u2019honneur, offert par la Commune de La Bresse, en Mairie, au Salon d\u2019honneur.<\/p>\n<p>&nbsp;<\/p>\n<\/div>\n<\/div>\n<\/div>\n","protected":false},"excerpt":{"rendered":"<p>CE\u0301RE\u0301MONIES COMME\u0301MORATIVES DES E\u0301VE\u0301NEMENTS DU 20 ET 21 SEPTEMBRE 1944 &nbsp; &nbsp; Le dimanche 29 septembre 2024 aura lieu la [&hellip;]<\/p>\n","protected":false},"author":391,"featured_media":69041,"comment_status":"open","ping_status":"open","sticky":false,"template":"","format":"standard","meta":{"footnotes":""},"categories":[20,5668,25,5723,5724,5676],"tags":[5722,805],"class_list":["post-69040","post","type-post","status-publish","format-standard","has-post-thumbnail","hentry","category-a-la-une","category-agenda","category-gerardmer","category-histoire","category-hommage","category-la-bresse","tag-80eme-anniversaire-de-la-liberation","tag-la-bresse"],"acf":[],"yoast_head":"<!-- This site is optimized with the Yoast SEO plugin v22.5 - https:\/\/yoast.com\/wordpress\/plugins\/seo\/ -->\n<title>C\u00e9r\u00e9monies comm\u00e9moratives du 20 et 21 septembre 1944 \u00e0 La Bresse - Gerardmer Info<\/title>\n<meta name=\"robots\" content=\"index, follow, max-snippet:-1, max-image-preview:large, max-video-preview:-1\" \/>\n<link rel=\"canonical\" href=\"https:\/\/vosgesinfo.fr\/gerardmerinfo\/2024\/09\/ceremonies-commemoratives-du-20-et-21-septembre-1944-a-la-bresse\/\" \/>\n<meta name=\"twitter:card\" content=\"summary_large_image\" \/>\n<meta name=\"twitter:title\" content=\"C\u00e9r\u00e9monies comm\u00e9moratives du 20 et 21 septembre 1944 \u00e0 La Bresse - Gerardmer Info\" \/>\n<meta name=\"twitter:description\" content=\"CE\u0301RE\u0301MONIES COMME\u0301MORATIVES DES E\u0301VE\u0301NEMENTS DU 20 ET 21 SEPTEMBRE 1944 &nbsp; &nbsp; Le dimanche 29 septembre 2024 aura lieu la [&hellip;]\" \/>\n<meta name=\"twitter:image\" content=\"https:\/\/vosgesinfo.fr\/app\/uploads\/sites\/6\/2024\/09\/20201076eme-anniversaire-de-la-liberation-de-saulxures-3-1-1080x720-1.jpg\" \/>\n<meta name=\"twitter:creator\" content=\"@VosgesInfo88\" \/>\n<meta name=\"twitter:site\" content=\"@VosgesInfo88\" \/>\n<meta name=\"twitter:label1\" content=\"\u00c9crit par\" \/>\n\t<meta name=\"twitter:data1\" content=\"La redaction\" \/>\n<script type=\"application\/ld+json\" class=\"yoast-schema-graph\">{\"@context\":\"https:\/\/schema.org\",\"@graph\":[{\"@type\":\"Article\",\"@id\":\"https:\/\/vosgesinfo.fr\/gerardmerinfo\/2024\/09\/ceremonies-commemoratives-du-20-et-21-septembre-1944-a-la-bresse\/#article\",\"isPartOf\":{\"@id\":\"https:\/\/vosgesinfo.fr\/gerardmerinfo\/2024\/09\/ceremonies-commemoratives-du-20-et-21-septembre-1944-a-la-bresse\/\"},\"author\":{\"name\":\"La redaction\",\"@id\":\"https:\/\/vosgesinfo.fr\/gerardmerinfo\/#\/schema\/person\/27a3695b06db98895b354c0765cdfc31\"},\"headline\":\"C\u00e9r\u00e9monies comm\u00e9moratives du 20 et 21 septembre 1944 \u00e0 La Bresse\",\"datePublished\":\"2024-09-25T14:36:51+00:00\",\"dateModified\":\"2024-09-25T14:36:51+00:00\",\"mainEntityOfPage\":{\"@id\":\"https:\/\/vosgesinfo.fr\/gerardmerinfo\/2024\/09\/ceremonies-commemoratives-du-20-et-21-septembre-1944-a-la-bresse\/\"},\"wordCount\":110,\"commentCount\":0,\"publisher\":{\"@id\":\"https:\/\/vosgesinfo.fr\/gerardmerinfo\/#organization\"},\"image\":{\"@id\":\"https:\/\/vosgesinfo.fr\/gerardmerinfo\/2024\/09\/ceremonies-commemoratives-du-20-et-21-septembre-1944-a-la-bresse\/#primaryimage\"},\"thumbnailUrl\":\"https:\/\/vosgesinfo.fr\/app\/uploads\/sites\/6\/2024\/09\/20201076eme-anniversaire-de-la-liberation-de-saulxures-3-1-1080x720-1.jpg\",\"keywords\":[\"80\u00e8me anniversaire de la Lib\u00e9ration\",\"la bresse\"],\"articleSection\":[\"A la une\",\"Agenda\",\"G\u00e9rardmer\",\"Histoire\",\"Hommage\",\"La Bresse\"],\"inLanguage\":\"fr-FR\",\"potentialAction\":[{\"@type\":\"CommentAction\",\"name\":\"Comment\",\"target\":[\"https:\/\/vosgesinfo.fr\/gerardmerinfo\/2024\/09\/ceremonies-commemoratives-du-20-et-21-septembre-1944-a-la-bresse\/#respond\"]}]},{\"@type\":\"WebPage\",\"@id\":\"https:\/\/vosgesinfo.fr\/gerardmerinfo\/2024\/09\/ceremonies-commemoratives-du-20-et-21-septembre-1944-a-la-bresse\/\",\"url\":\"https:\/\/vosgesinfo.fr\/gerardmerinfo\/2024\/09\/ceremonies-commemoratives-du-20-et-21-septembre-1944-a-la-bresse\/\",\"name\":\"C\u00e9r\u00e9monies comm\u00e9moratives du 20 et 21 septembre 1944 \u00e0 La Bresse - Gerardmer Info\",\"isPartOf\":{\"@id\":\"https:\/\/vosgesinfo.fr\/gerardmerinfo\/#website\"},\"primaryImageOfPage\":{\"@id\":\"https:\/\/vosgesinfo.fr\/gerardmerinfo\/2024\/09\/ceremonies-commemoratives-du-20-et-21-septembre-1944-a-la-bresse\/#primaryimage\"},\"image\":{\"@id\":\"https:\/\/vosgesinfo.fr\/gerardmerinfo\/2024\/09\/ceremonies-commemoratives-du-20-et-21-septembre-1944-a-la-bresse\/#primaryimage\"},\"thumbnailUrl\":\"https:\/\/vosgesinfo.fr\/app\/uploads\/sites\/6\/2024\/09\/20201076eme-anniversaire-de-la-liberation-de-saulxures-3-1-1080x720-1.jpg\",\"datePublished\":\"2024-09-25T14:36:51+00:00\",\"dateModified\":\"2024-09-25T14:36:51+00:00\",\"breadcrumb\":{\"@id\":\"https:\/\/vosgesinfo.fr\/gerardmerinfo\/2024\/09\/ceremonies-commemoratives-du-20-et-21-septembre-1944-a-la-bresse\/#breadcrumb\"},\"inLanguage\":\"fr-FR\",\"potentialAction\":[{\"@type\":\"ReadAction\",\"target\":[\"https:\/\/vosgesinfo.fr\/gerardmerinfo\/2024\/09\/ceremonies-commemoratives-du-20-et-21-septembre-1944-a-la-bresse\/\"]}]},{\"@type\":\"ImageObject\",\"inLanguage\":\"fr-FR\",\"@id\":\"https:\/\/vosgesinfo.fr\/gerardmerinfo\/2024\/09\/ceremonies-commemoratives-du-20-et-21-septembre-1944-a-la-bresse\/#primaryimage\",\"url\":\"https:\/\/vosgesinfo.fr\/app\/uploads\/sites\/6\/2024\/09\/20201076eme-anniversaire-de-la-liberation-de-saulxures-3-1-1080x720-1.jpg\",\"contentUrl\":\"https:\/\/vosgesinfo.fr\/app\/uploads\/sites\/6\/2024\/09\/20201076eme-anniversaire-de-la-liberation-de-saulxures-3-1-1080x720-1.jpg\",\"width\":800,\"height\":533},{\"@type\":\"BreadcrumbList\",\"@id\":\"https:\/\/vosgesinfo.fr\/gerardmerinfo\/2024\/09\/ceremonies-commemoratives-du-20-et-21-septembre-1944-a-la-bresse\/#breadcrumb\",\"itemListElement\":[{\"@type\":\"ListItem\",\"position\":1,\"name\":\"Home\",\"item\":\"https:\/\/vosgesinfo.fr\/gerardmerinfo\/\"},{\"@type\":\"ListItem\",\"position\":2,\"name\":\"C\u00e9r\u00e9monies comm\u00e9moratives du 20 et 21 septembre 1944 \u00e0 La Bresse\"}]},{\"@type\":\"WebSite\",\"@id\":\"https:\/\/vosgesinfo.fr\/gerardmerinfo\/#website\",\"url\":\"https:\/\/vosgesinfo.fr\/gerardmerinfo\/\",\"name\":\"Gerardmer Info\",\"description\":\"Toute l&#039;actualit\u00e9 de G\u00e9rardmer\",\"publisher\":{\"@id\":\"https:\/\/vosgesinfo.fr\/gerardmerinfo\/#organization\"},\"alternateName\":\"Toute l'actualit\u00e9 de G\u00e9rardmer\",\"potentialAction\":[{\"@type\":\"SearchAction\",\"target\":{\"@type\":\"EntryPoint\",\"urlTemplate\":\"https:\/\/vosgesinfo.fr\/gerardmerinfo\/?s={search_term_string}\"},\"query-input\":\"required name=search_term_string\"}],\"inLanguage\":\"fr-FR\"},{\"@type\":\"Organization\",\"@id\":\"https:\/\/vosgesinfo.fr\/gerardmerinfo\/#organization\",\"name\":\"Gerardmer Info\",\"url\":\"https:\/\/vosgesinfo.fr\/gerardmerinfo\/\",\"logo\":{\"@type\":\"ImageObject\",\"inLanguage\":\"fr-FR\",\"@id\":\"https:\/\/vosgesinfo.fr\/gerardmerinfo\/#\/schema\/logo\/image\/\",\"url\":\"https:\/\/vosgesinfo.fr\/app\/uploads\/sites\/6\/2023\/08\/favicon-gerardmerinfo.png\",\"contentUrl\":\"https:\/\/vosgesinfo.fr\/app\/uploads\/sites\/6\/2023\/08\/favicon-gerardmerinfo.png\",\"width\":512,\"height\":512,\"caption\":\"Gerardmer Info\"},\"image\":{\"@id\":\"https:\/\/vosgesinfo.fr\/gerardmerinfo\/#\/schema\/logo\/image\/\"},\"sameAs\":[\"https:\/\/www.facebook.com\/profile.php?id=100049475262660\",\"https:\/\/x.com\/VosgesInfo88\",\"https:\/\/www.youtube.com\/@vosgesinfo\"]},{\"@type\":\"Person\",\"@id\":\"https:\/\/vosgesinfo.fr\/gerardmerinfo\/#\/schema\/person\/27a3695b06db98895b354c0765cdfc31\",\"name\":\"La redaction\",\"image\":{\"@type\":\"ImageObject\",\"inLanguage\":\"fr-FR\",\"@id\":\"https:\/\/vosgesinfo.fr\/gerardmerinfo\/#\/schema\/person\/image\/\",\"url\":\"https:\/\/secure.gravatar.com\/avatar\/64c76a78e501cedee55736f43f332df901e1896ae9cd8fad269ae2236dd0e8b6?s=96&d=mm&r=g\",\"contentUrl\":\"https:\/\/secure.gravatar.com\/avatar\/64c76a78e501cedee55736f43f332df901e1896ae9cd8fad269ae2236dd0e8b6?s=96&d=mm&r=g\",\"caption\":\"La redaction\"},\"url\":\"https:\/\/vosgesinfo.fr\/gerardmerinfo\/author\/la-redaction\/\"}]}<\/script>\n<!-- \/ Yoast SEO plugin. -->","yoast_head_json":{"title":"C\u00e9r\u00e9monies comm\u00e9moratives du 20 et 21 septembre 1944 \u00e0 La Bresse - Gerardmer Info","robots":{"index":"index","follow":"follow","max-snippet":"max-snippet:-1","max-image-preview":"max-image-preview:large","max-video-preview":"max-video-preview:-1"},"canonical":"https:\/\/vosgesinfo.fr\/gerardmerinfo\/2024\/09\/ceremonies-commemoratives-du-20-et-21-septembre-1944-a-la-bresse\/","twitter_card":"summary_large_image","twitter_title":"C\u00e9r\u00e9monies comm\u00e9moratives du 20 et 21 septembre 1944 \u00e0 La Bresse - Gerardmer Info","twitter_description":"CE\u0301RE\u0301MONIES COMME\u0301MORATIVES DES E\u0301VE\u0301NEMENTS DU 20 ET 21 SEPTEMBRE 1944 &nbsp; &nbsp; Le dimanche 29 septembre 2024 aura lieu la [&hellip;]","twitter_image":"https:\/\/vosgesinfo.fr\/app\/uploads\/sites\/6\/2024\/09\/20201076eme-anniversaire-de-la-liberation-de-saulxures-3-1-1080x720-1.jpg","twitter_creator":"@VosgesInfo88","twitter_site":"@VosgesInfo88","twitter_misc":{"\u00c9crit par":"La redaction"},"schema":{"@context":"https:\/\/schema.org","@graph":[{"@type":"Article","@id":"https:\/\/vosgesinfo.fr\/gerardmerinfo\/2024\/09\/ceremonies-commemoratives-du-20-et-21-septembre-1944-a-la-bresse\/#article","isPartOf":{"@id":"https:\/\/vosgesinfo.fr\/gerardmerinfo\/2024\/09\/ceremonies-commemoratives-du-20-et-21-septembre-1944-a-la-bresse\/"},"author":{"name":"La redaction","@id":"https:\/\/vosgesinfo.fr\/gerardmerinfo\/#\/schema\/person\/27a3695b06db98895b354c0765cdfc31"},"headline":"C\u00e9r\u00e9monies comm\u00e9moratives du 20 et 21 septembre 1944 \u00e0 La Bresse","datePublished":"2024-09-25T14:36:51+00:00","dateModified":"2024-09-25T14:36:51+00:00","mainEntityOfPage":{"@id":"https:\/\/vosgesinfo.fr\/gerardmerinfo\/2024\/09\/ceremonies-commemoratives-du-20-et-21-septembre-1944-a-la-bresse\/"},"wordCount":110,"commentCount":0,"publisher":{"@id":"https:\/\/vosgesinfo.fr\/gerardmerinfo\/#organization"},"image":{"@id":"https:\/\/vosgesinfo.fr\/gerardmerinfo\/2024\/09\/ceremonies-commemoratives-du-20-et-21-septembre-1944-a-la-bresse\/#primaryimage"},"thumbnailUrl":"https:\/\/vosgesinfo.fr\/app\/uploads\/sites\/6\/2024\/09\/20201076eme-anniversaire-de-la-liberation-de-saulxures-3-1-1080x720-1.jpg","keywords":["80\u00e8me anniversaire de la Lib\u00e9ration","la bresse"],"articleSection":["A la une","Agenda","G\u00e9rardmer","Histoire","Hommage","La Bresse"],"inLanguage":"fr-FR","potentialAction":[{"@type":"CommentAction","name":"Comment","target":["https:\/\/vosgesinfo.fr\/gerardmerinfo\/2024\/09\/ceremonies-commemoratives-du-20-et-21-septembre-1944-a-la-bresse\/#respond"]}]},{"@type":"WebPage","@id":"https:\/\/vosgesinfo.fr\/gerardmerinfo\/2024\/09\/ceremonies-commemoratives-du-20-et-21-septembre-1944-a-la-bresse\/","url":"https:\/\/vosgesinfo.fr\/gerardmerinfo\/2024\/09\/ceremonies-commemoratives-du-20-et-21-septembre-1944-a-la-bresse\/","name":"C\u00e9r\u00e9monies comm\u00e9moratives du 20 et 21 septembre 1944 \u00e0 La Bresse - Gerardmer Info","isPartOf":{"@id":"https:\/\/vosgesinfo.fr\/gerardmerinfo\/#website"},"primaryImageOfPage":{"@id":"https:\/\/vosgesinfo.fr\/gerardmerinfo\/2024\/09\/ceremonies-commemoratives-du-20-et-21-septembre-1944-a-la-bresse\/#primaryimage"},"image":{"@id":"https:\/\/vosgesinfo.fr\/gerardmerinfo\/2024\/09\/ceremonies-commemoratives-du-20-et-21-septembre-1944-a-la-bresse\/#primaryimage"},"thumbnailUrl":"https:\/\/vosgesinfo.fr\/app\/uploads\/sites\/6\/2024\/09\/20201076eme-anniversaire-de-la-liberation-de-saulxures-3-1-1080x720-1.jpg","datePublished":"2024-09-25T14:36:51+00:00","dateModified":"2024-09-25T14:36:51+00:00","breadcrumb":{"@id":"https:\/\/vosgesinfo.fr\/gerardmerinfo\/2024\/09\/ceremonies-commemoratives-du-20-et-21-septembre-1944-a-la-bresse\/#breadcrumb"},"inLanguage":"fr-FR","potentialAction":[{"@type":"ReadAction","target":["https:\/\/vosgesinfo.fr\/gerardmerinfo\/2024\/09\/ceremonies-commemoratives-du-20-et-21-septembre-1944-a-la-bresse\/"]}]},{"@type":"ImageObject","inLanguage":"fr-FR","@id":"https:\/\/vosgesinfo.fr\/gerardmerinfo\/2024\/09\/ceremonies-commemoratives-du-20-et-21-septembre-1944-a-la-bresse\/#primaryimage","url":"https:\/\/vosgesinfo.fr\/app\/uploads\/sites\/6\/2024\/09\/20201076eme-anniversaire-de-la-liberation-de-saulxures-3-1-1080x720-1.jpg","contentUrl":"https:\/\/vosgesinfo.fr\/app\/uploads\/sites\/6\/2024\/09\/20201076eme-anniversaire-de-la-liberation-de-saulxures-3-1-1080x720-1.jpg","width":800,"height":533},{"@type":"BreadcrumbList","@id":"https:\/\/vosgesinfo.fr\/gerardmerinfo\/2024\/09\/ceremonies-commemoratives-du-20-et-21-septembre-1944-a-la-bresse\/#breadcrumb","itemListElement":[{"@type":"ListItem","position":1,"name":"Home","item":"https:\/\/vosgesinfo.fr\/gerardmerinfo\/"},{"@type":"ListItem","position":2,"name":"C\u00e9r\u00e9monies comm\u00e9moratives du 20 et 21 septembre 1944 \u00e0 La Bresse"}]},{"@type":"WebSite","@id":"https:\/\/vosgesinfo.fr\/gerardmerinfo\/#website","url":"https:\/\/vosgesinfo.fr\/gerardmerinfo\/","name":"Gerardmer Info","description":"Toute l&#039;actualit\u00e9 de G\u00e9rardmer","publisher":{"@id":"https:\/\/vosgesinfo.fr\/gerardmerinfo\/#organization"},"alternateName":"Toute l'actualit\u00e9 de G\u00e9rardmer","potentialAction":[{"@type":"SearchAction","target":{"@type":"EntryPoint","urlTemplate":"https:\/\/vosgesinfo.fr\/gerardmerinfo\/?s={search_term_string}"},"query-input":"required name=search_term_string"}],"inLanguage":"fr-FR"},{"@type":"Organization","@id":"https:\/\/vosgesinfo.fr\/gerardmerinfo\/#organization","name":"Gerardmer Info","url":"https:\/\/vosgesinfo.fr\/gerardmerinfo\/","logo":{"@type":"ImageObject","inLanguage":"fr-FR","@id":"https:\/\/vosgesinfo.fr\/gerardmerinfo\/#\/schema\/logo\/image\/","url":"https:\/\/vosgesinfo.fr\/app\/uploads\/sites\/6\/2023\/08\/favicon-gerardmerinfo.png","contentUrl":"https:\/\/vosgesinfo.fr\/app\/uploads\/sites\/6\/2023\/08\/favicon-gerardmerinfo.png","width":512,"height":512,"caption":"Gerardmer Info"},"image":{"@id":"https:\/\/vosgesinfo.fr\/gerardmerinfo\/#\/schema\/logo\/image\/"},"sameAs":["https:\/\/www.facebook.com\/profile.php?id=100049475262660","https:\/\/x.com\/VosgesInfo88","https:\/\/www.youtube.com\/@vosgesinfo"]},{"@type":"Person","@id":"https:\/\/vosgesinfo.fr\/gerardmerinfo\/#\/schema\/person\/27a3695b06db98895b354c0765cdfc31","name":"La redaction","image":{"@type":"ImageObject","inLanguage":"fr-FR","@id":"https:\/\/vosgesinfo.fr\/gerardmerinfo\/#\/schema\/person\/image\/","url":"https:\/\/secure.gravatar.com\/avatar\/64c76a78e501cedee55736f43f332df901e1896ae9cd8fad269ae2236dd0e8b6?s=96&d=mm&r=g","contentUrl":"https:\/\/secure.gravatar.com\/avatar\/64c76a78e501cedee55736f43f332df901e1896ae9cd8fad269ae2236dd0e8b6?s=96&d=mm&r=g","caption":"La redaction"},"url":"https:\/\/vosgesinfo.fr\/gerardmerinfo\/author\/la-redaction\/"}]}},"_links":{"self":[{"href":"https:\/\/vosgesinfo.fr\/gerardmerinfo\/wp-json\/wp\/v2\/posts\/69040","targetHints":{"allow":["GET"]}}],"collection":[{"href":"https:\/\/vosgesinfo.fr\/gerardmerinfo\/wp-json\/wp\/v2\/posts"}],"about":[{"href":"https:\/\/vosgesinfo.fr\/gerardmerinfo\/wp-json\/wp\/v2\/types\/post"}],"author":[{"embeddable":true,"href":"https:\/\/vosgesinfo.fr\/gerardmerinfo\/wp-json\/wp\/v2\/users\/391"}],"replies":[{"embeddable":true,"href":"https:\/\/vosgesinfo.fr\/gerardmerinfo\/wp-json\/wp\/v2\/comments?post=69040"}],"version-history":[{"count":0,"href":"https:\/\/vosgesinfo.fr\/gerardmerinfo\/wp-json\/wp\/v2\/posts\/69040\/revisions"}],"wp:featuredmedia":[{"embeddable":true,"href":"https:\/\/vosgesinfo.fr\/gerardmerinfo\/wp-json\/wp\/v2\/media\/69041"}],"wp:attachment":[{"href":"https:\/\/vosgesinfo.fr\/gerardmerinfo\/wp-json\/wp\/v2\/media?parent=69040"}],"wp:term":[{"taxonomy":"category","embeddable":true,"href":"https:\/\/vosgesinfo.fr\/gerardmerinfo\/wp-json\/wp\/v2\/categories?post=69040"},{"taxonomy":"post_tag","embeddable":true,"href":"https:\/\/vosgesinfo.fr\/gerardmerinfo\/wp-json\/wp\/v2\/tags?post=69040"}],"curies":[{"name":"wp","href":"https:\/\/api.w.org\/{rel}","templated":true}]}}